{"id":30316,"date":"2017-05-10T11:49:05","date_gmt":"2017-05-10T14:49:05","guid":{"rendered":"http:\/\/www.inclusive.org.br\/?p=30316"},"modified":"2017-05-10T11:49:05","modified_gmt":"2017-05-10T14:49:05","slug":"cursos-do-portal-da-deficiencia-visual-segundo-semestre-de-2017","status":"publish","type":"post","link":"https:\/\/inclusivenews.com.br\/?p=30316","title":{"rendered":"Cursos do Portal da Defici\u00eancia Visual &#8211; Segundo Semestre de 2017"},"content":{"rendered":"<figure id=\"attachment_13532\" aria-describedby=\"caption-attachment-13532\" style=\"width: 140px\" class=\"wp-caption alignnone\"><img loading=\"lazy\" decoding=\"async\" class=\"size-full wp-image-13532\" src=\"http:\/\/inclusivenews.com.br\/wp-content\/uploads\/2010\/01\/logo-cego-1.jpg\" alt=\"Simbolo mostrando boneco com bengala\" width=\"140\" height=\"140\" \/><figcaption id=\"caption-attachment-13532\" class=\"wp-caption-text\">Simbolo mostrando boneco com bengala<\/figcaption><\/figure>\n<p>O Portal da Defici\u00eancia Visual apresenta o cronograma dos cursos do segundo semestre de 2017, confira e repasse para que outras pessoas tamb\u00e9m possam participar!<\/p>\n<p>Neste semestre estamos com uma grade de programa\u00e7\u00e3o muito extensa, e por isso os cursos foram divididos em categorias.<br \/>\nTodos eles possuem acompanhamento dos professores 7 Dias por semana e utilizam material did\u00e1tico acess\u00edvel para pessoas cegas ou com baixa vis\u00e3o, al\u00e9m de possu\u00edrem certificado de conclus\u00e3o v\u00e1lido e dentro das exig\u00eancias da LDB.<br \/>\nO principal diferencial de nossos cursos \u00e9 que eles s\u00e3o totalmente desenvolvidos e ministrados por professores cegos ou com baixa vis\u00e3o, e que por isso, ensinam aquilo que vivenciam na pr\u00e1tica!<\/p>\n<p>SUM\u00c1RIO DOS CURSOS POR CATEGORIAS:<\/p>\n<p>1. Cursos de qualifica\u00e7\u00e3o profissional via ambiente virtual de aprendizagem.<br \/>\n2. Cursos preparat\u00f3rios para concursos p\u00fablicos, exames supletivos e vestibulares.<br \/>\n3. Novas turmas dos cursos de idiomas intensivos para o segundo semestre.<br \/>\n4. Cursos de inicia\u00e7\u00e3o \u00e0 inform\u00e1tica e ao sistema Braille via WhatsApp para deficientes visuais.<br \/>\n5. Cursos de inform\u00e1tica avan\u00e7ada com in\u00edcio em primeiro de junho.<br \/>\n6. Cursos profissionalizantes na \u00e1rea das terapias alternativas.<br \/>\n7. Novas turmas dos cursos de vida independente!<br \/>\n8. Cursos de inform\u00e1tica avan\u00e7ada com in\u00edcio em primeiro de julho.<br \/>\n9. Programa de descontos.<br \/>\n10. Ficha de pr\u00e9-inscri\u00e7\u00e3o.<\/p>\n<p>Para maiores informa\u00e7\u00f5es sobre cada curso, acesse o site\u00a0<a class=\"m_4935149737074431171moz-txt-link-abbreviated\" href=\"http:\/\/www.deficienciavisual.com.br\/\" target=\"_blank\" data-saferedirecturl=\"https:\/\/www.google.com\/url?hl=pt-BR&amp;q=http:\/\/www.deficienciavisual.com.br&amp;source=gmail&amp;ust=1494513520382000&amp;usg=AFQjCNFtg4zNkDEKmPVFDm04l8VutZ7nPw\" rel=\"noopener\">www.deficienciavisual.com.br<\/a>, onde est\u00e3o dispon\u00edveis o conte\u00fado program\u00e1tico e um v\u00eddeo explicativo sobre cada um deles.<br \/>\nEm caso de d\u00favida, escreva um e-mail para o endere\u00e7o\u00a0<a class=\"m_4935149737074431171moz-txt-link-abbreviated\" href=\"mailto:contato@deficienciavisual.com.br\" target=\"_blank\" rel=\"noopener\">contato@deficienciavisual.com.<wbr \/>br<\/a><\/p>\n<p>Observa\u00e7\u00e3o: tamb\u00e9m oferecemos atendimentos de psicoterapia online!<\/p>\n<p>CURSOS COM IN\u00cdCIO EM PRIMEIRO DE JUNHO DE 2017:<\/p>\n<p>1. Cursos de qualifica\u00e7\u00e3o profissional via ambiente virtual de aprendizagem.<\/p>\n<p>Curso de forma\u00e7\u00e3o em audiodescri\u00e7\u00e3o com 60 horas: Este curso \u00e9 destinado tanto \u00e0s pessoas que enxergam para trabalhar como audiodescritores, quanto tamb\u00e9m para as pessoas com defici\u00eancia visual que queiram trabalhar como consultores em audiodescri\u00e7\u00e3o.<\/p>\n<p>Curso de Atendimento Educacional Especializado em Defici\u00eancia Visual com 120 horas: Destina-se aos profissionais da educa\u00e7\u00e3o e familiares de pessoas com defici\u00eancia visual.<\/p>\n<p>Curso de Revisor Braille com 120 horas: Destinado \u00e0s pessoas que queiram fazer concursos p\u00fablicos para o cargo de revisor de textos em Braille ou para aqueles que trabalham na \u00e1rea.<\/p>\n<p>Curso T\u00e9cnicas de Leitura e Escrita no Sistema Braille com 80 horas: Curso via ambiente virtual de aprendizagem com envio de parte do material pelos correios.<\/p>\n<p>Curso Programas de Inform\u00e1tica na \u00c1rea da Defici\u00eancia Visual com 40 horas: Destinado \u00e0 forma\u00e7\u00e3o de professores, instrutores e familiares de deficientes visuais, al\u00e9m das pr\u00f3prias pessoas cegas ou com baixa vis\u00e3o.<\/p>\n<p>Curso Inclus\u00e3o e Reabilita\u00e7\u00e3o de Pessoas com Surdocegueira com 40 horas: Destinado aos profissionais da \u00e1rea da educa\u00e7\u00e3o, da sa\u00fade, ou familiares de pessoas que possuam defici\u00eancia visual associada a qualquer n\u00edvel de perda auditiva.<\/p>\n<p>2. Cursos preparat\u00f3rios para concursos p\u00fablicos, exames supletivos e vestibulares.<\/p>\n<p>Depois do sucesso de 80 por cento de aprova\u00e7\u00e3o dos alunos do nosso cursinho preparat\u00f3rio para o concurso do INSS que ser\u00e3o nomeados ainda em 2017, o Portal recebeu in\u00fameros pedidos para abrir novas turmas de cursinhos preparat\u00f3rios para concursos p\u00fablicos, vestibulares e para os prov\u00f5es do ensino supletivo para aquisi\u00e7\u00e3o do certificado de conclus\u00e3o do ensino m\u00e9dio, que permite a realiza\u00e7\u00e3o de concursos p\u00fablicos. Por isso, estaremos abrindo novos cursos preparat\u00f3rios, divididos por m\u00f3dulos que o aluno poder\u00e1 cursar separadamente \u00e0 sua escolha, aumentando assim as suas chances de concluir o ensino m\u00e9dio fazendo apenas uma \u00fanica prova, e tamb\u00e9m ser aprovado num concurso p\u00fablico que lhe trar\u00e1 sua independ\u00eancia financeira pelo resto da vida!<br \/>\nConsulte os detalhes de cada m\u00f3dulo na p\u00e1gina do Portal da Defici\u00eancia Visual.<\/p>\n<p>3. Novas turmas dos cursos de idiomas intensivos para o segundo semestre.<\/p>\n<p>Come\u00e7am no dia primeiro de junho as novas turmas dos cursos intensivos de ingl\u00eas b\u00e1sico e intermedi\u00e1rio, espanhol b\u00e1sico e alem\u00e3o do b\u00e1sico ao avan\u00e7ado. Nossos cursos s\u00e3o desenvolvidos com metodologia espec\u00edfica e material adaptado para que as pessoas com defici\u00eancia visual possam aprender idiomas de maneira eficaz e sem sair de casa. Os professores ficam dispon\u00edveis 7 dias por semana e o aluno pode escolher fazer as aulas particulares ou em grupo, conforme sua prefer\u00eancia.<br \/>\nValor da mensalidade com aulas em grupo: R$ 200,00<br \/>\nValor da mensalidade das aulas particulares: R$ 240,00<br \/>\nObserva\u00e7\u00e3o: Desconto de 25 por cento para pagamento a vista no dep\u00f3sito do semestre completo, ou 20 por cento para pagamento do semestre parcelado em at\u00e9 12x no cart\u00e3o de cr\u00e9dito!<\/p>\n<p>4. Cursos de inicia\u00e7\u00e3o \u00e0 inform\u00e1tica e ao sistema Braille via WhatsApp para deficientes visuais.<\/p>\n<p>Considerando o grande n\u00famero de deficientes visuais que utiliza os grupos de WhatsApp em busca de aux\u00edlios e informa\u00e7\u00f5es para sua inclus\u00e3o social pois ainda n\u00e3o conseguem utilizar o computador, enfrentando\u00a0 assim grandes dificuldades para estudar, se profissionalizar e trabalhar, desenvolvemos uma metodologia espec\u00edfica para trazer estas pessoas que utilizam pelo menos o WhatsApp, para que possam ser alfabetizadas em Braille, aprender a digita\u00e7\u00e3o e assim serem introduzidas na inform\u00e1tica por meio do sistema Dosvox, por onde ser\u00e1 poss\u00edvel estudar e fazer provas de concursos p\u00fablicos.<\/p>\n<p>Curso de inicia\u00e7\u00e3o ao sistema Braille para deficientes visuais<\/p>\n<p>Este curso \u00e9 destinado aos deficientes visuais que ainda n\u00e3o possuem acesso ao computador, e ser\u00e1 conduzido via WhatsApp durante 4 meses, 7 dias por semana, com material did\u00e1tico enviado pelos correios.<br \/>\nPr\u00e9-requisito: Apenas ter acesso ao WhatsApp e comprar uma reglete no in\u00edcio do curso com aux\u00edlio do professor.<br \/>\nValor da mensalidade: R$ 150,00<\/p>\n<p>Curso de digita\u00e7\u00e3o<\/p>\n<p>Este \u00e9 o primeiro curso que uma pessoa com defici\u00eancia visual precisa fazer para iniciar no mundo da inform\u00e1tica. Para participar deste curso, \u00e9 necess\u00e1rio que o aluno possua um computador com acesso \u00e0 internet e consiga utilizar um celular com o aplicativo WhatsApp.<br \/>\nDura\u00e7\u00e3o do curso: 4 meses<\/p>\n<p>Curso de Dosvox para iniciantes:<\/p>\n<p>O Sistema Dosvox \u00e9 a melhor op\u00e7\u00e3o para uma pessoa cega ou com baixa vis\u00e3o iniciar no mundo da inform\u00e1tica.<br \/>\nPara participar deste curso o aluno precisa ter no\u00e7\u00f5es b\u00e1sicas de digita\u00e7\u00e3o e ser capaz de utilizar um celular com o aplicativo WhatsApp.<br \/>\nDura\u00e7\u00e3o do curso: 4 meses<br \/>\nValor da mensalidade: R$ 150,00<\/p>\n<p>5. Cursos de inform\u00e1tica avan\u00e7ada com in\u00edcio em primeiro de junho<\/p>\n<p>Curso de Linux, do b\u00e1sico ao avan\u00e7ado<\/p>\n<p>O Linux \u00e9 um sistema operacional gratuito que est\u00e1 sendo adotado em substitui\u00e7\u00e3o ao Windows em todas as institui\u00e7\u00f5es p\u00fablicas e privadas, tais como escolas, bancos e institui\u00e7\u00f5es governamentais, e daqui para frente estar\u00e1 sendo cobrado at\u00e9 em provas de concursos p\u00fablicos, pois a tend\u00eancia \u00e9 que em pouco tempo todas as institui\u00e7\u00f5es migrem para o Linux com o objetivo de reduzir custos.<br \/>\nDura\u00e7\u00e3o do curso: 4 meses<br \/>\nMensalidade: R$ 150,00<\/p>\n<p>Curso L\u00f3gica de Programa\u00e7\u00e3o com 120 horas<\/p>\n<p>Curso com dura\u00e7\u00e3o de 6 meses, onde voc\u00ea ir\u00e1 aprender os alicerces e a l\u00f3gica da estrutura\u00e7\u00e3o necess\u00e1ria para o desenvolvimento de programas de computador. Ao final deste curso voc\u00ea ser\u00e1 capaz de desenvolver diversos tipos de programas para o sistema Dosvox.<br \/>\nPr\u00e9-requisito: Dom\u00ednio de digita\u00e7\u00e3o e Dosvox b\u00e1sico.<br \/>\nValor da mensalidade: R$ 150,00<\/p>\n<p>Curso de linguagem de programa\u00e7\u00e3o Pascal com 120 horas<\/p>\n<p>Neste curso voc\u00ea aprender\u00e1 a desenvolver diversos tipos de programas para o sistema Dosvox, tais como jogos, utilit\u00e1rios e programas para internet.<br \/>\nPr\u00e9-requisito: Dom\u00ednio de Dosvox avan\u00e7ado.<br \/>\nDura\u00e7\u00e3o do curso: 6 meses<br \/>\nValor da Mensalidade: R$ 150,00<\/p>\n<p>Cursos com in\u00edcio em primeiro de julho:<\/p>\n<p>6. Cursos profissionalizantes na \u00e1rea das terapias alternativas<\/p>\n<p>Cursos de Reiki n\u00edveis 1, 2 ou 3.<\/p>\n<p>O Reiki \u00e9 uma terapia alternativa que trabalha com o equil\u00edbrio dos pontos energ\u00e9ticos do paciente como forma de auxiliar no tratamento e na recupera\u00e7\u00e3o de diversas enfermidades de origem f\u00edsica e emocional, e foi adicionada recentemente na tabela de atendimentos do sistema \u00fanico de sa\u00fade, SUS. Desta forma, o terapeuta de Reiki agora pode atender tanto particular quanto em institui\u00e7\u00f5es conveniadas com o sistema \u00fanico de sa\u00fade, SUS. O curso \u00e9 dividido em 3 n\u00edveis, e a partir de junho de 2017, o Portal da Defici\u00eancia Visual passa a oferecer os 3 n\u00edveis do curso de Reiki com aulas via internet e material did\u00e1tico acess\u00edvel em alto relevo enviado pelos correios. Cada n\u00edvel do curso de Reiki tem dura\u00e7\u00e3o de 30 dias, e a partir da conclus\u00e3o do primeiro n\u00edvel j\u00e1 \u00e9 poss\u00edvel trabalhar como terapeuta de Reiki de forma profissional. O curso de forma\u00e7\u00e3o em Reiki \u00e9 indicado para pessoas que atuem ou queiram atuar na \u00e1rea das terapias alternativas.<br \/>\nValores de cada m\u00f3dulo do curso:<br \/>\nN\u00edvel 1: R$ 150,00<br \/>\nN\u00edvel 2: R$ 250,00<br \/>\nN\u00edvel 3: R$ 350,00<\/p>\n<p>7. Novas turmas dos cursos de vida independente!<\/p>\n<p>Voc\u00ea quer aprender a cuidar da sua casa e andar sozinho com autonomia? Ou voc\u00ea \u00e9 professor ou familiar de um deficiente visual? As novas turmas dos cursos de Atividades de Vida Aut\u00f4noma e Orienta\u00e7\u00e3o e Mobilidade come\u00e7am dia primeiro de julho e t\u00eam 4 meses de dura\u00e7\u00e3o. Para participar basta que o aluno tenha acesso ao WhatsApp.<br \/>\nGarantia de resultados: Se ap\u00f3s ter realizado todas as atividades propostas, o deficiente visual n\u00e3o conquistar sua autonomia ao final do curso, recebe todo o dinheiro de volta!<br \/>\nSabe como isto \u00e9 poss\u00edvel? A resposta \u00e9 muito simples! Diferentemente das institui\u00e7\u00f5es presenciais, aqui voc\u00ea traz a sua fam\u00edlia para fazer o curso junto com voc\u00ea, transformando-os em aliados da sua reabilita\u00e7\u00e3o!<br \/>\nPor fim, responda a seguinte pergunta: Quanto voc\u00ea acha que custa a sua independ\u00eancia? O valor da inscri\u00e7\u00e3o neste curso \u00e9 de R$ 600,00, pagos uma \u00fanica vez, mas que os resultados ir\u00e3o mudar a sua vida para sempre! Para formas de parcelamento, consulte o nosso site, e aproveite para assistir aos v\u00eddeos e conferir os depoimentos dos nossos ex alunos!<\/p>\n<p>8. Cursos de inform\u00e1tica avan\u00e7ada com in\u00edcio em primeiro de julho.<\/p>\n<p>Curso de Microsoft PowerPoint 2016.<\/p>\n<p>Neste curso o aluno com defici\u00eancia visual aprender\u00e1 a construir apresenta\u00e7\u00f5es de slides para aulas e palestras com total autonomia utilizando o Microsoft PowerPoint 2016.<br \/>\nCarga hor\u00e1ria: 20 horas<br \/>\nDura\u00e7\u00e3o do curso: 30 dias<br \/>\nValor: R$ 250,00<\/p>\n<p>Curso de Edi\u00e7\u00e3o de \u00c1udio Profissional<\/p>\n<p>Este curso \u00e9 destinado \u00e0s pessoas interessadas em trabalhar profissionalmente com produ\u00e7\u00e3o de m\u00fasicas e propagandas utilizando o programa Sound Forge, e tem carga hor\u00e1ria de 40 horas com certificado emitido pelo Instituto Internacional da Defici\u00eancia Visual.<br \/>\nDura\u00e7\u00e3o do curso: 2 meses<br \/>\nValor da mensalidade: R$ 150,00<\/p>\n<p>Curso de gerenciamento e automatiza\u00e7\u00e3o de R\u00e1dios e Web R\u00e1dios<\/p>\n<p>Destina-se aos interessados em trabalhar com automatiza\u00e7\u00e3o e gerenciamento de r\u00e1dios e web r\u00e1dios.<br \/>\nDura\u00e7\u00e3o do curso: 2 meses<br \/>\nValor da mensalidade: R$ 150,00<\/p>\n<p>Curso de desenvolvimento de p\u00e1ginas web Profissionais<\/p>\n<p>Neste curso voc\u00ea aprender\u00e1 a construir p\u00e1ginas web profissionais utilizando a plataforma de gerenciamento de conte\u00fados Drupal, que permite a utiliza\u00e7\u00e3o de v\u00eddeos, formul\u00e1rios, captchas acess\u00edveis e a integra\u00e7\u00e3o com sistemas de pagamento e com\u00e9rcio eletr\u00f4nico.<br \/>\nCarga hor\u00e1ria: 40 horas<br \/>\nDura\u00e7\u00e3o do curso: 2 meses<br \/>\nValor da mensalidade: R$ 200,00<\/p>\n<p>Curso de gerenciamento de servidores<\/p>\n<p>Neste curso ser\u00e1 ensinado como administrar servidores de hospedagem de servi\u00e7os de internet, incluindo a instala\u00e7\u00e3o, configura\u00e7\u00e3o, monitoramento e recursos de seguran\u00e7a, p\u00e1ginas, web, web r\u00e1dios, dentre outros.<br \/>\nDestina-se \u00e0s pessoas que queiram trabalhar com revenda de hospedagem e para quem j\u00e1 possui um servidor e precisa aprender a administrar todos os recursos com autonomia.<br \/>\nCarga hor\u00e1ria: 40 horas<br \/>\nDura\u00e7\u00e3o do curso: 2 meses<br \/>\nValor da mensalidade: R$ 250,00<\/p>\n<p>9. Programa de descontos<\/p>\n<p>9.1. Desconto para pagamento do curso ou do semestre completo: Todos os cursos que possuem mensalidade podem ser pagos com desconto de 25 por cento no dep\u00f3sito banc\u00e1rio \u00e0 vista ou 15 por cento de desconto no cart\u00e3o de cr\u00e9dito, parcelado em at\u00e9 12x, em cima do valor total do curso ou de um semestre completo.<\/p>\n<p>9.2. Desconto por indica\u00e7\u00e3o de amigos: Se voc\u00ea indicar um amigo para fazer o curso junto com voc\u00ea, todos dois ganham um desconto de 10 por cento por cada pessoa indicada, enquanto ambos estiverem no curso. Esta promo\u00e7\u00e3o \u00e9 cumulativa, o que significa que se voc\u00ea completar 10 indica\u00e7\u00f5es com matr\u00edculas ativas, o seu curso fica totalmente de gra\u00e7a!<\/p>\n<p>Caso voc\u00ea queira fazer sua pr\u00e9-inscri\u00e7\u00e3o gratuitamente em algum dos cursos do segundo semestre, basta preencher a ficha abaixo e aguardar a confirma\u00e7\u00e3o da turma para efetuar o pagamento da inscri\u00e7\u00e3o.<\/p>\n<p>10. Ficha de pr\u00e9-inscri\u00e7\u00e3o<\/p>\n<p>Aten\u00e7\u00e3o: Ao preencher este formul\u00e1rio e remet\u00ea-lo ao e-mail\u00a0<a class=\"m_4935149737074431171moz-txt-link-abbreviated\" href=\"mailto:contato@deficienciavisual.com.br\" target=\"_blank\" rel=\"noopener\">contato@deficienciavisual.com.<wbr \/>br<\/a> voc\u00ea afirma que leu e concorda com todos os termos do contrato que se encontra logo abaixo deste formul\u00e1rio.<\/p>\n<p>Parte 1: Dados pessoais<\/p>\n<p>Nome completo:<br \/>\nData de nascimento:<br \/>\nSexo:<br \/>\n( ) feminino<br \/>\n( ) masculino<br \/>\nCPF:<br \/>\nRG:<br \/>\nCondi\u00e7\u00e3o visual<br \/>\n( ) cego<br \/>\n( ) Baixa vis\u00e3o<br \/>\n( ) Vidente<br \/>\nCaso possua outra defici\u00eancia, especifique:<br \/>\nGrau de instru\u00e7\u00e3o:<br \/>\n\u00c1rea de forma\u00e7\u00e3o:<br \/>\nLocal de trabalho:<br \/>\n\u00c1rea de atua\u00e7\u00e3o:<\/p>\n<p>Parte 2: Dados para contato e envio do certificado<\/p>\n<p>Endere\u00e7o residencial:<br \/>\nBairro:<br \/>\nCidade:<br \/>\nEstado:<br \/>\nCEP:<br \/>\nE-mail principal:<br \/>\nE-mail secund\u00e1rio:<br \/>\nTelefone fixo:<br \/>\nTelefone para recados:<br \/>\nCelular Claro:<br \/>\nCelular Oi:<br \/>\nCelular TIM:<br \/>\nCelular vivo:<br \/>\nWhatsApp:<br \/>\nSkype:<br \/>\nLink do perfil do Facebook<br \/>\nEndere\u00e7o do trabalho completo, incluindo CEP:<br \/>\nTelefone do trabalho:<br \/>\nE-mail do trabalho:<br \/>\nIndique uma pessoa de refer\u00eancia para entrarmos em contato caso n\u00e3o estejamos conseguindo falar contigo, informando nome, telefone, email e grau de rela\u00e7\u00e3o:<\/p>\n<p>Parte 3: Detalhes do curso escolhido<\/p>\n<p>Em qual ou quais cursos voc\u00ea tem interesse de participar?<\/p>\n<p>Voc\u00ea j\u00e1 possui algum curso ou conhecimento pr\u00e9vio nesta \u00e1rea? Se sim, especifique:<\/p>\n<p>Qual a modalidade de curso desejada?<br \/>\n( ) Curso completo, em grupo, conforme os respectivos pre\u00e7os e datas anunciadas<br \/>\n( ) Aulas particulares, no valor de R$ 70,00 por hora de aula, com in\u00edcio imediato<\/p>\n<p>Qual a forma de acesso ao material did\u00e1tico fica melhor para voc\u00ea?<br \/>\n( ) Atrav\u00e9s do Ambiente Virtual de Aprendizagem<br \/>\n( ) Receber por e-mail com acompanhamento por whatsapp<\/p>\n<p>Qual a forma de pagamento escolhida por voc\u00ea?<br \/>\n( ) Boleto banc\u00e1rio no pre\u00e7o integral<br \/>\n( ) Parcelado em 12x no cart\u00e3o de cr\u00e9dito com juros da operadora<br \/>\n( ) Dep\u00f3sito ou transfer\u00eancia banc\u00e1ria com desconto para pagamento \u00e0 vista<\/p>\n<p>No caso de parcelamento do pagamento no dep\u00f3sito, qual a melhor data do vencimento das presta\u00e7\u00f5es ou mensalidades para voc\u00ea?<\/p>\n<p>Como voc\u00ea ficou sabendo deste curso?<\/p>\n<p>Caso voc\u00ea tenha se inscrito neste curso por indica\u00e7\u00e3o de algu\u00e9m, informe o nome completo da pessoa que te indicou para que voc\u00eas dois tenham desconto de 10 por cento a cada indica\u00e7\u00e3o:<\/p>\n<p>Existe algum curso pelo qual voc\u00ea tenha interesse, e que ainda n\u00e3o est\u00e1 dispon\u00edvel em nosso site?<\/p>\n<p>Parte 4: Espec\u00edfica para cursos de idiomas<\/p>\n<p>Obs.: responda estas perguntas somente em caso de estar se inscrevendo para algum curso de idioma.<\/p>\n<p>Para qual ou quais cursos de idiomas voc\u00ea deseja se inscrever?<\/p>\n<p>Para fins de montagem de turmas por afinidade, diga-nos qual o seu principal objetivo ao inscrever-se neste curso: O que voc\u00ea precisa exatamente com ele?<\/p>\n<p>Voc\u00ea j\u00e1 viajou para outros pa\u00edses? Quais?<\/p>\n<p>J\u00e1 estudou em alguma escola de idiomas? Caso afirmativo, especifique<\/p>\n<p>Qual foi o tempo de estudo de cada idioma, e at\u00e9 qual n\u00edvel voc\u00ea chegou?<\/p>\n<p>Qual o seu n\u00edvel de conhecimento no idioma escolhido, nos seguintes aspectos:<\/p>\n<p>Observa\u00e7\u00e3o: Como se trata de uma avalia\u00e7\u00e3o diagn\u00f3stica, marque todas as op\u00e7\u00f5es que se enquadrarem ao seu caso. Pode-se marcar mais de uma resposta por quest\u00e3o, se for preciso.<\/p>\n<p>Flu\u00eancia oral:<br \/>\n( ) Sei apenas algumas palavras e frases<br \/>\n( ) Consigo me comunicar minimamente com estrangeiros de l\u00edngua nativa<br \/>\n( ) Possuo um di\u00e1logo fluente, mas gostaria de me aperfei\u00e7oar<\/p>\n<p>Compreens\u00e3o auditiva:<br \/>\n( ) Ainda n\u00e3o compreendo<br \/>\n( ) Entendo a letra das m\u00fasicas<br \/>\n( ) Consigo compreender di\u00e1logos completos nos filmes<br \/>\n( ) Consigo conversar com pessoas de l\u00edngua nativa com dificuldade<br \/>\n( ) Consigo desenvolver longos di\u00e1logos com pessoas de l\u00edngua nativa<\/p>\n<p>Interpreta\u00e7\u00e3o de textos:<br \/>\n( ) Sei apenas o significado de algumas palavras<br \/>\n( ) Compreendo apenas textos t\u00e9cnicos<br \/>\n( ) Consigo ler um livro completo na l\u00edngua estrangeira<\/p>\n<p>Produ\u00e7\u00e3o escrita:<br \/>\n( ) Sei escrever apenas algumas palavras e frases<br \/>\n( ) consigo teclar com uma pessoa de l\u00edngua nativa<br \/>\n( ) Consigo produzir textos liter\u00e1rios<\/p>\n<p>Agora, produza um texto de 20 a 30 linhas no idioma escolhido.<\/p>\n<p>Tendo como base as informa\u00e7\u00f5es prestadas por voc\u00ea acima, marque com um x o subn\u00edvel que voc\u00ea acha que seria a melhor turma para estudar.<\/p>\n<p>N\u00edvel b\u00e1sico, com explica\u00e7\u00f5es em portugu\u00eas:<br \/>\n( ) N\u00edvel A1: Conhecimentos elementares para iniciantes<br \/>\n( ) N\u00edvel A2: Para vistos de moradia ou casamento<br \/>\nN\u00edvel Intermedi\u00e1rio, com aulas e di\u00e1logos totalmente no idioma estudado<br \/>\n( ) N\u00edvel B1: Para fazer cursos regulares em outros pa\u00edses<br \/>\n( ) N\u00edvel B2: Linguagem requerida para obter visto de trabalho<br \/>\nN\u00edvel avan\u00e7ado, com professor de l\u00edngua nativa<br \/>\n( ) N\u00edvel C1: Necess\u00e1rio para obter visto de estudante de n\u00edvel superior<br \/>\n( ) N\u00edvel C2: L\u00edngua nativa<\/p>\n<p>Contrato de Presta\u00e7\u00e3o de Servi\u00e7os<\/p>\n<p>Cap\u00edtulo I: Defini\u00e7\u00f5es<\/p>\n<p>1.1. Este contrato estabelece as cl\u00e1usulas de presta\u00e7\u00e3o de servi\u00e7os entre os clientes pessoa f\u00edsica ou jur\u00eddica, e o Instituto Internacional da Defici\u00eancia Visual, que figura na internet sob o nome fantasia de Portal da Defici\u00eancia Visual, uma empresa privada registrada sob o CNPJ 18.738.547\/0001-54, e sob o NIRE 43-8-0273225-4.<\/p>\n<p>1.2. Ao preencher esta ficha de inscri\u00e7\u00e3o, e remet\u00ea-la \u00e0 equipe do Portal da Defici\u00eancia Visual, voc\u00ea afirma que leu e concorda com todos os termos deste contrato.<\/p>\n<p>1.3. Para dirimir quaisquer diverg\u00eancias, fica definido como foro jur\u00eddico o endere\u00e7o da sede comercial da empresa, situada na cidade de Bento Gon\u00e7alves, RS, Brasil, Av J\u00falio de Castilhos 471 Sl 304, Centro, CEP 95700-070, Tel. (54) 3052-0885.<\/p>\n<p>Cap\u00edtulo II: Condi\u00e7\u00f5es Gerais<\/p>\n<p>2.1. Para contratar qualquer um dos servi\u00e7os do Portal da Defici\u00eancia Visual,<br \/>\no interessado deve preencher a ficha de pr\u00e9-inscri\u00e7\u00e3o anexa a este contrato, e tamb\u00e9m no menu principal do site<a class=\"m_4935149737074431171moz-txt-link-freetext\" href=\"http:\/\/www.deficienciavisual.com.br\/\" target=\"_blank\" data-saferedirecturl=\"https:\/\/www.google.com\/url?hl=pt-BR&amp;q=HTTP:\/\/www.deficienciavisual.com.br&amp;source=gmail&amp;ust=1494513520382000&amp;usg=AFQjCNFJ19deKa1rSY74sS3OtREpk1SiAw\" rel=\"noopener\">HTTP:\/\/www.deficienciavisual.<wbr \/>com.br<\/a> Ou cadastrar-se no Ambiente Virtual de Aprendizagem acessando o link<a class=\"m_4935149737074431171moz-txt-link-abbreviated\" href=\"http:\/\/www.deficienciavisual.com.br\/ead\/\" target=\"_blank\" data-saferedirecturl=\"https:\/\/www.google.com\/url?hl=pt-BR&amp;q=http:\/\/www.deficienciavisual.com.br\/ead\/&amp;source=gmail&amp;ust=1494513520382000&amp;usg=AFQjCNG0KWFjO4V_SBE_ct5dtUcOPOREaA\" rel=\"noopener\">www.deficienciavisual.com.br\/<wbr \/>ead\/<\/a> e efetuar o pagamento do servi\u00e7o atrav\u00e9s da pr\u00f3pria p\u00e1gina, via paypal ou pagseguro, ou acessando a se\u00e7\u00e3o de pagamentos no site do Portal da Defici\u00eancia Visual.<\/p>\n<p>2.2. \u00c9 de inteira responsabilidade do cliente o correto preenchimento do formul\u00e1rio de pagamento atrav\u00e9s dos intermediadores de pagamento utilizados pelo Portal da Defici\u00eancia Visual, tais como Paypal e Pagseguro.<\/p>\n<p>2.3. Em caso de d\u00favida no preenchimento, o cliente dever\u00e1 entrar em contato pelo e-mail ou pelo fale conosco do Portal da Defici\u00eancia Visual antes de efetivar a transa\u00e7\u00e3o, a fim de evitar problemas decorrentes do preenchimento incorreto.<\/p>\n<p>Cap\u00edtulo III: Sobre os cursos atrav\u00e9s do Ambiente Virtual de Aprendizagem:<\/p>\n<p>3.1. Cada m\u00f3dulo do curso equivale a 4 horas aula, e consistir\u00e1 de aulas gravadas, conte\u00fados em texto para serem estudados, um f\u00f3rum de discuss\u00e3o para realizar perguntas ao professor, uma proposta de atividade escrita e uma avalia\u00e7\u00e3o na forma de question\u00e1rio de m\u00faltipla escolha.<\/p>\n<p>3.2. O aluno passa para o pr\u00f3ximo m\u00f3dulo do curso se obtiver a nota 8 no m\u00f3dulo anterior, e tiver realizado todas as tarefas propostas.<\/p>\n<p>3.3. O aluno que, por qualquer motivo tiver dificuldades para acessar o material atrav\u00e9s do ambiente virtual de aprendizagem, pode solicitar o recebimento dos mesmos por e-mail, por onde dever\u00e1 igualmente devolver as atividades realizadas.<\/p>\n<p>Cap\u00edtulo IV: Do acompanhamento via Whatsapp:<\/p>\n<p>4.1. Cada curso possui um grupo espec\u00edfico no WhatsApp, por onde os professores fazem o acompanhamento di\u00e1rio dos alunos, durante os 7 dias da semana, tirando d\u00favidas e acompanhando as atividades dos alunos.<\/p>\n<p>4.1. \u00e9 obrigat\u00f3ria a participa\u00e7\u00e3o por voz do aluno no grupo do WhatsApp, desde a sua apresenta\u00e7\u00e3o, em todos os m\u00f3dulos dos cursos que utilizarem este recurso.<\/p>\n<p>4.3. No caso dos cursos de idiomas, os professores tamb\u00e9m realizam atividades di\u00e1rias de conversa\u00e7\u00e3o com os alunos para praticar e aprimorar a pron\u00fancia e a compreens\u00e3o auditiva.<\/p>\n<p>4.4. Os alunos tamb\u00e9m podem utilizar o grupo para trocar informa\u00e7\u00f5es entre si referentes exclusivamente ao tema do curso.<\/p>\n<p>4.5. Dentro de cada grupo \u00e9 permitido unicamente tratar de temas referentes ao curso em andamento.<\/p>\n<p>Cap\u00edtulo V: Sobre as aulas particulares e suporte t\u00e9cnico<\/p>\n<p>5.1. O pagamento pelos servi\u00e7os de aulas particulares ou suporte t\u00e9cnico dever\u00e1 ser\u00a0 feito antecipadamente, conforme a quantidade de aulas que o cliente queira contratar, conforme os valores dispon\u00edveis na p\u00e1gina do Portal da Defici\u00eancia Visual.<\/p>\n<p>5.2. Ap\u00f3s efetuar o pagamento pelo servi\u00e7o contratado, o cliente<br \/>\ndeve enviar o comprovante de pagamento para o e-mail<br \/>\n<a class=\"m_4935149737074431171moz-txt-link-abbreviated\" href=\"mailto:contato@deficienciavisual.com.br\" target=\"_blank\" rel=\"noopener\">contato@deficienciavisual.com.<wbr \/>br<\/a><\/p>\n<p>5.3.\u00a0 Ap\u00f3s a confirma\u00e7\u00e3o do pagamento, o Portal da Defici\u00eancia Visual entrar\u00e1 em contato com o cliente para agendar uma data para a presta\u00e7\u00e3o do<br \/>\nservi\u00e7o contratado.<\/p>\n<p>5.4. Para a realiza\u00e7\u00e3o de aulas particulares de inform\u00e1tica ou suporte t\u00e9cnico, \u00e9 necess\u00e1rio que o cliente possua instalado em seu computador o leitor de telas NVDA com o complemento de acesso remoto.<\/p>\n<p>5.5. Se, ao in\u00edcio da primeira aula particular ou suporte t\u00e9cnico, o cliente n\u00e3o estiver com o NVDA e seu complemento de acesso remoto instalados, a instala\u00e7\u00e3o ser\u00e1 realizada com o apoio do representante do Portal da Defici\u00eancia Visual, durante o decorrer do tempo da presta\u00e7\u00e3o do servi\u00e7o contratado.<\/p>\n<p>5.6. Os atendimentos come\u00e7ar\u00e3o e terminar\u00e3o pontualmente na hora marcada, conforme quantidade de horas contratada.<\/p>\n<p>5.7. Caso, por qualquer motivo, o aluno se atrase para a aula, este tempo de atraso n\u00e3o ser\u00e1 compensado ap\u00f3s o t\u00e9rmino da hora contratada.<\/p>\n<p>5.8. Caso o cliente n\u00e3o possa comparecer ao atendimento contratado, deve<br \/>\ninformar com um m\u00ednimo de 2 horas de anteced\u00eancia, preferencialmente por e-mail. Na ocasi\u00e3o, deve informar novas alternativas de hor\u00e1rios dispon\u00edveis para o novo agendamento, e o Portal ir\u00e1 responder por e-mail confirmando o hor\u00e1rio que tiver disponibilidade.<\/p>\n<p>5.9. Se o cliente n\u00e3o tiver acesso \u00e0 internet, poder\u00e1 telefonar para o representante do Portal respons\u00e1vel por seu atendimento, para fazer a aula ou o suporte t\u00e9cnico via telefone, ou para agendar\u00a0 para outra data.<\/p>\n<p>5.10. Caso o cliente falte ao atendimento sem justificativa, ser\u00e1 considerado como servi\u00e7o prestado, uma vez que o representante ficou \u00e0 sua disposi\u00e7\u00e3o naquela hora, e neste caso, o dinheiro n\u00e3o ser\u00e1 devolvido.<\/p>\n<p>Cap\u00edtulo VI: Das desist\u00eancias e pedidos de devolu\u00e7\u00e3o<\/p>\n<p>6.1. A devolu\u00e7\u00e3o de pagamentos referentes aos servi\u00e7os contratados s\u00f3 ser\u00e1 efetuada se a solicita\u00e7\u00e3o for realizada antes da data prevista para a presta\u00e7\u00e3o do servi\u00e7o.<\/p>\n<p>6.2. No caso previsto no item 6.1,, haver\u00e1 uma multa de 30 por cento, e ser\u00e1 devolvido apenas 70 por cento do valor pago pelo servi\u00e7o, em fun\u00e7\u00e3o das taxas de convers\u00e3o de moeda, impostos incidentes e outros encargos administrativos.<\/p>\n<p>Cap\u00edtulo VII: Da inadimpl\u00eancia:<\/p>\n<p>7.1. Caso por qualquer motivo o Portal n\u00e3o tenha recebido o comprovante de pagamento em at\u00e9 5 dias ap\u00f3s a data acordada, enviar\u00e1 um e-mail informando que existe uma mensalidade em aberto e solicitando que o cliente envie novamente o comprovante de pagamento por e-mail.<\/p>\n<p>7.2. Caso a situa\u00e7\u00e3o n\u00e3o seja regularizada at\u00e9 o d\u00e9cimo dia ap\u00f3s o vencimento, o aluno ser\u00e1 suspenso do curso at\u00e9 a regulariza\u00e7\u00e3o da d\u00edvida.<\/p>\n<p>7.3. Caso depois de 20 dias o d\u00e9bito ainda n\u00e3o tenha sido pago, e n\u00e3o tenha tido nenhum tipo de acordo, ent\u00e3o o Portal da Defici\u00eancia Visual encaminhar\u00e1 o caso para ser resolvido com interm\u00e9dio do SPC e CERASA, podendo o nome da pessoa ser negativado por 5 anos em todas as transa\u00e7\u00f5es financeiras.<\/p>\n","protected":false},"excerpt":{"rendered":"<p>O Portal da Defici\u00eancia Visual apresenta o cronograma dos cursos do segundo semestre de 2017, confira e repasse para que outras pessoas tamb\u00e9m possam participar! Neste semestre estamos com uma grade de programa\u00e7\u00e3o muito extensa, e por isso os cursos foram divididos em categorias. Todos eles possuem acompanhamento dos professores 7 Dias por semana e [&hellip;]<\/p>\n","protected":false},"author":1,"featured_media":0,"comment_status":"open","ping_status":"open","sticky":false,"template":"","format":"standard","meta":{"site-container-style":"default","site-container-layout":"default","site-sidebar-layout":"default","disable-article-header":"default","disable-site-header":"default","disable-site-footer":"default","disable-content-area-spacing":"default","footnotes":""},"categories":[12,38],"tags":[],"class_list":["post-30316","post","type-post","status-publish","format-standard","hentry","category-cursos-e-eventos","category-deficiencia"],"yoast_head":"<!-- This site is optimized with the Yoast SEO plugin v27.4 - https:\/\/yoast.com\/product\/yoast-seo-wordpress\/ -->\n<title>Cursos do Portal da Defici\u00eancia Visual - Segundo Semestre de 2017 -<\/title>\n<meta name=\"robots\" content=\"index, follow, max-snippet:-1, max-image-preview:large, max-video-preview:-1\" \/>\n<link rel=\"canonical\" href=\"https:\/\/inclusivenews.com.br\/?p=30316\" \/>\n<meta property=\"og:locale\" content=\"pt_PT\" \/>\n<meta property=\"og:type\" content=\"article\" \/>\n<meta property=\"og:title\" content=\"Cursos do Portal da Defici\u00eancia Visual - Segundo Semestre de 2017 -\" \/>\n<meta property=\"og:description\" content=\"O Portal da Defici\u00eancia Visual apresenta o cronograma dos cursos do segundo semestre de 2017, confira e repasse para que outras pessoas tamb\u00e9m possam participar! Neste semestre estamos com uma grade de programa\u00e7\u00e3o muito extensa, e por isso os cursos foram divididos em categorias. Todos eles possuem acompanhamento dos professores 7 Dias por semana e [&hellip;]\" \/>\n<meta property=\"og:url\" content=\"https:\/\/inclusivenews.com.br\/?p=30316\" \/>\n<meta property=\"article:publisher\" content=\"https:\/\/www.facebook.com\/agenciainclusive\/\" \/>\n<meta property=\"article:published_time\" content=\"2017-05-10T14:49:05+00:00\" \/>\n<meta property=\"og:image\" content=\"http:\/\/inclusivenews.com.br\/wp-content\/uploads\/2010\/01\/logo-cego-1.jpg\" \/>\n<meta name=\"author\" content=\"inclusivenews2024\" \/>\n<meta name=\"twitter:card\" content=\"summary_large_image\" \/>\n<meta name=\"twitter:label1\" content=\"Escrito por\" \/>\n\t<meta name=\"twitter:data1\" content=\"inclusivenews2024\" \/>\n\t<meta name=\"twitter:label2\" content=\"Tempo estimado de leitura\" \/>\n\t<meta name=\"twitter:data2\" content=\"20 minutos\" \/>\n<script type=\"application\/ld+json\" class=\"yoast-schema-graph\">{\"@context\":\"https:\\\/\\\/schema.org\",\"@graph\":[{\"@type\":\"Article\",\"@id\":\"https:\\\/\\\/inclusivenews.com.br\\\/?p=30316#article\",\"isPartOf\":{\"@id\":\"https:\\\/\\\/inclusivenews.com.br\\\/?p=30316\"},\"author\":{\"name\":\"inclusivenews2024\",\"@id\":\"https:\\\/\\\/inclusivenews.com.br\\\/#\\\/schema\\\/person\\\/ae4ec7087559b8692fb33b6fffd2273b\"},\"headline\":\"Cursos do Portal da Defici\u00eancia Visual &#8211; Segundo Semestre de 2017\",\"datePublished\":\"2017-05-10T14:49:05+00:00\",\"mainEntityOfPage\":{\"@id\":\"https:\\\/\\\/inclusivenews.com.br\\\/?p=30316\"},\"wordCount\":4087,\"commentCount\":1,\"publisher\":{\"@id\":\"https:\\\/\\\/inclusivenews.com.br\\\/#organization\"},\"image\":{\"@id\":\"https:\\\/\\\/inclusivenews.com.br\\\/?p=30316#primaryimage\"},\"thumbnailUrl\":\"http:\\\/\\\/inclusivenews.com.br\\\/wp-content\\\/uploads\\\/2010\\\/01\\\/logo-cego-1.jpg\",\"articleSection\":[\"Cursos e eventos\",\"Defici\u00eancia\"],\"inLanguage\":\"pt-PT\",\"potentialAction\":[{\"@type\":\"CommentAction\",\"name\":\"Comment\",\"target\":[\"https:\\\/\\\/inclusivenews.com.br\\\/?p=30316#respond\"]}]},{\"@type\":\"WebPage\",\"@id\":\"https:\\\/\\\/inclusivenews.com.br\\\/?p=30316\",\"url\":\"https:\\\/\\\/inclusivenews.com.br\\\/?p=30316\",\"name\":\"Cursos do Portal da Defici\u00eancia Visual - Segundo Semestre de 2017 -\",\"isPartOf\":{\"@id\":\"https:\\\/\\\/inclusivenews.com.br\\\/#website\"},\"primaryImageOfPage\":{\"@id\":\"https:\\\/\\\/inclusivenews.com.br\\\/?p=30316#primaryimage\"},\"image\":{\"@id\":\"https:\\\/\\\/inclusivenews.com.br\\\/?p=30316#primaryimage\"},\"thumbnailUrl\":\"http:\\\/\\\/inclusivenews.com.br\\\/wp-content\\\/uploads\\\/2010\\\/01\\\/logo-cego-1.jpg\",\"datePublished\":\"2017-05-10T14:49:05+00:00\",\"breadcrumb\":{\"@id\":\"https:\\\/\\\/inclusivenews.com.br\\\/?p=30316#breadcrumb\"},\"inLanguage\":\"pt-PT\",\"potentialAction\":[{\"@type\":\"ReadAction\",\"target\":[\"https:\\\/\\\/inclusivenews.com.br\\\/?p=30316\"]}]},{\"@type\":\"ImageObject\",\"inLanguage\":\"pt-PT\",\"@id\":\"https:\\\/\\\/inclusivenews.com.br\\\/?p=30316#primaryimage\",\"url\":\"\",\"contentUrl\":\"\"},{\"@type\":\"BreadcrumbList\",\"@id\":\"https:\\\/\\\/inclusivenews.com.br\\\/?p=30316#breadcrumb\",\"itemListElement\":[{\"@type\":\"ListItem\",\"position\":1,\"name\":\"In\u00edcio\",\"item\":\"https:\\\/\\\/inclusivenews.com.br\\\/\"},{\"@type\":\"ListItem\",\"position\":2,\"name\":\"Cursos do Portal da Defici\u00eancia Visual &#8211; Segundo Semestre de 2017\"}]},{\"@type\":\"WebSite\",\"@id\":\"https:\\\/\\\/inclusivenews.com.br\\\/#website\",\"url\":\"https:\\\/\\\/inclusivenews.com.br\\\/\",\"name\":\"Inclusive News\",\"description\":\"Inclusive News\",\"publisher\":{\"@id\":\"https:\\\/\\\/inclusivenews.com.br\\\/#organization\"},\"potentialAction\":[{\"@type\":\"SearchAction\",\"target\":{\"@type\":\"EntryPoint\",\"urlTemplate\":\"https:\\\/\\\/inclusivenews.com.br\\\/?s={search_term_string}\"},\"query-input\":{\"@type\":\"PropertyValueSpecification\",\"valueRequired\":true,\"valueName\":\"search_term_string\"}}],\"inLanguage\":\"pt-PT\"},{\"@type\":\"Organization\",\"@id\":\"https:\\\/\\\/inclusivenews.com.br\\\/#organization\",\"name\":\"Inclusive - inclus\u00e3o e cidadania\",\"url\":\"https:\\\/\\\/inclusivenews.com.br\\\/\",\"logo\":{\"@type\":\"ImageObject\",\"inLanguage\":\"pt-PT\",\"@id\":\"https:\\\/\\\/inclusivenews.com.br\\\/#\\\/schema\\\/logo\\\/image\\\/\",\"url\":\"https:\\\/\\\/inclusivenews.com.br\\\/wp-content\\\/uploads\\\/2024\\\/03\\\/@grandesite.png\",\"contentUrl\":\"https:\\\/\\\/inclusivenews.com.br\\\/wp-content\\\/uploads\\\/2024\\\/03\\\/@grandesite.png\",\"width\":1080,\"height\":1080,\"caption\":\"Inclusive - inclus\u00e3o e cidadania\"},\"image\":{\"@id\":\"https:\\\/\\\/inclusivenews.com.br\\\/#\\\/schema\\\/logo\\\/image\\\/\"},\"sameAs\":[\"https:\\\/\\\/www.facebook.com\\\/agenciainclusive\\\/\",\"https:\\\/\\\/www.instagram.com\\\/newsinclusive\\\/\"]},{\"@type\":\"Person\",\"@id\":\"https:\\\/\\\/inclusivenews.com.br\\\/#\\\/schema\\\/person\\\/ae4ec7087559b8692fb33b6fffd2273b\",\"name\":\"inclusivenews2024\",\"image\":{\"@type\":\"ImageObject\",\"inLanguage\":\"pt-PT\",\"@id\":\"https:\\\/\\\/secure.gravatar.com\\\/avatar\\\/c5a7ef84c66fa914f55bc4f7ce26cfa275a3b9a1c5568b907bd184fb4dde7b40?s=96&d=mm&r=g\",\"url\":\"https:\\\/\\\/secure.gravatar.com\\\/avatar\\\/c5a7ef84c66fa914f55bc4f7ce26cfa275a3b9a1c5568b907bd184fb4dde7b40?s=96&d=mm&r=g\",\"contentUrl\":\"https:\\\/\\\/secure.gravatar.com\\\/avatar\\\/c5a7ef84c66fa914f55bc4f7ce26cfa275a3b9a1c5568b907bd184fb4dde7b40?s=96&d=mm&r=g\",\"caption\":\"inclusivenews2024\"},\"sameAs\":[\"https:\\\/\\\/inclusivenews.com.br\"],\"url\":\"https:\\\/\\\/inclusivenews.com.br\\\/?author=1\"}]}<\/script>\n<!-- \/ Yoast SEO plugin. -->","yoast_head_json":{"title":"Cursos do Portal da Defici\u00eancia Visual - Segundo Semestre de 2017 -","robots":{"index":"index","follow":"follow","max-snippet":"max-snippet:-1","max-image-preview":"max-image-preview:large","max-video-preview":"max-video-preview:-1"},"canonical":"https:\/\/inclusivenews.com.br\/?p=30316","og_locale":"pt_PT","og_type":"article","og_title":"Cursos do Portal da Defici\u00eancia Visual - Segundo Semestre de 2017 -","og_description":"O Portal da Defici\u00eancia Visual apresenta o cronograma dos cursos do segundo semestre de 2017, confira e repasse para que outras pessoas tamb\u00e9m possam participar! Neste semestre estamos com uma grade de programa\u00e7\u00e3o muito extensa, e por isso os cursos foram divididos em categorias. Todos eles possuem acompanhamento dos professores 7 Dias por semana e [&hellip;]","og_url":"https:\/\/inclusivenews.com.br\/?p=30316","article_publisher":"https:\/\/www.facebook.com\/agenciainclusive\/","article_published_time":"2017-05-10T14:49:05+00:00","og_image":[{"url":"http:\/\/inclusivenews.com.br\/wp-content\/uploads\/2010\/01\/logo-cego-1.jpg","type":"","width":"","height":""}],"author":"inclusivenews2024","twitter_card":"summary_large_image","twitter_misc":{"Escrito por":"inclusivenews2024","Tempo estimado de leitura":"20 minutos"},"schema":{"@context":"https:\/\/schema.org","@graph":[{"@type":"Article","@id":"https:\/\/inclusivenews.com.br\/?p=30316#article","isPartOf":{"@id":"https:\/\/inclusivenews.com.br\/?p=30316"},"author":{"name":"inclusivenews2024","@id":"https:\/\/inclusivenews.com.br\/#\/schema\/person\/ae4ec7087559b8692fb33b6fffd2273b"},"headline":"Cursos do Portal da Defici\u00eancia Visual &#8211; Segundo Semestre de 2017","datePublished":"2017-05-10T14:49:05+00:00","mainEntityOfPage":{"@id":"https:\/\/inclusivenews.com.br\/?p=30316"},"wordCount":4087,"commentCount":1,"publisher":{"@id":"https:\/\/inclusivenews.com.br\/#organization"},"image":{"@id":"https:\/\/inclusivenews.com.br\/?p=30316#primaryimage"},"thumbnailUrl":"http:\/\/inclusivenews.com.br\/wp-content\/uploads\/2010\/01\/logo-cego-1.jpg","articleSection":["Cursos e eventos","Defici\u00eancia"],"inLanguage":"pt-PT","potentialAction":[{"@type":"CommentAction","name":"Comment","target":["https:\/\/inclusivenews.com.br\/?p=30316#respond"]}]},{"@type":"WebPage","@id":"https:\/\/inclusivenews.com.br\/?p=30316","url":"https:\/\/inclusivenews.com.br\/?p=30316","name":"Cursos do Portal da Defici\u00eancia Visual - Segundo Semestre de 2017 -","isPartOf":{"@id":"https:\/\/inclusivenews.com.br\/#website"},"primaryImageOfPage":{"@id":"https:\/\/inclusivenews.com.br\/?p=30316#primaryimage"},"image":{"@id":"https:\/\/inclusivenews.com.br\/?p=30316#primaryimage"},"thumbnailUrl":"http:\/\/inclusivenews.com.br\/wp-content\/uploads\/2010\/01\/logo-cego-1.jpg","datePublished":"2017-05-10T14:49:05+00:00","breadcrumb":{"@id":"https:\/\/inclusivenews.com.br\/?p=30316#breadcrumb"},"inLanguage":"pt-PT","potentialAction":[{"@type":"ReadAction","target":["https:\/\/inclusivenews.com.br\/?p=30316"]}]},{"@type":"ImageObject","inLanguage":"pt-PT","@id":"https:\/\/inclusivenews.com.br\/?p=30316#primaryimage","url":"","contentUrl":""},{"@type":"BreadcrumbList","@id":"https:\/\/inclusivenews.com.br\/?p=30316#breadcrumb","itemListElement":[{"@type":"ListItem","position":1,"name":"In\u00edcio","item":"https:\/\/inclusivenews.com.br\/"},{"@type":"ListItem","position":2,"name":"Cursos do Portal da Defici\u00eancia Visual &#8211; Segundo Semestre de 2017"}]},{"@type":"WebSite","@id":"https:\/\/inclusivenews.com.br\/#website","url":"https:\/\/inclusivenews.com.br\/","name":"Inclusive News","description":"Inclusive News","publisher":{"@id":"https:\/\/inclusivenews.com.br\/#organization"},"potentialAction":[{"@type":"SearchAction","target":{"@type":"EntryPoint","urlTemplate":"https:\/\/inclusivenews.com.br\/?s={search_term_string}"},"query-input":{"@type":"PropertyValueSpecification","valueRequired":true,"valueName":"search_term_string"}}],"inLanguage":"pt-PT"},{"@type":"Organization","@id":"https:\/\/inclusivenews.com.br\/#organization","name":"Inclusive - inclus\u00e3o e cidadania","url":"https:\/\/inclusivenews.com.br\/","logo":{"@type":"ImageObject","inLanguage":"pt-PT","@id":"https:\/\/inclusivenews.com.br\/#\/schema\/logo\/image\/","url":"https:\/\/inclusivenews.com.br\/wp-content\/uploads\/2024\/03\/@grandesite.png","contentUrl":"https:\/\/inclusivenews.com.br\/wp-content\/uploads\/2024\/03\/@grandesite.png","width":1080,"height":1080,"caption":"Inclusive - inclus\u00e3o e cidadania"},"image":{"@id":"https:\/\/inclusivenews.com.br\/#\/schema\/logo\/image\/"},"sameAs":["https:\/\/www.facebook.com\/agenciainclusive\/","https:\/\/www.instagram.com\/newsinclusive\/"]},{"@type":"Person","@id":"https:\/\/inclusivenews.com.br\/#\/schema\/person\/ae4ec7087559b8692fb33b6fffd2273b","name":"inclusivenews2024","image":{"@type":"ImageObject","inLanguage":"pt-PT","@id":"https:\/\/secure.gravatar.com\/avatar\/c5a7ef84c66fa914f55bc4f7ce26cfa275a3b9a1c5568b907bd184fb4dde7b40?s=96&d=mm&r=g","url":"https:\/\/secure.gravatar.com\/avatar\/c5a7ef84c66fa914f55bc4f7ce26cfa275a3b9a1c5568b907bd184fb4dde7b40?s=96&d=mm&r=g","contentUrl":"https:\/\/secure.gravatar.com\/avatar\/c5a7ef84c66fa914f55bc4f7ce26cfa275a3b9a1c5568b907bd184fb4dde7b40?s=96&d=mm&r=g","caption":"inclusivenews2024"},"sameAs":["https:\/\/inclusivenews.com.br"],"url":"https:\/\/inclusivenews.com.br\/?author=1"}]}},"_links":{"self":[{"href":"https:\/\/inclusivenews.com.br\/index.php?rest_route=\/wp\/v2\/posts\/30316","targetHints":{"allow":["GET"]}}],"collection":[{"href":"https:\/\/inclusivenews.com.br\/index.php?rest_route=\/wp\/v2\/posts"}],"about":[{"href":"https:\/\/inclusivenews.com.br\/index.php?rest_route=\/wp\/v2\/types\/post"}],"author":[{"embeddable":true,"href":"https:\/\/inclusivenews.com.br\/index.php?rest_route=\/wp\/v2\/users\/1"}],"replies":[{"embeddable":true,"href":"https:\/\/inclusivenews.com.br\/index.php?rest_route=%2Fwp%2Fv2%2Fcomments&post=30316"}],"version-history":[{"count":0,"href":"https:\/\/inclusivenews.com.br\/index.php?rest_route=\/wp\/v2\/posts\/30316\/revisions"}],"wp:attachment":[{"href":"https:\/\/inclusivenews.com.br\/index.php?rest_route=%2Fwp%2Fv2%2Fmedia&parent=30316"}],"wp:term":[{"taxonomy":"category","embeddable":true,"href":"https:\/\/inclusivenews.com.br\/index.php?rest_route=%2Fwp%2Fv2%2Fcategories&post=30316"},{"taxonomy":"post_tag","embeddable":true,"href":"https:\/\/inclusivenews.com.br\/index.php?rest_route=%2Fwp%2Fv2%2Ftags&post=30316"}],"curies":[{"name":"wp","href":"https:\/\/api.w.org\/{rel}","templated":true}]}}