{"id":30318,"date":"2017-05-10T11:54:58","date_gmt":"2017-05-10T14:54:58","guid":{"rendered":"http:\/\/www.inclusive.org.br\/?p=30318"},"modified":"2017-05-10T11:54:58","modified_gmt":"2017-05-10T14:54:58","slug":"reatech-2017-trara-projeto-robo-cao-guia-lysa","status":"publish","type":"post","link":"https:\/\/inclusivenews.com.br\/?p=30318","title":{"rendered":"REATECH 2017 trar\u00e1 projeto rob\u00f4 c\u00e3o-guia Lysa"},"content":{"rendered":"<p>&nbsp;<\/p>\n<p><strong><img loading=\"lazy\" decoding=\"async\" class=\"alignnone wp-image-30319\" src=\"http:\/\/inclusivenews.com.br\/wp-content\/uploads\/robo.jpg\" alt=\"moca sorridente ao lado do robo cao guia, que parece um aspirador de po verde branco e cinza.\" width=\"411\" height=\"274\" \/><\/strong><\/p>\n<p><strong>Rob\u00f4 c\u00e3o-guia promete mais liberdade e seguran\u00e7a aos deficientes visuais<\/strong><\/p>\n<p>Os c\u00e3es-guias significam mais autonomia e qualidade de vida para deficientes visuais. Pensando em colaborar com os deficientes visuais de maneira mais assertiva, pr\u00e1tica e econ\u00f4mica, uma equipe de pesquisadores no Esp\u00edrito Santo est\u00e1 desenvolvendo um rob\u00f4 c\u00e3o-guia.<\/p>\n<p>Batizado de Lysa, o rob\u00f4 est\u00e1 em fase final de desenvolvimento e a inten\u00e7\u00e3o \u00e9 aperfei\u00e7o\u00e1-lo para que, em breve, o produto esteja no mercado. Por isso, a equipe, deu origem a startup Vixsystem. Comandada pela idealizadora do projeto, Neide Sellin, a equipe conta atualmente com oito pesquisadores envolvidos na cria\u00e7\u00e3o do c\u00e3o-guia rob\u00f4, todos bolsistas do Conselho Nacional de Desenvolvimento Cient\u00edfico e Tecnol\u00f3gico (CNPq).<\/p>\n<p>O rob\u00f4 c\u00e3o guia estar\u00e1 com exclusividade na 15\u00aa edi\u00e7\u00e3o da <strong>REATECH <\/strong>| <strong>Feira Internacional de Tecnologias em Reabilita\u00e7\u00e3o, Inclus\u00e3o e Acessibilidade, <\/strong>de<strong> 01 a 04 de junho de 2017, no S\u00e3o Paulo Expo, em S\u00e3o Paulo, <\/strong>reconhecido como o principal evento da Am\u00e9rica Latina para o setor.<\/p>\n<p>Em todo o Brasil h\u00e1 cerca de 6,5 milh\u00f5es de pessoas com defici\u00eancia visual severa e j\u00e1 existe uma lista de espera de 150 nomes interessados em utilizar o produto, segundo Neide. <em>\u201cOs c\u00e3es-guias convencionais exigem despesas para tratamento e cria\u00e7\u00e3o, al\u00e9m do custo elevado para adestramento, n\u00e3o sendo, portanto acess\u00edveis a muita gente. Calcula-se que hoje no Brasil existam menos de 100 c\u00e3es-guias\u201d<\/em>, destaca Neide Sellin.<\/p>\n<p>Ela lembra que devido \u00e0 inseguran\u00e7a para circular sozinhos, muitos cegos permanecem reclusos em suas resid\u00eancias, deixando de estudar ou trabalhar, o que significa muitas vezes dificuldades financeiras para ele e sua fam\u00edlia.\u00a0<em>\u201cEm muitos casos eles ficam dependentes de outra pessoa, que tamb\u00e9m tem sua rotina impactada. Al\u00e9m dos 6,5 milh\u00f5es de deficientes em si, h\u00e1 as pessoas que se ocupam deles\u201d<\/em>, comenta Neide.<\/p>\n<p>A aposentada Joelva Gomes, que perdeu a vis\u00e3o na adolesc\u00eancia devido \u00e0 degenera\u00e7\u00e3o macular, \u00e9 consultora para o desenvolvimento de Lysa. Para ela, a maior dificuldade dos deficientes visuais \u00e9 escapar de obst\u00e1culos que ficam em altura a partir da cintura, como galhos de \u00e1rvores.<\/p>\n<p><em>\u201cA gente n\u00e3o consegue perceber esses obst\u00e1culos com a bengala, dificilmente voc\u00ea encontra algum deficiente visual que n\u00e3o tenha uma cicatriz da cintura pra cima. O rob\u00f4 vai nos dar maior independ\u00eancia e seguran\u00e7a ao nos alertar de coisas que a bengala n\u00e3o percebe, nos possibilitando ir trabalhar, estudar ou se divertir e voltar para casa de forma segura\u201d<\/em>, diz ela, que \u00e9 formada em Direito e tem p\u00f3s-gradua\u00e7\u00e3o em Doc\u00eancia do Ensino Superior.<\/p>\n<p>A irm\u00e3 de Joelva, Sandra Pagotto, tamb\u00e9m \u00e9 deficiente visual e acompanha a cria\u00e7\u00e3o do produto. <em>\u201cO rob\u00f4 vai beneficiar principalmente as novas gera\u00e7\u00f5es de deficientes visuais, mas mesmo as pessoas de gera\u00e7\u00f5es menos habituadas com tecnologia aprendem a utiliz\u00e1-lo de maneira r\u00e1pida e f\u00e1cil\u201d<\/em>, garante.<\/p>\n<p><strong>Como \u00e9 o rob\u00f4 Lysa<\/strong><\/p>\n<p>Com bateria recarreg\u00e1vel, o rob\u00f4 Lysa tem fun\u00e7\u00f5es semelhantes \u00e0s de um c\u00e3o-guia convencional. \u00c9 dotado de dois motores e cinco sensores que avisam ao deficiente visual, por meio de mensagens de voz gravadas, quando h\u00e1 no percurso buracos, obst\u00e1culos e riscos de colis\u00f5es em altura.\u00a0A inten\u00e7\u00e3o \u00e9 que chegue ao mercado com cerca de 3,5 quilos.<\/p>\n<p>O rob\u00f4 come\u00e7ou a ser pesquisado por Neide Sellin em 2011. <em>\u201cMelhorar a vida das pessoas a partir do desenvolvimento de tecnologias era um sonho antigo,\u00a0que foi ganhando cada vez mais espa\u00e7o na minha vida. O projeto deu origem a startup e hoje estamos todos determinados a finalizar o produto e disponibiliza-lo o mais r\u00e1pido poss\u00edvel ao mercado\u201d<\/em>.<\/p>\n<p>Mais informa\u00e7\u00f5es sobre o projeto em\u00a0<a href=\"http:\/\/http:%20www.caoguiarobo.com.br\">http: www.caoguiarobo.com.br<\/a><\/p>\n<p>O custo para aquisi\u00e7\u00e3o \u00e9 de R$ 6.950,00<\/p>\n<p>Mais informa\u00e7\u00f5es: <a href=\"http:\/\/www.reatechvirtual.com.br\">www.reatechvirtual.com.br<\/a><\/p>\n<p><strong><u>Servi\u00e7o<\/u><\/strong><\/p>\n<p><strong>15\u00aa REATECH | Feira Internacional de Tecnologias em Reabilita\u00e7\u00e3o, Inclus\u00e3o e Acessibilidade<\/strong><\/p>\n<p><strong>Data: 01 a 04 de junho de 2017, <\/strong>5\u00aa a 6\u00aa das 13h \u00e0s 20h | S\u00e1bado e Domingo das 10h \u00e0s 19h<\/p>\n<p><strong>Local:<\/strong> S\u00e3o Paulo Expo Exhibition &amp; Convention Center<br \/>\n<strong>Endere\u00e7o: <\/strong>Rodovia dos Imigrantes, Km 1,5 \u2013 S\u00e3o Paulo \u2013 SP \u2013 Brasil<br \/>\n<strong>Transporte gratuito:<\/strong>\u00a0Rua Nelson Fernandes, 450 \u2013\u00a0Acesso pelo Terminal Rodovi\u00e1rio Jabaquara<\/p>\n<p><strong>REASEM\u00a0\u2013 Semin\u00e1rio de Tecnologias de Reabilita\u00e7\u00e3o e Inclus\u00e3o: <\/strong>01 de junho, das 9h \u00e0s 18h45 e 02 de junho, das 10h \u00e0s 18h10.<\/p>\n<p><strong>REAMED\u00a0\u2013\u00a0Congresso de Medicina F\u00edsica e Reabilita\u00e7\u00e3o: <\/strong>03 de junho, das 10h \u00e0s 19h30 e 04 de junho, das 10h \u00e0s 19h.<\/p>\n<p><strong>REASHOW &#8211; Palestras dos Expositores:<\/strong> 01 e 02 de junho, das 14h \u00e0s 18h00 e 03 e 04 de junho, das 11h \u00e0s 18h.<\/p>\n<p><strong>TECFISIO &#8211; Semin\u00e1rio de Tecnologias Avan\u00e7adas em Fisioterapia: <\/strong>03 de junho, das 10h \u00e0s 17h.<\/p>\n<p><strong>Workshop Equoterapia: <\/strong>02 de junho, das 9h \u00e0s 13h.<\/p>\n<p><strong>Curso Pet &#8211; Terapia Assistida por Animais: <\/strong>04 de junho, das 13h \u00e0s 18h.<\/p>\n<p><strong>\u00a0<\/strong><\/p>\n<p><strong>Sobre a Cipa Fiera Milano <\/strong><\/p>\n<p>A Cipa Fiera Milano \u00e9 especializada em feiras de neg\u00f3cios e publica\u00e7\u00f5es t\u00e9cnicas, e tem como objetivo, aproximar organiza\u00e7\u00f5es e criar oportunidades de neg\u00f3cios e relacionamentos por meio da realiza\u00e7\u00e3o de grandes feiras e publica\u00e7\u00f5es de revistas segmentadas na Am\u00e9rica Latina.<\/p>\n<p>Fundada em 1977, foi adquirida pela Fiera Milano em 2011, tornando-se a filial brasileira de uma das empresas l\u00edderes mundiais de feiras e congressos do mundo.<\/p>\n<p><strong><br \/>\nFiera Milano no Mundo<\/strong><\/p>\n<p>Localizada em Mil\u00e3o \u2013 It\u00e1lia, a Fiera Milano \u00e9 l\u00edder de mercado nos segmentos de feiras e congressos, tanto em n\u00famero de visitantes e expositores, quanto na excel\u00eancia das exposi\u00e7\u00f5es.<\/p>\n<p>Com escrit\u00f3rios ao redor do mundo, a Fiera Milano possui um portf\u00f3lio que se destaca das demais promotoras de feiras em termos de gama de setores econ\u00f4micos representados e qualidade dos eventos.<\/p>\n<p>A cada ano, suas exposi\u00e7\u00f5es atraem mais de 30 mil expositores e mais de 5 milh\u00f5es de visitantes. Atualmente, a Fiera Milano opera uma joint venture com a Hannover Messe, na China e na \u00cdndia, e tem suas pr\u00f3prias filiais no Brasil, \u00c1frica do Sul, China e \u00cdndia.<\/p>\n","protected":false},"excerpt":{"rendered":"<p>&nbsp; Rob\u00f4 c\u00e3o-guia promete mais liberdade e seguran\u00e7a aos deficientes visuais Os c\u00e3es-guias significam mais autonomia e qualidade de vida para deficientes visuais. Pensando em colaborar com os deficientes visuais de maneira mais assertiva, pr\u00e1tica e econ\u00f4mica, uma equipe de pesquisadores no Esp\u00edrito Santo est\u00e1 desenvolvendo um rob\u00f4 c\u00e3o-guia. Batizado de Lysa, o rob\u00f4 est\u00e1 [&hellip;]<\/p>\n","protected":false},"author":1,"featured_media":0,"comment_status":"open","ping_status":"open","sticky":false,"template":"","format":"standard","meta":{"site-container-style":"default","site-container-layout":"default","site-sidebar-layout":"default","disable-article-header":"default","disable-site-header":"default","disable-site-footer":"default","disable-content-area-spacing":"default","footnotes":""},"categories":[4],"tags":[],"class_list":["post-30318","post","type-post","status-publish","format-standard","hentry","category-noticias"],"yoast_head":"<!-- This site is optimized with the Yoast SEO plugin v27.4 - https:\/\/yoast.com\/product\/yoast-seo-wordpress\/ -->\n<title>REATECH 2017 trar\u00e1 projeto rob\u00f4 c\u00e3o-guia Lysa -<\/title>\n<meta name=\"robots\" content=\"index, follow, max-snippet:-1, max-image-preview:large, max-video-preview:-1\" \/>\n<link rel=\"canonical\" href=\"https:\/\/inclusivenews.com.br\/?p=30318\" \/>\n<meta property=\"og:locale\" content=\"pt_PT\" \/>\n<meta property=\"og:type\" content=\"article\" \/>\n<meta property=\"og:title\" content=\"REATECH 2017 trar\u00e1 projeto rob\u00f4 c\u00e3o-guia Lysa -\" \/>\n<meta property=\"og:description\" content=\"&nbsp; Rob\u00f4 c\u00e3o-guia promete mais liberdade e seguran\u00e7a aos deficientes visuais Os c\u00e3es-guias significam mais autonomia e qualidade de vida para deficientes visuais. Pensando em colaborar com os deficientes visuais de maneira mais assertiva, pr\u00e1tica e econ\u00f4mica, uma equipe de pesquisadores no Esp\u00edrito Santo est\u00e1 desenvolvendo um rob\u00f4 c\u00e3o-guia. Batizado de Lysa, o rob\u00f4 est\u00e1 [&hellip;]\" \/>\n<meta property=\"og:url\" content=\"https:\/\/inclusivenews.com.br\/?p=30318\" \/>\n<meta property=\"article:publisher\" content=\"https:\/\/www.facebook.com\/agenciainclusive\/\" \/>\n<meta property=\"article:published_time\" content=\"2017-05-10T14:54:58+00:00\" \/>\n<meta property=\"og:image\" content=\"http:\/\/inclusivenews.com.br\/wp-content\/uploads\/robo.jpg\" \/>\n<meta name=\"author\" content=\"inclusivenews2024\" \/>\n<meta name=\"twitter:card\" content=\"summary_large_image\" \/>\n<meta name=\"twitter:label1\" content=\"Escrito por\" \/>\n\t<meta name=\"twitter:data1\" content=\"inclusivenews2024\" \/>\n\t<meta name=\"twitter:label2\" content=\"Tempo estimado de leitura\" \/>\n\t<meta name=\"twitter:data2\" content=\"5 minutos\" \/>\n<script type=\"application\/ld+json\" class=\"yoast-schema-graph\">{\"@context\":\"https:\\\/\\\/schema.org\",\"@graph\":[{\"@type\":\"Article\",\"@id\":\"https:\\\/\\\/inclusivenews.com.br\\\/?p=30318#article\",\"isPartOf\":{\"@id\":\"https:\\\/\\\/inclusivenews.com.br\\\/?p=30318\"},\"author\":{\"name\":\"inclusivenews2024\",\"@id\":\"https:\\\/\\\/inclusivenews.com.br\\\/#\\\/schema\\\/person\\\/ae4ec7087559b8692fb33b6fffd2273b\"},\"headline\":\"REATECH 2017 trar\u00e1 projeto rob\u00f4 c\u00e3o-guia Lysa\",\"datePublished\":\"2017-05-10T14:54:58+00:00\",\"mainEntityOfPage\":{\"@id\":\"https:\\\/\\\/inclusivenews.com.br\\\/?p=30318\"},\"wordCount\":1024,\"commentCount\":1,\"publisher\":{\"@id\":\"https:\\\/\\\/inclusivenews.com.br\\\/#organization\"},\"image\":{\"@id\":\"https:\\\/\\\/inclusivenews.com.br\\\/?p=30318#primaryimage\"},\"thumbnailUrl\":\"http:\\\/\\\/inclusivenews.com.br\\\/wp-content\\\/uploads\\\/robo.jpg\",\"articleSection\":[\"NOT\u00cdCIAS\"],\"inLanguage\":\"pt-PT\",\"potentialAction\":[{\"@type\":\"CommentAction\",\"name\":\"Comment\",\"target\":[\"https:\\\/\\\/inclusivenews.com.br\\\/?p=30318#respond\"]}]},{\"@type\":\"WebPage\",\"@id\":\"https:\\\/\\\/inclusivenews.com.br\\\/?p=30318\",\"url\":\"https:\\\/\\\/inclusivenews.com.br\\\/?p=30318\",\"name\":\"REATECH 2017 trar\u00e1 projeto rob\u00f4 c\u00e3o-guia Lysa -\",\"isPartOf\":{\"@id\":\"https:\\\/\\\/inclusivenews.com.br\\\/#website\"},\"primaryImageOfPage\":{\"@id\":\"https:\\\/\\\/inclusivenews.com.br\\\/?p=30318#primaryimage\"},\"image\":{\"@id\":\"https:\\\/\\\/inclusivenews.com.br\\\/?p=30318#primaryimage\"},\"thumbnailUrl\":\"http:\\\/\\\/inclusivenews.com.br\\\/wp-content\\\/uploads\\\/robo.jpg\",\"datePublished\":\"2017-05-10T14:54:58+00:00\",\"breadcrumb\":{\"@id\":\"https:\\\/\\\/inclusivenews.com.br\\\/?p=30318#breadcrumb\"},\"inLanguage\":\"pt-PT\",\"potentialAction\":[{\"@type\":\"ReadAction\",\"target\":[\"https:\\\/\\\/inclusivenews.com.br\\\/?p=30318\"]}]},{\"@type\":\"ImageObject\",\"inLanguage\":\"pt-PT\",\"@id\":\"https:\\\/\\\/inclusivenews.com.br\\\/?p=30318#primaryimage\",\"url\":\"\",\"contentUrl\":\"\"},{\"@type\":\"BreadcrumbList\",\"@id\":\"https:\\\/\\\/inclusivenews.com.br\\\/?p=30318#breadcrumb\",\"itemListElement\":[{\"@type\":\"ListItem\",\"position\":1,\"name\":\"In\u00edcio\",\"item\":\"https:\\\/\\\/inclusivenews.com.br\\\/\"},{\"@type\":\"ListItem\",\"position\":2,\"name\":\"REATECH 2017 trar\u00e1 projeto rob\u00f4 c\u00e3o-guia Lysa\"}]},{\"@type\":\"WebSite\",\"@id\":\"https:\\\/\\\/inclusivenews.com.br\\\/#website\",\"url\":\"https:\\\/\\\/inclusivenews.com.br\\\/\",\"name\":\"Inclusive News\",\"description\":\"Inclusive News\",\"publisher\":{\"@id\":\"https:\\\/\\\/inclusivenews.com.br\\\/#organization\"},\"potentialAction\":[{\"@type\":\"SearchAction\",\"target\":{\"@type\":\"EntryPoint\",\"urlTemplate\":\"https:\\\/\\\/inclusivenews.com.br\\\/?s={search_term_string}\"},\"query-input\":{\"@type\":\"PropertyValueSpecification\",\"valueRequired\":true,\"valueName\":\"search_term_string\"}}],\"inLanguage\":\"pt-PT\"},{\"@type\":\"Organization\",\"@id\":\"https:\\\/\\\/inclusivenews.com.br\\\/#organization\",\"name\":\"Inclusive - inclus\u00e3o e cidadania\",\"url\":\"https:\\\/\\\/inclusivenews.com.br\\\/\",\"logo\":{\"@type\":\"ImageObject\",\"inLanguage\":\"pt-PT\",\"@id\":\"https:\\\/\\\/inclusivenews.com.br\\\/#\\\/schema\\\/logo\\\/image\\\/\",\"url\":\"https:\\\/\\\/inclusivenews.com.br\\\/wp-content\\\/uploads\\\/2024\\\/03\\\/@grandesite.png\",\"contentUrl\":\"https:\\\/\\\/inclusivenews.com.br\\\/wp-content\\\/uploads\\\/2024\\\/03\\\/@grandesite.png\",\"width\":1080,\"height\":1080,\"caption\":\"Inclusive - inclus\u00e3o e cidadania\"},\"image\":{\"@id\":\"https:\\\/\\\/inclusivenews.com.br\\\/#\\\/schema\\\/logo\\\/image\\\/\"},\"sameAs\":[\"https:\\\/\\\/www.facebook.com\\\/agenciainclusive\\\/\",\"https:\\\/\\\/www.instagram.com\\\/newsinclusive\\\/\"]},{\"@type\":\"Person\",\"@id\":\"https:\\\/\\\/inclusivenews.com.br\\\/#\\\/schema\\\/person\\\/ae4ec7087559b8692fb33b6fffd2273b\",\"name\":\"inclusivenews2024\",\"image\":{\"@type\":\"ImageObject\",\"inLanguage\":\"pt-PT\",\"@id\":\"https:\\\/\\\/secure.gravatar.com\\\/avatar\\\/c5a7ef84c66fa914f55bc4f7ce26cfa275a3b9a1c5568b907bd184fb4dde7b40?s=96&d=mm&r=g\",\"url\":\"https:\\\/\\\/secure.gravatar.com\\\/avatar\\\/c5a7ef84c66fa914f55bc4f7ce26cfa275a3b9a1c5568b907bd184fb4dde7b40?s=96&d=mm&r=g\",\"contentUrl\":\"https:\\\/\\\/secure.gravatar.com\\\/avatar\\\/c5a7ef84c66fa914f55bc4f7ce26cfa275a3b9a1c5568b907bd184fb4dde7b40?s=96&d=mm&r=g\",\"caption\":\"inclusivenews2024\"},\"sameAs\":[\"https:\\\/\\\/inclusivenews.com.br\"],\"url\":\"https:\\\/\\\/inclusivenews.com.br\\\/?author=1\"}]}<\/script>\n<!-- \/ Yoast SEO plugin. -->","yoast_head_json":{"title":"REATECH 2017 trar\u00e1 projeto rob\u00f4 c\u00e3o-guia Lysa -","robots":{"index":"index","follow":"follow","max-snippet":"max-snippet:-1","max-image-preview":"max-image-preview:large","max-video-preview":"max-video-preview:-1"},"canonical":"https:\/\/inclusivenews.com.br\/?p=30318","og_locale":"pt_PT","og_type":"article","og_title":"REATECH 2017 trar\u00e1 projeto rob\u00f4 c\u00e3o-guia Lysa -","og_description":"&nbsp; Rob\u00f4 c\u00e3o-guia promete mais liberdade e seguran\u00e7a aos deficientes visuais Os c\u00e3es-guias significam mais autonomia e qualidade de vida para deficientes visuais. Pensando em colaborar com os deficientes visuais de maneira mais assertiva, pr\u00e1tica e econ\u00f4mica, uma equipe de pesquisadores no Esp\u00edrito Santo est\u00e1 desenvolvendo um rob\u00f4 c\u00e3o-guia. Batizado de Lysa, o rob\u00f4 est\u00e1 [&hellip;]","og_url":"https:\/\/inclusivenews.com.br\/?p=30318","article_publisher":"https:\/\/www.facebook.com\/agenciainclusive\/","article_published_time":"2017-05-10T14:54:58+00:00","og_image":[{"url":"http:\/\/inclusivenews.com.br\/wp-content\/uploads\/robo.jpg","type":"","width":"","height":""}],"author":"inclusivenews2024","twitter_card":"summary_large_image","twitter_misc":{"Escrito por":"inclusivenews2024","Tempo estimado de leitura":"5 minutos"},"schema":{"@context":"https:\/\/schema.org","@graph":[{"@type":"Article","@id":"https:\/\/inclusivenews.com.br\/?p=30318#article","isPartOf":{"@id":"https:\/\/inclusivenews.com.br\/?p=30318"},"author":{"name":"inclusivenews2024","@id":"https:\/\/inclusivenews.com.br\/#\/schema\/person\/ae4ec7087559b8692fb33b6fffd2273b"},"headline":"REATECH 2017 trar\u00e1 projeto rob\u00f4 c\u00e3o-guia Lysa","datePublished":"2017-05-10T14:54:58+00:00","mainEntityOfPage":{"@id":"https:\/\/inclusivenews.com.br\/?p=30318"},"wordCount":1024,"commentCount":1,"publisher":{"@id":"https:\/\/inclusivenews.com.br\/#organization"},"image":{"@id":"https:\/\/inclusivenews.com.br\/?p=30318#primaryimage"},"thumbnailUrl":"http:\/\/inclusivenews.com.br\/wp-content\/uploads\/robo.jpg","articleSection":["NOT\u00cdCIAS"],"inLanguage":"pt-PT","potentialAction":[{"@type":"CommentAction","name":"Comment","target":["https:\/\/inclusivenews.com.br\/?p=30318#respond"]}]},{"@type":"WebPage","@id":"https:\/\/inclusivenews.com.br\/?p=30318","url":"https:\/\/inclusivenews.com.br\/?p=30318","name":"REATECH 2017 trar\u00e1 projeto rob\u00f4 c\u00e3o-guia Lysa -","isPartOf":{"@id":"https:\/\/inclusivenews.com.br\/#website"},"primaryImageOfPage":{"@id":"https:\/\/inclusivenews.com.br\/?p=30318#primaryimage"},"image":{"@id":"https:\/\/inclusivenews.com.br\/?p=30318#primaryimage"},"thumbnailUrl":"http:\/\/inclusivenews.com.br\/wp-content\/uploads\/robo.jpg","datePublished":"2017-05-10T14:54:58+00:00","breadcrumb":{"@id":"https:\/\/inclusivenews.com.br\/?p=30318#breadcrumb"},"inLanguage":"pt-PT","potentialAction":[{"@type":"ReadAction","target":["https:\/\/inclusivenews.com.br\/?p=30318"]}]},{"@type":"ImageObject","inLanguage":"pt-PT","@id":"https:\/\/inclusivenews.com.br\/?p=30318#primaryimage","url":"","contentUrl":""},{"@type":"BreadcrumbList","@id":"https:\/\/inclusivenews.com.br\/?p=30318#breadcrumb","itemListElement":[{"@type":"ListItem","position":1,"name":"In\u00edcio","item":"https:\/\/inclusivenews.com.br\/"},{"@type":"ListItem","position":2,"name":"REATECH 2017 trar\u00e1 projeto rob\u00f4 c\u00e3o-guia Lysa"}]},{"@type":"WebSite","@id":"https:\/\/inclusivenews.com.br\/#website","url":"https:\/\/inclusivenews.com.br\/","name":"Inclusive News","description":"Inclusive News","publisher":{"@id":"https:\/\/inclusivenews.com.br\/#organization"},"potentialAction":[{"@type":"SearchAction","target":{"@type":"EntryPoint","urlTemplate":"https:\/\/inclusivenews.com.br\/?s={search_term_string}"},"query-input":{"@type":"PropertyValueSpecification","valueRequired":true,"valueName":"search_term_string"}}],"inLanguage":"pt-PT"},{"@type":"Organization","@id":"https:\/\/inclusivenews.com.br\/#organization","name":"Inclusive - inclus\u00e3o e cidadania","url":"https:\/\/inclusivenews.com.br\/","logo":{"@type":"ImageObject","inLanguage":"pt-PT","@id":"https:\/\/inclusivenews.com.br\/#\/schema\/logo\/image\/","url":"https:\/\/inclusivenews.com.br\/wp-content\/uploads\/2024\/03\/@grandesite.png","contentUrl":"https:\/\/inclusivenews.com.br\/wp-content\/uploads\/2024\/03\/@grandesite.png","width":1080,"height":1080,"caption":"Inclusive - inclus\u00e3o e cidadania"},"image":{"@id":"https:\/\/inclusivenews.com.br\/#\/schema\/logo\/image\/"},"sameAs":["https:\/\/www.facebook.com\/agenciainclusive\/","https:\/\/www.instagram.com\/newsinclusive\/"]},{"@type":"Person","@id":"https:\/\/inclusivenews.com.br\/#\/schema\/person\/ae4ec7087559b8692fb33b6fffd2273b","name":"inclusivenews2024","image":{"@type":"ImageObject","inLanguage":"pt-PT","@id":"https:\/\/secure.gravatar.com\/avatar\/c5a7ef84c66fa914f55bc4f7ce26cfa275a3b9a1c5568b907bd184fb4dde7b40?s=96&d=mm&r=g","url":"https:\/\/secure.gravatar.com\/avatar\/c5a7ef84c66fa914f55bc4f7ce26cfa275a3b9a1c5568b907bd184fb4dde7b40?s=96&d=mm&r=g","contentUrl":"https:\/\/secure.gravatar.com\/avatar\/c5a7ef84c66fa914f55bc4f7ce26cfa275a3b9a1c5568b907bd184fb4dde7b40?s=96&d=mm&r=g","caption":"inclusivenews2024"},"sameAs":["https:\/\/inclusivenews.com.br"],"url":"https:\/\/inclusivenews.com.br\/?author=1"}]}},"_links":{"self":[{"href":"https:\/\/inclusivenews.com.br\/index.php?rest_route=\/wp\/v2\/posts\/30318","targetHints":{"allow":["GET"]}}],"collection":[{"href":"https:\/\/inclusivenews.com.br\/index.php?rest_route=\/wp\/v2\/posts"}],"about":[{"href":"https:\/\/inclusivenews.com.br\/index.php?rest_route=\/wp\/v2\/types\/post"}],"author":[{"embeddable":true,"href":"https:\/\/inclusivenews.com.br\/index.php?rest_route=\/wp\/v2\/users\/1"}],"replies":[{"embeddable":true,"href":"https:\/\/inclusivenews.com.br\/index.php?rest_route=%2Fwp%2Fv2%2Fcomments&post=30318"}],"version-history":[{"count":0,"href":"https:\/\/inclusivenews.com.br\/index.php?rest_route=\/wp\/v2\/posts\/30318\/revisions"}],"wp:attachment":[{"href":"https:\/\/inclusivenews.com.br\/index.php?rest_route=%2Fwp%2Fv2%2Fmedia&parent=30318"}],"wp:term":[{"taxonomy":"category","embeddable":true,"href":"https:\/\/inclusivenews.com.br\/index.php?rest_route=%2Fwp%2Fv2%2Fcategories&post=30318"},{"taxonomy":"post_tag","embeddable":true,"href":"https:\/\/inclusivenews.com.br\/index.php?rest_route=%2Fwp%2Fv2%2Ftags&post=30318"}],"curies":[{"name":"wp","href":"https:\/\/api.w.org\/{rel}","templated":true}]}}