{"id":30323,"date":"2017-05-14T04:52:42","date_gmt":"2017-05-14T07:52:42","guid":{"rendered":"http:\/\/www.inclusive.org.br\/?p=30323"},"modified":"2017-05-14T04:52:42","modified_gmt":"2017-05-14T07:52:42","slug":"texto-atual-da-reforma-da-previdencia-dificulta-que-pessoas-com-deficiencia-se-aposentem","status":"publish","type":"post","link":"https:\/\/inclusivenews.com.br\/?p=30323","title":{"rendered":"Texto atual da Reforma da Previd\u00eancia dificulta que pessoas com defici\u00eancia se aposentem"},"content":{"rendered":"<p><img loading=\"lazy\" decoding=\"async\" class=\"alignnone wp-image-30324\" src=\"http:\/\/inclusivenews.com.br\/wp-content\/uploads\/lia.jpg\" alt=\"lia\" width=\"633\" height=\"419\" \/><\/p>\n<p>Liane Collares tem 54 anos e trabalhou por 17 anos com carteira assinada, mas se encontra desempregada no momento. Pela lei atual ela poderia se aposentar no ano que vem, ao completar 55 anos de idade, pois j\u00e1 contribuiu por 15 anos com a previd\u00eancia. Caso tivesse ingressado no mercado de trab<span class=\"text_exposed_show\">alho mais cedo poderia se aposentar com 28 anos de contribui\u00e7\u00e3o, se constatado que possui uma defici\u00eancia leve ou com 24 anos de contribui\u00e7\u00e3o, se considerada moderada a defici\u00eancia.<br \/>\nCom a proposta da Reforma da Previd\u00eancia em an\u00e1lise na C\u00e2mara dos Deputados, Liane s\u00f3 poderia se aposentar ap\u00f3s 35 anos de contribui\u00e7\u00e3o, com 72 anos, o que superaria inclusive a expectativa de vida atual das pessoas com s\u00edndrome de Down.<br \/>\nPara o m\u00e9dico geneticista Dr. Zan Mustacchi, que trabalha h\u00e1 40 anos com s\u00edndrome de Down, a proposta \u00e9 uma afronta: &#8220;A expectativa m\u00e1xima de vida das pessoas com SD \u00e9 entre 60 e 70 anos. Em geral, ao completar 35 anos, esses indiv\u00edduos come\u00e7am a apresentar problemas de sa\u00fade que precisam de aten\u00e7\u00e3o especial\u201d. Al\u00e9m disso, a maioria das pessoas com s\u00edndrome de Down s\u00f3 ingressa no mercado de trabalho com mais de 20 anos de idade\u201d, afirma o m\u00e9dico.<br \/>\nA Reforma tamb\u00e9m \u00e9 motivo de preocupa\u00e7\u00e3o para especialistas na \u00e1rea do trabalho. Para a subprocuradora geral do trabalho, Maria Aparecida Gugel, a mat\u00e9ria afeta muito a pessoa com defici\u00eancia: \u201cO aumento da idade e tempo de contribui\u00e7\u00e3o proposto pela reforma acaba sendo mais prejudicial \u00e0 pessoa com defici\u00eancia. Por conta de quest\u00f5es relacionadas \u00e0 educa\u00e7\u00e3o e profissionaliza\u00e7\u00e3o, essas pessoas em geral acabam por ingressar no mercado de trabalho tardiamente e essas diferen\u00e7as devem ser levadas em conta&#8221;. Ela ainda lembra que em 2013 foi aprovada uma lei (142\/2013) que assegura crit\u00e9rios diferenciados para a aposentadoria das pessoas com defici\u00eancia e que deveria se manter essa refer\u00eancia, na opini\u00e3o da subprocuradora.<br \/>\nO que \u00e9 prejudicial para a aposentadoria da pessoa com defici\u00eancia com a Reforma da Previd\u00eancia:<br \/>\n1- Exig\u00eancia de 35 anos de contribui\u00e7\u00e3o para pessoas com defici\u00eancia considerada leve e aus\u00eancia de previs\u00e3o da possibilidade, existente hoje, de aposentadoria com 15 anos de contribui\u00e7\u00e3o, aos 60 anos de idade, se homem, e 55, se mulher.<br \/>\nA Federa\u00e7\u00e3o das Associa\u00e7\u00f5es de S\u00edndrome de Down solicitou \u00e0 C\u00e2mara altera\u00e7\u00e3o dessas quest\u00f5es no texto da PEC.<\/span><\/p>\n<p>Descric\u00e3o da imagem: Liane Collares em um de seus empregos, sentada em esta\u00e7\u00e3o\u00a0de trabalho, com duas telas de computadora a sua frente, fazendo anota\u00e7\u00f5es com caneta\u00a0em uma agenda.<\/p>\n","protected":false},"excerpt":{"rendered":"<p>Liane Collares tem 54 anos e trabalhou por 17 anos com carteira assinada, mas se encontra desempregada no momento. Pela lei atual ela poderia se aposentar no ano que vem, ao completar 55 anos de idade, pois j\u00e1 contribuiu por 15 anos com a previd\u00eancia. Caso tivesse ingressado no mercado de trabalho mais cedo poderia [&hellip;]<\/p>\n","protected":false},"author":1,"featured_media":0,"comment_status":"open","ping_status":"open","sticky":false,"template":"","format":"standard","meta":{"site-container-style":"default","site-container-layout":"default","site-sidebar-layout":"default","disable-article-header":"default","disable-site-header":"default","disable-site-footer":"default","disable-content-area-spacing":"default","footnotes":""},"categories":[46,4],"tags":[],"class_list":["post-30323","post","type-post","status-publish","format-standard","hentry","category-mercado-de-trabalho","category-noticias"],"yoast_head":"<!-- This site is optimized with the Yoast SEO plugin v27.4 - https:\/\/yoast.com\/product\/yoast-seo-wordpress\/ -->\n<title>Texto atual da Reforma da Previd\u00eancia dificulta que pessoas com defici\u00eancia se aposentem -<\/title>\n<meta name=\"robots\" content=\"index, follow, max-snippet:-1, max-image-preview:large, max-video-preview:-1\" \/>\n<link rel=\"canonical\" href=\"https:\/\/inclusivenews.com.br\/?p=30323\" \/>\n<meta property=\"og:locale\" content=\"pt_PT\" \/>\n<meta property=\"og:type\" content=\"article\" \/>\n<meta property=\"og:title\" content=\"Texto atual da Reforma da Previd\u00eancia dificulta que pessoas com defici\u00eancia se aposentem -\" \/>\n<meta property=\"og:description\" content=\"Liane Collares tem 54 anos e trabalhou por 17 anos com carteira assinada, mas se encontra desempregada no momento. Pela lei atual ela poderia se aposentar no ano que vem, ao completar 55 anos de idade, pois j\u00e1 contribuiu por 15 anos com a previd\u00eancia. Caso tivesse ingressado no mercado de trabalho mais cedo poderia [&hellip;]\" \/>\n<meta property=\"og:url\" content=\"https:\/\/inclusivenews.com.br\/?p=30323\" \/>\n<meta property=\"article:publisher\" content=\"https:\/\/www.facebook.com\/agenciainclusive\/\" \/>\n<meta property=\"article:published_time\" content=\"2017-05-14T07:52:42+00:00\" \/>\n<meta property=\"og:image\" content=\"http:\/\/inclusivenews.com.br\/wp-content\/uploads\/lia.jpg\" \/>\n<meta name=\"author\" content=\"inclusivenews2024\" \/>\n<meta name=\"twitter:card\" content=\"summary_large_image\" \/>\n<meta name=\"twitter:label1\" content=\"Escrito por\" \/>\n\t<meta name=\"twitter:data1\" content=\"inclusivenews2024\" \/>\n\t<meta name=\"twitter:label2\" content=\"Tempo estimado de leitura\" \/>\n\t<meta name=\"twitter:data2\" content=\"2 minutos\" \/>\n<script type=\"application\/ld+json\" class=\"yoast-schema-graph\">{\"@context\":\"https:\\\/\\\/schema.org\",\"@graph\":[{\"@type\":\"Article\",\"@id\":\"https:\\\/\\\/inclusivenews.com.br\\\/?p=30323#article\",\"isPartOf\":{\"@id\":\"https:\\\/\\\/inclusivenews.com.br\\\/?p=30323\"},\"author\":{\"name\":\"inclusivenews2024\",\"@id\":\"https:\\\/\\\/inclusivenews.com.br\\\/#\\\/schema\\\/person\\\/ae4ec7087559b8692fb33b6fffd2273b\"},\"headline\":\"Texto atual da Reforma da Previd\u00eancia dificulta que pessoas com defici\u00eancia se aposentem\",\"datePublished\":\"2017-05-14T07:52:42+00:00\",\"mainEntityOfPage\":{\"@id\":\"https:\\\/\\\/inclusivenews.com.br\\\/?p=30323\"},\"wordCount\":457,\"commentCount\":1,\"publisher\":{\"@id\":\"https:\\\/\\\/inclusivenews.com.br\\\/#organization\"},\"image\":{\"@id\":\"https:\\\/\\\/inclusivenews.com.br\\\/?p=30323#primaryimage\"},\"thumbnailUrl\":\"http:\\\/\\\/inclusivenews.com.br\\\/wp-content\\\/uploads\\\/lia.jpg\",\"articleSection\":[\"Mercado de Trabalho\",\"NOT\u00cdCIAS\"],\"inLanguage\":\"pt-PT\",\"potentialAction\":[{\"@type\":\"CommentAction\",\"name\":\"Comment\",\"target\":[\"https:\\\/\\\/inclusivenews.com.br\\\/?p=30323#respond\"]}]},{\"@type\":\"WebPage\",\"@id\":\"https:\\\/\\\/inclusivenews.com.br\\\/?p=30323\",\"url\":\"https:\\\/\\\/inclusivenews.com.br\\\/?p=30323\",\"name\":\"Texto atual da Reforma da Previd\u00eancia dificulta que pessoas com defici\u00eancia se aposentem -\",\"isPartOf\":{\"@id\":\"https:\\\/\\\/inclusivenews.com.br\\\/#website\"},\"primaryImageOfPage\":{\"@id\":\"https:\\\/\\\/inclusivenews.com.br\\\/?p=30323#primaryimage\"},\"image\":{\"@id\":\"https:\\\/\\\/inclusivenews.com.br\\\/?p=30323#primaryimage\"},\"thumbnailUrl\":\"http:\\\/\\\/inclusivenews.com.br\\\/wp-content\\\/uploads\\\/lia.jpg\",\"datePublished\":\"2017-05-14T07:52:42+00:00\",\"breadcrumb\":{\"@id\":\"https:\\\/\\\/inclusivenews.com.br\\\/?p=30323#breadcrumb\"},\"inLanguage\":\"pt-PT\",\"potentialAction\":[{\"@type\":\"ReadAction\",\"target\":[\"https:\\\/\\\/inclusivenews.com.br\\\/?p=30323\"]}]},{\"@type\":\"ImageObject\",\"inLanguage\":\"pt-PT\",\"@id\":\"https:\\\/\\\/inclusivenews.com.br\\\/?p=30323#primaryimage\",\"url\":\"\",\"contentUrl\":\"\"},{\"@type\":\"BreadcrumbList\",\"@id\":\"https:\\\/\\\/inclusivenews.com.br\\\/?p=30323#breadcrumb\",\"itemListElement\":[{\"@type\":\"ListItem\",\"position\":1,\"name\":\"In\u00edcio\",\"item\":\"https:\\\/\\\/inclusivenews.com.br\\\/\"},{\"@type\":\"ListItem\",\"position\":2,\"name\":\"Texto atual da Reforma da Previd\u00eancia dificulta que pessoas com defici\u00eancia se aposentem\"}]},{\"@type\":\"WebSite\",\"@id\":\"https:\\\/\\\/inclusivenews.com.br\\\/#website\",\"url\":\"https:\\\/\\\/inclusivenews.com.br\\\/\",\"name\":\"Inclusive News\",\"description\":\"Inclusive News\",\"publisher\":{\"@id\":\"https:\\\/\\\/inclusivenews.com.br\\\/#organization\"},\"potentialAction\":[{\"@type\":\"SearchAction\",\"target\":{\"@type\":\"EntryPoint\",\"urlTemplate\":\"https:\\\/\\\/inclusivenews.com.br\\\/?s={search_term_string}\"},\"query-input\":{\"@type\":\"PropertyValueSpecification\",\"valueRequired\":true,\"valueName\":\"search_term_string\"}}],\"inLanguage\":\"pt-PT\"},{\"@type\":\"Organization\",\"@id\":\"https:\\\/\\\/inclusivenews.com.br\\\/#organization\",\"name\":\"Inclusive - inclus\u00e3o e cidadania\",\"url\":\"https:\\\/\\\/inclusivenews.com.br\\\/\",\"logo\":{\"@type\":\"ImageObject\",\"inLanguage\":\"pt-PT\",\"@id\":\"https:\\\/\\\/inclusivenews.com.br\\\/#\\\/schema\\\/logo\\\/image\\\/\",\"url\":\"https:\\\/\\\/inclusivenews.com.br\\\/wp-content\\\/uploads\\\/2024\\\/03\\\/@grandesite.png\",\"contentUrl\":\"https:\\\/\\\/inclusivenews.com.br\\\/wp-content\\\/uploads\\\/2024\\\/03\\\/@grandesite.png\",\"width\":1080,\"height\":1080,\"caption\":\"Inclusive - inclus\u00e3o e cidadania\"},\"image\":{\"@id\":\"https:\\\/\\\/inclusivenews.com.br\\\/#\\\/schema\\\/logo\\\/image\\\/\"},\"sameAs\":[\"https:\\\/\\\/www.facebook.com\\\/agenciainclusive\\\/\",\"https:\\\/\\\/www.instagram.com\\\/newsinclusive\\\/\"]},{\"@type\":\"Person\",\"@id\":\"https:\\\/\\\/inclusivenews.com.br\\\/#\\\/schema\\\/person\\\/ae4ec7087559b8692fb33b6fffd2273b\",\"name\":\"inclusivenews2024\",\"image\":{\"@type\":\"ImageObject\",\"inLanguage\":\"pt-PT\",\"@id\":\"https:\\\/\\\/secure.gravatar.com\\\/avatar\\\/c5a7ef84c66fa914f55bc4f7ce26cfa275a3b9a1c5568b907bd184fb4dde7b40?s=96&d=mm&r=g\",\"url\":\"https:\\\/\\\/secure.gravatar.com\\\/avatar\\\/c5a7ef84c66fa914f55bc4f7ce26cfa275a3b9a1c5568b907bd184fb4dde7b40?s=96&d=mm&r=g\",\"contentUrl\":\"https:\\\/\\\/secure.gravatar.com\\\/avatar\\\/c5a7ef84c66fa914f55bc4f7ce26cfa275a3b9a1c5568b907bd184fb4dde7b40?s=96&d=mm&r=g\",\"caption\":\"inclusivenews2024\"},\"sameAs\":[\"https:\\\/\\\/inclusivenews.com.br\"],\"url\":\"https:\\\/\\\/inclusivenews.com.br\\\/?author=1\"}]}<\/script>\n<!-- \/ Yoast SEO plugin. -->","yoast_head_json":{"title":"Texto atual da Reforma da Previd\u00eancia dificulta que pessoas com defici\u00eancia se aposentem -","robots":{"index":"index","follow":"follow","max-snippet":"max-snippet:-1","max-image-preview":"max-image-preview:large","max-video-preview":"max-video-preview:-1"},"canonical":"https:\/\/inclusivenews.com.br\/?p=30323","og_locale":"pt_PT","og_type":"article","og_title":"Texto atual da Reforma da Previd\u00eancia dificulta que pessoas com defici\u00eancia se aposentem -","og_description":"Liane Collares tem 54 anos e trabalhou por 17 anos com carteira assinada, mas se encontra desempregada no momento. Pela lei atual ela poderia se aposentar no ano que vem, ao completar 55 anos de idade, pois j\u00e1 contribuiu por 15 anos com a previd\u00eancia. Caso tivesse ingressado no mercado de trabalho mais cedo poderia [&hellip;]","og_url":"https:\/\/inclusivenews.com.br\/?p=30323","article_publisher":"https:\/\/www.facebook.com\/agenciainclusive\/","article_published_time":"2017-05-14T07:52:42+00:00","og_image":[{"url":"http:\/\/inclusivenews.com.br\/wp-content\/uploads\/lia.jpg","type":"","width":"","height":""}],"author":"inclusivenews2024","twitter_card":"summary_large_image","twitter_misc":{"Escrito por":"inclusivenews2024","Tempo estimado de leitura":"2 minutos"},"schema":{"@context":"https:\/\/schema.org","@graph":[{"@type":"Article","@id":"https:\/\/inclusivenews.com.br\/?p=30323#article","isPartOf":{"@id":"https:\/\/inclusivenews.com.br\/?p=30323"},"author":{"name":"inclusivenews2024","@id":"https:\/\/inclusivenews.com.br\/#\/schema\/person\/ae4ec7087559b8692fb33b6fffd2273b"},"headline":"Texto atual da Reforma da Previd\u00eancia dificulta que pessoas com defici\u00eancia se aposentem","datePublished":"2017-05-14T07:52:42+00:00","mainEntityOfPage":{"@id":"https:\/\/inclusivenews.com.br\/?p=30323"},"wordCount":457,"commentCount":1,"publisher":{"@id":"https:\/\/inclusivenews.com.br\/#organization"},"image":{"@id":"https:\/\/inclusivenews.com.br\/?p=30323#primaryimage"},"thumbnailUrl":"http:\/\/inclusivenews.com.br\/wp-content\/uploads\/lia.jpg","articleSection":["Mercado de Trabalho","NOT\u00cdCIAS"],"inLanguage":"pt-PT","potentialAction":[{"@type":"CommentAction","name":"Comment","target":["https:\/\/inclusivenews.com.br\/?p=30323#respond"]}]},{"@type":"WebPage","@id":"https:\/\/inclusivenews.com.br\/?p=30323","url":"https:\/\/inclusivenews.com.br\/?p=30323","name":"Texto atual da Reforma da Previd\u00eancia dificulta que pessoas com defici\u00eancia se aposentem -","isPartOf":{"@id":"https:\/\/inclusivenews.com.br\/#website"},"primaryImageOfPage":{"@id":"https:\/\/inclusivenews.com.br\/?p=30323#primaryimage"},"image":{"@id":"https:\/\/inclusivenews.com.br\/?p=30323#primaryimage"},"thumbnailUrl":"http:\/\/inclusivenews.com.br\/wp-content\/uploads\/lia.jpg","datePublished":"2017-05-14T07:52:42+00:00","breadcrumb":{"@id":"https:\/\/inclusivenews.com.br\/?p=30323#breadcrumb"},"inLanguage":"pt-PT","potentialAction":[{"@type":"ReadAction","target":["https:\/\/inclusivenews.com.br\/?p=30323"]}]},{"@type":"ImageObject","inLanguage":"pt-PT","@id":"https:\/\/inclusivenews.com.br\/?p=30323#primaryimage","url":"","contentUrl":""},{"@type":"BreadcrumbList","@id":"https:\/\/inclusivenews.com.br\/?p=30323#breadcrumb","itemListElement":[{"@type":"ListItem","position":1,"name":"In\u00edcio","item":"https:\/\/inclusivenews.com.br\/"},{"@type":"ListItem","position":2,"name":"Texto atual da Reforma da Previd\u00eancia dificulta que pessoas com defici\u00eancia se aposentem"}]},{"@type":"WebSite","@id":"https:\/\/inclusivenews.com.br\/#website","url":"https:\/\/inclusivenews.com.br\/","name":"Inclusive News","description":"Inclusive News","publisher":{"@id":"https:\/\/inclusivenews.com.br\/#organization"},"potentialAction":[{"@type":"SearchAction","target":{"@type":"EntryPoint","urlTemplate":"https:\/\/inclusivenews.com.br\/?s={search_term_string}"},"query-input":{"@type":"PropertyValueSpecification","valueRequired":true,"valueName":"search_term_string"}}],"inLanguage":"pt-PT"},{"@type":"Organization","@id":"https:\/\/inclusivenews.com.br\/#organization","name":"Inclusive - inclus\u00e3o e cidadania","url":"https:\/\/inclusivenews.com.br\/","logo":{"@type":"ImageObject","inLanguage":"pt-PT","@id":"https:\/\/inclusivenews.com.br\/#\/schema\/logo\/image\/","url":"https:\/\/inclusivenews.com.br\/wp-content\/uploads\/2024\/03\/@grandesite.png","contentUrl":"https:\/\/inclusivenews.com.br\/wp-content\/uploads\/2024\/03\/@grandesite.png","width":1080,"height":1080,"caption":"Inclusive - inclus\u00e3o e cidadania"},"image":{"@id":"https:\/\/inclusivenews.com.br\/#\/schema\/logo\/image\/"},"sameAs":["https:\/\/www.facebook.com\/agenciainclusive\/","https:\/\/www.instagram.com\/newsinclusive\/"]},{"@type":"Person","@id":"https:\/\/inclusivenews.com.br\/#\/schema\/person\/ae4ec7087559b8692fb33b6fffd2273b","name":"inclusivenews2024","image":{"@type":"ImageObject","inLanguage":"pt-PT","@id":"https:\/\/secure.gravatar.com\/avatar\/c5a7ef84c66fa914f55bc4f7ce26cfa275a3b9a1c5568b907bd184fb4dde7b40?s=96&d=mm&r=g","url":"https:\/\/secure.gravatar.com\/avatar\/c5a7ef84c66fa914f55bc4f7ce26cfa275a3b9a1c5568b907bd184fb4dde7b40?s=96&d=mm&r=g","contentUrl":"https:\/\/secure.gravatar.com\/avatar\/c5a7ef84c66fa914f55bc4f7ce26cfa275a3b9a1c5568b907bd184fb4dde7b40?s=96&d=mm&r=g","caption":"inclusivenews2024"},"sameAs":["https:\/\/inclusivenews.com.br"],"url":"https:\/\/inclusivenews.com.br\/?author=1"}]}},"_links":{"self":[{"href":"https:\/\/inclusivenews.com.br\/index.php?rest_route=\/wp\/v2\/posts\/30323","targetHints":{"allow":["GET"]}}],"collection":[{"href":"https:\/\/inclusivenews.com.br\/index.php?rest_route=\/wp\/v2\/posts"}],"about":[{"href":"https:\/\/inclusivenews.com.br\/index.php?rest_route=\/wp\/v2\/types\/post"}],"author":[{"embeddable":true,"href":"https:\/\/inclusivenews.com.br\/index.php?rest_route=\/wp\/v2\/users\/1"}],"replies":[{"embeddable":true,"href":"https:\/\/inclusivenews.com.br\/index.php?rest_route=%2Fwp%2Fv2%2Fcomments&post=30323"}],"version-history":[{"count":0,"href":"https:\/\/inclusivenews.com.br\/index.php?rest_route=\/wp\/v2\/posts\/30323\/revisions"}],"wp:attachment":[{"href":"https:\/\/inclusivenews.com.br\/index.php?rest_route=%2Fwp%2Fv2%2Fmedia&parent=30323"}],"wp:term":[{"taxonomy":"category","embeddable":true,"href":"https:\/\/inclusivenews.com.br\/index.php?rest_route=%2Fwp%2Fv2%2Fcategories&post=30323"},{"taxonomy":"post_tag","embeddable":true,"href":"https:\/\/inclusivenews.com.br\/index.php?rest_route=%2Fwp%2Fv2%2Ftags&post=30323"}],"curies":[{"name":"wp","href":"https:\/\/api.w.org\/{rel}","templated":true}]}}