{"id":30327,"date":"2017-05-14T11:00:09","date_gmt":"2017-05-14T14:00:09","guid":{"rendered":"http:\/\/www.inclusive.org.br\/?p=30327"},"modified":"2017-05-14T11:00:09","modified_gmt":"2017-05-14T14:00:09","slug":"mostra-caminhos-da-inclusao","status":"publish","type":"post","link":"https:\/\/inclusivenews.com.br\/?p=30327","title":{"rendered":"Mostra \u201cCaminhos da Inclus\u00e3o\u201d"},"content":{"rendered":"<p><img loading=\"lazy\" decoding=\"async\" class=\"alignnone wp-image-30328\" src=\"http:\/\/inclusivenews.com.br\/wp-content\/uploads\/cedaps.jpg\" alt=\"jovem participante da mostra fala ao microfone em sala, em meio a outros participantes. ela tem chapeu em cone roxo.\" width=\"614\" height=\"460\" \/><\/p>\n<p>(*) Marta Gil<\/p>\n<p>Participar da mostra \u201cCaminhos da Inclus\u00e3o\u201d, dia 9 de maio, me deu muita alegria: oportunidade de reencontrar amigos queridos, conhecer novas pessoas e, principalmente, constatar como cresceram as a\u00e7\u00f5es voltadas para o tema da Sexualidade, Aids e Defici\u00eancia.<\/p>\n<p>A realiza\u00e7\u00e3o foi do CEDAPS \u2013 Centro de Promo\u00e7\u00e3o da Sa\u00fade (<a href=\"http:\/\/www.cedaps.org.br\">www.cedaps.org.br<\/a>), com parceiros e apoiadores. Trabalhar em rede, construindo e compartilhando a\u00e7\u00f5es e saberes est\u00e1 no DNA do CEDAPS.<\/p>\n<p>O evento aconteceu no Rio de Janeiro e reuniu especialistas, lideran\u00e7as de movimentos sociais de pessoas com defici\u00eancia, de pessoas vivendo com HIV\/Aids e de mulheres, al\u00e9m dos protagonistas da campanha: as pr\u00f3prias pessoas com defici\u00eancia. A organiza\u00e7\u00e3o foi impec\u00e1vel, com destaque para a acessibilidade: int\u00e9rpretes de Libras e audiodescri\u00e7\u00e3o.<\/p>\n<p>O programa era extenso, prova do quanto trabalharam: fomos recebidos por um trio de excelentes m\u00fasicos com defici\u00eancia visual, mesa de boas vindas dadas por Cida Lemos (Movimento Nacional de Cidad\u00e3s Posithivas \u2013 MNCP), por Wanda Guimar\u00e3es (CEDAPS) e pela representante do DIAHV\/Minist\u00e9rio da Sa\u00fade. Katia Edmundo, Diretora do CEDAPS, apresentou o projeto e os produtos desenvolvidos. Rosangela Berman Bieler, atualmente morando em Nova York e respons\u00e1vel pela \u00e1rea da Defici\u00eancia no UNICEF, foi lembrada com carinho, v\u00e1rias vezes: foi ela quem come\u00e7ou a discutir este tema, no in\u00edcio dos anos 2000, quando trabalhava no Banco Mundial.<\/p>\n<p>Sergio Meresman, do IIDi \u2013 Instituto Interamericano de Desenvolvimento Inclusivo, do Uruguai falou sobre \u201c<i>Quem faz o que, para que ningu\u00e9m fique para tr\u00e1s?\u201d.\u00a0<\/i><\/p>\n<p>Conhecemos o jogo interativo \u201cCaminhos da Inclus\u00e3o\u201d, que foi lan\u00e7ado nessa ocasi\u00e3o, da melhor forma poss\u00edvel \u2013 e a mais divertida tamb\u00e9m: jogando.<\/p>\n<p>Jovens do Projeto Simbora Gente (Thiago Rodrigues, Samanta Quadrado, Beatriz Ananias, N\u00edvia Bertelli e Fabiana Ventura),discutiram e deram sugest\u00f5es para pr\u00f3ximos passos. Eles, juntamente com Fernanda Honorato e Breno Viola, do Rio, participaram da elabora\u00e7\u00e3o do projeto e estavam comemorando o lan\u00e7amento dos materiais.<\/p>\n<p>Samanta e Thiago mostraram seus talentos: ela \u00e9 uma excelente bailarina de dan\u00e7a do ventre e ele arrasa na street dance.<\/p>\n<p>O evento tamb\u00e9m teve outras falas sobre sexualidades, defici\u00eancias e preven\u00e7\u00e3o, como a de da Fernanda Santana \u2013 presidenta da Abra\u00e7a \u2013 Associa\u00e7\u00e3o Brasileira para A\u00e7\u00e3o por Direitos da Pessoa com Autismo.<\/p>\n<p>A Mostra Caminhos da Inclus\u00e3o tinha postais, cartazes, podcasts, banners e v\u00eddeos. Esses materiais podem ser baixados em <a href=\"http:\/\/cedaps.org.br\/projetos\/caminhos-da-inclusao\/\">http:\/\/cedaps.org.br\/projetos\/caminhos-da-inclusao\/<\/a><\/p>\n<p>Voltei para S\u00e3o Paulo com o cora\u00e7\u00e3o em festa e a alma reabastecida, pois tamb\u00e9m trilhei uma parte deste caminho, com Rosangela, S\u00e9rgio, Cida Lemos, equipe CEDAPS e outros amigos.<\/p>\n<p>Em tempos t\u00e3o dif\u00edceis, constatar que o trabalho continua e que est\u00e1 sendo feito com compet\u00eancia, criatividade e garra, de forma coletiva, constru\u00eddo por diferentes m\u00e3os \u2013 \u00e9 motivo de muito orgulho e alegria.<\/p>\n<p>Adelante, CEDAPS, IIDi e demais parceiros de sonhos e jornadas!<\/p>\n<p><em>Descri\u00e7\u00e3o da imagem:\u00a0jovem participante da mostra fala ao microfone em sala, em meio a outros participantes. Ela tem chapeu em formato de cone roxo.<\/em><\/p>\n<p>Veja outras fotos da mostra:<\/p>\n<p><a href=\"http:\/\/V\">https:\/\/www.facebook.com\/pg\/CEDAPS\/photos\/?tab=album&amp;album_id=1419628621409635<\/a><\/p>\n<p>&nbsp;<\/p>\n<p>(*) Marta Gil<\/p>\n<p>Coordenadora Executiva do Amankay Instituto de Estudos e Pesquisas (<a href=\"http:\/\/www.amankay.org.br\/\">www.amankay.org.br<\/a>), consultora na \u00e1rea de Inclus\u00e3o de Pessoas com Defici\u00eancia, respons\u00e1vel pela concep\u00e7\u00e3o do\u00a0<b>DISCOVERY<\/b>, primeiro jogo corporativo sobre Inclus\u00e3o, consultora da s\u00e9rie\u00a0<b>&#8220;O futuro que queremos- trabalho decente e inclus\u00e3o de pessoas com defici\u00eancia&#8221;<\/b>\u00a0(OIT e Minist\u00e9rio P\u00fablico do Trabalho) respons\u00e1vel pela elabora\u00e7\u00e3o da<b>\u00a0Metodologia SESI SENAI de Gest\u00e3o da<\/b>\u00a0<b>Inclus\u00e3o na Ind\u00fastria<\/b>,\u00a0<i>Fellow<\/i>\u00a0da Ashoka Empreendedores Sociais.<\/p>\n<p>Autora dos livros \u201c<b>Caminhos da Inclus\u00e3o \u2013 a trajet\u00f3ria da forma\u00e7\u00e3o profissional de pessoas com defici\u00eancia no SENAI-SP<\/b>\u201d, \u201c<b>As cores da Inclus\u00e3o \u2013 SENAI MA<\/b>\u201d e organizadora do livro &#8220;<b>Educa\u00e7\u00e3o Inclusiva: o que o professor tem a ver com isso ?<\/b>&#8220;, USP\/Funda\u00e7\u00e3o Telef\u00f4nica\/Ashoka, pr\u00eamio Imprensa Social.<\/p>\n<p><a href=\"https:\/\/www.facebook.com\/martaalmeidagil\">https:\/\/www.facebook.com\/martaalmeidagil<\/a><\/p>\n","protected":false},"excerpt":{"rendered":"<p>(*) Marta Gil Participar da mostra \u201cCaminhos da Inclus\u00e3o\u201d, dia 9 de maio, me deu muita alegria: oportunidade de reencontrar amigos queridos, conhecer novas pessoas e, principalmente, constatar como cresceram as a\u00e7\u00f5es voltadas para o tema da Sexualidade, Aids e Defici\u00eancia. A realiza\u00e7\u00e3o foi do CEDAPS \u2013 Centro de Promo\u00e7\u00e3o da Sa\u00fade (www.cedaps.org.br), com parceiros [&hellip;]<\/p>\n","protected":false},"author":1,"featured_media":30328,"comment_status":"open","ping_status":"open","sticky":false,"template":"","format":"standard","meta":{"site-container-style":"default","site-container-layout":"default","site-sidebar-layout":"default","disable-article-header":"default","disable-site-header":"default","disable-site-footer":"default","disable-content-area-spacing":"default","footnotes":""},"categories":[38,48],"tags":[],"class_list":["post-30327","post","type-post","status-publish","format-standard","has-post-thumbnail","hentry","category-deficiencia","category-inclusao"],"yoast_head":"<!-- This site is optimized with the Yoast SEO plugin v27.4 - https:\/\/yoast.com\/product\/yoast-seo-wordpress\/ -->\n<title>Mostra \u201cCaminhos da Inclus\u00e3o\u201d -<\/title>\n<meta name=\"robots\" content=\"index, follow, max-snippet:-1, max-image-preview:large, max-video-preview:-1\" \/>\n<link rel=\"canonical\" href=\"https:\/\/inclusivenews.com.br\/?p=30327\" \/>\n<meta property=\"og:locale\" content=\"pt_PT\" \/>\n<meta property=\"og:type\" content=\"article\" \/>\n<meta property=\"og:title\" content=\"Mostra \u201cCaminhos da Inclus\u00e3o\u201d -\" \/>\n<meta property=\"og:description\" content=\"(*) Marta Gil Participar da mostra \u201cCaminhos da Inclus\u00e3o\u201d, dia 9 de maio, me deu muita alegria: oportunidade de reencontrar amigos queridos, conhecer novas pessoas e, principalmente, constatar como cresceram as a\u00e7\u00f5es voltadas para o tema da Sexualidade, Aids e Defici\u00eancia. A realiza\u00e7\u00e3o foi do CEDAPS \u2013 Centro de Promo\u00e7\u00e3o da Sa\u00fade (www.cedaps.org.br), com parceiros [&hellip;]\" \/>\n<meta property=\"og:url\" content=\"https:\/\/inclusivenews.com.br\/?p=30327\" \/>\n<meta property=\"article:publisher\" content=\"https:\/\/www.facebook.com\/agenciainclusive\/\" \/>\n<meta property=\"article:published_time\" content=\"2017-05-14T14:00:09+00:00\" \/>\n<meta name=\"author\" content=\"inclusivenews2024\" \/>\n<meta name=\"twitter:card\" content=\"summary_large_image\" \/>\n<meta name=\"twitter:label1\" content=\"Escrito por\" \/>\n\t<meta name=\"twitter:data1\" content=\"inclusivenews2024\" \/>\n\t<meta name=\"twitter:label2\" content=\"Tempo estimado de leitura\" \/>\n\t<meta name=\"twitter:data2\" content=\"4 minutos\" \/>\n<script type=\"application\/ld+json\" class=\"yoast-schema-graph\">{\"@context\":\"https:\\\/\\\/schema.org\",\"@graph\":[{\"@type\":\"Article\",\"@id\":\"https:\\\/\\\/inclusivenews.com.br\\\/?p=30327#article\",\"isPartOf\":{\"@id\":\"https:\\\/\\\/inclusivenews.com.br\\\/?p=30327\"},\"author\":{\"name\":\"inclusivenews2024\",\"@id\":\"https:\\\/\\\/inclusivenews.com.br\\\/#\\\/schema\\\/person\\\/ae4ec7087559b8692fb33b6fffd2273b\"},\"headline\":\"Mostra \u201cCaminhos da Inclus\u00e3o\u201d\",\"datePublished\":\"2017-05-14T14:00:09+00:00\",\"mainEntityOfPage\":{\"@id\":\"https:\\\/\\\/inclusivenews.com.br\\\/?p=30327\"},\"wordCount\":707,\"commentCount\":0,\"publisher\":{\"@id\":\"https:\\\/\\\/inclusivenews.com.br\\\/#organization\"},\"image\":{\"@id\":\"https:\\\/\\\/inclusivenews.com.br\\\/?p=30327#primaryimage\"},\"thumbnailUrl\":\"\",\"articleSection\":[\"Defici\u00eancia\",\"INCLUS\u00c3O SOCIAL\"],\"inLanguage\":\"pt-PT\",\"potentialAction\":[{\"@type\":\"CommentAction\",\"name\":\"Comment\",\"target\":[\"https:\\\/\\\/inclusivenews.com.br\\\/?p=30327#respond\"]}]},{\"@type\":\"WebPage\",\"@id\":\"https:\\\/\\\/inclusivenews.com.br\\\/?p=30327\",\"url\":\"https:\\\/\\\/inclusivenews.com.br\\\/?p=30327\",\"name\":\"Mostra \u201cCaminhos da Inclus\u00e3o\u201d -\",\"isPartOf\":{\"@id\":\"https:\\\/\\\/inclusivenews.com.br\\\/#website\"},\"primaryImageOfPage\":{\"@id\":\"https:\\\/\\\/inclusivenews.com.br\\\/?p=30327#primaryimage\"},\"image\":{\"@id\":\"https:\\\/\\\/inclusivenews.com.br\\\/?p=30327#primaryimage\"},\"thumbnailUrl\":\"\",\"datePublished\":\"2017-05-14T14:00:09+00:00\",\"breadcrumb\":{\"@id\":\"https:\\\/\\\/inclusivenews.com.br\\\/?p=30327#breadcrumb\"},\"inLanguage\":\"pt-PT\",\"potentialAction\":[{\"@type\":\"ReadAction\",\"target\":[\"https:\\\/\\\/inclusivenews.com.br\\\/?p=30327\"]}]},{\"@type\":\"ImageObject\",\"inLanguage\":\"pt-PT\",\"@id\":\"https:\\\/\\\/inclusivenews.com.br\\\/?p=30327#primaryimage\",\"url\":\"\",\"contentUrl\":\"\"},{\"@type\":\"BreadcrumbList\",\"@id\":\"https:\\\/\\\/inclusivenews.com.br\\\/?p=30327#breadcrumb\",\"itemListElement\":[{\"@type\":\"ListItem\",\"position\":1,\"name\":\"In\u00edcio\",\"item\":\"https:\\\/\\\/inclusivenews.com.br\\\/\"},{\"@type\":\"ListItem\",\"position\":2,\"name\":\"Mostra \u201cCaminhos da Inclus\u00e3o\u201d\"}]},{\"@type\":\"WebSite\",\"@id\":\"https:\\\/\\\/inclusivenews.com.br\\\/#website\",\"url\":\"https:\\\/\\\/inclusivenews.com.br\\\/\",\"name\":\"Inclusive News\",\"description\":\"Inclusive News\",\"publisher\":{\"@id\":\"https:\\\/\\\/inclusivenews.com.br\\\/#organization\"},\"potentialAction\":[{\"@type\":\"SearchAction\",\"target\":{\"@type\":\"EntryPoint\",\"urlTemplate\":\"https:\\\/\\\/inclusivenews.com.br\\\/?s={search_term_string}\"},\"query-input\":{\"@type\":\"PropertyValueSpecification\",\"valueRequired\":true,\"valueName\":\"search_term_string\"}}],\"inLanguage\":\"pt-PT\"},{\"@type\":\"Organization\",\"@id\":\"https:\\\/\\\/inclusivenews.com.br\\\/#organization\",\"name\":\"Inclusive - inclus\u00e3o e cidadania\",\"url\":\"https:\\\/\\\/inclusivenews.com.br\\\/\",\"logo\":{\"@type\":\"ImageObject\",\"inLanguage\":\"pt-PT\",\"@id\":\"https:\\\/\\\/inclusivenews.com.br\\\/#\\\/schema\\\/logo\\\/image\\\/\",\"url\":\"https:\\\/\\\/inclusivenews.com.br\\\/wp-content\\\/uploads\\\/2024\\\/03\\\/@grandesite.png\",\"contentUrl\":\"https:\\\/\\\/inclusivenews.com.br\\\/wp-content\\\/uploads\\\/2024\\\/03\\\/@grandesite.png\",\"width\":1080,\"height\":1080,\"caption\":\"Inclusive - inclus\u00e3o e cidadania\"},\"image\":{\"@id\":\"https:\\\/\\\/inclusivenews.com.br\\\/#\\\/schema\\\/logo\\\/image\\\/\"},\"sameAs\":[\"https:\\\/\\\/www.facebook.com\\\/agenciainclusive\\\/\",\"https:\\\/\\\/www.instagram.com\\\/newsinclusive\\\/\"]},{\"@type\":\"Person\",\"@id\":\"https:\\\/\\\/inclusivenews.com.br\\\/#\\\/schema\\\/person\\\/ae4ec7087559b8692fb33b6fffd2273b\",\"name\":\"inclusivenews2024\",\"image\":{\"@type\":\"ImageObject\",\"inLanguage\":\"pt-PT\",\"@id\":\"https:\\\/\\\/secure.gravatar.com\\\/avatar\\\/c5a7ef84c66fa914f55bc4f7ce26cfa275a3b9a1c5568b907bd184fb4dde7b40?s=96&d=mm&r=g\",\"url\":\"https:\\\/\\\/secure.gravatar.com\\\/avatar\\\/c5a7ef84c66fa914f55bc4f7ce26cfa275a3b9a1c5568b907bd184fb4dde7b40?s=96&d=mm&r=g\",\"contentUrl\":\"https:\\\/\\\/secure.gravatar.com\\\/avatar\\\/c5a7ef84c66fa914f55bc4f7ce26cfa275a3b9a1c5568b907bd184fb4dde7b40?s=96&d=mm&r=g\",\"caption\":\"inclusivenews2024\"},\"sameAs\":[\"https:\\\/\\\/inclusivenews.com.br\"],\"url\":\"https:\\\/\\\/inclusivenews.com.br\\\/?author=1\"}]}<\/script>\n<!-- \/ Yoast SEO plugin. -->","yoast_head_json":{"title":"Mostra \u201cCaminhos da Inclus\u00e3o\u201d -","robots":{"index":"index","follow":"follow","max-snippet":"max-snippet:-1","max-image-preview":"max-image-preview:large","max-video-preview":"max-video-preview:-1"},"canonical":"https:\/\/inclusivenews.com.br\/?p=30327","og_locale":"pt_PT","og_type":"article","og_title":"Mostra \u201cCaminhos da Inclus\u00e3o\u201d -","og_description":"(*) Marta Gil Participar da mostra \u201cCaminhos da Inclus\u00e3o\u201d, dia 9 de maio, me deu muita alegria: oportunidade de reencontrar amigos queridos, conhecer novas pessoas e, principalmente, constatar como cresceram as a\u00e7\u00f5es voltadas para o tema da Sexualidade, Aids e Defici\u00eancia. A realiza\u00e7\u00e3o foi do CEDAPS \u2013 Centro de Promo\u00e7\u00e3o da Sa\u00fade (www.cedaps.org.br), com parceiros [&hellip;]","og_url":"https:\/\/inclusivenews.com.br\/?p=30327","article_publisher":"https:\/\/www.facebook.com\/agenciainclusive\/","article_published_time":"2017-05-14T14:00:09+00:00","author":"inclusivenews2024","twitter_card":"summary_large_image","twitter_misc":{"Escrito por":"inclusivenews2024","Tempo estimado de leitura":"4 minutos"},"schema":{"@context":"https:\/\/schema.org","@graph":[{"@type":"Article","@id":"https:\/\/inclusivenews.com.br\/?p=30327#article","isPartOf":{"@id":"https:\/\/inclusivenews.com.br\/?p=30327"},"author":{"name":"inclusivenews2024","@id":"https:\/\/inclusivenews.com.br\/#\/schema\/person\/ae4ec7087559b8692fb33b6fffd2273b"},"headline":"Mostra \u201cCaminhos da Inclus\u00e3o\u201d","datePublished":"2017-05-14T14:00:09+00:00","mainEntityOfPage":{"@id":"https:\/\/inclusivenews.com.br\/?p=30327"},"wordCount":707,"commentCount":0,"publisher":{"@id":"https:\/\/inclusivenews.com.br\/#organization"},"image":{"@id":"https:\/\/inclusivenews.com.br\/?p=30327#primaryimage"},"thumbnailUrl":"","articleSection":["Defici\u00eancia","INCLUS\u00c3O SOCIAL"],"inLanguage":"pt-PT","potentialAction":[{"@type":"CommentAction","name":"Comment","target":["https:\/\/inclusivenews.com.br\/?p=30327#respond"]}]},{"@type":"WebPage","@id":"https:\/\/inclusivenews.com.br\/?p=30327","url":"https:\/\/inclusivenews.com.br\/?p=30327","name":"Mostra \u201cCaminhos da Inclus\u00e3o\u201d -","isPartOf":{"@id":"https:\/\/inclusivenews.com.br\/#website"},"primaryImageOfPage":{"@id":"https:\/\/inclusivenews.com.br\/?p=30327#primaryimage"},"image":{"@id":"https:\/\/inclusivenews.com.br\/?p=30327#primaryimage"},"thumbnailUrl":"","datePublished":"2017-05-14T14:00:09+00:00","breadcrumb":{"@id":"https:\/\/inclusivenews.com.br\/?p=30327#breadcrumb"},"inLanguage":"pt-PT","potentialAction":[{"@type":"ReadAction","target":["https:\/\/inclusivenews.com.br\/?p=30327"]}]},{"@type":"ImageObject","inLanguage":"pt-PT","@id":"https:\/\/inclusivenews.com.br\/?p=30327#primaryimage","url":"","contentUrl":""},{"@type":"BreadcrumbList","@id":"https:\/\/inclusivenews.com.br\/?p=30327#breadcrumb","itemListElement":[{"@type":"ListItem","position":1,"name":"In\u00edcio","item":"https:\/\/inclusivenews.com.br\/"},{"@type":"ListItem","position":2,"name":"Mostra \u201cCaminhos da Inclus\u00e3o\u201d"}]},{"@type":"WebSite","@id":"https:\/\/inclusivenews.com.br\/#website","url":"https:\/\/inclusivenews.com.br\/","name":"Inclusive News","description":"Inclusive News","publisher":{"@id":"https:\/\/inclusivenews.com.br\/#organization"},"potentialAction":[{"@type":"SearchAction","target":{"@type":"EntryPoint","urlTemplate":"https:\/\/inclusivenews.com.br\/?s={search_term_string}"},"query-input":{"@type":"PropertyValueSpecification","valueRequired":true,"valueName":"search_term_string"}}],"inLanguage":"pt-PT"},{"@type":"Organization","@id":"https:\/\/inclusivenews.com.br\/#organization","name":"Inclusive - inclus\u00e3o e cidadania","url":"https:\/\/inclusivenews.com.br\/","logo":{"@type":"ImageObject","inLanguage":"pt-PT","@id":"https:\/\/inclusivenews.com.br\/#\/schema\/logo\/image\/","url":"https:\/\/inclusivenews.com.br\/wp-content\/uploads\/2024\/03\/@grandesite.png","contentUrl":"https:\/\/inclusivenews.com.br\/wp-content\/uploads\/2024\/03\/@grandesite.png","width":1080,"height":1080,"caption":"Inclusive - inclus\u00e3o e cidadania"},"image":{"@id":"https:\/\/inclusivenews.com.br\/#\/schema\/logo\/image\/"},"sameAs":["https:\/\/www.facebook.com\/agenciainclusive\/","https:\/\/www.instagram.com\/newsinclusive\/"]},{"@type":"Person","@id":"https:\/\/inclusivenews.com.br\/#\/schema\/person\/ae4ec7087559b8692fb33b6fffd2273b","name":"inclusivenews2024","image":{"@type":"ImageObject","inLanguage":"pt-PT","@id":"https:\/\/secure.gravatar.com\/avatar\/c5a7ef84c66fa914f55bc4f7ce26cfa275a3b9a1c5568b907bd184fb4dde7b40?s=96&d=mm&r=g","url":"https:\/\/secure.gravatar.com\/avatar\/c5a7ef84c66fa914f55bc4f7ce26cfa275a3b9a1c5568b907bd184fb4dde7b40?s=96&d=mm&r=g","contentUrl":"https:\/\/secure.gravatar.com\/avatar\/c5a7ef84c66fa914f55bc4f7ce26cfa275a3b9a1c5568b907bd184fb4dde7b40?s=96&d=mm&r=g","caption":"inclusivenews2024"},"sameAs":["https:\/\/inclusivenews.com.br"],"url":"https:\/\/inclusivenews.com.br\/?author=1"}]}},"_links":{"self":[{"href":"https:\/\/inclusivenews.com.br\/index.php?rest_route=\/wp\/v2\/posts\/30327","targetHints":{"allow":["GET"]}}],"collection":[{"href":"https:\/\/inclusivenews.com.br\/index.php?rest_route=\/wp\/v2\/posts"}],"about":[{"href":"https:\/\/inclusivenews.com.br\/index.php?rest_route=\/wp\/v2\/types\/post"}],"author":[{"embeddable":true,"href":"https:\/\/inclusivenews.com.br\/index.php?rest_route=\/wp\/v2\/users\/1"}],"replies":[{"embeddable":true,"href":"https:\/\/inclusivenews.com.br\/index.php?rest_route=%2Fwp%2Fv2%2Fcomments&post=30327"}],"version-history":[{"count":0,"href":"https:\/\/inclusivenews.com.br\/index.php?rest_route=\/wp\/v2\/posts\/30327\/revisions"}],"wp:featuredmedia":[{"embeddable":true,"href":"https:\/\/inclusivenews.com.br\/index.php?rest_route=\/"}],"wp:attachment":[{"href":"https:\/\/inclusivenews.com.br\/index.php?rest_route=%2Fwp%2Fv2%2Fmedia&parent=30327"}],"wp:term":[{"taxonomy":"category","embeddable":true,"href":"https:\/\/inclusivenews.com.br\/index.php?rest_route=%2Fwp%2Fv2%2Fcategories&post=30327"},{"taxonomy":"post_tag","embeddable":true,"href":"https:\/\/inclusivenews.com.br\/index.php?rest_route=%2Fwp%2Fv2%2Ftags&post=30327"}],"curies":[{"name":"wp","href":"https:\/\/api.w.org\/{rel}","templated":true}]}}