{"id":30333,"date":"2017-05-16T09:56:18","date_gmt":"2017-05-16T12:56:18","guid":{"rendered":"http:\/\/www.inclusive.org.br\/?p=30333"},"modified":"2017-05-16T09:56:18","modified_gmt":"2017-05-16T12:56:18","slug":"com-a-reforma-da-previdencia-acesso-ao-beneficio-de-prestacao-continuada-bpc-vai-ficar-muito-mais-complicado","status":"publish","type":"post","link":"https:\/\/inclusivenews.com.br\/?p=30333","title":{"rendered":"Com a reforma da previd\u00eancia, acesso ao Benef\u00edcio de Presta\u00e7\u00e3o Continuada (BPC) vai ficar muito mais complicado"},"content":{"rendered":"<p><img loading=\"lazy\" decoding=\"async\" class=\"alignnone\" src=\"https:\/\/scontent.xx.fbcdn.net\/v\/t1.0-9\/18485675_949658581842562_4441067396865643743_n.jpg?oh=9ab1e62b57b6e97a825c7e9d783317cb&amp;oe=5975072C\" alt=\"Rosemere com seu fiho Jo\u00e3o Pedro, de p\u00e9, o abra\u00e7ando e sorrindo.\" width=\"354\" height=\"643\" \/><\/p>\n<p>Rosemere dos Santos (49 anos) \u00e9 dona de casa e m\u00e3e de Jo\u00e3o Pedro (17 anos) que tem s\u00edndrome de Down. Com o nascimento de Jo\u00e3o, o pai abandonou a fam\u00edlia e ela tornou-se a \u00fanica respons\u00e1vel pelo filho, que ainda tem dois irm\u00e3os. Diante da situa\u00e7\u00e3o, Rosemere entrou com o processo para solicitar o Benef\u00edcio de Presta\u00e7\u00e3o Continuada (BPC) ao INSS. \u201cPassamos necessidade, tive que contar com a ajuda de m<span class=\"text_exposed_show\">eus pais para poder viver\u201d, afirma. O Benef\u00edcio foi negado na primeira vez, mas ela recorreu e desde ent\u00e3o recebe esse aux\u00edlio. \u201cCom isso consigo pagar alguns tratamentos para o Jo\u00e3o Pedro, acompanhamento na escola e etc\u201d, relata a dona de casa.<br \/>\nO BPC garante um sal\u00e1rio m\u00ednimo mensal ao idoso acima de 65 anos ou \u00e0 pessoa com defici\u00eancia que tenha a renda menor que 1\/4 do sal\u00e1rio-m\u00ednimo, considerada a divis\u00e3o da renda familiar pelos seus membros Ou seja, o valor da renda familiar dividido pelo n\u00famero de membros de familiares na casa tem que ser de no m\u00e1ximo R$ 234,00, de acordo com o sal\u00e1rio m\u00ednimo atual.<\/span><\/p>\n<p><span class=\"text_exposed_show\"><br \/>\nPara conseguir o Benef\u00edcio \u00e9 preciso fazer um requerimento pr\u00f3prio ao INSS, preencher uma s\u00e9rie de formul\u00e1rios, comprovar a renda que d\u00e1 direito ao benef\u00edcio, al\u00e9m de passar por per\u00edcia m\u00e9dica. \u201c\u00c9 uma enorme burocracia, muitos pap\u00e9is para preencher, te mandam para v\u00e1rios lugares, muito dif\u00edcil. Pessoas que n\u00e3o t\u00eam ajuda nem instru\u00e7\u00e3o, muitas vezes acabam por desistir\u201d, enfatiza Rosemere.<\/span><\/p>\n<p><span class=\"text_exposed_show\"><br \/>\nSe para o Rosemere o acesso ao BPC foi dif\u00edcil, com a proposta da Reforma da Previd\u00eancia esse cen\u00e1rio ainda vai piorar. O texto proposto prev\u00ea que a pessoa que solicitar o Benef\u00edcio tem de provar que nenhum outro respons\u00e1vel da fam\u00edlia, como por exemplo os av\u00f3s da pessoa com defici\u00eancia, pode prover o sustento do requererente . \u201cIsso \u00e9 um absurdo! <\/span><\/p>\n<p><span class=\"text_exposed_show\"><br \/>\nOs av\u00f3s n\u00e3o t\u00eam nada a ver com isso! Como tirar da aposentadoria deles, que j\u00e1 \u00e9 pequena, a ajuda para o neto com defici\u00eancia?! \u00c9 preciso que as pessoas saibam da injusti\u00e7a que est\u00e1 sendo proposta\u201d, revolta-se a dona de casa.<\/span><\/p>\n<p><span class=\"text_exposed_show\"><br \/>\nA Federa\u00e7\u00e3o Brasileira das Associa\u00e7\u00f5es de S\u00edndrome de Down vem reivindicando a modifica\u00e7\u00e3o do texto em rela\u00e7\u00e3o a esse e outros aspectos. Segundo afirma Ana Cl\u00e1udia M. de Figueiredo, vice-presidente da FBASD, \u201cCondicionar a concess\u00e3o desse benef\u00edcio, destinado a pessoas muito pobres, \u00e0 demonstra\u00e7\u00e3o de que seus pais, filhos maiores ou at\u00e9 av\u00f3s, n\u00e3o podem garantir alimentos, implica afastar do Estado o dever de prestar assist\u00eancia social a quem dela necessitar, impondo ao idoso ou \u00e0 pessoa com defici\u00eancia de baixa renda obriga\u00e7\u00e3o incompat\u00edvel com a dignidade humana. <\/span><\/p>\n<p><span class=\"text_exposed_show\"><br \/>\n*Na foto: Rosemere com seu fiho Jo\u00e3o Pedro, de p\u00e9, abra\u00e7ados, sorrindo.<\/span><\/p>\n<p>Fonte: Federa\u00e7\u00e3o Down<\/p>\n","protected":false},"excerpt":{"rendered":"<p>Rosemere dos Santos (49 anos) \u00e9 dona de casa e m\u00e3e de Jo\u00e3o Pedro (17 anos) que tem s\u00edndrome de Down. Com o nascimento de Jo\u00e3o, o pai abandonou a fam\u00edlia e ela tornou-se a \u00fanica respons\u00e1vel pelo filho, que ainda tem dois irm\u00e3os. Diante da situa\u00e7\u00e3o, Rosemere entrou com o processo para solicitar o [&hellip;]<\/p>\n","protected":false},"author":1,"featured_media":0,"comment_status":"open","ping_status":"open","sticky":false,"template":"","format":"standard","meta":{"site-container-style":"default","site-container-layout":"default","site-sidebar-layout":"default","disable-article-header":"default","disable-site-header":"default","disable-site-footer":"default","disable-content-area-spacing":"default","footnotes":""},"categories":[38,26],"tags":[],"class_list":["post-30333","post","type-post","status-publish","format-standard","hentry","category-deficiencia","category-legislacao"],"yoast_head":"<!-- This site is optimized with the Yoast SEO plugin v27.4 - https:\/\/yoast.com\/product\/yoast-seo-wordpress\/ -->\n<title>Com a reforma da previd\u00eancia, acesso ao Benef\u00edcio de Presta\u00e7\u00e3o Continuada (BPC) vai ficar muito mais complicado -<\/title>\n<meta name=\"robots\" content=\"index, follow, max-snippet:-1, max-image-preview:large, max-video-preview:-1\" \/>\n<link rel=\"canonical\" href=\"https:\/\/inclusivenews.com.br\/?p=30333\" \/>\n<meta property=\"og:locale\" content=\"pt_PT\" \/>\n<meta property=\"og:type\" content=\"article\" \/>\n<meta property=\"og:title\" content=\"Com a reforma da previd\u00eancia, acesso ao Benef\u00edcio de Presta\u00e7\u00e3o Continuada (BPC) vai ficar muito mais complicado -\" \/>\n<meta property=\"og:description\" content=\"Rosemere dos Santos (49 anos) \u00e9 dona de casa e m\u00e3e de Jo\u00e3o Pedro (17 anos) que tem s\u00edndrome de Down. Com o nascimento de Jo\u00e3o, o pai abandonou a fam\u00edlia e ela tornou-se a \u00fanica respons\u00e1vel pelo filho, que ainda tem dois irm\u00e3os. Diante da situa\u00e7\u00e3o, Rosemere entrou com o processo para solicitar o [&hellip;]\" \/>\n<meta property=\"og:url\" content=\"https:\/\/inclusivenews.com.br\/?p=30333\" \/>\n<meta property=\"article:publisher\" content=\"https:\/\/www.facebook.com\/agenciainclusive\/\" \/>\n<meta property=\"article:published_time\" content=\"2017-05-16T12:56:18+00:00\" \/>\n<meta property=\"og:image\" content=\"https:\/\/scontent.xx.fbcdn.net\/v\/t1.0-9\/18485675_949658581842562_4441067396865643743_n.jpg?oh=9ab1e62b57b6e97a825c7e9d783317cb&amp;oe=5975072C\" \/>\n<meta name=\"author\" content=\"inclusivenews2024\" \/>\n<meta name=\"twitter:card\" content=\"summary_large_image\" \/>\n<meta name=\"twitter:label1\" content=\"Escrito por\" \/>\n\t<meta name=\"twitter:data1\" content=\"inclusivenews2024\" \/>\n\t<meta name=\"twitter:label2\" content=\"Tempo estimado de leitura\" \/>\n\t<meta name=\"twitter:data2\" content=\"3 minutos\" \/>\n<script type=\"application\/ld+json\" class=\"yoast-schema-graph\">{\"@context\":\"https:\\\/\\\/schema.org\",\"@graph\":[{\"@type\":\"Article\",\"@id\":\"https:\\\/\\\/inclusivenews.com.br\\\/?p=30333#article\",\"isPartOf\":{\"@id\":\"https:\\\/\\\/inclusivenews.com.br\\\/?p=30333\"},\"author\":{\"name\":\"inclusivenews2024\",\"@id\":\"https:\\\/\\\/inclusivenews.com.br\\\/#\\\/schema\\\/person\\\/ae4ec7087559b8692fb33b6fffd2273b\"},\"headline\":\"Com a reforma da previd\u00eancia, acesso ao Benef\u00edcio de Presta\u00e7\u00e3o Continuada (BPC) vai ficar muito mais complicado\",\"datePublished\":\"2017-05-16T12:56:18+00:00\",\"mainEntityOfPage\":{\"@id\":\"https:\\\/\\\/inclusivenews.com.br\\\/?p=30333\"},\"wordCount\":521,\"commentCount\":1,\"publisher\":{\"@id\":\"https:\\\/\\\/inclusivenews.com.br\\\/#organization\"},\"image\":{\"@id\":\"https:\\\/\\\/inclusivenews.com.br\\\/?p=30333#primaryimage\"},\"thumbnailUrl\":\"https:\\\/\\\/scontent.xx.fbcdn.net\\\/v\\\/t1.0-9\\\/18485675_949658581842562_4441067396865643743_n.jpg?oh=9ab1e62b57b6e97a825c7e9d783317cb&amp;oe=5975072C\",\"articleSection\":[\"Defici\u00eancia\",\"Legisla\u00e7\u00e3o ...\"],\"inLanguage\":\"pt-PT\",\"potentialAction\":[{\"@type\":\"CommentAction\",\"name\":\"Comment\",\"target\":[\"https:\\\/\\\/inclusivenews.com.br\\\/?p=30333#respond\"]}]},{\"@type\":\"WebPage\",\"@id\":\"https:\\\/\\\/inclusivenews.com.br\\\/?p=30333\",\"url\":\"https:\\\/\\\/inclusivenews.com.br\\\/?p=30333\",\"name\":\"Com a reforma da previd\u00eancia, acesso ao Benef\u00edcio de Presta\u00e7\u00e3o Continuada (BPC) vai ficar muito mais complicado -\",\"isPartOf\":{\"@id\":\"https:\\\/\\\/inclusivenews.com.br\\\/#website\"},\"primaryImageOfPage\":{\"@id\":\"https:\\\/\\\/inclusivenews.com.br\\\/?p=30333#primaryimage\"},\"image\":{\"@id\":\"https:\\\/\\\/inclusivenews.com.br\\\/?p=30333#primaryimage\"},\"thumbnailUrl\":\"https:\\\/\\\/scontent.xx.fbcdn.net\\\/v\\\/t1.0-9\\\/18485675_949658581842562_4441067396865643743_n.jpg?oh=9ab1e62b57b6e97a825c7e9d783317cb&amp;oe=5975072C\",\"datePublished\":\"2017-05-16T12:56:18+00:00\",\"breadcrumb\":{\"@id\":\"https:\\\/\\\/inclusivenews.com.br\\\/?p=30333#breadcrumb\"},\"inLanguage\":\"pt-PT\",\"potentialAction\":[{\"@type\":\"ReadAction\",\"target\":[\"https:\\\/\\\/inclusivenews.com.br\\\/?p=30333\"]}]},{\"@type\":\"ImageObject\",\"inLanguage\":\"pt-PT\",\"@id\":\"https:\\\/\\\/inclusivenews.com.br\\\/?p=30333#primaryimage\",\"url\":\"https:\\\/\\\/scontent.xx.fbcdn.net\\\/v\\\/t1.0-9\\\/18485675_949658581842562_4441067396865643743_n.jpg?oh=9ab1e62b57b6e97a825c7e9d783317cb&amp;oe=5975072C\",\"contentUrl\":\"https:\\\/\\\/scontent.xx.fbcdn.net\\\/v\\\/t1.0-9\\\/18485675_949658581842562_4441067396865643743_n.jpg?oh=9ab1e62b57b6e97a825c7e9d783317cb&amp;oe=5975072C\"},{\"@type\":\"BreadcrumbList\",\"@id\":\"https:\\\/\\\/inclusivenews.com.br\\\/?p=30333#breadcrumb\",\"itemListElement\":[{\"@type\":\"ListItem\",\"position\":1,\"name\":\"In\u00edcio\",\"item\":\"https:\\\/\\\/inclusivenews.com.br\\\/\"},{\"@type\":\"ListItem\",\"position\":2,\"name\":\"Com a reforma da previd\u00eancia, acesso ao Benef\u00edcio de Presta\u00e7\u00e3o Continuada (BPC) vai ficar muito mais complicado\"}]},{\"@type\":\"WebSite\",\"@id\":\"https:\\\/\\\/inclusivenews.com.br\\\/#website\",\"url\":\"https:\\\/\\\/inclusivenews.com.br\\\/\",\"name\":\"Inclusive News\",\"description\":\"Inclusive News\",\"publisher\":{\"@id\":\"https:\\\/\\\/inclusivenews.com.br\\\/#organization\"},\"potentialAction\":[{\"@type\":\"SearchAction\",\"target\":{\"@type\":\"EntryPoint\",\"urlTemplate\":\"https:\\\/\\\/inclusivenews.com.br\\\/?s={search_term_string}\"},\"query-input\":{\"@type\":\"PropertyValueSpecification\",\"valueRequired\":true,\"valueName\":\"search_term_string\"}}],\"inLanguage\":\"pt-PT\"},{\"@type\":\"Organization\",\"@id\":\"https:\\\/\\\/inclusivenews.com.br\\\/#organization\",\"name\":\"Inclusive - inclus\u00e3o e cidadania\",\"url\":\"https:\\\/\\\/inclusivenews.com.br\\\/\",\"logo\":{\"@type\":\"ImageObject\",\"inLanguage\":\"pt-PT\",\"@id\":\"https:\\\/\\\/inclusivenews.com.br\\\/#\\\/schema\\\/logo\\\/image\\\/\",\"url\":\"https:\\\/\\\/inclusivenews.com.br\\\/wp-content\\\/uploads\\\/2024\\\/03\\\/@grandesite.png\",\"contentUrl\":\"https:\\\/\\\/inclusivenews.com.br\\\/wp-content\\\/uploads\\\/2024\\\/03\\\/@grandesite.png\",\"width\":1080,\"height\":1080,\"caption\":\"Inclusive - inclus\u00e3o e cidadania\"},\"image\":{\"@id\":\"https:\\\/\\\/inclusivenews.com.br\\\/#\\\/schema\\\/logo\\\/image\\\/\"},\"sameAs\":[\"https:\\\/\\\/www.facebook.com\\\/agenciainclusive\\\/\",\"https:\\\/\\\/www.instagram.com\\\/newsinclusive\\\/\"]},{\"@type\":\"Person\",\"@id\":\"https:\\\/\\\/inclusivenews.com.br\\\/#\\\/schema\\\/person\\\/ae4ec7087559b8692fb33b6fffd2273b\",\"name\":\"inclusivenews2024\",\"image\":{\"@type\":\"ImageObject\",\"inLanguage\":\"pt-PT\",\"@id\":\"https:\\\/\\\/secure.gravatar.com\\\/avatar\\\/c5a7ef84c66fa914f55bc4f7ce26cfa275a3b9a1c5568b907bd184fb4dde7b40?s=96&d=mm&r=g\",\"url\":\"https:\\\/\\\/secure.gravatar.com\\\/avatar\\\/c5a7ef84c66fa914f55bc4f7ce26cfa275a3b9a1c5568b907bd184fb4dde7b40?s=96&d=mm&r=g\",\"contentUrl\":\"https:\\\/\\\/secure.gravatar.com\\\/avatar\\\/c5a7ef84c66fa914f55bc4f7ce26cfa275a3b9a1c5568b907bd184fb4dde7b40?s=96&d=mm&r=g\",\"caption\":\"inclusivenews2024\"},\"sameAs\":[\"https:\\\/\\\/inclusivenews.com.br\"],\"url\":\"https:\\\/\\\/inclusivenews.com.br\\\/?author=1\"}]}<\/script>\n<!-- \/ Yoast SEO plugin. -->","yoast_head_json":{"title":"Com a reforma da previd\u00eancia, acesso ao Benef\u00edcio de Presta\u00e7\u00e3o Continuada (BPC) vai ficar muito mais complicado -","robots":{"index":"index","follow":"follow","max-snippet":"max-snippet:-1","max-image-preview":"max-image-preview:large","max-video-preview":"max-video-preview:-1"},"canonical":"https:\/\/inclusivenews.com.br\/?p=30333","og_locale":"pt_PT","og_type":"article","og_title":"Com a reforma da previd\u00eancia, acesso ao Benef\u00edcio de Presta\u00e7\u00e3o Continuada (BPC) vai ficar muito mais complicado -","og_description":"Rosemere dos Santos (49 anos) \u00e9 dona de casa e m\u00e3e de Jo\u00e3o Pedro (17 anos) que tem s\u00edndrome de Down. Com o nascimento de Jo\u00e3o, o pai abandonou a fam\u00edlia e ela tornou-se a \u00fanica respons\u00e1vel pelo filho, que ainda tem dois irm\u00e3os. Diante da situa\u00e7\u00e3o, Rosemere entrou com o processo para solicitar o [&hellip;]","og_url":"https:\/\/inclusivenews.com.br\/?p=30333","article_publisher":"https:\/\/www.facebook.com\/agenciainclusive\/","article_published_time":"2017-05-16T12:56:18+00:00","og_image":[{"url":"https:\/\/scontent.xx.fbcdn.net\/v\/t1.0-9\/18485675_949658581842562_4441067396865643743_n.jpg?oh=9ab1e62b57b6e97a825c7e9d783317cb&amp;oe=5975072C","type":"","width":"","height":""}],"author":"inclusivenews2024","twitter_card":"summary_large_image","twitter_misc":{"Escrito por":"inclusivenews2024","Tempo estimado de leitura":"3 minutos"},"schema":{"@context":"https:\/\/schema.org","@graph":[{"@type":"Article","@id":"https:\/\/inclusivenews.com.br\/?p=30333#article","isPartOf":{"@id":"https:\/\/inclusivenews.com.br\/?p=30333"},"author":{"name":"inclusivenews2024","@id":"https:\/\/inclusivenews.com.br\/#\/schema\/person\/ae4ec7087559b8692fb33b6fffd2273b"},"headline":"Com a reforma da previd\u00eancia, acesso ao Benef\u00edcio de Presta\u00e7\u00e3o Continuada (BPC) vai ficar muito mais complicado","datePublished":"2017-05-16T12:56:18+00:00","mainEntityOfPage":{"@id":"https:\/\/inclusivenews.com.br\/?p=30333"},"wordCount":521,"commentCount":1,"publisher":{"@id":"https:\/\/inclusivenews.com.br\/#organization"},"image":{"@id":"https:\/\/inclusivenews.com.br\/?p=30333#primaryimage"},"thumbnailUrl":"https:\/\/scontent.xx.fbcdn.net\/v\/t1.0-9\/18485675_949658581842562_4441067396865643743_n.jpg?oh=9ab1e62b57b6e97a825c7e9d783317cb&amp;oe=5975072C","articleSection":["Defici\u00eancia","Legisla\u00e7\u00e3o ..."],"inLanguage":"pt-PT","potentialAction":[{"@type":"CommentAction","name":"Comment","target":["https:\/\/inclusivenews.com.br\/?p=30333#respond"]}]},{"@type":"WebPage","@id":"https:\/\/inclusivenews.com.br\/?p=30333","url":"https:\/\/inclusivenews.com.br\/?p=30333","name":"Com a reforma da previd\u00eancia, acesso ao Benef\u00edcio de Presta\u00e7\u00e3o Continuada (BPC) vai ficar muito mais complicado -","isPartOf":{"@id":"https:\/\/inclusivenews.com.br\/#website"},"primaryImageOfPage":{"@id":"https:\/\/inclusivenews.com.br\/?p=30333#primaryimage"},"image":{"@id":"https:\/\/inclusivenews.com.br\/?p=30333#primaryimage"},"thumbnailUrl":"https:\/\/scontent.xx.fbcdn.net\/v\/t1.0-9\/18485675_949658581842562_4441067396865643743_n.jpg?oh=9ab1e62b57b6e97a825c7e9d783317cb&amp;oe=5975072C","datePublished":"2017-05-16T12:56:18+00:00","breadcrumb":{"@id":"https:\/\/inclusivenews.com.br\/?p=30333#breadcrumb"},"inLanguage":"pt-PT","potentialAction":[{"@type":"ReadAction","target":["https:\/\/inclusivenews.com.br\/?p=30333"]}]},{"@type":"ImageObject","inLanguage":"pt-PT","@id":"https:\/\/inclusivenews.com.br\/?p=30333#primaryimage","url":"https:\/\/scontent.xx.fbcdn.net\/v\/t1.0-9\/18485675_949658581842562_4441067396865643743_n.jpg?oh=9ab1e62b57b6e97a825c7e9d783317cb&amp;oe=5975072C","contentUrl":"https:\/\/scontent.xx.fbcdn.net\/v\/t1.0-9\/18485675_949658581842562_4441067396865643743_n.jpg?oh=9ab1e62b57b6e97a825c7e9d783317cb&amp;oe=5975072C"},{"@type":"BreadcrumbList","@id":"https:\/\/inclusivenews.com.br\/?p=30333#breadcrumb","itemListElement":[{"@type":"ListItem","position":1,"name":"In\u00edcio","item":"https:\/\/inclusivenews.com.br\/"},{"@type":"ListItem","position":2,"name":"Com a reforma da previd\u00eancia, acesso ao Benef\u00edcio de Presta\u00e7\u00e3o Continuada (BPC) vai ficar muito mais complicado"}]},{"@type":"WebSite","@id":"https:\/\/inclusivenews.com.br\/#website","url":"https:\/\/inclusivenews.com.br\/","name":"Inclusive News","description":"Inclusive News","publisher":{"@id":"https:\/\/inclusivenews.com.br\/#organization"},"potentialAction":[{"@type":"SearchAction","target":{"@type":"EntryPoint","urlTemplate":"https:\/\/inclusivenews.com.br\/?s={search_term_string}"},"query-input":{"@type":"PropertyValueSpecification","valueRequired":true,"valueName":"search_term_string"}}],"inLanguage":"pt-PT"},{"@type":"Organization","@id":"https:\/\/inclusivenews.com.br\/#organization","name":"Inclusive - inclus\u00e3o e cidadania","url":"https:\/\/inclusivenews.com.br\/","logo":{"@type":"ImageObject","inLanguage":"pt-PT","@id":"https:\/\/inclusivenews.com.br\/#\/schema\/logo\/image\/","url":"https:\/\/inclusivenews.com.br\/wp-content\/uploads\/2024\/03\/@grandesite.png","contentUrl":"https:\/\/inclusivenews.com.br\/wp-content\/uploads\/2024\/03\/@grandesite.png","width":1080,"height":1080,"caption":"Inclusive - inclus\u00e3o e cidadania"},"image":{"@id":"https:\/\/inclusivenews.com.br\/#\/schema\/logo\/image\/"},"sameAs":["https:\/\/www.facebook.com\/agenciainclusive\/","https:\/\/www.instagram.com\/newsinclusive\/"]},{"@type":"Person","@id":"https:\/\/inclusivenews.com.br\/#\/schema\/person\/ae4ec7087559b8692fb33b6fffd2273b","name":"inclusivenews2024","image":{"@type":"ImageObject","inLanguage":"pt-PT","@id":"https:\/\/secure.gravatar.com\/avatar\/c5a7ef84c66fa914f55bc4f7ce26cfa275a3b9a1c5568b907bd184fb4dde7b40?s=96&d=mm&r=g","url":"https:\/\/secure.gravatar.com\/avatar\/c5a7ef84c66fa914f55bc4f7ce26cfa275a3b9a1c5568b907bd184fb4dde7b40?s=96&d=mm&r=g","contentUrl":"https:\/\/secure.gravatar.com\/avatar\/c5a7ef84c66fa914f55bc4f7ce26cfa275a3b9a1c5568b907bd184fb4dde7b40?s=96&d=mm&r=g","caption":"inclusivenews2024"},"sameAs":["https:\/\/inclusivenews.com.br"],"url":"https:\/\/inclusivenews.com.br\/?author=1"}]}},"_links":{"self":[{"href":"https:\/\/inclusivenews.com.br\/index.php?rest_route=\/wp\/v2\/posts\/30333","targetHints":{"allow":["GET"]}}],"collection":[{"href":"https:\/\/inclusivenews.com.br\/index.php?rest_route=\/wp\/v2\/posts"}],"about":[{"href":"https:\/\/inclusivenews.com.br\/index.php?rest_route=\/wp\/v2\/types\/post"}],"author":[{"embeddable":true,"href":"https:\/\/inclusivenews.com.br\/index.php?rest_route=\/wp\/v2\/users\/1"}],"replies":[{"embeddable":true,"href":"https:\/\/inclusivenews.com.br\/index.php?rest_route=%2Fwp%2Fv2%2Fcomments&post=30333"}],"version-history":[{"count":0,"href":"https:\/\/inclusivenews.com.br\/index.php?rest_route=\/wp\/v2\/posts\/30333\/revisions"}],"wp:attachment":[{"href":"https:\/\/inclusivenews.com.br\/index.php?rest_route=%2Fwp%2Fv2%2Fmedia&parent=30333"}],"wp:term":[{"taxonomy":"category","embeddable":true,"href":"https:\/\/inclusivenews.com.br\/index.php?rest_route=%2Fwp%2Fv2%2Fcategories&post=30333"},{"taxonomy":"post_tag","embeddable":true,"href":"https:\/\/inclusivenews.com.br\/index.php?rest_route=%2Fwp%2Fv2%2Ftags&post=30333"}],"curies":[{"name":"wp","href":"https:\/\/api.w.org\/{rel}","templated":true}]}}