{"id":30339,"date":"2017-05-23T05:43:41","date_gmt":"2017-05-23T08:43:41","guid":{"rendered":"http:\/\/www.inclusive.org.br\/?p=30339"},"modified":"2017-05-23T05:43:41","modified_gmt":"2017-05-23T08:43:41","slug":"encontro-acessibilidade-em-ambientes-culturais-16-rio","status":"publish","type":"post","link":"https:\/\/inclusivenews.com.br\/?p=30339","title":{"rendered":"Encontro Acessibilidade em Ambientes Culturais &#8211; 1\/6 &#8211; Rio"},"content":{"rendered":"<p><img loading=\"lazy\" decoding=\"async\" class=\"alignnone\" src=\"https:\/\/scontent.xx.fbcdn.net\/v\/t31.0-8\/18588788_1467744306580344_2817631128228105363_o.jpg?oh=61f40f3bea97ec552db8033eec2e15ee&amp;oe=599F3B4A\" alt=\"foto de detalhe do rosto de uma estatua. circulos pontilhados em volta do olho e da orelha. dados do evento (no texto).\" width=\"1415\" height=\"591\" \/><\/p>\n<p>A Universidade Federal do Rio de Janeiro (UFRJ) destaca-se enquanto institui\u00e7\u00e3o p\u00fablica no campo de forma\u00e7\u00e3o em acessibilidade cultural para pessoas com defici\u00eancia atrav\u00e9s de diferentes iniciativas, entre elas a forma\u00e7\u00e3o em n\u00edvel de p\u00f3s-gradua\u00e7\u00e3o o Curso de Especializa\u00e7\u00e3o em Acessibilidade Cultural.<br \/>\nNa atual conjuntura, novos desafios nos s\u00e3o impostos para que a pol\u00edtica de promo\u00e7\u00e3o a cidadania cultural das pessoas com defici\u00eancia continue com pauta latente tanto no campo das pol\u00edticas culturais como tamb\u00e9m na forma\u00e7\u00e3o para qualifica\u00e7\u00e3o e atua\u00e7\u00e3o na \u00e1rea.<br \/>\nCom o objetivo de dar continuidade a proposta de forma\u00e7\u00e3o em acessibilidade em ambientes culturais para a promo\u00e7\u00e3o da cidadania cultural das pessoas com defici\u00eancia, a UFRJ realizar\u00e1 Encontro, que contar\u00e1 com minicursos e lan\u00e7amentos de livros.<\/p>\n<p>1\/6 &#8211; 14h<br \/>\nF\u00f3rum de Ci\u00eancia e Cultura<br \/>\nAv. Rui Barbosa, 762 &#8211; Flamengo, Rio de Janeiro\/RJ<\/p>\n","protected":false},"excerpt":{"rendered":"<p>A Universidade Federal do Rio de Janeiro (UFRJ) destaca-se enquanto institui\u00e7\u00e3o p\u00fablica no campo de forma\u00e7\u00e3o em acessibilidade cultural para pessoas com defici\u00eancia atrav\u00e9s de diferentes iniciativas, entre elas a forma\u00e7\u00e3o em n\u00edvel de p\u00f3s-gradua\u00e7\u00e3o o Curso de Especializa\u00e7\u00e3o em Acessibilidade Cultural. Na atual conjuntura, novos desafios nos s\u00e3o impostos para que a pol\u00edtica de [&hellip;]<\/p>\n","protected":false},"author":1,"featured_media":0,"comment_status":"open","ping_status":"open","sticky":false,"template":"","format":"standard","meta":{"site-container-style":"default","site-container-layout":"default","site-sidebar-layout":"default","disable-article-header":"default","disable-site-header":"default","disable-site-footer":"default","disable-content-area-spacing":"default","footnotes":""},"categories":[29,38],"tags":[],"class_list":["post-30339","post","type-post","status-publish","format-standard","hentry","category-cultura","category-deficiencia"],"yoast_head":"<!-- This site is optimized with the Yoast SEO plugin v27.4 - https:\/\/yoast.com\/product\/yoast-seo-wordpress\/ -->\n<title>Encontro Acessibilidade em Ambientes Culturais - 1\/6 - Rio -<\/title>\n<meta name=\"robots\" content=\"index, follow, max-snippet:-1, max-image-preview:large, max-video-preview:-1\" \/>\n<link rel=\"canonical\" href=\"https:\/\/inclusivenews.com.br\/?p=30339\" \/>\n<meta property=\"og:locale\" content=\"pt_PT\" \/>\n<meta property=\"og:type\" content=\"article\" \/>\n<meta property=\"og:title\" content=\"Encontro Acessibilidade em Ambientes Culturais - 1\/6 - Rio -\" \/>\n<meta property=\"og:description\" content=\"A Universidade Federal do Rio de Janeiro (UFRJ) destaca-se enquanto institui\u00e7\u00e3o p\u00fablica no campo de forma\u00e7\u00e3o em acessibilidade cultural para pessoas com defici\u00eancia atrav\u00e9s de diferentes iniciativas, entre elas a forma\u00e7\u00e3o em n\u00edvel de p\u00f3s-gradua\u00e7\u00e3o o Curso de Especializa\u00e7\u00e3o em Acessibilidade Cultural. Na atual conjuntura, novos desafios nos s\u00e3o impostos para que a pol\u00edtica de [&hellip;]\" \/>\n<meta property=\"og:url\" content=\"https:\/\/inclusivenews.com.br\/?p=30339\" \/>\n<meta property=\"article:publisher\" content=\"https:\/\/www.facebook.com\/agenciainclusive\/\" \/>\n<meta property=\"article:published_time\" content=\"2017-05-23T08:43:41+00:00\" \/>\n<meta property=\"og:image\" content=\"https:\/\/scontent.xx.fbcdn.net\/v\/t31.0-8\/18588788_1467744306580344_2817631128228105363_o.jpg?oh=61f40f3bea97ec552db8033eec2e15ee&amp;oe=599F3B4A\" \/>\n<meta name=\"author\" content=\"inclusivenews2024\" \/>\n<meta name=\"twitter:card\" content=\"summary_large_image\" \/>\n<meta name=\"twitter:label1\" content=\"Escrito por\" \/>\n\t<meta name=\"twitter:data1\" content=\"inclusivenews2024\" \/>\n\t<meta name=\"twitter:label2\" content=\"Tempo estimado de leitura\" \/>\n\t<meta name=\"twitter:data2\" content=\"1 minuto\" \/>\n<script type=\"application\/ld+json\" class=\"yoast-schema-graph\">{\"@context\":\"https:\\\/\\\/schema.org\",\"@graph\":[{\"@type\":\"Article\",\"@id\":\"https:\\\/\\\/inclusivenews.com.br\\\/?p=30339#article\",\"isPartOf\":{\"@id\":\"https:\\\/\\\/inclusivenews.com.br\\\/?p=30339\"},\"author\":{\"name\":\"inclusivenews2024\",\"@id\":\"https:\\\/\\\/inclusivenews.com.br\\\/#\\\/schema\\\/person\\\/ae4ec7087559b8692fb33b6fffd2273b\"},\"headline\":\"Encontro Acessibilidade em Ambientes Culturais &#8211; 1\\\/6 &#8211; Rio\",\"datePublished\":\"2017-05-23T08:43:41+00:00\",\"mainEntityOfPage\":{\"@id\":\"https:\\\/\\\/inclusivenews.com.br\\\/?p=30339\"},\"wordCount\":169,\"commentCount\":1,\"publisher\":{\"@id\":\"https:\\\/\\\/inclusivenews.com.br\\\/#organization\"},\"image\":{\"@id\":\"https:\\\/\\\/inclusivenews.com.br\\\/?p=30339#primaryimage\"},\"thumbnailUrl\":\"https:\\\/\\\/scontent.xx.fbcdn.net\\\/v\\\/t31.0-8\\\/18588788_1467744306580344_2817631128228105363_o.jpg?oh=61f40f3bea97ec552db8033eec2e15ee&amp;oe=599F3B4A\",\"articleSection\":[\"Cultura\",\"Defici\u00eancia\"],\"inLanguage\":\"pt-PT\",\"potentialAction\":[{\"@type\":\"CommentAction\",\"name\":\"Comment\",\"target\":[\"https:\\\/\\\/inclusivenews.com.br\\\/?p=30339#respond\"]}]},{\"@type\":\"WebPage\",\"@id\":\"https:\\\/\\\/inclusivenews.com.br\\\/?p=30339\",\"url\":\"https:\\\/\\\/inclusivenews.com.br\\\/?p=30339\",\"name\":\"Encontro Acessibilidade em Ambientes Culturais - 1\\\/6 - Rio -\",\"isPartOf\":{\"@id\":\"https:\\\/\\\/inclusivenews.com.br\\\/#website\"},\"primaryImageOfPage\":{\"@id\":\"https:\\\/\\\/inclusivenews.com.br\\\/?p=30339#primaryimage\"},\"image\":{\"@id\":\"https:\\\/\\\/inclusivenews.com.br\\\/?p=30339#primaryimage\"},\"thumbnailUrl\":\"https:\\\/\\\/scontent.xx.fbcdn.net\\\/v\\\/t31.0-8\\\/18588788_1467744306580344_2817631128228105363_o.jpg?oh=61f40f3bea97ec552db8033eec2e15ee&amp;oe=599F3B4A\",\"datePublished\":\"2017-05-23T08:43:41+00:00\",\"breadcrumb\":{\"@id\":\"https:\\\/\\\/inclusivenews.com.br\\\/?p=30339#breadcrumb\"},\"inLanguage\":\"pt-PT\",\"potentialAction\":[{\"@type\":\"ReadAction\",\"target\":[\"https:\\\/\\\/inclusivenews.com.br\\\/?p=30339\"]}]},{\"@type\":\"ImageObject\",\"inLanguage\":\"pt-PT\",\"@id\":\"https:\\\/\\\/inclusivenews.com.br\\\/?p=30339#primaryimage\",\"url\":\"https:\\\/\\\/scontent.xx.fbcdn.net\\\/v\\\/t31.0-8\\\/18588788_1467744306580344_2817631128228105363_o.jpg?oh=61f40f3bea97ec552db8033eec2e15ee&amp;oe=599F3B4A\",\"contentUrl\":\"https:\\\/\\\/scontent.xx.fbcdn.net\\\/v\\\/t31.0-8\\\/18588788_1467744306580344_2817631128228105363_o.jpg?oh=61f40f3bea97ec552db8033eec2e15ee&amp;oe=599F3B4A\"},{\"@type\":\"BreadcrumbList\",\"@id\":\"https:\\\/\\\/inclusivenews.com.br\\\/?p=30339#breadcrumb\",\"itemListElement\":[{\"@type\":\"ListItem\",\"position\":1,\"name\":\"In\u00edcio\",\"item\":\"https:\\\/\\\/inclusivenews.com.br\\\/\"},{\"@type\":\"ListItem\",\"position\":2,\"name\":\"Encontro Acessibilidade em Ambientes Culturais &#8211; 1\\\/6 &#8211; Rio\"}]},{\"@type\":\"WebSite\",\"@id\":\"https:\\\/\\\/inclusivenews.com.br\\\/#website\",\"url\":\"https:\\\/\\\/inclusivenews.com.br\\\/\",\"name\":\"Inclusive News\",\"description\":\"Inclusive News\",\"publisher\":{\"@id\":\"https:\\\/\\\/inclusivenews.com.br\\\/#organization\"},\"potentialAction\":[{\"@type\":\"SearchAction\",\"target\":{\"@type\":\"EntryPoint\",\"urlTemplate\":\"https:\\\/\\\/inclusivenews.com.br\\\/?s={search_term_string}\"},\"query-input\":{\"@type\":\"PropertyValueSpecification\",\"valueRequired\":true,\"valueName\":\"search_term_string\"}}],\"inLanguage\":\"pt-PT\"},{\"@type\":\"Organization\",\"@id\":\"https:\\\/\\\/inclusivenews.com.br\\\/#organization\",\"name\":\"Inclusive - inclus\u00e3o e cidadania\",\"url\":\"https:\\\/\\\/inclusivenews.com.br\\\/\",\"logo\":{\"@type\":\"ImageObject\",\"inLanguage\":\"pt-PT\",\"@id\":\"https:\\\/\\\/inclusivenews.com.br\\\/#\\\/schema\\\/logo\\\/image\\\/\",\"url\":\"https:\\\/\\\/inclusivenews.com.br\\\/wp-content\\\/uploads\\\/2024\\\/03\\\/@grandesite.png\",\"contentUrl\":\"https:\\\/\\\/inclusivenews.com.br\\\/wp-content\\\/uploads\\\/2024\\\/03\\\/@grandesite.png\",\"width\":1080,\"height\":1080,\"caption\":\"Inclusive - inclus\u00e3o e cidadania\"},\"image\":{\"@id\":\"https:\\\/\\\/inclusivenews.com.br\\\/#\\\/schema\\\/logo\\\/image\\\/\"},\"sameAs\":[\"https:\\\/\\\/www.facebook.com\\\/agenciainclusive\\\/\",\"https:\\\/\\\/www.instagram.com\\\/newsinclusive\\\/\"]},{\"@type\":\"Person\",\"@id\":\"https:\\\/\\\/inclusivenews.com.br\\\/#\\\/schema\\\/person\\\/ae4ec7087559b8692fb33b6fffd2273b\",\"name\":\"inclusivenews2024\",\"image\":{\"@type\":\"ImageObject\",\"inLanguage\":\"pt-PT\",\"@id\":\"https:\\\/\\\/secure.gravatar.com\\\/avatar\\\/c5a7ef84c66fa914f55bc4f7ce26cfa275a3b9a1c5568b907bd184fb4dde7b40?s=96&d=mm&r=g\",\"url\":\"https:\\\/\\\/secure.gravatar.com\\\/avatar\\\/c5a7ef84c66fa914f55bc4f7ce26cfa275a3b9a1c5568b907bd184fb4dde7b40?s=96&d=mm&r=g\",\"contentUrl\":\"https:\\\/\\\/secure.gravatar.com\\\/avatar\\\/c5a7ef84c66fa914f55bc4f7ce26cfa275a3b9a1c5568b907bd184fb4dde7b40?s=96&d=mm&r=g\",\"caption\":\"inclusivenews2024\"},\"sameAs\":[\"https:\\\/\\\/inclusivenews.com.br\"],\"url\":\"https:\\\/\\\/inclusivenews.com.br\\\/?author=1\"}]}<\/script>\n<!-- \/ Yoast SEO plugin. -->","yoast_head_json":{"title":"Encontro Acessibilidade em Ambientes Culturais - 1\/6 - Rio -","robots":{"index":"index","follow":"follow","max-snippet":"max-snippet:-1","max-image-preview":"max-image-preview:large","max-video-preview":"max-video-preview:-1"},"canonical":"https:\/\/inclusivenews.com.br\/?p=30339","og_locale":"pt_PT","og_type":"article","og_title":"Encontro Acessibilidade em Ambientes Culturais - 1\/6 - Rio -","og_description":"A Universidade Federal do Rio de Janeiro (UFRJ) destaca-se enquanto institui\u00e7\u00e3o p\u00fablica no campo de forma\u00e7\u00e3o em acessibilidade cultural para pessoas com defici\u00eancia atrav\u00e9s de diferentes iniciativas, entre elas a forma\u00e7\u00e3o em n\u00edvel de p\u00f3s-gradua\u00e7\u00e3o o Curso de Especializa\u00e7\u00e3o em Acessibilidade Cultural. Na atual conjuntura, novos desafios nos s\u00e3o impostos para que a pol\u00edtica de [&hellip;]","og_url":"https:\/\/inclusivenews.com.br\/?p=30339","article_publisher":"https:\/\/www.facebook.com\/agenciainclusive\/","article_published_time":"2017-05-23T08:43:41+00:00","og_image":[{"url":"https:\/\/scontent.xx.fbcdn.net\/v\/t31.0-8\/18588788_1467744306580344_2817631128228105363_o.jpg?oh=61f40f3bea97ec552db8033eec2e15ee&amp;oe=599F3B4A","type":"","width":"","height":""}],"author":"inclusivenews2024","twitter_card":"summary_large_image","twitter_misc":{"Escrito por":"inclusivenews2024","Tempo estimado de leitura":"1 minuto"},"schema":{"@context":"https:\/\/schema.org","@graph":[{"@type":"Article","@id":"https:\/\/inclusivenews.com.br\/?p=30339#article","isPartOf":{"@id":"https:\/\/inclusivenews.com.br\/?p=30339"},"author":{"name":"inclusivenews2024","@id":"https:\/\/inclusivenews.com.br\/#\/schema\/person\/ae4ec7087559b8692fb33b6fffd2273b"},"headline":"Encontro Acessibilidade em Ambientes Culturais &#8211; 1\/6 &#8211; Rio","datePublished":"2017-05-23T08:43:41+00:00","mainEntityOfPage":{"@id":"https:\/\/inclusivenews.com.br\/?p=30339"},"wordCount":169,"commentCount":1,"publisher":{"@id":"https:\/\/inclusivenews.com.br\/#organization"},"image":{"@id":"https:\/\/inclusivenews.com.br\/?p=30339#primaryimage"},"thumbnailUrl":"https:\/\/scontent.xx.fbcdn.net\/v\/t31.0-8\/18588788_1467744306580344_2817631128228105363_o.jpg?oh=61f40f3bea97ec552db8033eec2e15ee&amp;oe=599F3B4A","articleSection":["Cultura","Defici\u00eancia"],"inLanguage":"pt-PT","potentialAction":[{"@type":"CommentAction","name":"Comment","target":["https:\/\/inclusivenews.com.br\/?p=30339#respond"]}]},{"@type":"WebPage","@id":"https:\/\/inclusivenews.com.br\/?p=30339","url":"https:\/\/inclusivenews.com.br\/?p=30339","name":"Encontro Acessibilidade em Ambientes Culturais - 1\/6 - Rio -","isPartOf":{"@id":"https:\/\/inclusivenews.com.br\/#website"},"primaryImageOfPage":{"@id":"https:\/\/inclusivenews.com.br\/?p=30339#primaryimage"},"image":{"@id":"https:\/\/inclusivenews.com.br\/?p=30339#primaryimage"},"thumbnailUrl":"https:\/\/scontent.xx.fbcdn.net\/v\/t31.0-8\/18588788_1467744306580344_2817631128228105363_o.jpg?oh=61f40f3bea97ec552db8033eec2e15ee&amp;oe=599F3B4A","datePublished":"2017-05-23T08:43:41+00:00","breadcrumb":{"@id":"https:\/\/inclusivenews.com.br\/?p=30339#breadcrumb"},"inLanguage":"pt-PT","potentialAction":[{"@type":"ReadAction","target":["https:\/\/inclusivenews.com.br\/?p=30339"]}]},{"@type":"ImageObject","inLanguage":"pt-PT","@id":"https:\/\/inclusivenews.com.br\/?p=30339#primaryimage","url":"https:\/\/scontent.xx.fbcdn.net\/v\/t31.0-8\/18588788_1467744306580344_2817631128228105363_o.jpg?oh=61f40f3bea97ec552db8033eec2e15ee&amp;oe=599F3B4A","contentUrl":"https:\/\/scontent.xx.fbcdn.net\/v\/t31.0-8\/18588788_1467744306580344_2817631128228105363_o.jpg?oh=61f40f3bea97ec552db8033eec2e15ee&amp;oe=599F3B4A"},{"@type":"BreadcrumbList","@id":"https:\/\/inclusivenews.com.br\/?p=30339#breadcrumb","itemListElement":[{"@type":"ListItem","position":1,"name":"In\u00edcio","item":"https:\/\/inclusivenews.com.br\/"},{"@type":"ListItem","position":2,"name":"Encontro Acessibilidade em Ambientes Culturais &#8211; 1\/6 &#8211; Rio"}]},{"@type":"WebSite","@id":"https:\/\/inclusivenews.com.br\/#website","url":"https:\/\/inclusivenews.com.br\/","name":"Inclusive News","description":"Inclusive News","publisher":{"@id":"https:\/\/inclusivenews.com.br\/#organization"},"potentialAction":[{"@type":"SearchAction","target":{"@type":"EntryPoint","urlTemplate":"https:\/\/inclusivenews.com.br\/?s={search_term_string}"},"query-input":{"@type":"PropertyValueSpecification","valueRequired":true,"valueName":"search_term_string"}}],"inLanguage":"pt-PT"},{"@type":"Organization","@id":"https:\/\/inclusivenews.com.br\/#organization","name":"Inclusive - inclus\u00e3o e cidadania","url":"https:\/\/inclusivenews.com.br\/","logo":{"@type":"ImageObject","inLanguage":"pt-PT","@id":"https:\/\/inclusivenews.com.br\/#\/schema\/logo\/image\/","url":"https:\/\/inclusivenews.com.br\/wp-content\/uploads\/2024\/03\/@grandesite.png","contentUrl":"https:\/\/inclusivenews.com.br\/wp-content\/uploads\/2024\/03\/@grandesite.png","width":1080,"height":1080,"caption":"Inclusive - inclus\u00e3o e cidadania"},"image":{"@id":"https:\/\/inclusivenews.com.br\/#\/schema\/logo\/image\/"},"sameAs":["https:\/\/www.facebook.com\/agenciainclusive\/","https:\/\/www.instagram.com\/newsinclusive\/"]},{"@type":"Person","@id":"https:\/\/inclusivenews.com.br\/#\/schema\/person\/ae4ec7087559b8692fb33b6fffd2273b","name":"inclusivenews2024","image":{"@type":"ImageObject","inLanguage":"pt-PT","@id":"https:\/\/secure.gravatar.com\/avatar\/c5a7ef84c66fa914f55bc4f7ce26cfa275a3b9a1c5568b907bd184fb4dde7b40?s=96&d=mm&r=g","url":"https:\/\/secure.gravatar.com\/avatar\/c5a7ef84c66fa914f55bc4f7ce26cfa275a3b9a1c5568b907bd184fb4dde7b40?s=96&d=mm&r=g","contentUrl":"https:\/\/secure.gravatar.com\/avatar\/c5a7ef84c66fa914f55bc4f7ce26cfa275a3b9a1c5568b907bd184fb4dde7b40?s=96&d=mm&r=g","caption":"inclusivenews2024"},"sameAs":["https:\/\/inclusivenews.com.br"],"url":"https:\/\/inclusivenews.com.br\/?author=1"}]}},"_links":{"self":[{"href":"https:\/\/inclusivenews.com.br\/index.php?rest_route=\/wp\/v2\/posts\/30339","targetHints":{"allow":["GET"]}}],"collection":[{"href":"https:\/\/inclusivenews.com.br\/index.php?rest_route=\/wp\/v2\/posts"}],"about":[{"href":"https:\/\/inclusivenews.com.br\/index.php?rest_route=\/wp\/v2\/types\/post"}],"author":[{"embeddable":true,"href":"https:\/\/inclusivenews.com.br\/index.php?rest_route=\/wp\/v2\/users\/1"}],"replies":[{"embeddable":true,"href":"https:\/\/inclusivenews.com.br\/index.php?rest_route=%2Fwp%2Fv2%2Fcomments&post=30339"}],"version-history":[{"count":0,"href":"https:\/\/inclusivenews.com.br\/index.php?rest_route=\/wp\/v2\/posts\/30339\/revisions"}],"wp:attachment":[{"href":"https:\/\/inclusivenews.com.br\/index.php?rest_route=%2Fwp%2Fv2%2Fmedia&parent=30339"}],"wp:term":[{"taxonomy":"category","embeddable":true,"href":"https:\/\/inclusivenews.com.br\/index.php?rest_route=%2Fwp%2Fv2%2Fcategories&post=30339"},{"taxonomy":"post_tag","embeddable":true,"href":"https:\/\/inclusivenews.com.br\/index.php?rest_route=%2Fwp%2Fv2%2Ftags&post=30339"}],"curies":[{"name":"wp","href":"https:\/\/api.w.org\/{rel}","templated":true}]}}