{"id":30343,"date":"2017-05-31T17:33:26","date_gmt":"2017-05-31T20:33:26","guid":{"rendered":"http:\/\/www.inclusive.org.br\/?p=30343"},"modified":"2017-05-31T17:33:26","modified_gmt":"2017-05-31T20:33:26","slug":"consultoria-para-acessibilidade-criativa-e-lancada-na-reatech","status":"publish","type":"post","link":"https:\/\/inclusivenews.com.br\/?p=30343","title":{"rendered":"Consultoria para acessibilidade criativa \u00e9 lan\u00e7ada na Reatech"},"content":{"rendered":"<p><img loading=\"lazy\" decoding=\"async\" class=\"alignnone wp-image-30344\" src=\"http:\/\/inclusivenews.com.br\/wp-content\/uploads\/inc.png\" alt=\"sobre fundo azul rosado em letras brancas - Inclusao - depende de todos nos. simbolos de idoso de bengala, cego com bengala, mulher, cadeirante e homem.\" width=\"514\" height=\"514\" \/><\/p>\n<p><b>Sondery: primeira consultoria para acessibilidade criativa \u00e9 lan\u00e7ada em S\u00e3o Paulo durante a Reatech<\/b><\/p>\n<p><i>E se as pessoas percebessem que acessibilidade e criatividade n\u00e3o s\u00e3o excludentes?<\/i><\/p>\n<p>A publicit\u00e1ria Ana Clara Schneider sempre se incomodou com a disparidade na qualidade dos trabalhos feitos para produtos versus aqueles feitos para causas. Apaixonada por inclus\u00e3o e acessibilidade, ela acaba de lan\u00e7ar a <i>Sondery Creative Accessibility<\/i> &#8211; uma consultoria para acessibilidade criativa cujo objetivo \u00e9 <b>criar\u00a0solu\u00e7\u00f5es<\/b>\u00a0<b>para o mercado de comunica\u00e7\u00e3o<\/b> que sejam criativas como a publicidade espera que elas sejam, e acess\u00edveis como as pessoas com defici\u00eancia gostariam que elas fossem.<\/p>\n<p><b>A Sondery ser\u00e1 apresentada oficialmente ao mercado durante a<\/b> <b>Reatech<\/b> (Feira Internacional de Tecnologias em Reabilita\u00e7\u00e3o), entre os dias 1 e 4 de junho \u2013 estande 155, rua 100\u00a0 (<a href=\"http:\/\/reatech.tmp.br\/17\/planta\/reatech.pdf\"><i>http:\/\/reatech.tmp.br\/17\/planta\/reatech.pdf<\/i><\/a>).<\/p>\n<p>.<\/p>\n<p><b><i>Situa\u00e7\u00f5es de consumo podem e devem ser acess\u00edveis<\/i><\/b><\/p>\n<p>De acordo com o IBGE, o Brasil possui cerca de 46 milh\u00f5es de pessoas com algum tipo de defici\u00eancia intelectual, motora, visual ou auditiva. Isso significa 24% da popula\u00e7\u00e3o, ou seja, um contingente de consumidores para produtos e servi\u00e7os, sendo a grande maioria (86%) das classes A, B e C. A <i>Sondery<\/i> chega para garantir o empoderamento, ampliar a representatividade e promover a <b>inclus\u00e3o<\/b> (social e econ\u00f4mica) dessas pessoas com defici\u00eancia (PCD) por meio da <b>cria\u00e7\u00e3o de situa\u00e7\u00f5es de consumo acess\u00edveis:<\/b> sejam elas de produtos, servi\u00e7os ou conte\u00fados. \u201cTrabalhando e conhecendo gente de ag\u00eancias de publicidade, eu aprendi que \u00e9 poss\u00edvel fazer tudo\u200a\u2014\u200aou quase tudo\u200a\u2014\u200aser realidade\u201d garante Ana Clara. Segundo ela, a publicidade pode sim ter uma responsabilidade social, pois ela tem o poder e a capacidade pra isso.<\/p>\n<p>A <i>Sondery<\/i> aposta na parceria com o cliente desde o momento zero dos projetos, ajudando empresas e ag\u00eancias a desenvolver ideias, acompanhar o desenvolvimento e dar consultoria em todos os projetos de comunica\u00e7\u00e3o no universo PCD. \u201cApesar de muitas barreiras para a inclus\u00e3o serem estruturais, a principal delas \u00e9 referente \u00e0\u00a0atitude\u201d. Hoje, a consultoria j\u00e1 conta com dois clientes atendidos: a <b>ag\u00eancia Y&amp;R e o a plataforma 99Jobs<\/b>. \u201cAqui na 99jobs percebemos que cada vez mais as empresas est\u00e3o preocupadas com quest\u00f5es de diversidade e inclus\u00e3o, e buscamos a ajuda da Sondery para nos apoiar com o tema PCD. A parceria foi muito bacana. A Ana Clara se mostrava sempre muito dispon\u00edvel e aberta para pensar em uma solu\u00e7\u00e3o que fizesse sentido para o que a gente precisava e no final o resultado ficou bem legal\u201d, conta L\u00edvia Parra, da 99 Jobs.<\/p>\n<p><b><i>Transforma\u00e7\u00e3o \u00e9 caminho sem volta<\/i><\/b><\/p>\n<p>\u201cEntender e aceitar as diferen\u00e7as \u00e9 um caminho necess\u00e1rio e sem volta. Nesse contexto as\u00a0marcas\u00a0\u2013 e suas mensagens \u2013 podem atuar como\u00a0agentes de transforma\u00e7\u00e3o\u201d<b> <\/b>garante Ana Clara Schneider. E essa transforma\u00e7\u00e3o come\u00e7a na pr\u00f3pria <i>Sondery<\/i>.<\/p>\n<p>A equipe \u00e9 (e sempre ser\u00e1) formada por profissionais que acreditem nisso. Um dos integrantes \u00e9 Caio Miranda, designer digital e pesquisador ass\u00edduo em t\u00e9cnicas de acessibilidade dentro de todas as manifesta\u00e7\u00f5es de marcas, tanto no ambiente f\u00edsico quanto digital. Devido \u00e0 conviv\u00eancia com seu pai, que era tetrapl\u00e9gico, teve contato com o mundo das pessoas com defici\u00eancia, o que ajudou a formar o interesse pela acessibilidade e aplic\u00e1-la em seu trabalho como designer.<\/p>\n<p>Al\u00e9m disso, para promover a cren\u00e7a da empresa, a Sondery utiliza n\u00e3o s\u00f3 os recursos de acessibilidade, como tamb\u00e9m parcerias estrat\u00e9gicas para a produ\u00e7\u00e3o de seu conte\u00fado. Os primeiros s\u00e3o os fot\u00f3grafos Jo\u00e3o Maia (deficiente visual) e Maria Rita de Oliveira (deficiente auditiva). Autores das fotos do head banner, por exemplo. \u201cPor que usar uma foto de banco de imagens, sem qualquer rela\u00e7\u00e3o com a minha filosofia, e que muito provavelmente trar\u00e1 uma imagem at\u00e9 estereotipada, se posso aproveitar o espa\u00e7o para revelar novos profissionais do ramo?\u201d conclui Ana Clara<i>.<\/i><\/p>\n<p><b><i>O leque de servi\u00e7os da Sondery inclui, al\u00e9m da consultoria:<\/i><\/b><\/p>\n<ul>\n<li><b>Pesquisas qualitativas<\/b> para descobrir comportamento e h\u00e1bitos de consumo das pessoas com defici\u00eancia, al\u00e9m de dificuldades e especificidades com quest\u00f5es adaptadas para o que o projeto necessita.<\/li>\n<li><b>Servi\u00e7o de adapta\u00e7\u00e3o de conte\u00fado<\/b> das redes sociais seguindo os processos e diretrizes corretas, feitos por uma equipe profissional e especializada.<\/li>\n<li><b>Palestras para empresas<\/b> mostrando um pouco da diversidade com \u00eanfase no p\u00fablico PCD.<\/li>\n<li><b>Workshop para capacitar as equipes e produtores de conte\u00fado<\/b> com no\u00e7\u00f5es b\u00e1sicas dos recursos de acessibilidade existentes, suas diferen\u00e7as, semelhan\u00e7as e complexidades. Um aprofundamento maior no recurso de \u00e1udio-descri\u00e7\u00e3o, suas diretrizes e boas pr\u00e1ticas.<\/li>\n<\/ul>\n<p><b><i>Para saber mais sobre a Sondery<\/i><\/b><\/p>\n<p><a href=\"http:\/\/sondery.com.br\/wp\/\">http:\/\/sondery.com.br\/wp\/<\/a><\/p>\n<p><a href=\"https:\/\/www.linkedin.com\/in\/ana-clara-schneider-4a6a1052\/\">https:\/\/www.linkedin.com\/in\/ana-clara-schneider-4a6a1052\/<\/a><\/p>\n<p><a href=\"https:\/\/www.youtube.com\/watch?v=5hH5hFxr7AA\">https:\/\/www.youtube.com\/watch?v=5hH5hFxr7AA<\/a><\/p>\n<p><b><i>Mais Informa\u00e7\u00f5es para a imprensa<\/i><\/b><\/p>\n<p>Ana Clara Schneider<\/p>\n<p>Fone: (11) 99187-8399<\/p>\n<p>Email: <a href=\"mailto:anaclara@sondery.com.br\">anaclara@sondery.com.br<\/a><\/p>\n","protected":false},"excerpt":{"rendered":"<p>Sondery: primeira consultoria para acessibilidade criativa \u00e9 lan\u00e7ada em S\u00e3o Paulo durante a Reatech E se as pessoas percebessem que acessibilidade e criatividade n\u00e3o s\u00e3o excludentes? A publicit\u00e1ria Ana Clara Schneider sempre se incomodou com a disparidade na qualidade dos trabalhos feitos para produtos versus aqueles feitos para causas. Apaixonada por inclus\u00e3o e acessibilidade, ela [&hellip;]<\/p>\n","protected":false},"author":1,"featured_media":30344,"comment_status":"open","ping_status":"open","sticky":false,"template":"","format":"standard","meta":{"site-container-style":"default","site-container-layout":"default","site-sidebar-layout":"default","disable-article-header":"default","disable-site-header":"default","disable-site-footer":"default","disable-content-area-spacing":"default","footnotes":""},"categories":[4],"tags":[],"class_list":["post-30343","post","type-post","status-publish","format-standard","has-post-thumbnail","hentry","category-noticias"],"yoast_head":"<!-- This site is optimized with the Yoast SEO plugin v27.4 - https:\/\/yoast.com\/product\/yoast-seo-wordpress\/ -->\n<title>Consultoria para acessibilidade criativa \u00e9 lan\u00e7ada na Reatech -<\/title>\n<meta name=\"robots\" content=\"index, follow, max-snippet:-1, max-image-preview:large, max-video-preview:-1\" \/>\n<link rel=\"canonical\" href=\"https:\/\/inclusivenews.com.br\/?p=30343\" \/>\n<meta property=\"og:locale\" content=\"pt_PT\" \/>\n<meta property=\"og:type\" content=\"article\" \/>\n<meta property=\"og:title\" content=\"Consultoria para acessibilidade criativa \u00e9 lan\u00e7ada na Reatech -\" \/>\n<meta property=\"og:description\" content=\"Sondery: primeira consultoria para acessibilidade criativa \u00e9 lan\u00e7ada em S\u00e3o Paulo durante a Reatech E se as pessoas percebessem que acessibilidade e criatividade n\u00e3o s\u00e3o excludentes? A publicit\u00e1ria Ana Clara Schneider sempre se incomodou com a disparidade na qualidade dos trabalhos feitos para produtos versus aqueles feitos para causas. Apaixonada por inclus\u00e3o e acessibilidade, ela [&hellip;]\" \/>\n<meta property=\"og:url\" content=\"https:\/\/inclusivenews.com.br\/?p=30343\" \/>\n<meta property=\"article:publisher\" content=\"https:\/\/www.facebook.com\/agenciainclusive\/\" \/>\n<meta property=\"article:published_time\" content=\"2017-05-31T20:33:26+00:00\" \/>\n<meta name=\"author\" content=\"inclusivenews2024\" \/>\n<meta name=\"twitter:card\" content=\"summary_large_image\" \/>\n<meta name=\"twitter:label1\" content=\"Escrito por\" \/>\n\t<meta name=\"twitter:data1\" content=\"inclusivenews2024\" \/>\n\t<meta name=\"twitter:label2\" content=\"Tempo estimado de leitura\" \/>\n\t<meta name=\"twitter:data2\" content=\"4 minutos\" \/>\n<script type=\"application\/ld+json\" class=\"yoast-schema-graph\">{\"@context\":\"https:\\\/\\\/schema.org\",\"@graph\":[{\"@type\":\"Article\",\"@id\":\"https:\\\/\\\/inclusivenews.com.br\\\/?p=30343#article\",\"isPartOf\":{\"@id\":\"https:\\\/\\\/inclusivenews.com.br\\\/?p=30343\"},\"author\":{\"name\":\"inclusivenews2024\",\"@id\":\"https:\\\/\\\/inclusivenews.com.br\\\/#\\\/schema\\\/person\\\/ae4ec7087559b8692fb33b6fffd2273b\"},\"headline\":\"Consultoria para acessibilidade criativa \u00e9 lan\u00e7ada na Reatech\",\"datePublished\":\"2017-05-31T20:33:26+00:00\",\"mainEntityOfPage\":{\"@id\":\"https:\\\/\\\/inclusivenews.com.br\\\/?p=30343\"},\"wordCount\":844,\"commentCount\":0,\"publisher\":{\"@id\":\"https:\\\/\\\/inclusivenews.com.br\\\/#organization\"},\"image\":{\"@id\":\"https:\\\/\\\/inclusivenews.com.br\\\/?p=30343#primaryimage\"},\"thumbnailUrl\":\"\",\"articleSection\":[\"NOT\u00cdCIAS\"],\"inLanguage\":\"pt-PT\",\"potentialAction\":[{\"@type\":\"CommentAction\",\"name\":\"Comment\",\"target\":[\"https:\\\/\\\/inclusivenews.com.br\\\/?p=30343#respond\"]}]},{\"@type\":\"WebPage\",\"@id\":\"https:\\\/\\\/inclusivenews.com.br\\\/?p=30343\",\"url\":\"https:\\\/\\\/inclusivenews.com.br\\\/?p=30343\",\"name\":\"Consultoria para acessibilidade criativa \u00e9 lan\u00e7ada na Reatech -\",\"isPartOf\":{\"@id\":\"https:\\\/\\\/inclusivenews.com.br\\\/#website\"},\"primaryImageOfPage\":{\"@id\":\"https:\\\/\\\/inclusivenews.com.br\\\/?p=30343#primaryimage\"},\"image\":{\"@id\":\"https:\\\/\\\/inclusivenews.com.br\\\/?p=30343#primaryimage\"},\"thumbnailUrl\":\"\",\"datePublished\":\"2017-05-31T20:33:26+00:00\",\"breadcrumb\":{\"@id\":\"https:\\\/\\\/inclusivenews.com.br\\\/?p=30343#breadcrumb\"},\"inLanguage\":\"pt-PT\",\"potentialAction\":[{\"@type\":\"ReadAction\",\"target\":[\"https:\\\/\\\/inclusivenews.com.br\\\/?p=30343\"]}]},{\"@type\":\"ImageObject\",\"inLanguage\":\"pt-PT\",\"@id\":\"https:\\\/\\\/inclusivenews.com.br\\\/?p=30343#primaryimage\",\"url\":\"\",\"contentUrl\":\"\"},{\"@type\":\"BreadcrumbList\",\"@id\":\"https:\\\/\\\/inclusivenews.com.br\\\/?p=30343#breadcrumb\",\"itemListElement\":[{\"@type\":\"ListItem\",\"position\":1,\"name\":\"In\u00edcio\",\"item\":\"https:\\\/\\\/inclusivenews.com.br\\\/\"},{\"@type\":\"ListItem\",\"position\":2,\"name\":\"Consultoria para acessibilidade criativa \u00e9 lan\u00e7ada na Reatech\"}]},{\"@type\":\"WebSite\",\"@id\":\"https:\\\/\\\/inclusivenews.com.br\\\/#website\",\"url\":\"https:\\\/\\\/inclusivenews.com.br\\\/\",\"name\":\"Inclusive News\",\"description\":\"Inclusive News\",\"publisher\":{\"@id\":\"https:\\\/\\\/inclusivenews.com.br\\\/#organization\"},\"potentialAction\":[{\"@type\":\"SearchAction\",\"target\":{\"@type\":\"EntryPoint\",\"urlTemplate\":\"https:\\\/\\\/inclusivenews.com.br\\\/?s={search_term_string}\"},\"query-input\":{\"@type\":\"PropertyValueSpecification\",\"valueRequired\":true,\"valueName\":\"search_term_string\"}}],\"inLanguage\":\"pt-PT\"},{\"@type\":\"Organization\",\"@id\":\"https:\\\/\\\/inclusivenews.com.br\\\/#organization\",\"name\":\"Inclusive - inclus\u00e3o e cidadania\",\"url\":\"https:\\\/\\\/inclusivenews.com.br\\\/\",\"logo\":{\"@type\":\"ImageObject\",\"inLanguage\":\"pt-PT\",\"@id\":\"https:\\\/\\\/inclusivenews.com.br\\\/#\\\/schema\\\/logo\\\/image\\\/\",\"url\":\"https:\\\/\\\/inclusivenews.com.br\\\/wp-content\\\/uploads\\\/2024\\\/03\\\/@grandesite.png\",\"contentUrl\":\"https:\\\/\\\/inclusivenews.com.br\\\/wp-content\\\/uploads\\\/2024\\\/03\\\/@grandesite.png\",\"width\":1080,\"height\":1080,\"caption\":\"Inclusive - inclus\u00e3o e cidadania\"},\"image\":{\"@id\":\"https:\\\/\\\/inclusivenews.com.br\\\/#\\\/schema\\\/logo\\\/image\\\/\"},\"sameAs\":[\"https:\\\/\\\/www.facebook.com\\\/agenciainclusive\\\/\",\"https:\\\/\\\/www.instagram.com\\\/newsinclusive\\\/\"]},{\"@type\":\"Person\",\"@id\":\"https:\\\/\\\/inclusivenews.com.br\\\/#\\\/schema\\\/person\\\/ae4ec7087559b8692fb33b6fffd2273b\",\"name\":\"inclusivenews2024\",\"image\":{\"@type\":\"ImageObject\",\"inLanguage\":\"pt-PT\",\"@id\":\"https:\\\/\\\/secure.gravatar.com\\\/avatar\\\/c5a7ef84c66fa914f55bc4f7ce26cfa275a3b9a1c5568b907bd184fb4dde7b40?s=96&d=mm&r=g\",\"url\":\"https:\\\/\\\/secure.gravatar.com\\\/avatar\\\/c5a7ef84c66fa914f55bc4f7ce26cfa275a3b9a1c5568b907bd184fb4dde7b40?s=96&d=mm&r=g\",\"contentUrl\":\"https:\\\/\\\/secure.gravatar.com\\\/avatar\\\/c5a7ef84c66fa914f55bc4f7ce26cfa275a3b9a1c5568b907bd184fb4dde7b40?s=96&d=mm&r=g\",\"caption\":\"inclusivenews2024\"},\"sameAs\":[\"https:\\\/\\\/inclusivenews.com.br\"],\"url\":\"https:\\\/\\\/inclusivenews.com.br\\\/?author=1\"}]}<\/script>\n<!-- \/ Yoast SEO plugin. -->","yoast_head_json":{"title":"Consultoria para acessibilidade criativa \u00e9 lan\u00e7ada na Reatech -","robots":{"index":"index","follow":"follow","max-snippet":"max-snippet:-1","max-image-preview":"max-image-preview:large","max-video-preview":"max-video-preview:-1"},"canonical":"https:\/\/inclusivenews.com.br\/?p=30343","og_locale":"pt_PT","og_type":"article","og_title":"Consultoria para acessibilidade criativa \u00e9 lan\u00e7ada na Reatech -","og_description":"Sondery: primeira consultoria para acessibilidade criativa \u00e9 lan\u00e7ada em S\u00e3o Paulo durante a Reatech E se as pessoas percebessem que acessibilidade e criatividade n\u00e3o s\u00e3o excludentes? A publicit\u00e1ria Ana Clara Schneider sempre se incomodou com a disparidade na qualidade dos trabalhos feitos para produtos versus aqueles feitos para causas. Apaixonada por inclus\u00e3o e acessibilidade, ela [&hellip;]","og_url":"https:\/\/inclusivenews.com.br\/?p=30343","article_publisher":"https:\/\/www.facebook.com\/agenciainclusive\/","article_published_time":"2017-05-31T20:33:26+00:00","author":"inclusivenews2024","twitter_card":"summary_large_image","twitter_misc":{"Escrito por":"inclusivenews2024","Tempo estimado de leitura":"4 minutos"},"schema":{"@context":"https:\/\/schema.org","@graph":[{"@type":"Article","@id":"https:\/\/inclusivenews.com.br\/?p=30343#article","isPartOf":{"@id":"https:\/\/inclusivenews.com.br\/?p=30343"},"author":{"name":"inclusivenews2024","@id":"https:\/\/inclusivenews.com.br\/#\/schema\/person\/ae4ec7087559b8692fb33b6fffd2273b"},"headline":"Consultoria para acessibilidade criativa \u00e9 lan\u00e7ada na Reatech","datePublished":"2017-05-31T20:33:26+00:00","mainEntityOfPage":{"@id":"https:\/\/inclusivenews.com.br\/?p=30343"},"wordCount":844,"commentCount":0,"publisher":{"@id":"https:\/\/inclusivenews.com.br\/#organization"},"image":{"@id":"https:\/\/inclusivenews.com.br\/?p=30343#primaryimage"},"thumbnailUrl":"","articleSection":["NOT\u00cdCIAS"],"inLanguage":"pt-PT","potentialAction":[{"@type":"CommentAction","name":"Comment","target":["https:\/\/inclusivenews.com.br\/?p=30343#respond"]}]},{"@type":"WebPage","@id":"https:\/\/inclusivenews.com.br\/?p=30343","url":"https:\/\/inclusivenews.com.br\/?p=30343","name":"Consultoria para acessibilidade criativa \u00e9 lan\u00e7ada na Reatech -","isPartOf":{"@id":"https:\/\/inclusivenews.com.br\/#website"},"primaryImageOfPage":{"@id":"https:\/\/inclusivenews.com.br\/?p=30343#primaryimage"},"image":{"@id":"https:\/\/inclusivenews.com.br\/?p=30343#primaryimage"},"thumbnailUrl":"","datePublished":"2017-05-31T20:33:26+00:00","breadcrumb":{"@id":"https:\/\/inclusivenews.com.br\/?p=30343#breadcrumb"},"inLanguage":"pt-PT","potentialAction":[{"@type":"ReadAction","target":["https:\/\/inclusivenews.com.br\/?p=30343"]}]},{"@type":"ImageObject","inLanguage":"pt-PT","@id":"https:\/\/inclusivenews.com.br\/?p=30343#primaryimage","url":"","contentUrl":""},{"@type":"BreadcrumbList","@id":"https:\/\/inclusivenews.com.br\/?p=30343#breadcrumb","itemListElement":[{"@type":"ListItem","position":1,"name":"In\u00edcio","item":"https:\/\/inclusivenews.com.br\/"},{"@type":"ListItem","position":2,"name":"Consultoria para acessibilidade criativa \u00e9 lan\u00e7ada na Reatech"}]},{"@type":"WebSite","@id":"https:\/\/inclusivenews.com.br\/#website","url":"https:\/\/inclusivenews.com.br\/","name":"Inclusive News","description":"Inclusive News","publisher":{"@id":"https:\/\/inclusivenews.com.br\/#organization"},"potentialAction":[{"@type":"SearchAction","target":{"@type":"EntryPoint","urlTemplate":"https:\/\/inclusivenews.com.br\/?s={search_term_string}"},"query-input":{"@type":"PropertyValueSpecification","valueRequired":true,"valueName":"search_term_string"}}],"inLanguage":"pt-PT"},{"@type":"Organization","@id":"https:\/\/inclusivenews.com.br\/#organization","name":"Inclusive - inclus\u00e3o e cidadania","url":"https:\/\/inclusivenews.com.br\/","logo":{"@type":"ImageObject","inLanguage":"pt-PT","@id":"https:\/\/inclusivenews.com.br\/#\/schema\/logo\/image\/","url":"https:\/\/inclusivenews.com.br\/wp-content\/uploads\/2024\/03\/@grandesite.png","contentUrl":"https:\/\/inclusivenews.com.br\/wp-content\/uploads\/2024\/03\/@grandesite.png","width":1080,"height":1080,"caption":"Inclusive - inclus\u00e3o e cidadania"},"image":{"@id":"https:\/\/inclusivenews.com.br\/#\/schema\/logo\/image\/"},"sameAs":["https:\/\/www.facebook.com\/agenciainclusive\/","https:\/\/www.instagram.com\/newsinclusive\/"]},{"@type":"Person","@id":"https:\/\/inclusivenews.com.br\/#\/schema\/person\/ae4ec7087559b8692fb33b6fffd2273b","name":"inclusivenews2024","image":{"@type":"ImageObject","inLanguage":"pt-PT","@id":"https:\/\/secure.gravatar.com\/avatar\/c5a7ef84c66fa914f55bc4f7ce26cfa275a3b9a1c5568b907bd184fb4dde7b40?s=96&d=mm&r=g","url":"https:\/\/secure.gravatar.com\/avatar\/c5a7ef84c66fa914f55bc4f7ce26cfa275a3b9a1c5568b907bd184fb4dde7b40?s=96&d=mm&r=g","contentUrl":"https:\/\/secure.gravatar.com\/avatar\/c5a7ef84c66fa914f55bc4f7ce26cfa275a3b9a1c5568b907bd184fb4dde7b40?s=96&d=mm&r=g","caption":"inclusivenews2024"},"sameAs":["https:\/\/inclusivenews.com.br"],"url":"https:\/\/inclusivenews.com.br\/?author=1"}]}},"_links":{"self":[{"href":"https:\/\/inclusivenews.com.br\/index.php?rest_route=\/wp\/v2\/posts\/30343","targetHints":{"allow":["GET"]}}],"collection":[{"href":"https:\/\/inclusivenews.com.br\/index.php?rest_route=\/wp\/v2\/posts"}],"about":[{"href":"https:\/\/inclusivenews.com.br\/index.php?rest_route=\/wp\/v2\/types\/post"}],"author":[{"embeddable":true,"href":"https:\/\/inclusivenews.com.br\/index.php?rest_route=\/wp\/v2\/users\/1"}],"replies":[{"embeddable":true,"href":"https:\/\/inclusivenews.com.br\/index.php?rest_route=%2Fwp%2Fv2%2Fcomments&post=30343"}],"version-history":[{"count":0,"href":"https:\/\/inclusivenews.com.br\/index.php?rest_route=\/wp\/v2\/posts\/30343\/revisions"}],"wp:featuredmedia":[{"embeddable":true,"href":"https:\/\/inclusivenews.com.br\/index.php?rest_route=\/"}],"wp:attachment":[{"href":"https:\/\/inclusivenews.com.br\/index.php?rest_route=%2Fwp%2Fv2%2Fmedia&parent=30343"}],"wp:term":[{"taxonomy":"category","embeddable":true,"href":"https:\/\/inclusivenews.com.br\/index.php?rest_route=%2Fwp%2Fv2%2Fcategories&post=30343"},{"taxonomy":"post_tag","embeddable":true,"href":"https:\/\/inclusivenews.com.br\/index.php?rest_route=%2Fwp%2Fv2%2Ftags&post=30343"}],"curies":[{"name":"wp","href":"https:\/\/api.w.org\/{rel}","templated":true}]}}