{"id":30350,"date":"2017-06-08T13:55:37","date_gmt":"2017-06-08T16:55:37","guid":{"rendered":"http:\/\/www.inclusive.org.br\/?p=30350"},"modified":"2017-06-08T13:55:37","modified_gmt":"2017-06-08T16:55:37","slug":"media-and-disability-how-to-change-attitudes-through-media-un-ny-136","status":"publish","type":"post","link":"https:\/\/inclusivenews.com.br\/?p=30350","title":{"rendered":"Media and Disability &#8211; How to change attitudes through media? &#8211; UN, NY, 13\/6"},"content":{"rendered":"<p><img loading=\"lazy\" decoding=\"async\" class=\"alignnone size-full wp-image-30360\" src=\"http:\/\/inclusivenews.com.br\/wp-content\/uploads\/dis-unv3-1.jpg\" alt=\"LEAFLET OF THE EVENT INFORMATION IN THE TEXT. IMAGE OF PERSON ILLUSTRATION - LESS THAN 1% CHARACTERS WITH DISABILITIES ON TV.\" width=\"720\" height=\"960\" \/><\/p>\n<p>We kindly invite you to attend the\u00a0side event \u00a0<strong>\u201cMedia and Disability &#8211; How to change attitudes through media?\u201d<\/strong>, that will take place on\u00a013 June 2017, 11:45h-1pm,\u00a0Conference Room 12, during the\u00a0X Conference of the States Parties to the CRPD (COSP), at UN Headquarters in NY. Please feel free to share the attached flyer with your contacts\u00a0attending the Conference. THIS EVENT IS OPEN ONLY FOR THOSE\u00a0REGISTERED AT THE COSP AND UN BADGE HOLDERS.<\/p>\n<p><strong>Side event: Media and persons with disabilities \u2013 How to change attitudes through media<\/strong><br \/>\n10th session of the Conference of States Parties to the CRPD<br \/>\n<strong>13 June 2017 11:45h-1pm<br \/>\nConference Room 12<\/strong><\/p>\n<p>The event will be transmitted live on the internet. O evento ser\u00e1 transmitido ao vivo pela internet at 11:45h to 13h \u00a0(NY&#8217;s time); 12:45h to\u00a014h (Brazil&#8217;s time) . <a href=\"http:\/\/webtv.un.org\">http:\/\/webtv.un.org <\/a><\/p>\n<p>Co-organised by:\u00a0<strong>OHCHR, Special Rapporteur on the Rights of Persons with Disabilities, GADIM<\/strong><br \/>\nCo-sponsors:<br \/>\n<strong>Permanent Mission of Brazil to the United Nations<br \/>\nPermanent Mission of Italy to the United Nations<\/strong><\/p>\n<p><strong>Panelists:<\/strong><\/p>\n<p><em>Mr Luca Pannese, Executive Creative Director, Pubicis New York<\/em><br \/>\n<em> Ms Flavia Cintra, journalist and author<\/em><br \/>\n<em> Mr Raphael Vadystadt, Social Responsibility, TV Globo<\/em><br \/>\n<em> Ms Patricia Almeida, journalist GADIM \u2013 Global Alliance for Disability in Media<\/em><\/p>\n<p>Based on Article 8 of CRPD on Awareness Raising and Article 5 on equality and non-discrimination, the side event seeks to discuss strategies that can be led at local, national, regional and international levels to fight invisibility, promote positive perceptions and combat stigma and stereotyping against persons with disabilities.<\/p>\n<p>Research shows that people with disabilities are present in less than 1% of entertainment productions, with 95% of characters with disabilities played by non-disabled actors (on American TV).<\/p>\n<p>In recent years, further initiatives are being taken in various countries to foster the participation and inclusion of persons with disabilities in the media in the press, advertising, and entertainment industries, increasing visibility: fashion shows, ads, soap operas, films, books and others. Many of these initiatives are not spontaneous. They are provoked by advocates that are actively searching for companies, agencies and newsrooms to foster the participation and inclusion of persons with disabilities in general media content. At the same time, internet and social media have become became powerful and accessible tools for self-advocates to reach out and be reached, starting online campaigns, write articles, suggesting stories and become direct sources to generate content.<\/p>\n<p>It will also exchange on practices to encourage media outlets to increase the participation and inclusion of persons with disabilities in press coverage, advertising and entertainment productions in a manner consistent with the purposes of the CRPD, in order to raise visibility and promote rights. Panelists include professional from leading media outlets, with experience in marketing and communications (World Down Syndrome Day video campaigns), entertainment (leading character with disabilities in soap operas), and press (reporter with a disability)<\/p>\n<p>Panelists include professional from leading media outlets, with experience on advertisement campaigns, entertainment, and press.<\/p>\n<p><em><strong>Luca Pannese<\/strong>\u00a0has worked in Milan, London and New York, through McCann Erickson, Y&amp;R, Saatchi &amp; Saatchi and, in 2016, arrived in Publics New York as an Executive Creative Director. He has worked on Italian and international accounts like Lexus, Toyota, T-Mobile, Deutsche Telekom, Pampers and General Mills, bringing Italian warmth across the continent. In New York, he\u2019s now running the Heineken account. With his lifetime partner Luca Lorenzini &#8211; together known as \u201cLuca &amp; Luca\u201d &#8211; they have won 20 Lions in the last five years at the Cannes Lions Festival, in addition to several awards at the most prestigious advertising festivals in the world, such as The One Show, D&amp;AD, New York Festival and many other regional awards, including two Grand Prix at the Italian Art Directors Club. Former Taekwondo national athlete, he now lives in Manhattan with his beautiful wife and their two kids who can still call him \u201cPap\u00e0\u201d and not \u201cDad.\u201d They are the creators of video campaigns for World Down Syndrome Day, including award winning &#8220;Dear Future Mum&#8221;, and &#8220;#NotSpecial&#8221;, that reached together over 20 million views on social media.<\/em><\/p>\n<p><em><strong>Flavia Cintra<\/strong>\u00a0is a journalist and human rights activist for people with disabilities. She has been a reporter for TV Globo&#8217;s Fant\u00e1stico program since 2010. She has worked as a consultant for the soap opera &#8220;Viver a Vida&#8221;, in which the protagonist was based on her life story, aired in Brazil in 2009 and sold for dozens of countries. She is the author of the book \u201cMaria de Rodas\u201d, where she tells about her experience with motherhood of twins. Until 2006, she was vice-president of Instituto Paradigma, an organization that was part of the Ad Hoc committee created by the UN to elaborate the text of the Convention on the Rights of Persons with Disabilities. She is a frequent speaker at events dedicated to the theme of human rights and social inclusion.\u00a0<\/em><\/p>\n<p><em><strong>Raphael Vandystadt<\/strong>\u00a0is the Senior Manager of Social Responsibility for TV Globo since 2000. From 1996 to 2000, he was in charge of the Universal Channel Marketing division in Brazil. He has a MBA from the Business School of the Federal University of Rio de Janeiro (UFRJ), a Masters on Marketing from the Catholic University of Rio de Janeiro and a Masters on Strategies to Create Business and Social Value from Harvard Business School (HBS).<\/em><\/p>\n<p><em><strong>Patricia Almeida<\/strong>\u00a0is a journalist, human rights activist and member of the board of trustees of Down Syndrome International. She\u00a0coordinated civil society\u2019s efforts that led to the adoption of World Down Syndrome Day by the United Nations in 2011.\u00a0In Brazil, she is co-founder of Movimento Down, an information organization with over 260,000 followers on Facebook, founder of news agency on inclusion and human rights, Inclusive \u2013 Inclusion and Citizenship, and coordinator of MetaSocial Institute, that has been working with the media to promote the rights of persons with disabilities for over 20 years. In 2016, she created GADIM \u2013 Global Alliance for Disability in Media and Entertainment to foster international collaboration for inclusion in media. She is currently reading for a Masters in Disability Studies at City University of New York (CUNY).<\/em><\/p>\n<p>The discussion will be introduced by the Moderator, followed by opening remarks and general debate with the audience.<\/p>\n<p>Captioning will be provided.<\/p>\n","protected":false},"excerpt":{"rendered":"<p>We kindly invite you to attend the\u00a0side event \u00a0\u201cMedia and Disability &#8211; How to change attitudes through media?\u201d, that will take place on\u00a013 June 2017, 11:45h-1pm,\u00a0Conference Room 12, during the\u00a0X Conference of the States Parties to the CRPD (COSP), at UN Headquarters in NY. Please feel free to share the attached flyer with your contacts\u00a0attending [&hellip;]<\/p>\n","protected":false},"author":1,"featured_media":30351,"comment_status":"open","ping_status":"open","sticky":false,"template":"","format":"standard","meta":{"site-container-style":"default","site-container-layout":"default","site-sidebar-layout":"default","disable-article-header":"default","disable-site-header":"default","disable-site-footer":"default","disable-content-area-spacing":"default","footnotes":""},"categories":[388,76,395,342],"tags":[],"class_list":["post-30350","post","type-post","status-publish","format-standard","has-post-thumbnail","hentry","category-gadim","category-midia-e-deficiencia","category-odimidia","category-onu"],"yoast_head":"<!-- This site is optimized with the Yoast SEO plugin v27.4 - https:\/\/yoast.com\/product\/yoast-seo-wordpress\/ -->\n<title>Media and Disability - How to change attitudes through media? - UN, NY, 13\/6 -<\/title>\n<meta name=\"robots\" content=\"index, follow, max-snippet:-1, max-image-preview:large, max-video-preview:-1\" \/>\n<link rel=\"canonical\" href=\"https:\/\/inclusivenews.com.br\/?p=30350\" \/>\n<meta property=\"og:locale\" content=\"pt_PT\" \/>\n<meta property=\"og:type\" content=\"article\" \/>\n<meta property=\"og:title\" content=\"Media and Disability - How to change attitudes through media? - UN, NY, 13\/6 -\" \/>\n<meta property=\"og:description\" content=\"We kindly invite you to attend the\u00a0side event \u00a0\u201cMedia and Disability &#8211; How to change attitudes through media?\u201d, that will take place on\u00a013 June 2017, 11:45h-1pm,\u00a0Conference Room 12, during the\u00a0X Conference of the States Parties to the CRPD (COSP), at UN Headquarters in NY. Please feel free to share the attached flyer with your contacts\u00a0attending [&hellip;]\" \/>\n<meta property=\"og:url\" content=\"https:\/\/inclusivenews.com.br\/?p=30350\" \/>\n<meta property=\"article:publisher\" content=\"https:\/\/www.facebook.com\/agenciainclusive\/\" \/>\n<meta property=\"article:published_time\" content=\"2017-06-08T16:55:37+00:00\" \/>\n<meta name=\"author\" content=\"inclusivenews2024\" \/>\n<meta name=\"twitter:card\" content=\"summary_large_image\" \/>\n<meta name=\"twitter:label1\" content=\"Escrito por\" \/>\n\t<meta name=\"twitter:data1\" content=\"inclusivenews2024\" \/>\n\t<meta name=\"twitter:label2\" content=\"Tempo estimado de leitura\" \/>\n\t<meta name=\"twitter:data2\" content=\"5 minutos\" \/>\n<script type=\"application\/ld+json\" class=\"yoast-schema-graph\">{\"@context\":\"https:\\\/\\\/schema.org\",\"@graph\":[{\"@type\":\"Article\",\"@id\":\"https:\\\/\\\/inclusivenews.com.br\\\/?p=30350#article\",\"isPartOf\":{\"@id\":\"https:\\\/\\\/inclusivenews.com.br\\\/?p=30350\"},\"author\":{\"name\":\"inclusivenews2024\",\"@id\":\"https:\\\/\\\/inclusivenews.com.br\\\/#\\\/schema\\\/person\\\/ae4ec7087559b8692fb33b6fffd2273b\"},\"headline\":\"Media and Disability &#8211; How to change attitudes through media? &#8211; UN, NY, 13\\\/6\",\"datePublished\":\"2017-06-08T16:55:37+00:00\",\"mainEntityOfPage\":{\"@id\":\"https:\\\/\\\/inclusivenews.com.br\\\/?p=30350\"},\"wordCount\":1037,\"commentCount\":0,\"publisher\":{\"@id\":\"https:\\\/\\\/inclusivenews.com.br\\\/#organization\"},\"image\":{\"@id\":\"https:\\\/\\\/inclusivenews.com.br\\\/?p=30350#primaryimage\"},\"thumbnailUrl\":\"\",\"articleSection\":[\"GADIM\",\"M\u00eddia e Defici\u00eancia\",\"ODIM\u00cdDIA\",\"ONU\"],\"inLanguage\":\"pt-PT\",\"potentialAction\":[{\"@type\":\"CommentAction\",\"name\":\"Comment\",\"target\":[\"https:\\\/\\\/inclusivenews.com.br\\\/?p=30350#respond\"]}]},{\"@type\":\"WebPage\",\"@id\":\"https:\\\/\\\/inclusivenews.com.br\\\/?p=30350\",\"url\":\"https:\\\/\\\/inclusivenews.com.br\\\/?p=30350\",\"name\":\"Media and Disability - How to change attitudes through media? - UN, NY, 13\\\/6 -\",\"isPartOf\":{\"@id\":\"https:\\\/\\\/inclusivenews.com.br\\\/#website\"},\"primaryImageOfPage\":{\"@id\":\"https:\\\/\\\/inclusivenews.com.br\\\/?p=30350#primaryimage\"},\"image\":{\"@id\":\"https:\\\/\\\/inclusivenews.com.br\\\/?p=30350#primaryimage\"},\"thumbnailUrl\":\"\",\"datePublished\":\"2017-06-08T16:55:37+00:00\",\"breadcrumb\":{\"@id\":\"https:\\\/\\\/inclusivenews.com.br\\\/?p=30350#breadcrumb\"},\"inLanguage\":\"pt-PT\",\"potentialAction\":[{\"@type\":\"ReadAction\",\"target\":[\"https:\\\/\\\/inclusivenews.com.br\\\/?p=30350\"]}]},{\"@type\":\"ImageObject\",\"inLanguage\":\"pt-PT\",\"@id\":\"https:\\\/\\\/inclusivenews.com.br\\\/?p=30350#primaryimage\",\"url\":\"\",\"contentUrl\":\"\"},{\"@type\":\"BreadcrumbList\",\"@id\":\"https:\\\/\\\/inclusivenews.com.br\\\/?p=30350#breadcrumb\",\"itemListElement\":[{\"@type\":\"ListItem\",\"position\":1,\"name\":\"In\u00edcio\",\"item\":\"https:\\\/\\\/inclusivenews.com.br\\\/\"},{\"@type\":\"ListItem\",\"position\":2,\"name\":\"Media and Disability &#8211; How to change attitudes through media? &#8211; UN, NY, 13\\\/6\"}]},{\"@type\":\"WebSite\",\"@id\":\"https:\\\/\\\/inclusivenews.com.br\\\/#website\",\"url\":\"https:\\\/\\\/inclusivenews.com.br\\\/\",\"name\":\"Inclusive News\",\"description\":\"Inclusive News\",\"publisher\":{\"@id\":\"https:\\\/\\\/inclusivenews.com.br\\\/#organization\"},\"potentialAction\":[{\"@type\":\"SearchAction\",\"target\":{\"@type\":\"EntryPoint\",\"urlTemplate\":\"https:\\\/\\\/inclusivenews.com.br\\\/?s={search_term_string}\"},\"query-input\":{\"@type\":\"PropertyValueSpecification\",\"valueRequired\":true,\"valueName\":\"search_term_string\"}}],\"inLanguage\":\"pt-PT\"},{\"@type\":\"Organization\",\"@id\":\"https:\\\/\\\/inclusivenews.com.br\\\/#organization\",\"name\":\"Inclusive - inclus\u00e3o e cidadania\",\"url\":\"https:\\\/\\\/inclusivenews.com.br\\\/\",\"logo\":{\"@type\":\"ImageObject\",\"inLanguage\":\"pt-PT\",\"@id\":\"https:\\\/\\\/inclusivenews.com.br\\\/#\\\/schema\\\/logo\\\/image\\\/\",\"url\":\"https:\\\/\\\/inclusivenews.com.br\\\/wp-content\\\/uploads\\\/2024\\\/03\\\/@grandesite.png\",\"contentUrl\":\"https:\\\/\\\/inclusivenews.com.br\\\/wp-content\\\/uploads\\\/2024\\\/03\\\/@grandesite.png\",\"width\":1080,\"height\":1080,\"caption\":\"Inclusive - inclus\u00e3o e cidadania\"},\"image\":{\"@id\":\"https:\\\/\\\/inclusivenews.com.br\\\/#\\\/schema\\\/logo\\\/image\\\/\"},\"sameAs\":[\"https:\\\/\\\/www.facebook.com\\\/agenciainclusive\\\/\",\"https:\\\/\\\/www.instagram.com\\\/newsinclusive\\\/\"]},{\"@type\":\"Person\",\"@id\":\"https:\\\/\\\/inclusivenews.com.br\\\/#\\\/schema\\\/person\\\/ae4ec7087559b8692fb33b6fffd2273b\",\"name\":\"inclusivenews2024\",\"image\":{\"@type\":\"ImageObject\",\"inLanguage\":\"pt-PT\",\"@id\":\"https:\\\/\\\/secure.gravatar.com\\\/avatar\\\/c5a7ef84c66fa914f55bc4f7ce26cfa275a3b9a1c5568b907bd184fb4dde7b40?s=96&d=mm&r=g\",\"url\":\"https:\\\/\\\/secure.gravatar.com\\\/avatar\\\/c5a7ef84c66fa914f55bc4f7ce26cfa275a3b9a1c5568b907bd184fb4dde7b40?s=96&d=mm&r=g\",\"contentUrl\":\"https:\\\/\\\/secure.gravatar.com\\\/avatar\\\/c5a7ef84c66fa914f55bc4f7ce26cfa275a3b9a1c5568b907bd184fb4dde7b40?s=96&d=mm&r=g\",\"caption\":\"inclusivenews2024\"},\"sameAs\":[\"https:\\\/\\\/inclusivenews.com.br\"],\"url\":\"https:\\\/\\\/inclusivenews.com.br\\\/?author=1\"}]}<\/script>\n<!-- \/ Yoast SEO plugin. -->","yoast_head_json":{"title":"Media and Disability - How to change attitudes through media? - UN, NY, 13\/6 -","robots":{"index":"index","follow":"follow","max-snippet":"max-snippet:-1","max-image-preview":"max-image-preview:large","max-video-preview":"max-video-preview:-1"},"canonical":"https:\/\/inclusivenews.com.br\/?p=30350","og_locale":"pt_PT","og_type":"article","og_title":"Media and Disability - How to change attitudes through media? - UN, NY, 13\/6 -","og_description":"We kindly invite you to attend the\u00a0side event \u00a0\u201cMedia and Disability &#8211; How to change attitudes through media?\u201d, that will take place on\u00a013 June 2017, 11:45h-1pm,\u00a0Conference Room 12, during the\u00a0X Conference of the States Parties to the CRPD (COSP), at UN Headquarters in NY. Please feel free to share the attached flyer with your contacts\u00a0attending [&hellip;]","og_url":"https:\/\/inclusivenews.com.br\/?p=30350","article_publisher":"https:\/\/www.facebook.com\/agenciainclusive\/","article_published_time":"2017-06-08T16:55:37+00:00","author":"inclusivenews2024","twitter_card":"summary_large_image","twitter_misc":{"Escrito por":"inclusivenews2024","Tempo estimado de leitura":"5 minutos"},"schema":{"@context":"https:\/\/schema.org","@graph":[{"@type":"Article","@id":"https:\/\/inclusivenews.com.br\/?p=30350#article","isPartOf":{"@id":"https:\/\/inclusivenews.com.br\/?p=30350"},"author":{"name":"inclusivenews2024","@id":"https:\/\/inclusivenews.com.br\/#\/schema\/person\/ae4ec7087559b8692fb33b6fffd2273b"},"headline":"Media and Disability &#8211; How to change attitudes through media? &#8211; UN, NY, 13\/6","datePublished":"2017-06-08T16:55:37+00:00","mainEntityOfPage":{"@id":"https:\/\/inclusivenews.com.br\/?p=30350"},"wordCount":1037,"commentCount":0,"publisher":{"@id":"https:\/\/inclusivenews.com.br\/#organization"},"image":{"@id":"https:\/\/inclusivenews.com.br\/?p=30350#primaryimage"},"thumbnailUrl":"","articleSection":["GADIM","M\u00eddia e Defici\u00eancia","ODIM\u00cdDIA","ONU"],"inLanguage":"pt-PT","potentialAction":[{"@type":"CommentAction","name":"Comment","target":["https:\/\/inclusivenews.com.br\/?p=30350#respond"]}]},{"@type":"WebPage","@id":"https:\/\/inclusivenews.com.br\/?p=30350","url":"https:\/\/inclusivenews.com.br\/?p=30350","name":"Media and Disability - How to change attitudes through media? - UN, NY, 13\/6 -","isPartOf":{"@id":"https:\/\/inclusivenews.com.br\/#website"},"primaryImageOfPage":{"@id":"https:\/\/inclusivenews.com.br\/?p=30350#primaryimage"},"image":{"@id":"https:\/\/inclusivenews.com.br\/?p=30350#primaryimage"},"thumbnailUrl":"","datePublished":"2017-06-08T16:55:37+00:00","breadcrumb":{"@id":"https:\/\/inclusivenews.com.br\/?p=30350#breadcrumb"},"inLanguage":"pt-PT","potentialAction":[{"@type":"ReadAction","target":["https:\/\/inclusivenews.com.br\/?p=30350"]}]},{"@type":"ImageObject","inLanguage":"pt-PT","@id":"https:\/\/inclusivenews.com.br\/?p=30350#primaryimage","url":"","contentUrl":""},{"@type":"BreadcrumbList","@id":"https:\/\/inclusivenews.com.br\/?p=30350#breadcrumb","itemListElement":[{"@type":"ListItem","position":1,"name":"In\u00edcio","item":"https:\/\/inclusivenews.com.br\/"},{"@type":"ListItem","position":2,"name":"Media and Disability &#8211; How to change attitudes through media? &#8211; UN, NY, 13\/6"}]},{"@type":"WebSite","@id":"https:\/\/inclusivenews.com.br\/#website","url":"https:\/\/inclusivenews.com.br\/","name":"Inclusive News","description":"Inclusive News","publisher":{"@id":"https:\/\/inclusivenews.com.br\/#organization"},"potentialAction":[{"@type":"SearchAction","target":{"@type":"EntryPoint","urlTemplate":"https:\/\/inclusivenews.com.br\/?s={search_term_string}"},"query-input":{"@type":"PropertyValueSpecification","valueRequired":true,"valueName":"search_term_string"}}],"inLanguage":"pt-PT"},{"@type":"Organization","@id":"https:\/\/inclusivenews.com.br\/#organization","name":"Inclusive - inclus\u00e3o e cidadania","url":"https:\/\/inclusivenews.com.br\/","logo":{"@type":"ImageObject","inLanguage":"pt-PT","@id":"https:\/\/inclusivenews.com.br\/#\/schema\/logo\/image\/","url":"https:\/\/inclusivenews.com.br\/wp-content\/uploads\/2024\/03\/@grandesite.png","contentUrl":"https:\/\/inclusivenews.com.br\/wp-content\/uploads\/2024\/03\/@grandesite.png","width":1080,"height":1080,"caption":"Inclusive - inclus\u00e3o e cidadania"},"image":{"@id":"https:\/\/inclusivenews.com.br\/#\/schema\/logo\/image\/"},"sameAs":["https:\/\/www.facebook.com\/agenciainclusive\/","https:\/\/www.instagram.com\/newsinclusive\/"]},{"@type":"Person","@id":"https:\/\/inclusivenews.com.br\/#\/schema\/person\/ae4ec7087559b8692fb33b6fffd2273b","name":"inclusivenews2024","image":{"@type":"ImageObject","inLanguage":"pt-PT","@id":"https:\/\/secure.gravatar.com\/avatar\/c5a7ef84c66fa914f55bc4f7ce26cfa275a3b9a1c5568b907bd184fb4dde7b40?s=96&d=mm&r=g","url":"https:\/\/secure.gravatar.com\/avatar\/c5a7ef84c66fa914f55bc4f7ce26cfa275a3b9a1c5568b907bd184fb4dde7b40?s=96&d=mm&r=g","contentUrl":"https:\/\/secure.gravatar.com\/avatar\/c5a7ef84c66fa914f55bc4f7ce26cfa275a3b9a1c5568b907bd184fb4dde7b40?s=96&d=mm&r=g","caption":"inclusivenews2024"},"sameAs":["https:\/\/inclusivenews.com.br"],"url":"https:\/\/inclusivenews.com.br\/?author=1"}]}},"_links":{"self":[{"href":"https:\/\/inclusivenews.com.br\/index.php?rest_route=\/wp\/v2\/posts\/30350","targetHints":{"allow":["GET"]}}],"collection":[{"href":"https:\/\/inclusivenews.com.br\/index.php?rest_route=\/wp\/v2\/posts"}],"about":[{"href":"https:\/\/inclusivenews.com.br\/index.php?rest_route=\/wp\/v2\/types\/post"}],"author":[{"embeddable":true,"href":"https:\/\/inclusivenews.com.br\/index.php?rest_route=\/wp\/v2\/users\/1"}],"replies":[{"embeddable":true,"href":"https:\/\/inclusivenews.com.br\/index.php?rest_route=%2Fwp%2Fv2%2Fcomments&post=30350"}],"version-history":[{"count":0,"href":"https:\/\/inclusivenews.com.br\/index.php?rest_route=\/wp\/v2\/posts\/30350\/revisions"}],"wp:featuredmedia":[{"embeddable":true,"href":"https:\/\/inclusivenews.com.br\/index.php?rest_route=\/"}],"wp:attachment":[{"href":"https:\/\/inclusivenews.com.br\/index.php?rest_route=%2Fwp%2Fv2%2Fmedia&parent=30350"}],"wp:term":[{"taxonomy":"category","embeddable":true,"href":"https:\/\/inclusivenews.com.br\/index.php?rest_route=%2Fwp%2Fv2%2Fcategories&post=30350"},{"taxonomy":"post_tag","embeddable":true,"href":"https:\/\/inclusivenews.com.br\/index.php?rest_route=%2Fwp%2Fv2%2Ftags&post=30350"}],"curies":[{"name":"wp","href":"https:\/\/api.w.org\/{rel}","templated":true}]}}