{"id":30369,"date":"2017-06-14T10:56:26","date_gmt":"2017-06-14T13:56:26","guid":{"rendered":"http:\/\/www.inclusive.org.br\/?p=30369"},"modified":"2017-06-14T10:56:26","modified_gmt":"2017-06-14T13:56:26","slug":"presenca-brasileira-na-x-conferencia-sobre-deficiencia-na-onu-em-nova-york","status":"publish","type":"post","link":"https:\/\/inclusivenews.com.br\/?p=30369","title":{"rendered":"Presen\u00e7a brasileira na X Confer\u00eancia sobre Defici\u00eancia na ONU em Nova York"},"content":{"rendered":"<p><img loading=\"lazy\" decoding=\"async\" class=\"alignnone size-full wp-image-30381\" src=\"http:\/\/inclusivenews.com.br\/wp-content\/uploads\/cosp.jpg\" alt=\"delegacao brasilieira com numerosas pessoas.\" width=\"960\" height=\"720\" \/><\/p>\n<p>Representantes do Brasil participam da\u00a0X Confer\u00eancia dos Estados Parte da Conven\u00e7\u00e3o sobre os Direitos das Na\u00e7\u00f5es Unidas, que foi aberta ontem em\u00a0Nova York e vai at\u00e9 15\/6, reunindo mais de mil delegados de 174 pa\u00edses. O tema da confer\u00eancia \u00e9\u00a0\u201cA segunda d\u00e9cada da CDPD: Inclus\u00e3o e plena participa\u00e7\u00e3o das pessoas com defici\u00eancia e suas organiza\u00e7\u00f5es representativas na implementa\u00e7\u00e3o da Conven\u00e7\u00e3o\u201d. Esta \u00e9 a primeira vez que entidades\u00a0da sociedade civil e \u00f3rg\u00e3os de diferentes esferas de governo envolvidos com pol\u00edticas relativas \u00e0 pessoa com defici\u00eancia s\u00e3o convocados diretamente para participar. Cada entidade custeou a pr\u00f3pria passagem e estadia.<\/p>\n<p>A delega\u00e7\u00e3o, chefiada pelo Secret\u00e1rio Nacional dos Direitos da Pessoa com Defici\u00eancia, Marco Pellegrino, conta com o apoio da Miss\u00e3o do Brasil junto \u00e0 ONU. O objetivo \u00e9 compartilhar experi\u00eancias exitosas, como a pol\u00edtica de educa\u00e7\u00e3o inclusiva, paradesporto e a experi\u00eancia brasileira de inclus\u00e3o atrav\u00e9s da m\u00eddia. Os participantes pretendem tamb\u00e9m conhecer boas pr\u00e1ticas de outros pa\u00edses e alinhavar acordos de coopera\u00e7\u00e3o internacional.<\/p>\n<p>A ativa participa\u00e7\u00e3o do Brasil no processo de elaborac\u00e3o e negocia\u00e7\u00e3o da Conven\u00e7\u00e3o, na \u00e9poca capitaneada pela Dr Izabel Maior, ent\u00e3o titular da CORDE e que faz parte da delega\u00e7\u00e3o brasileira, levou o pa\u00eds a obter posi\u00e7\u00e3o de destaque na \u00e1rea. O tratado\u00a0foi\u00a0aprovado em 2006 e ratificado como norma constitucional pelo Congresso brasileiro em 2008, tendo\u00a0seus artigos regulamentados\u00a0pela Lei Brasileira de Inclus\u00e3o (LBI), de 2015.<\/p>\n<p>Entre as organiza\u00e7\u00f5es participantes\u00a0est\u00e3o a Federa\u00e7\u00e3o Brasileira das Associa\u00e7\u00f5es de S\u00edndrome de Down, Instituto MetaSocial, Federa\u00e7\u00e3o das Apaes, Escola de Gente e Movimento Down. Representantes de secretarias, conselhos, confedera\u00e7\u00f5es, defensorias, membros do Minist\u00e9rio P\u00fablico, TCU, OAB, ANAC, Casa Civil, Minist\u00e9rios do Trabalho, Sa\u00fade, Educa\u00e7\u00e3o e parlamentares, tamb\u00e9m est\u00e3o presentes.<\/p>\n<p>Fonte: Inclusive<\/p>\n<p>&nbsp;<\/p>\n","protected":false},"excerpt":{"rendered":"<p>Representantes do Brasil participam da\u00a0X Confer\u00eancia dos Estados Parte da Conven\u00e7\u00e3o sobre os Direitos das Na\u00e7\u00f5es Unidas, que foi aberta ontem em\u00a0Nova York e vai at\u00e9 15\/6, reunindo mais de mil delegados de 174 pa\u00edses. O tema da confer\u00eancia \u00e9\u00a0\u201cA segunda d\u00e9cada da CDPD: Inclus\u00e3o e plena participa\u00e7\u00e3o das pessoas com defici\u00eancia e suas organiza\u00e7\u00f5es [&hellip;]<\/p>\n","protected":false},"author":1,"featured_media":30381,"comment_status":"open","ping_status":"open","sticky":false,"template":"","format":"standard","meta":{"site-container-style":"default","site-container-layout":"default","site-sidebar-layout":"default","disable-article-header":"default","disable-site-header":"default","disable-site-footer":"default","disable-content-area-spacing":"default","footnotes":""},"categories":[5,358,26,4,342,376],"tags":[],"class_list":["post-30369","post","type-post","status-publish","format-standard","has-post-thumbnail","hentry","category-convencao","category-lei-brasileira-de-inclusao","category-legislacao","category-noticias","category-onu","category-showz"],"yoast_head":"<!-- This site is optimized with the Yoast SEO plugin v27.4 - https:\/\/yoast.com\/product\/yoast-seo-wordpress\/ -->\n<title>Presen\u00e7a brasileira na X Confer\u00eancia sobre Defici\u00eancia na ONU em Nova York -<\/title>\n<meta name=\"robots\" content=\"index, follow, max-snippet:-1, max-image-preview:large, max-video-preview:-1\" \/>\n<link rel=\"canonical\" href=\"https:\/\/inclusivenews.com.br\/?p=30369\" \/>\n<meta property=\"og:locale\" content=\"pt_PT\" \/>\n<meta property=\"og:type\" content=\"article\" \/>\n<meta property=\"og:title\" content=\"Presen\u00e7a brasileira na X Confer\u00eancia sobre Defici\u00eancia na ONU em Nova York -\" \/>\n<meta property=\"og:description\" content=\"Representantes do Brasil participam da\u00a0X Confer\u00eancia dos Estados Parte da Conven\u00e7\u00e3o sobre os Direitos das Na\u00e7\u00f5es Unidas, que foi aberta ontem em\u00a0Nova York e vai at\u00e9 15\/6, reunindo mais de mil delegados de 174 pa\u00edses. O tema da confer\u00eancia \u00e9\u00a0\u201cA segunda d\u00e9cada da CDPD: Inclus\u00e3o e plena participa\u00e7\u00e3o das pessoas com defici\u00eancia e suas organiza\u00e7\u00f5es [&hellip;]\" \/>\n<meta property=\"og:url\" content=\"https:\/\/inclusivenews.com.br\/?p=30369\" \/>\n<meta property=\"article:publisher\" content=\"https:\/\/www.facebook.com\/agenciainclusive\/\" \/>\n<meta property=\"article:published_time\" content=\"2017-06-14T13:56:26+00:00\" \/>\n<meta name=\"author\" content=\"inclusivenews2024\" \/>\n<meta name=\"twitter:card\" content=\"summary_large_image\" \/>\n<meta name=\"twitter:label1\" content=\"Escrito por\" \/>\n\t<meta name=\"twitter:data1\" content=\"inclusivenews2024\" \/>\n\t<meta name=\"twitter:label2\" content=\"Tempo estimado de leitura\" \/>\n\t<meta name=\"twitter:data2\" content=\"2 minutos\" \/>\n<script type=\"application\/ld+json\" class=\"yoast-schema-graph\">{\"@context\":\"https:\\\/\\\/schema.org\",\"@graph\":[{\"@type\":\"Article\",\"@id\":\"https:\\\/\\\/inclusivenews.com.br\\\/?p=30369#article\",\"isPartOf\":{\"@id\":\"https:\\\/\\\/inclusivenews.com.br\\\/?p=30369\"},\"author\":{\"name\":\"inclusivenews2024\",\"@id\":\"https:\\\/\\\/inclusivenews.com.br\\\/#\\\/schema\\\/person\\\/ae4ec7087559b8692fb33b6fffd2273b\"},\"headline\":\"Presen\u00e7a brasileira na X Confer\u00eancia sobre Defici\u00eancia na ONU em Nova York\",\"datePublished\":\"2017-06-14T13:56:26+00:00\",\"mainEntityOfPage\":{\"@id\":\"https:\\\/\\\/inclusivenews.com.br\\\/?p=30369\"},\"wordCount\":346,\"commentCount\":0,\"publisher\":{\"@id\":\"https:\\\/\\\/inclusivenews.com.br\\\/#organization\"},\"image\":{\"@id\":\"https:\\\/\\\/inclusivenews.com.br\\\/?p=30369#primaryimage\"},\"thumbnailUrl\":\"\",\"articleSection\":[\"Conven\u00e7\u00e3o\",\"LBI\",\"Legisla\u00e7\u00e3o ...\",\"NOT\u00cdCIAS\",\"ONU\",\"SHOWZ\"],\"inLanguage\":\"pt-PT\",\"potentialAction\":[{\"@type\":\"CommentAction\",\"name\":\"Comment\",\"target\":[\"https:\\\/\\\/inclusivenews.com.br\\\/?p=30369#respond\"]}]},{\"@type\":\"WebPage\",\"@id\":\"https:\\\/\\\/inclusivenews.com.br\\\/?p=30369\",\"url\":\"https:\\\/\\\/inclusivenews.com.br\\\/?p=30369\",\"name\":\"Presen\u00e7a brasileira na X Confer\u00eancia sobre Defici\u00eancia na ONU em Nova York -\",\"isPartOf\":{\"@id\":\"https:\\\/\\\/inclusivenews.com.br\\\/#website\"},\"primaryImageOfPage\":{\"@id\":\"https:\\\/\\\/inclusivenews.com.br\\\/?p=30369#primaryimage\"},\"image\":{\"@id\":\"https:\\\/\\\/inclusivenews.com.br\\\/?p=30369#primaryimage\"},\"thumbnailUrl\":\"\",\"datePublished\":\"2017-06-14T13:56:26+00:00\",\"breadcrumb\":{\"@id\":\"https:\\\/\\\/inclusivenews.com.br\\\/?p=30369#breadcrumb\"},\"inLanguage\":\"pt-PT\",\"potentialAction\":[{\"@type\":\"ReadAction\",\"target\":[\"https:\\\/\\\/inclusivenews.com.br\\\/?p=30369\"]}]},{\"@type\":\"ImageObject\",\"inLanguage\":\"pt-PT\",\"@id\":\"https:\\\/\\\/inclusivenews.com.br\\\/?p=30369#primaryimage\",\"url\":\"\",\"contentUrl\":\"\"},{\"@type\":\"BreadcrumbList\",\"@id\":\"https:\\\/\\\/inclusivenews.com.br\\\/?p=30369#breadcrumb\",\"itemListElement\":[{\"@type\":\"ListItem\",\"position\":1,\"name\":\"In\u00edcio\",\"item\":\"https:\\\/\\\/inclusivenews.com.br\\\/\"},{\"@type\":\"ListItem\",\"position\":2,\"name\":\"Presen\u00e7a brasileira na X Confer\u00eancia sobre Defici\u00eancia na ONU em Nova York\"}]},{\"@type\":\"WebSite\",\"@id\":\"https:\\\/\\\/inclusivenews.com.br\\\/#website\",\"url\":\"https:\\\/\\\/inclusivenews.com.br\\\/\",\"name\":\"Inclusive News\",\"description\":\"Inclusive News\",\"publisher\":{\"@id\":\"https:\\\/\\\/inclusivenews.com.br\\\/#organization\"},\"potentialAction\":[{\"@type\":\"SearchAction\",\"target\":{\"@type\":\"EntryPoint\",\"urlTemplate\":\"https:\\\/\\\/inclusivenews.com.br\\\/?s={search_term_string}\"},\"query-input\":{\"@type\":\"PropertyValueSpecification\",\"valueRequired\":true,\"valueName\":\"search_term_string\"}}],\"inLanguage\":\"pt-PT\"},{\"@type\":\"Organization\",\"@id\":\"https:\\\/\\\/inclusivenews.com.br\\\/#organization\",\"name\":\"Inclusive - inclus\u00e3o e cidadania\",\"url\":\"https:\\\/\\\/inclusivenews.com.br\\\/\",\"logo\":{\"@type\":\"ImageObject\",\"inLanguage\":\"pt-PT\",\"@id\":\"https:\\\/\\\/inclusivenews.com.br\\\/#\\\/schema\\\/logo\\\/image\\\/\",\"url\":\"https:\\\/\\\/inclusivenews.com.br\\\/wp-content\\\/uploads\\\/2024\\\/03\\\/@grandesite.png\",\"contentUrl\":\"https:\\\/\\\/inclusivenews.com.br\\\/wp-content\\\/uploads\\\/2024\\\/03\\\/@grandesite.png\",\"width\":1080,\"height\":1080,\"caption\":\"Inclusive - inclus\u00e3o e cidadania\"},\"image\":{\"@id\":\"https:\\\/\\\/inclusivenews.com.br\\\/#\\\/schema\\\/logo\\\/image\\\/\"},\"sameAs\":[\"https:\\\/\\\/www.facebook.com\\\/agenciainclusive\\\/\",\"https:\\\/\\\/www.instagram.com\\\/newsinclusive\\\/\"]},{\"@type\":\"Person\",\"@id\":\"https:\\\/\\\/inclusivenews.com.br\\\/#\\\/schema\\\/person\\\/ae4ec7087559b8692fb33b6fffd2273b\",\"name\":\"inclusivenews2024\",\"image\":{\"@type\":\"ImageObject\",\"inLanguage\":\"pt-PT\",\"@id\":\"https:\\\/\\\/secure.gravatar.com\\\/avatar\\\/c5a7ef84c66fa914f55bc4f7ce26cfa275a3b9a1c5568b907bd184fb4dde7b40?s=96&d=mm&r=g\",\"url\":\"https:\\\/\\\/secure.gravatar.com\\\/avatar\\\/c5a7ef84c66fa914f55bc4f7ce26cfa275a3b9a1c5568b907bd184fb4dde7b40?s=96&d=mm&r=g\",\"contentUrl\":\"https:\\\/\\\/secure.gravatar.com\\\/avatar\\\/c5a7ef84c66fa914f55bc4f7ce26cfa275a3b9a1c5568b907bd184fb4dde7b40?s=96&d=mm&r=g\",\"caption\":\"inclusivenews2024\"},\"sameAs\":[\"https:\\\/\\\/inclusivenews.com.br\"],\"url\":\"https:\\\/\\\/inclusivenews.com.br\\\/?author=1\"}]}<\/script>\n<!-- \/ Yoast SEO plugin. -->","yoast_head_json":{"title":"Presen\u00e7a brasileira na X Confer\u00eancia sobre Defici\u00eancia na ONU em Nova York -","robots":{"index":"index","follow":"follow","max-snippet":"max-snippet:-1","max-image-preview":"max-image-preview:large","max-video-preview":"max-video-preview:-1"},"canonical":"https:\/\/inclusivenews.com.br\/?p=30369","og_locale":"pt_PT","og_type":"article","og_title":"Presen\u00e7a brasileira na X Confer\u00eancia sobre Defici\u00eancia na ONU em Nova York -","og_description":"Representantes do Brasil participam da\u00a0X Confer\u00eancia dos Estados Parte da Conven\u00e7\u00e3o sobre os Direitos das Na\u00e7\u00f5es Unidas, que foi aberta ontem em\u00a0Nova York e vai at\u00e9 15\/6, reunindo mais de mil delegados de 174 pa\u00edses. O tema da confer\u00eancia \u00e9\u00a0\u201cA segunda d\u00e9cada da CDPD: Inclus\u00e3o e plena participa\u00e7\u00e3o das pessoas com defici\u00eancia e suas organiza\u00e7\u00f5es [&hellip;]","og_url":"https:\/\/inclusivenews.com.br\/?p=30369","article_publisher":"https:\/\/www.facebook.com\/agenciainclusive\/","article_published_time":"2017-06-14T13:56:26+00:00","author":"inclusivenews2024","twitter_card":"summary_large_image","twitter_misc":{"Escrito por":"inclusivenews2024","Tempo estimado de leitura":"2 minutos"},"schema":{"@context":"https:\/\/schema.org","@graph":[{"@type":"Article","@id":"https:\/\/inclusivenews.com.br\/?p=30369#article","isPartOf":{"@id":"https:\/\/inclusivenews.com.br\/?p=30369"},"author":{"name":"inclusivenews2024","@id":"https:\/\/inclusivenews.com.br\/#\/schema\/person\/ae4ec7087559b8692fb33b6fffd2273b"},"headline":"Presen\u00e7a brasileira na X Confer\u00eancia sobre Defici\u00eancia na ONU em Nova York","datePublished":"2017-06-14T13:56:26+00:00","mainEntityOfPage":{"@id":"https:\/\/inclusivenews.com.br\/?p=30369"},"wordCount":346,"commentCount":0,"publisher":{"@id":"https:\/\/inclusivenews.com.br\/#organization"},"image":{"@id":"https:\/\/inclusivenews.com.br\/?p=30369#primaryimage"},"thumbnailUrl":"","articleSection":["Conven\u00e7\u00e3o","LBI","Legisla\u00e7\u00e3o ...","NOT\u00cdCIAS","ONU","SHOWZ"],"inLanguage":"pt-PT","potentialAction":[{"@type":"CommentAction","name":"Comment","target":["https:\/\/inclusivenews.com.br\/?p=30369#respond"]}]},{"@type":"WebPage","@id":"https:\/\/inclusivenews.com.br\/?p=30369","url":"https:\/\/inclusivenews.com.br\/?p=30369","name":"Presen\u00e7a brasileira na X Confer\u00eancia sobre Defici\u00eancia na ONU em Nova York -","isPartOf":{"@id":"https:\/\/inclusivenews.com.br\/#website"},"primaryImageOfPage":{"@id":"https:\/\/inclusivenews.com.br\/?p=30369#primaryimage"},"image":{"@id":"https:\/\/inclusivenews.com.br\/?p=30369#primaryimage"},"thumbnailUrl":"","datePublished":"2017-06-14T13:56:26+00:00","breadcrumb":{"@id":"https:\/\/inclusivenews.com.br\/?p=30369#breadcrumb"},"inLanguage":"pt-PT","potentialAction":[{"@type":"ReadAction","target":["https:\/\/inclusivenews.com.br\/?p=30369"]}]},{"@type":"ImageObject","inLanguage":"pt-PT","@id":"https:\/\/inclusivenews.com.br\/?p=30369#primaryimage","url":"","contentUrl":""},{"@type":"BreadcrumbList","@id":"https:\/\/inclusivenews.com.br\/?p=30369#breadcrumb","itemListElement":[{"@type":"ListItem","position":1,"name":"In\u00edcio","item":"https:\/\/inclusivenews.com.br\/"},{"@type":"ListItem","position":2,"name":"Presen\u00e7a brasileira na X Confer\u00eancia sobre Defici\u00eancia na ONU em Nova York"}]},{"@type":"WebSite","@id":"https:\/\/inclusivenews.com.br\/#website","url":"https:\/\/inclusivenews.com.br\/","name":"Inclusive News","description":"Inclusive News","publisher":{"@id":"https:\/\/inclusivenews.com.br\/#organization"},"potentialAction":[{"@type":"SearchAction","target":{"@type":"EntryPoint","urlTemplate":"https:\/\/inclusivenews.com.br\/?s={search_term_string}"},"query-input":{"@type":"PropertyValueSpecification","valueRequired":true,"valueName":"search_term_string"}}],"inLanguage":"pt-PT"},{"@type":"Organization","@id":"https:\/\/inclusivenews.com.br\/#organization","name":"Inclusive - inclus\u00e3o e cidadania","url":"https:\/\/inclusivenews.com.br\/","logo":{"@type":"ImageObject","inLanguage":"pt-PT","@id":"https:\/\/inclusivenews.com.br\/#\/schema\/logo\/image\/","url":"https:\/\/inclusivenews.com.br\/wp-content\/uploads\/2024\/03\/@grandesite.png","contentUrl":"https:\/\/inclusivenews.com.br\/wp-content\/uploads\/2024\/03\/@grandesite.png","width":1080,"height":1080,"caption":"Inclusive - inclus\u00e3o e cidadania"},"image":{"@id":"https:\/\/inclusivenews.com.br\/#\/schema\/logo\/image\/"},"sameAs":["https:\/\/www.facebook.com\/agenciainclusive\/","https:\/\/www.instagram.com\/newsinclusive\/"]},{"@type":"Person","@id":"https:\/\/inclusivenews.com.br\/#\/schema\/person\/ae4ec7087559b8692fb33b6fffd2273b","name":"inclusivenews2024","image":{"@type":"ImageObject","inLanguage":"pt-PT","@id":"https:\/\/secure.gravatar.com\/avatar\/c5a7ef84c66fa914f55bc4f7ce26cfa275a3b9a1c5568b907bd184fb4dde7b40?s=96&d=mm&r=g","url":"https:\/\/secure.gravatar.com\/avatar\/c5a7ef84c66fa914f55bc4f7ce26cfa275a3b9a1c5568b907bd184fb4dde7b40?s=96&d=mm&r=g","contentUrl":"https:\/\/secure.gravatar.com\/avatar\/c5a7ef84c66fa914f55bc4f7ce26cfa275a3b9a1c5568b907bd184fb4dde7b40?s=96&d=mm&r=g","caption":"inclusivenews2024"},"sameAs":["https:\/\/inclusivenews.com.br"],"url":"https:\/\/inclusivenews.com.br\/?author=1"}]}},"_links":{"self":[{"href":"https:\/\/inclusivenews.com.br\/index.php?rest_route=\/wp\/v2\/posts\/30369","targetHints":{"allow":["GET"]}}],"collection":[{"href":"https:\/\/inclusivenews.com.br\/index.php?rest_route=\/wp\/v2\/posts"}],"about":[{"href":"https:\/\/inclusivenews.com.br\/index.php?rest_route=\/wp\/v2\/types\/post"}],"author":[{"embeddable":true,"href":"https:\/\/inclusivenews.com.br\/index.php?rest_route=\/wp\/v2\/users\/1"}],"replies":[{"embeddable":true,"href":"https:\/\/inclusivenews.com.br\/index.php?rest_route=%2Fwp%2Fv2%2Fcomments&post=30369"}],"version-history":[{"count":0,"href":"https:\/\/inclusivenews.com.br\/index.php?rest_route=\/wp\/v2\/posts\/30369\/revisions"}],"wp:featuredmedia":[{"embeddable":true,"href":"https:\/\/inclusivenews.com.br\/index.php?rest_route=\/"}],"wp:attachment":[{"href":"https:\/\/inclusivenews.com.br\/index.php?rest_route=%2Fwp%2Fv2%2Fmedia&parent=30369"}],"wp:term":[{"taxonomy":"category","embeddable":true,"href":"https:\/\/inclusivenews.com.br\/index.php?rest_route=%2Fwp%2Fv2%2Fcategories&post=30369"},{"taxonomy":"post_tag","embeddable":true,"href":"https:\/\/inclusivenews.com.br\/index.php?rest_route=%2Fwp%2Fv2%2Ftags&post=30369"}],"curies":[{"name":"wp","href":"https:\/\/api.w.org\/{rel}","templated":true}]}}