{"id":30412,"date":"2017-10-18T19:33:45","date_gmt":"2017-10-18T22:33:45","guid":{"rendered":"http:\/\/www.inclusive.org.br\/?p=30412"},"modified":"2017-10-18T19:33:45","modified_gmt":"2017-10-18T22:33:45","slug":"viii-congresso-brasileiro-sobre-sindrome-de-down-maceio-26-a-2810","status":"publish","type":"post","link":"https:\/\/inclusivenews.com.br\/?p=30412","title":{"rendered":"VIII Congresso Brasileiro sobre S\u00edndrome de Down &#8211; Macei\u00f3, 26 a 28\/10"},"content":{"rendered":"<p><img decoding=\"async\" src=\"https:\/\/doity.com.br\/media\/doity\/resized\/650x240_evento-9142-banner.png\" alt=\"VIII Congresso Brasileiro sobre S\u00edndrome de Down\" \/><\/p>\n<p>Venha para o VIII Congresso Brasileiro sobre S\u00edndrome de Down, realizado pela associa\u00e7\u00e3o Amor 21 e Federa\u00e7\u00e3o Brasileira das Associa\u00e7\u00f5es de S\u00edndrome de Down, que ocorrer\u00e1 em Macei\u00f3, Alagoas, de 26 a 28\/10.<\/p>\n<p><strong>\u00c9 um evento que contempla\u00a0grande diversidade de temas para debates, reunindo os m\u00faltiplos aspectos que instrumentalizam as pessoas com S\u00edndrome de Down, seus familiares e profissionais a exercitarem a pr\u00e1tica inclusiva como forma de conquistar a desejada cidadania para esse grupo de indiv\u00edduos, em respeito aos princ\u00edpios constitucionais da igualdade, solidariedade, dignidade e cidadania, visando \u00e0 busca de um presente e de um futuro melhor.<\/strong><\/p>\n<p>O evento contar\u00e1 com ber\u00e7\u00e1rio, \u00e1rea de recrea\u00e7\u00e3o, palco para apresenta\u00e7\u00f5es culturais, cinema, etc.<\/p>\n<p><strong>Carga Hor\u00e1ria: 24 horas.<\/strong><\/p>\n<p><strong><a href=\"https:\/\/doity.com.br\/viii-congresso-brasileiro-de-sindrome-de-down\/calendario\">Veja a programa\u00e7\u00e3o.<\/a><\/strong><\/p>\n<p><strong><a href=\"https:\/\/doity.com.br\/viii-congresso-brasileiro-de-sindrome-de-down\/contato\">Saiba mais.<\/a><\/strong><\/p>\n","protected":false},"excerpt":{"rendered":"<p>Venha para o VIII Congresso Brasileiro sobre S\u00edndrome de Down, realizado pela associa\u00e7\u00e3o Amor 21 e Federa\u00e7\u00e3o Brasileira das Associa\u00e7\u00f5es de S\u00edndrome de Down, que ocorrer\u00e1 em Macei\u00f3, Alagoas, de 26 a 28\/10.<\/p>\n","protected":false},"author":1,"featured_media":0,"comment_status":"open","ping_status":"open","sticky":false,"template":"","format":"standard","meta":{"site-container-style":"default","site-container-layout":"default","site-sidebar-layout":"default","disable-article-header":"default","disable-site-header":"default","disable-site-footer":"default","disable-content-area-spacing":"default","footnotes":""},"categories":[4],"tags":[],"class_list":["post-30412","post","type-post","status-publish","format-standard","hentry","category-noticias"],"yoast_head":"<!-- This site is optimized with the Yoast SEO plugin v27.4 - https:\/\/yoast.com\/product\/yoast-seo-wordpress\/ -->\n<title>VIII Congresso Brasileiro sobre S\u00edndrome de Down - Macei\u00f3, 26 a 28\/10 -<\/title>\n<meta name=\"robots\" content=\"index, follow, max-snippet:-1, max-image-preview:large, max-video-preview:-1\" \/>\n<link rel=\"canonical\" href=\"https:\/\/inclusivenews.com.br\/?p=30412\" \/>\n<meta property=\"og:locale\" content=\"pt_PT\" \/>\n<meta property=\"og:type\" content=\"article\" \/>\n<meta property=\"og:title\" content=\"VIII Congresso Brasileiro sobre S\u00edndrome de Down - Macei\u00f3, 26 a 28\/10 -\" \/>\n<meta property=\"og:description\" content=\"Venha para o VIII Congresso Brasileiro sobre S\u00edndrome de Down, realizado pela associa\u00e7\u00e3o Amor 21 e Federa\u00e7\u00e3o Brasileira das Associa\u00e7\u00f5es de S\u00edndrome de Down, que ocorrer\u00e1 em Macei\u00f3, Alagoas, de 26 a 28\/10.\" \/>\n<meta property=\"og:url\" content=\"https:\/\/inclusivenews.com.br\/?p=30412\" \/>\n<meta property=\"article:publisher\" content=\"https:\/\/www.facebook.com\/agenciainclusive\/\" \/>\n<meta property=\"article:published_time\" content=\"2017-10-18T22:33:45+00:00\" \/>\n<meta property=\"og:image\" content=\"https:\/\/doity.com.br\/media\/doity\/resized\/650x240_evento-9142-banner.png\" \/>\n<meta name=\"author\" content=\"inclusivenews2024\" \/>\n<meta name=\"twitter:card\" content=\"summary_large_image\" \/>\n<meta name=\"twitter:label1\" content=\"Escrito por\" \/>\n\t<meta name=\"twitter:data1\" content=\"inclusivenews2024\" \/>\n\t<meta name=\"twitter:label2\" content=\"Tempo estimado de leitura\" \/>\n\t<meta name=\"twitter:data2\" content=\"1 minuto\" \/>\n<script type=\"application\/ld+json\" class=\"yoast-schema-graph\">{\"@context\":\"https:\\\/\\\/schema.org\",\"@graph\":[{\"@type\":\"Article\",\"@id\":\"https:\\\/\\\/inclusivenews.com.br\\\/?p=30412#article\",\"isPartOf\":{\"@id\":\"https:\\\/\\\/inclusivenews.com.br\\\/?p=30412\"},\"author\":{\"name\":\"inclusivenews2024\",\"@id\":\"https:\\\/\\\/inclusivenews.com.br\\\/#\\\/schema\\\/person\\\/ae4ec7087559b8692fb33b6fffd2273b\"},\"headline\":\"VIII Congresso Brasileiro sobre S\u00edndrome de Down &#8211; Macei\u00f3, 26 a 28\\\/10\",\"datePublished\":\"2017-10-18T22:33:45+00:00\",\"mainEntityOfPage\":{\"@id\":\"https:\\\/\\\/inclusivenews.com.br\\\/?p=30412\"},\"wordCount\":142,\"commentCount\":0,\"publisher\":{\"@id\":\"https:\\\/\\\/inclusivenews.com.br\\\/#organization\"},\"image\":{\"@id\":\"https:\\\/\\\/inclusivenews.com.br\\\/?p=30412#primaryimage\"},\"thumbnailUrl\":\"https:\\\/\\\/doity.com.br\\\/media\\\/doity\\\/resized\\\/650x240_evento-9142-banner.png\",\"articleSection\":[\"NOT\u00cdCIAS\"],\"inLanguage\":\"pt-PT\",\"potentialAction\":[{\"@type\":\"CommentAction\",\"name\":\"Comment\",\"target\":[\"https:\\\/\\\/inclusivenews.com.br\\\/?p=30412#respond\"]}]},{\"@type\":\"WebPage\",\"@id\":\"https:\\\/\\\/inclusivenews.com.br\\\/?p=30412\",\"url\":\"https:\\\/\\\/inclusivenews.com.br\\\/?p=30412\",\"name\":\"VIII Congresso Brasileiro sobre S\u00edndrome de Down - Macei\u00f3, 26 a 28\\\/10 -\",\"isPartOf\":{\"@id\":\"https:\\\/\\\/inclusivenews.com.br\\\/#website\"},\"primaryImageOfPage\":{\"@id\":\"https:\\\/\\\/inclusivenews.com.br\\\/?p=30412#primaryimage\"},\"image\":{\"@id\":\"https:\\\/\\\/inclusivenews.com.br\\\/?p=30412#primaryimage\"},\"thumbnailUrl\":\"https:\\\/\\\/doity.com.br\\\/media\\\/doity\\\/resized\\\/650x240_evento-9142-banner.png\",\"datePublished\":\"2017-10-18T22:33:45+00:00\",\"breadcrumb\":{\"@id\":\"https:\\\/\\\/inclusivenews.com.br\\\/?p=30412#breadcrumb\"},\"inLanguage\":\"pt-PT\",\"potentialAction\":[{\"@type\":\"ReadAction\",\"target\":[\"https:\\\/\\\/inclusivenews.com.br\\\/?p=30412\"]}]},{\"@type\":\"ImageObject\",\"inLanguage\":\"pt-PT\",\"@id\":\"https:\\\/\\\/inclusivenews.com.br\\\/?p=30412#primaryimage\",\"url\":\"https:\\\/\\\/doity.com.br\\\/media\\\/doity\\\/resized\\\/650x240_evento-9142-banner.png\",\"contentUrl\":\"https:\\\/\\\/doity.com.br\\\/media\\\/doity\\\/resized\\\/650x240_evento-9142-banner.png\"},{\"@type\":\"BreadcrumbList\",\"@id\":\"https:\\\/\\\/inclusivenews.com.br\\\/?p=30412#breadcrumb\",\"itemListElement\":[{\"@type\":\"ListItem\",\"position\":1,\"name\":\"In\u00edcio\",\"item\":\"https:\\\/\\\/inclusivenews.com.br\\\/\"},{\"@type\":\"ListItem\",\"position\":2,\"name\":\"VIII Congresso Brasileiro sobre S\u00edndrome de Down &#8211; Macei\u00f3, 26 a 28\\\/10\"}]},{\"@type\":\"WebSite\",\"@id\":\"https:\\\/\\\/inclusivenews.com.br\\\/#website\",\"url\":\"https:\\\/\\\/inclusivenews.com.br\\\/\",\"name\":\"Inclusive News\",\"description\":\"Inclusive News\",\"publisher\":{\"@id\":\"https:\\\/\\\/inclusivenews.com.br\\\/#organization\"},\"potentialAction\":[{\"@type\":\"SearchAction\",\"target\":{\"@type\":\"EntryPoint\",\"urlTemplate\":\"https:\\\/\\\/inclusivenews.com.br\\\/?s={search_term_string}\"},\"query-input\":{\"@type\":\"PropertyValueSpecification\",\"valueRequired\":true,\"valueName\":\"search_term_string\"}}],\"inLanguage\":\"pt-PT\"},{\"@type\":\"Organization\",\"@id\":\"https:\\\/\\\/inclusivenews.com.br\\\/#organization\",\"name\":\"Inclusive - inclus\u00e3o e cidadania\",\"url\":\"https:\\\/\\\/inclusivenews.com.br\\\/\",\"logo\":{\"@type\":\"ImageObject\",\"inLanguage\":\"pt-PT\",\"@id\":\"https:\\\/\\\/inclusivenews.com.br\\\/#\\\/schema\\\/logo\\\/image\\\/\",\"url\":\"https:\\\/\\\/inclusivenews.com.br\\\/wp-content\\\/uploads\\\/2024\\\/03\\\/@grandesite.png\",\"contentUrl\":\"https:\\\/\\\/inclusivenews.com.br\\\/wp-content\\\/uploads\\\/2024\\\/03\\\/@grandesite.png\",\"width\":1080,\"height\":1080,\"caption\":\"Inclusive - inclus\u00e3o e cidadania\"},\"image\":{\"@id\":\"https:\\\/\\\/inclusivenews.com.br\\\/#\\\/schema\\\/logo\\\/image\\\/\"},\"sameAs\":[\"https:\\\/\\\/www.facebook.com\\\/agenciainclusive\\\/\",\"https:\\\/\\\/www.instagram.com\\\/newsinclusive\\\/\"]},{\"@type\":\"Person\",\"@id\":\"https:\\\/\\\/inclusivenews.com.br\\\/#\\\/schema\\\/person\\\/ae4ec7087559b8692fb33b6fffd2273b\",\"name\":\"inclusivenews2024\",\"image\":{\"@type\":\"ImageObject\",\"inLanguage\":\"pt-PT\",\"@id\":\"https:\\\/\\\/secure.gravatar.com\\\/avatar\\\/c5a7ef84c66fa914f55bc4f7ce26cfa275a3b9a1c5568b907bd184fb4dde7b40?s=96&d=mm&r=g\",\"url\":\"https:\\\/\\\/secure.gravatar.com\\\/avatar\\\/c5a7ef84c66fa914f55bc4f7ce26cfa275a3b9a1c5568b907bd184fb4dde7b40?s=96&d=mm&r=g\",\"contentUrl\":\"https:\\\/\\\/secure.gravatar.com\\\/avatar\\\/c5a7ef84c66fa914f55bc4f7ce26cfa275a3b9a1c5568b907bd184fb4dde7b40?s=96&d=mm&r=g\",\"caption\":\"inclusivenews2024\"},\"sameAs\":[\"https:\\\/\\\/inclusivenews.com.br\"],\"url\":\"https:\\\/\\\/inclusivenews.com.br\\\/?author=1\"}]}<\/script>\n<!-- \/ Yoast SEO plugin. -->","yoast_head_json":{"title":"VIII Congresso Brasileiro sobre S\u00edndrome de Down - Macei\u00f3, 26 a 28\/10 -","robots":{"index":"index","follow":"follow","max-snippet":"max-snippet:-1","max-image-preview":"max-image-preview:large","max-video-preview":"max-video-preview:-1"},"canonical":"https:\/\/inclusivenews.com.br\/?p=30412","og_locale":"pt_PT","og_type":"article","og_title":"VIII Congresso Brasileiro sobre S\u00edndrome de Down - Macei\u00f3, 26 a 28\/10 -","og_description":"Venha para o VIII Congresso Brasileiro sobre S\u00edndrome de Down, realizado pela associa\u00e7\u00e3o Amor 21 e Federa\u00e7\u00e3o Brasileira das Associa\u00e7\u00f5es de S\u00edndrome de Down, que ocorrer\u00e1 em Macei\u00f3, Alagoas, de 26 a 28\/10.","og_url":"https:\/\/inclusivenews.com.br\/?p=30412","article_publisher":"https:\/\/www.facebook.com\/agenciainclusive\/","article_published_time":"2017-10-18T22:33:45+00:00","og_image":[{"url":"https:\/\/doity.com.br\/media\/doity\/resized\/650x240_evento-9142-banner.png","type":"","width":"","height":""}],"author":"inclusivenews2024","twitter_card":"summary_large_image","twitter_misc":{"Escrito por":"inclusivenews2024","Tempo estimado de leitura":"1 minuto"},"schema":{"@context":"https:\/\/schema.org","@graph":[{"@type":"Article","@id":"https:\/\/inclusivenews.com.br\/?p=30412#article","isPartOf":{"@id":"https:\/\/inclusivenews.com.br\/?p=30412"},"author":{"name":"inclusivenews2024","@id":"https:\/\/inclusivenews.com.br\/#\/schema\/person\/ae4ec7087559b8692fb33b6fffd2273b"},"headline":"VIII Congresso Brasileiro sobre S\u00edndrome de Down &#8211; Macei\u00f3, 26 a 28\/10","datePublished":"2017-10-18T22:33:45+00:00","mainEntityOfPage":{"@id":"https:\/\/inclusivenews.com.br\/?p=30412"},"wordCount":142,"commentCount":0,"publisher":{"@id":"https:\/\/inclusivenews.com.br\/#organization"},"image":{"@id":"https:\/\/inclusivenews.com.br\/?p=30412#primaryimage"},"thumbnailUrl":"https:\/\/doity.com.br\/media\/doity\/resized\/650x240_evento-9142-banner.png","articleSection":["NOT\u00cdCIAS"],"inLanguage":"pt-PT","potentialAction":[{"@type":"CommentAction","name":"Comment","target":["https:\/\/inclusivenews.com.br\/?p=30412#respond"]}]},{"@type":"WebPage","@id":"https:\/\/inclusivenews.com.br\/?p=30412","url":"https:\/\/inclusivenews.com.br\/?p=30412","name":"VIII Congresso Brasileiro sobre S\u00edndrome de Down - Macei\u00f3, 26 a 28\/10 -","isPartOf":{"@id":"https:\/\/inclusivenews.com.br\/#website"},"primaryImageOfPage":{"@id":"https:\/\/inclusivenews.com.br\/?p=30412#primaryimage"},"image":{"@id":"https:\/\/inclusivenews.com.br\/?p=30412#primaryimage"},"thumbnailUrl":"https:\/\/doity.com.br\/media\/doity\/resized\/650x240_evento-9142-banner.png","datePublished":"2017-10-18T22:33:45+00:00","breadcrumb":{"@id":"https:\/\/inclusivenews.com.br\/?p=30412#breadcrumb"},"inLanguage":"pt-PT","potentialAction":[{"@type":"ReadAction","target":["https:\/\/inclusivenews.com.br\/?p=30412"]}]},{"@type":"ImageObject","inLanguage":"pt-PT","@id":"https:\/\/inclusivenews.com.br\/?p=30412#primaryimage","url":"https:\/\/doity.com.br\/media\/doity\/resized\/650x240_evento-9142-banner.png","contentUrl":"https:\/\/doity.com.br\/media\/doity\/resized\/650x240_evento-9142-banner.png"},{"@type":"BreadcrumbList","@id":"https:\/\/inclusivenews.com.br\/?p=30412#breadcrumb","itemListElement":[{"@type":"ListItem","position":1,"name":"In\u00edcio","item":"https:\/\/inclusivenews.com.br\/"},{"@type":"ListItem","position":2,"name":"VIII Congresso Brasileiro sobre S\u00edndrome de Down &#8211; Macei\u00f3, 26 a 28\/10"}]},{"@type":"WebSite","@id":"https:\/\/inclusivenews.com.br\/#website","url":"https:\/\/inclusivenews.com.br\/","name":"Inclusive News","description":"Inclusive News","publisher":{"@id":"https:\/\/inclusivenews.com.br\/#organization"},"potentialAction":[{"@type":"SearchAction","target":{"@type":"EntryPoint","urlTemplate":"https:\/\/inclusivenews.com.br\/?s={search_term_string}"},"query-input":{"@type":"PropertyValueSpecification","valueRequired":true,"valueName":"search_term_string"}}],"inLanguage":"pt-PT"},{"@type":"Organization","@id":"https:\/\/inclusivenews.com.br\/#organization","name":"Inclusive - inclus\u00e3o e cidadania","url":"https:\/\/inclusivenews.com.br\/","logo":{"@type":"ImageObject","inLanguage":"pt-PT","@id":"https:\/\/inclusivenews.com.br\/#\/schema\/logo\/image\/","url":"https:\/\/inclusivenews.com.br\/wp-content\/uploads\/2024\/03\/@grandesite.png","contentUrl":"https:\/\/inclusivenews.com.br\/wp-content\/uploads\/2024\/03\/@grandesite.png","width":1080,"height":1080,"caption":"Inclusive - inclus\u00e3o e cidadania"},"image":{"@id":"https:\/\/inclusivenews.com.br\/#\/schema\/logo\/image\/"},"sameAs":["https:\/\/www.facebook.com\/agenciainclusive\/","https:\/\/www.instagram.com\/newsinclusive\/"]},{"@type":"Person","@id":"https:\/\/inclusivenews.com.br\/#\/schema\/person\/ae4ec7087559b8692fb33b6fffd2273b","name":"inclusivenews2024","image":{"@type":"ImageObject","inLanguage":"pt-PT","@id":"https:\/\/secure.gravatar.com\/avatar\/c5a7ef84c66fa914f55bc4f7ce26cfa275a3b9a1c5568b907bd184fb4dde7b40?s=96&d=mm&r=g","url":"https:\/\/secure.gravatar.com\/avatar\/c5a7ef84c66fa914f55bc4f7ce26cfa275a3b9a1c5568b907bd184fb4dde7b40?s=96&d=mm&r=g","contentUrl":"https:\/\/secure.gravatar.com\/avatar\/c5a7ef84c66fa914f55bc4f7ce26cfa275a3b9a1c5568b907bd184fb4dde7b40?s=96&d=mm&r=g","caption":"inclusivenews2024"},"sameAs":["https:\/\/inclusivenews.com.br"],"url":"https:\/\/inclusivenews.com.br\/?author=1"}]}},"_links":{"self":[{"href":"https:\/\/inclusivenews.com.br\/index.php?rest_route=\/wp\/v2\/posts\/30412","targetHints":{"allow":["GET"]}}],"collection":[{"href":"https:\/\/inclusivenews.com.br\/index.php?rest_route=\/wp\/v2\/posts"}],"about":[{"href":"https:\/\/inclusivenews.com.br\/index.php?rest_route=\/wp\/v2\/types\/post"}],"author":[{"embeddable":true,"href":"https:\/\/inclusivenews.com.br\/index.php?rest_route=\/wp\/v2\/users\/1"}],"replies":[{"embeddable":true,"href":"https:\/\/inclusivenews.com.br\/index.php?rest_route=%2Fwp%2Fv2%2Fcomments&post=30412"}],"version-history":[{"count":0,"href":"https:\/\/inclusivenews.com.br\/index.php?rest_route=\/wp\/v2\/posts\/30412\/revisions"}],"wp:attachment":[{"href":"https:\/\/inclusivenews.com.br\/index.php?rest_route=%2Fwp%2Fv2%2Fmedia&parent=30412"}],"wp:term":[{"taxonomy":"category","embeddable":true,"href":"https:\/\/inclusivenews.com.br\/index.php?rest_route=%2Fwp%2Fv2%2Fcategories&post=30412"},{"taxonomy":"post_tag","embeddable":true,"href":"https:\/\/inclusivenews.com.br\/index.php?rest_route=%2Fwp%2Fv2%2Ftags&post=30412"}],"curies":[{"name":"wp","href":"https:\/\/api.w.org\/{rel}","templated":true}]}}