{"id":30419,"date":"2017-07-10T20:12:38","date_gmt":"2017-07-10T23:12:38","guid":{"rendered":"http:\/\/www.inclusive.org.br\/?p=30419"},"modified":"2017-07-10T20:12:38","modified_gmt":"2017-07-10T23:12:38","slug":"educacao-transformadora-aprendendo-a-ser-pai-de-um-adolescente-com-a-sindrome-de-down","status":"publish","type":"post","link":"https:\/\/inclusivenews.com.br\/?p=30419","title":{"rendered":"Educa\u00e7\u00e3o transformadora: aprendendo a ser pai de um adolescente com a S\u00edndrome de Down"},"content":{"rendered":"<p><img loading=\"lazy\" decoding=\"async\" class=\"alignnone\" title=\"Descri\u00e7\u00e3o n\u00e3o fornecida. O texto informativo do evento e a imagem do palestrante.\" src=\"https:\/\/d1gkntzr8mxq7s.cloudfront.net\/594bf5fddff69-lg.png\" alt=\"Descri\u00e7\u00e3o n\u00e3o fornecida. O texto informativo do evento e a imagem do palestrante.\" width=\"635\" height=\"234\" \/><\/p>\n<p>O <strong>Todos Transformam<\/strong> \u00e9 um espa\u00e7o que nasce com o intuito de compartilhar experi\u00eancias significativas, de pessoas que tenham em seu esp\u00edrito a vontade de transformar seu ambiente de maneira positiva e duradoura.<\/p>\n<p>As palestras ocorrer\u00e3o sempre aos s\u00e1bados, no Instituto<strong> Casa do Todos<\/strong>, no Brooklin em S\u00e3o Paulo-SP.<\/p>\n<p>Para dar a largada nesse evento de transforma\u00e7\u00e3o cultural, o convidado palestrante ser\u00e1\u00a0<strong>Guga Dorea<\/strong>, Soci\u00f3logo, Educador e pai de um adolescente com S\u00edndrome de Down. Neste espa\u00e7o, o Guga compartilhar\u00e1 sua experi\u00eancia, de como vivenciou as dores e os prazeres de ser pai. Ele navegar\u00e1 pelas suas diversas experi\u00eancias, partindo da forma como recebeu a not\u00edcia do nascimento, passando pela inf\u00e2ncia e adolesc\u00eancia, que \u00e9 o momento atual de seu filho.<\/p>\n<p>Os palestrantes compartilham suas experi\u00eancias de forma <strong>volunt\u00e1ria<\/strong>. Os recursos arrecadados com a venda dos ingressos ser\u00e3o 100% destinados \u00e0 Casa do Todos.<\/p>\n<p>Onde e quando: Rua Indiana, 1088 | dia 29\/07 | das 9h30 \u00e0s 11h30 | S\u00e3o Paulo &#8211; SP<\/p>\n","protected":false},"excerpt":{"rendered":"<p>Para dar a largada nesse evento de transforma\u00e7\u00e3o cultural, o convidado palestrante ser\u00e1 Guga Dorea, Soci\u00f3logo, Educador e pai de um adolescente com S\u00edndrome de Down. Neste espa\u00e7o, o Guga compartilhar\u00e1 sua experi\u00eancia, de como vivenciou as dores e os prazeres de ser pai. Ele navegar\u00e1 pelas suas diversas experi\u00eancias, partindo da forma como recebeu a not\u00edcia do nascimento, passando pela inf\u00e2ncia e adolesc\u00eancia, que \u00e9 o momento atual de seu filho.<\/p>\n","protected":false},"author":1,"featured_media":0,"comment_status":"open","ping_status":"open","sticky":false,"template":"","format":"standard","meta":{"site-container-style":"default","site-container-layout":"default","site-sidebar-layout":"default","disable-article-header":"default","disable-site-header":"default","disable-site-footer":"default","disable-content-area-spacing":"default","footnotes":""},"categories":[12],"tags":[],"class_list":["post-30419","post","type-post","status-publish","format-standard","hentry","category-cursos-e-eventos"],"yoast_head":"<!-- This site is optimized with the Yoast SEO plugin v27.4 - https:\/\/yoast.com\/product\/yoast-seo-wordpress\/ -->\n<title>Educa\u00e7\u00e3o transformadora: aprendendo a ser pai de um adolescente com a S\u00edndrome de Down -<\/title>\n<meta name=\"robots\" content=\"index, follow, max-snippet:-1, max-image-preview:large, max-video-preview:-1\" \/>\n<link rel=\"canonical\" href=\"https:\/\/inclusivenews.com.br\/?p=30419\" \/>\n<meta property=\"og:locale\" content=\"pt_PT\" \/>\n<meta property=\"og:type\" content=\"article\" \/>\n<meta property=\"og:title\" content=\"Educa\u00e7\u00e3o transformadora: aprendendo a ser pai de um adolescente com a S\u00edndrome de Down -\" \/>\n<meta property=\"og:description\" content=\"Para dar a largada nesse evento de transforma\u00e7\u00e3o cultural, o convidado palestrante ser\u00e1 Guga Dorea, Soci\u00f3logo, Educador e pai de um adolescente com S\u00edndrome de Down. Neste espa\u00e7o, o Guga compartilhar\u00e1 sua experi\u00eancia, de como vivenciou as dores e os prazeres de ser pai. Ele navegar\u00e1 pelas suas diversas experi\u00eancias, partindo da forma como recebeu a not\u00edcia do nascimento, passando pela inf\u00e2ncia e adolesc\u00eancia, que \u00e9 o momento atual de seu filho.\" \/>\n<meta property=\"og:url\" content=\"https:\/\/inclusivenews.com.br\/?p=30419\" \/>\n<meta property=\"article:publisher\" content=\"https:\/\/www.facebook.com\/agenciainclusive\/\" \/>\n<meta property=\"article:published_time\" content=\"2017-07-10T23:12:38+00:00\" \/>\n<meta property=\"og:image\" content=\"https:\/\/d1gkntzr8mxq7s.cloudfront.net\/594bf5fddff69-lg.png\" \/>\n<meta name=\"author\" content=\"inclusivenews2024\" \/>\n<meta name=\"twitter:card\" content=\"summary_large_image\" \/>\n<meta name=\"twitter:label1\" content=\"Escrito por\" \/>\n\t<meta name=\"twitter:data1\" content=\"inclusivenews2024\" \/>\n\t<meta name=\"twitter:label2\" content=\"Tempo estimado de leitura\" \/>\n\t<meta name=\"twitter:data2\" content=\"1 minuto\" \/>\n<script type=\"application\/ld+json\" class=\"yoast-schema-graph\">{\"@context\":\"https:\\\/\\\/schema.org\",\"@graph\":[{\"@type\":\"Article\",\"@id\":\"https:\\\/\\\/inclusivenews.com.br\\\/?p=30419#article\",\"isPartOf\":{\"@id\":\"https:\\\/\\\/inclusivenews.com.br\\\/?p=30419\"},\"author\":{\"name\":\"inclusivenews2024\",\"@id\":\"https:\\\/\\\/inclusivenews.com.br\\\/#\\\/schema\\\/person\\\/ae4ec7087559b8692fb33b6fffd2273b\"},\"headline\":\"Educa\u00e7\u00e3o transformadora: aprendendo a ser pai de um adolescente com a S\u00edndrome de Down\",\"datePublished\":\"2017-07-10T23:12:38+00:00\",\"mainEntityOfPage\":{\"@id\":\"https:\\\/\\\/inclusivenews.com.br\\\/?p=30419\"},\"wordCount\":189,\"commentCount\":2,\"publisher\":{\"@id\":\"https:\\\/\\\/inclusivenews.com.br\\\/#organization\"},\"image\":{\"@id\":\"https:\\\/\\\/inclusivenews.com.br\\\/?p=30419#primaryimage\"},\"thumbnailUrl\":\"https:\\\/\\\/d1gkntzr8mxq7s.cloudfront.net\\\/594bf5fddff69-lg.png\",\"articleSection\":[\"Cursos e eventos\"],\"inLanguage\":\"pt-PT\",\"potentialAction\":[{\"@type\":\"CommentAction\",\"name\":\"Comment\",\"target\":[\"https:\\\/\\\/inclusivenews.com.br\\\/?p=30419#respond\"]}]},{\"@type\":\"WebPage\",\"@id\":\"https:\\\/\\\/inclusivenews.com.br\\\/?p=30419\",\"url\":\"https:\\\/\\\/inclusivenews.com.br\\\/?p=30419\",\"name\":\"Educa\u00e7\u00e3o transformadora: aprendendo a ser pai de um adolescente com a S\u00edndrome de Down -\",\"isPartOf\":{\"@id\":\"https:\\\/\\\/inclusivenews.com.br\\\/#website\"},\"primaryImageOfPage\":{\"@id\":\"https:\\\/\\\/inclusivenews.com.br\\\/?p=30419#primaryimage\"},\"image\":{\"@id\":\"https:\\\/\\\/inclusivenews.com.br\\\/?p=30419#primaryimage\"},\"thumbnailUrl\":\"https:\\\/\\\/d1gkntzr8mxq7s.cloudfront.net\\\/594bf5fddff69-lg.png\",\"datePublished\":\"2017-07-10T23:12:38+00:00\",\"breadcrumb\":{\"@id\":\"https:\\\/\\\/inclusivenews.com.br\\\/?p=30419#breadcrumb\"},\"inLanguage\":\"pt-PT\",\"potentialAction\":[{\"@type\":\"ReadAction\",\"target\":[\"https:\\\/\\\/inclusivenews.com.br\\\/?p=30419\"]}]},{\"@type\":\"ImageObject\",\"inLanguage\":\"pt-PT\",\"@id\":\"https:\\\/\\\/inclusivenews.com.br\\\/?p=30419#primaryimage\",\"url\":\"https:\\\/\\\/d1gkntzr8mxq7s.cloudfront.net\\\/594bf5fddff69-lg.png\",\"contentUrl\":\"https:\\\/\\\/d1gkntzr8mxq7s.cloudfront.net\\\/594bf5fddff69-lg.png\"},{\"@type\":\"BreadcrumbList\",\"@id\":\"https:\\\/\\\/inclusivenews.com.br\\\/?p=30419#breadcrumb\",\"itemListElement\":[{\"@type\":\"ListItem\",\"position\":1,\"name\":\"In\u00edcio\",\"item\":\"https:\\\/\\\/inclusivenews.com.br\\\/\"},{\"@type\":\"ListItem\",\"position\":2,\"name\":\"Educa\u00e7\u00e3o transformadora: aprendendo a ser pai de um adolescente com a S\u00edndrome de Down\"}]},{\"@type\":\"WebSite\",\"@id\":\"https:\\\/\\\/inclusivenews.com.br\\\/#website\",\"url\":\"https:\\\/\\\/inclusivenews.com.br\\\/\",\"name\":\"Inclusive News\",\"description\":\"Inclusive News\",\"publisher\":{\"@id\":\"https:\\\/\\\/inclusivenews.com.br\\\/#organization\"},\"potentialAction\":[{\"@type\":\"SearchAction\",\"target\":{\"@type\":\"EntryPoint\",\"urlTemplate\":\"https:\\\/\\\/inclusivenews.com.br\\\/?s={search_term_string}\"},\"query-input\":{\"@type\":\"PropertyValueSpecification\",\"valueRequired\":true,\"valueName\":\"search_term_string\"}}],\"inLanguage\":\"pt-PT\"},{\"@type\":\"Organization\",\"@id\":\"https:\\\/\\\/inclusivenews.com.br\\\/#organization\",\"name\":\"Inclusive - inclus\u00e3o e cidadania\",\"url\":\"https:\\\/\\\/inclusivenews.com.br\\\/\",\"logo\":{\"@type\":\"ImageObject\",\"inLanguage\":\"pt-PT\",\"@id\":\"https:\\\/\\\/inclusivenews.com.br\\\/#\\\/schema\\\/logo\\\/image\\\/\",\"url\":\"https:\\\/\\\/inclusivenews.com.br\\\/wp-content\\\/uploads\\\/2024\\\/03\\\/@grandesite.png\",\"contentUrl\":\"https:\\\/\\\/inclusivenews.com.br\\\/wp-content\\\/uploads\\\/2024\\\/03\\\/@grandesite.png\",\"width\":1080,\"height\":1080,\"caption\":\"Inclusive - inclus\u00e3o e cidadania\"},\"image\":{\"@id\":\"https:\\\/\\\/inclusivenews.com.br\\\/#\\\/schema\\\/logo\\\/image\\\/\"},\"sameAs\":[\"https:\\\/\\\/www.facebook.com\\\/agenciainclusive\\\/\",\"https:\\\/\\\/www.instagram.com\\\/newsinclusive\\\/\"]},{\"@type\":\"Person\",\"@id\":\"https:\\\/\\\/inclusivenews.com.br\\\/#\\\/schema\\\/person\\\/ae4ec7087559b8692fb33b6fffd2273b\",\"name\":\"inclusivenews2024\",\"image\":{\"@type\":\"ImageObject\",\"inLanguage\":\"pt-PT\",\"@id\":\"https:\\\/\\\/secure.gravatar.com\\\/avatar\\\/c5a7ef84c66fa914f55bc4f7ce26cfa275a3b9a1c5568b907bd184fb4dde7b40?s=96&d=mm&r=g\",\"url\":\"https:\\\/\\\/secure.gravatar.com\\\/avatar\\\/c5a7ef84c66fa914f55bc4f7ce26cfa275a3b9a1c5568b907bd184fb4dde7b40?s=96&d=mm&r=g\",\"contentUrl\":\"https:\\\/\\\/secure.gravatar.com\\\/avatar\\\/c5a7ef84c66fa914f55bc4f7ce26cfa275a3b9a1c5568b907bd184fb4dde7b40?s=96&d=mm&r=g\",\"caption\":\"inclusivenews2024\"},\"sameAs\":[\"https:\\\/\\\/inclusivenews.com.br\"],\"url\":\"https:\\\/\\\/inclusivenews.com.br\\\/?author=1\"}]}<\/script>\n<!-- \/ Yoast SEO plugin. -->","yoast_head_json":{"title":"Educa\u00e7\u00e3o transformadora: aprendendo a ser pai de um adolescente com a S\u00edndrome de Down -","robots":{"index":"index","follow":"follow","max-snippet":"max-snippet:-1","max-image-preview":"max-image-preview:large","max-video-preview":"max-video-preview:-1"},"canonical":"https:\/\/inclusivenews.com.br\/?p=30419","og_locale":"pt_PT","og_type":"article","og_title":"Educa\u00e7\u00e3o transformadora: aprendendo a ser pai de um adolescente com a S\u00edndrome de Down -","og_description":"Para dar a largada nesse evento de transforma\u00e7\u00e3o cultural, o convidado palestrante ser\u00e1 Guga Dorea, Soci\u00f3logo, Educador e pai de um adolescente com S\u00edndrome de Down. Neste espa\u00e7o, o Guga compartilhar\u00e1 sua experi\u00eancia, de como vivenciou as dores e os prazeres de ser pai. Ele navegar\u00e1 pelas suas diversas experi\u00eancias, partindo da forma como recebeu a not\u00edcia do nascimento, passando pela inf\u00e2ncia e adolesc\u00eancia, que \u00e9 o momento atual de seu filho.","og_url":"https:\/\/inclusivenews.com.br\/?p=30419","article_publisher":"https:\/\/www.facebook.com\/agenciainclusive\/","article_published_time":"2017-07-10T23:12:38+00:00","og_image":[{"url":"https:\/\/d1gkntzr8mxq7s.cloudfront.net\/594bf5fddff69-lg.png","type":"","width":"","height":""}],"author":"inclusivenews2024","twitter_card":"summary_large_image","twitter_misc":{"Escrito por":"inclusivenews2024","Tempo estimado de leitura":"1 minuto"},"schema":{"@context":"https:\/\/schema.org","@graph":[{"@type":"Article","@id":"https:\/\/inclusivenews.com.br\/?p=30419#article","isPartOf":{"@id":"https:\/\/inclusivenews.com.br\/?p=30419"},"author":{"name":"inclusivenews2024","@id":"https:\/\/inclusivenews.com.br\/#\/schema\/person\/ae4ec7087559b8692fb33b6fffd2273b"},"headline":"Educa\u00e7\u00e3o transformadora: aprendendo a ser pai de um adolescente com a S\u00edndrome de Down","datePublished":"2017-07-10T23:12:38+00:00","mainEntityOfPage":{"@id":"https:\/\/inclusivenews.com.br\/?p=30419"},"wordCount":189,"commentCount":2,"publisher":{"@id":"https:\/\/inclusivenews.com.br\/#organization"},"image":{"@id":"https:\/\/inclusivenews.com.br\/?p=30419#primaryimage"},"thumbnailUrl":"https:\/\/d1gkntzr8mxq7s.cloudfront.net\/594bf5fddff69-lg.png","articleSection":["Cursos e eventos"],"inLanguage":"pt-PT","potentialAction":[{"@type":"CommentAction","name":"Comment","target":["https:\/\/inclusivenews.com.br\/?p=30419#respond"]}]},{"@type":"WebPage","@id":"https:\/\/inclusivenews.com.br\/?p=30419","url":"https:\/\/inclusivenews.com.br\/?p=30419","name":"Educa\u00e7\u00e3o transformadora: aprendendo a ser pai de um adolescente com a S\u00edndrome de Down -","isPartOf":{"@id":"https:\/\/inclusivenews.com.br\/#website"},"primaryImageOfPage":{"@id":"https:\/\/inclusivenews.com.br\/?p=30419#primaryimage"},"image":{"@id":"https:\/\/inclusivenews.com.br\/?p=30419#primaryimage"},"thumbnailUrl":"https:\/\/d1gkntzr8mxq7s.cloudfront.net\/594bf5fddff69-lg.png","datePublished":"2017-07-10T23:12:38+00:00","breadcrumb":{"@id":"https:\/\/inclusivenews.com.br\/?p=30419#breadcrumb"},"inLanguage":"pt-PT","potentialAction":[{"@type":"ReadAction","target":["https:\/\/inclusivenews.com.br\/?p=30419"]}]},{"@type":"ImageObject","inLanguage":"pt-PT","@id":"https:\/\/inclusivenews.com.br\/?p=30419#primaryimage","url":"https:\/\/d1gkntzr8mxq7s.cloudfront.net\/594bf5fddff69-lg.png","contentUrl":"https:\/\/d1gkntzr8mxq7s.cloudfront.net\/594bf5fddff69-lg.png"},{"@type":"BreadcrumbList","@id":"https:\/\/inclusivenews.com.br\/?p=30419#breadcrumb","itemListElement":[{"@type":"ListItem","position":1,"name":"In\u00edcio","item":"https:\/\/inclusivenews.com.br\/"},{"@type":"ListItem","position":2,"name":"Educa\u00e7\u00e3o transformadora: aprendendo a ser pai de um adolescente com a S\u00edndrome de Down"}]},{"@type":"WebSite","@id":"https:\/\/inclusivenews.com.br\/#website","url":"https:\/\/inclusivenews.com.br\/","name":"Inclusive News","description":"Inclusive News","publisher":{"@id":"https:\/\/inclusivenews.com.br\/#organization"},"potentialAction":[{"@type":"SearchAction","target":{"@type":"EntryPoint","urlTemplate":"https:\/\/inclusivenews.com.br\/?s={search_term_string}"},"query-input":{"@type":"PropertyValueSpecification","valueRequired":true,"valueName":"search_term_string"}}],"inLanguage":"pt-PT"},{"@type":"Organization","@id":"https:\/\/inclusivenews.com.br\/#organization","name":"Inclusive - inclus\u00e3o e cidadania","url":"https:\/\/inclusivenews.com.br\/","logo":{"@type":"ImageObject","inLanguage":"pt-PT","@id":"https:\/\/inclusivenews.com.br\/#\/schema\/logo\/image\/","url":"https:\/\/inclusivenews.com.br\/wp-content\/uploads\/2024\/03\/@grandesite.png","contentUrl":"https:\/\/inclusivenews.com.br\/wp-content\/uploads\/2024\/03\/@grandesite.png","width":1080,"height":1080,"caption":"Inclusive - inclus\u00e3o e cidadania"},"image":{"@id":"https:\/\/inclusivenews.com.br\/#\/schema\/logo\/image\/"},"sameAs":["https:\/\/www.facebook.com\/agenciainclusive\/","https:\/\/www.instagram.com\/newsinclusive\/"]},{"@type":"Person","@id":"https:\/\/inclusivenews.com.br\/#\/schema\/person\/ae4ec7087559b8692fb33b6fffd2273b","name":"inclusivenews2024","image":{"@type":"ImageObject","inLanguage":"pt-PT","@id":"https:\/\/secure.gravatar.com\/avatar\/c5a7ef84c66fa914f55bc4f7ce26cfa275a3b9a1c5568b907bd184fb4dde7b40?s=96&d=mm&r=g","url":"https:\/\/secure.gravatar.com\/avatar\/c5a7ef84c66fa914f55bc4f7ce26cfa275a3b9a1c5568b907bd184fb4dde7b40?s=96&d=mm&r=g","contentUrl":"https:\/\/secure.gravatar.com\/avatar\/c5a7ef84c66fa914f55bc4f7ce26cfa275a3b9a1c5568b907bd184fb4dde7b40?s=96&d=mm&r=g","caption":"inclusivenews2024"},"sameAs":["https:\/\/inclusivenews.com.br"],"url":"https:\/\/inclusivenews.com.br\/?author=1"}]}},"_links":{"self":[{"href":"https:\/\/inclusivenews.com.br\/index.php?rest_route=\/wp\/v2\/posts\/30419","targetHints":{"allow":["GET"]}}],"collection":[{"href":"https:\/\/inclusivenews.com.br\/index.php?rest_route=\/wp\/v2\/posts"}],"about":[{"href":"https:\/\/inclusivenews.com.br\/index.php?rest_route=\/wp\/v2\/types\/post"}],"author":[{"embeddable":true,"href":"https:\/\/inclusivenews.com.br\/index.php?rest_route=\/wp\/v2\/users\/1"}],"replies":[{"embeddable":true,"href":"https:\/\/inclusivenews.com.br\/index.php?rest_route=%2Fwp%2Fv2%2Fcomments&post=30419"}],"version-history":[{"count":0,"href":"https:\/\/inclusivenews.com.br\/index.php?rest_route=\/wp\/v2\/posts\/30419\/revisions"}],"wp:attachment":[{"href":"https:\/\/inclusivenews.com.br\/index.php?rest_route=%2Fwp%2Fv2%2Fmedia&parent=30419"}],"wp:term":[{"taxonomy":"category","embeddable":true,"href":"https:\/\/inclusivenews.com.br\/index.php?rest_route=%2Fwp%2Fv2%2Fcategories&post=30419"},{"taxonomy":"post_tag","embeddable":true,"href":"https:\/\/inclusivenews.com.br\/index.php?rest_route=%2Fwp%2Fv2%2Ftags&post=30419"}],"curies":[{"name":"wp","href":"https:\/\/api.w.org\/{rel}","templated":true}]}}