{"id":30421,"date":"2017-07-11T11:29:30","date_gmt":"2017-07-11T14:29:30","guid":{"rendered":"http:\/\/www.inclusive.org.br\/?p=30421"},"modified":"2017-07-11T11:29:30","modified_gmt":"2017-07-11T14:29:30","slug":"questao-de-verossimilhanca","status":"publish","type":"post","link":"https:\/\/inclusivenews.com.br\/?p=30421","title":{"rendered":"Quest\u00e3o de verossimilhan\u00e7a"},"content":{"rendered":"<p><img loading=\"lazy\" decoding=\"async\" class=\"wp-image-13009 alignleft\" src=\"http:\/\/inclusivenews.com.br\/wp-content\/uploads\/2009\/12\/ilustracao_tv.jpg\" alt=\"Um TV fora de sintonia\" width=\"224\" height=\"220\" \/><\/p>\n<p><em>Por Lucio Carvalho, para a Inclusive.<\/em><\/p>\n<p>A cada reportagem que programas de TV fazem sobre pessoas com s\u00edndrome de Down, vai se enraizando em mim um sentimento cada vez mais d\u00fabio, duplofacetado. Uma face dele fica feliz, sente-se gratificada por exibir pessoas fazendo coisas, realizando e atuando positivamente no mundo. A outra face do sentimento \u00e9 de desconforto, como se estivesse sempre diante de um <em>freak show<\/em> \u00e0s avessas, mas ainda assim um <em>freak show<\/em>. E as pessoas exibindo-se (ou sendo exibidas) como exemplares incomuns da esp\u00e9cie humana, conquistando, vejam s\u00f3, uma vida comum.<\/p>\n<p>\u00c9 claro que isso me ocorre porque tenho interesse direto no assunto, mas n\u00e3o consigo evitar o estranhamento (estranhamento n\u00e3o \u00e9 o mesmo que rejei\u00e7\u00e3o total, vale dizer). Acho que isso se deve em muito ao fato de que n\u00e3o vejo t\u00e3o frequentemente esse tipo de reportagem e exposi\u00e7\u00e3o com outras defici\u00eancias ou minorias. N\u00e3o lembro de ter visto alguma vez uma empresa s\u00f3 de cegos ou de pessoas com paralisia cerebral, por exemplo. De outras minorias ent\u00e3o, muito menos. Chego a imaginar o barulho que seria feito nas redes sociais num caso destes. Mas com o pessoal triss\u00f4mico, por outro lado, sempre \u00e9 passada a ideia de uma iniciativa &#8220;legal&#8221; e socialmente desej\u00e1vel. Eu n\u00e3o sei. Acho estranho. N\u00e3o me acostumo.<\/p>\n<p>\u00c0s vezes me parece uma coisa meio compulsiva j\u00e1, isso de juntar pessoas com s\u00edndrome de Down num grupo \u00e0 parte e narrar sua vida como algo que &#8220;eles tamb\u00e9m conseguem fazer&#8221;, mesmo que essa ideia seja transmitida apenas subliminarmente. Parece uma coisa que as fam\u00edlias t\u00eam sido acostumadas a fazer desde a tenra inf\u00e2ncia, desde a promo\u00e7\u00e3o de calend\u00e1rios s\u00f3 com crian\u00e7as com s\u00edndrome de Down, grupos exclusivos de conv\u00edvio de adolescentes e outras iniciativas que n\u00e3o costumam dialogar muito com o social amplo senso (nem com outras defici\u00eancias), mas, provavelmente por zelo e outras preocupa\u00e7\u00f5es, mant\u00eam-se relativamente est\u00e1veis e homog\u00eaneas.<\/p>\n<p>Tenho algumas suspeitas de porque isso ocorre, mas seria leviano fazer generaliza\u00e7\u00f5es a respeito disso at\u00e9 mesmo porque, como disse, a outra face do sentimento fica feliz, fica mesmo muito feliz porque compreendo muito bem a jornada que \u00e9 a conquista das coisas diante de tantas adversidades afetivas, sociais e de toda a ordem, mesmo em se tratando de iniciativas que n\u00e3o costumam se repetir com a popula\u00e7\u00e3o de baixa renda e isso seja frustrante por si s\u00f3. Mas \u00e9 uma felicidade que me cai, n\u00e3o sei explicar o porqu\u00ea, melanc\u00f3lica. Penso que se ao menos fosse cancelado esse efeito de &#8220;curiosidade&#8221; eu me sentiria melhor ou, pelo menos, o inc\u00f4modo n\u00e3o seria tanto assim.<\/p>\n<p>Para al\u00e9m disso, vejo tantas necessidades reais e pautas reais a tratar, que isso me parece uma coisa circense (e isso mais me irrita que entristece), como um &#8220;veja s\u00f3&#8221; sem fim. Eu sugeriria, por exemplo, pautas e situa\u00e7\u00f5es diferentes, mais igualmente muito reais. Por exemplo, a situa\u00e7\u00e3o de desemprego das pessoas com defici\u00eancia intelectual. Tamb\u00e9m situa\u00e7\u00f5es de viol\u00eancia social, familiar, etc. E como esquecer da qualidade da educa\u00e7\u00e3o, evas\u00e3o escolar e falta de indicadores sociais e controle social eficiente&#8230; Mas n\u00e3o. A op\u00e7\u00e3o mais simples parece continuar a ser a duradoura excepcionaliza\u00e7\u00e3o de qualquer coisa do que abordar a situa\u00e7\u00e3o geral que afeta a todos e especialmente aqueles de menor alcance econ\u00f4mico, ainda muito dependentes de iniciativas comunit\u00e1rias e assistenciais.<\/p>\n<p>Enfim, quero dizer que n\u00e3o h\u00e1 que vilanizar preliminarmente a nada nem a ningu\u00e9m, nem muito menos promover uma ca\u00e7a \u00e0s bruxas, porque esse comportamento \u00e9 dissociativo e contraproducente em todos os seus aspectos. Trata-se apenas de entender mais e melhor a situa\u00e7\u00e3o das pessoas com defici\u00eancia e isso \u00e0s vezes pode requerer menos &#8220;show da vida&#8221; do que encarar a dureza da vida real. Ou, para atender as duas faces da moeda, pelo um pouco das duas coisas. No m\u00ednimo, por uma quest\u00e3o de verossimilhan\u00e7a.<\/p>\n","protected":false},"excerpt":{"rendered":"<p>A cada reportagem que programas de TV fazem sobre pessoas com s\u00edndrome de Down vai se enraizando em mim um sentimento cada vez mais d\u00fabio, duplofacetado. Artigo de Lucio Carvalho para a Inclusive.<\/p>\n","protected":false},"author":1,"featured_media":0,"comment_status":"open","ping_status":"open","sticky":false,"template":"","format":"standard","meta":{"site-container-style":"default","site-container-layout":"default","site-sidebar-layout":"default","disable-article-header":"default","disable-site-header":"default","disable-site-footer":"default","disable-content-area-spacing":"default","footnotes":""},"categories":[35,8],"tags":[],"class_list":["post-30421","post","type-post","status-publish","format-standard","hentry","category-de-nossa-parte","category-textos-e-artigos"],"yoast_head":"<!-- This site is optimized with the Yoast SEO plugin v27.4 - https:\/\/yoast.com\/product\/yoast-seo-wordpress\/ -->\n<title>Quest\u00e3o de verossimilhan\u00e7a -<\/title>\n<meta name=\"robots\" content=\"index, follow, max-snippet:-1, max-image-preview:large, max-video-preview:-1\" \/>\n<link rel=\"canonical\" href=\"https:\/\/inclusivenews.com.br\/?p=30421\" \/>\n<meta property=\"og:locale\" content=\"pt_PT\" \/>\n<meta property=\"og:type\" content=\"article\" \/>\n<meta property=\"og:title\" content=\"Quest\u00e3o de verossimilhan\u00e7a -\" \/>\n<meta property=\"og:description\" content=\"A cada reportagem que programas de TV fazem sobre pessoas com s\u00edndrome de Down vai se enraizando em mim um sentimento cada vez mais d\u00fabio, duplofacetado. Artigo de Lucio Carvalho para a Inclusive.\" \/>\n<meta property=\"og:url\" content=\"https:\/\/inclusivenews.com.br\/?p=30421\" \/>\n<meta property=\"article:publisher\" content=\"https:\/\/www.facebook.com\/agenciainclusive\/\" \/>\n<meta property=\"article:published_time\" content=\"2017-07-11T14:29:30+00:00\" \/>\n<meta property=\"og:image\" content=\"http:\/\/inclusivenews.com.br\/wp-content\/uploads\/2009\/12\/ilustracao_tv.jpg\" \/>\n<meta name=\"author\" content=\"inclusivenews2024\" \/>\n<meta name=\"twitter:card\" content=\"summary_large_image\" \/>\n<meta name=\"twitter:label1\" content=\"Escrito por\" \/>\n\t<meta name=\"twitter:data1\" content=\"inclusivenews2024\" \/>\n\t<meta name=\"twitter:label2\" content=\"Tempo estimado de leitura\" \/>\n\t<meta name=\"twitter:data2\" content=\"3 minutos\" \/>\n<script type=\"application\/ld+json\" class=\"yoast-schema-graph\">{\"@context\":\"https:\\\/\\\/schema.org\",\"@graph\":[{\"@type\":\"Article\",\"@id\":\"https:\\\/\\\/inclusivenews.com.br\\\/?p=30421#article\",\"isPartOf\":{\"@id\":\"https:\\\/\\\/inclusivenews.com.br\\\/?p=30421\"},\"author\":{\"name\":\"inclusivenews2024\",\"@id\":\"https:\\\/\\\/inclusivenews.com.br\\\/#\\\/schema\\\/person\\\/ae4ec7087559b8692fb33b6fffd2273b\"},\"headline\":\"Quest\u00e3o de verossimilhan\u00e7a\",\"datePublished\":\"2017-07-11T14:29:30+00:00\",\"mainEntityOfPage\":{\"@id\":\"https:\\\/\\\/inclusivenews.com.br\\\/?p=30421\"},\"wordCount\":699,\"commentCount\":1,\"publisher\":{\"@id\":\"https:\\\/\\\/inclusivenews.com.br\\\/#organization\"},\"image\":{\"@id\":\"https:\\\/\\\/inclusivenews.com.br\\\/?p=30421#primaryimage\"},\"thumbnailUrl\":\"http:\\\/\\\/inclusivenews.com.br\\\/wp-content\\\/uploads\\\/2009\\\/12\\\/ilustracao_tv.jpg\",\"articleSection\":[\"+ De nossa parte\",\"OPINI\u00c3O\"],\"inLanguage\":\"pt-PT\",\"potentialAction\":[{\"@type\":\"CommentAction\",\"name\":\"Comment\",\"target\":[\"https:\\\/\\\/inclusivenews.com.br\\\/?p=30421#respond\"]}]},{\"@type\":\"WebPage\",\"@id\":\"https:\\\/\\\/inclusivenews.com.br\\\/?p=30421\",\"url\":\"https:\\\/\\\/inclusivenews.com.br\\\/?p=30421\",\"name\":\"Quest\u00e3o de verossimilhan\u00e7a -\",\"isPartOf\":{\"@id\":\"https:\\\/\\\/inclusivenews.com.br\\\/#website\"},\"primaryImageOfPage\":{\"@id\":\"https:\\\/\\\/inclusivenews.com.br\\\/?p=30421#primaryimage\"},\"image\":{\"@id\":\"https:\\\/\\\/inclusivenews.com.br\\\/?p=30421#primaryimage\"},\"thumbnailUrl\":\"http:\\\/\\\/inclusivenews.com.br\\\/wp-content\\\/uploads\\\/2009\\\/12\\\/ilustracao_tv.jpg\",\"datePublished\":\"2017-07-11T14:29:30+00:00\",\"breadcrumb\":{\"@id\":\"https:\\\/\\\/inclusivenews.com.br\\\/?p=30421#breadcrumb\"},\"inLanguage\":\"pt-PT\",\"potentialAction\":[{\"@type\":\"ReadAction\",\"target\":[\"https:\\\/\\\/inclusivenews.com.br\\\/?p=30421\"]}]},{\"@type\":\"ImageObject\",\"inLanguage\":\"pt-PT\",\"@id\":\"https:\\\/\\\/inclusivenews.com.br\\\/?p=30421#primaryimage\",\"url\":\"\",\"contentUrl\":\"\"},{\"@type\":\"BreadcrumbList\",\"@id\":\"https:\\\/\\\/inclusivenews.com.br\\\/?p=30421#breadcrumb\",\"itemListElement\":[{\"@type\":\"ListItem\",\"position\":1,\"name\":\"In\u00edcio\",\"item\":\"https:\\\/\\\/inclusivenews.com.br\\\/\"},{\"@type\":\"ListItem\",\"position\":2,\"name\":\"Quest\u00e3o de verossimilhan\u00e7a\"}]},{\"@type\":\"WebSite\",\"@id\":\"https:\\\/\\\/inclusivenews.com.br\\\/#website\",\"url\":\"https:\\\/\\\/inclusivenews.com.br\\\/\",\"name\":\"Inclusive News\",\"description\":\"Inclusive News\",\"publisher\":{\"@id\":\"https:\\\/\\\/inclusivenews.com.br\\\/#organization\"},\"potentialAction\":[{\"@type\":\"SearchAction\",\"target\":{\"@type\":\"EntryPoint\",\"urlTemplate\":\"https:\\\/\\\/inclusivenews.com.br\\\/?s={search_term_string}\"},\"query-input\":{\"@type\":\"PropertyValueSpecification\",\"valueRequired\":true,\"valueName\":\"search_term_string\"}}],\"inLanguage\":\"pt-PT\"},{\"@type\":\"Organization\",\"@id\":\"https:\\\/\\\/inclusivenews.com.br\\\/#organization\",\"name\":\"Inclusive - inclus\u00e3o e cidadania\",\"url\":\"https:\\\/\\\/inclusivenews.com.br\\\/\",\"logo\":{\"@type\":\"ImageObject\",\"inLanguage\":\"pt-PT\",\"@id\":\"https:\\\/\\\/inclusivenews.com.br\\\/#\\\/schema\\\/logo\\\/image\\\/\",\"url\":\"https:\\\/\\\/inclusivenews.com.br\\\/wp-content\\\/uploads\\\/2024\\\/03\\\/@grandesite.png\",\"contentUrl\":\"https:\\\/\\\/inclusivenews.com.br\\\/wp-content\\\/uploads\\\/2024\\\/03\\\/@grandesite.png\",\"width\":1080,\"height\":1080,\"caption\":\"Inclusive - inclus\u00e3o e cidadania\"},\"image\":{\"@id\":\"https:\\\/\\\/inclusivenews.com.br\\\/#\\\/schema\\\/logo\\\/image\\\/\"},\"sameAs\":[\"https:\\\/\\\/www.facebook.com\\\/agenciainclusive\\\/\",\"https:\\\/\\\/www.instagram.com\\\/newsinclusive\\\/\"]},{\"@type\":\"Person\",\"@id\":\"https:\\\/\\\/inclusivenews.com.br\\\/#\\\/schema\\\/person\\\/ae4ec7087559b8692fb33b6fffd2273b\",\"name\":\"inclusivenews2024\",\"image\":{\"@type\":\"ImageObject\",\"inLanguage\":\"pt-PT\",\"@id\":\"https:\\\/\\\/secure.gravatar.com\\\/avatar\\\/c5a7ef84c66fa914f55bc4f7ce26cfa275a3b9a1c5568b907bd184fb4dde7b40?s=96&d=mm&r=g\",\"url\":\"https:\\\/\\\/secure.gravatar.com\\\/avatar\\\/c5a7ef84c66fa914f55bc4f7ce26cfa275a3b9a1c5568b907bd184fb4dde7b40?s=96&d=mm&r=g\",\"contentUrl\":\"https:\\\/\\\/secure.gravatar.com\\\/avatar\\\/c5a7ef84c66fa914f55bc4f7ce26cfa275a3b9a1c5568b907bd184fb4dde7b40?s=96&d=mm&r=g\",\"caption\":\"inclusivenews2024\"},\"sameAs\":[\"https:\\\/\\\/inclusivenews.com.br\"],\"url\":\"https:\\\/\\\/inclusivenews.com.br\\\/?author=1\"}]}<\/script>\n<!-- \/ Yoast SEO plugin. -->","yoast_head_json":{"title":"Quest\u00e3o de verossimilhan\u00e7a -","robots":{"index":"index","follow":"follow","max-snippet":"max-snippet:-1","max-image-preview":"max-image-preview:large","max-video-preview":"max-video-preview:-1"},"canonical":"https:\/\/inclusivenews.com.br\/?p=30421","og_locale":"pt_PT","og_type":"article","og_title":"Quest\u00e3o de verossimilhan\u00e7a -","og_description":"A cada reportagem que programas de TV fazem sobre pessoas com s\u00edndrome de Down vai se enraizando em mim um sentimento cada vez mais d\u00fabio, duplofacetado. Artigo de Lucio Carvalho para a Inclusive.","og_url":"https:\/\/inclusivenews.com.br\/?p=30421","article_publisher":"https:\/\/www.facebook.com\/agenciainclusive\/","article_published_time":"2017-07-11T14:29:30+00:00","og_image":[{"url":"http:\/\/inclusivenews.com.br\/wp-content\/uploads\/2009\/12\/ilustracao_tv.jpg","type":"","width":"","height":""}],"author":"inclusivenews2024","twitter_card":"summary_large_image","twitter_misc":{"Escrito por":"inclusivenews2024","Tempo estimado de leitura":"3 minutos"},"schema":{"@context":"https:\/\/schema.org","@graph":[{"@type":"Article","@id":"https:\/\/inclusivenews.com.br\/?p=30421#article","isPartOf":{"@id":"https:\/\/inclusivenews.com.br\/?p=30421"},"author":{"name":"inclusivenews2024","@id":"https:\/\/inclusivenews.com.br\/#\/schema\/person\/ae4ec7087559b8692fb33b6fffd2273b"},"headline":"Quest\u00e3o de verossimilhan\u00e7a","datePublished":"2017-07-11T14:29:30+00:00","mainEntityOfPage":{"@id":"https:\/\/inclusivenews.com.br\/?p=30421"},"wordCount":699,"commentCount":1,"publisher":{"@id":"https:\/\/inclusivenews.com.br\/#organization"},"image":{"@id":"https:\/\/inclusivenews.com.br\/?p=30421#primaryimage"},"thumbnailUrl":"http:\/\/inclusivenews.com.br\/wp-content\/uploads\/2009\/12\/ilustracao_tv.jpg","articleSection":["+ De nossa parte","OPINI\u00c3O"],"inLanguage":"pt-PT","potentialAction":[{"@type":"CommentAction","name":"Comment","target":["https:\/\/inclusivenews.com.br\/?p=30421#respond"]}]},{"@type":"WebPage","@id":"https:\/\/inclusivenews.com.br\/?p=30421","url":"https:\/\/inclusivenews.com.br\/?p=30421","name":"Quest\u00e3o de verossimilhan\u00e7a -","isPartOf":{"@id":"https:\/\/inclusivenews.com.br\/#website"},"primaryImageOfPage":{"@id":"https:\/\/inclusivenews.com.br\/?p=30421#primaryimage"},"image":{"@id":"https:\/\/inclusivenews.com.br\/?p=30421#primaryimage"},"thumbnailUrl":"http:\/\/inclusivenews.com.br\/wp-content\/uploads\/2009\/12\/ilustracao_tv.jpg","datePublished":"2017-07-11T14:29:30+00:00","breadcrumb":{"@id":"https:\/\/inclusivenews.com.br\/?p=30421#breadcrumb"},"inLanguage":"pt-PT","potentialAction":[{"@type":"ReadAction","target":["https:\/\/inclusivenews.com.br\/?p=30421"]}]},{"@type":"ImageObject","inLanguage":"pt-PT","@id":"https:\/\/inclusivenews.com.br\/?p=30421#primaryimage","url":"","contentUrl":""},{"@type":"BreadcrumbList","@id":"https:\/\/inclusivenews.com.br\/?p=30421#breadcrumb","itemListElement":[{"@type":"ListItem","position":1,"name":"In\u00edcio","item":"https:\/\/inclusivenews.com.br\/"},{"@type":"ListItem","position":2,"name":"Quest\u00e3o de verossimilhan\u00e7a"}]},{"@type":"WebSite","@id":"https:\/\/inclusivenews.com.br\/#website","url":"https:\/\/inclusivenews.com.br\/","name":"Inclusive News","description":"Inclusive News","publisher":{"@id":"https:\/\/inclusivenews.com.br\/#organization"},"potentialAction":[{"@type":"SearchAction","target":{"@type":"EntryPoint","urlTemplate":"https:\/\/inclusivenews.com.br\/?s={search_term_string}"},"query-input":{"@type":"PropertyValueSpecification","valueRequired":true,"valueName":"search_term_string"}}],"inLanguage":"pt-PT"},{"@type":"Organization","@id":"https:\/\/inclusivenews.com.br\/#organization","name":"Inclusive - inclus\u00e3o e cidadania","url":"https:\/\/inclusivenews.com.br\/","logo":{"@type":"ImageObject","inLanguage":"pt-PT","@id":"https:\/\/inclusivenews.com.br\/#\/schema\/logo\/image\/","url":"https:\/\/inclusivenews.com.br\/wp-content\/uploads\/2024\/03\/@grandesite.png","contentUrl":"https:\/\/inclusivenews.com.br\/wp-content\/uploads\/2024\/03\/@grandesite.png","width":1080,"height":1080,"caption":"Inclusive - inclus\u00e3o e cidadania"},"image":{"@id":"https:\/\/inclusivenews.com.br\/#\/schema\/logo\/image\/"},"sameAs":["https:\/\/www.facebook.com\/agenciainclusive\/","https:\/\/www.instagram.com\/newsinclusive\/"]},{"@type":"Person","@id":"https:\/\/inclusivenews.com.br\/#\/schema\/person\/ae4ec7087559b8692fb33b6fffd2273b","name":"inclusivenews2024","image":{"@type":"ImageObject","inLanguage":"pt-PT","@id":"https:\/\/secure.gravatar.com\/avatar\/c5a7ef84c66fa914f55bc4f7ce26cfa275a3b9a1c5568b907bd184fb4dde7b40?s=96&d=mm&r=g","url":"https:\/\/secure.gravatar.com\/avatar\/c5a7ef84c66fa914f55bc4f7ce26cfa275a3b9a1c5568b907bd184fb4dde7b40?s=96&d=mm&r=g","contentUrl":"https:\/\/secure.gravatar.com\/avatar\/c5a7ef84c66fa914f55bc4f7ce26cfa275a3b9a1c5568b907bd184fb4dde7b40?s=96&d=mm&r=g","caption":"inclusivenews2024"},"sameAs":["https:\/\/inclusivenews.com.br"],"url":"https:\/\/inclusivenews.com.br\/?author=1"}]}},"_links":{"self":[{"href":"https:\/\/inclusivenews.com.br\/index.php?rest_route=\/wp\/v2\/posts\/30421","targetHints":{"allow":["GET"]}}],"collection":[{"href":"https:\/\/inclusivenews.com.br\/index.php?rest_route=\/wp\/v2\/posts"}],"about":[{"href":"https:\/\/inclusivenews.com.br\/index.php?rest_route=\/wp\/v2\/types\/post"}],"author":[{"embeddable":true,"href":"https:\/\/inclusivenews.com.br\/index.php?rest_route=\/wp\/v2\/users\/1"}],"replies":[{"embeddable":true,"href":"https:\/\/inclusivenews.com.br\/index.php?rest_route=%2Fwp%2Fv2%2Fcomments&post=30421"}],"version-history":[{"count":0,"href":"https:\/\/inclusivenews.com.br\/index.php?rest_route=\/wp\/v2\/posts\/30421\/revisions"}],"wp:attachment":[{"href":"https:\/\/inclusivenews.com.br\/index.php?rest_route=%2Fwp%2Fv2%2Fmedia&parent=30421"}],"wp:term":[{"taxonomy":"category","embeddable":true,"href":"https:\/\/inclusivenews.com.br\/index.php?rest_route=%2Fwp%2Fv2%2Fcategories&post=30421"},{"taxonomy":"post_tag","embeddable":true,"href":"https:\/\/inclusivenews.com.br\/index.php?rest_route=%2Fwp%2Fv2%2Ftags&post=30421"}],"curies":[{"name":"wp","href":"https:\/\/api.w.org\/{rel}","templated":true}]}}