{"id":30427,"date":"2017-07-14T09:21:06","date_gmt":"2017-07-14T12:21:06","guid":{"rendered":"http:\/\/www.inclusive.org.br\/?p=30427"},"modified":"2017-07-14T09:21:06","modified_gmt":"2017-07-14T12:21:06","slug":"prefeitura-do-rio-promove-cerimonia-de-posse-da-comissao-permanente-de-acessibilidade-cpa","status":"publish","type":"post","link":"https:\/\/inclusivenews.com.br\/?p=30427","title":{"rendered":"Prefeitura do Rio promove cerim\u00f4nia de posse da Comiss\u00e3o Permanente de Acessibilidade \u2013 CPA"},"content":{"rendered":"<p><img decoding=\"async\" src=\"https:\/\/scontent-mxp1-1.xx.fbcdn.net\/v\/t1.0-9\/19905445_1345479895569584_1388109419699276836_n.jpg?oh=6318ca2dfee78f79ab6ca26b71092338&amp;oe=59FCA9C7\" alt=\"Image may contain: 6 people, people smiling, people sitting, table and indoor\" \/><\/p>\n<p><em>Membros da Comiss\u00e3o Permanente de Acessibilidade assinam termo de posse.<\/em><\/p>\n<p>A Prefeitura do Rio de Janeiro, representada pela Subsecretaria da Pessoa com Defici\u00eancia (SUBPD), realizou, na ter\u00e7a-feira (11), a cerim\u00f4nia de posse dos membros que comp\u00f5em a Comiss\u00e3o Permanente de Acessibilidade \u2013 CPA. Os 32 integrantes que fazem parte do quadro da CPA t\u00eam a fun\u00e7\u00e3o de relatar e opinar sobre assuntos referentes \u00e0 acessibilidade, integrar grupos de trabalho para tarefas espec\u00edficas, sugerir o assessoramento de t\u00e9cnicos especializados e buscar medidas necess\u00e1rias para estudos relacionados \u00e0s atribui\u00e7\u00f5es da CPA.<\/p>\n<p>A CPA ser\u00e1 coordenada pela subsecretaria da Pessoa com Defici\u00eancia, e desenvolver\u00e1 pol\u00edticas de acessibilidade, considerando que atuar\u00e1 de forma transversal em diversas \u00e1reas, promovendo permanente debate com as pol\u00edticas p\u00fablicas setoriais da Prefeitura, bem como com outros \u00f3rg\u00e3os e institui\u00e7\u00f5es da sociedade civil.<\/p>\n<p>Segundo Ana L\u00facia Peixoto, presidente da Comiss\u00e3o Permanente de Acessibilidade, \u201ca reformula\u00e7\u00e3o da CPA foi muito sonhada, temos a ideia de fazer a diferen\u00e7a tornando a cidade eficiente para o cidad\u00e3o. Nesse in\u00edcio j\u00e1 temos como projeto a reavalia\u00e7\u00e3o dos tr\u00e2mites internos da prefeitura com rela\u00e7\u00e3o \u00e0 formula\u00e7\u00e3o de cal\u00e7adas, fiscaliza\u00e7\u00e3o e aprova\u00e7\u00e3o de projetos acess\u00edveis e produ\u00e7\u00e3o de laudos de acessibilidade. Ainda para esse ano temos o objetivo de formular os selos para acessibilidade\u201d.<\/p>\n<p>A cerim\u00f4nia de posse contou com a presen\u00e7a do subsecret\u00e1rio da Pessoa com Defici\u00eancia, Geraldo Nogueira, que deu in\u00edcio ao evento, do deputado estadual, M\u00e1rcio Pacheco, do advogado e membro da Comiss\u00e3o da Pessoa com Defici\u00eancia da Alerj, Charles de Souza, do presidente da Comiss\u00e3o de Defesa dos Direitos da Pessoa com Defici\u00eancia da OAB-RJ,Lu\u00eds Claudio Freitas e da arquiteta e coordenadora do N\u00facleo Pr\u00f3-acesso da UFRJ, que tamb\u00e9m \u00e9 membro da CPA, Regina Cohen.<\/p>\n<p>\u201cA CPA \u00e9 instrumento fundamental para a gest\u00e3o p\u00fablica, que deseja proporcionar mobilidade urbana com qualidade e conforto. Sua composi\u00e7\u00e3o t\u00e9cnica, p\u00fablico-privada, legitima suas avalia\u00e7\u00f5es e pareceres sobre a acessibilidade dentro do conceito de desenho universal, permitindo maior acerto na concep\u00e7\u00e3o das edifica\u00e7\u00f5es, transportes, vias e espa\u00e7os p\u00fablicos. Assim, a CPA tamb\u00e9m \u00e9 o caminho para melhor gest\u00e3o das pol\u00edticas p\u00fablicas de nossa cidade\u201d, explicou Geraldo Nogueira.<\/p>\n<p>Membros da CPA:<\/p>\n<p>Subsecretaria da Pessoa com Defici\u00eancia (SUBPD).<\/p>\n<p>Titulares:<\/p>\n<p>Ana L\u00facia Peixoto Gon\u00e7alves<\/p>\n<p>Marco Antonio Castilho Cerneiro<\/p>\n<p>Suplentes:<\/p>\n<p>Jos\u00e9 Eduardo Mulatinho Mois\u00e9s Filho<\/p>\n<p>Roberta Beatriz Craveiro de Souza Castro<\/p>\n<p>Secretaria de Urbanismo, Infraestrutura e Habita\u00e7\u00e3o (SMUIH).<\/p>\n<p>Titulares:<\/p>\n<p>Let\u00edcia N\u00f3brega Fonti<\/p>\n<p>Etiene Ornelas Mota<\/p>\n<p>Suplentes:<\/p>\n<p>Simone Costa Rodrigues da Silva<\/p>\n<p>Marcelo Daniel Coelho<\/p>\n<p>Empresa de Turismo do Munic\u00edpio do Rio de Janeiro S.A. (RIOTUR).<\/p>\n<p>Titular:<\/p>\n<p>Maur\u00edcio de Maldonado Werner Filho<\/p>\n<p>Suplente:<\/p>\n<p>Lucio Cordovil de Macedo<\/p>\n<p>Instituto Pereira Passos (IPP).<\/p>\n<p>Titular:<\/p>\n<p>Ana Lucia Mancorvo de Mattos<\/p>\n<p>Suplente:<\/p>\n<p>Jo\u00e3o Grand Junior<\/p>\n<p>Secretaria Municipal de Transportes (SMTR).<\/p>\n<p>Titular:<\/p>\n<p>Arnaldo de Magalh\u00e3es Lyrio Filho<\/p>\n<p>Suplente:<\/p>\n<p>Andr\u00e9 Lopes Pacheco Ormond<\/p>\n<p>Secretaria Municipal de Conserva\u00e7\u00e3o e Meio Ambiente (SECONSERMA).<\/p>\n<p>Titular:<\/p>\n<p>Osmar Caetano de Souza<\/p>\n<p>Suplente:<\/p>\n<p>Deise Maria Carvalho Silva<\/p>\n<p>Companhia de Desenvolvimento urbano do Porto do Rio de Janeiro (CDURP).<\/p>\n<p>Titular:<\/p>\n<p>Fabiola Carvalho do Amaral<\/p>\n<p>Suplente:<\/p>\n<p>Rudolph Hasan Gomes<\/p>\n<p>Conselho Municipal de Defesa dos Direitos da Pessoa com Defici\u00eancia (COMDEF-RIO).<\/p>\n<p>Titular:<\/p>\n<p>Andrei de Sampaio Bastos<\/p>\n<p>Suplente:<\/p>\n<p>Eliane Harumi Sakamoto<\/p>\n<p>Conselho de Arquitetura e Urbanismo (CAU).<\/p>\n<p>Titular:<\/p>\n<p>Celso Rayol<\/p>\n<p>Suplente:<\/p>\n<p>J\u00falio Bentes<\/p>\n<p>Conselho Regional de Engenharia e Agronomia do Rio de Janeiro (CREA).<\/p>\n<p>Titular:<\/p>\n<p>Eduardo Jos\u00e9 Konig da Silva<\/p>\n<p>Suplente:<\/p>\n<p>Nilo Ov\u00eddio Lima Passos<\/p>\n<p>Ordem dos Advogados do Brasil (OAB-RJ).<\/p>\n<p>Titular:<\/p>\n<p>Alexandre Ferreira Braga<\/p>\n<p>Suplente:<\/p>\n<p>Caio Silva de Sousa<\/p>\n<p>Centro de Vida Independente do Rio de Janeiro (CVI).<\/p>\n<p>Titular:<\/p>\n<p>Lilia Pinto Martins<\/p>\n<p>Suplente:<\/p>\n<p>Gabriela SavineZubelli<\/p>\n<p>Federa\u00e7\u00e3o Nacional de Educa\u00e7\u00e3o e Integra\u00e7\u00e3o dos Surdos (FENEIS).<\/p>\n<p>Titular:<\/p>\n<p>Carlos Alberto Leit\u00e3o dos Santos<\/p>\n<p>Suplente:<\/p>\n<p>Antonio Claudio Oliveira de Souza Leite<\/p>\n<p>Universidade Federal do Rio de Janeiro (UFRJ).<\/p>\n<p>Titular:<\/p>\n<p>Regina Cohen<\/p>\n<p>Suplente:<\/p>\n<p>Cristiane Rose de Siqueira Duarte<\/p>\n<p>Fonte: Jornal do Brasil<\/p>\n","protected":false},"excerpt":{"rendered":"<p>Membros da Comiss\u00e3o Permanente de Acessibilidade assinam termo de posse. A Prefeitura do Rio de Janeiro, representada pela Subsecretaria da Pessoa com Defici\u00eancia (SUBPD), realizou, na ter\u00e7a-feira (11), a cerim\u00f4nia de posse dos membros que comp\u00f5em a Comiss\u00e3o Permanente de Acessibilidade \u2013 CPA. Os 32 integrantes que fazem parte do quadro da CPA t\u00eam a [&hellip;]<\/p>\n","protected":false},"author":1,"featured_media":0,"comment_status":"open","ping_status":"open","sticky":false,"template":"","format":"standard","meta":{"site-container-style":"default","site-container-layout":"default","site-sidebar-layout":"default","disable-article-header":"default","disable-site-header":"default","disable-site-footer":"default","disable-content-area-spacing":"default","footnotes":""},"categories":[44,49],"tags":[],"class_list":["post-30427","post","type-post","status-publish","format-standard","hentry","category-acessibilidade","category-politicas-publicas"],"yoast_head":"<!-- This site is optimized with the Yoast SEO plugin v27.4 - https:\/\/yoast.com\/product\/yoast-seo-wordpress\/ -->\n<title>Prefeitura do Rio promove cerim\u00f4nia de posse da Comiss\u00e3o Permanente de Acessibilidade \u2013 CPA -<\/title>\n<meta name=\"robots\" content=\"index, follow, max-snippet:-1, max-image-preview:large, max-video-preview:-1\" \/>\n<link rel=\"canonical\" href=\"https:\/\/inclusivenews.com.br\/?p=30427\" \/>\n<meta property=\"og:locale\" content=\"pt_PT\" \/>\n<meta property=\"og:type\" content=\"article\" \/>\n<meta property=\"og:title\" content=\"Prefeitura do Rio promove cerim\u00f4nia de posse da Comiss\u00e3o Permanente de Acessibilidade \u2013 CPA -\" \/>\n<meta property=\"og:description\" content=\"Membros da Comiss\u00e3o Permanente de Acessibilidade assinam termo de posse. A Prefeitura do Rio de Janeiro, representada pela Subsecretaria da Pessoa com Defici\u00eancia (SUBPD), realizou, na ter\u00e7a-feira (11), a cerim\u00f4nia de posse dos membros que comp\u00f5em a Comiss\u00e3o Permanente de Acessibilidade \u2013 CPA. Os 32 integrantes que fazem parte do quadro da CPA t\u00eam a [&hellip;]\" \/>\n<meta property=\"og:url\" content=\"https:\/\/inclusivenews.com.br\/?p=30427\" \/>\n<meta property=\"article:publisher\" content=\"https:\/\/www.facebook.com\/agenciainclusive\/\" \/>\n<meta property=\"article:published_time\" content=\"2017-07-14T12:21:06+00:00\" \/>\n<meta property=\"og:image\" content=\"https:\/\/scontent-mxp1-1.xx.fbcdn.net\/v\/t1.0-9\/19905445_1345479895569584_1388109419699276836_n.jpg?oh=6318ca2dfee78f79ab6ca26b71092338&amp;oe=59FCA9C7\" \/>\n<meta name=\"author\" content=\"inclusivenews2024\" \/>\n<meta name=\"twitter:card\" content=\"summary_large_image\" \/>\n<meta name=\"twitter:label1\" content=\"Escrito por\" \/>\n\t<meta name=\"twitter:data1\" content=\"inclusivenews2024\" \/>\n\t<meta name=\"twitter:label2\" content=\"Tempo estimado de leitura\" \/>\n\t<meta name=\"twitter:data2\" content=\"3 minutos\" \/>\n<script type=\"application\/ld+json\" class=\"yoast-schema-graph\">{\"@context\":\"https:\\\/\\\/schema.org\",\"@graph\":[{\"@type\":\"Article\",\"@id\":\"https:\\\/\\\/inclusivenews.com.br\\\/?p=30427#article\",\"isPartOf\":{\"@id\":\"https:\\\/\\\/inclusivenews.com.br\\\/?p=30427\"},\"author\":{\"name\":\"inclusivenews2024\",\"@id\":\"https:\\\/\\\/inclusivenews.com.br\\\/#\\\/schema\\\/person\\\/ae4ec7087559b8692fb33b6fffd2273b\"},\"headline\":\"Prefeitura do Rio promove cerim\u00f4nia de posse da Comiss\u00e3o Permanente de Acessibilidade \u2013 CPA\",\"datePublished\":\"2017-07-14T12:21:06+00:00\",\"mainEntityOfPage\":{\"@id\":\"https:\\\/\\\/inclusivenews.com.br\\\/?p=30427\"},\"wordCount\":709,\"commentCount\":0,\"publisher\":{\"@id\":\"https:\\\/\\\/inclusivenews.com.br\\\/#organization\"},\"image\":{\"@id\":\"https:\\\/\\\/inclusivenews.com.br\\\/?p=30427#primaryimage\"},\"thumbnailUrl\":\"https:\\\/\\\/scontent-mxp1-1.xx.fbcdn.net\\\/v\\\/t1.0-9\\\/19905445_1345479895569584_1388109419699276836_n.jpg?oh=6318ca2dfee78f79ab6ca26b71092338&amp;oe=59FCA9C7\",\"articleSection\":[\"ACESSIBILIDADE\",\"Pol\u00edticas p\u00fablicas\"],\"inLanguage\":\"pt-PT\",\"potentialAction\":[{\"@type\":\"CommentAction\",\"name\":\"Comment\",\"target\":[\"https:\\\/\\\/inclusivenews.com.br\\\/?p=30427#respond\"]}]},{\"@type\":\"WebPage\",\"@id\":\"https:\\\/\\\/inclusivenews.com.br\\\/?p=30427\",\"url\":\"https:\\\/\\\/inclusivenews.com.br\\\/?p=30427\",\"name\":\"Prefeitura do Rio promove cerim\u00f4nia de posse da Comiss\u00e3o Permanente de Acessibilidade \u2013 CPA -\",\"isPartOf\":{\"@id\":\"https:\\\/\\\/inclusivenews.com.br\\\/#website\"},\"primaryImageOfPage\":{\"@id\":\"https:\\\/\\\/inclusivenews.com.br\\\/?p=30427#primaryimage\"},\"image\":{\"@id\":\"https:\\\/\\\/inclusivenews.com.br\\\/?p=30427#primaryimage\"},\"thumbnailUrl\":\"https:\\\/\\\/scontent-mxp1-1.xx.fbcdn.net\\\/v\\\/t1.0-9\\\/19905445_1345479895569584_1388109419699276836_n.jpg?oh=6318ca2dfee78f79ab6ca26b71092338&amp;oe=59FCA9C7\",\"datePublished\":\"2017-07-14T12:21:06+00:00\",\"breadcrumb\":{\"@id\":\"https:\\\/\\\/inclusivenews.com.br\\\/?p=30427#breadcrumb\"},\"inLanguage\":\"pt-PT\",\"potentialAction\":[{\"@type\":\"ReadAction\",\"target\":[\"https:\\\/\\\/inclusivenews.com.br\\\/?p=30427\"]}]},{\"@type\":\"ImageObject\",\"inLanguage\":\"pt-PT\",\"@id\":\"https:\\\/\\\/inclusivenews.com.br\\\/?p=30427#primaryimage\",\"url\":\"https:\\\/\\\/scontent-mxp1-1.xx.fbcdn.net\\\/v\\\/t1.0-9\\\/19905445_1345479895569584_1388109419699276836_n.jpg?oh=6318ca2dfee78f79ab6ca26b71092338&amp;oe=59FCA9C7\",\"contentUrl\":\"https:\\\/\\\/scontent-mxp1-1.xx.fbcdn.net\\\/v\\\/t1.0-9\\\/19905445_1345479895569584_1388109419699276836_n.jpg?oh=6318ca2dfee78f79ab6ca26b71092338&amp;oe=59FCA9C7\"},{\"@type\":\"BreadcrumbList\",\"@id\":\"https:\\\/\\\/inclusivenews.com.br\\\/?p=30427#breadcrumb\",\"itemListElement\":[{\"@type\":\"ListItem\",\"position\":1,\"name\":\"In\u00edcio\",\"item\":\"https:\\\/\\\/inclusivenews.com.br\\\/\"},{\"@type\":\"ListItem\",\"position\":2,\"name\":\"Prefeitura do Rio promove cerim\u00f4nia de posse da Comiss\u00e3o Permanente de Acessibilidade \u2013 CPA\"}]},{\"@type\":\"WebSite\",\"@id\":\"https:\\\/\\\/inclusivenews.com.br\\\/#website\",\"url\":\"https:\\\/\\\/inclusivenews.com.br\\\/\",\"name\":\"Inclusive News\",\"description\":\"Inclusive News\",\"publisher\":{\"@id\":\"https:\\\/\\\/inclusivenews.com.br\\\/#organization\"},\"potentialAction\":[{\"@type\":\"SearchAction\",\"target\":{\"@type\":\"EntryPoint\",\"urlTemplate\":\"https:\\\/\\\/inclusivenews.com.br\\\/?s={search_term_string}\"},\"query-input\":{\"@type\":\"PropertyValueSpecification\",\"valueRequired\":true,\"valueName\":\"search_term_string\"}}],\"inLanguage\":\"pt-PT\"},{\"@type\":\"Organization\",\"@id\":\"https:\\\/\\\/inclusivenews.com.br\\\/#organization\",\"name\":\"Inclusive - inclus\u00e3o e cidadania\",\"url\":\"https:\\\/\\\/inclusivenews.com.br\\\/\",\"logo\":{\"@type\":\"ImageObject\",\"inLanguage\":\"pt-PT\",\"@id\":\"https:\\\/\\\/inclusivenews.com.br\\\/#\\\/schema\\\/logo\\\/image\\\/\",\"url\":\"https:\\\/\\\/inclusivenews.com.br\\\/wp-content\\\/uploads\\\/2024\\\/03\\\/@grandesite.png\",\"contentUrl\":\"https:\\\/\\\/inclusivenews.com.br\\\/wp-content\\\/uploads\\\/2024\\\/03\\\/@grandesite.png\",\"width\":1080,\"height\":1080,\"caption\":\"Inclusive - inclus\u00e3o e cidadania\"},\"image\":{\"@id\":\"https:\\\/\\\/inclusivenews.com.br\\\/#\\\/schema\\\/logo\\\/image\\\/\"},\"sameAs\":[\"https:\\\/\\\/www.facebook.com\\\/agenciainclusive\\\/\",\"https:\\\/\\\/www.instagram.com\\\/newsinclusive\\\/\"]},{\"@type\":\"Person\",\"@id\":\"https:\\\/\\\/inclusivenews.com.br\\\/#\\\/schema\\\/person\\\/ae4ec7087559b8692fb33b6fffd2273b\",\"name\":\"inclusivenews2024\",\"image\":{\"@type\":\"ImageObject\",\"inLanguage\":\"pt-PT\",\"@id\":\"https:\\\/\\\/secure.gravatar.com\\\/avatar\\\/c5a7ef84c66fa914f55bc4f7ce26cfa275a3b9a1c5568b907bd184fb4dde7b40?s=96&d=mm&r=g\",\"url\":\"https:\\\/\\\/secure.gravatar.com\\\/avatar\\\/c5a7ef84c66fa914f55bc4f7ce26cfa275a3b9a1c5568b907bd184fb4dde7b40?s=96&d=mm&r=g\",\"contentUrl\":\"https:\\\/\\\/secure.gravatar.com\\\/avatar\\\/c5a7ef84c66fa914f55bc4f7ce26cfa275a3b9a1c5568b907bd184fb4dde7b40?s=96&d=mm&r=g\",\"caption\":\"inclusivenews2024\"},\"sameAs\":[\"https:\\\/\\\/inclusivenews.com.br\"],\"url\":\"https:\\\/\\\/inclusivenews.com.br\\\/?author=1\"}]}<\/script>\n<!-- \/ Yoast SEO plugin. -->","yoast_head_json":{"title":"Prefeitura do Rio promove cerim\u00f4nia de posse da Comiss\u00e3o Permanente de Acessibilidade \u2013 CPA -","robots":{"index":"index","follow":"follow","max-snippet":"max-snippet:-1","max-image-preview":"max-image-preview:large","max-video-preview":"max-video-preview:-1"},"canonical":"https:\/\/inclusivenews.com.br\/?p=30427","og_locale":"pt_PT","og_type":"article","og_title":"Prefeitura do Rio promove cerim\u00f4nia de posse da Comiss\u00e3o Permanente de Acessibilidade \u2013 CPA -","og_description":"Membros da Comiss\u00e3o Permanente de Acessibilidade assinam termo de posse. A Prefeitura do Rio de Janeiro, representada pela Subsecretaria da Pessoa com Defici\u00eancia (SUBPD), realizou, na ter\u00e7a-feira (11), a cerim\u00f4nia de posse dos membros que comp\u00f5em a Comiss\u00e3o Permanente de Acessibilidade \u2013 CPA. Os 32 integrantes que fazem parte do quadro da CPA t\u00eam a [&hellip;]","og_url":"https:\/\/inclusivenews.com.br\/?p=30427","article_publisher":"https:\/\/www.facebook.com\/agenciainclusive\/","article_published_time":"2017-07-14T12:21:06+00:00","og_image":[{"url":"https:\/\/scontent-mxp1-1.xx.fbcdn.net\/v\/t1.0-9\/19905445_1345479895569584_1388109419699276836_n.jpg?oh=6318ca2dfee78f79ab6ca26b71092338&amp;oe=59FCA9C7","type":"","width":"","height":""}],"author":"inclusivenews2024","twitter_card":"summary_large_image","twitter_misc":{"Escrito por":"inclusivenews2024","Tempo estimado de leitura":"3 minutos"},"schema":{"@context":"https:\/\/schema.org","@graph":[{"@type":"Article","@id":"https:\/\/inclusivenews.com.br\/?p=30427#article","isPartOf":{"@id":"https:\/\/inclusivenews.com.br\/?p=30427"},"author":{"name":"inclusivenews2024","@id":"https:\/\/inclusivenews.com.br\/#\/schema\/person\/ae4ec7087559b8692fb33b6fffd2273b"},"headline":"Prefeitura do Rio promove cerim\u00f4nia de posse da Comiss\u00e3o Permanente de Acessibilidade \u2013 CPA","datePublished":"2017-07-14T12:21:06+00:00","mainEntityOfPage":{"@id":"https:\/\/inclusivenews.com.br\/?p=30427"},"wordCount":709,"commentCount":0,"publisher":{"@id":"https:\/\/inclusivenews.com.br\/#organization"},"image":{"@id":"https:\/\/inclusivenews.com.br\/?p=30427#primaryimage"},"thumbnailUrl":"https:\/\/scontent-mxp1-1.xx.fbcdn.net\/v\/t1.0-9\/19905445_1345479895569584_1388109419699276836_n.jpg?oh=6318ca2dfee78f79ab6ca26b71092338&amp;oe=59FCA9C7","articleSection":["ACESSIBILIDADE","Pol\u00edticas p\u00fablicas"],"inLanguage":"pt-PT","potentialAction":[{"@type":"CommentAction","name":"Comment","target":["https:\/\/inclusivenews.com.br\/?p=30427#respond"]}]},{"@type":"WebPage","@id":"https:\/\/inclusivenews.com.br\/?p=30427","url":"https:\/\/inclusivenews.com.br\/?p=30427","name":"Prefeitura do Rio promove cerim\u00f4nia de posse da Comiss\u00e3o Permanente de Acessibilidade \u2013 CPA -","isPartOf":{"@id":"https:\/\/inclusivenews.com.br\/#website"},"primaryImageOfPage":{"@id":"https:\/\/inclusivenews.com.br\/?p=30427#primaryimage"},"image":{"@id":"https:\/\/inclusivenews.com.br\/?p=30427#primaryimage"},"thumbnailUrl":"https:\/\/scontent-mxp1-1.xx.fbcdn.net\/v\/t1.0-9\/19905445_1345479895569584_1388109419699276836_n.jpg?oh=6318ca2dfee78f79ab6ca26b71092338&amp;oe=59FCA9C7","datePublished":"2017-07-14T12:21:06+00:00","breadcrumb":{"@id":"https:\/\/inclusivenews.com.br\/?p=30427#breadcrumb"},"inLanguage":"pt-PT","potentialAction":[{"@type":"ReadAction","target":["https:\/\/inclusivenews.com.br\/?p=30427"]}]},{"@type":"ImageObject","inLanguage":"pt-PT","@id":"https:\/\/inclusivenews.com.br\/?p=30427#primaryimage","url":"https:\/\/scontent-mxp1-1.xx.fbcdn.net\/v\/t1.0-9\/19905445_1345479895569584_1388109419699276836_n.jpg?oh=6318ca2dfee78f79ab6ca26b71092338&amp;oe=59FCA9C7","contentUrl":"https:\/\/scontent-mxp1-1.xx.fbcdn.net\/v\/t1.0-9\/19905445_1345479895569584_1388109419699276836_n.jpg?oh=6318ca2dfee78f79ab6ca26b71092338&amp;oe=59FCA9C7"},{"@type":"BreadcrumbList","@id":"https:\/\/inclusivenews.com.br\/?p=30427#breadcrumb","itemListElement":[{"@type":"ListItem","position":1,"name":"In\u00edcio","item":"https:\/\/inclusivenews.com.br\/"},{"@type":"ListItem","position":2,"name":"Prefeitura do Rio promove cerim\u00f4nia de posse da Comiss\u00e3o Permanente de Acessibilidade \u2013 CPA"}]},{"@type":"WebSite","@id":"https:\/\/inclusivenews.com.br\/#website","url":"https:\/\/inclusivenews.com.br\/","name":"Inclusive News","description":"Inclusive News","publisher":{"@id":"https:\/\/inclusivenews.com.br\/#organization"},"potentialAction":[{"@type":"SearchAction","target":{"@type":"EntryPoint","urlTemplate":"https:\/\/inclusivenews.com.br\/?s={search_term_string}"},"query-input":{"@type":"PropertyValueSpecification","valueRequired":true,"valueName":"search_term_string"}}],"inLanguage":"pt-PT"},{"@type":"Organization","@id":"https:\/\/inclusivenews.com.br\/#organization","name":"Inclusive - inclus\u00e3o e cidadania","url":"https:\/\/inclusivenews.com.br\/","logo":{"@type":"ImageObject","inLanguage":"pt-PT","@id":"https:\/\/inclusivenews.com.br\/#\/schema\/logo\/image\/","url":"https:\/\/inclusivenews.com.br\/wp-content\/uploads\/2024\/03\/@grandesite.png","contentUrl":"https:\/\/inclusivenews.com.br\/wp-content\/uploads\/2024\/03\/@grandesite.png","width":1080,"height":1080,"caption":"Inclusive - inclus\u00e3o e cidadania"},"image":{"@id":"https:\/\/inclusivenews.com.br\/#\/schema\/logo\/image\/"},"sameAs":["https:\/\/www.facebook.com\/agenciainclusive\/","https:\/\/www.instagram.com\/newsinclusive\/"]},{"@type":"Person","@id":"https:\/\/inclusivenews.com.br\/#\/schema\/person\/ae4ec7087559b8692fb33b6fffd2273b","name":"inclusivenews2024","image":{"@type":"ImageObject","inLanguage":"pt-PT","@id":"https:\/\/secure.gravatar.com\/avatar\/c5a7ef84c66fa914f55bc4f7ce26cfa275a3b9a1c5568b907bd184fb4dde7b40?s=96&d=mm&r=g","url":"https:\/\/secure.gravatar.com\/avatar\/c5a7ef84c66fa914f55bc4f7ce26cfa275a3b9a1c5568b907bd184fb4dde7b40?s=96&d=mm&r=g","contentUrl":"https:\/\/secure.gravatar.com\/avatar\/c5a7ef84c66fa914f55bc4f7ce26cfa275a3b9a1c5568b907bd184fb4dde7b40?s=96&d=mm&r=g","caption":"inclusivenews2024"},"sameAs":["https:\/\/inclusivenews.com.br"],"url":"https:\/\/inclusivenews.com.br\/?author=1"}]}},"_links":{"self":[{"href":"https:\/\/inclusivenews.com.br\/index.php?rest_route=\/wp\/v2\/posts\/30427","targetHints":{"allow":["GET"]}}],"collection":[{"href":"https:\/\/inclusivenews.com.br\/index.php?rest_route=\/wp\/v2\/posts"}],"about":[{"href":"https:\/\/inclusivenews.com.br\/index.php?rest_route=\/wp\/v2\/types\/post"}],"author":[{"embeddable":true,"href":"https:\/\/inclusivenews.com.br\/index.php?rest_route=\/wp\/v2\/users\/1"}],"replies":[{"embeddable":true,"href":"https:\/\/inclusivenews.com.br\/index.php?rest_route=%2Fwp%2Fv2%2Fcomments&post=30427"}],"version-history":[{"count":0,"href":"https:\/\/inclusivenews.com.br\/index.php?rest_route=\/wp\/v2\/posts\/30427\/revisions"}],"wp:attachment":[{"href":"https:\/\/inclusivenews.com.br\/index.php?rest_route=%2Fwp%2Fv2%2Fmedia&parent=30427"}],"wp:term":[{"taxonomy":"category","embeddable":true,"href":"https:\/\/inclusivenews.com.br\/index.php?rest_route=%2Fwp%2Fv2%2Fcategories&post=30427"},{"taxonomy":"post_tag","embeddable":true,"href":"https:\/\/inclusivenews.com.br\/index.php?rest_route=%2Fwp%2Fv2%2Ftags&post=30427"}],"curies":[{"name":"wp","href":"https:\/\/api.w.org\/{rel}","templated":true}]}}