{"id":30436,"date":"2017-07-27T06:01:56","date_gmt":"2017-07-27T09:01:56","guid":{"rendered":"http:\/\/www.inclusive.org.br\/?p=30436"},"modified":"2017-07-27T06:01:56","modified_gmt":"2017-07-27T09:01:56","slug":"deficiencia-na-publicidade-visibilidade-so-nao-e-suficiente","status":"publish","type":"post","link":"https:\/\/inclusivenews.com.br\/?p=30436","title":{"rendered":"Pessoas com defici\u00eancia na publicidade &#8211; visibilidade s\u00f3 n\u00e3o \u00e9 suficiente"},"content":{"rendered":"<p><img loading=\"lazy\" decoding=\"async\" class=\"alignnone size-full wp-image-30439\" src=\"http:\/\/inclusivenews.com.br\/wp-content\/uploads\/IMG_2195.jpg\" alt=\"mae da beijo na bochecha de menino.\" width=\"640\" height=\"480\" \/><\/p>\n<p>Nos \u00faltimos tempos temos tido a satisfa\u00e7\u00e3o de ver grupos subrepresentados na m\u00eddia ganhando espa\u00e7o e come\u00e7ando a refletir a realidade brasileira nas telas das tvs e nas redes sociais. Uma das \u00e1reas mais refrat\u00e1rias a mudan\u00e7as culturais, a publicidade vem abrindo espa\u00e7o para a diversidade, de maneira mais ou menos acertada.<\/p>\n<p>No tocante \u00e0s pessoas com defici\u00eancia, vimos um boom de representatividade. No \u00faltimo dia das m\u00e3es, por exemplo, v\u00e1rias propagandas mostrando fam\u00edlias com crian\u00e7as com defici\u00eancia foram veiculadas. Uma delas foi especialmente feliz. A Johnson&#8217;s homenageou todas as m\u00e3es apresentando um beb\u00ea fofo. O v\u00eddeo, que ia revelando pequenas partes de seu corpo, para no final focalizar em seu contagiante sorriso e olhinhos caracter\u00edsticos da s\u00edndrome de Down viralizou no Brasil e no exterior, onde ainda s\u00e3o raros os comerciais com modelos com defici\u00eancia. O slogan da campanha era: \u201cPara n\u00f3s e para todas as m\u00e3es, todo beb\u00ea \u00e9 um beb\u00ea Johnson\u2019s\u201d. O simbolismo deste personagem \u00e9 enorme pois o &#8220;Beb\u00ea Johnson\u2019s&#8221; habita o imagin\u00e1rio da popula\u00e7\u00e3o \u00a0como sin\u00f4nimo de crian\u00e7a linda, saud\u00e1vel e feliz, como todas as crian\u00e7as deveriam ser. Um gola\u00e7o, com milhares de m\u00e3es consumidoras que nunca se sentiam representadas emocionadas curtindo e compartilhando.<\/p>\n<p><iframe loading=\"lazy\" title=\"Todo beb\u00ea \u00e9 um beb\u00ea JOHNSON&#039;S\u00ae\" width=\"500\" height=\"281\" src=\"https:\/\/www.youtube.com\/embed\/q977nSSYXMo?feature=oembed\" frameborder=\"0\" allow=\"accelerometer; autoplay; clipboard-write; encrypted-media; gyroscope; picture-in-picture; web-share\" referrerpolicy=\"strict-origin-when-cross-origin\" allowfullscreen><\/iframe><\/p>\n<p>Esta semana foi a vez do OMO contribuir para a publicidade inclusiva. A campanha #MomentosQueMarcam chama todos a participarem com fotos e v\u00eddeo de momentos de alegria e sujeira &#8211; que depois poder\u00e1 ser facilmente lavada pelo sab\u00e3o em p\u00f3. E at\u00e9 isso pode virar brincadeira. No v\u00eddeo de apresenta\u00e7\u00e3o, imagens de duas crian\u00e7as com s\u00edndrome de Down e uma autista, misturadas com negros, brancos, orientais, todos muito felizes. A vida como ela \u00e9. Diversa como a nossa comunidade. Outra bola dentro.<\/p>\n<p>https:\/\/youtu.be\/xpzeUp0Ps1U<\/p>\n<p>J\u00e1 o creme contra assaduras Bepantol Baby, da multinacional Bayer, resolveu circular na contra-m\u00e3o da inclus\u00e3o. Decidiu usar imagens de crian\u00e7as com defici\u00eancia todas juntas para lan\u00e7ar campanha de doa\u00e7\u00e3o de 1 real por tubo de creme vendido para o Instituto Gustavo Kuerten. Convocou 6 crian\u00e7as crian\u00e7as que atendem esteticamente aos desejos das marcas, com s\u00edndrome de down e um menino com muletas que aparecem em um v\u00eddeo de 30 segundos. O ambiente et\u00e9reo refor\u00e7a o esteri\u00f3tipo de que pessoas com s\u00edndrome de Down s\u00e3o anjos. Como uma internauta comentou. \u201dParece uma creche celestial pra crian\u00e7as com Down\u201d.<\/p>\n<p><iframe loading=\"lazy\" title=\"Bepantol Baby | Projeto Evolu\u00e7\u00e3o\" width=\"500\" height=\"281\" src=\"https:\/\/www.youtube.com\/embed\/w-MR0M5jHfQ?feature=oembed\" frameborder=\"0\" allow=\"accelerometer; autoplay; clipboard-write; encrypted-media; gyroscope; picture-in-picture; web-share\" referrerpolicy=\"strict-origin-when-cross-origin\" allowfullscreen><\/iframe><\/p>\n<p>Em tempos de luta pela inclus\u00e3o em que escolas particulares foram ao Supremo Tribunal Federal querendo barrar alunos com defici\u00eancia de seus estabelecimentos, a imagem passada pelo comercial \u00e9 a de que crian\u00e7as com defici\u00eancia devem frequentar lugares \u201cespeciais\u201d, enquanto a legisla\u00e7\u00e3o estabelece a inclus\u00e3o em todos os ambientes, em igualdade de condi\u00e7\u00f5es com os demais. Al\u00e9m disso, o comercial relaciona defici\u00eancia e caridade, outra liga\u00e7\u00e3o que o movimento das pessoas com defici\u00eancia se esfor\u00e7a para combater. A rela\u00e7\u00e3o entre caridade e defici\u00eancia est\u00e1 t\u00e3o enraizada em nossa sociedade que at\u00e9 os dias de hoje pessoas com defici\u00eancia relatam hist\u00f3rias de estarem desavisadamente esperando algo na rua e serem abordadas por algu\u00e9m que quer dar esmola. J\u00e1 pensou passar por isso?<\/p>\n<p>As crian\u00e7as do an\u00fancio s\u00e3o lindas e, individualmente, poderiam ser modelos de qualquer comercial. O trabalho do Instituto Gustavo Kuerten \u00e9 muito s\u00e9rio e empresas como a Bayer e outras devem apoi\u00e1-lo.<\/p>\n<p>Saudamos e celebramos que as pessoas com defici\u00eancia e suas fam\u00edlias sejam finalmente reconhecidas como consumidoras e estejam cada vez mais representadas nos comerciais. Mas, da pr\u00f3xima vez, sugerimos que a Bayer, outras empresas e ag\u00eancias de propaganda\u00a0consultem pessoas com defici\u00eancia e profissionais de m\u00eddia antenados com o tema da diversidade. Porque a publicidade pode ser uma ferramenta poderosa na mudan\u00e7a cultural, mas visibilidade apenas n\u00e3o \u00e9 suficiente. A mensagem e os valores que acompanham s\u00e3o cruciais. Nesse sentido, a publicidade como meio de comunica\u00e7\u00e3o tem o potencial de promover os direitos humanos e a inclus\u00e3o ou prejudic\u00e1-los.<\/p>\n<p><em>Patricia Almeida &#8211; Jornalista, mestranda em Estudos da Defici\u00eancia pela City University of New York, criadora da <a href=\"http:\/\/www.inclusive.org.br\">Inclusive &#8211; Inclus\u00e3o e Cidadania<\/a>, coordenadora Internacional do <a href=\"https:\/\/www.metasocial.org.br\">Instituto MetaSocial,<\/a> criadora da <a href=\"http:\/\/www.gadim.org\">GADIM<\/a> &#8211; Alian\u00e7a Global para Inclus\u00e3o das Pessoas com Defici\u00eancia na M\u00eddia e Entretenimento, da\u00a0<a href=\"https:\/\/www.gadimbrasil.org\">GADIM Brasil<\/a>\u00a0e membro do <a href=\"http:\/\/www.inclusive.org.br\/arquivos\/30077\">ODIM\u00cdDIA &#8211; Observat\u00f3rio de Diversidade na M\u00eddia<\/a>. Co-fundadora do <a href=\"http:\/\/www.movimentodown.org.br\">Movimento Down<\/a> e membro do Conselho da <a href=\"https:\/\/ds-int.org\/about\/people\/patricia-almeida\">Down Syndrome International<\/a>.<\/em><\/p>\n<p>&nbsp;<\/p>\n","protected":false},"excerpt":{"rendered":"<p>Nos \u00faltimos tempos temos tido a satisfa\u00e7\u00e3o de ver grupos subrepresentados na m\u00eddia ganhando espa\u00e7o e come\u00e7ando a refletir a realidade brasileira nas telas das tvs e nas redes sociais. Uma das \u00e1reas mais refrat\u00e1rias a mudan\u00e7as culturais, a publicidade vem abrindo espa\u00e7o para a diversidade, de maneira mais ou menos acertada. No tocante \u00e0s [&hellip;]<\/p>\n","protected":false},"author":1,"featured_media":30439,"comment_status":"open","ping_status":"open","sticky":false,"template":"","format":"standard","meta":{"site-container-style":"default","site-container-layout":"default","site-sidebar-layout":"default","disable-article-header":"default","disable-site-header":"default","disable-site-footer":"default","disable-content-area-spacing":"default","footnotes":""},"categories":[48,76,376],"tags":[],"class_list":["post-30436","post","type-post","status-publish","format-standard","has-post-thumbnail","hentry","category-inclusao","category-midia-e-deficiencia","category-showz"],"yoast_head":"<!-- This site is optimized with the Yoast SEO plugin v27.4 - https:\/\/yoast.com\/product\/yoast-seo-wordpress\/ -->\n<title>Pessoas com defici\u00eancia na publicidade - visibilidade s\u00f3 n\u00e3o \u00e9 suficiente -<\/title>\n<meta name=\"robots\" content=\"index, follow, max-snippet:-1, max-image-preview:large, max-video-preview:-1\" \/>\n<link rel=\"canonical\" href=\"https:\/\/inclusivenews.com.br\/?p=30436\" \/>\n<meta property=\"og:locale\" content=\"pt_PT\" \/>\n<meta property=\"og:type\" content=\"article\" \/>\n<meta property=\"og:title\" content=\"Pessoas com defici\u00eancia na publicidade - visibilidade s\u00f3 n\u00e3o \u00e9 suficiente -\" \/>\n<meta property=\"og:description\" content=\"Nos \u00faltimos tempos temos tido a satisfa\u00e7\u00e3o de ver grupos subrepresentados na m\u00eddia ganhando espa\u00e7o e come\u00e7ando a refletir a realidade brasileira nas telas das tvs e nas redes sociais. Uma das \u00e1reas mais refrat\u00e1rias a mudan\u00e7as culturais, a publicidade vem abrindo espa\u00e7o para a diversidade, de maneira mais ou menos acertada. No tocante \u00e0s [&hellip;]\" \/>\n<meta property=\"og:url\" content=\"https:\/\/inclusivenews.com.br\/?p=30436\" \/>\n<meta property=\"article:publisher\" content=\"https:\/\/www.facebook.com\/agenciainclusive\/\" \/>\n<meta property=\"article:published_time\" content=\"2017-07-27T09:01:56+00:00\" \/>\n<meta name=\"author\" content=\"inclusivenews2024\" \/>\n<meta name=\"twitter:card\" content=\"summary_large_image\" \/>\n<meta name=\"twitter:label1\" content=\"Escrito por\" \/>\n\t<meta name=\"twitter:data1\" content=\"inclusivenews2024\" \/>\n\t<meta name=\"twitter:label2\" content=\"Tempo estimado de leitura\" \/>\n\t<meta name=\"twitter:data2\" content=\"4 minutos\" \/>\n<script type=\"application\/ld+json\" class=\"yoast-schema-graph\">{\"@context\":\"https:\\\/\\\/schema.org\",\"@graph\":[{\"@type\":\"Article\",\"@id\":\"https:\\\/\\\/inclusivenews.com.br\\\/?p=30436#article\",\"isPartOf\":{\"@id\":\"https:\\\/\\\/inclusivenews.com.br\\\/?p=30436\"},\"author\":{\"name\":\"inclusivenews2024\",\"@id\":\"https:\\\/\\\/inclusivenews.com.br\\\/#\\\/schema\\\/person\\\/ae4ec7087559b8692fb33b6fffd2273b\"},\"headline\":\"Pessoas com defici\u00eancia na publicidade &#8211; visibilidade s\u00f3 n\u00e3o \u00e9 suficiente\",\"datePublished\":\"2017-07-27T09:01:56+00:00\",\"mainEntityOfPage\":{\"@id\":\"https:\\\/\\\/inclusivenews.com.br\\\/?p=30436\"},\"wordCount\":821,\"commentCount\":0,\"publisher\":{\"@id\":\"https:\\\/\\\/inclusivenews.com.br\\\/#organization\"},\"image\":{\"@id\":\"https:\\\/\\\/inclusivenews.com.br\\\/?p=30436#primaryimage\"},\"thumbnailUrl\":\"\",\"articleSection\":[\"INCLUS\u00c3O SOCIAL\",\"M\u00eddia e Defici\u00eancia\",\"SHOWZ\"],\"inLanguage\":\"pt-PT\",\"potentialAction\":[{\"@type\":\"CommentAction\",\"name\":\"Comment\",\"target\":[\"https:\\\/\\\/inclusivenews.com.br\\\/?p=30436#respond\"]}]},{\"@type\":\"WebPage\",\"@id\":\"https:\\\/\\\/inclusivenews.com.br\\\/?p=30436\",\"url\":\"https:\\\/\\\/inclusivenews.com.br\\\/?p=30436\",\"name\":\"Pessoas com defici\u00eancia na publicidade - visibilidade s\u00f3 n\u00e3o \u00e9 suficiente -\",\"isPartOf\":{\"@id\":\"https:\\\/\\\/inclusivenews.com.br\\\/#website\"},\"primaryImageOfPage\":{\"@id\":\"https:\\\/\\\/inclusivenews.com.br\\\/?p=30436#primaryimage\"},\"image\":{\"@id\":\"https:\\\/\\\/inclusivenews.com.br\\\/?p=30436#primaryimage\"},\"thumbnailUrl\":\"\",\"datePublished\":\"2017-07-27T09:01:56+00:00\",\"breadcrumb\":{\"@id\":\"https:\\\/\\\/inclusivenews.com.br\\\/?p=30436#breadcrumb\"},\"inLanguage\":\"pt-PT\",\"potentialAction\":[{\"@type\":\"ReadAction\",\"target\":[\"https:\\\/\\\/inclusivenews.com.br\\\/?p=30436\"]}]},{\"@type\":\"ImageObject\",\"inLanguage\":\"pt-PT\",\"@id\":\"https:\\\/\\\/inclusivenews.com.br\\\/?p=30436#primaryimage\",\"url\":\"\",\"contentUrl\":\"\"},{\"@type\":\"BreadcrumbList\",\"@id\":\"https:\\\/\\\/inclusivenews.com.br\\\/?p=30436#breadcrumb\",\"itemListElement\":[{\"@type\":\"ListItem\",\"position\":1,\"name\":\"In\u00edcio\",\"item\":\"https:\\\/\\\/inclusivenews.com.br\\\/\"},{\"@type\":\"ListItem\",\"position\":2,\"name\":\"Pessoas com defici\u00eancia na publicidade &#8211; visibilidade s\u00f3 n\u00e3o \u00e9 suficiente\"}]},{\"@type\":\"WebSite\",\"@id\":\"https:\\\/\\\/inclusivenews.com.br\\\/#website\",\"url\":\"https:\\\/\\\/inclusivenews.com.br\\\/\",\"name\":\"Inclusive News\",\"description\":\"Inclusive News\",\"publisher\":{\"@id\":\"https:\\\/\\\/inclusivenews.com.br\\\/#organization\"},\"potentialAction\":[{\"@type\":\"SearchAction\",\"target\":{\"@type\":\"EntryPoint\",\"urlTemplate\":\"https:\\\/\\\/inclusivenews.com.br\\\/?s={search_term_string}\"},\"query-input\":{\"@type\":\"PropertyValueSpecification\",\"valueRequired\":true,\"valueName\":\"search_term_string\"}}],\"inLanguage\":\"pt-PT\"},{\"@type\":\"Organization\",\"@id\":\"https:\\\/\\\/inclusivenews.com.br\\\/#organization\",\"name\":\"Inclusive - inclus\u00e3o e cidadania\",\"url\":\"https:\\\/\\\/inclusivenews.com.br\\\/\",\"logo\":{\"@type\":\"ImageObject\",\"inLanguage\":\"pt-PT\",\"@id\":\"https:\\\/\\\/inclusivenews.com.br\\\/#\\\/schema\\\/logo\\\/image\\\/\",\"url\":\"https:\\\/\\\/inclusivenews.com.br\\\/wp-content\\\/uploads\\\/2024\\\/03\\\/@grandesite.png\",\"contentUrl\":\"https:\\\/\\\/inclusivenews.com.br\\\/wp-content\\\/uploads\\\/2024\\\/03\\\/@grandesite.png\",\"width\":1080,\"height\":1080,\"caption\":\"Inclusive - inclus\u00e3o e cidadania\"},\"image\":{\"@id\":\"https:\\\/\\\/inclusivenews.com.br\\\/#\\\/schema\\\/logo\\\/image\\\/\"},\"sameAs\":[\"https:\\\/\\\/www.facebook.com\\\/agenciainclusive\\\/\",\"https:\\\/\\\/www.instagram.com\\\/newsinclusive\\\/\"]},{\"@type\":\"Person\",\"@id\":\"https:\\\/\\\/inclusivenews.com.br\\\/#\\\/schema\\\/person\\\/ae4ec7087559b8692fb33b6fffd2273b\",\"name\":\"inclusivenews2024\",\"image\":{\"@type\":\"ImageObject\",\"inLanguage\":\"pt-PT\",\"@id\":\"https:\\\/\\\/secure.gravatar.com\\\/avatar\\\/c5a7ef84c66fa914f55bc4f7ce26cfa275a3b9a1c5568b907bd184fb4dde7b40?s=96&d=mm&r=g\",\"url\":\"https:\\\/\\\/secure.gravatar.com\\\/avatar\\\/c5a7ef84c66fa914f55bc4f7ce26cfa275a3b9a1c5568b907bd184fb4dde7b40?s=96&d=mm&r=g\",\"contentUrl\":\"https:\\\/\\\/secure.gravatar.com\\\/avatar\\\/c5a7ef84c66fa914f55bc4f7ce26cfa275a3b9a1c5568b907bd184fb4dde7b40?s=96&d=mm&r=g\",\"caption\":\"inclusivenews2024\"},\"sameAs\":[\"https:\\\/\\\/inclusivenews.com.br\"],\"url\":\"https:\\\/\\\/inclusivenews.com.br\\\/?author=1\"}]}<\/script>\n<!-- \/ Yoast SEO plugin. -->","yoast_head_json":{"title":"Pessoas com defici\u00eancia na publicidade - visibilidade s\u00f3 n\u00e3o \u00e9 suficiente -","robots":{"index":"index","follow":"follow","max-snippet":"max-snippet:-1","max-image-preview":"max-image-preview:large","max-video-preview":"max-video-preview:-1"},"canonical":"https:\/\/inclusivenews.com.br\/?p=30436","og_locale":"pt_PT","og_type":"article","og_title":"Pessoas com defici\u00eancia na publicidade - visibilidade s\u00f3 n\u00e3o \u00e9 suficiente -","og_description":"Nos \u00faltimos tempos temos tido a satisfa\u00e7\u00e3o de ver grupos subrepresentados na m\u00eddia ganhando espa\u00e7o e come\u00e7ando a refletir a realidade brasileira nas telas das tvs e nas redes sociais. Uma das \u00e1reas mais refrat\u00e1rias a mudan\u00e7as culturais, a publicidade vem abrindo espa\u00e7o para a diversidade, de maneira mais ou menos acertada. No tocante \u00e0s [&hellip;]","og_url":"https:\/\/inclusivenews.com.br\/?p=30436","article_publisher":"https:\/\/www.facebook.com\/agenciainclusive\/","article_published_time":"2017-07-27T09:01:56+00:00","author":"inclusivenews2024","twitter_card":"summary_large_image","twitter_misc":{"Escrito por":"inclusivenews2024","Tempo estimado de leitura":"4 minutos"},"schema":{"@context":"https:\/\/schema.org","@graph":[{"@type":"Article","@id":"https:\/\/inclusivenews.com.br\/?p=30436#article","isPartOf":{"@id":"https:\/\/inclusivenews.com.br\/?p=30436"},"author":{"name":"inclusivenews2024","@id":"https:\/\/inclusivenews.com.br\/#\/schema\/person\/ae4ec7087559b8692fb33b6fffd2273b"},"headline":"Pessoas com defici\u00eancia na publicidade &#8211; visibilidade s\u00f3 n\u00e3o \u00e9 suficiente","datePublished":"2017-07-27T09:01:56+00:00","mainEntityOfPage":{"@id":"https:\/\/inclusivenews.com.br\/?p=30436"},"wordCount":821,"commentCount":0,"publisher":{"@id":"https:\/\/inclusivenews.com.br\/#organization"},"image":{"@id":"https:\/\/inclusivenews.com.br\/?p=30436#primaryimage"},"thumbnailUrl":"","articleSection":["INCLUS\u00c3O SOCIAL","M\u00eddia e Defici\u00eancia","SHOWZ"],"inLanguage":"pt-PT","potentialAction":[{"@type":"CommentAction","name":"Comment","target":["https:\/\/inclusivenews.com.br\/?p=30436#respond"]}]},{"@type":"WebPage","@id":"https:\/\/inclusivenews.com.br\/?p=30436","url":"https:\/\/inclusivenews.com.br\/?p=30436","name":"Pessoas com defici\u00eancia na publicidade - visibilidade s\u00f3 n\u00e3o \u00e9 suficiente -","isPartOf":{"@id":"https:\/\/inclusivenews.com.br\/#website"},"primaryImageOfPage":{"@id":"https:\/\/inclusivenews.com.br\/?p=30436#primaryimage"},"image":{"@id":"https:\/\/inclusivenews.com.br\/?p=30436#primaryimage"},"thumbnailUrl":"","datePublished":"2017-07-27T09:01:56+00:00","breadcrumb":{"@id":"https:\/\/inclusivenews.com.br\/?p=30436#breadcrumb"},"inLanguage":"pt-PT","potentialAction":[{"@type":"ReadAction","target":["https:\/\/inclusivenews.com.br\/?p=30436"]}]},{"@type":"ImageObject","inLanguage":"pt-PT","@id":"https:\/\/inclusivenews.com.br\/?p=30436#primaryimage","url":"","contentUrl":""},{"@type":"BreadcrumbList","@id":"https:\/\/inclusivenews.com.br\/?p=30436#breadcrumb","itemListElement":[{"@type":"ListItem","position":1,"name":"In\u00edcio","item":"https:\/\/inclusivenews.com.br\/"},{"@type":"ListItem","position":2,"name":"Pessoas com defici\u00eancia na publicidade &#8211; visibilidade s\u00f3 n\u00e3o \u00e9 suficiente"}]},{"@type":"WebSite","@id":"https:\/\/inclusivenews.com.br\/#website","url":"https:\/\/inclusivenews.com.br\/","name":"Inclusive News","description":"Inclusive News","publisher":{"@id":"https:\/\/inclusivenews.com.br\/#organization"},"potentialAction":[{"@type":"SearchAction","target":{"@type":"EntryPoint","urlTemplate":"https:\/\/inclusivenews.com.br\/?s={search_term_string}"},"query-input":{"@type":"PropertyValueSpecification","valueRequired":true,"valueName":"search_term_string"}}],"inLanguage":"pt-PT"},{"@type":"Organization","@id":"https:\/\/inclusivenews.com.br\/#organization","name":"Inclusive - inclus\u00e3o e cidadania","url":"https:\/\/inclusivenews.com.br\/","logo":{"@type":"ImageObject","inLanguage":"pt-PT","@id":"https:\/\/inclusivenews.com.br\/#\/schema\/logo\/image\/","url":"https:\/\/inclusivenews.com.br\/wp-content\/uploads\/2024\/03\/@grandesite.png","contentUrl":"https:\/\/inclusivenews.com.br\/wp-content\/uploads\/2024\/03\/@grandesite.png","width":1080,"height":1080,"caption":"Inclusive - inclus\u00e3o e cidadania"},"image":{"@id":"https:\/\/inclusivenews.com.br\/#\/schema\/logo\/image\/"},"sameAs":["https:\/\/www.facebook.com\/agenciainclusive\/","https:\/\/www.instagram.com\/newsinclusive\/"]},{"@type":"Person","@id":"https:\/\/inclusivenews.com.br\/#\/schema\/person\/ae4ec7087559b8692fb33b6fffd2273b","name":"inclusivenews2024","image":{"@type":"ImageObject","inLanguage":"pt-PT","@id":"https:\/\/secure.gravatar.com\/avatar\/c5a7ef84c66fa914f55bc4f7ce26cfa275a3b9a1c5568b907bd184fb4dde7b40?s=96&d=mm&r=g","url":"https:\/\/secure.gravatar.com\/avatar\/c5a7ef84c66fa914f55bc4f7ce26cfa275a3b9a1c5568b907bd184fb4dde7b40?s=96&d=mm&r=g","contentUrl":"https:\/\/secure.gravatar.com\/avatar\/c5a7ef84c66fa914f55bc4f7ce26cfa275a3b9a1c5568b907bd184fb4dde7b40?s=96&d=mm&r=g","caption":"inclusivenews2024"},"sameAs":["https:\/\/inclusivenews.com.br"],"url":"https:\/\/inclusivenews.com.br\/?author=1"}]}},"_links":{"self":[{"href":"https:\/\/inclusivenews.com.br\/index.php?rest_route=\/wp\/v2\/posts\/30436","targetHints":{"allow":["GET"]}}],"collection":[{"href":"https:\/\/inclusivenews.com.br\/index.php?rest_route=\/wp\/v2\/posts"}],"about":[{"href":"https:\/\/inclusivenews.com.br\/index.php?rest_route=\/wp\/v2\/types\/post"}],"author":[{"embeddable":true,"href":"https:\/\/inclusivenews.com.br\/index.php?rest_route=\/wp\/v2\/users\/1"}],"replies":[{"embeddable":true,"href":"https:\/\/inclusivenews.com.br\/index.php?rest_route=%2Fwp%2Fv2%2Fcomments&post=30436"}],"version-history":[{"count":0,"href":"https:\/\/inclusivenews.com.br\/index.php?rest_route=\/wp\/v2\/posts\/30436\/revisions"}],"wp:featuredmedia":[{"embeddable":true,"href":"https:\/\/inclusivenews.com.br\/index.php?rest_route=\/"}],"wp:attachment":[{"href":"https:\/\/inclusivenews.com.br\/index.php?rest_route=%2Fwp%2Fv2%2Fmedia&parent=30436"}],"wp:term":[{"taxonomy":"category","embeddable":true,"href":"https:\/\/inclusivenews.com.br\/index.php?rest_route=%2Fwp%2Fv2%2Fcategories&post=30436"},{"taxonomy":"post_tag","embeddable":true,"href":"https:\/\/inclusivenews.com.br\/index.php?rest_route=%2Fwp%2Fv2%2Ftags&post=30436"}],"curies":[{"name":"wp","href":"https:\/\/api.w.org\/{rel}","templated":true}]}}