{"id":30450,"date":"2017-07-28T15:50:40","date_gmt":"2017-07-28T18:50:40","guid":{"rendered":"http:\/\/www.inclusive.org.br\/?p=30450"},"modified":"2017-07-28T15:50:40","modified_gmt":"2017-07-28T18:50:40","slug":"autismo-e-capa-de-veja-e-dai","status":"publish","type":"post","link":"https:\/\/inclusivenews.com.br\/?p=30450","title":{"rendered":"Autismo \u00e9 capa de Veja. E da\u00ed?"},"content":{"rendered":"<p>Por Rita Louzeiro<\/p>\n<p>&nbsp;<\/p>\n<p>A revista Veja desta semana trouxe, como mat\u00e9ria de capa,\u00a0 o autismo. Toda vez que a grande m\u00eddia toca no assunto h\u00e1 um misto de entusiasmo e ansiedade na comunidade autista: o entusiasmo por ver a quest\u00e3o sendo trazida ao grande p\u00fablico com o medo da abordagem que ser\u00e1 feita, se trar\u00e1 algo novo ou se somente ir\u00e1 requentar velhos estere\u00f3tipos.<\/p>\n<p>A falada reportagem da Veja sobre autismo esqueceu um ponto b\u00e1sico e importante: &#8220;nada sobre n\u00f3s sem n\u00f3s!&#8221;. \u00a0Em suas muitas p\u00e1ginas n\u00e3o h\u00e1 autistas falando sobre autismo. Da\u00ed decorre um efeito domin\u00f3: a defini\u00e7\u00e3o vem de pais\/m\u00e3es e psiquiatras. Nisso, obviamente, o autismo \u00e9 chamado de doen\u00e7a (pelo psiquiatra) e n\u00e3o h\u00e1 uma v\u00edrgula sobre nerodiversidade, capacitismo, stims.<\/p>\n<p>Fala-se em 2 milh\u00f5es de autistas no Brasil, presumem-se 3 milh\u00f5es, sem citar a fonte desses n\u00fameros. As fotos e exemplos trazidos s\u00e3o todos de meninos brancos. N\u00e3o foi visto nenhum autista n\u00e3o branco na mat\u00e9ria. Este padr\u00e3o vem interferindo e at\u00e9 mesmo impedindo o diagn\u00f3stico de autista de ra\u00e7a, g\u00eanero, classe e faixa et\u00e1ria distintos do padr\u00e3o \u201ccapa de revista\u201d. Evidentemente, esta quest\u00e3o sequer foi mencionada na mat\u00e9ria. A \u00fanica autista mulher \u00e9 Temple Gradin.<\/p>\n<p>N\u00e3o \u00e9 ao acaso que a capa da Veja dessa semana repete a capa da Revista \u00c9poca de 2007 (10 anos atr\u00e1s!): um menino branco e uma chamada falando em um novo olhar\/novo mundo do autismo.<\/p>\n<p>A mat\u00e9ria tamb\u00e9m tem suas qualidades. Ponto positivo por trazer um bom hist\u00f3rico, claramente apoiado no livro rec\u00e9m lan\u00e7ado &#8220;Outra Sintonia&#8221; e por citar o referido livro. Ponto positivo tamb\u00e9m por citarem as consequ\u00eancias das fraudes envolvendo m\u00e9dicos e cientistas ao longo da hist\u00f3ria. Ponto positivo por citarem como escolas usam de estrat\u00e9gias desonestas para barrar alunos autistas. H\u00e1 alguns poucos anos, n\u00e3o t\u00ednhamos esse tipo de informa\u00e7\u00e3o sendo veiculada na m\u00eddia de massa.<\/p>\n<p>Por\u00e9m, ainda \u00e9 muito pouco diante de tudo que temos que avan\u00e7ar. \u00c9 lament\u00e1vel que um psiquiatra tenha espa\u00e7o para falar sobre autismo, e ainda chamar de doen\u00e7a, numa mat\u00e9ria na qual nenhum autista fala por si mesmo e n\u00e3o se diz absolutamente nada sobre o movimento da neurodiversidade que muito tem avan\u00e7ado.<\/p>\n<p>Lament\u00e1vel porque \u00e9 uma revista que alcan\u00e7a uma boa parte da popula\u00e7\u00e3o, pessoas passam a tratar os temas com certa familiaridade e elas ir\u00e3o reproduzir a vis\u00e3o do autismo como um grande enigma, um mist\u00e9rio que deve ser desvendado e controlado.<\/p>\n<p>Sei que h\u00e1 ativistas na linha &#8220;melhor falar alguma coisa do que n\u00e3o falar nada&#8221; ou &#8220;pelo menos est\u00e1 divulgando o autismo&#8221; e entendo e reconhe\u00e7o os avan\u00e7os com rela\u00e7\u00e3o a isso. Mas j\u00e1 est\u00e1 mais que na hora da come\u00e7ar a mudar o foco do modelo m\u00e9dico para o modelo social e de direitos humanos quando resolve falar sobre condi\u00e7\u00f5es neurodiversas como o autismo. Menos pais falando de amor e supera\u00e7\u00e3o e mais pais que lutam para conseguir direitos b\u00e1sicos para seus filhos. Menos diversos meninos brancos e mais autistas diversos, de diversas idades, g\u00eaneros, ra\u00e7as e classe sociais.<\/p>\n<p>Precisamos de uma vez por todas entender que n\u00e3o ter autistas falando sobre autismo \u00e9 um absurdo compar\u00e1vel a ter uma mat\u00e9ria sobre direitos das mulheres em que s\u00f3 homens falam sobre o tema ou uma mat\u00e9ria sobre racismo em que somente pessoas brancas tem voz. \u00c9 inadmiss\u00edvel e n\u00e3o h\u00e1 outro nome para definir isso a n\u00e3o ser capacitismo.<\/p>\n<p>Rita Louzeiro \u00e9 ativista pela neurodiversidade.<\/p>\n<p>&nbsp;<\/p>\n<p>&nbsp;<\/p>\n<p>R<img loading=\"lazy\" decoding=\"async\" class=\"alignnone size-full wp-image-30451\" src=\"http:\/\/inclusivenews.com.br\/wp-content\/uploads\/veja_2540.jpg\" alt=\"veja_2540\" width=\"800\" height=\"1055\" \/><\/p>\n<figure id=\"attachment_30452\" aria-describedby=\"caption-attachment-30452\" style=\"width: 720px\" class=\"wp-caption alignnone\"><img loading=\"lazy\" decoding=\"async\" class=\"size-full wp-image-30452\" src=\"http:\/\/inclusivenews.com.br\/wp-content\/uploads\/20292832_1228710633906685_7292559563962426759_n.jpg\" alt=\"10 anos e parece que pouca coisa mudou na forma como a m\u00eddia trata o autismo.\" width=\"720\" height=\"482\" \/><figcaption id=\"caption-attachment-30452\" class=\"wp-caption-text\">10 anos e parece que pouca coisa mudou na forma como a m\u00eddia trata o autismo.<\/figcaption><\/figure>\n","protected":false},"excerpt":{"rendered":"<p>Por Rita Louzeiro &nbsp; A revista Veja desta semana trouxe, como mat\u00e9ria de capa,\u00a0 o autismo. Toda vez que a grande m\u00eddia toca no assunto h\u00e1 um misto de entusiasmo e ansiedade na comunidade autista: o entusiasmo por ver a quest\u00e3o sendo trazida ao grande p\u00fablico com o medo da abordagem que ser\u00e1 feita, se [&hellip;]<\/p>\n","protected":false},"author":2,"featured_media":30451,"comment_status":"open","ping_status":"open","sticky":false,"template":"","format":"standard","meta":{"site-container-style":"default","site-container-layout":"default","site-sidebar-layout":"default","disable-article-header":"default","disable-site-header":"default","disable-site-footer":"default","disable-content-area-spacing":"default","footnotes":""},"categories":[38,57],"tags":[397,398],"class_list":["post-30450","post","type-post","status-publish","format-standard","has-post-thumbnail","hentry","category-deficiencia","category-filmes-e-midias","tag-autismo-capacitismo-midia-imprensa-veja-neurodiversidade","tag-autismo-midia-veja-capacitismo"],"yoast_head":"<!-- This site is optimized with the Yoast SEO plugin v27.4 - https:\/\/yoast.com\/product\/yoast-seo-wordpress\/ -->\n<title>Autismo \u00e9 capa de Veja. E da\u00ed? -<\/title>\n<meta name=\"robots\" content=\"index, follow, max-snippet:-1, max-image-preview:large, max-video-preview:-1\" \/>\n<link rel=\"canonical\" href=\"https:\/\/inclusivenews.com.br\/?p=30450\" \/>\n<meta property=\"og:locale\" content=\"pt_PT\" \/>\n<meta property=\"og:type\" content=\"article\" \/>\n<meta property=\"og:title\" content=\"Autismo \u00e9 capa de Veja. E da\u00ed? -\" \/>\n<meta property=\"og:description\" content=\"Por Rita Louzeiro &nbsp; A revista Veja desta semana trouxe, como mat\u00e9ria de capa,\u00a0 o autismo. Toda vez que a grande m\u00eddia toca no assunto h\u00e1 um misto de entusiasmo e ansiedade na comunidade autista: o entusiasmo por ver a quest\u00e3o sendo trazida ao grande p\u00fablico com o medo da abordagem que ser\u00e1 feita, se [&hellip;]\" \/>\n<meta property=\"og:url\" content=\"https:\/\/inclusivenews.com.br\/?p=30450\" \/>\n<meta property=\"article:publisher\" content=\"https:\/\/www.facebook.com\/agenciainclusive\/\" \/>\n<meta property=\"article:published_time\" content=\"2017-07-28T18:50:40+00:00\" \/>\n<meta name=\"author\" content=\"Inclusive\" \/>\n<meta name=\"twitter:card\" content=\"summary_large_image\" \/>\n<meta name=\"twitter:label1\" content=\"Escrito por\" \/>\n\t<meta name=\"twitter:data1\" content=\"Inclusive\" \/>\n\t<meta name=\"twitter:label2\" content=\"Tempo estimado de leitura\" \/>\n\t<meta name=\"twitter:data2\" content=\"3 minutos\" \/>\n<script type=\"application\/ld+json\" class=\"yoast-schema-graph\">{\"@context\":\"https:\\\/\\\/schema.org\",\"@graph\":[{\"@type\":\"Article\",\"@id\":\"https:\\\/\\\/inclusivenews.com.br\\\/?p=30450#article\",\"isPartOf\":{\"@id\":\"https:\\\/\\\/inclusivenews.com.br\\\/?p=30450\"},\"author\":{\"name\":\"Inclusive\",\"@id\":\"https:\\\/\\\/inclusivenews.com.br\\\/#\\\/schema\\\/person\\\/0dab492019871b94abb65fa8ee7c8c44\"},\"headline\":\"Autismo \u00e9 capa de Veja. E da\u00ed?\",\"datePublished\":\"2017-07-28T18:50:40+00:00\",\"mainEntityOfPage\":{\"@id\":\"https:\\\/\\\/inclusivenews.com.br\\\/?p=30450\"},\"wordCount\":669,\"commentCount\":4,\"publisher\":{\"@id\":\"https:\\\/\\\/inclusivenews.com.br\\\/#organization\"},\"image\":{\"@id\":\"https:\\\/\\\/inclusivenews.com.br\\\/?p=30450#primaryimage\"},\"thumbnailUrl\":\"\",\"keywords\":[\"autismo capacitismo m\u00eddia imprensa Veja neurodiversidade\",\"autismo m\u00eddia Veja capacitismo\"],\"articleSection\":[\"Defici\u00eancia\",\"Filmes e m\u00eddias\"],\"inLanguage\":\"pt-PT\",\"potentialAction\":[{\"@type\":\"CommentAction\",\"name\":\"Comment\",\"target\":[\"https:\\\/\\\/inclusivenews.com.br\\\/?p=30450#respond\"]}]},{\"@type\":\"WebPage\",\"@id\":\"https:\\\/\\\/inclusivenews.com.br\\\/?p=30450\",\"url\":\"https:\\\/\\\/inclusivenews.com.br\\\/?p=30450\",\"name\":\"Autismo \u00e9 capa de Veja. E da\u00ed? -\",\"isPartOf\":{\"@id\":\"https:\\\/\\\/inclusivenews.com.br\\\/#website\"},\"primaryImageOfPage\":{\"@id\":\"https:\\\/\\\/inclusivenews.com.br\\\/?p=30450#primaryimage\"},\"image\":{\"@id\":\"https:\\\/\\\/inclusivenews.com.br\\\/?p=30450#primaryimage\"},\"thumbnailUrl\":\"\",\"datePublished\":\"2017-07-28T18:50:40+00:00\",\"breadcrumb\":{\"@id\":\"https:\\\/\\\/inclusivenews.com.br\\\/?p=30450#breadcrumb\"},\"inLanguage\":\"pt-PT\",\"potentialAction\":[{\"@type\":\"ReadAction\",\"target\":[\"https:\\\/\\\/inclusivenews.com.br\\\/?p=30450\"]}]},{\"@type\":\"ImageObject\",\"inLanguage\":\"pt-PT\",\"@id\":\"https:\\\/\\\/inclusivenews.com.br\\\/?p=30450#primaryimage\",\"url\":\"\",\"contentUrl\":\"\"},{\"@type\":\"BreadcrumbList\",\"@id\":\"https:\\\/\\\/inclusivenews.com.br\\\/?p=30450#breadcrumb\",\"itemListElement\":[{\"@type\":\"ListItem\",\"position\":1,\"name\":\"In\u00edcio\",\"item\":\"https:\\\/\\\/inclusivenews.com.br\\\/\"},{\"@type\":\"ListItem\",\"position\":2,\"name\":\"Autismo \u00e9 capa de Veja. E da\u00ed?\"}]},{\"@type\":\"WebSite\",\"@id\":\"https:\\\/\\\/inclusivenews.com.br\\\/#website\",\"url\":\"https:\\\/\\\/inclusivenews.com.br\\\/\",\"name\":\"Inclusive News\",\"description\":\"Inclusive News\",\"publisher\":{\"@id\":\"https:\\\/\\\/inclusivenews.com.br\\\/#organization\"},\"potentialAction\":[{\"@type\":\"SearchAction\",\"target\":{\"@type\":\"EntryPoint\",\"urlTemplate\":\"https:\\\/\\\/inclusivenews.com.br\\\/?s={search_term_string}\"},\"query-input\":{\"@type\":\"PropertyValueSpecification\",\"valueRequired\":true,\"valueName\":\"search_term_string\"}}],\"inLanguage\":\"pt-PT\"},{\"@type\":\"Organization\",\"@id\":\"https:\\\/\\\/inclusivenews.com.br\\\/#organization\",\"name\":\"Inclusive - inclus\u00e3o e cidadania\",\"url\":\"https:\\\/\\\/inclusivenews.com.br\\\/\",\"logo\":{\"@type\":\"ImageObject\",\"inLanguage\":\"pt-PT\",\"@id\":\"https:\\\/\\\/inclusivenews.com.br\\\/#\\\/schema\\\/logo\\\/image\\\/\",\"url\":\"https:\\\/\\\/inclusivenews.com.br\\\/wp-content\\\/uploads\\\/2024\\\/03\\\/@grandesite.png\",\"contentUrl\":\"https:\\\/\\\/inclusivenews.com.br\\\/wp-content\\\/uploads\\\/2024\\\/03\\\/@grandesite.png\",\"width\":1080,\"height\":1080,\"caption\":\"Inclusive - inclus\u00e3o e cidadania\"},\"image\":{\"@id\":\"https:\\\/\\\/inclusivenews.com.br\\\/#\\\/schema\\\/logo\\\/image\\\/\"},\"sameAs\":[\"https:\\\/\\\/www.facebook.com\\\/agenciainclusive\\\/\",\"https:\\\/\\\/www.instagram.com\\\/newsinclusive\\\/\"]},{\"@type\":\"Person\",\"@id\":\"https:\\\/\\\/inclusivenews.com.br\\\/#\\\/schema\\\/person\\\/0dab492019871b94abb65fa8ee7c8c44\",\"name\":\"Inclusive\",\"image\":{\"@type\":\"ImageObject\",\"inLanguage\":\"pt-PT\",\"@id\":\"https:\\\/\\\/secure.gravatar.com\\\/avatar\\\/?s=96&d=mm&r=g\",\"url\":\"https:\\\/\\\/secure.gravatar.com\\\/avatar\\\/?s=96&d=mm&r=g\",\"contentUrl\":\"https:\\\/\\\/secure.gravatar.com\\\/avatar\\\/?s=96&d=mm&r=g\",\"caption\":\"Inclusive\"},\"url\":\"https:\\\/\\\/inclusivenews.com.br\\\/?author=2\"}]}<\/script>\n<!-- \/ Yoast SEO plugin. -->","yoast_head_json":{"title":"Autismo \u00e9 capa de Veja. E da\u00ed? -","robots":{"index":"index","follow":"follow","max-snippet":"max-snippet:-1","max-image-preview":"max-image-preview:large","max-video-preview":"max-video-preview:-1"},"canonical":"https:\/\/inclusivenews.com.br\/?p=30450","og_locale":"pt_PT","og_type":"article","og_title":"Autismo \u00e9 capa de Veja. E da\u00ed? -","og_description":"Por Rita Louzeiro &nbsp; A revista Veja desta semana trouxe, como mat\u00e9ria de capa,\u00a0 o autismo. Toda vez que a grande m\u00eddia toca no assunto h\u00e1 um misto de entusiasmo e ansiedade na comunidade autista: o entusiasmo por ver a quest\u00e3o sendo trazida ao grande p\u00fablico com o medo da abordagem que ser\u00e1 feita, se [&hellip;]","og_url":"https:\/\/inclusivenews.com.br\/?p=30450","article_publisher":"https:\/\/www.facebook.com\/agenciainclusive\/","article_published_time":"2017-07-28T18:50:40+00:00","author":"Inclusive","twitter_card":"summary_large_image","twitter_misc":{"Escrito por":"Inclusive","Tempo estimado de leitura":"3 minutos"},"schema":{"@context":"https:\/\/schema.org","@graph":[{"@type":"Article","@id":"https:\/\/inclusivenews.com.br\/?p=30450#article","isPartOf":{"@id":"https:\/\/inclusivenews.com.br\/?p=30450"},"author":{"name":"Inclusive","@id":"https:\/\/inclusivenews.com.br\/#\/schema\/person\/0dab492019871b94abb65fa8ee7c8c44"},"headline":"Autismo \u00e9 capa de Veja. E da\u00ed?","datePublished":"2017-07-28T18:50:40+00:00","mainEntityOfPage":{"@id":"https:\/\/inclusivenews.com.br\/?p=30450"},"wordCount":669,"commentCount":4,"publisher":{"@id":"https:\/\/inclusivenews.com.br\/#organization"},"image":{"@id":"https:\/\/inclusivenews.com.br\/?p=30450#primaryimage"},"thumbnailUrl":"","keywords":["autismo capacitismo m\u00eddia imprensa Veja neurodiversidade","autismo m\u00eddia Veja capacitismo"],"articleSection":["Defici\u00eancia","Filmes e m\u00eddias"],"inLanguage":"pt-PT","potentialAction":[{"@type":"CommentAction","name":"Comment","target":["https:\/\/inclusivenews.com.br\/?p=30450#respond"]}]},{"@type":"WebPage","@id":"https:\/\/inclusivenews.com.br\/?p=30450","url":"https:\/\/inclusivenews.com.br\/?p=30450","name":"Autismo \u00e9 capa de Veja. E da\u00ed? -","isPartOf":{"@id":"https:\/\/inclusivenews.com.br\/#website"},"primaryImageOfPage":{"@id":"https:\/\/inclusivenews.com.br\/?p=30450#primaryimage"},"image":{"@id":"https:\/\/inclusivenews.com.br\/?p=30450#primaryimage"},"thumbnailUrl":"","datePublished":"2017-07-28T18:50:40+00:00","breadcrumb":{"@id":"https:\/\/inclusivenews.com.br\/?p=30450#breadcrumb"},"inLanguage":"pt-PT","potentialAction":[{"@type":"ReadAction","target":["https:\/\/inclusivenews.com.br\/?p=30450"]}]},{"@type":"ImageObject","inLanguage":"pt-PT","@id":"https:\/\/inclusivenews.com.br\/?p=30450#primaryimage","url":"","contentUrl":""},{"@type":"BreadcrumbList","@id":"https:\/\/inclusivenews.com.br\/?p=30450#breadcrumb","itemListElement":[{"@type":"ListItem","position":1,"name":"In\u00edcio","item":"https:\/\/inclusivenews.com.br\/"},{"@type":"ListItem","position":2,"name":"Autismo \u00e9 capa de Veja. E da\u00ed?"}]},{"@type":"WebSite","@id":"https:\/\/inclusivenews.com.br\/#website","url":"https:\/\/inclusivenews.com.br\/","name":"Inclusive News","description":"Inclusive News","publisher":{"@id":"https:\/\/inclusivenews.com.br\/#organization"},"potentialAction":[{"@type":"SearchAction","target":{"@type":"EntryPoint","urlTemplate":"https:\/\/inclusivenews.com.br\/?s={search_term_string}"},"query-input":{"@type":"PropertyValueSpecification","valueRequired":true,"valueName":"search_term_string"}}],"inLanguage":"pt-PT"},{"@type":"Organization","@id":"https:\/\/inclusivenews.com.br\/#organization","name":"Inclusive - inclus\u00e3o e cidadania","url":"https:\/\/inclusivenews.com.br\/","logo":{"@type":"ImageObject","inLanguage":"pt-PT","@id":"https:\/\/inclusivenews.com.br\/#\/schema\/logo\/image\/","url":"https:\/\/inclusivenews.com.br\/wp-content\/uploads\/2024\/03\/@grandesite.png","contentUrl":"https:\/\/inclusivenews.com.br\/wp-content\/uploads\/2024\/03\/@grandesite.png","width":1080,"height":1080,"caption":"Inclusive - inclus\u00e3o e cidadania"},"image":{"@id":"https:\/\/inclusivenews.com.br\/#\/schema\/logo\/image\/"},"sameAs":["https:\/\/www.facebook.com\/agenciainclusive\/","https:\/\/www.instagram.com\/newsinclusive\/"]},{"@type":"Person","@id":"https:\/\/inclusivenews.com.br\/#\/schema\/person\/0dab492019871b94abb65fa8ee7c8c44","name":"Inclusive","image":{"@type":"ImageObject","inLanguage":"pt-PT","@id":"https:\/\/secure.gravatar.com\/avatar\/?s=96&d=mm&r=g","url":"https:\/\/secure.gravatar.com\/avatar\/?s=96&d=mm&r=g","contentUrl":"https:\/\/secure.gravatar.com\/avatar\/?s=96&d=mm&r=g","caption":"Inclusive"},"url":"https:\/\/inclusivenews.com.br\/?author=2"}]}},"_links":{"self":[{"href":"https:\/\/inclusivenews.com.br\/index.php?rest_route=\/wp\/v2\/posts\/30450","targetHints":{"allow":["GET"]}}],"collection":[{"href":"https:\/\/inclusivenews.com.br\/index.php?rest_route=\/wp\/v2\/posts"}],"about":[{"href":"https:\/\/inclusivenews.com.br\/index.php?rest_route=\/wp\/v2\/types\/post"}],"author":[{"embeddable":true,"href":"https:\/\/inclusivenews.com.br\/index.php?rest_route=\/wp\/v2\/users\/2"}],"replies":[{"embeddable":true,"href":"https:\/\/inclusivenews.com.br\/index.php?rest_route=%2Fwp%2Fv2%2Fcomments&post=30450"}],"version-history":[{"count":0,"href":"https:\/\/inclusivenews.com.br\/index.php?rest_route=\/wp\/v2\/posts\/30450\/revisions"}],"wp:featuredmedia":[{"embeddable":true,"href":"https:\/\/inclusivenews.com.br\/index.php?rest_route=\/"}],"wp:attachment":[{"href":"https:\/\/inclusivenews.com.br\/index.php?rest_route=%2Fwp%2Fv2%2Fmedia&parent=30450"}],"wp:term":[{"taxonomy":"category","embeddable":true,"href":"https:\/\/inclusivenews.com.br\/index.php?rest_route=%2Fwp%2Fv2%2Fcategories&post=30450"},{"taxonomy":"post_tag","embeddable":true,"href":"https:\/\/inclusivenews.com.br\/index.php?rest_route=%2Fwp%2Fv2%2Ftags&post=30450"}],"curies":[{"name":"wp","href":"https:\/\/api.w.org\/{rel}","templated":true}]}}