{"id":30456,"date":"2017-07-31T15:33:47","date_gmt":"2017-07-31T18:33:47","guid":{"rendered":"http:\/\/www.inclusive.org.br\/?p=30456"},"modified":"2017-07-31T15:33:47","modified_gmt":"2017-07-31T18:33:47","slug":"rilda-velozo-uma-devoradora-de-livros","status":"publish","type":"post","link":"https:\/\/inclusivenews.com.br\/?p=30456","title":{"rendered":"Rilda Velozo, uma devoradora de livros"},"content":{"rendered":"<p><em>Por Marcionila Teixeira<\/em><br \/>\n<em>no Di\u00e1rio de Pernambuco<\/em><\/p>\n<p><img loading=\"lazy\" decoding=\"async\" class=\"alignnone wp-image-30460\" title=\"Rilda finge morder com a boca aberta o seu livro &quot;Caras Metades&quot;\" src=\"http:\/\/inclusivenews.com.br\/wp-content\/uploads\/20170717073320884432e.jpg\" alt=\"Rilda finge morder com a boca aberta o seu livro &quot;Caras Metades&quot;\" width=\"193\" height=\"246\" \/><\/p>\n<p>&nbsp;<\/p>\n<p>Nada de sobrenatural existe na vida de Rilda Velozo, 52 anos. Sobrenatural, diz ela, \u00e9 algu\u00e9m achar sua hist\u00f3ria fora do comum. Rilda, a escritora, \u00e9 uma pessoa com defici\u00eancia visual em processo de produ\u00e7\u00e3o de seu quarto livro de cr\u00f4nicas e poesias. Algo em torno de R$ 2 mil seriam necess\u00e1rios para lan\u00e7ar a tal publica\u00e7\u00e3o, ainda sem nome. Como nos livros anteriores, ela busca apoio na empreitada liter\u00e1ria. \u201cQuem quiser ler e sentir-se tocado\u2026\u201d, convoca ela.<\/p>\n<p>Conversei com Rilda, por quase uma hora, na Pra\u00e7a da R\u00e9publica, perante o Teatro Santa Isabel. Foi ela quem escolheu o lugar. Ali, contou sobre os enfrentamentos t\u00e3o particulares surgidos ao longo das \u00faltimas cinco d\u00e9cadas. Experi\u00eancias comuns a qualquer ser humano, faz quest\u00e3o de refor\u00e7ar.<\/p>\n<p>Rilda \u00e9 formada em hist\u00f3ria, psicopedagogia e psicologia. Sempre escreveu textos para ler em festas de fam\u00edlia. Quando era adolescente, uma de suas principais formas de lazer era a leitura. Tinha um n\u00famero incont\u00e1vel de livros em casa. E ali se apaixonava mais e mais pelas letras. Transformou-se em uma verdadeira devoradora de livros. At\u00e9 hoje \u00e9 assim. L\u00ea pelo menos uma publica\u00e7\u00e3o por m\u00eas. M\u00e9dia invej\u00e1vel para a grande parte dos brasileiros. A pesquisa Retratos da Leitura no Brasil, do ano passado, aponta que 44% da popula\u00e7\u00e3o brasileira n\u00e3o leem e 30% nunca compraram um livro.<\/p>\n<p>Seu primeiro livro foi lan\u00e7ado em 1998. Aventuras de Pingo era direcionado ao p\u00fablico infantil. Em 2002, lan\u00e7ou Vizinho para que te quero. Al\u00e9m desse, Rilda escreveu Crian\u00e7a sofre? (2009) e Caras Metades (2013). O v\u00e1cuo de quatro anos entre o \u00faltimo e o pr\u00f3ximo lan\u00e7amento terminou por acumular mais de cem textos. Uma produ\u00e7\u00e3o ao mesmo tempo cr\u00edtica e bem humorada. Porque \u00e9 assim que Rilda se apresenta.<\/p>\n<p>Rilda tamb\u00e9m \u00e9 professora aposentada pela Prefeitura do Recife. \u00c9 engajada em movimentos pol\u00edticos e culturais. Junto com a irm\u00e3, a atriz e diretora de teatro Ruty Velozo, montou um mon\u00f3logo do livro Caras Metades. \u201cSei que as pessoas n\u00e3o gostam de ler. A gente n\u00e3o l\u00ea palavras, a gente v\u00ea o mundo, j\u00e1 dizia Paulo Freire. As pessoas fazem isso no meu mon\u00f3logo. Leem meus livros pelo mundo.\u201d<\/p>\n<p>Na \u00faltima enchente na Mata Sul, Rilda deixou seu apartamento com cerca de 50m2 para cruzar os corredores de seu condom\u00ednio em busca de doa\u00e7\u00f5es para os desabrigados. Pediu n\u00e3o porque acredita em uma chuva cruel, daquelas que castigam, como costuma bradar a m\u00eddia. Pediu porque acredita que faltam obras governamentais para tirar tanta gente do risco das tais enchentes. Na \u00e9poca, foi at\u00e9 convidada para dar uma entrevista para uma TV local diante do gesto solid\u00e1rio. Sua atitude estimularia outras pessoas, disseram-lhe na \u00e9poca. Negou-se a fazer a mat\u00e9ria porque imaginava que o outro lado da hist\u00f3ria, a tal aus\u00eancia governamental, n\u00e3o sairia na reportagem. \u201cPara mim, pol\u00edtica \u00e9 lutar por sermos humanos solid\u00e1rios , fraternos. Lutar para que as pessoas se respeitem em suas diferen\u00e7as.\u201d<\/p>\n<p>Para escrever seus livros, Rilda usa um programa de voz, o software NVDA. Mas, pontua ela, n\u00e3o existe mais dif\u00edcil. Existe diferente.<\/p>\n<p>M\u00e1xima, por sinal, posta em pr\u00e1tica todos os dias de sua vida. H\u00e1 17 anos, Rilda experimentou, ao mesmo tempo, o fim do casamento, a descoberta de ser m\u00e3e de Pedro, um beb\u00ea com S\u00edndrome de Down, e a perda gradativa da vis\u00e3o. \u201cAcredito que a gente pode se surpreender e lidar com as surpresas.\u201d Como gente, diz Rilda, era necess\u00e1rio seguir, produzir. E assim fez. Mesmo sabendo que no dia seguinte poderia n\u00e3o estar enxergando sequer um copo \u00e0 sua frente.<\/p>\n<p>Rilda s\u00f3 se arrepende de n\u00e3o ter aprendido outra l\u00edngua, como o ingl\u00eas. Na \u00e9poca, por cren\u00e7as pol\u00edticas, hoje enterradas bem fundo. Se tivesse aprendido outros idiomas, se comunicaria mais f\u00e1cil com \u201coutros human\u00f3ides\u201d, brinca. A entrevista chega ao fim. Rilda parte caminhando ao lado do namorado, Ot\u00e1vio. Deixa em mim um sabor de otimismo pelo resto do dia. Mas, como me disse ao longo da entrevista, nada de sobrenatural existe na vida de Rilda Velozo, m\u00e3e de Pedro, 17, e Jo\u00e3o, 22, autor da foto acima. Sobrenatural mesmo \u00e9 algu\u00e9m achar sua hist\u00f3ria fora do comum. Quem quiser adquirir suas publica\u00e7\u00f5es ou apoiar o quarto livro pode entrar em contato pelo email rildavelozo@yahoo.com.<\/p>\n","protected":false},"excerpt":{"rendered":"<p>Conhe\u00e7a na (excelente) reportagem do Di\u00e1rio de Pernambuco um pouco mais sobre os livros e a vida de Rilda Velozo.<\/p>\n","protected":false},"author":1,"featured_media":0,"comment_status":"open","ping_status":"open","sticky":false,"template":"","format":"standard","meta":{"site-container-style":"default","site-container-layout":"default","site-sidebar-layout":"default","disable-article-header":"default","disable-site-header":"default","disable-site-footer":"default","disable-content-area-spacing":"default","footnotes":""},"categories":[50,51],"tags":[],"class_list":["post-30456","post","type-post","status-publish","format-standard","hentry","category-lancamentos","category-livros"],"yoast_head":"<!-- This site is optimized with the Yoast SEO plugin v27.4 - https:\/\/yoast.com\/product\/yoast-seo-wordpress\/ -->\n<title>Rilda Velozo, uma devoradora de livros -<\/title>\n<meta name=\"robots\" content=\"index, follow, max-snippet:-1, max-image-preview:large, max-video-preview:-1\" \/>\n<link rel=\"canonical\" href=\"https:\/\/inclusivenews.com.br\/?p=30456\" \/>\n<meta property=\"og:locale\" content=\"pt_PT\" \/>\n<meta property=\"og:type\" content=\"article\" \/>\n<meta property=\"og:title\" content=\"Rilda Velozo, uma devoradora de livros -\" \/>\n<meta property=\"og:description\" content=\"Conhe\u00e7a na (excelente) reportagem do Di\u00e1rio de Pernambuco um pouco mais sobre os livros e a vida de Rilda Velozo.\" \/>\n<meta property=\"og:url\" content=\"https:\/\/inclusivenews.com.br\/?p=30456\" \/>\n<meta property=\"article:publisher\" content=\"https:\/\/www.facebook.com\/agenciainclusive\/\" \/>\n<meta property=\"article:published_time\" content=\"2017-07-31T18:33:47+00:00\" \/>\n<meta property=\"og:image\" content=\"http:\/\/inclusivenews.com.br\/wp-content\/uploads\/20170717073320884432e.jpg\" \/>\n<meta name=\"author\" content=\"inclusivenews2024\" \/>\n<meta name=\"twitter:card\" content=\"summary_large_image\" \/>\n<meta name=\"twitter:label1\" content=\"Escrito por\" \/>\n\t<meta name=\"twitter:data1\" content=\"inclusivenews2024\" \/>\n\t<meta name=\"twitter:label2\" content=\"Tempo estimado de leitura\" \/>\n\t<meta name=\"twitter:data2\" content=\"4 minutos\" \/>\n<script type=\"application\/ld+json\" class=\"yoast-schema-graph\">{\"@context\":\"https:\\\/\\\/schema.org\",\"@graph\":[{\"@type\":\"Article\",\"@id\":\"https:\\\/\\\/inclusivenews.com.br\\\/?p=30456#article\",\"isPartOf\":{\"@id\":\"https:\\\/\\\/inclusivenews.com.br\\\/?p=30456\"},\"author\":{\"name\":\"inclusivenews2024\",\"@id\":\"https:\\\/\\\/inclusivenews.com.br\\\/#\\\/schema\\\/person\\\/ae4ec7087559b8692fb33b6fffd2273b\"},\"headline\":\"Rilda Velozo, uma devoradora de livros\",\"datePublished\":\"2017-07-31T18:33:47+00:00\",\"mainEntityOfPage\":{\"@id\":\"https:\\\/\\\/inclusivenews.com.br\\\/?p=30456\"},\"wordCount\":775,\"commentCount\":0,\"publisher\":{\"@id\":\"https:\\\/\\\/inclusivenews.com.br\\\/#organization\"},\"image\":{\"@id\":\"https:\\\/\\\/inclusivenews.com.br\\\/?p=30456#primaryimage\"},\"thumbnailUrl\":\"http:\\\/\\\/inclusivenews.com.br\\\/wp-content\\\/uploads\\\/20170717073320884432e.jpg\",\"articleSection\":[\"Lan\u00e7amentos\",\"Livros\"],\"inLanguage\":\"pt-PT\",\"potentialAction\":[{\"@type\":\"CommentAction\",\"name\":\"Comment\",\"target\":[\"https:\\\/\\\/inclusivenews.com.br\\\/?p=30456#respond\"]}]},{\"@type\":\"WebPage\",\"@id\":\"https:\\\/\\\/inclusivenews.com.br\\\/?p=30456\",\"url\":\"https:\\\/\\\/inclusivenews.com.br\\\/?p=30456\",\"name\":\"Rilda Velozo, uma devoradora de livros -\",\"isPartOf\":{\"@id\":\"https:\\\/\\\/inclusivenews.com.br\\\/#website\"},\"primaryImageOfPage\":{\"@id\":\"https:\\\/\\\/inclusivenews.com.br\\\/?p=30456#primaryimage\"},\"image\":{\"@id\":\"https:\\\/\\\/inclusivenews.com.br\\\/?p=30456#primaryimage\"},\"thumbnailUrl\":\"http:\\\/\\\/inclusivenews.com.br\\\/wp-content\\\/uploads\\\/20170717073320884432e.jpg\",\"datePublished\":\"2017-07-31T18:33:47+00:00\",\"breadcrumb\":{\"@id\":\"https:\\\/\\\/inclusivenews.com.br\\\/?p=30456#breadcrumb\"},\"inLanguage\":\"pt-PT\",\"potentialAction\":[{\"@type\":\"ReadAction\",\"target\":[\"https:\\\/\\\/inclusivenews.com.br\\\/?p=30456\"]}]},{\"@type\":\"ImageObject\",\"inLanguage\":\"pt-PT\",\"@id\":\"https:\\\/\\\/inclusivenews.com.br\\\/?p=30456#primaryimage\",\"url\":\"\",\"contentUrl\":\"\"},{\"@type\":\"BreadcrumbList\",\"@id\":\"https:\\\/\\\/inclusivenews.com.br\\\/?p=30456#breadcrumb\",\"itemListElement\":[{\"@type\":\"ListItem\",\"position\":1,\"name\":\"In\u00edcio\",\"item\":\"https:\\\/\\\/inclusivenews.com.br\\\/\"},{\"@type\":\"ListItem\",\"position\":2,\"name\":\"Rilda Velozo, uma devoradora de livros\"}]},{\"@type\":\"WebSite\",\"@id\":\"https:\\\/\\\/inclusivenews.com.br\\\/#website\",\"url\":\"https:\\\/\\\/inclusivenews.com.br\\\/\",\"name\":\"Inclusive News\",\"description\":\"Inclusive News\",\"publisher\":{\"@id\":\"https:\\\/\\\/inclusivenews.com.br\\\/#organization\"},\"potentialAction\":[{\"@type\":\"SearchAction\",\"target\":{\"@type\":\"EntryPoint\",\"urlTemplate\":\"https:\\\/\\\/inclusivenews.com.br\\\/?s={search_term_string}\"},\"query-input\":{\"@type\":\"PropertyValueSpecification\",\"valueRequired\":true,\"valueName\":\"search_term_string\"}}],\"inLanguage\":\"pt-PT\"},{\"@type\":\"Organization\",\"@id\":\"https:\\\/\\\/inclusivenews.com.br\\\/#organization\",\"name\":\"Inclusive - inclus\u00e3o e cidadania\",\"url\":\"https:\\\/\\\/inclusivenews.com.br\\\/\",\"logo\":{\"@type\":\"ImageObject\",\"inLanguage\":\"pt-PT\",\"@id\":\"https:\\\/\\\/inclusivenews.com.br\\\/#\\\/schema\\\/logo\\\/image\\\/\",\"url\":\"https:\\\/\\\/inclusivenews.com.br\\\/wp-content\\\/uploads\\\/2024\\\/03\\\/@grandesite.png\",\"contentUrl\":\"https:\\\/\\\/inclusivenews.com.br\\\/wp-content\\\/uploads\\\/2024\\\/03\\\/@grandesite.png\",\"width\":1080,\"height\":1080,\"caption\":\"Inclusive - inclus\u00e3o e cidadania\"},\"image\":{\"@id\":\"https:\\\/\\\/inclusivenews.com.br\\\/#\\\/schema\\\/logo\\\/image\\\/\"},\"sameAs\":[\"https:\\\/\\\/www.facebook.com\\\/agenciainclusive\\\/\",\"https:\\\/\\\/www.instagram.com\\\/newsinclusive\\\/\"]},{\"@type\":\"Person\",\"@id\":\"https:\\\/\\\/inclusivenews.com.br\\\/#\\\/schema\\\/person\\\/ae4ec7087559b8692fb33b6fffd2273b\",\"name\":\"inclusivenews2024\",\"image\":{\"@type\":\"ImageObject\",\"inLanguage\":\"pt-PT\",\"@id\":\"https:\\\/\\\/secure.gravatar.com\\\/avatar\\\/c5a7ef84c66fa914f55bc4f7ce26cfa275a3b9a1c5568b907bd184fb4dde7b40?s=96&d=mm&r=g\",\"url\":\"https:\\\/\\\/secure.gravatar.com\\\/avatar\\\/c5a7ef84c66fa914f55bc4f7ce26cfa275a3b9a1c5568b907bd184fb4dde7b40?s=96&d=mm&r=g\",\"contentUrl\":\"https:\\\/\\\/secure.gravatar.com\\\/avatar\\\/c5a7ef84c66fa914f55bc4f7ce26cfa275a3b9a1c5568b907bd184fb4dde7b40?s=96&d=mm&r=g\",\"caption\":\"inclusivenews2024\"},\"sameAs\":[\"https:\\\/\\\/inclusivenews.com.br\"],\"url\":\"https:\\\/\\\/inclusivenews.com.br\\\/?author=1\"}]}<\/script>\n<!-- \/ Yoast SEO plugin. -->","yoast_head_json":{"title":"Rilda Velozo, uma devoradora de livros -","robots":{"index":"index","follow":"follow","max-snippet":"max-snippet:-1","max-image-preview":"max-image-preview:large","max-video-preview":"max-video-preview:-1"},"canonical":"https:\/\/inclusivenews.com.br\/?p=30456","og_locale":"pt_PT","og_type":"article","og_title":"Rilda Velozo, uma devoradora de livros -","og_description":"Conhe\u00e7a na (excelente) reportagem do Di\u00e1rio de Pernambuco um pouco mais sobre os livros e a vida de Rilda Velozo.","og_url":"https:\/\/inclusivenews.com.br\/?p=30456","article_publisher":"https:\/\/www.facebook.com\/agenciainclusive\/","article_published_time":"2017-07-31T18:33:47+00:00","og_image":[{"url":"http:\/\/inclusivenews.com.br\/wp-content\/uploads\/20170717073320884432e.jpg","type":"","width":"","height":""}],"author":"inclusivenews2024","twitter_card":"summary_large_image","twitter_misc":{"Escrito por":"inclusivenews2024","Tempo estimado de leitura":"4 minutos"},"schema":{"@context":"https:\/\/schema.org","@graph":[{"@type":"Article","@id":"https:\/\/inclusivenews.com.br\/?p=30456#article","isPartOf":{"@id":"https:\/\/inclusivenews.com.br\/?p=30456"},"author":{"name":"inclusivenews2024","@id":"https:\/\/inclusivenews.com.br\/#\/schema\/person\/ae4ec7087559b8692fb33b6fffd2273b"},"headline":"Rilda Velozo, uma devoradora de livros","datePublished":"2017-07-31T18:33:47+00:00","mainEntityOfPage":{"@id":"https:\/\/inclusivenews.com.br\/?p=30456"},"wordCount":775,"commentCount":0,"publisher":{"@id":"https:\/\/inclusivenews.com.br\/#organization"},"image":{"@id":"https:\/\/inclusivenews.com.br\/?p=30456#primaryimage"},"thumbnailUrl":"http:\/\/inclusivenews.com.br\/wp-content\/uploads\/20170717073320884432e.jpg","articleSection":["Lan\u00e7amentos","Livros"],"inLanguage":"pt-PT","potentialAction":[{"@type":"CommentAction","name":"Comment","target":["https:\/\/inclusivenews.com.br\/?p=30456#respond"]}]},{"@type":"WebPage","@id":"https:\/\/inclusivenews.com.br\/?p=30456","url":"https:\/\/inclusivenews.com.br\/?p=30456","name":"Rilda Velozo, uma devoradora de livros -","isPartOf":{"@id":"https:\/\/inclusivenews.com.br\/#website"},"primaryImageOfPage":{"@id":"https:\/\/inclusivenews.com.br\/?p=30456#primaryimage"},"image":{"@id":"https:\/\/inclusivenews.com.br\/?p=30456#primaryimage"},"thumbnailUrl":"http:\/\/inclusivenews.com.br\/wp-content\/uploads\/20170717073320884432e.jpg","datePublished":"2017-07-31T18:33:47+00:00","breadcrumb":{"@id":"https:\/\/inclusivenews.com.br\/?p=30456#breadcrumb"},"inLanguage":"pt-PT","potentialAction":[{"@type":"ReadAction","target":["https:\/\/inclusivenews.com.br\/?p=30456"]}]},{"@type":"ImageObject","inLanguage":"pt-PT","@id":"https:\/\/inclusivenews.com.br\/?p=30456#primaryimage","url":"","contentUrl":""},{"@type":"BreadcrumbList","@id":"https:\/\/inclusivenews.com.br\/?p=30456#breadcrumb","itemListElement":[{"@type":"ListItem","position":1,"name":"In\u00edcio","item":"https:\/\/inclusivenews.com.br\/"},{"@type":"ListItem","position":2,"name":"Rilda Velozo, uma devoradora de livros"}]},{"@type":"WebSite","@id":"https:\/\/inclusivenews.com.br\/#website","url":"https:\/\/inclusivenews.com.br\/","name":"Inclusive News","description":"Inclusive News","publisher":{"@id":"https:\/\/inclusivenews.com.br\/#organization"},"potentialAction":[{"@type":"SearchAction","target":{"@type":"EntryPoint","urlTemplate":"https:\/\/inclusivenews.com.br\/?s={search_term_string}"},"query-input":{"@type":"PropertyValueSpecification","valueRequired":true,"valueName":"search_term_string"}}],"inLanguage":"pt-PT"},{"@type":"Organization","@id":"https:\/\/inclusivenews.com.br\/#organization","name":"Inclusive - inclus\u00e3o e cidadania","url":"https:\/\/inclusivenews.com.br\/","logo":{"@type":"ImageObject","inLanguage":"pt-PT","@id":"https:\/\/inclusivenews.com.br\/#\/schema\/logo\/image\/","url":"https:\/\/inclusivenews.com.br\/wp-content\/uploads\/2024\/03\/@grandesite.png","contentUrl":"https:\/\/inclusivenews.com.br\/wp-content\/uploads\/2024\/03\/@grandesite.png","width":1080,"height":1080,"caption":"Inclusive - inclus\u00e3o e cidadania"},"image":{"@id":"https:\/\/inclusivenews.com.br\/#\/schema\/logo\/image\/"},"sameAs":["https:\/\/www.facebook.com\/agenciainclusive\/","https:\/\/www.instagram.com\/newsinclusive\/"]},{"@type":"Person","@id":"https:\/\/inclusivenews.com.br\/#\/schema\/person\/ae4ec7087559b8692fb33b6fffd2273b","name":"inclusivenews2024","image":{"@type":"ImageObject","inLanguage":"pt-PT","@id":"https:\/\/secure.gravatar.com\/avatar\/c5a7ef84c66fa914f55bc4f7ce26cfa275a3b9a1c5568b907bd184fb4dde7b40?s=96&d=mm&r=g","url":"https:\/\/secure.gravatar.com\/avatar\/c5a7ef84c66fa914f55bc4f7ce26cfa275a3b9a1c5568b907bd184fb4dde7b40?s=96&d=mm&r=g","contentUrl":"https:\/\/secure.gravatar.com\/avatar\/c5a7ef84c66fa914f55bc4f7ce26cfa275a3b9a1c5568b907bd184fb4dde7b40?s=96&d=mm&r=g","caption":"inclusivenews2024"},"sameAs":["https:\/\/inclusivenews.com.br"],"url":"https:\/\/inclusivenews.com.br\/?author=1"}]}},"_links":{"self":[{"href":"https:\/\/inclusivenews.com.br\/index.php?rest_route=\/wp\/v2\/posts\/30456","targetHints":{"allow":["GET"]}}],"collection":[{"href":"https:\/\/inclusivenews.com.br\/index.php?rest_route=\/wp\/v2\/posts"}],"about":[{"href":"https:\/\/inclusivenews.com.br\/index.php?rest_route=\/wp\/v2\/types\/post"}],"author":[{"embeddable":true,"href":"https:\/\/inclusivenews.com.br\/index.php?rest_route=\/wp\/v2\/users\/1"}],"replies":[{"embeddable":true,"href":"https:\/\/inclusivenews.com.br\/index.php?rest_route=%2Fwp%2Fv2%2Fcomments&post=30456"}],"version-history":[{"count":0,"href":"https:\/\/inclusivenews.com.br\/index.php?rest_route=\/wp\/v2\/posts\/30456\/revisions"}],"wp:attachment":[{"href":"https:\/\/inclusivenews.com.br\/index.php?rest_route=%2Fwp%2Fv2%2Fmedia&parent=30456"}],"wp:term":[{"taxonomy":"category","embeddable":true,"href":"https:\/\/inclusivenews.com.br\/index.php?rest_route=%2Fwp%2Fv2%2Fcategories&post=30456"},{"taxonomy":"post_tag","embeddable":true,"href":"https:\/\/inclusivenews.com.br\/index.php?rest_route=%2Fwp%2Fv2%2Ftags&post=30456"}],"curies":[{"name":"wp","href":"https:\/\/api.w.org\/{rel}","templated":true}]}}