{"id":30477,"date":"2017-08-19T15:59:27","date_gmt":"2017-08-19T18:59:27","guid":{"rendered":"http:\/\/www.inclusive.org.br\/?p=30477"},"modified":"2017-08-19T15:59:27","modified_gmt":"2017-08-19T18:59:27","slug":"palestra-sobre-acessibilidade-e-inclusao-em-sao-paulo","status":"publish","type":"post","link":"https:\/\/inclusivenews.com.br\/?p=30477","title":{"rendered":"Palestra sobre Acessibilidade e Inclus\u00e3o em S\u00e3o Paulo"},"content":{"rendered":"<p>No dia 23 de agosto, quarta-feira, \u00e0s 14h30, o Instituto do Legislativo Paulista realiza a palestra &#8220;Acessibilidade, Sustentabilidade e Inclus\u00e3o na Administra\u00e7\u00e3o P\u00fablica&#8221;, ministrada pelo advogado da Uni\u00e3o Marcos Weiss Bliacheris.<\/p>\n<p>A palestra ser\u00e1 realizada no Audit\u00f3rio Teot\u00f4nio Vilela da Assembleia Legislativa do Estado de S\u00e3o Paulo, localizado na Avenida Pedro \u00c1lvares Cabral, 201 &#8211; 1\u00ba andar.<\/p>\n<p>Ser\u00e3o tratados temas ligados ao modelo social de defici\u00eancia, inclus\u00e3o na perspectiva da Administra\u00e7\u00e3o P\u00fablica.<\/p>\n<p>Entrada gratuita.<img loading=\"lazy\" decoding=\"async\" class=\"alignnone size-full wp-image-30478\" src=\"http:\/\/inclusivenews.com.br\/wp-content\/uploads\/20770391_10155426249626224_6740702824557602056_n.jpg\" alt=\"20770391_10155426249626224_6740702824557602056_n\" width=\"960\" height=\"960\" \/><br \/>\n\u2022 INSCREVA-SE AQUI:\u00a0<a href=\"https:\/\/l.facebook.com\/l.php?u=http%3A%2F%2Fwww.al.sp.gov.br%2Filp%2FdetalheAtividade.jsp%3Fid%3D3306&amp;h=ATNzZLKzp9SoS-d0ArkKt8sJ2d3V752k3foVrPl5xas--kREQ_kueXhA83w5SmNXfLOspoTHyLrIyZfK-hEnh7-2QSrvrs7mEmgvA5PDk_-l2ZuZ3dOWFOCvsSzqNTLwVPT6lbugd1E&amp;enc=AZPASyXyeHGnztEM_eYtiS7V6rzkTkuc_HJHk8lCwVnx1RXnkmJ2l5_3wP3gDZ6g0x4&amp;s=1\" target=\"_blank\" rel=\"nofollow noopener\">http:\/\/www.al.sp.gov.br\/<wbr \/>ilp\/<wbr \/>detalheAtividade.jsp?id=330<wbr \/>6<\/a><\/p>\n","protected":false},"excerpt":{"rendered":"<p>No dia 23 de agosto, quarta-feira, \u00e0s 14h30, o Instituto do Legislativo Paulista realiza a palestra &#8220;Acessibilidade, Sustentabilidade e Inclus\u00e3o na Administra\u00e7\u00e3o P\u00fablica&#8221;, ministrada pelo advogado da Uni\u00e3o Marcos Weiss Bliacheris. A palestra ser\u00e1 realizada no Audit\u00f3rio Teot\u00f4nio Vilela da Assembleia Legislativa do Estado de S\u00e3o Paulo, localizado na Avenida Pedro \u00c1lvares Cabral, 201 &#8211; [&hellip;]<\/p>\n","protected":false},"author":1,"featured_media":0,"comment_status":"open","ping_status":"open","sticky":false,"template":"","format":"standard","meta":{"site-container-style":"default","site-container-layout":"default","site-sidebar-layout":"default","disable-article-header":"default","disable-site-header":"default","disable-site-footer":"default","disable-content-area-spacing":"default","footnotes":""},"categories":[4],"tags":[89,399,151,400],"class_list":["post-30477","post","type-post","status-publish","format-standard","hentry","category-noticias","tag-acessibilidade","tag-evento","tag-inclusao-2","tag-sustentabilidade"],"yoast_head":"<!-- This site is optimized with the Yoast SEO plugin v27.4 - https:\/\/yoast.com\/product\/yoast-seo-wordpress\/ -->\n<title>Palestra sobre Acessibilidade e Inclus\u00e3o em S\u00e3o Paulo -<\/title>\n<meta name=\"robots\" content=\"index, follow, max-snippet:-1, max-image-preview:large, max-video-preview:-1\" \/>\n<link rel=\"canonical\" href=\"https:\/\/inclusivenews.com.br\/?p=30477\" \/>\n<meta property=\"og:locale\" content=\"pt_PT\" \/>\n<meta property=\"og:type\" content=\"article\" \/>\n<meta property=\"og:title\" content=\"Palestra sobre Acessibilidade e Inclus\u00e3o em S\u00e3o Paulo -\" \/>\n<meta property=\"og:description\" content=\"No dia 23 de agosto, quarta-feira, \u00e0s 14h30, o Instituto do Legislativo Paulista realiza a palestra &#8220;Acessibilidade, Sustentabilidade e Inclus\u00e3o na Administra\u00e7\u00e3o P\u00fablica&#8221;, ministrada pelo advogado da Uni\u00e3o Marcos Weiss Bliacheris. A palestra ser\u00e1 realizada no Audit\u00f3rio Teot\u00f4nio Vilela da Assembleia Legislativa do Estado de S\u00e3o Paulo, localizado na Avenida Pedro \u00c1lvares Cabral, 201 &#8211; [&hellip;]\" \/>\n<meta property=\"og:url\" content=\"https:\/\/inclusivenews.com.br\/?p=30477\" \/>\n<meta property=\"article:publisher\" content=\"https:\/\/www.facebook.com\/agenciainclusive\/\" \/>\n<meta property=\"article:published_time\" content=\"2017-08-19T18:59:27+00:00\" \/>\n<meta property=\"og:image\" content=\"http:\/\/inclusivenews.com.br\/wp-content\/uploads\/20770391_10155426249626224_6740702824557602056_n.jpg\" \/>\n<meta name=\"author\" content=\"inclusivenews2024\" \/>\n<meta name=\"twitter:card\" content=\"summary_large_image\" \/>\n<meta name=\"twitter:label1\" content=\"Escrito por\" \/>\n\t<meta name=\"twitter:data1\" content=\"inclusivenews2024\" \/>\n<script type=\"application\/ld+json\" class=\"yoast-schema-graph\">{\"@context\":\"https:\\\/\\\/schema.org\",\"@graph\":[{\"@type\":\"Article\",\"@id\":\"https:\\\/\\\/inclusivenews.com.br\\\/?p=30477#article\",\"isPartOf\":{\"@id\":\"https:\\\/\\\/inclusivenews.com.br\\\/?p=30477\"},\"author\":{\"name\":\"inclusivenews2024\",\"@id\":\"https:\\\/\\\/inclusivenews.com.br\\\/#\\\/schema\\\/person\\\/ae4ec7087559b8692fb33b6fffd2273b\"},\"headline\":\"Palestra sobre Acessibilidade e Inclus\u00e3o em S\u00e3o Paulo\",\"datePublished\":\"2017-08-19T18:59:27+00:00\",\"mainEntityOfPage\":{\"@id\":\"https:\\\/\\\/inclusivenews.com.br\\\/?p=30477\"},\"wordCount\":105,\"commentCount\":0,\"publisher\":{\"@id\":\"https:\\\/\\\/inclusivenews.com.br\\\/#organization\"},\"image\":{\"@id\":\"https:\\\/\\\/inclusivenews.com.br\\\/?p=30477#primaryimage\"},\"thumbnailUrl\":\"http:\\\/\\\/inclusivenews.com.br\\\/wp-content\\\/uploads\\\/20770391_10155426249626224_6740702824557602056_n.jpg\",\"keywords\":[\"Acessibilidade\",\"evento\",\"Inclus\u00e3o\",\"sustentabilidade\"],\"articleSection\":[\"NOT\u00cdCIAS\"],\"inLanguage\":\"pt-PT\",\"potentialAction\":[{\"@type\":\"CommentAction\",\"name\":\"Comment\",\"target\":[\"https:\\\/\\\/inclusivenews.com.br\\\/?p=30477#respond\"]}]},{\"@type\":\"WebPage\",\"@id\":\"https:\\\/\\\/inclusivenews.com.br\\\/?p=30477\",\"url\":\"https:\\\/\\\/inclusivenews.com.br\\\/?p=30477\",\"name\":\"Palestra sobre Acessibilidade e Inclus\u00e3o em S\u00e3o Paulo -\",\"isPartOf\":{\"@id\":\"https:\\\/\\\/inclusivenews.com.br\\\/#website\"},\"primaryImageOfPage\":{\"@id\":\"https:\\\/\\\/inclusivenews.com.br\\\/?p=30477#primaryimage\"},\"image\":{\"@id\":\"https:\\\/\\\/inclusivenews.com.br\\\/?p=30477#primaryimage\"},\"thumbnailUrl\":\"http:\\\/\\\/inclusivenews.com.br\\\/wp-content\\\/uploads\\\/20770391_10155426249626224_6740702824557602056_n.jpg\",\"datePublished\":\"2017-08-19T18:59:27+00:00\",\"breadcrumb\":{\"@id\":\"https:\\\/\\\/inclusivenews.com.br\\\/?p=30477#breadcrumb\"},\"inLanguage\":\"pt-PT\",\"potentialAction\":[{\"@type\":\"ReadAction\",\"target\":[\"https:\\\/\\\/inclusivenews.com.br\\\/?p=30477\"]}]},{\"@type\":\"ImageObject\",\"inLanguage\":\"pt-PT\",\"@id\":\"https:\\\/\\\/inclusivenews.com.br\\\/?p=30477#primaryimage\",\"url\":\"\",\"contentUrl\":\"\"},{\"@type\":\"BreadcrumbList\",\"@id\":\"https:\\\/\\\/inclusivenews.com.br\\\/?p=30477#breadcrumb\",\"itemListElement\":[{\"@type\":\"ListItem\",\"position\":1,\"name\":\"In\u00edcio\",\"item\":\"https:\\\/\\\/inclusivenews.com.br\\\/\"},{\"@type\":\"ListItem\",\"position\":2,\"name\":\"Palestra sobre Acessibilidade e Inclus\u00e3o em S\u00e3o Paulo\"}]},{\"@type\":\"WebSite\",\"@id\":\"https:\\\/\\\/inclusivenews.com.br\\\/#website\",\"url\":\"https:\\\/\\\/inclusivenews.com.br\\\/\",\"name\":\"Inclusive News\",\"description\":\"Inclusive News\",\"publisher\":{\"@id\":\"https:\\\/\\\/inclusivenews.com.br\\\/#organization\"},\"potentialAction\":[{\"@type\":\"SearchAction\",\"target\":{\"@type\":\"EntryPoint\",\"urlTemplate\":\"https:\\\/\\\/inclusivenews.com.br\\\/?s={search_term_string}\"},\"query-input\":{\"@type\":\"PropertyValueSpecification\",\"valueRequired\":true,\"valueName\":\"search_term_string\"}}],\"inLanguage\":\"pt-PT\"},{\"@type\":\"Organization\",\"@id\":\"https:\\\/\\\/inclusivenews.com.br\\\/#organization\",\"name\":\"Inclusive - inclus\u00e3o e cidadania\",\"url\":\"https:\\\/\\\/inclusivenews.com.br\\\/\",\"logo\":{\"@type\":\"ImageObject\",\"inLanguage\":\"pt-PT\",\"@id\":\"https:\\\/\\\/inclusivenews.com.br\\\/#\\\/schema\\\/logo\\\/image\\\/\",\"url\":\"https:\\\/\\\/inclusivenews.com.br\\\/wp-content\\\/uploads\\\/2024\\\/03\\\/@grandesite.png\",\"contentUrl\":\"https:\\\/\\\/inclusivenews.com.br\\\/wp-content\\\/uploads\\\/2024\\\/03\\\/@grandesite.png\",\"width\":1080,\"height\":1080,\"caption\":\"Inclusive - inclus\u00e3o e cidadania\"},\"image\":{\"@id\":\"https:\\\/\\\/inclusivenews.com.br\\\/#\\\/schema\\\/logo\\\/image\\\/\"},\"sameAs\":[\"https:\\\/\\\/www.facebook.com\\\/agenciainclusive\\\/\",\"https:\\\/\\\/www.instagram.com\\\/newsinclusive\\\/\"]},{\"@type\":\"Person\",\"@id\":\"https:\\\/\\\/inclusivenews.com.br\\\/#\\\/schema\\\/person\\\/ae4ec7087559b8692fb33b6fffd2273b\",\"name\":\"inclusivenews2024\",\"image\":{\"@type\":\"ImageObject\",\"inLanguage\":\"pt-PT\",\"@id\":\"https:\\\/\\\/secure.gravatar.com\\\/avatar\\\/c5a7ef84c66fa914f55bc4f7ce26cfa275a3b9a1c5568b907bd184fb4dde7b40?s=96&d=mm&r=g\",\"url\":\"https:\\\/\\\/secure.gravatar.com\\\/avatar\\\/c5a7ef84c66fa914f55bc4f7ce26cfa275a3b9a1c5568b907bd184fb4dde7b40?s=96&d=mm&r=g\",\"contentUrl\":\"https:\\\/\\\/secure.gravatar.com\\\/avatar\\\/c5a7ef84c66fa914f55bc4f7ce26cfa275a3b9a1c5568b907bd184fb4dde7b40?s=96&d=mm&r=g\",\"caption\":\"inclusivenews2024\"},\"sameAs\":[\"https:\\\/\\\/inclusivenews.com.br\"],\"url\":\"https:\\\/\\\/inclusivenews.com.br\\\/?author=1\"}]}<\/script>\n<!-- \/ Yoast SEO plugin. -->","yoast_head_json":{"title":"Palestra sobre Acessibilidade e Inclus\u00e3o em S\u00e3o Paulo -","robots":{"index":"index","follow":"follow","max-snippet":"max-snippet:-1","max-image-preview":"max-image-preview:large","max-video-preview":"max-video-preview:-1"},"canonical":"https:\/\/inclusivenews.com.br\/?p=30477","og_locale":"pt_PT","og_type":"article","og_title":"Palestra sobre Acessibilidade e Inclus\u00e3o em S\u00e3o Paulo -","og_description":"No dia 23 de agosto, quarta-feira, \u00e0s 14h30, o Instituto do Legislativo Paulista realiza a palestra &#8220;Acessibilidade, Sustentabilidade e Inclus\u00e3o na Administra\u00e7\u00e3o P\u00fablica&#8221;, ministrada pelo advogado da Uni\u00e3o Marcos Weiss Bliacheris. A palestra ser\u00e1 realizada no Audit\u00f3rio Teot\u00f4nio Vilela da Assembleia Legislativa do Estado de S\u00e3o Paulo, localizado na Avenida Pedro \u00c1lvares Cabral, 201 &#8211; [&hellip;]","og_url":"https:\/\/inclusivenews.com.br\/?p=30477","article_publisher":"https:\/\/www.facebook.com\/agenciainclusive\/","article_published_time":"2017-08-19T18:59:27+00:00","og_image":[{"url":"http:\/\/inclusivenews.com.br\/wp-content\/uploads\/20770391_10155426249626224_6740702824557602056_n.jpg","type":"","width":"","height":""}],"author":"inclusivenews2024","twitter_card":"summary_large_image","twitter_misc":{"Escrito por":"inclusivenews2024"},"schema":{"@context":"https:\/\/schema.org","@graph":[{"@type":"Article","@id":"https:\/\/inclusivenews.com.br\/?p=30477#article","isPartOf":{"@id":"https:\/\/inclusivenews.com.br\/?p=30477"},"author":{"name":"inclusivenews2024","@id":"https:\/\/inclusivenews.com.br\/#\/schema\/person\/ae4ec7087559b8692fb33b6fffd2273b"},"headline":"Palestra sobre Acessibilidade e Inclus\u00e3o em S\u00e3o Paulo","datePublished":"2017-08-19T18:59:27+00:00","mainEntityOfPage":{"@id":"https:\/\/inclusivenews.com.br\/?p=30477"},"wordCount":105,"commentCount":0,"publisher":{"@id":"https:\/\/inclusivenews.com.br\/#organization"},"image":{"@id":"https:\/\/inclusivenews.com.br\/?p=30477#primaryimage"},"thumbnailUrl":"http:\/\/inclusivenews.com.br\/wp-content\/uploads\/20770391_10155426249626224_6740702824557602056_n.jpg","keywords":["Acessibilidade","evento","Inclus\u00e3o","sustentabilidade"],"articleSection":["NOT\u00cdCIAS"],"inLanguage":"pt-PT","potentialAction":[{"@type":"CommentAction","name":"Comment","target":["https:\/\/inclusivenews.com.br\/?p=30477#respond"]}]},{"@type":"WebPage","@id":"https:\/\/inclusivenews.com.br\/?p=30477","url":"https:\/\/inclusivenews.com.br\/?p=30477","name":"Palestra sobre Acessibilidade e Inclus\u00e3o em S\u00e3o Paulo -","isPartOf":{"@id":"https:\/\/inclusivenews.com.br\/#website"},"primaryImageOfPage":{"@id":"https:\/\/inclusivenews.com.br\/?p=30477#primaryimage"},"image":{"@id":"https:\/\/inclusivenews.com.br\/?p=30477#primaryimage"},"thumbnailUrl":"http:\/\/inclusivenews.com.br\/wp-content\/uploads\/20770391_10155426249626224_6740702824557602056_n.jpg","datePublished":"2017-08-19T18:59:27+00:00","breadcrumb":{"@id":"https:\/\/inclusivenews.com.br\/?p=30477#breadcrumb"},"inLanguage":"pt-PT","potentialAction":[{"@type":"ReadAction","target":["https:\/\/inclusivenews.com.br\/?p=30477"]}]},{"@type":"ImageObject","inLanguage":"pt-PT","@id":"https:\/\/inclusivenews.com.br\/?p=30477#primaryimage","url":"","contentUrl":""},{"@type":"BreadcrumbList","@id":"https:\/\/inclusivenews.com.br\/?p=30477#breadcrumb","itemListElement":[{"@type":"ListItem","position":1,"name":"In\u00edcio","item":"https:\/\/inclusivenews.com.br\/"},{"@type":"ListItem","position":2,"name":"Palestra sobre Acessibilidade e Inclus\u00e3o em S\u00e3o Paulo"}]},{"@type":"WebSite","@id":"https:\/\/inclusivenews.com.br\/#website","url":"https:\/\/inclusivenews.com.br\/","name":"Inclusive News","description":"Inclusive News","publisher":{"@id":"https:\/\/inclusivenews.com.br\/#organization"},"potentialAction":[{"@type":"SearchAction","target":{"@type":"EntryPoint","urlTemplate":"https:\/\/inclusivenews.com.br\/?s={search_term_string}"},"query-input":{"@type":"PropertyValueSpecification","valueRequired":true,"valueName":"search_term_string"}}],"inLanguage":"pt-PT"},{"@type":"Organization","@id":"https:\/\/inclusivenews.com.br\/#organization","name":"Inclusive - inclus\u00e3o e cidadania","url":"https:\/\/inclusivenews.com.br\/","logo":{"@type":"ImageObject","inLanguage":"pt-PT","@id":"https:\/\/inclusivenews.com.br\/#\/schema\/logo\/image\/","url":"https:\/\/inclusivenews.com.br\/wp-content\/uploads\/2024\/03\/@grandesite.png","contentUrl":"https:\/\/inclusivenews.com.br\/wp-content\/uploads\/2024\/03\/@grandesite.png","width":1080,"height":1080,"caption":"Inclusive - inclus\u00e3o e cidadania"},"image":{"@id":"https:\/\/inclusivenews.com.br\/#\/schema\/logo\/image\/"},"sameAs":["https:\/\/www.facebook.com\/agenciainclusive\/","https:\/\/www.instagram.com\/newsinclusive\/"]},{"@type":"Person","@id":"https:\/\/inclusivenews.com.br\/#\/schema\/person\/ae4ec7087559b8692fb33b6fffd2273b","name":"inclusivenews2024","image":{"@type":"ImageObject","inLanguage":"pt-PT","@id":"https:\/\/secure.gravatar.com\/avatar\/c5a7ef84c66fa914f55bc4f7ce26cfa275a3b9a1c5568b907bd184fb4dde7b40?s=96&d=mm&r=g","url":"https:\/\/secure.gravatar.com\/avatar\/c5a7ef84c66fa914f55bc4f7ce26cfa275a3b9a1c5568b907bd184fb4dde7b40?s=96&d=mm&r=g","contentUrl":"https:\/\/secure.gravatar.com\/avatar\/c5a7ef84c66fa914f55bc4f7ce26cfa275a3b9a1c5568b907bd184fb4dde7b40?s=96&d=mm&r=g","caption":"inclusivenews2024"},"sameAs":["https:\/\/inclusivenews.com.br"],"url":"https:\/\/inclusivenews.com.br\/?author=1"}]}},"_links":{"self":[{"href":"https:\/\/inclusivenews.com.br\/index.php?rest_route=\/wp\/v2\/posts\/30477","targetHints":{"allow":["GET"]}}],"collection":[{"href":"https:\/\/inclusivenews.com.br\/index.php?rest_route=\/wp\/v2\/posts"}],"about":[{"href":"https:\/\/inclusivenews.com.br\/index.php?rest_route=\/wp\/v2\/types\/post"}],"author":[{"embeddable":true,"href":"https:\/\/inclusivenews.com.br\/index.php?rest_route=\/wp\/v2\/users\/1"}],"replies":[{"embeddable":true,"href":"https:\/\/inclusivenews.com.br\/index.php?rest_route=%2Fwp%2Fv2%2Fcomments&post=30477"}],"version-history":[{"count":0,"href":"https:\/\/inclusivenews.com.br\/index.php?rest_route=\/wp\/v2\/posts\/30477\/revisions"}],"wp:attachment":[{"href":"https:\/\/inclusivenews.com.br\/index.php?rest_route=%2Fwp%2Fv2%2Fmedia&parent=30477"}],"wp:term":[{"taxonomy":"category","embeddable":true,"href":"https:\/\/inclusivenews.com.br\/index.php?rest_route=%2Fwp%2Fv2%2Fcategories&post=30477"},{"taxonomy":"post_tag","embeddable":true,"href":"https:\/\/inclusivenews.com.br\/index.php?rest_route=%2Fwp%2Fv2%2Ftags&post=30477"}],"curies":[{"name":"wp","href":"https:\/\/api.w.org\/{rel}","templated":true}]}}