{"id":30511,"date":"2017-08-31T20:54:49","date_gmt":"2017-08-31T23:54:49","guid":{"rendered":"http:\/\/www.inclusive.org.br\/?p=30511"},"modified":"2017-08-31T20:54:49","modified_gmt":"2017-08-31T23:54:49","slug":"flamenco-imaginario-tem-campanha-de-financiamento-coletivo-para-uma-sessao-com-audiodescricao-no-dia-10-de-setembro-em-porto-alegrers","status":"publish","type":"post","link":"https:\/\/inclusivenews.com.br\/?p=30511","title":{"rendered":"Flamenco Imagin\u00e1rio tem campanha de financiamento coletivo para uma sess\u00e3o com audiodescri\u00e7\u00e3o no dia 10 de setembro, em Porto Alegre\/RS"},"content":{"rendered":"<div class=\"gmail_default\">\n<p><img loading=\"lazy\" decoding=\"async\" class=\"alignnone wp-image-30512\" title=\"Na foto colorida e horizontal, tr\u00eas bailarinos do espet\u00e1culo Flamenco Imagin\u00e1rio est\u00e3o em cena, no Teatro de Arena, em Porto Alegre, iluminados por uma luz clara, parecendo beber de xicrinhas brancas de cafezinho, ajoelhados em volta de uma mesa feita de malas forradas de papel azul claro com bolinhas marrons. Todos est\u00e3o de maquiagem colorida nos olhos e usam pijamas brancos com bolinhas pretas e sapatos felpudos que lembram pantufas. Na esquerda, em uma das pontas da mesa, Leonardo Dias est\u00e1 de touca vermelha com bolotas penduradas nos lados da cabe\u00e7a e, por cima do pijama, usa cal\u00e7as curtas com listras em bege, marrom, vermelho e preto, com franjas e bolotas. Apertando a boca como se estivesse quase estalando os l\u00e1bios, ele olha pro p\u00fablico com jeito s\u00e9rio, com o traseiro apoiado em um bauzinho forrado igual \u00e0s malas. Ao centro, atr\u00e1s da mesa, Juliana Kersting est\u00e1 com a cabe\u00e7a um pouco inclinada pra tr\u00e1s, de olhos fechados, virando sua x\u00edcara na boca aberta. Na direita, na outra ponta da mesa, Daniele Zill tamb\u00e9m est\u00e1 com a cabe\u00e7a inclinada pra tr\u00e1s, com a x\u00edcara encostada na boca. Ela tem os cabelos castanhhos presos e enfeitados com uma redinha e flores em tons de laranja e amarelo. Abaixo dela, no ch\u00e3o, uma maletinha redonda tamb\u00e9m forrada. Ao fundo, o cen\u00e1rio que parece um biombo formado por c\u00edrculos coloridos de v\u00e1rios tamanhos e, mais atr\u00e1s, um tipo de cortina de bolinhas de isopor. (fim da descri\u00e7\u00e3o) Foto: Adriana Marchiori.\" src=\"http:\/\/inclusivenews.com.br\/wp-content\/uploads\/AdrianaMarchioriHORADOCH\u00c1.jpg\" alt=\"Na foto colorida e horizontal, tr\u00eas bailarinos do espet\u00e1culo Flamenco Imagin\u00e1rio est\u00e3o em cena, no Teatro de Arena, em Porto Alegre, iluminados por uma luz clara, parecendo beber de xicrinhas brancas de cafezinho, ajoelhados em volta de uma mesa feita de malas forradas de papel azul claro com bolinhas marrons. Todos est\u00e3o de maquiagem colorida nos olhos e usam pijamas brancos com bolinhas pretas e sapatos felpudos que lembram pantufas. Na esquerda, em uma das pontas da mesa, Leonardo Dias est\u00e1 de touca vermelha com bolotas penduradas nos lados da cabe\u00e7a e, por cima do pijama, usa cal\u00e7as curtas com listras em bege, marrom, vermelho e preto, com franjas e bolotas. Apertando a boca como se estivesse quase estalando os l\u00e1bios, ele olha pro p\u00fablico com jeito s\u00e9rio, com o traseiro apoiado em um bauzinho forrado igual \u00e0s malas. Ao centro, atr\u00e1s da mesa, Juliana Kersting est\u00e1 com a cabe\u00e7a um pouco inclinada pra tr\u00e1s, de olhos fechados, virando sua x\u00edcara na boca aberta. Na direita, na outra ponta da mesa, Daniele Zill tamb\u00e9m est\u00e1 com a cabe\u00e7a inclinada pra tr\u00e1s, com a x\u00edcara encostada na boca. Ela tem os cabelos castanhhos presos e enfeitados com uma redinha e flores em tons de laranja e amarelo. Abaixo dela, no ch\u00e3o, uma maletinha redonda tamb\u00e9m forrada. Ao fundo, o cen\u00e1rio que parece um biombo formado por c\u00edrculos coloridos de v\u00e1rios tamanhos e, mais atr\u00e1s, um tipo de cortina de bolinhas de isopor. (fim da descri\u00e7\u00e3o) Foto: Adriana Marchiori.\" width=\"412\" height=\"274\" \/><\/p>\n<p><span style=\"color: #0c343d; font-family: tahoma,sans-serif;\">Segue no ar a campanha de financiamento coletivo para uma sess\u00e3o com audiodescri\u00e7\u00e3o (AD) do premiado espet\u00e1culo Flamenco Imagin\u00e1rio, da Del Puerto, no dia 10 de setembro, no Teatro Renascen\u00e7a, em Porto Alegre\/RS. As contribui\u00e7\u00f5es com qualquer valor, via cart\u00e3o de cr\u00e9dito ou boleto, podem ser feitas no site Vakinha, a partir do link <a href=\"http:\/\/www.vakinha.com.br\/vaquinha\/audiodescricao-para-espetaculo-infantil-flamenco-imaginario\" target=\"_blank\" data-saferedirecturl=\"https:\/\/www.google.com\/url?hl=pt-BR&amp;q=http:\/\/www.vakinha.com.br\/vaquinha\/audiodescricao-para-espetaculo-infantil-flamenco-imaginario&amp;source=gmail&amp;ust=1504307958899000&amp;usg=AFQjCNFKBqgUi9E7XkpfsYnt3jAi0TmTfg\" rel=\"noopener\">http:\/\/www.vakinha.com.br\/<wbr \/>vaquinha\/audiodescricao-para-<wbr \/>espetaculo-infantil-flamenco-<wbr \/>imaginario<\/a>. At\u00e9 agora, a produ\u00e7\u00e3o independente da Del Puerto e da OVNI Acessibilidade Universal arrecadou mais da metade do valor destinado \u00e0 produ\u00e7\u00e3o da AD, mas a integraliza\u00e7\u00e3o ainda depende de mais doa\u00e7\u00f5es. Quem n\u00e3o puder contribuir, ajuda bastante compartilhando a campanha. Se tudo der certo, ser\u00e1 a primeira vez que um espet\u00e1culo de flamenco para crian\u00e7as ter\u00e1 audiodescri\u00e7\u00e3o. Ingressos antecipados podem ser adquiridos por meio do site <a href=\"http:\/\/www.entreatosdivulga.com.br\/flamencoimaginario\" target=\"_blank\" data-saferedirecturl=\"https:\/\/www.google.com\/url?hl=pt-BR&amp;q=http:\/\/www.entreatosdivulga.com.br\/flamencoimaginario&amp;source=gmail&amp;ust=1504307958899000&amp;usg=AFQjCNHry-lbudhuczBH_UMZHwY4VpNWkw\" rel=\"noopener\">http:\/\/www.entreatosdivulga.<wbr \/>com.br\/flamencoimaginario<\/a>\u00a0ou na Del Puerto (Avenida Crist\u00f3v\u00e3o Colombo, 752 &#8211; Floresta &#8211; Porto Alegre\/RS &#8211; fone 51 3028 4488).\u00a0<\/span><\/div>\n<div class=\"gmail_default\"><span style=\"color: #0c343d; font-family: tahoma,sans-serif;\">\u00a0<\/span><\/div>\n<div class=\"gmail_default\"><span style=\"color: #0c343d; font-family: tahoma,sans-serif;\"><b>Sobre o Flamenco Imagin\u00e1rio<\/b><\/span><\/div>\n<div class=\"gmail_default\"><span style=\"color: #0c343d; font-family: tahoma,sans-serif;\">Flamenco Imagin\u00e1rio \u00e9 uma grande festa do pijama. Livremente inspirado na dramaturgia de O Corcunda de Notre Dame, de Victor Hugo, o espet\u00e1culo da Del Puerto \u00e9 voltado ao universo dos pequenos, mas atrai toda a fam\u00edlia: os adultos se emocionam e as crian\u00e7as se divertem muito. Flamenco Imagin\u00e1rio tem trilha sonora composta especialmente por Giovani Capeletti e cen\u00e1rio e figurinos de Antonio Rabadan. Idealizado por Daniele Zill, \u00e9 dirigido por Denis Gosch e tem coreografias de Juliana Prestes. No elenco, al\u00e9m de Daniele, Graziela Silveira, Juliana Kersting e Leonardo Dias.\u00a0<\/span><\/div>\n<div class=\"gmail_default\"><\/div>\n<div class=\"gmail_default\"><span style=\"color: #0c343d; font-family: tahoma,sans-serif;\"><b>Sobre a Del Puerto<\/b><\/span><\/div>\n<div class=\"gmail_default\"><span style=\"color: #0c343d; font-family: tahoma,sans-serif;\">A Escola e Companhia de Flamenco Del Puerto foi fundada em 1999 e desde ent\u00e3o realiza um intenso trabalho de pesquisa t\u00e9cnica, expressiva e hist\u00f3rico-cultural da arte flamenca. A companhia j\u00e1 circulou por todo o pa\u00eds com suas montagens, recebeu pr\u00eamios e indica\u00e7\u00f5es, entre eles os trof\u00e9us A\u00e7orianos de Dan\u00e7a em 2008, 2012 e 2014; o Pr\u00eamio Funarte Klauss Vianna 2013 e o Pr\u00eamio de Pesquisa em Artes C\u00eanicas do Teatro de Arena em 2015. Atualmente, a Companhia circula com o premiado espet\u00e1culo para crian\u00e7as Flamenco Imagin\u00e1rio, indicado aos pr\u00eamios Tibicuera de Teatro Infanto-Juvenil e A\u00e7orianos de Dan\u00e7a em 2016, e premiado nas categorias Produ\u00e7\u00e3o, Figurino e Ilumina\u00e7\u00e3o.<\/span><\/div>\n<div class=\"gmail_default\"><\/div>\n<div class=\"gmail_default\"><span style=\"color: #0c343d; font-family: tahoma,sans-serif;\"><b>Ficha t\u00e9cnica<\/b><\/span><\/div>\n<div class=\"gmail_default\"><span style=\"color: #0c343d; font-family: tahoma,sans-serif;\"><b>Idealiza\u00e7\u00e3o:<\/b> Daniele Zill.<\/span><\/div>\n<div class=\"gmail_default\"><span style=\"color: #0c343d; font-family: tahoma,sans-serif;\"><b>Dire\u00e7\u00e3o:<\/b> Denis Gosch.<\/span><\/div>\n<div class=\"gmail_default\"><span style=\"color: #0c343d; font-family: tahoma,sans-serif;\"><b>Coreografia: <\/b>Juliana Prestes.<\/span><\/div>\n<div class=\"gmail_default\"><span style=\"color: #0c343d; font-family: tahoma,sans-serif;\"><b>Trilha sonora original:<\/b> Giovani Capeletti.<\/span><\/div>\n<div class=\"gmail_default\"><span style=\"color: #0c343d; font-family: tahoma,sans-serif;\"><b>Elenco:<\/b> Daniele Zill, Graziela Silveira, Juliana Kersting e Leonardo Dias.<\/span><\/div>\n<div class=\"gmail_default\"><span style=\"color: #0c343d; font-family: tahoma,sans-serif;\"><b>Percuss\u00e3o e efeitos:<\/b> Gustavo Rosa.<\/span><\/div>\n<div class=\"gmail_default\"><span style=\"color: #0c343d; font-family: tahoma,sans-serif;\"><b>Design e opera\u00e7\u00e3o de luz:<\/b> Leandro Gass.<\/span><\/div>\n<div class=\"gmail_default\"><span style=\"color: #0c343d; font-family: tahoma,sans-serif;\"><b>Figurinos e cen\u00e1rio:<\/b> Antonio Rabadan.<\/span><\/div>\n<div class=\"gmail_default\"><span style=\"color: #0c343d; font-family: tahoma,sans-serif;\"><b>Audiodescri\u00e7\u00e3o: <\/b>OVNI Acessibilidade Universal.<\/span><\/div>\n<div class=\"gmail_default\"><span style=\"color: #0c343d; font-family: tahoma,sans-serif;\"><b>Produ\u00e7\u00e3o executiva e art\u00edstica:<\/b> Daniele Zill e Juliana Kersting.<\/span><\/div>\n<div class=\"gmail_default\"><span style=\"color: #0c343d; font-family: tahoma,sans-serif;\"><b>Assessoria de imprensa:<\/b> Bruna Paulin.<\/span><\/div>\n<div class=\"gmail_default\"><span style=\"color: #0c343d; font-family: tahoma,sans-serif;\"><b>Realiza\u00e7\u00e3o: <\/b>Del Puerto Produ\u00e7\u00f5es.<\/span><\/div>\n<div class=\"gmail_default\"><\/div>\n<div class=\"gmail_default\"><strong>Descri\u00e7\u00e3o da imagem:<\/strong><br \/>\nNa foto colorida e horizontal, tr\u00eas bailarinos do espet\u00e1culo Flamenco Imagin\u00e1rio est\u00e3o em cena, no Teatro de Arena, em Porto Alegre, iluminados por uma luz clara, parecendo beber de xicrinhas brancas de cafezinho, ajoelhados em volta de uma mesa feita de malas forradas de papel azul claro com bolinhas marrons. Todos est\u00e3o de maquiagem colorida nos olhos e usam pijamas brancos com bolinhas pretas e sapatos felpudos que lembram pantufas. Na esquerda, em uma das pontas da mesa, Leonardo Dias est\u00e1 de touca vermelha com bolotas penduradas nos lados da cabe\u00e7a e, por cima do pijama, usa cal\u00e7as curtas com listras em bege, marrom, vermelho e preto, com franjas e bolotas. Apertando a boca como se estivesse quase estalando os l\u00e1bios, ele olha pro p\u00fablico com jeito s\u00e9rio, com o traseiro apoiado em um bauzinho forrado igual \u00e0s malas. Ao centro, atr\u00e1s da mesa, Juliana Kersting est\u00e1 com a cabe\u00e7a um pouco inclinada pra tr\u00e1s, de olhos fechados, virando sua x\u00edcara na boca aberta. Na direita, na outra ponta da mesa, Daniele Zill tamb\u00e9m est\u00e1 com a cabe\u00e7a inclinada pra tr\u00e1s, com a x\u00edcara encostada na boca. Ela tem os cabelos castanhhos presos e enfeitados com uma redinha e flores em tons de laranja e amarelo. Abaixo dela, no ch\u00e3o, uma maletinha redonda tamb\u00e9m forrada. Ao fundo, o cen\u00e1rio que parece um biombo formado por c\u00edrculos coloridos de v\u00e1rios tamanhos e, mais atr\u00e1s, um tipo de cortina de bolinhas de isopor. (fim da descri\u00e7\u00e3o) Foto: Adriana Marchiori.<\/div>\n","protected":false},"excerpt":{"rendered":"<p>Iniciativa da Del Puerto e da OVNI Acessibilidade Universal, a\u00e7\u00e3o busca reunir fundos para, pela primeira vez, tornar acess\u00edvel aos usu\u00e1rios da AD um espet\u00e1culo de flamenco para crian\u00e7as. Dia 10\/09, em Porto Alegre.<\/p>\n","protected":false},"author":1,"featured_media":0,"comment_status":"open","ping_status":"open","sticky":false,"template":"","format":"standard","meta":{"site-container-style":"default","site-container-layout":"default","site-sidebar-layout":"default","disable-article-header":"default","disable-site-header":"default","disable-site-footer":"default","disable-content-area-spacing":"default","footnotes":""},"categories":[44,29,12,38,4],"tags":[],"class_list":["post-30511","post","type-post","status-publish","format-standard","hentry","category-acessibilidade","category-cultura","category-cursos-e-eventos","category-deficiencia","category-noticias"],"yoast_head":"<!-- This site is optimized with the Yoast SEO plugin v27.4 - https:\/\/yoast.com\/product\/yoast-seo-wordpress\/ -->\n<title>Flamenco Imagin\u00e1rio tem campanha de financiamento coletivo para uma sess\u00e3o com audiodescri\u00e7\u00e3o no dia 10 de setembro, em Porto Alegre\/RS -<\/title>\n<meta name=\"robots\" content=\"index, follow, max-snippet:-1, max-image-preview:large, max-video-preview:-1\" \/>\n<link rel=\"canonical\" href=\"https:\/\/inclusivenews.com.br\/?p=30511\" \/>\n<meta property=\"og:locale\" content=\"pt_PT\" \/>\n<meta property=\"og:type\" content=\"article\" \/>\n<meta property=\"og:title\" content=\"Flamenco Imagin\u00e1rio tem campanha de financiamento coletivo para uma sess\u00e3o com audiodescri\u00e7\u00e3o no dia 10 de setembro, em Porto Alegre\/RS -\" \/>\n<meta property=\"og:description\" content=\"Iniciativa da Del Puerto e da OVNI Acessibilidade Universal, a\u00e7\u00e3o busca reunir fundos para, pela primeira vez, tornar acess\u00edvel aos usu\u00e1rios da AD um espet\u00e1culo de flamenco para crian\u00e7as. Dia 10\/09, em Porto Alegre.\" \/>\n<meta property=\"og:url\" content=\"https:\/\/inclusivenews.com.br\/?p=30511\" \/>\n<meta property=\"article:publisher\" content=\"https:\/\/www.facebook.com\/agenciainclusive\/\" \/>\n<meta property=\"article:published_time\" content=\"2017-08-31T23:54:49+00:00\" \/>\n<meta name=\"author\" content=\"inclusivenews2024\" \/>\n<meta name=\"twitter:card\" content=\"summary_large_image\" \/>\n<meta name=\"twitter:label1\" content=\"Escrito por\" \/>\n\t<meta name=\"twitter:data1\" content=\"inclusivenews2024\" \/>\n\t<meta name=\"twitter:label2\" content=\"Tempo estimado de leitura\" \/>\n\t<meta name=\"twitter:data2\" content=\"4 minutos\" \/>\n<script type=\"application\/ld+json\" class=\"yoast-schema-graph\">{\"@context\":\"https:\\\/\\\/schema.org\",\"@graph\":[{\"@type\":\"Article\",\"@id\":\"https:\\\/\\\/inclusivenews.com.br\\\/?p=30511#article\",\"isPartOf\":{\"@id\":\"https:\\\/\\\/inclusivenews.com.br\\\/?p=30511\"},\"author\":{\"name\":\"inclusivenews2024\",\"@id\":\"https:\\\/\\\/inclusivenews.com.br\\\/#\\\/schema\\\/person\\\/ae4ec7087559b8692fb33b6fffd2273b\"},\"headline\":\"Flamenco Imagin\u00e1rio tem campanha de financiamento coletivo para uma sess\u00e3o com audiodescri\u00e7\u00e3o no dia 10 de setembro, em Porto Alegre\\\/RS\",\"datePublished\":\"2017-08-31T23:54:49+00:00\",\"mainEntityOfPage\":{\"@id\":\"https:\\\/\\\/inclusivenews.com.br\\\/?p=30511\"},\"wordCount\":766,\"commentCount\":0,\"publisher\":{\"@id\":\"https:\\\/\\\/inclusivenews.com.br\\\/#organization\"},\"articleSection\":[\"ACESSIBILIDADE\",\"Cultura\",\"Cursos e eventos\",\"Defici\u00eancia\",\"NOT\u00cdCIAS\"],\"inLanguage\":\"pt-PT\",\"potentialAction\":[{\"@type\":\"CommentAction\",\"name\":\"Comment\",\"target\":[\"https:\\\/\\\/inclusivenews.com.br\\\/?p=30511#respond\"]}]},{\"@type\":\"WebPage\",\"@id\":\"https:\\\/\\\/inclusivenews.com.br\\\/?p=30511\",\"url\":\"https:\\\/\\\/inclusivenews.com.br\\\/?p=30511\",\"name\":\"Flamenco Imagin\u00e1rio tem campanha de financiamento coletivo para uma sess\u00e3o com audiodescri\u00e7\u00e3o no dia 10 de setembro, em Porto Alegre\\\/RS -\",\"isPartOf\":{\"@id\":\"https:\\\/\\\/inclusivenews.com.br\\\/#website\"},\"datePublished\":\"2017-08-31T23:54:49+00:00\",\"breadcrumb\":{\"@id\":\"https:\\\/\\\/inclusivenews.com.br\\\/?p=30511#breadcrumb\"},\"inLanguage\":\"pt-PT\",\"potentialAction\":[{\"@type\":\"ReadAction\",\"target\":[\"https:\\\/\\\/inclusivenews.com.br\\\/?p=30511\"]}]},{\"@type\":\"BreadcrumbList\",\"@id\":\"https:\\\/\\\/inclusivenews.com.br\\\/?p=30511#breadcrumb\",\"itemListElement\":[{\"@type\":\"ListItem\",\"position\":1,\"name\":\"In\u00edcio\",\"item\":\"https:\\\/\\\/inclusivenews.com.br\\\/\"},{\"@type\":\"ListItem\",\"position\":2,\"name\":\"Flamenco Imagin\u00e1rio tem campanha de financiamento coletivo para uma sess\u00e3o com audiodescri\u00e7\u00e3o no dia 10 de setembro, em Porto Alegre\\\/RS\"}]},{\"@type\":\"WebSite\",\"@id\":\"https:\\\/\\\/inclusivenews.com.br\\\/#website\",\"url\":\"https:\\\/\\\/inclusivenews.com.br\\\/\",\"name\":\"Inclusive News\",\"description\":\"Inclusive News\",\"publisher\":{\"@id\":\"https:\\\/\\\/inclusivenews.com.br\\\/#organization\"},\"potentialAction\":[{\"@type\":\"SearchAction\",\"target\":{\"@type\":\"EntryPoint\",\"urlTemplate\":\"https:\\\/\\\/inclusivenews.com.br\\\/?s={search_term_string}\"},\"query-input\":{\"@type\":\"PropertyValueSpecification\",\"valueRequired\":true,\"valueName\":\"search_term_string\"}}],\"inLanguage\":\"pt-PT\"},{\"@type\":\"Organization\",\"@id\":\"https:\\\/\\\/inclusivenews.com.br\\\/#organization\",\"name\":\"Inclusive - inclus\u00e3o e cidadania\",\"url\":\"https:\\\/\\\/inclusivenews.com.br\\\/\",\"logo\":{\"@type\":\"ImageObject\",\"inLanguage\":\"pt-PT\",\"@id\":\"https:\\\/\\\/inclusivenews.com.br\\\/#\\\/schema\\\/logo\\\/image\\\/\",\"url\":\"https:\\\/\\\/inclusivenews.com.br\\\/wp-content\\\/uploads\\\/2024\\\/03\\\/@grandesite.png\",\"contentUrl\":\"https:\\\/\\\/inclusivenews.com.br\\\/wp-content\\\/uploads\\\/2024\\\/03\\\/@grandesite.png\",\"width\":1080,\"height\":1080,\"caption\":\"Inclusive - inclus\u00e3o e cidadania\"},\"image\":{\"@id\":\"https:\\\/\\\/inclusivenews.com.br\\\/#\\\/schema\\\/logo\\\/image\\\/\"},\"sameAs\":[\"https:\\\/\\\/www.facebook.com\\\/agenciainclusive\\\/\",\"https:\\\/\\\/www.instagram.com\\\/newsinclusive\\\/\"]},{\"@type\":\"Person\",\"@id\":\"https:\\\/\\\/inclusivenews.com.br\\\/#\\\/schema\\\/person\\\/ae4ec7087559b8692fb33b6fffd2273b\",\"name\":\"inclusivenews2024\",\"image\":{\"@type\":\"ImageObject\",\"inLanguage\":\"pt-PT\",\"@id\":\"https:\\\/\\\/secure.gravatar.com\\\/avatar\\\/c5a7ef84c66fa914f55bc4f7ce26cfa275a3b9a1c5568b907bd184fb4dde7b40?s=96&d=mm&r=g\",\"url\":\"https:\\\/\\\/secure.gravatar.com\\\/avatar\\\/c5a7ef84c66fa914f55bc4f7ce26cfa275a3b9a1c5568b907bd184fb4dde7b40?s=96&d=mm&r=g\",\"contentUrl\":\"https:\\\/\\\/secure.gravatar.com\\\/avatar\\\/c5a7ef84c66fa914f55bc4f7ce26cfa275a3b9a1c5568b907bd184fb4dde7b40?s=96&d=mm&r=g\",\"caption\":\"inclusivenews2024\"},\"sameAs\":[\"https:\\\/\\\/inclusivenews.com.br\"],\"url\":\"https:\\\/\\\/inclusivenews.com.br\\\/?author=1\"}]}<\/script>\n<!-- \/ Yoast SEO plugin. -->","yoast_head_json":{"title":"Flamenco Imagin\u00e1rio tem campanha de financiamento coletivo para uma sess\u00e3o com audiodescri\u00e7\u00e3o no dia 10 de setembro, em Porto Alegre\/RS -","robots":{"index":"index","follow":"follow","max-snippet":"max-snippet:-1","max-image-preview":"max-image-preview:large","max-video-preview":"max-video-preview:-1"},"canonical":"https:\/\/inclusivenews.com.br\/?p=30511","og_locale":"pt_PT","og_type":"article","og_title":"Flamenco Imagin\u00e1rio tem campanha de financiamento coletivo para uma sess\u00e3o com audiodescri\u00e7\u00e3o no dia 10 de setembro, em Porto Alegre\/RS -","og_description":"Iniciativa da Del Puerto e da OVNI Acessibilidade Universal, a\u00e7\u00e3o busca reunir fundos para, pela primeira vez, tornar acess\u00edvel aos usu\u00e1rios da AD um espet\u00e1culo de flamenco para crian\u00e7as. Dia 10\/09, em Porto Alegre.","og_url":"https:\/\/inclusivenews.com.br\/?p=30511","article_publisher":"https:\/\/www.facebook.com\/agenciainclusive\/","article_published_time":"2017-08-31T23:54:49+00:00","author":"inclusivenews2024","twitter_card":"summary_large_image","twitter_misc":{"Escrito por":"inclusivenews2024","Tempo estimado de leitura":"4 minutos"},"schema":{"@context":"https:\/\/schema.org","@graph":[{"@type":"Article","@id":"https:\/\/inclusivenews.com.br\/?p=30511#article","isPartOf":{"@id":"https:\/\/inclusivenews.com.br\/?p=30511"},"author":{"name":"inclusivenews2024","@id":"https:\/\/inclusivenews.com.br\/#\/schema\/person\/ae4ec7087559b8692fb33b6fffd2273b"},"headline":"Flamenco Imagin\u00e1rio tem campanha de financiamento coletivo para uma sess\u00e3o com audiodescri\u00e7\u00e3o no dia 10 de setembro, em Porto Alegre\/RS","datePublished":"2017-08-31T23:54:49+00:00","mainEntityOfPage":{"@id":"https:\/\/inclusivenews.com.br\/?p=30511"},"wordCount":766,"commentCount":0,"publisher":{"@id":"https:\/\/inclusivenews.com.br\/#organization"},"articleSection":["ACESSIBILIDADE","Cultura","Cursos e eventos","Defici\u00eancia","NOT\u00cdCIAS"],"inLanguage":"pt-PT","potentialAction":[{"@type":"CommentAction","name":"Comment","target":["https:\/\/inclusivenews.com.br\/?p=30511#respond"]}]},{"@type":"WebPage","@id":"https:\/\/inclusivenews.com.br\/?p=30511","url":"https:\/\/inclusivenews.com.br\/?p=30511","name":"Flamenco Imagin\u00e1rio tem campanha de financiamento coletivo para uma sess\u00e3o com audiodescri\u00e7\u00e3o no dia 10 de setembro, em Porto Alegre\/RS -","isPartOf":{"@id":"https:\/\/inclusivenews.com.br\/#website"},"datePublished":"2017-08-31T23:54:49+00:00","breadcrumb":{"@id":"https:\/\/inclusivenews.com.br\/?p=30511#breadcrumb"},"inLanguage":"pt-PT","potentialAction":[{"@type":"ReadAction","target":["https:\/\/inclusivenews.com.br\/?p=30511"]}]},{"@type":"BreadcrumbList","@id":"https:\/\/inclusivenews.com.br\/?p=30511#breadcrumb","itemListElement":[{"@type":"ListItem","position":1,"name":"In\u00edcio","item":"https:\/\/inclusivenews.com.br\/"},{"@type":"ListItem","position":2,"name":"Flamenco Imagin\u00e1rio tem campanha de financiamento coletivo para uma sess\u00e3o com audiodescri\u00e7\u00e3o no dia 10 de setembro, em Porto Alegre\/RS"}]},{"@type":"WebSite","@id":"https:\/\/inclusivenews.com.br\/#website","url":"https:\/\/inclusivenews.com.br\/","name":"Inclusive News","description":"Inclusive News","publisher":{"@id":"https:\/\/inclusivenews.com.br\/#organization"},"potentialAction":[{"@type":"SearchAction","target":{"@type":"EntryPoint","urlTemplate":"https:\/\/inclusivenews.com.br\/?s={search_term_string}"},"query-input":{"@type":"PropertyValueSpecification","valueRequired":true,"valueName":"search_term_string"}}],"inLanguage":"pt-PT"},{"@type":"Organization","@id":"https:\/\/inclusivenews.com.br\/#organization","name":"Inclusive - inclus\u00e3o e cidadania","url":"https:\/\/inclusivenews.com.br\/","logo":{"@type":"ImageObject","inLanguage":"pt-PT","@id":"https:\/\/inclusivenews.com.br\/#\/schema\/logo\/image\/","url":"https:\/\/inclusivenews.com.br\/wp-content\/uploads\/2024\/03\/@grandesite.png","contentUrl":"https:\/\/inclusivenews.com.br\/wp-content\/uploads\/2024\/03\/@grandesite.png","width":1080,"height":1080,"caption":"Inclusive - inclus\u00e3o e cidadania"},"image":{"@id":"https:\/\/inclusivenews.com.br\/#\/schema\/logo\/image\/"},"sameAs":["https:\/\/www.facebook.com\/agenciainclusive\/","https:\/\/www.instagram.com\/newsinclusive\/"]},{"@type":"Person","@id":"https:\/\/inclusivenews.com.br\/#\/schema\/person\/ae4ec7087559b8692fb33b6fffd2273b","name":"inclusivenews2024","image":{"@type":"ImageObject","inLanguage":"pt-PT","@id":"https:\/\/secure.gravatar.com\/avatar\/c5a7ef84c66fa914f55bc4f7ce26cfa275a3b9a1c5568b907bd184fb4dde7b40?s=96&d=mm&r=g","url":"https:\/\/secure.gravatar.com\/avatar\/c5a7ef84c66fa914f55bc4f7ce26cfa275a3b9a1c5568b907bd184fb4dde7b40?s=96&d=mm&r=g","contentUrl":"https:\/\/secure.gravatar.com\/avatar\/c5a7ef84c66fa914f55bc4f7ce26cfa275a3b9a1c5568b907bd184fb4dde7b40?s=96&d=mm&r=g","caption":"inclusivenews2024"},"sameAs":["https:\/\/inclusivenews.com.br"],"url":"https:\/\/inclusivenews.com.br\/?author=1"}]}},"_links":{"self":[{"href":"https:\/\/inclusivenews.com.br\/index.php?rest_route=\/wp\/v2\/posts\/30511","targetHints":{"allow":["GET"]}}],"collection":[{"href":"https:\/\/inclusivenews.com.br\/index.php?rest_route=\/wp\/v2\/posts"}],"about":[{"href":"https:\/\/inclusivenews.com.br\/index.php?rest_route=\/wp\/v2\/types\/post"}],"author":[{"embeddable":true,"href":"https:\/\/inclusivenews.com.br\/index.php?rest_route=\/wp\/v2\/users\/1"}],"replies":[{"embeddable":true,"href":"https:\/\/inclusivenews.com.br\/index.php?rest_route=%2Fwp%2Fv2%2Fcomments&post=30511"}],"version-history":[{"count":0,"href":"https:\/\/inclusivenews.com.br\/index.php?rest_route=\/wp\/v2\/posts\/30511\/revisions"}],"wp:attachment":[{"href":"https:\/\/inclusivenews.com.br\/index.php?rest_route=%2Fwp%2Fv2%2Fmedia&parent=30511"}],"wp:term":[{"taxonomy":"category","embeddable":true,"href":"https:\/\/inclusivenews.com.br\/index.php?rest_route=%2Fwp%2Fv2%2Fcategories&post=30511"},{"taxonomy":"post_tag","embeddable":true,"href":"https:\/\/inclusivenews.com.br\/index.php?rest_route=%2Fwp%2Fv2%2Ftags&post=30511"}],"curies":[{"name":"wp","href":"https:\/\/api.w.org\/{rel}","templated":true}]}}