{"id":30521,"date":"2017-09-02T04:40:16","date_gmt":"2017-09-02T07:40:16","guid":{"rendered":"http:\/\/www.inclusive.org.br\/?p=30521"},"modified":"2017-09-02T04:40:16","modified_gmt":"2017-09-02T07:40:16","slug":"nota-de-repudio-as-acoes-contra-os-direitos-das-pessoas-com-deficiencia","status":"publish","type":"post","link":"https:\/\/inclusivenews.com.br\/?p=30521","title":{"rendered":"Nota de rep\u00fadio \u00e0s a\u00e7\u00f5es contra os direitos das pessoas com defici\u00eancia"},"content":{"rendered":"<p><img loading=\"lazy\" decoding=\"async\" class=\"alignnone size-full wp-image-30522\" src=\"http:\/\/inclusivenews.com.br\/wp-content\/uploads\/Modelo-de-Abaixo-Assinado-250x181.jpg\" alt=\"ilustra\u00e7\u00e3o mostrando prancheta com folha  pautada e no topo escrito Abaixo assinado. Uma caneta em cima.\" width=\"250\" height=\"181\" \/><\/p>\n<p>A Inclusive apoia a nota de rep\u00fadio \u00e0s a\u00e7\u00f5es contra os direitos das pessoas com defici\u00eancia.<\/p>\n<h3>As entidades, associa\u00e7\u00f5es e coletivos nacionais abaixo relacionadas v\u00eam a p\u00fablico manifestar rep\u00fadio \u00e0s recentes a\u00e7\u00f5es do Governo Federal que amea\u00e7am os direitos humanos das pessoas com defici\u00eancia em todo o pa\u00eds. \u00c9 uma lista infind\u00e1vel de s\u00e9rios riscos, de amea\u00e7as concretas e passamos aqui a destacar aqueles mais graves.<\/h3>\n<p class=\"texto\">\nEm 6 de julho de 2015, foi sancionada a Lei Brasileira de Inclus\u00e3o (LBI), Lei 13.146, tamb\u00e9m conhecida como Estatuto da Pessoa com Defici\u00eancia. A LBI, com seus mais de 120 artigos e quase 300 novos dispositivos, avan\u00e7a no processo de implanta\u00e7\u00e3o da Conven\u00e7\u00e3o sobre os Direitos das Pessoas com Defici\u00eancia, aprovada pela ONU em 2006. Salienta-se que a Conven\u00e7\u00e3o tem status de emenda constitucional no Brasil desde 2009 e vem representar um novo cap\u00edtulo na prote\u00e7\u00e3o da dignidade humana das pessoas com defici\u00eancia na sociedade brasileira.<\/p>\n<p>A primeira a\u00e7\u00e3o do governo provis\u00f3rio de Michel Temer que trouxe s\u00e9rios impactos para os direitos humanos das pessoas com defici\u00eancia foi o estabelecimento do teto dos gastos p\u00fablicos por 20 anos, com a PEC 55 sancionada em dezembro de 2016. Isso significa que as pol\u00edticas sociais, instrumento primordial para concretizar direitos e equiparar oportunidades \u00e0s pessoas com defici\u00eancia, n\u00e3o ter\u00e3o mais condi\u00e7\u00f5es de manuten\u00e7\u00e3o e expans\u00e3o por duas d\u00e9cadas. Os avan\u00e7os legislativos dos \u00faltimos anos, portanto, n\u00e3o encontrar\u00e3o correspond\u00eancia em condi\u00e7\u00f5es concretas para se transformar em avan\u00e7os efetivos na vida da popula\u00e7\u00e3o.<\/p>\n<p>O segundo conjunto de viola\u00e7\u00f5es aos direitos humanos das pessoas com defici\u00eancia \u00e9 a reforma da Previd\u00eancia pela PEC 287\/2016 e a j\u00e1 aprovada reforma trabalhista, que traz altera\u00e7\u00e3o, revoga\u00e7\u00e3o e limita\u00e7\u00e3o de v\u00e1rios direitos dessa popula\u00e7\u00e3o. Dentre eles, a limita\u00e7\u00e3o da pens\u00e3o por morte a familiares com defici\u00eancia, a restri\u00e7\u00e3o e desfigura\u00e7\u00e3o da aposentadoria da pessoa com defici\u00eancia da Lei Complementar 142 de 2013, a terceiriza\u00e7\u00e3o como um efeito concreto para o n\u00e3o cumprimento das vagas das cotas para pessoas com defici\u00eancia nas empresas com mais de 100 trabalhadores, dentre v\u00e1rios outros retrocessos.<\/p>\n<p>Al\u00e9m disso, uma das principais novidades da LBI, que diz respeito \u00e0 forma de avaliar a defici\u00eancia para reconhecer direitos \u00e0 popula\u00e7\u00e3o, encontra-se amea\u00e7ada. Durante muito tempo, a caracteriza\u00e7\u00e3o da defici\u00eancia se deu apenas com base em crit\u00e9rios m\u00e9dicos, o que restringia o acesso da popula\u00e7\u00e3o \u00e0s pol\u00edticas p\u00fablicas pela vis\u00e3o estreita do que significava viver em um corpo com limita\u00e7\u00f5es. A LBI estabeleceu no art. 2\u00ba que a avalia\u00e7\u00e3o da defici\u00eancia precisa, a partir de 2018, ser multiprofissional, interdisciplinar e de forma biopsicossocial, de acordo com a Classifica\u00e7\u00e3o Internacional de Funcionalidade, Incapacidade e Sa\u00fade da OMS. No entanto, a regulamenta\u00e7\u00e3o desse dispositivo pode n\u00e3o ser concretizada.<\/p>\n<p>Em 27 de abril de 2016, foi publicado um Decreto Presidencial, criando o Comit\u00ea do Cadastro Nacional de Inclus\u00e3o das Pessoas com Defici\u00eancia e do Modelo de Avalia\u00e7\u00e3o Unificada da Defici\u00eancia. Este Comit\u00ea interministerial \u00e9 o respons\u00e1vel por regulamentar o art. 2\u00ba da LBI e tamb\u00e9m o art. 92 sobre o Cadastro-Inclus\u00e3o, antigos pleitos das pessoas com defici\u00eancia conquistados pela LBI. Desde novembro de 2016, o Comit\u00ea se re\u00fane mensalmente para elaborar as regulamenta\u00e7\u00f5es necess\u00e1rias destes dois dispositivos legais. No entanto, nos \u00faltimos dois meses, um conjunto de a\u00e7\u00f5es articuladas por alguns grupos de profissionais m\u00e9dicos vem pautando suas reivindica\u00e7\u00f5es corporativistas e sendo contr\u00e1rios \u00e0 regulamenta\u00e7\u00e3o da avali\u00e7\u00e3o multiprofissional da defici\u00eancia em cumprimento \u00e0 LBI e \u00e0 Conven\u00e7\u00e3o.<\/p>\n<p>Atualmente, reivindica\u00e7\u00f5es da categoria m\u00e9dica t\u00eam impedido os avan\u00e7os da constru\u00e7\u00e3o do modelo biopsicossocial da defici\u00eancia ao influenciar decis\u00f5es do Governo Federal. A Associa\u00e7\u00e3o Nacional de M\u00e9dicos Peritos (ANMP), em manifesta\u00e7\u00f5es p\u00fablicas em audi\u00eancias no Congresso Nacional em um blog, critica o trabalho do Comit\u00ea, classificando-o como \u201cideol\u00f3gico\u201d e \u201cesquerdista\u201d, o que n\u00e3o encontra correspond\u00eancia na realidade pelo simples fato de o modelo biopsicossocial ser resultado de uma constru\u00e7\u00e3o coletiva internacional de mais quatro d\u00e9cadas de debate entre especialistas e pessoas com defici\u00eancia. As reivindica\u00e7\u00f5es da categoria m\u00e9dica chegam ao absurdo de at\u00e9 mesmo pedir a exonera\u00e7\u00e3o de t\u00e9cnicos servidores p\u00fablicos federais respons\u00e1veis pelo trabalho do Comit\u00ea, como do assistente social e doutor Wederson Santos \u2013 uma a\u00e7\u00e3o truculenta, autorit\u00e1ria e inapropriada que desconsidera o car\u00e1ter t\u00e9cnico do trabalho e o compromisso dos especialistas nele envolvido, ao mesmo tempo em que ignora o protagonismo das pessoas com defici\u00eancia no acompanhamento das pol\u00edticas p\u00fablicas.<\/p>\n<p>A avalia\u00e7\u00e3o da defici\u00eancia n\u00e3o \u00e9 um ato m\u00e9dico. Pois, os elementos necess\u00e1rios para avalia\u00e7\u00e3o, conforme disciplina o art. 2\u00ba da Lei 13.146\/2015, n\u00e3o tem rela\u00e7\u00e3o com diagn\u00f3sticos m\u00e9dicos, e sim com as repercuss\u00f5es verific\u00e1veis em diversos dom\u00ednios da vida, caracteriza\u00e7\u00e3o de barreiras, levando em conta a caracteriza\u00e7\u00e3o da restri\u00e7\u00e3o de participa\u00e7\u00e3o social das pessoas com defici\u00eancia por meio de avalia\u00e7\u00f5es feitas por profissionais da \u00e1rea da sa\u00fade capazes de operacionalizar a CIF, conforme princ\u00edpios e conceitos da Conven\u00e7\u00e3o materializados na LBI.<\/p>\n<p>O mesmo blog de peritos m\u00e9dicos comemora, inclusive, reuni\u00f5es realizadas na Casa Civil em que supostamente acordos foram firmados pelo governo para por fim ao trabalho do Comit\u00ea de implantar o modelo biopsicossocial de avalia\u00e7\u00e3o da defici\u00eancia. A categoria da per\u00edcia m\u00e9dica, atualmente categoria profissional empoderada pelo atual governo, ainda ataca v\u00e1rios profissionais, como os antrop\u00f3logos, psicopedagogos e v\u00e1rios outros da \u00e1rea da sa\u00fade que lidam com a tem\u00e1tica da defici\u00eancia. A\u00e7\u00f5es como estas, sendo acatadas pela atual gest\u00e3o do governo federal \u2013 uma vez que exonera\u00e7\u00f5es solicitadas por eles j\u00e1 foram realizadas \u2013 criam um clima de revanchismo de corpora\u00e7\u00f5es profissionais que n\u00e3o \u00e9 salutar diante da complexa tarefa de mudar paradigmas sobre compreens\u00f5es da defici\u00eancia em di\u00e1logo com os princ\u00edpios da Conven\u00e7\u00e3o e da LBI.<\/p>\n<p>Como se n\u00e3o bastasse todos os absurdos autorit\u00e1rios da atual gest\u00e3o do governo federal, acatando reivindica\u00e7\u00f5es da categoria m\u00e9dica que n\u00e3o t\u00eam correspond\u00eancia com a prote\u00e7\u00e3o dos direitos humanos das pessoas com defici\u00eancia, o novo Decreto 9.122, de 7 de agosto que cria a estrutura do Minist\u00e9rio dos Direitos Humanos, onde encontram-se a Secretaria Nacional de Cidadania, antiga Secretaria de Direitos Humanos e a Secretaria Nacional dos Direitos da Pessoa com Defici\u00eancia, extinguiu a \u00e1rea de coordena\u00e7\u00e3o da pol\u00edtica de Sa\u00fade Mental. Essa coordena\u00e7\u00e3o-geral era important\u00edssima para transversalizar a tem\u00e1tica da sa\u00fade mental e direitos humanos em todo o governo federal para que as a\u00e7\u00f5es governamentais visassem o cuidado e a aten\u00e7\u00e3o das pessoas com doen\u00e7as e transtornos mentais na perspectiva da cidadania. O desrespeito com essa popula\u00e7\u00e3o \u00e9 evidente no atual governo.<\/p>\n<p>Todas as entidades ligadas \u00e0s pessoas com defici\u00eancia, os movimentos sociais e toda a sociedade precisam debater, acompanhar e se posicionar frente \u00e0s atuais a\u00e7\u00f5es do governo federal, sobretudo, da Secretaria Nacional dos Direitos da Pessoa com Defici\u00eancia do Minist\u00e9rio dos Direitos Humanos. A SNDPD precisa levar adiante os trabalhos de regulamenta\u00e7\u00e3o da LBI, n\u00e3o acatando pleitos corporativistas ou usando da for\u00e7a leg\u00edtima das nomea\u00e7\u00f5es e exonera\u00e7\u00f5es do governo para silenciar profissionais e especialistas que podem contribuir com a importante tarefa de fazer avan\u00e7ar o cumprimento do que prev\u00ea a Conven\u00e7\u00e3o. Al\u00e9m disso, os representantes do Comit\u00ea do Cadastro-Inclus\u00e3o e da Avalia\u00e7\u00e3o Unificada da Defici\u00eancia, bem como o Secret\u00e1rio Nacional dos Direitos da Pessoa com Defici\u00eancia e a Ministra de Direitos Humanos, precisam se manifestar p\u00fablica e urgentemente sobre todos estes ataques sofridos pelos direitos das pessoas com defici\u00eancia.<\/p>\n<p class=\"texto\">Abaixo assinado:<\/p>\n<p><a href=\"https:\/\/www.abaixoassinado.org\/abaixoassinados\/37249#inicio\">https:\/\/www.abaixoassinado.org\/abaixoassinados\/37249#inicio<\/a><\/p>\n","protected":false},"excerpt":{"rendered":"<p>A Inclusive apoia a nota de rep\u00fadio \u00e0s a\u00e7\u00f5es contra os direitos das pessoas com defici\u00eancia. As entidades, associa\u00e7\u00f5es e coletivos nacionais abaixo relacionadas v\u00eam a p\u00fablico manifestar rep\u00fadio \u00e0s recentes a\u00e7\u00f5es do Governo Federal que amea\u00e7am os direitos humanos das pessoas com defici\u00eancia em todo o pa\u00eds. \u00c9 uma lista infind\u00e1vel de s\u00e9rios riscos, [&hellip;]<\/p>\n","protected":false},"author":1,"featured_media":30522,"comment_status":"open","ping_status":"open","sticky":false,"template":"","format":"standard","meta":{"site-container-style":"default","site-container-layout":"default","site-sidebar-layout":"default","disable-article-header":"default","disable-site-header":"default","disable-site-footer":"default","disable-content-area-spacing":"default","footnotes":""},"categories":[3,38,48,49],"tags":[],"class_list":["post-30521","post","type-post","status-publish","format-standard","has-post-thumbnail","hentry","category-campanhas","category-deficiencia","category-inclusao","category-politicas-publicas"],"yoast_head":"<!-- This site is optimized with the Yoast SEO plugin v27.4 - https:\/\/yoast.com\/product\/yoast-seo-wordpress\/ -->\n<title>Nota de rep\u00fadio \u00e0s a\u00e7\u00f5es contra os direitos das pessoas com defici\u00eancia -<\/title>\n<meta name=\"robots\" content=\"index, follow, max-snippet:-1, max-image-preview:large, max-video-preview:-1\" \/>\n<link rel=\"canonical\" href=\"https:\/\/inclusivenews.com.br\/?p=30521\" \/>\n<meta property=\"og:locale\" content=\"pt_PT\" \/>\n<meta property=\"og:type\" content=\"article\" \/>\n<meta property=\"og:title\" content=\"Nota de rep\u00fadio \u00e0s a\u00e7\u00f5es contra os direitos das pessoas com defici\u00eancia -\" \/>\n<meta property=\"og:description\" content=\"A Inclusive apoia a nota de rep\u00fadio \u00e0s a\u00e7\u00f5es contra os direitos das pessoas com defici\u00eancia. As entidades, associa\u00e7\u00f5es e coletivos nacionais abaixo relacionadas v\u00eam a p\u00fablico manifestar rep\u00fadio \u00e0s recentes a\u00e7\u00f5es do Governo Federal que amea\u00e7am os direitos humanos das pessoas com defici\u00eancia em todo o pa\u00eds. \u00c9 uma lista infind\u00e1vel de s\u00e9rios riscos, [&hellip;]\" \/>\n<meta property=\"og:url\" content=\"https:\/\/inclusivenews.com.br\/?p=30521\" \/>\n<meta property=\"article:publisher\" content=\"https:\/\/www.facebook.com\/agenciainclusive\/\" \/>\n<meta property=\"article:published_time\" content=\"2017-09-02T07:40:16+00:00\" \/>\n<meta name=\"author\" content=\"inclusivenews2024\" \/>\n<meta name=\"twitter:card\" content=\"summary_large_image\" \/>\n<meta name=\"twitter:label1\" content=\"Escrito por\" \/>\n\t<meta name=\"twitter:data1\" content=\"inclusivenews2024\" \/>\n\t<meta name=\"twitter:label2\" content=\"Tempo estimado de leitura\" \/>\n\t<meta name=\"twitter:data2\" content=\"7 minutos\" \/>\n<script type=\"application\/ld+json\" class=\"yoast-schema-graph\">{\"@context\":\"https:\\\/\\\/schema.org\",\"@graph\":[{\"@type\":\"Article\",\"@id\":\"https:\\\/\\\/inclusivenews.com.br\\\/?p=30521#article\",\"isPartOf\":{\"@id\":\"https:\\\/\\\/inclusivenews.com.br\\\/?p=30521\"},\"author\":{\"name\":\"inclusivenews2024\",\"@id\":\"https:\\\/\\\/inclusivenews.com.br\\\/#\\\/schema\\\/person\\\/ae4ec7087559b8692fb33b6fffd2273b\"},\"headline\":\"Nota de rep\u00fadio \u00e0s a\u00e7\u00f5es contra os direitos das pessoas com defici\u00eancia\",\"datePublished\":\"2017-09-02T07:40:16+00:00\",\"mainEntityOfPage\":{\"@id\":\"https:\\\/\\\/inclusivenews.com.br\\\/?p=30521\"},\"wordCount\":1402,\"commentCount\":0,\"publisher\":{\"@id\":\"https:\\\/\\\/inclusivenews.com.br\\\/#organization\"},\"image\":{\"@id\":\"https:\\\/\\\/inclusivenews.com.br\\\/?p=30521#primaryimage\"},\"thumbnailUrl\":\"\",\"articleSection\":[\"CAMPANHAS\",\"Defici\u00eancia\",\"INCLUS\u00c3O SOCIAL\",\"Pol\u00edticas p\u00fablicas\"],\"inLanguage\":\"pt-PT\",\"potentialAction\":[{\"@type\":\"CommentAction\",\"name\":\"Comment\",\"target\":[\"https:\\\/\\\/inclusivenews.com.br\\\/?p=30521#respond\"]}]},{\"@type\":\"WebPage\",\"@id\":\"https:\\\/\\\/inclusivenews.com.br\\\/?p=30521\",\"url\":\"https:\\\/\\\/inclusivenews.com.br\\\/?p=30521\",\"name\":\"Nota de rep\u00fadio \u00e0s a\u00e7\u00f5es contra os direitos das pessoas com defici\u00eancia -\",\"isPartOf\":{\"@id\":\"https:\\\/\\\/inclusivenews.com.br\\\/#website\"},\"primaryImageOfPage\":{\"@id\":\"https:\\\/\\\/inclusivenews.com.br\\\/?p=30521#primaryimage\"},\"image\":{\"@id\":\"https:\\\/\\\/inclusivenews.com.br\\\/?p=30521#primaryimage\"},\"thumbnailUrl\":\"\",\"datePublished\":\"2017-09-02T07:40:16+00:00\",\"breadcrumb\":{\"@id\":\"https:\\\/\\\/inclusivenews.com.br\\\/?p=30521#breadcrumb\"},\"inLanguage\":\"pt-PT\",\"potentialAction\":[{\"@type\":\"ReadAction\",\"target\":[\"https:\\\/\\\/inclusivenews.com.br\\\/?p=30521\"]}]},{\"@type\":\"ImageObject\",\"inLanguage\":\"pt-PT\",\"@id\":\"https:\\\/\\\/inclusivenews.com.br\\\/?p=30521#primaryimage\",\"url\":\"\",\"contentUrl\":\"\"},{\"@type\":\"BreadcrumbList\",\"@id\":\"https:\\\/\\\/inclusivenews.com.br\\\/?p=30521#breadcrumb\",\"itemListElement\":[{\"@type\":\"ListItem\",\"position\":1,\"name\":\"In\u00edcio\",\"item\":\"https:\\\/\\\/inclusivenews.com.br\\\/\"},{\"@type\":\"ListItem\",\"position\":2,\"name\":\"Nota de rep\u00fadio \u00e0s a\u00e7\u00f5es contra os direitos das pessoas com defici\u00eancia\"}]},{\"@type\":\"WebSite\",\"@id\":\"https:\\\/\\\/inclusivenews.com.br\\\/#website\",\"url\":\"https:\\\/\\\/inclusivenews.com.br\\\/\",\"name\":\"Inclusive News\",\"description\":\"Inclusive News\",\"publisher\":{\"@id\":\"https:\\\/\\\/inclusivenews.com.br\\\/#organization\"},\"potentialAction\":[{\"@type\":\"SearchAction\",\"target\":{\"@type\":\"EntryPoint\",\"urlTemplate\":\"https:\\\/\\\/inclusivenews.com.br\\\/?s={search_term_string}\"},\"query-input\":{\"@type\":\"PropertyValueSpecification\",\"valueRequired\":true,\"valueName\":\"search_term_string\"}}],\"inLanguage\":\"pt-PT\"},{\"@type\":\"Organization\",\"@id\":\"https:\\\/\\\/inclusivenews.com.br\\\/#organization\",\"name\":\"Inclusive - inclus\u00e3o e cidadania\",\"url\":\"https:\\\/\\\/inclusivenews.com.br\\\/\",\"logo\":{\"@type\":\"ImageObject\",\"inLanguage\":\"pt-PT\",\"@id\":\"https:\\\/\\\/inclusivenews.com.br\\\/#\\\/schema\\\/logo\\\/image\\\/\",\"url\":\"https:\\\/\\\/inclusivenews.com.br\\\/wp-content\\\/uploads\\\/2024\\\/03\\\/@grandesite.png\",\"contentUrl\":\"https:\\\/\\\/inclusivenews.com.br\\\/wp-content\\\/uploads\\\/2024\\\/03\\\/@grandesite.png\",\"width\":1080,\"height\":1080,\"caption\":\"Inclusive - inclus\u00e3o e cidadania\"},\"image\":{\"@id\":\"https:\\\/\\\/inclusivenews.com.br\\\/#\\\/schema\\\/logo\\\/image\\\/\"},\"sameAs\":[\"https:\\\/\\\/www.facebook.com\\\/agenciainclusive\\\/\",\"https:\\\/\\\/www.instagram.com\\\/newsinclusive\\\/\"]},{\"@type\":\"Person\",\"@id\":\"https:\\\/\\\/inclusivenews.com.br\\\/#\\\/schema\\\/person\\\/ae4ec7087559b8692fb33b6fffd2273b\",\"name\":\"inclusivenews2024\",\"image\":{\"@type\":\"ImageObject\",\"inLanguage\":\"pt-PT\",\"@id\":\"https:\\\/\\\/secure.gravatar.com\\\/avatar\\\/c5a7ef84c66fa914f55bc4f7ce26cfa275a3b9a1c5568b907bd184fb4dde7b40?s=96&d=mm&r=g\",\"url\":\"https:\\\/\\\/secure.gravatar.com\\\/avatar\\\/c5a7ef84c66fa914f55bc4f7ce26cfa275a3b9a1c5568b907bd184fb4dde7b40?s=96&d=mm&r=g\",\"contentUrl\":\"https:\\\/\\\/secure.gravatar.com\\\/avatar\\\/c5a7ef84c66fa914f55bc4f7ce26cfa275a3b9a1c5568b907bd184fb4dde7b40?s=96&d=mm&r=g\",\"caption\":\"inclusivenews2024\"},\"sameAs\":[\"https:\\\/\\\/inclusivenews.com.br\"],\"url\":\"https:\\\/\\\/inclusivenews.com.br\\\/?author=1\"}]}<\/script>\n<!-- \/ Yoast SEO plugin. -->","yoast_head_json":{"title":"Nota de rep\u00fadio \u00e0s a\u00e7\u00f5es contra os direitos das pessoas com defici\u00eancia -","robots":{"index":"index","follow":"follow","max-snippet":"max-snippet:-1","max-image-preview":"max-image-preview:large","max-video-preview":"max-video-preview:-1"},"canonical":"https:\/\/inclusivenews.com.br\/?p=30521","og_locale":"pt_PT","og_type":"article","og_title":"Nota de rep\u00fadio \u00e0s a\u00e7\u00f5es contra os direitos das pessoas com defici\u00eancia -","og_description":"A Inclusive apoia a nota de rep\u00fadio \u00e0s a\u00e7\u00f5es contra os direitos das pessoas com defici\u00eancia. As entidades, associa\u00e7\u00f5es e coletivos nacionais abaixo relacionadas v\u00eam a p\u00fablico manifestar rep\u00fadio \u00e0s recentes a\u00e7\u00f5es do Governo Federal que amea\u00e7am os direitos humanos das pessoas com defici\u00eancia em todo o pa\u00eds. \u00c9 uma lista infind\u00e1vel de s\u00e9rios riscos, [&hellip;]","og_url":"https:\/\/inclusivenews.com.br\/?p=30521","article_publisher":"https:\/\/www.facebook.com\/agenciainclusive\/","article_published_time":"2017-09-02T07:40:16+00:00","author":"inclusivenews2024","twitter_card":"summary_large_image","twitter_misc":{"Escrito por":"inclusivenews2024","Tempo estimado de leitura":"7 minutos"},"schema":{"@context":"https:\/\/schema.org","@graph":[{"@type":"Article","@id":"https:\/\/inclusivenews.com.br\/?p=30521#article","isPartOf":{"@id":"https:\/\/inclusivenews.com.br\/?p=30521"},"author":{"name":"inclusivenews2024","@id":"https:\/\/inclusivenews.com.br\/#\/schema\/person\/ae4ec7087559b8692fb33b6fffd2273b"},"headline":"Nota de rep\u00fadio \u00e0s a\u00e7\u00f5es contra os direitos das pessoas com defici\u00eancia","datePublished":"2017-09-02T07:40:16+00:00","mainEntityOfPage":{"@id":"https:\/\/inclusivenews.com.br\/?p=30521"},"wordCount":1402,"commentCount":0,"publisher":{"@id":"https:\/\/inclusivenews.com.br\/#organization"},"image":{"@id":"https:\/\/inclusivenews.com.br\/?p=30521#primaryimage"},"thumbnailUrl":"","articleSection":["CAMPANHAS","Defici\u00eancia","INCLUS\u00c3O SOCIAL","Pol\u00edticas p\u00fablicas"],"inLanguage":"pt-PT","potentialAction":[{"@type":"CommentAction","name":"Comment","target":["https:\/\/inclusivenews.com.br\/?p=30521#respond"]}]},{"@type":"WebPage","@id":"https:\/\/inclusivenews.com.br\/?p=30521","url":"https:\/\/inclusivenews.com.br\/?p=30521","name":"Nota de rep\u00fadio \u00e0s a\u00e7\u00f5es contra os direitos das pessoas com defici\u00eancia -","isPartOf":{"@id":"https:\/\/inclusivenews.com.br\/#website"},"primaryImageOfPage":{"@id":"https:\/\/inclusivenews.com.br\/?p=30521#primaryimage"},"image":{"@id":"https:\/\/inclusivenews.com.br\/?p=30521#primaryimage"},"thumbnailUrl":"","datePublished":"2017-09-02T07:40:16+00:00","breadcrumb":{"@id":"https:\/\/inclusivenews.com.br\/?p=30521#breadcrumb"},"inLanguage":"pt-PT","potentialAction":[{"@type":"ReadAction","target":["https:\/\/inclusivenews.com.br\/?p=30521"]}]},{"@type":"ImageObject","inLanguage":"pt-PT","@id":"https:\/\/inclusivenews.com.br\/?p=30521#primaryimage","url":"","contentUrl":""},{"@type":"BreadcrumbList","@id":"https:\/\/inclusivenews.com.br\/?p=30521#breadcrumb","itemListElement":[{"@type":"ListItem","position":1,"name":"In\u00edcio","item":"https:\/\/inclusivenews.com.br\/"},{"@type":"ListItem","position":2,"name":"Nota de rep\u00fadio \u00e0s a\u00e7\u00f5es contra os direitos das pessoas com defici\u00eancia"}]},{"@type":"WebSite","@id":"https:\/\/inclusivenews.com.br\/#website","url":"https:\/\/inclusivenews.com.br\/","name":"Inclusive News","description":"Inclusive News","publisher":{"@id":"https:\/\/inclusivenews.com.br\/#organization"},"potentialAction":[{"@type":"SearchAction","target":{"@type":"EntryPoint","urlTemplate":"https:\/\/inclusivenews.com.br\/?s={search_term_string}"},"query-input":{"@type":"PropertyValueSpecification","valueRequired":true,"valueName":"search_term_string"}}],"inLanguage":"pt-PT"},{"@type":"Organization","@id":"https:\/\/inclusivenews.com.br\/#organization","name":"Inclusive - inclus\u00e3o e cidadania","url":"https:\/\/inclusivenews.com.br\/","logo":{"@type":"ImageObject","inLanguage":"pt-PT","@id":"https:\/\/inclusivenews.com.br\/#\/schema\/logo\/image\/","url":"https:\/\/inclusivenews.com.br\/wp-content\/uploads\/2024\/03\/@grandesite.png","contentUrl":"https:\/\/inclusivenews.com.br\/wp-content\/uploads\/2024\/03\/@grandesite.png","width":1080,"height":1080,"caption":"Inclusive - inclus\u00e3o e cidadania"},"image":{"@id":"https:\/\/inclusivenews.com.br\/#\/schema\/logo\/image\/"},"sameAs":["https:\/\/www.facebook.com\/agenciainclusive\/","https:\/\/www.instagram.com\/newsinclusive\/"]},{"@type":"Person","@id":"https:\/\/inclusivenews.com.br\/#\/schema\/person\/ae4ec7087559b8692fb33b6fffd2273b","name":"inclusivenews2024","image":{"@type":"ImageObject","inLanguage":"pt-PT","@id":"https:\/\/secure.gravatar.com\/avatar\/c5a7ef84c66fa914f55bc4f7ce26cfa275a3b9a1c5568b907bd184fb4dde7b40?s=96&d=mm&r=g","url":"https:\/\/secure.gravatar.com\/avatar\/c5a7ef84c66fa914f55bc4f7ce26cfa275a3b9a1c5568b907bd184fb4dde7b40?s=96&d=mm&r=g","contentUrl":"https:\/\/secure.gravatar.com\/avatar\/c5a7ef84c66fa914f55bc4f7ce26cfa275a3b9a1c5568b907bd184fb4dde7b40?s=96&d=mm&r=g","caption":"inclusivenews2024"},"sameAs":["https:\/\/inclusivenews.com.br"],"url":"https:\/\/inclusivenews.com.br\/?author=1"}]}},"_links":{"self":[{"href":"https:\/\/inclusivenews.com.br\/index.php?rest_route=\/wp\/v2\/posts\/30521","targetHints":{"allow":["GET"]}}],"collection":[{"href":"https:\/\/inclusivenews.com.br\/index.php?rest_route=\/wp\/v2\/posts"}],"about":[{"href":"https:\/\/inclusivenews.com.br\/index.php?rest_route=\/wp\/v2\/types\/post"}],"author":[{"embeddable":true,"href":"https:\/\/inclusivenews.com.br\/index.php?rest_route=\/wp\/v2\/users\/1"}],"replies":[{"embeddable":true,"href":"https:\/\/inclusivenews.com.br\/index.php?rest_route=%2Fwp%2Fv2%2Fcomments&post=30521"}],"version-history":[{"count":0,"href":"https:\/\/inclusivenews.com.br\/index.php?rest_route=\/wp\/v2\/posts\/30521\/revisions"}],"wp:featuredmedia":[{"embeddable":true,"href":"https:\/\/inclusivenews.com.br\/index.php?rest_route=\/"}],"wp:attachment":[{"href":"https:\/\/inclusivenews.com.br\/index.php?rest_route=%2Fwp%2Fv2%2Fmedia&parent=30521"}],"wp:term":[{"taxonomy":"category","embeddable":true,"href":"https:\/\/inclusivenews.com.br\/index.php?rest_route=%2Fwp%2Fv2%2Fcategories&post=30521"},{"taxonomy":"post_tag","embeddable":true,"href":"https:\/\/inclusivenews.com.br\/index.php?rest_route=%2Fwp%2Fv2%2Ftags&post=30521"}],"curies":[{"name":"wp","href":"https:\/\/api.w.org\/{rel}","templated":true}]}}