{"id":30524,"date":"2017-09-05T09:43:06","date_gmt":"2017-09-05T12:43:06","guid":{"rendered":"http:\/\/www.inclusive.org.br\/?p=30524"},"modified":"2017-09-05T09:43:06","modified_gmt":"2017-09-05T12:43:06","slug":"evento-pelo-dia-nacional-de-luta-da-pessoa-com-deficiencia-199-oabrj","status":"publish","type":"post","link":"https:\/\/inclusivenews.com.br\/?p=30524","title":{"rendered":"Evento pelo Dia Nacional de Luta da Pessoa com Defici\u00eancia &#8211; 19\/9, OAB\/RJ"},"content":{"rendered":"<p><img loading=\"lazy\" decoding=\"async\" class=\"alignnone\" src=\"http:\/\/prioridadeabsoluta.org.br\/wp-content\/uploads\/2014\/10\/oab-rj-logo.jpg\" alt=\"logo da oab rj, em letras vermelhas oab e azuis, rj.\" width=\"232\" height=\"225\" \/><\/p>\n<p>Temas:<\/p>\n<p>&#8211; a inclus\u00e3o nas escolas particulares depois da Lei Brasileira de Inclus\u00e3o e da a\u00e7\u00e3o da CONFENEN no Supremo (STF)<br \/>\n&#8211; os impactos da reforma trabalhista nos direitos das pessoas com defici\u00eancia.<\/p>\n<p>Voc\u00ea est\u00e1 tendo problemas na inclus\u00e3o escolar ou com trabalho? Traga suas d\u00favidas e suas considera\u00e7\u00f5es. Sua participa\u00e7\u00e3o \u00e9 super importante!<\/p>\n<p>Dia: 19\/09\/17\u00a0 09:00 \u00e0s 13:00<\/p>\n<p>9:00 \u2013 Abertura<\/p>\n<p>9:30 \u2013 Os Impactos da Reforma Trabalhista nos Direitos da Pessoa com Defici\u00eancia<\/p>\n<p>10:45 \u2013 Os Impactos da LBI nas Institui\u00e7\u00f5es Privadas de Ensino<\/p>\n<p>OAB\/RJ: Av. Marechal\u00a0 C\u00e2mara,\u00a0 150, 9\u00ba andar \u2013 Sal\u00e3o Nobre<br \/>\nCentro\/Rio de Janeiro<\/p>\n<p>CONVITE<\/p>\n<p>O Presidente\u00a0 da\u00a0 Comiss\u00e3o\u00a0 de\u00a0 Defesa\u00a0 dos\u00a0 Direitos\u00a0 da Pessoa\u00a0 com\u00a0 Defici\u00eancia da OAB\/RJ\u00a0 convida\u00a0 \u00a0V.S.\u00aa\u00a0 \u00a0para\u00a0 o evento em comemora\u00e7\u00e3o ao Dia Nacional de Luta da Pessoa com Defici\u00eancia, a\u00a0 realizar-se no dia 19 de setembro de 2017,\u00a0 das 09:00 \u00e0s 13:00,\u00a0 na\u00a0 Avenida Marechal\u00a0 C\u00e2mara,\u00a0 150, 9\u00ba andar \u2013 Audit\u00f3rio Modesto da Silveira \u2013 Sal\u00e3o Nobre.<\/p>\n<p>*9:00 \u2013 Mesa de Abertura<br \/>\n*<br \/>\n*Lu\u00eds Claudio Freitas* \u2013 Presidente da CDPD\/OAB\/RJ<br \/>\n*Geraldo Nogueira* \u2013 Subsecret\u00e1rio Municipal da Pessoa com Defici\u00eancia do Rio de Janeiro<br \/>\n*L\u00facia Zacheu* \u2013 Presidente do Conselho Estadual para Pol\u00edtica de Integra\u00e7\u00e3o da Pessoa com Defici\u00eancia do Rio de Janeiro \u2013 CEPDE\/RJ<br \/>\n*Ana Claudia Monteiro* \u2013 Presidente do Conselho Municipal de Defesa dos Direitos da Pessoa com Defici\u00eancia do Rio de Janeiro \u2013 Comdef\/Rio<br \/>\n*Cinthya Pereira Freitas* \u2013 Representante do Conselho Municipal da Pessoa com Defici\u00eancia de Niter\u00f3i \u2013 Compede e Presidente da Associa\u00e7\u00e3o dos Deficientes Visuais do Estado do Rio de Janeiro \u2013 ADVERJ\u00a0 \u00a0 \u00a0 \u00a0 \u00a0 \u00a0 \u00a0 \u00a0 \u00a0 \u00a0 \u00a0 \u00a0 \u00a0 \u00a0 \u00a0 \u00a0 \u00a0 \u00a0 \u00a0 \u00a0 \u00a0 \u00a0 \u00a0 \u00a0 \u00a0 \u00a0 \u00a0 \u00a0 \u00a0 \u00a0 \u00a0 \u00a0 \u00a0 \u00a0 \u00a0 \u00a0 \u00a0 \u00a0 \u00a0*09:30 \u2013Os Impactos da Reforma Trabalhista nos Direitos da Pessoa com Defici\u00eancia*<\/p>\n<p>Lu\u00eds Claudio Freitas &#8211; Presidente da CDPD\/OAB\/RJ, Especialista em Direito P\u00fablico e Advogado P\u00fablico Federal<\/p>\n<p>M\u00e1rcio Castro de Aguiar<br \/>\nSecret\u00e1rio de Forma\u00e7\u00e3o e Qualifica\u00e7\u00e3o Profissional e Trabalho da Organiza\u00e7\u00e3o Nacional de Cegos do Brasil (ONCB) e Especialista em Administra\u00e7\u00e3o P\u00fablica<\/p>\n<p>*10:45 \u2013 Os Impactos da LBI nas Institui\u00e7\u00f5es Privadas de Ensino*<\/p>\n<p>Sandra Kiefer &#8211; Membro da CDPD\/OAB\/RJ, Mestre e Doutoranda pela Universidade Est\u00e1cio de S\u00e1 (Unesa), Professora da Universidade C\u00e2ndido Mendes (UCAM-Rio) e da P\u00f3s Gradua\u00e7\u00e3o em Direitos Humanos da Universidade Federal do Esp\u00edrito Santo<\/p>\n<p>Manoel Messias Peixinho &#8211; Professor da PUC-Rio e do Programa de Mestrado da UCAM-Rio<\/p>\n<p>Carlos Alberto Lima de Almeida \u2013 Professor do Programa de Mestrado e Doutorado em Direito da Universidade Est\u00e1cio de S\u00e1 (Unesa) e Coordenador do N\u00facleo de Extens\u00e3o e Pesquisa de Acessibilidade e Inclus\u00e3o (Nepai\/Unesa)<\/p>\n","protected":false},"excerpt":{"rendered":"<p>Temas: &#8211; a inclus\u00e3o nas escolas particulares depois da Lei Brasileira de Inclus\u00e3o e da a\u00e7\u00e3o da CONFENEN no Supremo (STF) &#8211; os impactos da reforma trabalhista nos direitos das pessoas com defici\u00eancia. Voc\u00ea est\u00e1 tendo problemas na inclus\u00e3o escolar ou com trabalho? Traga suas d\u00favidas e suas considera\u00e7\u00f5es. Sua participa\u00e7\u00e3o \u00e9 super importante! Dia: [&hellip;]<\/p>\n","protected":false},"author":1,"featured_media":0,"comment_status":"open","ping_status":"open","sticky":false,"template":"","format":"standard","meta":{"site-container-style":"default","site-container-layout":"default","site-sidebar-layout":"default","disable-article-header":"default","disable-site-header":"default","disable-site-footer":"default","disable-content-area-spacing":"default","footnotes":""},"categories":[12,38,26,4],"tags":[],"class_list":["post-30524","post","type-post","status-publish","format-standard","hentry","category-cursos-e-eventos","category-deficiencia","category-legislacao","category-noticias"],"yoast_head":"<!-- This site is optimized with the Yoast SEO plugin v27.4 - https:\/\/yoast.com\/product\/yoast-seo-wordpress\/ -->\n<title>Evento pelo Dia Nacional de Luta da Pessoa com Defici\u00eancia - 19\/9, OAB\/RJ -<\/title>\n<meta name=\"robots\" content=\"index, follow, max-snippet:-1, max-image-preview:large, max-video-preview:-1\" \/>\n<link rel=\"canonical\" href=\"https:\/\/inclusivenews.com.br\/?p=30524\" \/>\n<meta property=\"og:locale\" content=\"pt_PT\" \/>\n<meta property=\"og:type\" content=\"article\" \/>\n<meta property=\"og:title\" content=\"Evento pelo Dia Nacional de Luta da Pessoa com Defici\u00eancia - 19\/9, OAB\/RJ -\" \/>\n<meta property=\"og:description\" content=\"Temas: &#8211; a inclus\u00e3o nas escolas particulares depois da Lei Brasileira de Inclus\u00e3o e da a\u00e7\u00e3o da CONFENEN no Supremo (STF) &#8211; os impactos da reforma trabalhista nos direitos das pessoas com defici\u00eancia. Voc\u00ea est\u00e1 tendo problemas na inclus\u00e3o escolar ou com trabalho? Traga suas d\u00favidas e suas considera\u00e7\u00f5es. Sua participa\u00e7\u00e3o \u00e9 super importante! Dia: [&hellip;]\" \/>\n<meta property=\"og:url\" content=\"https:\/\/inclusivenews.com.br\/?p=30524\" \/>\n<meta property=\"article:publisher\" content=\"https:\/\/www.facebook.com\/agenciainclusive\/\" \/>\n<meta property=\"article:published_time\" content=\"2017-09-05T12:43:06+00:00\" \/>\n<meta property=\"og:image\" content=\"http:\/\/prioridadeabsoluta.org.br\/wp-content\/uploads\/2014\/10\/oab-rj-logo.jpg\" \/>\n<meta name=\"author\" content=\"inclusivenews2024\" \/>\n<meta name=\"twitter:card\" content=\"summary_large_image\" \/>\n<meta name=\"twitter:label1\" content=\"Escrito por\" \/>\n\t<meta name=\"twitter:data1\" content=\"inclusivenews2024\" \/>\n\t<meta name=\"twitter:label2\" content=\"Tempo estimado de leitura\" \/>\n\t<meta name=\"twitter:data2\" content=\"2 minutos\" \/>\n<script type=\"application\/ld+json\" class=\"yoast-schema-graph\">{\"@context\":\"https:\\\/\\\/schema.org\",\"@graph\":[{\"@type\":\"Article\",\"@id\":\"https:\\\/\\\/inclusivenews.com.br\\\/?p=30524#article\",\"isPartOf\":{\"@id\":\"https:\\\/\\\/inclusivenews.com.br\\\/?p=30524\"},\"author\":{\"name\":\"inclusivenews2024\",\"@id\":\"https:\\\/\\\/inclusivenews.com.br\\\/#\\\/schema\\\/person\\\/ae4ec7087559b8692fb33b6fffd2273b\"},\"headline\":\"Evento pelo Dia Nacional de Luta da Pessoa com Defici\u00eancia &#8211; 19\\\/9, OAB\\\/RJ\",\"datePublished\":\"2017-09-05T12:43:06+00:00\",\"mainEntityOfPage\":{\"@id\":\"https:\\\/\\\/inclusivenews.com.br\\\/?p=30524\"},\"wordCount\":444,\"commentCount\":1,\"publisher\":{\"@id\":\"https:\\\/\\\/inclusivenews.com.br\\\/#organization\"},\"image\":{\"@id\":\"https:\\\/\\\/inclusivenews.com.br\\\/?p=30524#primaryimage\"},\"thumbnailUrl\":\"http:\\\/\\\/prioridadeabsoluta.org.br\\\/wp-content\\\/uploads\\\/2014\\\/10\\\/oab-rj-logo.jpg\",\"articleSection\":[\"Cursos e eventos\",\"Defici\u00eancia\",\"Legisla\u00e7\u00e3o ...\",\"NOT\u00cdCIAS\"],\"inLanguage\":\"pt-PT\",\"potentialAction\":[{\"@type\":\"CommentAction\",\"name\":\"Comment\",\"target\":[\"https:\\\/\\\/inclusivenews.com.br\\\/?p=30524#respond\"]}]},{\"@type\":\"WebPage\",\"@id\":\"https:\\\/\\\/inclusivenews.com.br\\\/?p=30524\",\"url\":\"https:\\\/\\\/inclusivenews.com.br\\\/?p=30524\",\"name\":\"Evento pelo Dia Nacional de Luta da Pessoa com Defici\u00eancia - 19\\\/9, OAB\\\/RJ -\",\"isPartOf\":{\"@id\":\"https:\\\/\\\/inclusivenews.com.br\\\/#website\"},\"primaryImageOfPage\":{\"@id\":\"https:\\\/\\\/inclusivenews.com.br\\\/?p=30524#primaryimage\"},\"image\":{\"@id\":\"https:\\\/\\\/inclusivenews.com.br\\\/?p=30524#primaryimage\"},\"thumbnailUrl\":\"http:\\\/\\\/prioridadeabsoluta.org.br\\\/wp-content\\\/uploads\\\/2014\\\/10\\\/oab-rj-logo.jpg\",\"datePublished\":\"2017-09-05T12:43:06+00:00\",\"breadcrumb\":{\"@id\":\"https:\\\/\\\/inclusivenews.com.br\\\/?p=30524#breadcrumb\"},\"inLanguage\":\"pt-PT\",\"potentialAction\":[{\"@type\":\"ReadAction\",\"target\":[\"https:\\\/\\\/inclusivenews.com.br\\\/?p=30524\"]}]},{\"@type\":\"ImageObject\",\"inLanguage\":\"pt-PT\",\"@id\":\"https:\\\/\\\/inclusivenews.com.br\\\/?p=30524#primaryimage\",\"url\":\"http:\\\/\\\/prioridadeabsoluta.org.br\\\/wp-content\\\/uploads\\\/2014\\\/10\\\/oab-rj-logo.jpg\",\"contentUrl\":\"http:\\\/\\\/prioridadeabsoluta.org.br\\\/wp-content\\\/uploads\\\/2014\\\/10\\\/oab-rj-logo.jpg\"},{\"@type\":\"BreadcrumbList\",\"@id\":\"https:\\\/\\\/inclusivenews.com.br\\\/?p=30524#breadcrumb\",\"itemListElement\":[{\"@type\":\"ListItem\",\"position\":1,\"name\":\"In\u00edcio\",\"item\":\"https:\\\/\\\/inclusivenews.com.br\\\/\"},{\"@type\":\"ListItem\",\"position\":2,\"name\":\"Evento pelo Dia Nacional de Luta da Pessoa com Defici\u00eancia &#8211; 19\\\/9, OAB\\\/RJ\"}]},{\"@type\":\"WebSite\",\"@id\":\"https:\\\/\\\/inclusivenews.com.br\\\/#website\",\"url\":\"https:\\\/\\\/inclusivenews.com.br\\\/\",\"name\":\"Inclusive News\",\"description\":\"Inclusive News\",\"publisher\":{\"@id\":\"https:\\\/\\\/inclusivenews.com.br\\\/#organization\"},\"potentialAction\":[{\"@type\":\"SearchAction\",\"target\":{\"@type\":\"EntryPoint\",\"urlTemplate\":\"https:\\\/\\\/inclusivenews.com.br\\\/?s={search_term_string}\"},\"query-input\":{\"@type\":\"PropertyValueSpecification\",\"valueRequired\":true,\"valueName\":\"search_term_string\"}}],\"inLanguage\":\"pt-PT\"},{\"@type\":\"Organization\",\"@id\":\"https:\\\/\\\/inclusivenews.com.br\\\/#organization\",\"name\":\"Inclusive - inclus\u00e3o e cidadania\",\"url\":\"https:\\\/\\\/inclusivenews.com.br\\\/\",\"logo\":{\"@type\":\"ImageObject\",\"inLanguage\":\"pt-PT\",\"@id\":\"https:\\\/\\\/inclusivenews.com.br\\\/#\\\/schema\\\/logo\\\/image\\\/\",\"url\":\"https:\\\/\\\/inclusivenews.com.br\\\/wp-content\\\/uploads\\\/2024\\\/03\\\/@grandesite.png\",\"contentUrl\":\"https:\\\/\\\/inclusivenews.com.br\\\/wp-content\\\/uploads\\\/2024\\\/03\\\/@grandesite.png\",\"width\":1080,\"height\":1080,\"caption\":\"Inclusive - inclus\u00e3o e cidadania\"},\"image\":{\"@id\":\"https:\\\/\\\/inclusivenews.com.br\\\/#\\\/schema\\\/logo\\\/image\\\/\"},\"sameAs\":[\"https:\\\/\\\/www.facebook.com\\\/agenciainclusive\\\/\",\"https:\\\/\\\/www.instagram.com\\\/newsinclusive\\\/\"]},{\"@type\":\"Person\",\"@id\":\"https:\\\/\\\/inclusivenews.com.br\\\/#\\\/schema\\\/person\\\/ae4ec7087559b8692fb33b6fffd2273b\",\"name\":\"inclusivenews2024\",\"image\":{\"@type\":\"ImageObject\",\"inLanguage\":\"pt-PT\",\"@id\":\"https:\\\/\\\/secure.gravatar.com\\\/avatar\\\/c5a7ef84c66fa914f55bc4f7ce26cfa275a3b9a1c5568b907bd184fb4dde7b40?s=96&d=mm&r=g\",\"url\":\"https:\\\/\\\/secure.gravatar.com\\\/avatar\\\/c5a7ef84c66fa914f55bc4f7ce26cfa275a3b9a1c5568b907bd184fb4dde7b40?s=96&d=mm&r=g\",\"contentUrl\":\"https:\\\/\\\/secure.gravatar.com\\\/avatar\\\/c5a7ef84c66fa914f55bc4f7ce26cfa275a3b9a1c5568b907bd184fb4dde7b40?s=96&d=mm&r=g\",\"caption\":\"inclusivenews2024\"},\"sameAs\":[\"https:\\\/\\\/inclusivenews.com.br\"],\"url\":\"https:\\\/\\\/inclusivenews.com.br\\\/?author=1\"}]}<\/script>\n<!-- \/ Yoast SEO plugin. -->","yoast_head_json":{"title":"Evento pelo Dia Nacional de Luta da Pessoa com Defici\u00eancia - 19\/9, OAB\/RJ -","robots":{"index":"index","follow":"follow","max-snippet":"max-snippet:-1","max-image-preview":"max-image-preview:large","max-video-preview":"max-video-preview:-1"},"canonical":"https:\/\/inclusivenews.com.br\/?p=30524","og_locale":"pt_PT","og_type":"article","og_title":"Evento pelo Dia Nacional de Luta da Pessoa com Defici\u00eancia - 19\/9, OAB\/RJ -","og_description":"Temas: &#8211; a inclus\u00e3o nas escolas particulares depois da Lei Brasileira de Inclus\u00e3o e da a\u00e7\u00e3o da CONFENEN no Supremo (STF) &#8211; os impactos da reforma trabalhista nos direitos das pessoas com defici\u00eancia. Voc\u00ea est\u00e1 tendo problemas na inclus\u00e3o escolar ou com trabalho? Traga suas d\u00favidas e suas considera\u00e7\u00f5es. Sua participa\u00e7\u00e3o \u00e9 super importante! Dia: [&hellip;]","og_url":"https:\/\/inclusivenews.com.br\/?p=30524","article_publisher":"https:\/\/www.facebook.com\/agenciainclusive\/","article_published_time":"2017-09-05T12:43:06+00:00","og_image":[{"url":"http:\/\/prioridadeabsoluta.org.br\/wp-content\/uploads\/2014\/10\/oab-rj-logo.jpg","type":"","width":"","height":""}],"author":"inclusivenews2024","twitter_card":"summary_large_image","twitter_misc":{"Escrito por":"inclusivenews2024","Tempo estimado de leitura":"2 minutos"},"schema":{"@context":"https:\/\/schema.org","@graph":[{"@type":"Article","@id":"https:\/\/inclusivenews.com.br\/?p=30524#article","isPartOf":{"@id":"https:\/\/inclusivenews.com.br\/?p=30524"},"author":{"name":"inclusivenews2024","@id":"https:\/\/inclusivenews.com.br\/#\/schema\/person\/ae4ec7087559b8692fb33b6fffd2273b"},"headline":"Evento pelo Dia Nacional de Luta da Pessoa com Defici\u00eancia &#8211; 19\/9, OAB\/RJ","datePublished":"2017-09-05T12:43:06+00:00","mainEntityOfPage":{"@id":"https:\/\/inclusivenews.com.br\/?p=30524"},"wordCount":444,"commentCount":1,"publisher":{"@id":"https:\/\/inclusivenews.com.br\/#organization"},"image":{"@id":"https:\/\/inclusivenews.com.br\/?p=30524#primaryimage"},"thumbnailUrl":"http:\/\/prioridadeabsoluta.org.br\/wp-content\/uploads\/2014\/10\/oab-rj-logo.jpg","articleSection":["Cursos e eventos","Defici\u00eancia","Legisla\u00e7\u00e3o ...","NOT\u00cdCIAS"],"inLanguage":"pt-PT","potentialAction":[{"@type":"CommentAction","name":"Comment","target":["https:\/\/inclusivenews.com.br\/?p=30524#respond"]}]},{"@type":"WebPage","@id":"https:\/\/inclusivenews.com.br\/?p=30524","url":"https:\/\/inclusivenews.com.br\/?p=30524","name":"Evento pelo Dia Nacional de Luta da Pessoa com Defici\u00eancia - 19\/9, OAB\/RJ -","isPartOf":{"@id":"https:\/\/inclusivenews.com.br\/#website"},"primaryImageOfPage":{"@id":"https:\/\/inclusivenews.com.br\/?p=30524#primaryimage"},"image":{"@id":"https:\/\/inclusivenews.com.br\/?p=30524#primaryimage"},"thumbnailUrl":"http:\/\/prioridadeabsoluta.org.br\/wp-content\/uploads\/2014\/10\/oab-rj-logo.jpg","datePublished":"2017-09-05T12:43:06+00:00","breadcrumb":{"@id":"https:\/\/inclusivenews.com.br\/?p=30524#breadcrumb"},"inLanguage":"pt-PT","potentialAction":[{"@type":"ReadAction","target":["https:\/\/inclusivenews.com.br\/?p=30524"]}]},{"@type":"ImageObject","inLanguage":"pt-PT","@id":"https:\/\/inclusivenews.com.br\/?p=30524#primaryimage","url":"http:\/\/prioridadeabsoluta.org.br\/wp-content\/uploads\/2014\/10\/oab-rj-logo.jpg","contentUrl":"http:\/\/prioridadeabsoluta.org.br\/wp-content\/uploads\/2014\/10\/oab-rj-logo.jpg"},{"@type":"BreadcrumbList","@id":"https:\/\/inclusivenews.com.br\/?p=30524#breadcrumb","itemListElement":[{"@type":"ListItem","position":1,"name":"In\u00edcio","item":"https:\/\/inclusivenews.com.br\/"},{"@type":"ListItem","position":2,"name":"Evento pelo Dia Nacional de Luta da Pessoa com Defici\u00eancia &#8211; 19\/9, OAB\/RJ"}]},{"@type":"WebSite","@id":"https:\/\/inclusivenews.com.br\/#website","url":"https:\/\/inclusivenews.com.br\/","name":"Inclusive News","description":"Inclusive News","publisher":{"@id":"https:\/\/inclusivenews.com.br\/#organization"},"potentialAction":[{"@type":"SearchAction","target":{"@type":"EntryPoint","urlTemplate":"https:\/\/inclusivenews.com.br\/?s={search_term_string}"},"query-input":{"@type":"PropertyValueSpecification","valueRequired":true,"valueName":"search_term_string"}}],"inLanguage":"pt-PT"},{"@type":"Organization","@id":"https:\/\/inclusivenews.com.br\/#organization","name":"Inclusive - inclus\u00e3o e cidadania","url":"https:\/\/inclusivenews.com.br\/","logo":{"@type":"ImageObject","inLanguage":"pt-PT","@id":"https:\/\/inclusivenews.com.br\/#\/schema\/logo\/image\/","url":"https:\/\/inclusivenews.com.br\/wp-content\/uploads\/2024\/03\/@grandesite.png","contentUrl":"https:\/\/inclusivenews.com.br\/wp-content\/uploads\/2024\/03\/@grandesite.png","width":1080,"height":1080,"caption":"Inclusive - inclus\u00e3o e cidadania"},"image":{"@id":"https:\/\/inclusivenews.com.br\/#\/schema\/logo\/image\/"},"sameAs":["https:\/\/www.facebook.com\/agenciainclusive\/","https:\/\/www.instagram.com\/newsinclusive\/"]},{"@type":"Person","@id":"https:\/\/inclusivenews.com.br\/#\/schema\/person\/ae4ec7087559b8692fb33b6fffd2273b","name":"inclusivenews2024","image":{"@type":"ImageObject","inLanguage":"pt-PT","@id":"https:\/\/secure.gravatar.com\/avatar\/c5a7ef84c66fa914f55bc4f7ce26cfa275a3b9a1c5568b907bd184fb4dde7b40?s=96&d=mm&r=g","url":"https:\/\/secure.gravatar.com\/avatar\/c5a7ef84c66fa914f55bc4f7ce26cfa275a3b9a1c5568b907bd184fb4dde7b40?s=96&d=mm&r=g","contentUrl":"https:\/\/secure.gravatar.com\/avatar\/c5a7ef84c66fa914f55bc4f7ce26cfa275a3b9a1c5568b907bd184fb4dde7b40?s=96&d=mm&r=g","caption":"inclusivenews2024"},"sameAs":["https:\/\/inclusivenews.com.br"],"url":"https:\/\/inclusivenews.com.br\/?author=1"}]}},"_links":{"self":[{"href":"https:\/\/inclusivenews.com.br\/index.php?rest_route=\/wp\/v2\/posts\/30524","targetHints":{"allow":["GET"]}}],"collection":[{"href":"https:\/\/inclusivenews.com.br\/index.php?rest_route=\/wp\/v2\/posts"}],"about":[{"href":"https:\/\/inclusivenews.com.br\/index.php?rest_route=\/wp\/v2\/types\/post"}],"author":[{"embeddable":true,"href":"https:\/\/inclusivenews.com.br\/index.php?rest_route=\/wp\/v2\/users\/1"}],"replies":[{"embeddable":true,"href":"https:\/\/inclusivenews.com.br\/index.php?rest_route=%2Fwp%2Fv2%2Fcomments&post=30524"}],"version-history":[{"count":0,"href":"https:\/\/inclusivenews.com.br\/index.php?rest_route=\/wp\/v2\/posts\/30524\/revisions"}],"wp:attachment":[{"href":"https:\/\/inclusivenews.com.br\/index.php?rest_route=%2Fwp%2Fv2%2Fmedia&parent=30524"}],"wp:term":[{"taxonomy":"category","embeddable":true,"href":"https:\/\/inclusivenews.com.br\/index.php?rest_route=%2Fwp%2Fv2%2Fcategories&post=30524"},{"taxonomy":"post_tag","embeddable":true,"href":"https:\/\/inclusivenews.com.br\/index.php?rest_route=%2Fwp%2Fv2%2Ftags&post=30524"}],"curies":[{"name":"wp","href":"https:\/\/api.w.org\/{rel}","templated":true}]}}