{"id":30527,"date":"2017-09-05T10:12:10","date_gmt":"2017-09-05T13:12:10","guid":{"rendered":"http:\/\/www.inclusive.org.br\/?p=30527"},"modified":"2017-09-05T10:12:10","modified_gmt":"2017-09-05T13:12:10","slug":"seminario-internacional-acessibilidade-e-inclusao-expressao-da-cidadania-20-e-219-bsb","status":"publish","type":"post","link":"https:\/\/inclusivenews.com.br\/?p=30527","title":{"rendered":"Semin\u00e1rio Internacional Acessibilidade e Inclus\u00e3o: express\u00e3o da cidadania &#8211; 20 e 21\/9, BSB"},"content":{"rendered":"<p><img loading=\"lazy\" decoding=\"async\" class=\"alignnone wp-image-30529\" src=\"http:\/\/inclusivenews.com.br\/wp-content\/uploads\/tcu-2.jpg\" alt=\"#pracegover Da esquerda para a direita, o desenho apresenta: - um rapaz moreno sentado em uma cadeira preta, com a perna esquerda cruzada, vestindo cal\u00e7a azul marinho, camisa de manga comprida verde, t\u00eanis branco e azul de cadar\u00e7o. Ele est\u00e1 com a m\u00e3o esquerda apoia da perna cruzada, enquanto que com a direita meche no celular. O rosto n\u00e3o aparece. - logo ap\u00f3s, um rapaz moreno sentado em uma cadeira de rodas preta com motivos frontais vermelhos. Ele veste cal\u00e7a cinza e camiseta de mangas curtas amarela. As pernas est\u00e3o apoiadas na cadeira e com os bra\u00e7os apoiados na cadeira ele segura um livro aberta com capa verde e azul, tamb\u00e9m apoiado nas pernas. O rosto n\u00e3o aparece. No centro da imagem, ajustado \u00e0 esquerda, h\u00e1 uma ret\u00e2ngulo branco onde se encontra escrito em letras de forma azuis: semin\u00e1rio internacional acessibilidade e inclus\u00e3o: express\u00e3o da cidadania.\" width=\"311\" height=\"432\" \/><\/p>\n<p>O TCU realizar\u00e1, em parceria com outras institui\u00e7\u00f5es, o Semin\u00e1rio Internacional \u201cAcessibilidade e Inclus\u00e3o: Express\u00e3o da Cidadania\u201d. O encontro ser\u00e1 nos dias 20<span class=\"text_exposed_show\">\u00a0e 21 de setembro, na Escola de Governo do TCU, o Instituto Serzedello Corr\u00eaa (ISC), em Bras\u00edlia (DF). Mais informa\u00e7\u00f5es em\u00a0<a href=\"https:\/\/goo.gl\/QsYvFy\" target=\"_blank\" rel=\"noopener\" data-ft=\"{&quot;tn&quot;:&quot;-U&quot;}\" data-lynx-mode=\"async\" data-lynx-uri=\"https:\/\/l.facebook.com\/l.php?u=https%3A%2F%2Fgoo.gl%2FQsYvFy&amp;h=ATPkLObyq3l8vWt2IiaXrcvst32X_FkF9Oa2DlHUzDj3YZleldZGieqUgQbwpOq4EJXDWi0iwWFx-vWLSScSeb1hdpuNb9YlRW_0pg6DJHhByJ_bhQ1iIcRgdAV4d7zRZmtxYi2c85HHOVDbrcLDeStCz7C5Xjml7H3Ee1Y16vD4tWjfMvfszM0AhKHInLT1SN-ypQad0DPRO-86H1LkuffzckyY99rZoAqhAElTouBUGBd2rc25Dhg4yFK3eJFFHCCsXIVDwP-8JDxXMloI-FRJM_BRtQ\">https:\/\/goo.gl\/QsYvFy<\/a><\/span><\/p>\n<p>Semin\u00e1rio Internacional Acessibilidade e Inclus\u00e3o: express\u00e3o da cidadania<\/p>\n<p>20 e 21 de Setembro de 2017<br \/>\nInstituto Serzedello Corr\u00eaa<br \/>\nQuarta-Feira \u2014 20 de Setembro<\/p>\n<p>Confirma\u00e7\u00f5es:<\/p>\n<p>61 &#8211; 3316-7994\/5034<\/p>\n<p>8h00h as 9h00 Credenciamento &#8211; caf\u00e9 da manh\u00e3<br \/>\n9h00 as 10h00 Mesa de honra Autoridades convidadas<br \/>\n10h00 as 10h10 V\u00eddeo Institucional do TCU<br \/>\n10h10 as 10h50 Confer\u00eancia de abertura<\/p>\n<p>S\u00e9rgio Ricardo Costa Carib\u00e9, Procurador do Minist\u00e9rio P\u00fablico de Contas junto ao TCU e Supervisor da Pol\u00edtica de Acessibilidade do Tribunal de Contas da Uni\u00e3o (TCU)<\/p>\n<p>10h50 as 11h15<\/p>\n<p>Ato de apoio \u00e0 candidatura do Brasil para compor o Comit\u00ea de Monitoramento da Conven\u00e7\u00e3o sobre os Direitos das Pessoas com Defici\u00eancia da ONU<\/p>\n<p>Apresenta\u00e7\u00e3o: Senador Aloysio Nunes, Ministro das Rela\u00e7\u00f5es Exteriores<\/p>\n<p>Exposi\u00e7\u00e3o: Deputada Federal Mara Gabrilli<\/p>\n<p>11h15 as 11h40<\/p>\n<p>Ato conjunto para o aperfei\u00e7oamento da fiscaliza\u00e7\u00e3o da emiss\u00e3o de alvar\u00e1 e habite-se<\/p>\n<p>Lan\u00e7amento do selo de acessibilidade do CONFEA<\/p>\n<p>Valdecir Fernandes Pascoal, Conselheiro do Tribunal de Contas de Pernambuco e Presidente da Associa\u00e7\u00e3o dos Membros dos Tribunais de Contas do Brasil (Atricon)<br \/>\nJ\u00falio Marcelo de Oliveira, Procurador do Minist\u00e9rio P\u00fablico de Contas junto ao TCU e Presidente da Associa\u00e7\u00e3o Nacional do Minist\u00e9rio P\u00fablico de Contas (Ampcon)<br \/>\nJary de Carvalho e Castro, Gerente Regional Oeste do Conselho Federal de Engenharia e Agronomia (CONFEA)<\/p>\n<p>11h40 as 12h00<br \/>\nAbertura:<br \/>\nEspa\u00e7o integrado de exposi\u00e7\u00e3o<br \/>\nEspa\u00e7o de viv\u00eancia e de din\u00e2mica de sensibiliza\u00e7\u00e3o<br \/>\nEspa\u00e7o D+efici\u00eancia para a Ind\u00fastria<\/p>\n<p>Paulo Guimar\u00e3es, Caixa de Assist\u00eancia dos Profissionais dos Creas (M\u00fatua)<br \/>\nS\u00e9rgio Murilo Jr., Diretor do Instituto Ser Educacional<\/p>\n<p>Rafael Lucchesi, Diretor-Geral do Servi\u00e7o Nacional de Aprendizagem Industrial (Senai)<\/p>\n<p>12h00 Almo\u00e7o<\/p>\n<p>14h00 as 16h00<br \/>\n1o painel<br \/>\nPol\u00edticas p\u00fablicas para a pessoa com defici\u00eancia.<\/p>\n<p>\u2022 Moderador: Rain\u00e9rio Rodrigues Leite, Secret\u00e1rio-Geral da Presid\u00eancia do TCU<\/p>\n<p>\u2022 Debatedores:<br \/>\n&#8211; Deputada Federal Rosinha da Adefal, membro da Comiss\u00e3o dos Direitos da Pessoa com Defici\u00eancia da C\u00e2mara dos Deputados.<br \/>\n&#8211; Marco Antonio Pellegrini, Secret\u00e1rio da Secretaria Nacional de Promo\u00e7\u00e3o dos Direitos da Pessoa com Defici\u00eancia (SNPD).<\/p>\n<p>&#8211; Tereza de Jesus Costa d\u2019Amaral, Superintendente do Instituto Brasileiro dos Direitos da Pessoa com Defici\u00eancia (IBDD).<\/p>\n<p>&#8211; Mois\u00e9s Bauer Luiz, Presidente do Conselho Nacional dos Direitos da Pessoa com Defici\u00eancia (CONADE).<\/p>\n<p>16h00 as 16h30 V\u00eddeos Institui\u00e7\u00f5es parceiras na promo\u00e7\u00e3o do evento<\/p>\n<p>16h00 as 16h30 Intervalo para o caf\u00e9<\/p>\n<p>16h30 as 18h30<br \/>\n2. painel<br \/>\nDesenho universal para cidades inclusivas.<\/p>\n<p>\u2022 Moderador: Alessandro Jos\u00e9 Macedo Machado, Conselheiro do Conselho Federal de Engenharia e Agronomia (CONFEA).<br \/>\n\u2022 Debatedores:<br \/>\n&#8211; Victor Pineda, Presidente de GAATES, Diretor Executivo da World Enabled e da Funda\u00e7\u00e3o Pineda, professor adjunto da Universidade da Calif\u00f3rnia, Berkeley<br \/>\n(Col\u00f4mbia).<br \/>\n&#8211; Jary de Carvalho e Castro \u2013 Gerente Regional Oeste do Conselho Federal de Engenharia e Agronomia (CONFEA).<br \/>\n&#8211; Rui Pedro Sim\u00f5es, Gerente de or\u00e7amentos da Empresa Construtora Brasil S\/A (EBC).<\/p>\n<p>19h00 Pe\u00e7a teatral: Ningu\u00e9m vai ser bonzinho Grupo: os Inclusos e os Sisos \u2013 Escola de Gente<\/p>\n<p>Quinta-Feira \u2014 21 de Setembro<br \/>\nHor\u00e1rio Atividade Quem<br \/>\n8h00 as 10h00<\/p>\n<p>Atividades em homenagem ao Dia Nacional de Luta das Pessoas com Defici\u00eancia.<\/p>\n<p>Realiza\u00e7\u00e3o: Senai \u2013 Escola de Gente \u2013 Instituto Ser Educacional \u2013 M\u00fatua<\/p>\n<p>10h00 as 10h30<\/p>\n<p>Palestra: Conquistas do Movimento Pol\u00edtico das Pessoas com Defici\u00eancia<\/p>\n<p>Dra. Izabel Maria Madeira Loureiro Maior, professora de medicina da UFRJ<\/p>\n<p>10h30 as 12h00<br \/>\n3o painel<\/p>\n<p>Tend\u00eancias globais e desafios de implementa\u00e7\u00e3o de pol\u00edticas p\u00fablicas inovadoras.<\/p>\n<p>\u2022 Moderador: M\u00e1rcio Rodrigo Braz, Secret\u00e1rio de Fiscaliza\u00e7\u00e3o de Tecnologia da Informa\u00e7\u00e3o do TCU<br \/>\n\u2022 Debatedores:<br \/>\n&#8211; James Thurston, Vice-Presidente Executivo da G3ict \u2013 The Global Initiative for Inclusive Information and Communication Technologies (USA).<\/p>\n<p>&#8211; S\u00f4nia da Costa, Diretora do Departamento de Pol\u00edticas e Programas para Inclus\u00e3o Social, do Minist\u00e9rio da Ci\u00eancia, Tecnologia, Inova\u00e7\u00f5es e Comunica\u00e7\u00f5es (MCTIC).<\/p>\n<p>&#8211; Am\u00e9rico Bernardes, Diretor do Departamento de Inclus\u00e3o Digital, do MCTIC.<\/p>\n<p>12h00 Almo\u00e7o<\/p>\n<p>14h00 as 16h00<br \/>\n4o painel<\/p>\n<p>Participa\u00e7\u00e3o social e os desafios da inclus\u00e3o escolar.<\/p>\n<p>\u2022 Moderadora: Patr\u00edcia Neves Raposo, Diretora de Pol\u00edticas de Educa\u00e7\u00e3o Especial \u2013 Secadi\/MEC.<br \/>\n\u2022 Debatedores:<\/p>\n<p>&#8211; Aracy Maria da Silva L\u00eado \u2013 Presidente da Federa\u00e7\u00e3o Nacional das APAEs<\/p>\n<p>(FENAPAES).<\/p>\n<p>&#8211; Ana Cl\u00e1udia Mendes de Figueiredo \u2013 Vice-presidente da Federa\u00e7\u00e3o Brasileira das Associa\u00e7\u00f5es de S\u00edndrome de Down.<br \/>\n&#8211; Francisco Eduardo Coelho da Rocha \u2013 Presidente da Federa\u00e7\u00e3o Nacional de Educa\u00e7\u00e3o e Integra\u00e7\u00e3o dos Surdo (FENEIS).<br \/>\n&#8211; Ant\u00f4nio Muniz da Silva \u2013 Presidente da Organiza\u00e7\u00e3o Nacional de Cegos do Brasil (ONCB).<br \/>\n&#8211; Maria do Carmo Tourinho Ribeiro \u2013 Presidente Associa\u00e7\u00e3o Brasileira de Autismo (ABRA).<br \/>\n&#8211; Ester Alves Pacheco, Presidente da Federa\u00e7\u00e3o Nacional das Associa\u00e7\u00f5es Pestalozzi (Fenapestalozzi)<\/p>\n<p>16h00 as 16h30 Desfile de moda inclusiva \u2013 Senai<br \/>\n16h00 as 16h30 Intervalo para caf\u00e9<\/p>\n<p>16h30 as 18h30<br \/>\n5o painel<\/p>\n<p>Um olhar sobre a inclus\u00e3o produtiva da pessoa com defici\u00eancia.<\/p>\n<p>\u2022 Moderadora: Fernanda Maria Pessoa di Cavalcanti, Respons\u00e1vel Nacional pelo Projeto de Inser\u00e7\u00e3o de Pessoas com Defici\u00eancia no Mercado de Trabalho \u2013 Secretaria de<br \/>\nInspe\u00e7\u00e3o do Trabalho\/MTb<br \/>\n\u2022 Debatedores:<br \/>\n&#8211; Gustavo Leal Sales Filho, Diretor de Opera\u00e7\u00f5es do Senai;<br \/>\n&#8211; Marco T\u00falio Pereira da Silva, Coordenador de Comunica\u00e7\u00e3o da C\u00e2mara de Com\u00e9rcio e Ind\u00fastria Brasil-Alemanha.<br \/>\n&#8211; Bernd dos Santos Mayer, Diretor do Departamento de Coopera\u00e7\u00e3o para o Desenvolvimento Sustent\u00e1vel da C\u00e2mara de Com\u00e9rcio e Ind\u00fastria Brasil-Alemanha.<br \/>\n&#8211; Bjorn Clavey, Adido Comercial e membro do Conselho de Com\u00e9rcio e Investimento da Embaixada da Su\u00e9cia \u2013 Business Sweden.<\/p>\n<p>18h30 Encerramento<\/p>\n","protected":false},"excerpt":{"rendered":"<p>O TCU realizar\u00e1, em parceria com outras institui\u00e7\u00f5es, o Semin\u00e1rio Internacional \u201cAcessibilidade e Inclus\u00e3o: Express\u00e3o da Cidadania\u201d. O encontro ser\u00e1 nos dias 20\u00a0e 21 de setembro, na Escola de Governo do TCU, o Instituto Serzedello Corr\u00eaa (ISC), em Bras\u00edlia (DF). Mais informa\u00e7\u00f5es em\u00a0https:\/\/goo.gl\/QsYvFy Semin\u00e1rio Internacional Acessibilidade e Inclus\u00e3o: express\u00e3o da cidadania 20 e 21 de [&hellip;]<\/p>\n","protected":false},"author":1,"featured_media":30529,"comment_status":"open","ping_status":"open","sticky":false,"template":"","format":"standard","meta":{"site-container-style":"default","site-container-layout":"default","site-sidebar-layout":"default","disable-article-header":"default","disable-site-header":"default","disable-site-footer":"default","disable-content-area-spacing":"default","footnotes":""},"categories":[12,38,48],"tags":[],"class_list":["post-30527","post","type-post","status-publish","format-standard","has-post-thumbnail","hentry","category-cursos-e-eventos","category-deficiencia","category-inclusao"],"yoast_head":"<!-- This site is optimized with the Yoast SEO plugin v27.4 - https:\/\/yoast.com\/product\/yoast-seo-wordpress\/ -->\n<title>Semin\u00e1rio Internacional Acessibilidade e Inclus\u00e3o: express\u00e3o da cidadania - 20 e 21\/9, BSB -<\/title>\n<meta name=\"robots\" content=\"index, follow, max-snippet:-1, max-image-preview:large, max-video-preview:-1\" \/>\n<link rel=\"canonical\" href=\"https:\/\/inclusivenews.com.br\/?p=30527\" \/>\n<meta property=\"og:locale\" content=\"pt_PT\" \/>\n<meta property=\"og:type\" content=\"article\" \/>\n<meta property=\"og:title\" content=\"Semin\u00e1rio Internacional Acessibilidade e Inclus\u00e3o: express\u00e3o da cidadania - 20 e 21\/9, BSB -\" \/>\n<meta property=\"og:description\" content=\"O TCU realizar\u00e1, em parceria com outras institui\u00e7\u00f5es, o Semin\u00e1rio Internacional \u201cAcessibilidade e Inclus\u00e3o: Express\u00e3o da Cidadania\u201d. O encontro ser\u00e1 nos dias 20\u00a0e 21 de setembro, na Escola de Governo do TCU, o Instituto Serzedello Corr\u00eaa (ISC), em Bras\u00edlia (DF). Mais informa\u00e7\u00f5es em\u00a0https:\/\/goo.gl\/QsYvFy Semin\u00e1rio Internacional Acessibilidade e Inclus\u00e3o: express\u00e3o da cidadania 20 e 21 de [&hellip;]\" \/>\n<meta property=\"og:url\" content=\"https:\/\/inclusivenews.com.br\/?p=30527\" \/>\n<meta property=\"article:publisher\" content=\"https:\/\/www.facebook.com\/agenciainclusive\/\" \/>\n<meta property=\"article:published_time\" content=\"2017-09-05T13:12:10+00:00\" \/>\n<meta name=\"author\" content=\"inclusivenews2024\" \/>\n<meta name=\"twitter:card\" content=\"summary_large_image\" \/>\n<meta name=\"twitter:label1\" content=\"Escrito por\" \/>\n\t<meta name=\"twitter:data1\" content=\"inclusivenews2024\" \/>\n\t<meta name=\"twitter:label2\" content=\"Tempo estimado de leitura\" \/>\n\t<meta name=\"twitter:data2\" content=\"5 minutos\" \/>\n<script type=\"application\/ld+json\" class=\"yoast-schema-graph\">{\"@context\":\"https:\\\/\\\/schema.org\",\"@graph\":[{\"@type\":\"Article\",\"@id\":\"https:\\\/\\\/inclusivenews.com.br\\\/?p=30527#article\",\"isPartOf\":{\"@id\":\"https:\\\/\\\/inclusivenews.com.br\\\/?p=30527\"},\"author\":{\"name\":\"inclusivenews2024\",\"@id\":\"https:\\\/\\\/inclusivenews.com.br\\\/#\\\/schema\\\/person\\\/ae4ec7087559b8692fb33b6fffd2273b\"},\"headline\":\"Semin\u00e1rio Internacional Acessibilidade e Inclus\u00e3o: express\u00e3o da cidadania &#8211; 20 e 21\\\/9, BSB\",\"datePublished\":\"2017-09-05T13:12:10+00:00\",\"mainEntityOfPage\":{\"@id\":\"https:\\\/\\\/inclusivenews.com.br\\\/?p=30527\"},\"wordCount\":1023,\"commentCount\":0,\"publisher\":{\"@id\":\"https:\\\/\\\/inclusivenews.com.br\\\/#organization\"},\"image\":{\"@id\":\"https:\\\/\\\/inclusivenews.com.br\\\/?p=30527#primaryimage\"},\"thumbnailUrl\":\"\",\"articleSection\":[\"Cursos e eventos\",\"Defici\u00eancia\",\"INCLUS\u00c3O SOCIAL\"],\"inLanguage\":\"pt-PT\",\"potentialAction\":[{\"@type\":\"CommentAction\",\"name\":\"Comment\",\"target\":[\"https:\\\/\\\/inclusivenews.com.br\\\/?p=30527#respond\"]}]},{\"@type\":\"WebPage\",\"@id\":\"https:\\\/\\\/inclusivenews.com.br\\\/?p=30527\",\"url\":\"https:\\\/\\\/inclusivenews.com.br\\\/?p=30527\",\"name\":\"Semin\u00e1rio Internacional Acessibilidade e Inclus\u00e3o: express\u00e3o da cidadania - 20 e 21\\\/9, BSB -\",\"isPartOf\":{\"@id\":\"https:\\\/\\\/inclusivenews.com.br\\\/#website\"},\"primaryImageOfPage\":{\"@id\":\"https:\\\/\\\/inclusivenews.com.br\\\/?p=30527#primaryimage\"},\"image\":{\"@id\":\"https:\\\/\\\/inclusivenews.com.br\\\/?p=30527#primaryimage\"},\"thumbnailUrl\":\"\",\"datePublished\":\"2017-09-05T13:12:10+00:00\",\"breadcrumb\":{\"@id\":\"https:\\\/\\\/inclusivenews.com.br\\\/?p=30527#breadcrumb\"},\"inLanguage\":\"pt-PT\",\"potentialAction\":[{\"@type\":\"ReadAction\",\"target\":[\"https:\\\/\\\/inclusivenews.com.br\\\/?p=30527\"]}]},{\"@type\":\"ImageObject\",\"inLanguage\":\"pt-PT\",\"@id\":\"https:\\\/\\\/inclusivenews.com.br\\\/?p=30527#primaryimage\",\"url\":\"\",\"contentUrl\":\"\"},{\"@type\":\"BreadcrumbList\",\"@id\":\"https:\\\/\\\/inclusivenews.com.br\\\/?p=30527#breadcrumb\",\"itemListElement\":[{\"@type\":\"ListItem\",\"position\":1,\"name\":\"In\u00edcio\",\"item\":\"https:\\\/\\\/inclusivenews.com.br\\\/\"},{\"@type\":\"ListItem\",\"position\":2,\"name\":\"Semin\u00e1rio Internacional Acessibilidade e Inclus\u00e3o: express\u00e3o da cidadania &#8211; 20 e 21\\\/9, BSB\"}]},{\"@type\":\"WebSite\",\"@id\":\"https:\\\/\\\/inclusivenews.com.br\\\/#website\",\"url\":\"https:\\\/\\\/inclusivenews.com.br\\\/\",\"name\":\"Inclusive News\",\"description\":\"Inclusive News\",\"publisher\":{\"@id\":\"https:\\\/\\\/inclusivenews.com.br\\\/#organization\"},\"potentialAction\":[{\"@type\":\"SearchAction\",\"target\":{\"@type\":\"EntryPoint\",\"urlTemplate\":\"https:\\\/\\\/inclusivenews.com.br\\\/?s={search_term_string}\"},\"query-input\":{\"@type\":\"PropertyValueSpecification\",\"valueRequired\":true,\"valueName\":\"search_term_string\"}}],\"inLanguage\":\"pt-PT\"},{\"@type\":\"Organization\",\"@id\":\"https:\\\/\\\/inclusivenews.com.br\\\/#organization\",\"name\":\"Inclusive - inclus\u00e3o e cidadania\",\"url\":\"https:\\\/\\\/inclusivenews.com.br\\\/\",\"logo\":{\"@type\":\"ImageObject\",\"inLanguage\":\"pt-PT\",\"@id\":\"https:\\\/\\\/inclusivenews.com.br\\\/#\\\/schema\\\/logo\\\/image\\\/\",\"url\":\"https:\\\/\\\/inclusivenews.com.br\\\/wp-content\\\/uploads\\\/2024\\\/03\\\/@grandesite.png\",\"contentUrl\":\"https:\\\/\\\/inclusivenews.com.br\\\/wp-content\\\/uploads\\\/2024\\\/03\\\/@grandesite.png\",\"width\":1080,\"height\":1080,\"caption\":\"Inclusive - inclus\u00e3o e cidadania\"},\"image\":{\"@id\":\"https:\\\/\\\/inclusivenews.com.br\\\/#\\\/schema\\\/logo\\\/image\\\/\"},\"sameAs\":[\"https:\\\/\\\/www.facebook.com\\\/agenciainclusive\\\/\",\"https:\\\/\\\/www.instagram.com\\\/newsinclusive\\\/\"]},{\"@type\":\"Person\",\"@id\":\"https:\\\/\\\/inclusivenews.com.br\\\/#\\\/schema\\\/person\\\/ae4ec7087559b8692fb33b6fffd2273b\",\"name\":\"inclusivenews2024\",\"image\":{\"@type\":\"ImageObject\",\"inLanguage\":\"pt-PT\",\"@id\":\"https:\\\/\\\/secure.gravatar.com\\\/avatar\\\/c5a7ef84c66fa914f55bc4f7ce26cfa275a3b9a1c5568b907bd184fb4dde7b40?s=96&d=mm&r=g\",\"url\":\"https:\\\/\\\/secure.gravatar.com\\\/avatar\\\/c5a7ef84c66fa914f55bc4f7ce26cfa275a3b9a1c5568b907bd184fb4dde7b40?s=96&d=mm&r=g\",\"contentUrl\":\"https:\\\/\\\/secure.gravatar.com\\\/avatar\\\/c5a7ef84c66fa914f55bc4f7ce26cfa275a3b9a1c5568b907bd184fb4dde7b40?s=96&d=mm&r=g\",\"caption\":\"inclusivenews2024\"},\"sameAs\":[\"https:\\\/\\\/inclusivenews.com.br\"],\"url\":\"https:\\\/\\\/inclusivenews.com.br\\\/?author=1\"}]}<\/script>\n<!-- \/ Yoast SEO plugin. -->","yoast_head_json":{"title":"Semin\u00e1rio Internacional Acessibilidade e Inclus\u00e3o: express\u00e3o da cidadania - 20 e 21\/9, BSB -","robots":{"index":"index","follow":"follow","max-snippet":"max-snippet:-1","max-image-preview":"max-image-preview:large","max-video-preview":"max-video-preview:-1"},"canonical":"https:\/\/inclusivenews.com.br\/?p=30527","og_locale":"pt_PT","og_type":"article","og_title":"Semin\u00e1rio Internacional Acessibilidade e Inclus\u00e3o: express\u00e3o da cidadania - 20 e 21\/9, BSB -","og_description":"O TCU realizar\u00e1, em parceria com outras institui\u00e7\u00f5es, o Semin\u00e1rio Internacional \u201cAcessibilidade e Inclus\u00e3o: Express\u00e3o da Cidadania\u201d. O encontro ser\u00e1 nos dias 20\u00a0e 21 de setembro, na Escola de Governo do TCU, o Instituto Serzedello Corr\u00eaa (ISC), em Bras\u00edlia (DF). Mais informa\u00e7\u00f5es em\u00a0https:\/\/goo.gl\/QsYvFy Semin\u00e1rio Internacional Acessibilidade e Inclus\u00e3o: express\u00e3o da cidadania 20 e 21 de [&hellip;]","og_url":"https:\/\/inclusivenews.com.br\/?p=30527","article_publisher":"https:\/\/www.facebook.com\/agenciainclusive\/","article_published_time":"2017-09-05T13:12:10+00:00","author":"inclusivenews2024","twitter_card":"summary_large_image","twitter_misc":{"Escrito por":"inclusivenews2024","Tempo estimado de leitura":"5 minutos"},"schema":{"@context":"https:\/\/schema.org","@graph":[{"@type":"Article","@id":"https:\/\/inclusivenews.com.br\/?p=30527#article","isPartOf":{"@id":"https:\/\/inclusivenews.com.br\/?p=30527"},"author":{"name":"inclusivenews2024","@id":"https:\/\/inclusivenews.com.br\/#\/schema\/person\/ae4ec7087559b8692fb33b6fffd2273b"},"headline":"Semin\u00e1rio Internacional Acessibilidade e Inclus\u00e3o: express\u00e3o da cidadania &#8211; 20 e 21\/9, BSB","datePublished":"2017-09-05T13:12:10+00:00","mainEntityOfPage":{"@id":"https:\/\/inclusivenews.com.br\/?p=30527"},"wordCount":1023,"commentCount":0,"publisher":{"@id":"https:\/\/inclusivenews.com.br\/#organization"},"image":{"@id":"https:\/\/inclusivenews.com.br\/?p=30527#primaryimage"},"thumbnailUrl":"","articleSection":["Cursos e eventos","Defici\u00eancia","INCLUS\u00c3O SOCIAL"],"inLanguage":"pt-PT","potentialAction":[{"@type":"CommentAction","name":"Comment","target":["https:\/\/inclusivenews.com.br\/?p=30527#respond"]}]},{"@type":"WebPage","@id":"https:\/\/inclusivenews.com.br\/?p=30527","url":"https:\/\/inclusivenews.com.br\/?p=30527","name":"Semin\u00e1rio Internacional Acessibilidade e Inclus\u00e3o: express\u00e3o da cidadania - 20 e 21\/9, BSB -","isPartOf":{"@id":"https:\/\/inclusivenews.com.br\/#website"},"primaryImageOfPage":{"@id":"https:\/\/inclusivenews.com.br\/?p=30527#primaryimage"},"image":{"@id":"https:\/\/inclusivenews.com.br\/?p=30527#primaryimage"},"thumbnailUrl":"","datePublished":"2017-09-05T13:12:10+00:00","breadcrumb":{"@id":"https:\/\/inclusivenews.com.br\/?p=30527#breadcrumb"},"inLanguage":"pt-PT","potentialAction":[{"@type":"ReadAction","target":["https:\/\/inclusivenews.com.br\/?p=30527"]}]},{"@type":"ImageObject","inLanguage":"pt-PT","@id":"https:\/\/inclusivenews.com.br\/?p=30527#primaryimage","url":"","contentUrl":""},{"@type":"BreadcrumbList","@id":"https:\/\/inclusivenews.com.br\/?p=30527#breadcrumb","itemListElement":[{"@type":"ListItem","position":1,"name":"In\u00edcio","item":"https:\/\/inclusivenews.com.br\/"},{"@type":"ListItem","position":2,"name":"Semin\u00e1rio Internacional Acessibilidade e Inclus\u00e3o: express\u00e3o da cidadania &#8211; 20 e 21\/9, BSB"}]},{"@type":"WebSite","@id":"https:\/\/inclusivenews.com.br\/#website","url":"https:\/\/inclusivenews.com.br\/","name":"Inclusive News","description":"Inclusive News","publisher":{"@id":"https:\/\/inclusivenews.com.br\/#organization"},"potentialAction":[{"@type":"SearchAction","target":{"@type":"EntryPoint","urlTemplate":"https:\/\/inclusivenews.com.br\/?s={search_term_string}"},"query-input":{"@type":"PropertyValueSpecification","valueRequired":true,"valueName":"search_term_string"}}],"inLanguage":"pt-PT"},{"@type":"Organization","@id":"https:\/\/inclusivenews.com.br\/#organization","name":"Inclusive - inclus\u00e3o e cidadania","url":"https:\/\/inclusivenews.com.br\/","logo":{"@type":"ImageObject","inLanguage":"pt-PT","@id":"https:\/\/inclusivenews.com.br\/#\/schema\/logo\/image\/","url":"https:\/\/inclusivenews.com.br\/wp-content\/uploads\/2024\/03\/@grandesite.png","contentUrl":"https:\/\/inclusivenews.com.br\/wp-content\/uploads\/2024\/03\/@grandesite.png","width":1080,"height":1080,"caption":"Inclusive - inclus\u00e3o e cidadania"},"image":{"@id":"https:\/\/inclusivenews.com.br\/#\/schema\/logo\/image\/"},"sameAs":["https:\/\/www.facebook.com\/agenciainclusive\/","https:\/\/www.instagram.com\/newsinclusive\/"]},{"@type":"Person","@id":"https:\/\/inclusivenews.com.br\/#\/schema\/person\/ae4ec7087559b8692fb33b6fffd2273b","name":"inclusivenews2024","image":{"@type":"ImageObject","inLanguage":"pt-PT","@id":"https:\/\/secure.gravatar.com\/avatar\/c5a7ef84c66fa914f55bc4f7ce26cfa275a3b9a1c5568b907bd184fb4dde7b40?s=96&d=mm&r=g","url":"https:\/\/secure.gravatar.com\/avatar\/c5a7ef84c66fa914f55bc4f7ce26cfa275a3b9a1c5568b907bd184fb4dde7b40?s=96&d=mm&r=g","contentUrl":"https:\/\/secure.gravatar.com\/avatar\/c5a7ef84c66fa914f55bc4f7ce26cfa275a3b9a1c5568b907bd184fb4dde7b40?s=96&d=mm&r=g","caption":"inclusivenews2024"},"sameAs":["https:\/\/inclusivenews.com.br"],"url":"https:\/\/inclusivenews.com.br\/?author=1"}]}},"_links":{"self":[{"href":"https:\/\/inclusivenews.com.br\/index.php?rest_route=\/wp\/v2\/posts\/30527","targetHints":{"allow":["GET"]}}],"collection":[{"href":"https:\/\/inclusivenews.com.br\/index.php?rest_route=\/wp\/v2\/posts"}],"about":[{"href":"https:\/\/inclusivenews.com.br\/index.php?rest_route=\/wp\/v2\/types\/post"}],"author":[{"embeddable":true,"href":"https:\/\/inclusivenews.com.br\/index.php?rest_route=\/wp\/v2\/users\/1"}],"replies":[{"embeddable":true,"href":"https:\/\/inclusivenews.com.br\/index.php?rest_route=%2Fwp%2Fv2%2Fcomments&post=30527"}],"version-history":[{"count":0,"href":"https:\/\/inclusivenews.com.br\/index.php?rest_route=\/wp\/v2\/posts\/30527\/revisions"}],"wp:featuredmedia":[{"embeddable":true,"href":"https:\/\/inclusivenews.com.br\/index.php?rest_route=\/"}],"wp:attachment":[{"href":"https:\/\/inclusivenews.com.br\/index.php?rest_route=%2Fwp%2Fv2%2Fmedia&parent=30527"}],"wp:term":[{"taxonomy":"category","embeddable":true,"href":"https:\/\/inclusivenews.com.br\/index.php?rest_route=%2Fwp%2Fv2%2Fcategories&post=30527"},{"taxonomy":"post_tag","embeddable":true,"href":"https:\/\/inclusivenews.com.br\/index.php?rest_route=%2Fwp%2Fv2%2Ftags&post=30527"}],"curies":[{"name":"wp","href":"https:\/\/api.w.org\/{rel}","templated":true}]}}