{"id":30533,"date":"2017-09-05T10:36:24","date_gmt":"2017-09-05T13:36:24","guid":{"rendered":"http:\/\/www.inclusive.org.br\/?p=30533"},"modified":"2017-09-05T10:36:24","modified_gmt":"2017-09-05T13:36:24","slug":"mec-lanca-edital-de-ate-r-200-mil-para-projetos-de-pesquisa-sobre-direitos-humanos","status":"publish","type":"post","link":"https:\/\/inclusivenews.com.br\/?p=30533","title":{"rendered":"MEC lan\u00e7a edital de at\u00e9 R$ 200 mil para projetos de pesquisa sobre direitos humanos"},"content":{"rendered":"<p><img loading=\"lazy\" decoding=\"async\" class=\"alignnone wp-image-13106\" title=\"Ilustra\u00e7\u00e3o de diversos rostos de pessoas.\" src=\"http:\/\/inclusivenews.com.br\/wp-content\/uploads\/2009\/12\/1171701005_diversidade.jpg\" alt=\"Ilustra\u00e7\u00e3o de diversos rostos de pessoas.\" width=\"278\" height=\"202\" \/><\/p>\n<p>O MEC, por meio da Secadi e Capes, lan\u00e7ou o edital n\u00b0 38\/2017, que selecionar\u00e1 projetos de pesquisa sobre Educa\u00e7\u00e3o em Direitos Humanos &amp; Diversidades. Podem participar pesquisadores de institui\u00e7\u00f5es p\u00fablicas e privadas sem fins lucrativos signat\u00e1rias do Pacto Universit\u00e1rio pela Promo\u00e7\u00e3o do Respeito \u00e0 Diversidade, da Cultura de Paz e dos Direitos Humanos.<\/p>\n<p>Ser\u00e3o selecionados cinco projetos de at\u00e9 200 mil reais e o financiamento ser\u00e1 para itens de custeio, capital e bolsas.<\/p>\n<p>As propostas devem ser enviadas para o Capes at\u00e9 o dia 5 de outubro pelos pesquisadores. Aqueles que desejam participar, mas s\u00e3o vinculados a institui\u00e7\u00f5es n\u00e3o signat\u00e1rias, devem solicitar a ades\u00e3o o mais r\u00e1pido poss\u00edvel ao dirigente m\u00e1ximo da institui\u00e7\u00e3o.<\/p>\n<p>O objetivo principal do MEC com o lan\u00e7amento do edital \u00e9 fortalecer o pacto, aumentar a quantidade de pesquisadores qualificados na \u00e1rea de Educa\u00e7\u00e3o em Direitos Humanos e o n\u00famero de estudos sobre esse tema. Se voc\u00ea se interessou pela oportunidade, confira todos os detalhes no edital do MEC neste link.<\/p>\n<p>O Pacto Universit\u00e1rio pela Promo\u00e7\u00e3o do Respeito \u00e0 Diversidade, da Cultura da Paz e dos Direitos Humanos \u00e9 uma iniciativa do Minist\u00e9rio da Educa\u00e7\u00e3o e do Minist\u00e9rio da Justi\u00e7a e Cidadania, que tem como premissa a promo\u00e7\u00e3o da educa\u00e7\u00e3o em direitos humanos no ensino superior.<\/p>\n<p>O Pacto, que foi lan\u00e7ado em novembro de 2016, pode ser assinado tanto por Institui\u00e7\u00f5es de Educa\u00e7\u00e3o Superior (IES) quanto por Entidades Apoiadoras (EAs). O objetivo \u00e9 promover a\u00e7\u00f5es capazes de superar a viol\u00eancia, o preconceito e a discrimina\u00e7\u00e3o. O edital \u00e9 uma iniciativa para o desenvolvimento do eixo pesquisa, um dos cinco eixos do Pacto Universit\u00e1rio.<\/p>\n<p>A inten\u00e7\u00e3o do MEC \u00e9 incentivar os estabelecimentos de ensino a desenvolverem atividades de ensino, pesquisa e extens\u00e3o para a prote\u00e7\u00e3o e promo\u00e7\u00e3o dos direitos humanos, e, assim, incentivar o respeito \u00e0s diferen\u00e7as e o enfrentamento ao preconceito, \u00e0 discrimina\u00e7\u00e3o e \u00e0 viol\u00eancia no ambiente universit\u00e1rio.<\/p>\n<p>As institui\u00e7\u00f5es possuem autonomia para planejar e desenvolver as atividades, mas precisam apresentar um plano de trabalho at\u00e9 90 dias depois da ades\u00e3o e devem estar em conformidade com os objetivos do pacto. Para fazer a ades\u00e3o da institui\u00e7\u00e3o clique aqui.<\/p>\n","protected":false},"excerpt":{"rendered":"<p>Ser\u00e3o selecionados cinco projetos de at\u00e9 200 mil reais e o financiamento ser\u00e1 para itens de custeio, capital e bolsas.<\/p>\n","protected":false},"author":1,"featured_media":0,"comment_status":"open","ping_status":"open","sticky":false,"template":"","format":"standard","meta":{"site-container-style":"default","site-container-layout":"default","site-sidebar-layout":"default","disable-article-header":"default","disable-site-header":"default","disable-site-footer":"default","disable-content-area-spacing":"default","footnotes":""},"categories":[11,39],"tags":[],"class_list":["post-30533","post","type-post","status-publish","format-standard","hentry","category-direitos-humanos","category-discriminacao"],"yoast_head":"<!-- This site is optimized with the Yoast SEO plugin v27.4 - https:\/\/yoast.com\/product\/yoast-seo-wordpress\/ -->\n<title>MEC lan\u00e7a edital de at\u00e9 R$ 200 mil para projetos de pesquisa sobre direitos humanos -<\/title>\n<meta name=\"robots\" content=\"index, follow, max-snippet:-1, max-image-preview:large, max-video-preview:-1\" \/>\n<link rel=\"canonical\" href=\"https:\/\/inclusivenews.com.br\/?p=30533\" \/>\n<meta property=\"og:locale\" content=\"pt_PT\" \/>\n<meta property=\"og:type\" content=\"article\" \/>\n<meta property=\"og:title\" content=\"MEC lan\u00e7a edital de at\u00e9 R$ 200 mil para projetos de pesquisa sobre direitos humanos -\" \/>\n<meta property=\"og:description\" content=\"Ser\u00e3o selecionados cinco projetos de at\u00e9 200 mil reais e o financiamento ser\u00e1 para itens de custeio, capital e bolsas.\" \/>\n<meta property=\"og:url\" content=\"https:\/\/inclusivenews.com.br\/?p=30533\" \/>\n<meta property=\"article:publisher\" content=\"https:\/\/www.facebook.com\/agenciainclusive\/\" \/>\n<meta property=\"article:published_time\" content=\"2017-09-05T13:36:24+00:00\" \/>\n<meta property=\"og:image\" content=\"http:\/\/inclusivenews.com.br\/wp-content\/uploads\/2009\/12\/1171701005_diversidade.jpg\" \/>\n<meta name=\"author\" content=\"inclusivenews2024\" \/>\n<meta name=\"twitter:card\" content=\"summary_large_image\" \/>\n<meta name=\"twitter:label1\" content=\"Escrito por\" \/>\n\t<meta name=\"twitter:data1\" content=\"inclusivenews2024\" \/>\n\t<meta name=\"twitter:label2\" content=\"Tempo estimado de leitura\" \/>\n\t<meta name=\"twitter:data2\" content=\"2 minutos\" \/>\n<script type=\"application\/ld+json\" class=\"yoast-schema-graph\">{\"@context\":\"https:\\\/\\\/schema.org\",\"@graph\":[{\"@type\":\"Article\",\"@id\":\"https:\\\/\\\/inclusivenews.com.br\\\/?p=30533#article\",\"isPartOf\":{\"@id\":\"https:\\\/\\\/inclusivenews.com.br\\\/?p=30533\"},\"author\":{\"name\":\"inclusivenews2024\",\"@id\":\"https:\\\/\\\/inclusivenews.com.br\\\/#\\\/schema\\\/person\\\/ae4ec7087559b8692fb33b6fffd2273b\"},\"headline\":\"MEC lan\u00e7a edital de at\u00e9 R$ 200 mil para projetos de pesquisa sobre direitos humanos\",\"datePublished\":\"2017-09-05T13:36:24+00:00\",\"mainEntityOfPage\":{\"@id\":\"https:\\\/\\\/inclusivenews.com.br\\\/?p=30533\"},\"wordCount\":402,\"commentCount\":0,\"publisher\":{\"@id\":\"https:\\\/\\\/inclusivenews.com.br\\\/#organization\"},\"image\":{\"@id\":\"https:\\\/\\\/inclusivenews.com.br\\\/?p=30533#primaryimage\"},\"thumbnailUrl\":\"http:\\\/\\\/inclusivenews.com.br\\\/wp-content\\\/uploads\\\/2009\\\/12\\\/1171701005_diversidade.jpg\",\"articleSection\":[\"DIREITOS HUMANOS\",\"Discrimina\u00e7\u00e3o\"],\"inLanguage\":\"pt-PT\",\"potentialAction\":[{\"@type\":\"CommentAction\",\"name\":\"Comment\",\"target\":[\"https:\\\/\\\/inclusivenews.com.br\\\/?p=30533#respond\"]}]},{\"@type\":\"WebPage\",\"@id\":\"https:\\\/\\\/inclusivenews.com.br\\\/?p=30533\",\"url\":\"https:\\\/\\\/inclusivenews.com.br\\\/?p=30533\",\"name\":\"MEC lan\u00e7a edital de at\u00e9 R$ 200 mil para projetos de pesquisa sobre direitos humanos -\",\"isPartOf\":{\"@id\":\"https:\\\/\\\/inclusivenews.com.br\\\/#website\"},\"primaryImageOfPage\":{\"@id\":\"https:\\\/\\\/inclusivenews.com.br\\\/?p=30533#primaryimage\"},\"image\":{\"@id\":\"https:\\\/\\\/inclusivenews.com.br\\\/?p=30533#primaryimage\"},\"thumbnailUrl\":\"http:\\\/\\\/inclusivenews.com.br\\\/wp-content\\\/uploads\\\/2009\\\/12\\\/1171701005_diversidade.jpg\",\"datePublished\":\"2017-09-05T13:36:24+00:00\",\"breadcrumb\":{\"@id\":\"https:\\\/\\\/inclusivenews.com.br\\\/?p=30533#breadcrumb\"},\"inLanguage\":\"pt-PT\",\"potentialAction\":[{\"@type\":\"ReadAction\",\"target\":[\"https:\\\/\\\/inclusivenews.com.br\\\/?p=30533\"]}]},{\"@type\":\"ImageObject\",\"inLanguage\":\"pt-PT\",\"@id\":\"https:\\\/\\\/inclusivenews.com.br\\\/?p=30533#primaryimage\",\"url\":\"\",\"contentUrl\":\"\"},{\"@type\":\"BreadcrumbList\",\"@id\":\"https:\\\/\\\/inclusivenews.com.br\\\/?p=30533#breadcrumb\",\"itemListElement\":[{\"@type\":\"ListItem\",\"position\":1,\"name\":\"In\u00edcio\",\"item\":\"https:\\\/\\\/inclusivenews.com.br\\\/\"},{\"@type\":\"ListItem\",\"position\":2,\"name\":\"MEC lan\u00e7a edital de at\u00e9 R$ 200 mil para projetos de pesquisa sobre direitos humanos\"}]},{\"@type\":\"WebSite\",\"@id\":\"https:\\\/\\\/inclusivenews.com.br\\\/#website\",\"url\":\"https:\\\/\\\/inclusivenews.com.br\\\/\",\"name\":\"Inclusive News\",\"description\":\"Inclusive News\",\"publisher\":{\"@id\":\"https:\\\/\\\/inclusivenews.com.br\\\/#organization\"},\"potentialAction\":[{\"@type\":\"SearchAction\",\"target\":{\"@type\":\"EntryPoint\",\"urlTemplate\":\"https:\\\/\\\/inclusivenews.com.br\\\/?s={search_term_string}\"},\"query-input\":{\"@type\":\"PropertyValueSpecification\",\"valueRequired\":true,\"valueName\":\"search_term_string\"}}],\"inLanguage\":\"pt-PT\"},{\"@type\":\"Organization\",\"@id\":\"https:\\\/\\\/inclusivenews.com.br\\\/#organization\",\"name\":\"Inclusive - inclus\u00e3o e cidadania\",\"url\":\"https:\\\/\\\/inclusivenews.com.br\\\/\",\"logo\":{\"@type\":\"ImageObject\",\"inLanguage\":\"pt-PT\",\"@id\":\"https:\\\/\\\/inclusivenews.com.br\\\/#\\\/schema\\\/logo\\\/image\\\/\",\"url\":\"https:\\\/\\\/inclusivenews.com.br\\\/wp-content\\\/uploads\\\/2024\\\/03\\\/@grandesite.png\",\"contentUrl\":\"https:\\\/\\\/inclusivenews.com.br\\\/wp-content\\\/uploads\\\/2024\\\/03\\\/@grandesite.png\",\"width\":1080,\"height\":1080,\"caption\":\"Inclusive - inclus\u00e3o e cidadania\"},\"image\":{\"@id\":\"https:\\\/\\\/inclusivenews.com.br\\\/#\\\/schema\\\/logo\\\/image\\\/\"},\"sameAs\":[\"https:\\\/\\\/www.facebook.com\\\/agenciainclusive\\\/\",\"https:\\\/\\\/www.instagram.com\\\/newsinclusive\\\/\"]},{\"@type\":\"Person\",\"@id\":\"https:\\\/\\\/inclusivenews.com.br\\\/#\\\/schema\\\/person\\\/ae4ec7087559b8692fb33b6fffd2273b\",\"name\":\"inclusivenews2024\",\"image\":{\"@type\":\"ImageObject\",\"inLanguage\":\"pt-PT\",\"@id\":\"https:\\\/\\\/secure.gravatar.com\\\/avatar\\\/c5a7ef84c66fa914f55bc4f7ce26cfa275a3b9a1c5568b907bd184fb4dde7b40?s=96&d=mm&r=g\",\"url\":\"https:\\\/\\\/secure.gravatar.com\\\/avatar\\\/c5a7ef84c66fa914f55bc4f7ce26cfa275a3b9a1c5568b907bd184fb4dde7b40?s=96&d=mm&r=g\",\"contentUrl\":\"https:\\\/\\\/secure.gravatar.com\\\/avatar\\\/c5a7ef84c66fa914f55bc4f7ce26cfa275a3b9a1c5568b907bd184fb4dde7b40?s=96&d=mm&r=g\",\"caption\":\"inclusivenews2024\"},\"sameAs\":[\"https:\\\/\\\/inclusivenews.com.br\"],\"url\":\"https:\\\/\\\/inclusivenews.com.br\\\/?author=1\"}]}<\/script>\n<!-- \/ Yoast SEO plugin. -->","yoast_head_json":{"title":"MEC lan\u00e7a edital de at\u00e9 R$ 200 mil para projetos de pesquisa sobre direitos humanos -","robots":{"index":"index","follow":"follow","max-snippet":"max-snippet:-1","max-image-preview":"max-image-preview:large","max-video-preview":"max-video-preview:-1"},"canonical":"https:\/\/inclusivenews.com.br\/?p=30533","og_locale":"pt_PT","og_type":"article","og_title":"MEC lan\u00e7a edital de at\u00e9 R$ 200 mil para projetos de pesquisa sobre direitos humanos -","og_description":"Ser\u00e3o selecionados cinco projetos de at\u00e9 200 mil reais e o financiamento ser\u00e1 para itens de custeio, capital e bolsas.","og_url":"https:\/\/inclusivenews.com.br\/?p=30533","article_publisher":"https:\/\/www.facebook.com\/agenciainclusive\/","article_published_time":"2017-09-05T13:36:24+00:00","og_image":[{"url":"http:\/\/inclusivenews.com.br\/wp-content\/uploads\/2009\/12\/1171701005_diversidade.jpg","type":"","width":"","height":""}],"author":"inclusivenews2024","twitter_card":"summary_large_image","twitter_misc":{"Escrito por":"inclusivenews2024","Tempo estimado de leitura":"2 minutos"},"schema":{"@context":"https:\/\/schema.org","@graph":[{"@type":"Article","@id":"https:\/\/inclusivenews.com.br\/?p=30533#article","isPartOf":{"@id":"https:\/\/inclusivenews.com.br\/?p=30533"},"author":{"name":"inclusivenews2024","@id":"https:\/\/inclusivenews.com.br\/#\/schema\/person\/ae4ec7087559b8692fb33b6fffd2273b"},"headline":"MEC lan\u00e7a edital de at\u00e9 R$ 200 mil para projetos de pesquisa sobre direitos humanos","datePublished":"2017-09-05T13:36:24+00:00","mainEntityOfPage":{"@id":"https:\/\/inclusivenews.com.br\/?p=30533"},"wordCount":402,"commentCount":0,"publisher":{"@id":"https:\/\/inclusivenews.com.br\/#organization"},"image":{"@id":"https:\/\/inclusivenews.com.br\/?p=30533#primaryimage"},"thumbnailUrl":"http:\/\/inclusivenews.com.br\/wp-content\/uploads\/2009\/12\/1171701005_diversidade.jpg","articleSection":["DIREITOS HUMANOS","Discrimina\u00e7\u00e3o"],"inLanguage":"pt-PT","potentialAction":[{"@type":"CommentAction","name":"Comment","target":["https:\/\/inclusivenews.com.br\/?p=30533#respond"]}]},{"@type":"WebPage","@id":"https:\/\/inclusivenews.com.br\/?p=30533","url":"https:\/\/inclusivenews.com.br\/?p=30533","name":"MEC lan\u00e7a edital de at\u00e9 R$ 200 mil para projetos de pesquisa sobre direitos humanos -","isPartOf":{"@id":"https:\/\/inclusivenews.com.br\/#website"},"primaryImageOfPage":{"@id":"https:\/\/inclusivenews.com.br\/?p=30533#primaryimage"},"image":{"@id":"https:\/\/inclusivenews.com.br\/?p=30533#primaryimage"},"thumbnailUrl":"http:\/\/inclusivenews.com.br\/wp-content\/uploads\/2009\/12\/1171701005_diversidade.jpg","datePublished":"2017-09-05T13:36:24+00:00","breadcrumb":{"@id":"https:\/\/inclusivenews.com.br\/?p=30533#breadcrumb"},"inLanguage":"pt-PT","potentialAction":[{"@type":"ReadAction","target":["https:\/\/inclusivenews.com.br\/?p=30533"]}]},{"@type":"ImageObject","inLanguage":"pt-PT","@id":"https:\/\/inclusivenews.com.br\/?p=30533#primaryimage","url":"","contentUrl":""},{"@type":"BreadcrumbList","@id":"https:\/\/inclusivenews.com.br\/?p=30533#breadcrumb","itemListElement":[{"@type":"ListItem","position":1,"name":"In\u00edcio","item":"https:\/\/inclusivenews.com.br\/"},{"@type":"ListItem","position":2,"name":"MEC lan\u00e7a edital de at\u00e9 R$ 200 mil para projetos de pesquisa sobre direitos humanos"}]},{"@type":"WebSite","@id":"https:\/\/inclusivenews.com.br\/#website","url":"https:\/\/inclusivenews.com.br\/","name":"Inclusive News","description":"Inclusive News","publisher":{"@id":"https:\/\/inclusivenews.com.br\/#organization"},"potentialAction":[{"@type":"SearchAction","target":{"@type":"EntryPoint","urlTemplate":"https:\/\/inclusivenews.com.br\/?s={search_term_string}"},"query-input":{"@type":"PropertyValueSpecification","valueRequired":true,"valueName":"search_term_string"}}],"inLanguage":"pt-PT"},{"@type":"Organization","@id":"https:\/\/inclusivenews.com.br\/#organization","name":"Inclusive - inclus\u00e3o e cidadania","url":"https:\/\/inclusivenews.com.br\/","logo":{"@type":"ImageObject","inLanguage":"pt-PT","@id":"https:\/\/inclusivenews.com.br\/#\/schema\/logo\/image\/","url":"https:\/\/inclusivenews.com.br\/wp-content\/uploads\/2024\/03\/@grandesite.png","contentUrl":"https:\/\/inclusivenews.com.br\/wp-content\/uploads\/2024\/03\/@grandesite.png","width":1080,"height":1080,"caption":"Inclusive - inclus\u00e3o e cidadania"},"image":{"@id":"https:\/\/inclusivenews.com.br\/#\/schema\/logo\/image\/"},"sameAs":["https:\/\/www.facebook.com\/agenciainclusive\/","https:\/\/www.instagram.com\/newsinclusive\/"]},{"@type":"Person","@id":"https:\/\/inclusivenews.com.br\/#\/schema\/person\/ae4ec7087559b8692fb33b6fffd2273b","name":"inclusivenews2024","image":{"@type":"ImageObject","inLanguage":"pt-PT","@id":"https:\/\/secure.gravatar.com\/avatar\/c5a7ef84c66fa914f55bc4f7ce26cfa275a3b9a1c5568b907bd184fb4dde7b40?s=96&d=mm&r=g","url":"https:\/\/secure.gravatar.com\/avatar\/c5a7ef84c66fa914f55bc4f7ce26cfa275a3b9a1c5568b907bd184fb4dde7b40?s=96&d=mm&r=g","contentUrl":"https:\/\/secure.gravatar.com\/avatar\/c5a7ef84c66fa914f55bc4f7ce26cfa275a3b9a1c5568b907bd184fb4dde7b40?s=96&d=mm&r=g","caption":"inclusivenews2024"},"sameAs":["https:\/\/inclusivenews.com.br"],"url":"https:\/\/inclusivenews.com.br\/?author=1"}]}},"_links":{"self":[{"href":"https:\/\/inclusivenews.com.br\/index.php?rest_route=\/wp\/v2\/posts\/30533","targetHints":{"allow":["GET"]}}],"collection":[{"href":"https:\/\/inclusivenews.com.br\/index.php?rest_route=\/wp\/v2\/posts"}],"about":[{"href":"https:\/\/inclusivenews.com.br\/index.php?rest_route=\/wp\/v2\/types\/post"}],"author":[{"embeddable":true,"href":"https:\/\/inclusivenews.com.br\/index.php?rest_route=\/wp\/v2\/users\/1"}],"replies":[{"embeddable":true,"href":"https:\/\/inclusivenews.com.br\/index.php?rest_route=%2Fwp%2Fv2%2Fcomments&post=30533"}],"version-history":[{"count":0,"href":"https:\/\/inclusivenews.com.br\/index.php?rest_route=\/wp\/v2\/posts\/30533\/revisions"}],"wp:attachment":[{"href":"https:\/\/inclusivenews.com.br\/index.php?rest_route=%2Fwp%2Fv2%2Fmedia&parent=30533"}],"wp:term":[{"taxonomy":"category","embeddable":true,"href":"https:\/\/inclusivenews.com.br\/index.php?rest_route=%2Fwp%2Fv2%2Fcategories&post=30533"},{"taxonomy":"post_tag","embeddable":true,"href":"https:\/\/inclusivenews.com.br\/index.php?rest_route=%2Fwp%2Fv2%2Ftags&post=30533"}],"curies":[{"name":"wp","href":"https:\/\/api.w.org\/{rel}","templated":true}]}}