{"id":30535,"date":"2017-09-05T16:59:41","date_gmt":"2017-09-05T19:59:41","guid":{"rendered":"http:\/\/www.inclusive.org.br\/?p=30535"},"modified":"2017-09-05T16:59:41","modified_gmt":"2017-09-05T19:59:41","slug":"como-assim-celebrar-a-exclusao","status":"publish","type":"post","link":"https:\/\/inclusivenews.com.br\/?p=30535","title":{"rendered":"Como assim celebrar a exclus\u00e3o?"},"content":{"rendered":"<p><em>Por Lucio Carvalho<\/em><br \/>\n<em>para a Inclusive<\/em><\/p>\n<p>Vem da vizinha Argentina uma not\u00edcia forte candidata a ser, pelo menos no que toca ao direito fundamental \u00e0 educa\u00e7\u00e3o, campeon\u00edssima no quesito crueldade do ano. Fartamente reproduzida nos peri\u00f3dicos de l\u00e1, foi o <a href=\"https:\/\/brasil.elpais.com\/brasil\/2017\/09\/04\/actualidad\/1504515216_199375.html\">El Pais Brasil<\/a> que a trouxe para c\u00e1 ao contar em n\u00e3o muitas linhas a hist\u00f3ria de um aluno diagnosticado com a s\u00edndrome de Asperger que foi removido do conv\u00edvio de seus colegas em decorr\u00eancia de mobiliza\u00e7\u00e3o contr\u00e1ria a sua presen\u00e7a em sala de aula.<\/p>\n<p>Sim, n\u00e3o h\u00e1 erro de leitura aqui: a mobiliza\u00e7\u00e3o reportada foi realmente empreendida por familiares desejosos da remo\u00e7\u00e3o da crian\u00e7a para outra sala de aula, uma que a mantivesse longe dos &#8220;<em>nuestros<\/em>&#8220;, que assim finalmente estariam &#8220;aliviados&#8221; daquele conv\u00edvio.<\/p>\n<p>Tamb\u00e9m n\u00e3o h\u00e1 erro de leitura algum nas comemora\u00e7\u00f5es dos familiares em sua campanha exitosa. Sim, h\u00e1 exclama\u00e7\u00f5es, euforia e muitos emojis esfuziantes pelo obtido em mensagens que foram trocadas em grupos de WhatsApp pelos sequiosos progenitores envolvidos, vazadas e tornadas p\u00fablicas logo a seguir. Foi o bastante para o fato vir a tornar-se pol\u00eamica nacional e at\u00e9 mesmo a atravessar fronteiras, decerto por ser uma esp\u00e9cie de situa\u00e7\u00e3o at\u00e9 certo ponto de conhecimento universal.<\/p>\n<figure style=\"width: 620px\" class=\"wp-caption alignnone\"><img loading=\"lazy\" decoding=\"async\" class=\"\" src=\"http:\/\/bucket1.glanacion.com\/anexos\/fotos\/93\/asperger-en-la-escuela-2525393w620.jpg\" alt=\"Captura da conversa. Em processo de descri\u00e7\u00e3o. Fonte: La Nacion.\" width=\"620\" height=\"348\" \/><figcaption class=\"wp-caption-text\">Captura da conversa. Em processo de descri\u00e7\u00e3o. Fonte: La Nacion.<\/figcaption><\/figure>\n<p>Alunos afastados, convidados a procurar outros estabelecimentos, encaminhados para tratamentos e institui\u00e7\u00f5es ou simplesmente expulsos n\u00e3o consistem novidade alguma por aqui, no Brasil. Bastaria lan\u00e7ar a pergunta em aberto &#8220;Quem j\u00e1 passou por isso ou semelhante?&#8221; e choveriam casos e mais casos escabrosos de ofensa aos direitos da crian\u00e7a, aos direitos humanos de um modo geral e at\u00e9 mesmo de viol\u00eancias mal reportadas, mal conduzidas e muitas vezes simplesmente deixadas por isso mesmo, tal o desamparo que costuma atingir quem atravessa a situa\u00e7\u00e3o ou situa\u00e7\u00f5es semelhantes. Isso no \u00e2mbito da educa\u00e7\u00e3o p\u00fablica e privada, frise-se bem. A novidade aqui, neste caso, \u00e9 poder verificar-se sem sombra de d\u00favida que isso muitas vezes ocorre para o regozijo dos demais e isto \u00e9 por si s\u00f3 bestificante, paralisante, demolidor.<\/p>\n<p>\u00c9 preciso aceitar, em face disso, que boa parte do esfor\u00e7o em prol de qualificar as rela\u00e7\u00f5es humanas na escola tem sido literalmente em v\u00e3o. E isso se uma pessoa apenas comemorasse a exclus\u00e3o de um aluno com autismo ou outra defici\u00eancia qualquer. Quando isso atinge uma comunidade, \u00e9 de pensar que muito mais vai mal, a come\u00e7ar pela no\u00e7\u00e3o de que se pode dispor dos direitos individuais em prol do suposto desejo da maioria. Conflito este que \u00e9 absurdo e falacioso, vale dizer.<\/p>\n<p>N\u00e3o h\u00e1 um desejo democr\u00e1tico quando ele visa suprimir os direitos mesmo que sejam de uma pessoa apenas. N\u00e3o h\u00e1 legitimidade alguma neste pleito de exclus\u00e3o ou, pelo menos, se h\u00e1, tem a mesma legitimidade do que o seu pr\u00f3prio direito \u00e0 educa\u00e7\u00e3o. Esta \u00e9 a base do estabelecimento dos direitos humanos e a democracia moderna se adapta a isto, jamais o pode suprimir, porque ent\u00e3o haveria um regresso a um justificado estado de supress\u00e3o de direitos. Quantos outros anseios da maioria se justificariam da mesma forma partindo-se dessa conduta? Ou melhor, que qualidade de anseios? Que projeto de sociedade estaria sendo defendido e efetivado dentro desse leque de hip\u00f3teses educacionais e sociais?<\/p>\n<p>Est\u00e1 muito certo que n\u00e3o se possa controlar o que move o desejo e a felicidade de ningu\u00e9m. N\u00e3o \u00e9 um processo f\u00e1cil mesmo a mudan\u00e7a de mentalidades, nunca foi. E o exemplo de trag\u00e9dias antigas nunca brecou por si s\u00f3 o surgimento de outras mais novas, ou renovadas. \u00c9 preciso, portanto, cuidar dos direitos humanos a fim de que mesmo por desejos rumorosos n\u00e3o se d\u00ea causa a qualquer tipo de viol\u00eancia, abuso ou ilegalidade.<\/p>\n<p>Desde que ocorra sem preju\u00edzo de nenhuma esp\u00e9cie a quem quer que seja, n\u00e3o deveria custar muito imaginar solu\u00e7\u00f5es de outra ordem tanto no \u00e2mbito educacional quanto legal quando se vai resolver conflitos e \u00e9 bastante normal que situa\u00e7\u00f5es assim confluam para os espa\u00e7os p\u00fablicos, como por exemplo a escola. \u00c9 duro admitir que a op\u00e7\u00e3o mais f\u00e1cil tem sido esta mesmo: dar oportunidade ao esvaziamento do conflito, ao seu apagamento mesmo que custe a exclus\u00e3o de um ou outro aluno, afinal isolando-se um a um parecem mesmo que s\u00e3o pouco significativos, mas n\u00e3o s\u00e3o. Nem um \u00e9.<\/p>\n<p>Neste caso dos &#8220;<em>hermanos<\/em>&#8220;, o que \u00e9 entristecedor \u00e9 que se percebe o qu\u00e3o poucos notam a dimens\u00e3o da viol\u00eancia que perpetram. E que fiquem felizes e extasiados pelo sucesso da viol\u00eancia \u00e9 quase um espancamento coletivo que fazem, ainda que invoquem a privacidade do di\u00e1logo e a casu\u00edstica do fato em si. Que a educa\u00e7\u00e3o (amplo senso) das crian\u00e7as n\u00e3o vai bem n\u00e3o \u00e9 exatamente uma novidade, mas ocasi\u00f5es assim s\u00e3o esclarecedoras a respeito de pelo menos parte da origem do &#8220;problema&#8221;. Bem, pelo menos nesse caso pode-se admitir com boa dose de franqueza que a educa\u00e7\u00e3o (amplo senso) dos pais tamb\u00e9m n\u00e3o est\u00e1 l\u00e1 essas coisas.<\/p>\n","protected":false},"excerpt":{"rendered":"<p>N\u00e3o h\u00e1 um desejo democr\u00e1tico quando ele visa suprimir os direitos mesmo que sejam de uma pessoa apenas.  Por Lucio Carvalho, para a Inclusive.<\/p>\n","protected":false},"author":1,"featured_media":0,"comment_status":"open","ping_status":"open","sticky":false,"template":"","format":"standard","meta":{"site-container-style":"default","site-container-layout":"default","site-sidebar-layout":"default","disable-article-header":"default","disable-site-header":"default","disable-site-footer":"default","disable-content-area-spacing":"default","footnotes":""},"categories":[4],"tags":[404,34,126,238],"class_list":["post-30535","post","type-post","status-publish","format-standard","hentry","category-noticias","tag-argentina","tag-autismo","tag-educacao-inclusiva","tag-exclusao"],"yoast_head":"<!-- This site is optimized with the Yoast SEO plugin v27.4 - https:\/\/yoast.com\/product\/yoast-seo-wordpress\/ -->\n<title>Como assim celebrar a exclus\u00e3o? -<\/title>\n<meta name=\"robots\" content=\"index, follow, max-snippet:-1, max-image-preview:large, max-video-preview:-1\" \/>\n<link rel=\"canonical\" href=\"https:\/\/inclusivenews.com.br\/?p=30535\" \/>\n<meta property=\"og:locale\" content=\"pt_PT\" \/>\n<meta property=\"og:type\" content=\"article\" \/>\n<meta property=\"og:title\" content=\"Como assim celebrar a exclus\u00e3o? -\" \/>\n<meta property=\"og:description\" content=\"N\u00e3o h\u00e1 um desejo democr\u00e1tico quando ele visa suprimir os direitos mesmo que sejam de uma pessoa apenas. Por Lucio Carvalho, para a Inclusive.\" \/>\n<meta property=\"og:url\" content=\"https:\/\/inclusivenews.com.br\/?p=30535\" \/>\n<meta property=\"article:publisher\" content=\"https:\/\/www.facebook.com\/agenciainclusive\/\" \/>\n<meta property=\"article:published_time\" content=\"2017-09-05T19:59:41+00:00\" \/>\n<meta property=\"og:image\" content=\"http:\/\/bucket1.glanacion.com\/anexos\/fotos\/93\/asperger-en-la-escuela-2525393w620.jpg\" \/>\n<meta name=\"author\" content=\"inclusivenews2024\" \/>\n<meta name=\"twitter:card\" content=\"summary_large_image\" \/>\n<meta name=\"twitter:label1\" content=\"Escrito por\" \/>\n\t<meta name=\"twitter:data1\" content=\"inclusivenews2024\" \/>\n\t<meta name=\"twitter:label2\" content=\"Tempo estimado de leitura\" \/>\n\t<meta name=\"twitter:data2\" content=\"4 minutos\" \/>\n<script type=\"application\/ld+json\" class=\"yoast-schema-graph\">{\"@context\":\"https:\\\/\\\/schema.org\",\"@graph\":[{\"@type\":\"Article\",\"@id\":\"https:\\\/\\\/inclusivenews.com.br\\\/?p=30535#article\",\"isPartOf\":{\"@id\":\"https:\\\/\\\/inclusivenews.com.br\\\/?p=30535\"},\"author\":{\"name\":\"inclusivenews2024\",\"@id\":\"https:\\\/\\\/inclusivenews.com.br\\\/#\\\/schema\\\/person\\\/ae4ec7087559b8692fb33b6fffd2273b\"},\"headline\":\"Como assim celebrar a exclus\u00e3o?\",\"datePublished\":\"2017-09-05T19:59:41+00:00\",\"mainEntityOfPage\":{\"@id\":\"https:\\\/\\\/inclusivenews.com.br\\\/?p=30535\"},\"wordCount\":898,\"commentCount\":2,\"publisher\":{\"@id\":\"https:\\\/\\\/inclusivenews.com.br\\\/#organization\"},\"image\":{\"@id\":\"https:\\\/\\\/inclusivenews.com.br\\\/?p=30535#primaryimage\"},\"thumbnailUrl\":\"http:\\\/\\\/bucket1.glanacion.com\\\/anexos\\\/fotos\\\/93\\\/asperger-en-la-escuela-2525393w620.jpg\",\"keywords\":[\"Argentina\",\"Autismo\",\"Educa\u00e7\u00e3o inclusiva\",\"exclus\u00e3o\"],\"articleSection\":[\"NOT\u00cdCIAS\"],\"inLanguage\":\"pt-PT\",\"potentialAction\":[{\"@type\":\"CommentAction\",\"name\":\"Comment\",\"target\":[\"https:\\\/\\\/inclusivenews.com.br\\\/?p=30535#respond\"]}]},{\"@type\":\"WebPage\",\"@id\":\"https:\\\/\\\/inclusivenews.com.br\\\/?p=30535\",\"url\":\"https:\\\/\\\/inclusivenews.com.br\\\/?p=30535\",\"name\":\"Como assim celebrar a exclus\u00e3o? -\",\"isPartOf\":{\"@id\":\"https:\\\/\\\/inclusivenews.com.br\\\/#website\"},\"primaryImageOfPage\":{\"@id\":\"https:\\\/\\\/inclusivenews.com.br\\\/?p=30535#primaryimage\"},\"image\":{\"@id\":\"https:\\\/\\\/inclusivenews.com.br\\\/?p=30535#primaryimage\"},\"thumbnailUrl\":\"http:\\\/\\\/bucket1.glanacion.com\\\/anexos\\\/fotos\\\/93\\\/asperger-en-la-escuela-2525393w620.jpg\",\"datePublished\":\"2017-09-05T19:59:41+00:00\",\"breadcrumb\":{\"@id\":\"https:\\\/\\\/inclusivenews.com.br\\\/?p=30535#breadcrumb\"},\"inLanguage\":\"pt-PT\",\"potentialAction\":[{\"@type\":\"ReadAction\",\"target\":[\"https:\\\/\\\/inclusivenews.com.br\\\/?p=30535\"]}]},{\"@type\":\"ImageObject\",\"inLanguage\":\"pt-PT\",\"@id\":\"https:\\\/\\\/inclusivenews.com.br\\\/?p=30535#primaryimage\",\"url\":\"http:\\\/\\\/bucket1.glanacion.com\\\/anexos\\\/fotos\\\/93\\\/asperger-en-la-escuela-2525393w620.jpg\",\"contentUrl\":\"http:\\\/\\\/bucket1.glanacion.com\\\/anexos\\\/fotos\\\/93\\\/asperger-en-la-escuela-2525393w620.jpg\"},{\"@type\":\"BreadcrumbList\",\"@id\":\"https:\\\/\\\/inclusivenews.com.br\\\/?p=30535#breadcrumb\",\"itemListElement\":[{\"@type\":\"ListItem\",\"position\":1,\"name\":\"In\u00edcio\",\"item\":\"https:\\\/\\\/inclusivenews.com.br\\\/\"},{\"@type\":\"ListItem\",\"position\":2,\"name\":\"Como assim celebrar a exclus\u00e3o?\"}]},{\"@type\":\"WebSite\",\"@id\":\"https:\\\/\\\/inclusivenews.com.br\\\/#website\",\"url\":\"https:\\\/\\\/inclusivenews.com.br\\\/\",\"name\":\"Inclusive News\",\"description\":\"Inclusive News\",\"publisher\":{\"@id\":\"https:\\\/\\\/inclusivenews.com.br\\\/#organization\"},\"potentialAction\":[{\"@type\":\"SearchAction\",\"target\":{\"@type\":\"EntryPoint\",\"urlTemplate\":\"https:\\\/\\\/inclusivenews.com.br\\\/?s={search_term_string}\"},\"query-input\":{\"@type\":\"PropertyValueSpecification\",\"valueRequired\":true,\"valueName\":\"search_term_string\"}}],\"inLanguage\":\"pt-PT\"},{\"@type\":\"Organization\",\"@id\":\"https:\\\/\\\/inclusivenews.com.br\\\/#organization\",\"name\":\"Inclusive - inclus\u00e3o e cidadania\",\"url\":\"https:\\\/\\\/inclusivenews.com.br\\\/\",\"logo\":{\"@type\":\"ImageObject\",\"inLanguage\":\"pt-PT\",\"@id\":\"https:\\\/\\\/inclusivenews.com.br\\\/#\\\/schema\\\/logo\\\/image\\\/\",\"url\":\"https:\\\/\\\/inclusivenews.com.br\\\/wp-content\\\/uploads\\\/2024\\\/03\\\/@grandesite.png\",\"contentUrl\":\"https:\\\/\\\/inclusivenews.com.br\\\/wp-content\\\/uploads\\\/2024\\\/03\\\/@grandesite.png\",\"width\":1080,\"height\":1080,\"caption\":\"Inclusive - inclus\u00e3o e cidadania\"},\"image\":{\"@id\":\"https:\\\/\\\/inclusivenews.com.br\\\/#\\\/schema\\\/logo\\\/image\\\/\"},\"sameAs\":[\"https:\\\/\\\/www.facebook.com\\\/agenciainclusive\\\/\",\"https:\\\/\\\/www.instagram.com\\\/newsinclusive\\\/\"]},{\"@type\":\"Person\",\"@id\":\"https:\\\/\\\/inclusivenews.com.br\\\/#\\\/schema\\\/person\\\/ae4ec7087559b8692fb33b6fffd2273b\",\"name\":\"inclusivenews2024\",\"image\":{\"@type\":\"ImageObject\",\"inLanguage\":\"pt-PT\",\"@id\":\"https:\\\/\\\/secure.gravatar.com\\\/avatar\\\/c5a7ef84c66fa914f55bc4f7ce26cfa275a3b9a1c5568b907bd184fb4dde7b40?s=96&d=mm&r=g\",\"url\":\"https:\\\/\\\/secure.gravatar.com\\\/avatar\\\/c5a7ef84c66fa914f55bc4f7ce26cfa275a3b9a1c5568b907bd184fb4dde7b40?s=96&d=mm&r=g\",\"contentUrl\":\"https:\\\/\\\/secure.gravatar.com\\\/avatar\\\/c5a7ef84c66fa914f55bc4f7ce26cfa275a3b9a1c5568b907bd184fb4dde7b40?s=96&d=mm&r=g\",\"caption\":\"inclusivenews2024\"},\"sameAs\":[\"https:\\\/\\\/inclusivenews.com.br\"],\"url\":\"https:\\\/\\\/inclusivenews.com.br\\\/?author=1\"}]}<\/script>\n<!-- \/ Yoast SEO plugin. -->","yoast_head_json":{"title":"Como assim celebrar a exclus\u00e3o? -","robots":{"index":"index","follow":"follow","max-snippet":"max-snippet:-1","max-image-preview":"max-image-preview:large","max-video-preview":"max-video-preview:-1"},"canonical":"https:\/\/inclusivenews.com.br\/?p=30535","og_locale":"pt_PT","og_type":"article","og_title":"Como assim celebrar a exclus\u00e3o? -","og_description":"N\u00e3o h\u00e1 um desejo democr\u00e1tico quando ele visa suprimir os direitos mesmo que sejam de uma pessoa apenas. Por Lucio Carvalho, para a Inclusive.","og_url":"https:\/\/inclusivenews.com.br\/?p=30535","article_publisher":"https:\/\/www.facebook.com\/agenciainclusive\/","article_published_time":"2017-09-05T19:59:41+00:00","og_image":[{"url":"http:\/\/bucket1.glanacion.com\/anexos\/fotos\/93\/asperger-en-la-escuela-2525393w620.jpg","type":"","width":"","height":""}],"author":"inclusivenews2024","twitter_card":"summary_large_image","twitter_misc":{"Escrito por":"inclusivenews2024","Tempo estimado de leitura":"4 minutos"},"schema":{"@context":"https:\/\/schema.org","@graph":[{"@type":"Article","@id":"https:\/\/inclusivenews.com.br\/?p=30535#article","isPartOf":{"@id":"https:\/\/inclusivenews.com.br\/?p=30535"},"author":{"name":"inclusivenews2024","@id":"https:\/\/inclusivenews.com.br\/#\/schema\/person\/ae4ec7087559b8692fb33b6fffd2273b"},"headline":"Como assim celebrar a exclus\u00e3o?","datePublished":"2017-09-05T19:59:41+00:00","mainEntityOfPage":{"@id":"https:\/\/inclusivenews.com.br\/?p=30535"},"wordCount":898,"commentCount":2,"publisher":{"@id":"https:\/\/inclusivenews.com.br\/#organization"},"image":{"@id":"https:\/\/inclusivenews.com.br\/?p=30535#primaryimage"},"thumbnailUrl":"http:\/\/bucket1.glanacion.com\/anexos\/fotos\/93\/asperger-en-la-escuela-2525393w620.jpg","keywords":["Argentina","Autismo","Educa\u00e7\u00e3o inclusiva","exclus\u00e3o"],"articleSection":["NOT\u00cdCIAS"],"inLanguage":"pt-PT","potentialAction":[{"@type":"CommentAction","name":"Comment","target":["https:\/\/inclusivenews.com.br\/?p=30535#respond"]}]},{"@type":"WebPage","@id":"https:\/\/inclusivenews.com.br\/?p=30535","url":"https:\/\/inclusivenews.com.br\/?p=30535","name":"Como assim celebrar a exclus\u00e3o? -","isPartOf":{"@id":"https:\/\/inclusivenews.com.br\/#website"},"primaryImageOfPage":{"@id":"https:\/\/inclusivenews.com.br\/?p=30535#primaryimage"},"image":{"@id":"https:\/\/inclusivenews.com.br\/?p=30535#primaryimage"},"thumbnailUrl":"http:\/\/bucket1.glanacion.com\/anexos\/fotos\/93\/asperger-en-la-escuela-2525393w620.jpg","datePublished":"2017-09-05T19:59:41+00:00","breadcrumb":{"@id":"https:\/\/inclusivenews.com.br\/?p=30535#breadcrumb"},"inLanguage":"pt-PT","potentialAction":[{"@type":"ReadAction","target":["https:\/\/inclusivenews.com.br\/?p=30535"]}]},{"@type":"ImageObject","inLanguage":"pt-PT","@id":"https:\/\/inclusivenews.com.br\/?p=30535#primaryimage","url":"http:\/\/bucket1.glanacion.com\/anexos\/fotos\/93\/asperger-en-la-escuela-2525393w620.jpg","contentUrl":"http:\/\/bucket1.glanacion.com\/anexos\/fotos\/93\/asperger-en-la-escuela-2525393w620.jpg"},{"@type":"BreadcrumbList","@id":"https:\/\/inclusivenews.com.br\/?p=30535#breadcrumb","itemListElement":[{"@type":"ListItem","position":1,"name":"In\u00edcio","item":"https:\/\/inclusivenews.com.br\/"},{"@type":"ListItem","position":2,"name":"Como assim celebrar a exclus\u00e3o?"}]},{"@type":"WebSite","@id":"https:\/\/inclusivenews.com.br\/#website","url":"https:\/\/inclusivenews.com.br\/","name":"Inclusive News","description":"Inclusive News","publisher":{"@id":"https:\/\/inclusivenews.com.br\/#organization"},"potentialAction":[{"@type":"SearchAction","target":{"@type":"EntryPoint","urlTemplate":"https:\/\/inclusivenews.com.br\/?s={search_term_string}"},"query-input":{"@type":"PropertyValueSpecification","valueRequired":true,"valueName":"search_term_string"}}],"inLanguage":"pt-PT"},{"@type":"Organization","@id":"https:\/\/inclusivenews.com.br\/#organization","name":"Inclusive - inclus\u00e3o e cidadania","url":"https:\/\/inclusivenews.com.br\/","logo":{"@type":"ImageObject","inLanguage":"pt-PT","@id":"https:\/\/inclusivenews.com.br\/#\/schema\/logo\/image\/","url":"https:\/\/inclusivenews.com.br\/wp-content\/uploads\/2024\/03\/@grandesite.png","contentUrl":"https:\/\/inclusivenews.com.br\/wp-content\/uploads\/2024\/03\/@grandesite.png","width":1080,"height":1080,"caption":"Inclusive - inclus\u00e3o e cidadania"},"image":{"@id":"https:\/\/inclusivenews.com.br\/#\/schema\/logo\/image\/"},"sameAs":["https:\/\/www.facebook.com\/agenciainclusive\/","https:\/\/www.instagram.com\/newsinclusive\/"]},{"@type":"Person","@id":"https:\/\/inclusivenews.com.br\/#\/schema\/person\/ae4ec7087559b8692fb33b6fffd2273b","name":"inclusivenews2024","image":{"@type":"ImageObject","inLanguage":"pt-PT","@id":"https:\/\/secure.gravatar.com\/avatar\/c5a7ef84c66fa914f55bc4f7ce26cfa275a3b9a1c5568b907bd184fb4dde7b40?s=96&d=mm&r=g","url":"https:\/\/secure.gravatar.com\/avatar\/c5a7ef84c66fa914f55bc4f7ce26cfa275a3b9a1c5568b907bd184fb4dde7b40?s=96&d=mm&r=g","contentUrl":"https:\/\/secure.gravatar.com\/avatar\/c5a7ef84c66fa914f55bc4f7ce26cfa275a3b9a1c5568b907bd184fb4dde7b40?s=96&d=mm&r=g","caption":"inclusivenews2024"},"sameAs":["https:\/\/inclusivenews.com.br"],"url":"https:\/\/inclusivenews.com.br\/?author=1"}]}},"_links":{"self":[{"href":"https:\/\/inclusivenews.com.br\/index.php?rest_route=\/wp\/v2\/posts\/30535","targetHints":{"allow":["GET"]}}],"collection":[{"href":"https:\/\/inclusivenews.com.br\/index.php?rest_route=\/wp\/v2\/posts"}],"about":[{"href":"https:\/\/inclusivenews.com.br\/index.php?rest_route=\/wp\/v2\/types\/post"}],"author":[{"embeddable":true,"href":"https:\/\/inclusivenews.com.br\/index.php?rest_route=\/wp\/v2\/users\/1"}],"replies":[{"embeddable":true,"href":"https:\/\/inclusivenews.com.br\/index.php?rest_route=%2Fwp%2Fv2%2Fcomments&post=30535"}],"version-history":[{"count":0,"href":"https:\/\/inclusivenews.com.br\/index.php?rest_route=\/wp\/v2\/posts\/30535\/revisions"}],"wp:attachment":[{"href":"https:\/\/inclusivenews.com.br\/index.php?rest_route=%2Fwp%2Fv2%2Fmedia&parent=30535"}],"wp:term":[{"taxonomy":"category","embeddable":true,"href":"https:\/\/inclusivenews.com.br\/index.php?rest_route=%2Fwp%2Fv2%2Fcategories&post=30535"},{"taxonomy":"post_tag","embeddable":true,"href":"https:\/\/inclusivenews.com.br\/index.php?rest_route=%2Fwp%2Fv2%2Ftags&post=30535"}],"curies":[{"name":"wp","href":"https:\/\/api.w.org\/{rel}","templated":true}]}}