{"id":30555,"date":"2017-09-11T10:28:07","date_gmt":"2017-09-11T13:28:07","guid":{"rendered":"http:\/\/www.inclusive.org.br\/?p=30555"},"modified":"2017-09-11T10:28:07","modified_gmt":"2017-09-11T13:28:07","slug":"gnpapo-eventos-sobre-deficiencia-da-enap-transmitidos-online-149","status":"publish","type":"post","link":"https:\/\/inclusivenews.com.br\/?p=30555","title":{"rendered":"Semana de Inclus\u00e3o de Pessoas com Defici\u00eancia &#8211; ENAP &#8211; 12 a 15\/9 (Eventos transmitidos online em 14\/9)"},"content":{"rendered":"<p><img loading=\"lazy\" decoding=\"async\" class=\"alignnone wp-image-30561\" src=\"http:\/\/inclusivenews.com.br\/wp-content\/uploads\/Document-page-001.jpg\" alt=\"Programa\u00e7\u00e3o da semana. Detalhamento no corpo da postagem.\" width=\"376\" height=\"750\" \/><\/p>\n<p>Semana de Inclus\u00e3o de Pessoas com Defici\u00eancia<\/p>\n<p>De 12 a 15 de setembro de 2017<\/p>\n<p>1. dia \u2013 12 de setembro<\/p>\n<p>9h \u00e0s 9h15 Abertura Oficial da Semana da Inclus\u00e3o &#8211; Hall<\/p>\n<p>9h \u00e0s 11h Viv\u00eancia da Cal\u00e7ada com Barreiras &#8211; Hall<\/p>\n<p>9h \u00e0s 19h Exposi\u00e7\u00e3o de publica\u00e7\u00f5es sobre pessoas com defici\u00eancia e pol\u00edticas p\u00fablicas &#8211; Biblioteca Graciliano Ramos<\/p>\n<p>9h \u00e0s 19h Mostra Fotogr\u00e1fica COMOVER &#8211; Sala de Conviv\u00eancia<\/p>\n<p>14h \u00e0s 16h Oficina de Tecnologias Assistivas na Acessibiliza\u00e7\u00e3o de Conte\u00fados* &#8211; Sala 125<\/p>\n<p>16h \u00e0s 16h30 Desfile Fashion Inclusivo &#8211; Hall<\/p>\n<p>2o dia \u2013 13 de setembro<\/p>\n<p>9h \u00e0s 11h e 14h \u00e0s 17h Viv\u00eancia da Cal\u00e7ada com Barreiras &#8211; Hall<\/p>\n<p>9h \u00e0s 19h Exposi\u00e7\u00e3o de publica\u00e7\u00f5es sobre pessoas com defici\u00eancia e pol\u00edticas p\u00fablicas &#8211; Biblioteca Graciliano Ramos<\/p>\n<p>9h \u00e0s 19h Mostra Fotogr\u00e1fica COMOVER &#8211; Sala de Conviv\u00eancia<\/p>\n<p>10h \u00e0s 11h30 Experimenta\u00e7\u00e3o de esportes para pessoas com defici\u00eancia: t\u00eanis de mesa, bocha, t\u00eanis, parabadmington e basquete &#8211; Gin\u00e1sio<\/p>\n<p>14h \u00e0s 16h Roda de conversa: Precisamos falar sobre autismo e neurodiversidades &#8211; Sala 005<\/p>\n<p>16h \u00e0s 18h Mostra de ideias de estudantes de gradua\u00e7\u00e3o da UnB para inovar em tecnologia assistiva &#8211; Hall<\/p>\n<p>3o dia \u2013 14 de setembro<\/p>\n<p>9h \u00e0s 11h e 14h \u00e0s 17h Viv\u00eancia da Cal\u00e7ada com Barreiras &#8211; Hall<\/p>\n<p>9h \u00e0s 19h Exposi\u00e7\u00e3o de publica\u00e7\u00f5es sobre pessoas com defici\u00eancia e pol\u00edticas p\u00fablicas &#8211; Biblioteca Graciliano Ramos<\/p>\n<p>9h \u00e0s 19h Mostra Fotogr\u00e1fica COMOVER &#8211; Sala de Conviv\u00eancia<\/p>\n<p>10h30 \u00e0s 12h GNPapo Tecnologias Assistivas e Inclus\u00e3o &#8211; Emerson Fachin-Martins (UnB) &#8211; Marcos Roberto (MeViro) &#8211; Inovatio**<\/p>\n<p>14h30 \u00e0s 17h30 Semin\u00e1rio de Pr\u00e1ticas Inclusivas na Gest\u00e3o P\u00fablica** &#8211; Inovatio<\/p>\n<p>4o dia \u2013 15 de setembro<\/p>\n<p>10h \u00e0s 12h Mostra de ideias de estudantes de p\u00f3s-gradua\u00e7\u00e3o da UnB para inovar em tecnologia assistiva &#8211; Hall<\/p>\n<p>*Vagas limitadas. Pr\u00e9-inscri\u00e7\u00f5es enviando e-mail com nome completo, institui\u00e7\u00e3o, \u00e1rea de atua\u00e7\u00e3o e se necessita de algum recurso de acessibilidade para inclusao@enap.gov.br **Inscri\u00e7\u00f5es enviando e-mail com nome completo, institui\u00e7\u00e3o, \u00e1rea de atua\u00e7\u00e3o e se necessita de algum recurso de acessibilidade para inclusao@enap.gov.br. A atividade contar\u00e1 com audiodescri\u00e7\u00e3o e interpreta\u00e7\u00e3o em Libras.<\/p>\n<p>**A transmiss\u00e3o on-line acontecer\u00e1 no hor\u00e1rio do evento pelo assiste.gov.br \u2013 com janela de Libras.<\/p>\n<p>Detalhamento:<\/p>\n<p>14\/9 &#8211; 10:30 &#8211;\u00a0GNPAPO (conversa com inovadores) sobre tecnologias assistivas \u00a0(UnB e Meviro).<\/p>\n<p>Nessa conversa, o tema ser\u00e1 tecnologias assistivas e inclus\u00e3o.<\/p>\n<p>Com Emerson Fachin-Martins, do NTAAI, e Marcos Roberto, do Me Viro. Emerson Fachin-Martins coordena o NTAAI, N\u00facleo de Tecnologia Assistiva, Acessibilidade e Inova\u00e7\u00e3o da Universidade de Bras\u00edlia, onde articula o ensino, a pesquisa e a extens\u00e3o inovadora, \u201cViver sem limites em um corpo que interage com tecnologias\u201d . \u00c9 ainda professor das p\u00f3s-gradua\u00e7\u00f5es em Ci\u00eancias e Tecnologias em Sa\u00fade e em Ci\u00eancias da Reabilita\u00e7\u00e3o.<\/p>\n<p>Marcos Roberto \u00e9 fundador do Me Viro, uma plataforma que incentiva inventores, makers, e apaixonados pela cultura DIY a compartilharem suas ideias em prol da adapta\u00e7\u00e3o do mundo para pessoas com limita\u00e7\u00f5es. Fundou tr\u00eas empresas de tecnologia, viveu no Vale do Sil\u00edcio e tornou-se empreendedor social. \u00c9 ainda consultor do PNUD\/ONU.<\/p>\n<p>O G.NPAPO \u2013 Conversa com Inovadores \u00e9 um espa\u00e7o de debate sobre ideias para inova\u00e7\u00e3o em governo, aberto a todos e voltado para um p\u00fablico de servidores interessados em novas ferramentas e meios que aumentem a capacidade de inovar nos processos organizacionais e pol\u00edticas p\u00fablicas, de forma a alcan\u00e7ar resultados positivos. A entrada \u00e9 franca. E a conversa tamb\u00e9m. Transmiss\u00e3o simult\u00e2nea pelo site\u00a0<a href=\"http:\/\/assiste.enap.gov.br\/\" target=\"_blank\" rel=\"noreferrer noopener\" data-saferedirecturl=\"https:\/\/www.google.com\/url?hl=en&amp;q=http:\/\/assiste.enap.gov.br&amp;source=gmail&amp;ust=1505225272794000&amp;usg=AFQjCNFBZXeOC1npkRjl-1LCpNC-xiIUeQ\">http:\/\/assiste.enap.gov.br<\/a>\u00a0(com janela de libras). Programa de Inclus\u00e3o de Pessoas com Defici\u00eancia \u2013 Rede Inovagov \u2013 GNova Laborat\u00f3rio de Inova\u00e7\u00e3o em Governo \u2013 Minist\u00e9rio do Planejamento, Desenvolvimento e Gest\u00e3o \u2013 Governo Federal<\/p>\n<p>G.NOVA \u2013 Laborat\u00f3rio de Inova\u00e7\u00e3o em Governo &#8211;\u00a0<a href=\"http:\/\/gnova.enap.gov.br\/\">http:\/\/gnova.enap.gov.br\/<\/a><\/p>\n<p>14:30 &#8211; Semin\u00e1rio de Pr\u00e1ticas Inclusivas com o Comit\u00ea de Acessibilidade da C\u00e2mara de Deputados; \u00a0SNPD apresenta an\u00e1lises sobre vulnerabilidade e possibilidades de implementar pol\u00edticas p\u00fablicas de forma mais efetivada popula\u00e7\u00e3o com defici\u00eancia no Brasil e GDF conta\u00a0sobre a abordagem integrada entre secretarias para incluir pessoas surdas.<\/p>\n<p>Haver\u00e1 transporte (van) da Esta\u00e7\u00e3o asa sul \u00e0 Enap \u00e0s 8:30, 9h, 9:30, 13:30 e 14h. Retorno da Enap para esta\u00e7\u00e3o asa sul \u00e0s 12h, 12:30, 14h, 16:10, 17:15, 17:45, 18:10 e 18:30. Solicitamos que pessoas usu\u00e1rias de cadeiras de rodas agendem o transporte acess\u00edvel pelo whatsapp 61-985024955<\/p>\n<p>Os dois eventos ter\u00e3o transmiss\u00e3o ao vivo com janela de Libras.<\/p>\n<p>\u00c9 s\u00f3 acessar o site\u00a0<a href=\"http:\/\/assiste.enap.gov.br\/\" target=\"_blank\" rel=\"noreferrer noopener\" data-saferedirecturl=\"https:\/\/www.google.com\/url?hl=en&amp;q=http:\/\/assiste.enap.gov.br&amp;source=gmail&amp;ust=1505221847793000&amp;usg=AFQjCNGUKOvFb_vVG545IkXGb7XNddXdqg\">assiste.enap.gov.br<\/a>\u00a0nos hor\u00e1rio dos eventos, podendo participar com coment\u00e1rios e perguntas.<\/p>\n","protected":false},"excerpt":{"rendered":"<p>Semana de Inclus\u00e3o de Pessoas com Defici\u00eancia De 12 a 15 de setembro de 2017 1. dia \u2013 12 de setembro 9h \u00e0s 9h15 Abertura Oficial da Semana da Inclus\u00e3o &#8211; Hall 9h \u00e0s 11h Viv\u00eancia da Cal\u00e7ada com Barreiras &#8211; Hall 9h \u00e0s 19h Exposi\u00e7\u00e3o de publica\u00e7\u00f5es sobre pessoas com defici\u00eancia e pol\u00edticas p\u00fablicas [&hellip;]<\/p>\n","protected":false},"author":1,"featured_media":0,"comment_status":"open","ping_status":"open","sticky":false,"template":"","format":"standard","meta":{"site-container-style":"default","site-container-layout":"default","site-sidebar-layout":"default","disable-article-header":"default","disable-site-header":"default","disable-site-footer":"default","disable-content-area-spacing":"default","footnotes":""},"categories":[12,38,48],"tags":[],"class_list":["post-30555","post","type-post","status-publish","format-standard","hentry","category-cursos-e-eventos","category-deficiencia","category-inclusao"],"yoast_head":"<!-- This site is optimized with the Yoast SEO plugin v27.4 - https:\/\/yoast.com\/product\/yoast-seo-wordpress\/ -->\n<title>Semana de Inclus\u00e3o de Pessoas com Defici\u00eancia - ENAP - 12 a 15\/9 (Eventos transmitidos online em 14\/9) -<\/title>\n<meta name=\"robots\" content=\"index, follow, max-snippet:-1, max-image-preview:large, max-video-preview:-1\" \/>\n<link rel=\"canonical\" href=\"https:\/\/inclusivenews.com.br\/?p=30555\" \/>\n<meta property=\"og:locale\" content=\"pt_PT\" \/>\n<meta property=\"og:type\" content=\"article\" \/>\n<meta property=\"og:title\" content=\"Semana de Inclus\u00e3o de Pessoas com Defici\u00eancia - ENAP - 12 a 15\/9 (Eventos transmitidos online em 14\/9) -\" \/>\n<meta property=\"og:description\" content=\"Semana de Inclus\u00e3o de Pessoas com Defici\u00eancia De 12 a 15 de setembro de 2017 1. dia \u2013 12 de setembro 9h \u00e0s 9h15 Abertura Oficial da Semana da Inclus\u00e3o &#8211; Hall 9h \u00e0s 11h Viv\u00eancia da Cal\u00e7ada com Barreiras &#8211; Hall 9h \u00e0s 19h Exposi\u00e7\u00e3o de publica\u00e7\u00f5es sobre pessoas com defici\u00eancia e pol\u00edticas p\u00fablicas [&hellip;]\" \/>\n<meta property=\"og:url\" content=\"https:\/\/inclusivenews.com.br\/?p=30555\" \/>\n<meta property=\"article:publisher\" content=\"https:\/\/www.facebook.com\/agenciainclusive\/\" \/>\n<meta property=\"article:published_time\" content=\"2017-09-11T13:28:07+00:00\" \/>\n<meta property=\"og:image\" content=\"http:\/\/inclusivenews.com.br\/wp-content\/uploads\/Document-page-001.jpg\" \/>\n<meta name=\"author\" content=\"inclusivenews2024\" \/>\n<meta name=\"twitter:card\" content=\"summary_large_image\" \/>\n<meta name=\"twitter:label1\" content=\"Escrito por\" \/>\n\t<meta name=\"twitter:data1\" content=\"inclusivenews2024\" \/>\n\t<meta name=\"twitter:label2\" content=\"Tempo estimado de leitura\" \/>\n\t<meta name=\"twitter:data2\" content=\"4 minutos\" \/>\n<script type=\"application\/ld+json\" class=\"yoast-schema-graph\">{\"@context\":\"https:\\\/\\\/schema.org\",\"@graph\":[{\"@type\":\"Article\",\"@id\":\"https:\\\/\\\/inclusivenews.com.br\\\/?p=30555#article\",\"isPartOf\":{\"@id\":\"https:\\\/\\\/inclusivenews.com.br\\\/?p=30555\"},\"author\":{\"name\":\"inclusivenews2024\",\"@id\":\"https:\\\/\\\/inclusivenews.com.br\\\/#\\\/schema\\\/person\\\/ae4ec7087559b8692fb33b6fffd2273b\"},\"headline\":\"Semana de Inclus\u00e3o de Pessoas com Defici\u00eancia &#8211; ENAP &#8211; 12 a 15\\\/9 (Eventos transmitidos online em 14\\\/9)\",\"datePublished\":\"2017-09-11T13:28:07+00:00\",\"mainEntityOfPage\":{\"@id\":\"https:\\\/\\\/inclusivenews.com.br\\\/?p=30555\"},\"wordCount\":828,\"commentCount\":0,\"publisher\":{\"@id\":\"https:\\\/\\\/inclusivenews.com.br\\\/#organization\"},\"image\":{\"@id\":\"https:\\\/\\\/inclusivenews.com.br\\\/?p=30555#primaryimage\"},\"thumbnailUrl\":\"http:\\\/\\\/inclusivenews.com.br\\\/wp-content\\\/uploads\\\/Document-page-001.jpg\",\"articleSection\":[\"Cursos e eventos\",\"Defici\u00eancia\",\"INCLUS\u00c3O SOCIAL\"],\"inLanguage\":\"pt-PT\",\"potentialAction\":[{\"@type\":\"CommentAction\",\"name\":\"Comment\",\"target\":[\"https:\\\/\\\/inclusivenews.com.br\\\/?p=30555#respond\"]}]},{\"@type\":\"WebPage\",\"@id\":\"https:\\\/\\\/inclusivenews.com.br\\\/?p=30555\",\"url\":\"https:\\\/\\\/inclusivenews.com.br\\\/?p=30555\",\"name\":\"Semana de Inclus\u00e3o de Pessoas com Defici\u00eancia - ENAP - 12 a 15\\\/9 (Eventos transmitidos online em 14\\\/9) -\",\"isPartOf\":{\"@id\":\"https:\\\/\\\/inclusivenews.com.br\\\/#website\"},\"primaryImageOfPage\":{\"@id\":\"https:\\\/\\\/inclusivenews.com.br\\\/?p=30555#primaryimage\"},\"image\":{\"@id\":\"https:\\\/\\\/inclusivenews.com.br\\\/?p=30555#primaryimage\"},\"thumbnailUrl\":\"http:\\\/\\\/inclusivenews.com.br\\\/wp-content\\\/uploads\\\/Document-page-001.jpg\",\"datePublished\":\"2017-09-11T13:28:07+00:00\",\"breadcrumb\":{\"@id\":\"https:\\\/\\\/inclusivenews.com.br\\\/?p=30555#breadcrumb\"},\"inLanguage\":\"pt-PT\",\"potentialAction\":[{\"@type\":\"ReadAction\",\"target\":[\"https:\\\/\\\/inclusivenews.com.br\\\/?p=30555\"]}]},{\"@type\":\"ImageObject\",\"inLanguage\":\"pt-PT\",\"@id\":\"https:\\\/\\\/inclusivenews.com.br\\\/?p=30555#primaryimage\",\"url\":\"\",\"contentUrl\":\"\"},{\"@type\":\"BreadcrumbList\",\"@id\":\"https:\\\/\\\/inclusivenews.com.br\\\/?p=30555#breadcrumb\",\"itemListElement\":[{\"@type\":\"ListItem\",\"position\":1,\"name\":\"In\u00edcio\",\"item\":\"https:\\\/\\\/inclusivenews.com.br\\\/\"},{\"@type\":\"ListItem\",\"position\":2,\"name\":\"Semana de Inclus\u00e3o de Pessoas com Defici\u00eancia &#8211; ENAP &#8211; 12 a 15\\\/9 (Eventos transmitidos online em 14\\\/9)\"}]},{\"@type\":\"WebSite\",\"@id\":\"https:\\\/\\\/inclusivenews.com.br\\\/#website\",\"url\":\"https:\\\/\\\/inclusivenews.com.br\\\/\",\"name\":\"Inclusive News\",\"description\":\"Inclusive News\",\"publisher\":{\"@id\":\"https:\\\/\\\/inclusivenews.com.br\\\/#organization\"},\"potentialAction\":[{\"@type\":\"SearchAction\",\"target\":{\"@type\":\"EntryPoint\",\"urlTemplate\":\"https:\\\/\\\/inclusivenews.com.br\\\/?s={search_term_string}\"},\"query-input\":{\"@type\":\"PropertyValueSpecification\",\"valueRequired\":true,\"valueName\":\"search_term_string\"}}],\"inLanguage\":\"pt-PT\"},{\"@type\":\"Organization\",\"@id\":\"https:\\\/\\\/inclusivenews.com.br\\\/#organization\",\"name\":\"Inclusive - inclus\u00e3o e cidadania\",\"url\":\"https:\\\/\\\/inclusivenews.com.br\\\/\",\"logo\":{\"@type\":\"ImageObject\",\"inLanguage\":\"pt-PT\",\"@id\":\"https:\\\/\\\/inclusivenews.com.br\\\/#\\\/schema\\\/logo\\\/image\\\/\",\"url\":\"https:\\\/\\\/inclusivenews.com.br\\\/wp-content\\\/uploads\\\/2024\\\/03\\\/@grandesite.png\",\"contentUrl\":\"https:\\\/\\\/inclusivenews.com.br\\\/wp-content\\\/uploads\\\/2024\\\/03\\\/@grandesite.png\",\"width\":1080,\"height\":1080,\"caption\":\"Inclusive - inclus\u00e3o e cidadania\"},\"image\":{\"@id\":\"https:\\\/\\\/inclusivenews.com.br\\\/#\\\/schema\\\/logo\\\/image\\\/\"},\"sameAs\":[\"https:\\\/\\\/www.facebook.com\\\/agenciainclusive\\\/\",\"https:\\\/\\\/www.instagram.com\\\/newsinclusive\\\/\"]},{\"@type\":\"Person\",\"@id\":\"https:\\\/\\\/inclusivenews.com.br\\\/#\\\/schema\\\/person\\\/ae4ec7087559b8692fb33b6fffd2273b\",\"name\":\"inclusivenews2024\",\"image\":{\"@type\":\"ImageObject\",\"inLanguage\":\"pt-PT\",\"@id\":\"https:\\\/\\\/secure.gravatar.com\\\/avatar\\\/c5a7ef84c66fa914f55bc4f7ce26cfa275a3b9a1c5568b907bd184fb4dde7b40?s=96&d=mm&r=g\",\"url\":\"https:\\\/\\\/secure.gravatar.com\\\/avatar\\\/c5a7ef84c66fa914f55bc4f7ce26cfa275a3b9a1c5568b907bd184fb4dde7b40?s=96&d=mm&r=g\",\"contentUrl\":\"https:\\\/\\\/secure.gravatar.com\\\/avatar\\\/c5a7ef84c66fa914f55bc4f7ce26cfa275a3b9a1c5568b907bd184fb4dde7b40?s=96&d=mm&r=g\",\"caption\":\"inclusivenews2024\"},\"sameAs\":[\"https:\\\/\\\/inclusivenews.com.br\"],\"url\":\"https:\\\/\\\/inclusivenews.com.br\\\/?author=1\"}]}<\/script>\n<!-- \/ Yoast SEO plugin. -->","yoast_head_json":{"title":"Semana de Inclus\u00e3o de Pessoas com Defici\u00eancia - ENAP - 12 a 15\/9 (Eventos transmitidos online em 14\/9) -","robots":{"index":"index","follow":"follow","max-snippet":"max-snippet:-1","max-image-preview":"max-image-preview:large","max-video-preview":"max-video-preview:-1"},"canonical":"https:\/\/inclusivenews.com.br\/?p=30555","og_locale":"pt_PT","og_type":"article","og_title":"Semana de Inclus\u00e3o de Pessoas com Defici\u00eancia - ENAP - 12 a 15\/9 (Eventos transmitidos online em 14\/9) -","og_description":"Semana de Inclus\u00e3o de Pessoas com Defici\u00eancia De 12 a 15 de setembro de 2017 1. dia \u2013 12 de setembro 9h \u00e0s 9h15 Abertura Oficial da Semana da Inclus\u00e3o &#8211; Hall 9h \u00e0s 11h Viv\u00eancia da Cal\u00e7ada com Barreiras &#8211; Hall 9h \u00e0s 19h Exposi\u00e7\u00e3o de publica\u00e7\u00f5es sobre pessoas com defici\u00eancia e pol\u00edticas p\u00fablicas [&hellip;]","og_url":"https:\/\/inclusivenews.com.br\/?p=30555","article_publisher":"https:\/\/www.facebook.com\/agenciainclusive\/","article_published_time":"2017-09-11T13:28:07+00:00","og_image":[{"url":"http:\/\/inclusivenews.com.br\/wp-content\/uploads\/Document-page-001.jpg","type":"","width":"","height":""}],"author":"inclusivenews2024","twitter_card":"summary_large_image","twitter_misc":{"Escrito por":"inclusivenews2024","Tempo estimado de leitura":"4 minutos"},"schema":{"@context":"https:\/\/schema.org","@graph":[{"@type":"Article","@id":"https:\/\/inclusivenews.com.br\/?p=30555#article","isPartOf":{"@id":"https:\/\/inclusivenews.com.br\/?p=30555"},"author":{"name":"inclusivenews2024","@id":"https:\/\/inclusivenews.com.br\/#\/schema\/person\/ae4ec7087559b8692fb33b6fffd2273b"},"headline":"Semana de Inclus\u00e3o de Pessoas com Defici\u00eancia &#8211; ENAP &#8211; 12 a 15\/9 (Eventos transmitidos online em 14\/9)","datePublished":"2017-09-11T13:28:07+00:00","mainEntityOfPage":{"@id":"https:\/\/inclusivenews.com.br\/?p=30555"},"wordCount":828,"commentCount":0,"publisher":{"@id":"https:\/\/inclusivenews.com.br\/#organization"},"image":{"@id":"https:\/\/inclusivenews.com.br\/?p=30555#primaryimage"},"thumbnailUrl":"http:\/\/inclusivenews.com.br\/wp-content\/uploads\/Document-page-001.jpg","articleSection":["Cursos e eventos","Defici\u00eancia","INCLUS\u00c3O SOCIAL"],"inLanguage":"pt-PT","potentialAction":[{"@type":"CommentAction","name":"Comment","target":["https:\/\/inclusivenews.com.br\/?p=30555#respond"]}]},{"@type":"WebPage","@id":"https:\/\/inclusivenews.com.br\/?p=30555","url":"https:\/\/inclusivenews.com.br\/?p=30555","name":"Semana de Inclus\u00e3o de Pessoas com Defici\u00eancia - ENAP - 12 a 15\/9 (Eventos transmitidos online em 14\/9) -","isPartOf":{"@id":"https:\/\/inclusivenews.com.br\/#website"},"primaryImageOfPage":{"@id":"https:\/\/inclusivenews.com.br\/?p=30555#primaryimage"},"image":{"@id":"https:\/\/inclusivenews.com.br\/?p=30555#primaryimage"},"thumbnailUrl":"http:\/\/inclusivenews.com.br\/wp-content\/uploads\/Document-page-001.jpg","datePublished":"2017-09-11T13:28:07+00:00","breadcrumb":{"@id":"https:\/\/inclusivenews.com.br\/?p=30555#breadcrumb"},"inLanguage":"pt-PT","potentialAction":[{"@type":"ReadAction","target":["https:\/\/inclusivenews.com.br\/?p=30555"]}]},{"@type":"ImageObject","inLanguage":"pt-PT","@id":"https:\/\/inclusivenews.com.br\/?p=30555#primaryimage","url":"","contentUrl":""},{"@type":"BreadcrumbList","@id":"https:\/\/inclusivenews.com.br\/?p=30555#breadcrumb","itemListElement":[{"@type":"ListItem","position":1,"name":"In\u00edcio","item":"https:\/\/inclusivenews.com.br\/"},{"@type":"ListItem","position":2,"name":"Semana de Inclus\u00e3o de Pessoas com Defici\u00eancia &#8211; ENAP &#8211; 12 a 15\/9 (Eventos transmitidos online em 14\/9)"}]},{"@type":"WebSite","@id":"https:\/\/inclusivenews.com.br\/#website","url":"https:\/\/inclusivenews.com.br\/","name":"Inclusive News","description":"Inclusive News","publisher":{"@id":"https:\/\/inclusivenews.com.br\/#organization"},"potentialAction":[{"@type":"SearchAction","target":{"@type":"EntryPoint","urlTemplate":"https:\/\/inclusivenews.com.br\/?s={search_term_string}"},"query-input":{"@type":"PropertyValueSpecification","valueRequired":true,"valueName":"search_term_string"}}],"inLanguage":"pt-PT"},{"@type":"Organization","@id":"https:\/\/inclusivenews.com.br\/#organization","name":"Inclusive - inclus\u00e3o e cidadania","url":"https:\/\/inclusivenews.com.br\/","logo":{"@type":"ImageObject","inLanguage":"pt-PT","@id":"https:\/\/inclusivenews.com.br\/#\/schema\/logo\/image\/","url":"https:\/\/inclusivenews.com.br\/wp-content\/uploads\/2024\/03\/@grandesite.png","contentUrl":"https:\/\/inclusivenews.com.br\/wp-content\/uploads\/2024\/03\/@grandesite.png","width":1080,"height":1080,"caption":"Inclusive - inclus\u00e3o e cidadania"},"image":{"@id":"https:\/\/inclusivenews.com.br\/#\/schema\/logo\/image\/"},"sameAs":["https:\/\/www.facebook.com\/agenciainclusive\/","https:\/\/www.instagram.com\/newsinclusive\/"]},{"@type":"Person","@id":"https:\/\/inclusivenews.com.br\/#\/schema\/person\/ae4ec7087559b8692fb33b6fffd2273b","name":"inclusivenews2024","image":{"@type":"ImageObject","inLanguage":"pt-PT","@id":"https:\/\/secure.gravatar.com\/avatar\/c5a7ef84c66fa914f55bc4f7ce26cfa275a3b9a1c5568b907bd184fb4dde7b40?s=96&d=mm&r=g","url":"https:\/\/secure.gravatar.com\/avatar\/c5a7ef84c66fa914f55bc4f7ce26cfa275a3b9a1c5568b907bd184fb4dde7b40?s=96&d=mm&r=g","contentUrl":"https:\/\/secure.gravatar.com\/avatar\/c5a7ef84c66fa914f55bc4f7ce26cfa275a3b9a1c5568b907bd184fb4dde7b40?s=96&d=mm&r=g","caption":"inclusivenews2024"},"sameAs":["https:\/\/inclusivenews.com.br"],"url":"https:\/\/inclusivenews.com.br\/?author=1"}]}},"_links":{"self":[{"href":"https:\/\/inclusivenews.com.br\/index.php?rest_route=\/wp\/v2\/posts\/30555","targetHints":{"allow":["GET"]}}],"collection":[{"href":"https:\/\/inclusivenews.com.br\/index.php?rest_route=\/wp\/v2\/posts"}],"about":[{"href":"https:\/\/inclusivenews.com.br\/index.php?rest_route=\/wp\/v2\/types\/post"}],"author":[{"embeddable":true,"href":"https:\/\/inclusivenews.com.br\/index.php?rest_route=\/wp\/v2\/users\/1"}],"replies":[{"embeddable":true,"href":"https:\/\/inclusivenews.com.br\/index.php?rest_route=%2Fwp%2Fv2%2Fcomments&post=30555"}],"version-history":[{"count":0,"href":"https:\/\/inclusivenews.com.br\/index.php?rest_route=\/wp\/v2\/posts\/30555\/revisions"}],"wp:attachment":[{"href":"https:\/\/inclusivenews.com.br\/index.php?rest_route=%2Fwp%2Fv2%2Fmedia&parent=30555"}],"wp:term":[{"taxonomy":"category","embeddable":true,"href":"https:\/\/inclusivenews.com.br\/index.php?rest_route=%2Fwp%2Fv2%2Fcategories&post=30555"},{"taxonomy":"post_tag","embeddable":true,"href":"https:\/\/inclusivenews.com.br\/index.php?rest_route=%2Fwp%2Fv2%2Ftags&post=30555"}],"curies":[{"name":"wp","href":"https:\/\/api.w.org\/{rel}","templated":true}]}}