{"id":30559,"date":"2017-09-11T15:25:32","date_gmt":"2017-09-11T18:25:32","guid":{"rendered":"http:\/\/www.inclusive.org.br\/?p=30559"},"modified":"2017-09-11T15:25:32","modified_gmt":"2017-09-11T18:25:32","slug":"comissao-aprova-proposta-que-obriga-governo-a-fazer-levantamento-de-violencia-contra-pessoas-com-deficiencia","status":"publish","type":"post","link":"https:\/\/inclusivenews.com.br\/?p=30559","title":{"rendered":"Comiss\u00e3o aprova proposta que obriga governo a fazer levantamento de viol\u00eancia contra pessoas com defici\u00eancia"},"content":{"rendered":"<p><em>Reproduzido da C\u00e2mara Not\u00edcias<\/em><br \/>\n<em>Por No\u00e9li Nobre<\/em><\/p>\n<p>A Comiss\u00e3o de Defesa dos Direitos das Pessoas com Defici\u00eancia aprovou proposta que obriga o Poder P\u00fablico a elaborar anualmente estat\u00edsticas sobre viol\u00eancia contra a pessoa com defici\u00eancia. A medida est\u00e1 prevista no Projeto de Lei <a href=\"http:\/\/www2.camara.leg.br\/camaranoticias\/noticias\/SEGURANCA\/538395-PROJETO-OBRIGA-GOVERNO-A-FAZER-ESTATISTICA-DE-VIOLENCIA-CONTRA-PESSOAS-COM-DEFICIENCIA.html\" target=\"_blank\" rel=\"noopener\">7426\/17<\/a>, do deputado R\u00f4mulo Gouveia (PSD-PB), que acrescenta um dispositivo ao Estatuto da Pessoa com Defici\u00eancia (Lei <a href=\"http:\/\/www2.camara.leg.br\/legin\/fed\/lei\/2015\/lei-13146-6-julho-2015-781174-normaatualizada-pl.html\" target=\"_blank\" rel=\"noopener\">13.146\/15<\/a>).<\/p>\n<figure style=\"width: 367px\" class=\"wp-caption alignright\"><img loading=\"lazy\" decoding=\"async\" src=\"http:\/\/www2.camara.leg.br\/camaranoticias\/imagens\/imgNoticiaUpload1501595704466.jpg\" width=\"367\" height=\"195\" \/><figcaption class=\"wp-caption-text\">Descri\u00e7\u00e3o n\u00e3o fornecida pela fonte: Ag\u00eancia C\u00e2mara de Not\u00edcias<\/figcaption><\/figure>\n<p>O relator na comiss\u00e3o, deputado Cabo Sabino (PR-CE), recomendou a aprova\u00e7\u00e3o da proposta. Ele concordou com o argumento de Gouveia de que o Poder P\u00fablico deve possuir um diagn\u00f3stico preciso sobre o assunto, a fim de melhorar as condi\u00e7\u00f5es de seguran\u00e7a das pessoas com defici\u00eancia e orientar o emprego de recursos.<\/p>\n<p>Cabo Sabino afirmou que, apesar de uma das preocupa\u00e7\u00f5es do Estatuto da Pessoa com Defici\u00eancia ser justamente a viol\u00eancia, estudos brasileiros sobre o assunto n\u00e3o se referem especificamente a essa parcela da popula\u00e7\u00e3o. \u201cN\u00e3o encontramos informa\u00e7\u00f5es organizadas e sistematizadas acerca da viol\u00eancia contra pessoas com defici\u00eancia. Nesse compasso, louvo a coragem do autor no sentido de refor\u00e7ar o sistema de prote\u00e7\u00e3o dessas pessoas\u201d, afirmou o relator.<\/p>\n<p><strong>Tramita\u00e7\u00e3o<br \/>\n<\/strong>O projeto tramita em <span class=\"termoGlossario\">car\u00e1ter conclusivo<\/span> e ainda ser\u00e1 analisado pelas comiss\u00f5es de Seguran\u00e7a P\u00fablica e Combate ao Crime Organizado; e de Constitui\u00e7\u00e3o e Justi\u00e7a e de Cidadania.<\/p>\n","protected":false},"excerpt":{"rendered":"<p>A Comiss\u00e3o de Defesa dos Direitos das Pessoas com Defici\u00eancia aprovou proposta que obriga o Poder P\u00fablico a elaborar anualmente estat\u00edsticas sobre viol\u00eancia contra a pessoa com defici\u00eancia.<\/p>\n","protected":false},"author":1,"featured_media":0,"comment_status":"open","ping_status":"open","sticky":false,"template":"","format":"standard","meta":{"site-container-style":"default","site-container-layout":"default","site-sidebar-layout":"default","disable-article-header":"default","disable-site-header":"default","disable-site-footer":"default","disable-content-area-spacing":"default","footnotes":""},"categories":[38,11],"tags":[405,94],"class_list":["post-30559","post","type-post","status-publish","format-standard","hentry","category-deficiencia","category-direitos-humanos","tag-dados-demograficos","tag-violencia"],"yoast_head":"<!-- This site is optimized with the Yoast SEO plugin v27.4 - https:\/\/yoast.com\/product\/yoast-seo-wordpress\/ -->\n<title>Comiss\u00e3o aprova proposta que obriga governo a fazer levantamento de viol\u00eancia contra pessoas com defici\u00eancia -<\/title>\n<meta name=\"robots\" content=\"index, follow, max-snippet:-1, max-image-preview:large, max-video-preview:-1\" \/>\n<link rel=\"canonical\" href=\"https:\/\/inclusivenews.com.br\/?p=30559\" \/>\n<meta property=\"og:locale\" content=\"pt_PT\" \/>\n<meta property=\"og:type\" content=\"article\" \/>\n<meta property=\"og:title\" content=\"Comiss\u00e3o aprova proposta que obriga governo a fazer levantamento de viol\u00eancia contra pessoas com defici\u00eancia -\" \/>\n<meta property=\"og:description\" content=\"A Comiss\u00e3o de Defesa dos Direitos das Pessoas com Defici\u00eancia aprovou proposta que obriga o Poder P\u00fablico a elaborar anualmente estat\u00edsticas sobre viol\u00eancia contra a pessoa com defici\u00eancia.\" \/>\n<meta property=\"og:url\" content=\"https:\/\/inclusivenews.com.br\/?p=30559\" \/>\n<meta property=\"article:publisher\" content=\"https:\/\/www.facebook.com\/agenciainclusive\/\" \/>\n<meta property=\"article:published_time\" content=\"2017-09-11T18:25:32+00:00\" \/>\n<meta property=\"og:image\" content=\"http:\/\/www2.camara.leg.br\/camaranoticias\/imagens\/imgNoticiaUpload1501595704466.jpg\" \/>\n<meta name=\"author\" content=\"inclusivenews2024\" \/>\n<meta name=\"twitter:card\" content=\"summary_large_image\" \/>\n<meta name=\"twitter:label1\" content=\"Escrito por\" \/>\n\t<meta name=\"twitter:data1\" content=\"inclusivenews2024\" \/>\n\t<meta name=\"twitter:label2\" content=\"Tempo estimado de leitura\" \/>\n\t<meta name=\"twitter:data2\" content=\"1 minuto\" \/>\n<script type=\"application\/ld+json\" class=\"yoast-schema-graph\">{\"@context\":\"https:\\\/\\\/schema.org\",\"@graph\":[{\"@type\":\"Article\",\"@id\":\"https:\\\/\\\/inclusivenews.com.br\\\/?p=30559#article\",\"isPartOf\":{\"@id\":\"https:\\\/\\\/inclusivenews.com.br\\\/?p=30559\"},\"author\":{\"name\":\"inclusivenews2024\",\"@id\":\"https:\\\/\\\/inclusivenews.com.br\\\/#\\\/schema\\\/person\\\/ae4ec7087559b8692fb33b6fffd2273b\"},\"headline\":\"Comiss\u00e3o aprova proposta que obriga governo a fazer levantamento de viol\u00eancia contra pessoas com defici\u00eancia\",\"datePublished\":\"2017-09-11T18:25:32+00:00\",\"mainEntityOfPage\":{\"@id\":\"https:\\\/\\\/inclusivenews.com.br\\\/?p=30559\"},\"wordCount\":279,\"commentCount\":0,\"publisher\":{\"@id\":\"https:\\\/\\\/inclusivenews.com.br\\\/#organization\"},\"image\":{\"@id\":\"https:\\\/\\\/inclusivenews.com.br\\\/?p=30559#primaryimage\"},\"thumbnailUrl\":\"http:\\\/\\\/www2.camara.leg.br\\\/camaranoticias\\\/imagens\\\/imgNoticiaUpload1501595704466.jpg\",\"keywords\":[\"dados demogr\u00e1ficos\",\"Viol\u00eancia\"],\"articleSection\":[\"Defici\u00eancia\",\"DIREITOS HUMANOS\"],\"inLanguage\":\"pt-PT\",\"potentialAction\":[{\"@type\":\"CommentAction\",\"name\":\"Comment\",\"target\":[\"https:\\\/\\\/inclusivenews.com.br\\\/?p=30559#respond\"]}]},{\"@type\":\"WebPage\",\"@id\":\"https:\\\/\\\/inclusivenews.com.br\\\/?p=30559\",\"url\":\"https:\\\/\\\/inclusivenews.com.br\\\/?p=30559\",\"name\":\"Comiss\u00e3o aprova proposta que obriga governo a fazer levantamento de viol\u00eancia contra pessoas com defici\u00eancia -\",\"isPartOf\":{\"@id\":\"https:\\\/\\\/inclusivenews.com.br\\\/#website\"},\"primaryImageOfPage\":{\"@id\":\"https:\\\/\\\/inclusivenews.com.br\\\/?p=30559#primaryimage\"},\"image\":{\"@id\":\"https:\\\/\\\/inclusivenews.com.br\\\/?p=30559#primaryimage\"},\"thumbnailUrl\":\"http:\\\/\\\/www2.camara.leg.br\\\/camaranoticias\\\/imagens\\\/imgNoticiaUpload1501595704466.jpg\",\"datePublished\":\"2017-09-11T18:25:32+00:00\",\"breadcrumb\":{\"@id\":\"https:\\\/\\\/inclusivenews.com.br\\\/?p=30559#breadcrumb\"},\"inLanguage\":\"pt-PT\",\"potentialAction\":[{\"@type\":\"ReadAction\",\"target\":[\"https:\\\/\\\/inclusivenews.com.br\\\/?p=30559\"]}]},{\"@type\":\"ImageObject\",\"inLanguage\":\"pt-PT\",\"@id\":\"https:\\\/\\\/inclusivenews.com.br\\\/?p=30559#primaryimage\",\"url\":\"http:\\\/\\\/www2.camara.leg.br\\\/camaranoticias\\\/imagens\\\/imgNoticiaUpload1501595704466.jpg\",\"contentUrl\":\"http:\\\/\\\/www2.camara.leg.br\\\/camaranoticias\\\/imagens\\\/imgNoticiaUpload1501595704466.jpg\"},{\"@type\":\"BreadcrumbList\",\"@id\":\"https:\\\/\\\/inclusivenews.com.br\\\/?p=30559#breadcrumb\",\"itemListElement\":[{\"@type\":\"ListItem\",\"position\":1,\"name\":\"In\u00edcio\",\"item\":\"https:\\\/\\\/inclusivenews.com.br\\\/\"},{\"@type\":\"ListItem\",\"position\":2,\"name\":\"Comiss\u00e3o aprova proposta que obriga governo a fazer levantamento de viol\u00eancia contra pessoas com defici\u00eancia\"}]},{\"@type\":\"WebSite\",\"@id\":\"https:\\\/\\\/inclusivenews.com.br\\\/#website\",\"url\":\"https:\\\/\\\/inclusivenews.com.br\\\/\",\"name\":\"Inclusive News\",\"description\":\"Inclusive News\",\"publisher\":{\"@id\":\"https:\\\/\\\/inclusivenews.com.br\\\/#organization\"},\"potentialAction\":[{\"@type\":\"SearchAction\",\"target\":{\"@type\":\"EntryPoint\",\"urlTemplate\":\"https:\\\/\\\/inclusivenews.com.br\\\/?s={search_term_string}\"},\"query-input\":{\"@type\":\"PropertyValueSpecification\",\"valueRequired\":true,\"valueName\":\"search_term_string\"}}],\"inLanguage\":\"pt-PT\"},{\"@type\":\"Organization\",\"@id\":\"https:\\\/\\\/inclusivenews.com.br\\\/#organization\",\"name\":\"Inclusive - inclus\u00e3o e cidadania\",\"url\":\"https:\\\/\\\/inclusivenews.com.br\\\/\",\"logo\":{\"@type\":\"ImageObject\",\"inLanguage\":\"pt-PT\",\"@id\":\"https:\\\/\\\/inclusivenews.com.br\\\/#\\\/schema\\\/logo\\\/image\\\/\",\"url\":\"https:\\\/\\\/inclusivenews.com.br\\\/wp-content\\\/uploads\\\/2024\\\/03\\\/@grandesite.png\",\"contentUrl\":\"https:\\\/\\\/inclusivenews.com.br\\\/wp-content\\\/uploads\\\/2024\\\/03\\\/@grandesite.png\",\"width\":1080,\"height\":1080,\"caption\":\"Inclusive - inclus\u00e3o e cidadania\"},\"image\":{\"@id\":\"https:\\\/\\\/inclusivenews.com.br\\\/#\\\/schema\\\/logo\\\/image\\\/\"},\"sameAs\":[\"https:\\\/\\\/www.facebook.com\\\/agenciainclusive\\\/\",\"https:\\\/\\\/www.instagram.com\\\/newsinclusive\\\/\"]},{\"@type\":\"Person\",\"@id\":\"https:\\\/\\\/inclusivenews.com.br\\\/#\\\/schema\\\/person\\\/ae4ec7087559b8692fb33b6fffd2273b\",\"name\":\"inclusivenews2024\",\"image\":{\"@type\":\"ImageObject\",\"inLanguage\":\"pt-PT\",\"@id\":\"https:\\\/\\\/secure.gravatar.com\\\/avatar\\\/c5a7ef84c66fa914f55bc4f7ce26cfa275a3b9a1c5568b907bd184fb4dde7b40?s=96&d=mm&r=g\",\"url\":\"https:\\\/\\\/secure.gravatar.com\\\/avatar\\\/c5a7ef84c66fa914f55bc4f7ce26cfa275a3b9a1c5568b907bd184fb4dde7b40?s=96&d=mm&r=g\",\"contentUrl\":\"https:\\\/\\\/secure.gravatar.com\\\/avatar\\\/c5a7ef84c66fa914f55bc4f7ce26cfa275a3b9a1c5568b907bd184fb4dde7b40?s=96&d=mm&r=g\",\"caption\":\"inclusivenews2024\"},\"sameAs\":[\"https:\\\/\\\/inclusivenews.com.br\"],\"url\":\"https:\\\/\\\/inclusivenews.com.br\\\/?author=1\"}]}<\/script>\n<!-- \/ Yoast SEO plugin. -->","yoast_head_json":{"title":"Comiss\u00e3o aprova proposta que obriga governo a fazer levantamento de viol\u00eancia contra pessoas com defici\u00eancia -","robots":{"index":"index","follow":"follow","max-snippet":"max-snippet:-1","max-image-preview":"max-image-preview:large","max-video-preview":"max-video-preview:-1"},"canonical":"https:\/\/inclusivenews.com.br\/?p=30559","og_locale":"pt_PT","og_type":"article","og_title":"Comiss\u00e3o aprova proposta que obriga governo a fazer levantamento de viol\u00eancia contra pessoas com defici\u00eancia -","og_description":"A Comiss\u00e3o de Defesa dos Direitos das Pessoas com Defici\u00eancia aprovou proposta que obriga o Poder P\u00fablico a elaborar anualmente estat\u00edsticas sobre viol\u00eancia contra a pessoa com defici\u00eancia.","og_url":"https:\/\/inclusivenews.com.br\/?p=30559","article_publisher":"https:\/\/www.facebook.com\/agenciainclusive\/","article_published_time":"2017-09-11T18:25:32+00:00","og_image":[{"url":"http:\/\/www2.camara.leg.br\/camaranoticias\/imagens\/imgNoticiaUpload1501595704466.jpg","type":"","width":"","height":""}],"author":"inclusivenews2024","twitter_card":"summary_large_image","twitter_misc":{"Escrito por":"inclusivenews2024","Tempo estimado de leitura":"1 minuto"},"schema":{"@context":"https:\/\/schema.org","@graph":[{"@type":"Article","@id":"https:\/\/inclusivenews.com.br\/?p=30559#article","isPartOf":{"@id":"https:\/\/inclusivenews.com.br\/?p=30559"},"author":{"name":"inclusivenews2024","@id":"https:\/\/inclusivenews.com.br\/#\/schema\/person\/ae4ec7087559b8692fb33b6fffd2273b"},"headline":"Comiss\u00e3o aprova proposta que obriga governo a fazer levantamento de viol\u00eancia contra pessoas com defici\u00eancia","datePublished":"2017-09-11T18:25:32+00:00","mainEntityOfPage":{"@id":"https:\/\/inclusivenews.com.br\/?p=30559"},"wordCount":279,"commentCount":0,"publisher":{"@id":"https:\/\/inclusivenews.com.br\/#organization"},"image":{"@id":"https:\/\/inclusivenews.com.br\/?p=30559#primaryimage"},"thumbnailUrl":"http:\/\/www2.camara.leg.br\/camaranoticias\/imagens\/imgNoticiaUpload1501595704466.jpg","keywords":["dados demogr\u00e1ficos","Viol\u00eancia"],"articleSection":["Defici\u00eancia","DIREITOS HUMANOS"],"inLanguage":"pt-PT","potentialAction":[{"@type":"CommentAction","name":"Comment","target":["https:\/\/inclusivenews.com.br\/?p=30559#respond"]}]},{"@type":"WebPage","@id":"https:\/\/inclusivenews.com.br\/?p=30559","url":"https:\/\/inclusivenews.com.br\/?p=30559","name":"Comiss\u00e3o aprova proposta que obriga governo a fazer levantamento de viol\u00eancia contra pessoas com defici\u00eancia -","isPartOf":{"@id":"https:\/\/inclusivenews.com.br\/#website"},"primaryImageOfPage":{"@id":"https:\/\/inclusivenews.com.br\/?p=30559#primaryimage"},"image":{"@id":"https:\/\/inclusivenews.com.br\/?p=30559#primaryimage"},"thumbnailUrl":"http:\/\/www2.camara.leg.br\/camaranoticias\/imagens\/imgNoticiaUpload1501595704466.jpg","datePublished":"2017-09-11T18:25:32+00:00","breadcrumb":{"@id":"https:\/\/inclusivenews.com.br\/?p=30559#breadcrumb"},"inLanguage":"pt-PT","potentialAction":[{"@type":"ReadAction","target":["https:\/\/inclusivenews.com.br\/?p=30559"]}]},{"@type":"ImageObject","inLanguage":"pt-PT","@id":"https:\/\/inclusivenews.com.br\/?p=30559#primaryimage","url":"http:\/\/www2.camara.leg.br\/camaranoticias\/imagens\/imgNoticiaUpload1501595704466.jpg","contentUrl":"http:\/\/www2.camara.leg.br\/camaranoticias\/imagens\/imgNoticiaUpload1501595704466.jpg"},{"@type":"BreadcrumbList","@id":"https:\/\/inclusivenews.com.br\/?p=30559#breadcrumb","itemListElement":[{"@type":"ListItem","position":1,"name":"In\u00edcio","item":"https:\/\/inclusivenews.com.br\/"},{"@type":"ListItem","position":2,"name":"Comiss\u00e3o aprova proposta que obriga governo a fazer levantamento de viol\u00eancia contra pessoas com defici\u00eancia"}]},{"@type":"WebSite","@id":"https:\/\/inclusivenews.com.br\/#website","url":"https:\/\/inclusivenews.com.br\/","name":"Inclusive News","description":"Inclusive News","publisher":{"@id":"https:\/\/inclusivenews.com.br\/#organization"},"potentialAction":[{"@type":"SearchAction","target":{"@type":"EntryPoint","urlTemplate":"https:\/\/inclusivenews.com.br\/?s={search_term_string}"},"query-input":{"@type":"PropertyValueSpecification","valueRequired":true,"valueName":"search_term_string"}}],"inLanguage":"pt-PT"},{"@type":"Organization","@id":"https:\/\/inclusivenews.com.br\/#organization","name":"Inclusive - inclus\u00e3o e cidadania","url":"https:\/\/inclusivenews.com.br\/","logo":{"@type":"ImageObject","inLanguage":"pt-PT","@id":"https:\/\/inclusivenews.com.br\/#\/schema\/logo\/image\/","url":"https:\/\/inclusivenews.com.br\/wp-content\/uploads\/2024\/03\/@grandesite.png","contentUrl":"https:\/\/inclusivenews.com.br\/wp-content\/uploads\/2024\/03\/@grandesite.png","width":1080,"height":1080,"caption":"Inclusive - inclus\u00e3o e cidadania"},"image":{"@id":"https:\/\/inclusivenews.com.br\/#\/schema\/logo\/image\/"},"sameAs":["https:\/\/www.facebook.com\/agenciainclusive\/","https:\/\/www.instagram.com\/newsinclusive\/"]},{"@type":"Person","@id":"https:\/\/inclusivenews.com.br\/#\/schema\/person\/ae4ec7087559b8692fb33b6fffd2273b","name":"inclusivenews2024","image":{"@type":"ImageObject","inLanguage":"pt-PT","@id":"https:\/\/secure.gravatar.com\/avatar\/c5a7ef84c66fa914f55bc4f7ce26cfa275a3b9a1c5568b907bd184fb4dde7b40?s=96&d=mm&r=g","url":"https:\/\/secure.gravatar.com\/avatar\/c5a7ef84c66fa914f55bc4f7ce26cfa275a3b9a1c5568b907bd184fb4dde7b40?s=96&d=mm&r=g","contentUrl":"https:\/\/secure.gravatar.com\/avatar\/c5a7ef84c66fa914f55bc4f7ce26cfa275a3b9a1c5568b907bd184fb4dde7b40?s=96&d=mm&r=g","caption":"inclusivenews2024"},"sameAs":["https:\/\/inclusivenews.com.br"],"url":"https:\/\/inclusivenews.com.br\/?author=1"}]}},"_links":{"self":[{"href":"https:\/\/inclusivenews.com.br\/index.php?rest_route=\/wp\/v2\/posts\/30559","targetHints":{"allow":["GET"]}}],"collection":[{"href":"https:\/\/inclusivenews.com.br\/index.php?rest_route=\/wp\/v2\/posts"}],"about":[{"href":"https:\/\/inclusivenews.com.br\/index.php?rest_route=\/wp\/v2\/types\/post"}],"author":[{"embeddable":true,"href":"https:\/\/inclusivenews.com.br\/index.php?rest_route=\/wp\/v2\/users\/1"}],"replies":[{"embeddable":true,"href":"https:\/\/inclusivenews.com.br\/index.php?rest_route=%2Fwp%2Fv2%2Fcomments&post=30559"}],"version-history":[{"count":0,"href":"https:\/\/inclusivenews.com.br\/index.php?rest_route=\/wp\/v2\/posts\/30559\/revisions"}],"wp:attachment":[{"href":"https:\/\/inclusivenews.com.br\/index.php?rest_route=%2Fwp%2Fv2%2Fmedia&parent=30559"}],"wp:term":[{"taxonomy":"category","embeddable":true,"href":"https:\/\/inclusivenews.com.br\/index.php?rest_route=%2Fwp%2Fv2%2Fcategories&post=30559"},{"taxonomy":"post_tag","embeddable":true,"href":"https:\/\/inclusivenews.com.br\/index.php?rest_route=%2Fwp%2Fv2%2Ftags&post=30559"}],"curies":[{"name":"wp","href":"https:\/\/api.w.org\/{rel}","templated":true}]}}