{"id":30564,"date":"2017-09-12T05:49:03","date_gmt":"2017-09-12T08:49:03","guid":{"rendered":"http:\/\/www.inclusive.org.br\/?p=30564"},"modified":"2017-09-12T05:49:03","modified_gmt":"2017-09-12T08:49:03","slug":"lancamento-da-lei-brasileira-de-inclusao-da-pessoa-com-deficiencia-comentada","status":"publish","type":"post","link":"https:\/\/inclusivenews.com.br\/?p=30564","title":{"rendered":"Lan\u00e7amento da Lei Brasileira de Inclus\u00e3o da Pessoa com Defici\u00eancia Comentada"},"content":{"rendered":"<p><img loading=\"lazy\" decoding=\"async\" class=\"alignnone wp-image-30565\" src=\"http:\/\/inclusivenews.com.br\/wp-content\/uploads\/2017-09-11-PHOTO-00001941.jpg\" alt=\"convite para o evento. descri\u00e7\u00e3o da imagem no corpo da postagem.\" width=\"367\" height=\"686\" \/><\/p>\n<p>#descri\u00e7aodaimagem<br \/>\nConvite: Lan\u00e7amento da Lei Brasileira de Inclus\u00e3o da Pessoa com Defici\u00eancia Comentada<br \/>\n27 set. das 14h \u00e0s 16h<br \/>\nAPAE DE S\u00c3O PAULO \u2013 Audit\u00f3rio Joseph Safra \u2013 Rua Loefgreen, 2109 \u2013 Vila Clementino<\/p>\n<p>A APAE DE S\u00c3O PAULO, em parceria com a FUNDA\u00c7\u00c3O FEAC, est\u00e1 promovendo o evento de lan\u00e7amento do livro: Lei Brasileira de Inclus\u00e3o da Pessoa com Defici\u00eancia Comentada e apresenta\u00e7\u00e3o dos principais aspectos e voc\u00ea \u00e9 nosso convidado.<\/p>\n<p>Com Stella Richer, uma das comentaristas da obra.<\/p>\n<p>Entrada gratuita e inscri\u00e7\u00f5es limitadas<br \/>\nConfirme sua presen\u00e7a pelo e-mail\u00a0<a href=\"mailto:comunicacao@apaesp.org.br\">comunicacao@apaesp.org.br<\/a>, at\u00e9 o dia 20 de setembro.<br \/>\nInforma\u00e7\u00f5es pelo telefone: (11) 5080-7093<\/p>\n<p>Realiza\u00e7\u00e3o:<br \/>\nLogos da Funda\u00e7\u00e3o FEAC e da APAE DE S\u00c3O PAULO<\/p>\n","protected":false},"excerpt":{"rendered":"<p>#descri\u00e7aodaimagem Convite: Lan\u00e7amento da Lei Brasileira de Inclus\u00e3o da Pessoa com Defici\u00eancia Comentada 27 set. das 14h \u00e0s 16h APAE DE S\u00c3O PAULO \u2013 Audit\u00f3rio Joseph Safra \u2013 Rua Loefgreen, 2109 \u2013 Vila Clementino A APAE DE S\u00c3O PAULO, em parceria com a FUNDA\u00c7\u00c3O FEAC, est\u00e1 promovendo o evento de lan\u00e7amento do livro: Lei Brasileira [&hellip;]<\/p>\n","protected":false},"author":1,"featured_media":0,"comment_status":"open","ping_status":"open","sticky":false,"template":"","format":"standard","meta":{"site-container-style":"default","site-container-layout":"default","site-sidebar-layout":"default","disable-article-header":"default","disable-site-header":"default","disable-site-footer":"default","disable-content-area-spacing":"default","footnotes":""},"categories":[12,38,48],"tags":[],"class_list":["post-30564","post","type-post","status-publish","format-standard","hentry","category-cursos-e-eventos","category-deficiencia","category-inclusao"],"yoast_head":"<!-- This site is optimized with the Yoast SEO plugin v27.4 - https:\/\/yoast.com\/product\/yoast-seo-wordpress\/ -->\n<title>Lan\u00e7amento da Lei Brasileira de Inclus\u00e3o da Pessoa com Defici\u00eancia Comentada -<\/title>\n<meta name=\"robots\" content=\"index, follow, max-snippet:-1, max-image-preview:large, max-video-preview:-1\" \/>\n<link rel=\"canonical\" href=\"https:\/\/inclusivenews.com.br\/?p=30564\" \/>\n<meta property=\"og:locale\" content=\"pt_PT\" \/>\n<meta property=\"og:type\" content=\"article\" \/>\n<meta property=\"og:title\" content=\"Lan\u00e7amento da Lei Brasileira de Inclus\u00e3o da Pessoa com Defici\u00eancia Comentada -\" \/>\n<meta property=\"og:description\" content=\"#descri\u00e7aodaimagem Convite: Lan\u00e7amento da Lei Brasileira de Inclus\u00e3o da Pessoa com Defici\u00eancia Comentada 27 set. das 14h \u00e0s 16h APAE DE S\u00c3O PAULO \u2013 Audit\u00f3rio Joseph Safra \u2013 Rua Loefgreen, 2109 \u2013 Vila Clementino A APAE DE S\u00c3O PAULO, em parceria com a FUNDA\u00c7\u00c3O FEAC, est\u00e1 promovendo o evento de lan\u00e7amento do livro: Lei Brasileira [&hellip;]\" \/>\n<meta property=\"og:url\" content=\"https:\/\/inclusivenews.com.br\/?p=30564\" \/>\n<meta property=\"article:publisher\" content=\"https:\/\/www.facebook.com\/agenciainclusive\/\" \/>\n<meta property=\"article:published_time\" content=\"2017-09-12T08:49:03+00:00\" \/>\n<meta property=\"og:image\" content=\"http:\/\/inclusivenews.com.br\/wp-content\/uploads\/2017-09-11-PHOTO-00001941.jpg\" \/>\n<meta name=\"author\" content=\"inclusivenews2024\" \/>\n<meta name=\"twitter:card\" content=\"summary_large_image\" \/>\n<meta name=\"twitter:label1\" content=\"Escrito por\" \/>\n\t<meta name=\"twitter:data1\" content=\"inclusivenews2024\" \/>\n\t<meta name=\"twitter:label2\" content=\"Tempo estimado de leitura\" \/>\n\t<meta name=\"twitter:data2\" content=\"1 minuto\" \/>\n<script type=\"application\/ld+json\" class=\"yoast-schema-graph\">{\"@context\":\"https:\\\/\\\/schema.org\",\"@graph\":[{\"@type\":\"Article\",\"@id\":\"https:\\\/\\\/inclusivenews.com.br\\\/?p=30564#article\",\"isPartOf\":{\"@id\":\"https:\\\/\\\/inclusivenews.com.br\\\/?p=30564\"},\"author\":{\"name\":\"inclusivenews2024\",\"@id\":\"https:\\\/\\\/inclusivenews.com.br\\\/#\\\/schema\\\/person\\\/ae4ec7087559b8692fb33b6fffd2273b\"},\"headline\":\"Lan\u00e7amento da Lei Brasileira de Inclus\u00e3o da Pessoa com Defici\u00eancia Comentada\",\"datePublished\":\"2017-09-12T08:49:03+00:00\",\"mainEntityOfPage\":{\"@id\":\"https:\\\/\\\/inclusivenews.com.br\\\/?p=30564\"},\"wordCount\":140,\"commentCount\":0,\"publisher\":{\"@id\":\"https:\\\/\\\/inclusivenews.com.br\\\/#organization\"},\"image\":{\"@id\":\"https:\\\/\\\/inclusivenews.com.br\\\/?p=30564#primaryimage\"},\"thumbnailUrl\":\"http:\\\/\\\/inclusivenews.com.br\\\/wp-content\\\/uploads\\\/2017-09-11-PHOTO-00001941.jpg\",\"articleSection\":[\"Cursos e eventos\",\"Defici\u00eancia\",\"INCLUS\u00c3O SOCIAL\"],\"inLanguage\":\"pt-PT\",\"potentialAction\":[{\"@type\":\"CommentAction\",\"name\":\"Comment\",\"target\":[\"https:\\\/\\\/inclusivenews.com.br\\\/?p=30564#respond\"]}]},{\"@type\":\"WebPage\",\"@id\":\"https:\\\/\\\/inclusivenews.com.br\\\/?p=30564\",\"url\":\"https:\\\/\\\/inclusivenews.com.br\\\/?p=30564\",\"name\":\"Lan\u00e7amento da Lei Brasileira de Inclus\u00e3o da Pessoa com Defici\u00eancia Comentada -\",\"isPartOf\":{\"@id\":\"https:\\\/\\\/inclusivenews.com.br\\\/#website\"},\"primaryImageOfPage\":{\"@id\":\"https:\\\/\\\/inclusivenews.com.br\\\/?p=30564#primaryimage\"},\"image\":{\"@id\":\"https:\\\/\\\/inclusivenews.com.br\\\/?p=30564#primaryimage\"},\"thumbnailUrl\":\"http:\\\/\\\/inclusivenews.com.br\\\/wp-content\\\/uploads\\\/2017-09-11-PHOTO-00001941.jpg\",\"datePublished\":\"2017-09-12T08:49:03+00:00\",\"breadcrumb\":{\"@id\":\"https:\\\/\\\/inclusivenews.com.br\\\/?p=30564#breadcrumb\"},\"inLanguage\":\"pt-PT\",\"potentialAction\":[{\"@type\":\"ReadAction\",\"target\":[\"https:\\\/\\\/inclusivenews.com.br\\\/?p=30564\"]}]},{\"@type\":\"ImageObject\",\"inLanguage\":\"pt-PT\",\"@id\":\"https:\\\/\\\/inclusivenews.com.br\\\/?p=30564#primaryimage\",\"url\":\"\",\"contentUrl\":\"\"},{\"@type\":\"BreadcrumbList\",\"@id\":\"https:\\\/\\\/inclusivenews.com.br\\\/?p=30564#breadcrumb\",\"itemListElement\":[{\"@type\":\"ListItem\",\"position\":1,\"name\":\"In\u00edcio\",\"item\":\"https:\\\/\\\/inclusivenews.com.br\\\/\"},{\"@type\":\"ListItem\",\"position\":2,\"name\":\"Lan\u00e7amento da Lei Brasileira de Inclus\u00e3o da Pessoa com Defici\u00eancia Comentada\"}]},{\"@type\":\"WebSite\",\"@id\":\"https:\\\/\\\/inclusivenews.com.br\\\/#website\",\"url\":\"https:\\\/\\\/inclusivenews.com.br\\\/\",\"name\":\"Inclusive News\",\"description\":\"Inclusive News\",\"publisher\":{\"@id\":\"https:\\\/\\\/inclusivenews.com.br\\\/#organization\"},\"potentialAction\":[{\"@type\":\"SearchAction\",\"target\":{\"@type\":\"EntryPoint\",\"urlTemplate\":\"https:\\\/\\\/inclusivenews.com.br\\\/?s={search_term_string}\"},\"query-input\":{\"@type\":\"PropertyValueSpecification\",\"valueRequired\":true,\"valueName\":\"search_term_string\"}}],\"inLanguage\":\"pt-PT\"},{\"@type\":\"Organization\",\"@id\":\"https:\\\/\\\/inclusivenews.com.br\\\/#organization\",\"name\":\"Inclusive - inclus\u00e3o e cidadania\",\"url\":\"https:\\\/\\\/inclusivenews.com.br\\\/\",\"logo\":{\"@type\":\"ImageObject\",\"inLanguage\":\"pt-PT\",\"@id\":\"https:\\\/\\\/inclusivenews.com.br\\\/#\\\/schema\\\/logo\\\/image\\\/\",\"url\":\"https:\\\/\\\/inclusivenews.com.br\\\/wp-content\\\/uploads\\\/2024\\\/03\\\/@grandesite.png\",\"contentUrl\":\"https:\\\/\\\/inclusivenews.com.br\\\/wp-content\\\/uploads\\\/2024\\\/03\\\/@grandesite.png\",\"width\":1080,\"height\":1080,\"caption\":\"Inclusive - inclus\u00e3o e cidadania\"},\"image\":{\"@id\":\"https:\\\/\\\/inclusivenews.com.br\\\/#\\\/schema\\\/logo\\\/image\\\/\"},\"sameAs\":[\"https:\\\/\\\/www.facebook.com\\\/agenciainclusive\\\/\",\"https:\\\/\\\/www.instagram.com\\\/newsinclusive\\\/\"]},{\"@type\":\"Person\",\"@id\":\"https:\\\/\\\/inclusivenews.com.br\\\/#\\\/schema\\\/person\\\/ae4ec7087559b8692fb33b6fffd2273b\",\"name\":\"inclusivenews2024\",\"image\":{\"@type\":\"ImageObject\",\"inLanguage\":\"pt-PT\",\"@id\":\"https:\\\/\\\/secure.gravatar.com\\\/avatar\\\/c5a7ef84c66fa914f55bc4f7ce26cfa275a3b9a1c5568b907bd184fb4dde7b40?s=96&d=mm&r=g\",\"url\":\"https:\\\/\\\/secure.gravatar.com\\\/avatar\\\/c5a7ef84c66fa914f55bc4f7ce26cfa275a3b9a1c5568b907bd184fb4dde7b40?s=96&d=mm&r=g\",\"contentUrl\":\"https:\\\/\\\/secure.gravatar.com\\\/avatar\\\/c5a7ef84c66fa914f55bc4f7ce26cfa275a3b9a1c5568b907bd184fb4dde7b40?s=96&d=mm&r=g\",\"caption\":\"inclusivenews2024\"},\"sameAs\":[\"https:\\\/\\\/inclusivenews.com.br\"],\"url\":\"https:\\\/\\\/inclusivenews.com.br\\\/?author=1\"}]}<\/script>\n<!-- \/ Yoast SEO plugin. -->","yoast_head_json":{"title":"Lan\u00e7amento da Lei Brasileira de Inclus\u00e3o da Pessoa com Defici\u00eancia Comentada -","robots":{"index":"index","follow":"follow","max-snippet":"max-snippet:-1","max-image-preview":"max-image-preview:large","max-video-preview":"max-video-preview:-1"},"canonical":"https:\/\/inclusivenews.com.br\/?p=30564","og_locale":"pt_PT","og_type":"article","og_title":"Lan\u00e7amento da Lei Brasileira de Inclus\u00e3o da Pessoa com Defici\u00eancia Comentada -","og_description":"#descri\u00e7aodaimagem Convite: Lan\u00e7amento da Lei Brasileira de Inclus\u00e3o da Pessoa com Defici\u00eancia Comentada 27 set. das 14h \u00e0s 16h APAE DE S\u00c3O PAULO \u2013 Audit\u00f3rio Joseph Safra \u2013 Rua Loefgreen, 2109 \u2013 Vila Clementino A APAE DE S\u00c3O PAULO, em parceria com a FUNDA\u00c7\u00c3O FEAC, est\u00e1 promovendo o evento de lan\u00e7amento do livro: Lei Brasileira [&hellip;]","og_url":"https:\/\/inclusivenews.com.br\/?p=30564","article_publisher":"https:\/\/www.facebook.com\/agenciainclusive\/","article_published_time":"2017-09-12T08:49:03+00:00","og_image":[{"url":"http:\/\/inclusivenews.com.br\/wp-content\/uploads\/2017-09-11-PHOTO-00001941.jpg","type":"","width":"","height":""}],"author":"inclusivenews2024","twitter_card":"summary_large_image","twitter_misc":{"Escrito por":"inclusivenews2024","Tempo estimado de leitura":"1 minuto"},"schema":{"@context":"https:\/\/schema.org","@graph":[{"@type":"Article","@id":"https:\/\/inclusivenews.com.br\/?p=30564#article","isPartOf":{"@id":"https:\/\/inclusivenews.com.br\/?p=30564"},"author":{"name":"inclusivenews2024","@id":"https:\/\/inclusivenews.com.br\/#\/schema\/person\/ae4ec7087559b8692fb33b6fffd2273b"},"headline":"Lan\u00e7amento da Lei Brasileira de Inclus\u00e3o da Pessoa com Defici\u00eancia Comentada","datePublished":"2017-09-12T08:49:03+00:00","mainEntityOfPage":{"@id":"https:\/\/inclusivenews.com.br\/?p=30564"},"wordCount":140,"commentCount":0,"publisher":{"@id":"https:\/\/inclusivenews.com.br\/#organization"},"image":{"@id":"https:\/\/inclusivenews.com.br\/?p=30564#primaryimage"},"thumbnailUrl":"http:\/\/inclusivenews.com.br\/wp-content\/uploads\/2017-09-11-PHOTO-00001941.jpg","articleSection":["Cursos e eventos","Defici\u00eancia","INCLUS\u00c3O SOCIAL"],"inLanguage":"pt-PT","potentialAction":[{"@type":"CommentAction","name":"Comment","target":["https:\/\/inclusivenews.com.br\/?p=30564#respond"]}]},{"@type":"WebPage","@id":"https:\/\/inclusivenews.com.br\/?p=30564","url":"https:\/\/inclusivenews.com.br\/?p=30564","name":"Lan\u00e7amento da Lei Brasileira de Inclus\u00e3o da Pessoa com Defici\u00eancia Comentada -","isPartOf":{"@id":"https:\/\/inclusivenews.com.br\/#website"},"primaryImageOfPage":{"@id":"https:\/\/inclusivenews.com.br\/?p=30564#primaryimage"},"image":{"@id":"https:\/\/inclusivenews.com.br\/?p=30564#primaryimage"},"thumbnailUrl":"http:\/\/inclusivenews.com.br\/wp-content\/uploads\/2017-09-11-PHOTO-00001941.jpg","datePublished":"2017-09-12T08:49:03+00:00","breadcrumb":{"@id":"https:\/\/inclusivenews.com.br\/?p=30564#breadcrumb"},"inLanguage":"pt-PT","potentialAction":[{"@type":"ReadAction","target":["https:\/\/inclusivenews.com.br\/?p=30564"]}]},{"@type":"ImageObject","inLanguage":"pt-PT","@id":"https:\/\/inclusivenews.com.br\/?p=30564#primaryimage","url":"","contentUrl":""},{"@type":"BreadcrumbList","@id":"https:\/\/inclusivenews.com.br\/?p=30564#breadcrumb","itemListElement":[{"@type":"ListItem","position":1,"name":"In\u00edcio","item":"https:\/\/inclusivenews.com.br\/"},{"@type":"ListItem","position":2,"name":"Lan\u00e7amento da Lei Brasileira de Inclus\u00e3o da Pessoa com Defici\u00eancia Comentada"}]},{"@type":"WebSite","@id":"https:\/\/inclusivenews.com.br\/#website","url":"https:\/\/inclusivenews.com.br\/","name":"Inclusive News","description":"Inclusive News","publisher":{"@id":"https:\/\/inclusivenews.com.br\/#organization"},"potentialAction":[{"@type":"SearchAction","target":{"@type":"EntryPoint","urlTemplate":"https:\/\/inclusivenews.com.br\/?s={search_term_string}"},"query-input":{"@type":"PropertyValueSpecification","valueRequired":true,"valueName":"search_term_string"}}],"inLanguage":"pt-PT"},{"@type":"Organization","@id":"https:\/\/inclusivenews.com.br\/#organization","name":"Inclusive - inclus\u00e3o e cidadania","url":"https:\/\/inclusivenews.com.br\/","logo":{"@type":"ImageObject","inLanguage":"pt-PT","@id":"https:\/\/inclusivenews.com.br\/#\/schema\/logo\/image\/","url":"https:\/\/inclusivenews.com.br\/wp-content\/uploads\/2024\/03\/@grandesite.png","contentUrl":"https:\/\/inclusivenews.com.br\/wp-content\/uploads\/2024\/03\/@grandesite.png","width":1080,"height":1080,"caption":"Inclusive - inclus\u00e3o e cidadania"},"image":{"@id":"https:\/\/inclusivenews.com.br\/#\/schema\/logo\/image\/"},"sameAs":["https:\/\/www.facebook.com\/agenciainclusive\/","https:\/\/www.instagram.com\/newsinclusive\/"]},{"@type":"Person","@id":"https:\/\/inclusivenews.com.br\/#\/schema\/person\/ae4ec7087559b8692fb33b6fffd2273b","name":"inclusivenews2024","image":{"@type":"ImageObject","inLanguage":"pt-PT","@id":"https:\/\/secure.gravatar.com\/avatar\/c5a7ef84c66fa914f55bc4f7ce26cfa275a3b9a1c5568b907bd184fb4dde7b40?s=96&d=mm&r=g","url":"https:\/\/secure.gravatar.com\/avatar\/c5a7ef84c66fa914f55bc4f7ce26cfa275a3b9a1c5568b907bd184fb4dde7b40?s=96&d=mm&r=g","contentUrl":"https:\/\/secure.gravatar.com\/avatar\/c5a7ef84c66fa914f55bc4f7ce26cfa275a3b9a1c5568b907bd184fb4dde7b40?s=96&d=mm&r=g","caption":"inclusivenews2024"},"sameAs":["https:\/\/inclusivenews.com.br"],"url":"https:\/\/inclusivenews.com.br\/?author=1"}]}},"_links":{"self":[{"href":"https:\/\/inclusivenews.com.br\/index.php?rest_route=\/wp\/v2\/posts\/30564","targetHints":{"allow":["GET"]}}],"collection":[{"href":"https:\/\/inclusivenews.com.br\/index.php?rest_route=\/wp\/v2\/posts"}],"about":[{"href":"https:\/\/inclusivenews.com.br\/index.php?rest_route=\/wp\/v2\/types\/post"}],"author":[{"embeddable":true,"href":"https:\/\/inclusivenews.com.br\/index.php?rest_route=\/wp\/v2\/users\/1"}],"replies":[{"embeddable":true,"href":"https:\/\/inclusivenews.com.br\/index.php?rest_route=%2Fwp%2Fv2%2Fcomments&post=30564"}],"version-history":[{"count":0,"href":"https:\/\/inclusivenews.com.br\/index.php?rest_route=\/wp\/v2\/posts\/30564\/revisions"}],"wp:attachment":[{"href":"https:\/\/inclusivenews.com.br\/index.php?rest_route=%2Fwp%2Fv2%2Fmedia&parent=30564"}],"wp:term":[{"taxonomy":"category","embeddable":true,"href":"https:\/\/inclusivenews.com.br\/index.php?rest_route=%2Fwp%2Fv2%2Fcategories&post=30564"},{"taxonomy":"post_tag","embeddable":true,"href":"https:\/\/inclusivenews.com.br\/index.php?rest_route=%2Fwp%2Fv2%2Ftags&post=30564"}],"curies":[{"name":"wp","href":"https:\/\/api.w.org\/{rel}","templated":true}]}}