{"id":30575,"date":"2017-09-14T21:30:30","date_gmt":"2017-09-15T00:30:30","guid":{"rendered":"http:\/\/www.inclusive.org.br\/?p=30575"},"modified":"2017-09-14T21:30:30","modified_gmt":"2017-09-15T00:30:30","slug":"parece-ate-mentira","status":"publish","type":"post","link":"https:\/\/inclusivenews.com.br\/?p=30575","title":{"rendered":"Parece at\u00e9 mentira"},"content":{"rendered":"<p><em>Por Lucio Carvalho<\/em><br \/>\n<em>para a Inclusive<\/em><\/p>\n<p>Sei que muitos que me conhecem (ou julgam conhecer) me tomam por alarmista, talvez at\u00e9 um arauto preferencial de m\u00e1s not\u00edcias. \u00c9 uma injusti\u00e7a pensarem isso de mim. Sou um otimista quase doentio. E mesmo quando n\u00e3o h\u00e1 possibilidade alguma, eu luto talvez a luta mais infame de todas, que \u00e9 a de mesmo na adversidade manter viva alguma esperan\u00e7a. S\u00f3 o que n\u00e3o me permito \u00e9 ser lun\u00e1tico, este \u00e9 meu limite, especialmente quando est\u00e3o em quest\u00e3o a vida e a realidade dos outros.<\/p>\n<figure id=\"attachment_30573\" aria-describedby=\"caption-attachment-30573\" style=\"width: 545px\" class=\"wp-caption aligncenter\"><img loading=\"lazy\" decoding=\"async\" class=\"wp-image-30573 \" src=\"http:\/\/inclusivenews.com.br\/wp-content\/uploads\/mentira2.jpg\" alt=\"mentira2\" width=\"545\" height=\"409\" \/><figcaption id=\"caption-attachment-30573\" class=\"wp-caption-text\">Imagem editada que mostra um soldado subindo a escada de um helic\u00f3ptero sobre o mar do qual emerge uma baleia orca em sua dire\u00e7\u00e3o. A imagem foi por muito tempo alvo de debate sobre edi\u00e7\u00e3o de imagens e divulga\u00e7\u00e3o de imagens falsas na internet.<\/figcaption><\/figure>\n<p>De vez em quando, entretanto, minha esperan\u00e7a recebe refor\u00e7os. E embora eu procure tentar ser parcimonioso ao falar sobre mim, hoje me deu vontade de contar sobre um refor\u00e7o desses, que se passou comigo mesmo, na realidade. Eu diria at\u00e9 que foi t\u00e3o in\u00e9dito e imprevisto que fiquei desarmado na situa\u00e7\u00e3o, durante o dia inteiro, e s\u00f3 agora, com o dia j\u00e1 acabando, caiu a ficha do que me aconteceu e n\u00e3o sei se eu tanto havia esperado por ouvir uma coisa dessas, mas na hora a por\u00e7\u00e3o mais racional da minha mente computou a coisa toda como se fosse absolutamente l\u00f3gica e natural. No fundo, inconscientemente, percebi que estivera esperando ouvir (trata-se de um di\u00e1logo que ouvi furtivamente) aquela conversa por anos a fio. Na verdade, parece at\u00e9 mentira, uma d\u00e9cada j\u00e1&#8230;<\/p>\n<p>Tudo se passou hoje pr\u00f3ximo ao meio-dia, pela manh\u00e3. Fui \u00e0 escola dos meus filhos para resolver uma burocracia sobre matr\u00edculas e presenciei sem querer a conversa de uma fam\u00edlia que visitava a escola para conhec\u00ea-la pessoalmente com a orientadora pedag\u00f3gica, nos corredores que d\u00e3o ao p\u00e1tio interno. Este \u00e9 um ritual que conhe\u00e7o bem e que, mesmo que somente nesse \u00faltimo ano tenha vivido relativos momentos de tranquilidade, duvido que as pessoas que n\u00e3o t\u00eam filhos com defici\u00eancia consigam imaginar em que tormento isso pode se tornar, quando deveria ser o mais trivial dos gestos para qualquer cidad\u00e3o e sua fam\u00edlia.<\/p>\n<p>Bem, feito o esclarecimento, continuo meu relato. A conversa n\u00e3o me chamaria a aten\u00e7\u00e3o, provavelmente (n\u00e3o, eu n\u00e3o sou fuxiqueiro nem indiscreto), se no meio da <em>charla<\/em> eu n\u00e3o tivesse ouvido o nome do meu filho. Bem, n\u00e3o que ele me d\u00ea grandes problemas disciplinares (o meu anjinho&#8230;), mas os alertas paternais soaram instantaneamente, por via das d\u00favidas. O que diabos estaria fazendo o nome do meu filho naquela prosa t\u00e3o animada?<\/p>\n<p>Ent\u00e3o foi que ouvi o que me pareceu por um instante ser mesmo o \u00f3bvio a ser dito, que foi mais ou menos assim: &#8220;Que \u00f3timo saber disso! N\u00f3s queremos mesmo uma escola com inclus\u00e3o! Com pessoas de todo jeito! \u00c9 isso que queremos para o nosso filho, esse conv\u00edvio, porque isso conta muito para n\u00f3s! Deveriam todas ser assim!&#8221; Parece \u00f3bvio se voc\u00ea tem tamb\u00e9m um filho com defici\u00eancia, n\u00e3o \u00e9? Mas e se n\u00e3o tem? Pois este era justamente o caso! Eu estava ouvindo a conversa de uma fam\u00edlia de um aluno sem defici\u00eancia que gostaria de matricular seu filho numa escola onde houvesse, naturalmente, crian\u00e7as com defici\u00eancia. N\u00e3o era uma realidade imprevista que lhes estava sendo apresentada, era o desejo deles, de sua livre e espont\u00e2nea vontade. E eles declaravam que se importavam com isso, que isso pesaria na sua avalia\u00e7\u00e3o.<\/p>\n<p>Nada mais natural, n\u00e3o \u00e9 verdade? Deveria, mas, sendo realista, n\u00e3o mesmo. Aqui tamb\u00e9m, parece at\u00e9 mentira&#8230; N\u00e3o sei porque n\u00e3o sa\u00ed atr\u00e1s da fam\u00edlia e me abracei neles e lhes dei beijos e abra\u00e7os, mas algo do meu temperamento me conteve e eu, ali, no calor do momento, n\u00e3o entendi t\u00e3o bem quanto descrevo agora do que se tratava. A ficha custou a cair. Falta de h\u00e1bito d\u00e1 nisso, n\u00e3o \u00e9 verdade?<\/p>\n<p>N\u00e3o que isso justifique um denuncismo quase obsessivo que se v\u00ea por toda a parte, sobretudo redes sociais, mas a verdade \u00e9 que para a infelicidade de todos, n\u00e3o exclusivamente a minha, h\u00e1 um cen\u00e1rio que tem favorecido sobremaneira o surgimento abundante de m\u00e1s not\u00edcias a respeito de situa\u00e7\u00f5es que se na lei est\u00e3o resolvidas, na pr\u00e1tica continuam boiando no amplo mar da precariedade. \u00c9 com o que temos nos virado como sociedade.<\/p>\n<p>Pois bem, diante de tudo isso n\u00e3o seria eu a menosprezar os sofrimentos aut\u00eanticos de ningu\u00e9m e, apesar de ser obrigado a concordar com a m\u00e1xima que diz que o mal alheio pesa como um fio de cabelo, somente uma criatura sem alma usaria de seu direito de livre expressar para tripudiar do sofrimento alheio, embora um recente<a href=\"http:\/\/www.inclusive.org.br\/arquivos\/30535\" target=\"_blank\" rel=\"noopener\"> caso ocorrido na vizinha Argentina<\/a> sobre o qual escrevi algumas poucas linhas me mostre que provavelmente, sim, existam bem mais de uma alma assim.<\/p>\n<p>N\u00e3o sei o porqu\u00ea (isso \u00e9 ret\u00f3rica, sei muito bem) mas sinto como agress\u00f5es n\u00e3o apenas aquelas situa\u00e7\u00f5es que ocorrem ao arrepio da lei, mas tamb\u00e9m as que ocorrem \u00e0 revelia do m\u00ednimo senso de humanidade. A mim, particularmente, a indiferen\u00e7a aos problemas dos demais tamb\u00e9m me passa uma potent\u00edssima sensa\u00e7\u00e3o de agress\u00e3o. Ainda que de um teor menos violento, trata-se de uma outra esp\u00e9cie de viol\u00eancia que, se no \u00e2mbito moral individual pode ser considerada inofensiva, institucionalmente ela costuma encobrir muitas vezes casos de covardia pol\u00edtica ou at\u00e9 mesmo omiss\u00e3o criminosa. N\u00e3o gosto nem um pouco, mas acontece, e em volume muito maior do que eu desejaria. E tamb\u00e9m n\u00e3o tenho admira\u00e7\u00e3o alguma por sentimentos de compadecimento e piedade; ali\u00e1s, duvido muito de que algu\u00e9m goste de ser objeto deles.<\/p>\n<p>Enfim, entendo que \u00e0s vezes n\u00e3o h\u00e1 para as pessoas solu\u00e7\u00f5es em vista e, assim, h\u00e1 que se ter bom senso para n\u00e3o julgar os demais desconsiderando o seu contexto particular. Embora isso n\u00e3o costume vir nos manuais de empatia, trata-se de n\u00e3o prejudicar os interessados da aten\u00e7\u00e3o que lhes alcan\u00e7a e muitas vezes \u00e9 premente, fundamental. \u00c0s vezes, a \u00fanica efetivamente poss\u00edvel. A isso se chama civilidade. Sou avesso, portanto, a qualquer comportamento \u00e0 Maria Antonieta. Pelo menos no terreno inclusivo, sejamos honestos, n\u00e3o h\u00e1 tantos brioches assim a oferecer. H\u00e1 que ser compreensivo com situa\u00e7\u00f5es duras, excludentes e at\u00e9 mesmo ilegais, que ainda subsistem porque, afinal, o processo costuma seguir mais o percurso acidentado da realidade que o terreno argiloso da idealiza\u00e7\u00e3o.<\/p>\n<p>O fato dentre os fatos \u00e9 que, se dependemos muito mais dos outros do que dispomos muitas vezes de nossa pr\u00f3pria for\u00e7a, acho justo que, ao lado de tantas den\u00fancias, abusos e viol\u00eancias tamb\u00e9m se possa oferecer um pouco de refor\u00e7o para quem porventura estiver precisando dele. Se me engrande\u00e7o por isso, por seu meu filho o exemplo? \u00c9 claro que, por isso especificamente, n\u00e3o. E nem se trata disso. Para mim, pessoalmente, muitas vezes tem sido dif\u00edcil romper essa conten\u00e7\u00e3o a que nos amarra a realidade social, e tamb\u00e9m a individual (acredito que como todo mundo), mas, como ouvi quase sem querer o que ouvi, apenas quis dar eco a esse empurr\u00e3o que recebi sem nem entender direito a raz\u00e3o&#8230; Se algu\u00e9m que tiver lido at\u00e9 aqui estivesse precisando ouvir isso tamb\u00e9m, saiba que \u00e9 real, n\u00e3o \u00e9 fic\u00e7\u00e3o. Como li h\u00e1 um tempo no blogue do Paratodos, em texto da Fabiana Ribeiro, \u00e9 muito bom \u00e0s vezes poder ouvir um &#8220;<a href=\"https:\/\/paratodos.net.br\/2017\/02\/11\/vem-ou-vai-meteoro\/\" target=\"_blank\" rel=\"noopener\">Vai, meteoro<\/a>&#8221; desses. Em eventos in\u00fameros a que fui e em palestras, j\u00e1 ouvi coisas das mais fant\u00e1sticas e singelas sobre inclus\u00e3o, mas nunca como essa, que a gente recebe sem precisar nem pedir, por acaso, de gra\u00e7a, a troco de nada.<\/p>\n","protected":false},"excerpt":{"rendered":"<p>No fundo, inconscientemente, percebi que estivera esperando por ouvir (trata-se de um di\u00e1logo que ouvi furtivamente) aquela conversa anos a fio. Na verdade, parece at\u00e9 mentira, uma d\u00e9cada j\u00e1. Por Lucio Carvalho, para a Inclusive.<\/p>\n","protected":false},"author":1,"featured_media":0,"comment_status":"open","ping_status":"open","sticky":false,"template":"","format":"standard","meta":{"site-container-style":"default","site-container-layout":"default","site-sidebar-layout":"default","disable-article-header":"default","disable-site-header":"default","disable-site-footer":"default","disable-content-area-spacing":"default","footnotes":""},"categories":[35,6,48,8],"tags":[102,126,161],"class_list":["post-30575","post","type-post","status-publish","format-standard","hentry","category-de-nossa-parte","category-educacao","category-inclusao","category-textos-e-artigos","tag-comportamento","tag-educacao-inclusiva","tag-sociedade"],"yoast_head":"<!-- This site is optimized with the Yoast SEO plugin v27.4 - https:\/\/yoast.com\/product\/yoast-seo-wordpress\/ -->\n<title>Parece at\u00e9 mentira -<\/title>\n<meta name=\"robots\" content=\"index, follow, max-snippet:-1, max-image-preview:large, max-video-preview:-1\" \/>\n<link rel=\"canonical\" href=\"https:\/\/inclusivenews.com.br\/?p=30575\" \/>\n<meta property=\"og:locale\" content=\"pt_PT\" \/>\n<meta property=\"og:type\" content=\"article\" \/>\n<meta property=\"og:title\" content=\"Parece at\u00e9 mentira -\" \/>\n<meta property=\"og:description\" content=\"No fundo, inconscientemente, percebi que estivera esperando por ouvir (trata-se de um di\u00e1logo que ouvi furtivamente) aquela conversa anos a fio. Na verdade, parece at\u00e9 mentira, uma d\u00e9cada j\u00e1. Por Lucio Carvalho, para a Inclusive.\" \/>\n<meta property=\"og:url\" content=\"https:\/\/inclusivenews.com.br\/?p=30575\" \/>\n<meta property=\"article:publisher\" content=\"https:\/\/www.facebook.com\/agenciainclusive\/\" \/>\n<meta property=\"article:published_time\" content=\"2017-09-15T00:30:30+00:00\" \/>\n<meta property=\"og:image\" content=\"http:\/\/inclusivenews.com.br\/wp-content\/uploads\/mentira2.jpg\" \/>\n<meta name=\"author\" content=\"inclusivenews2024\" \/>\n<meta name=\"twitter:card\" content=\"summary_large_image\" \/>\n<meta name=\"twitter:label1\" content=\"Escrito por\" \/>\n\t<meta name=\"twitter:data1\" content=\"inclusivenews2024\" \/>\n\t<meta name=\"twitter:label2\" content=\"Tempo estimado de leitura\" \/>\n\t<meta name=\"twitter:data2\" content=\"7 minutos\" \/>\n<script type=\"application\/ld+json\" class=\"yoast-schema-graph\">{\"@context\":\"https:\\\/\\\/schema.org\",\"@graph\":[{\"@type\":\"Article\",\"@id\":\"https:\\\/\\\/inclusivenews.com.br\\\/?p=30575#article\",\"isPartOf\":{\"@id\":\"https:\\\/\\\/inclusivenews.com.br\\\/?p=30575\"},\"author\":{\"name\":\"inclusivenews2024\",\"@id\":\"https:\\\/\\\/inclusivenews.com.br\\\/#\\\/schema\\\/person\\\/ae4ec7087559b8692fb33b6fffd2273b\"},\"headline\":\"Parece at\u00e9 mentira\",\"datePublished\":\"2017-09-15T00:30:30+00:00\",\"mainEntityOfPage\":{\"@id\":\"https:\\\/\\\/inclusivenews.com.br\\\/?p=30575\"},\"wordCount\":1401,\"commentCount\":0,\"publisher\":{\"@id\":\"https:\\\/\\\/inclusivenews.com.br\\\/#organization\"},\"image\":{\"@id\":\"https:\\\/\\\/inclusivenews.com.br\\\/?p=30575#primaryimage\"},\"thumbnailUrl\":\"http:\\\/\\\/inclusivenews.com.br\\\/wp-content\\\/uploads\\\/mentira2.jpg\",\"keywords\":[\"Comportamento\",\"Educa\u00e7\u00e3o inclusiva\",\"Sociedade\"],\"articleSection\":[\"+ De nossa parte\",\"EDUCA\u00c7\u00c3O\",\"INCLUS\u00c3O SOCIAL\",\"OPINI\u00c3O\"],\"inLanguage\":\"pt-PT\",\"potentialAction\":[{\"@type\":\"CommentAction\",\"name\":\"Comment\",\"target\":[\"https:\\\/\\\/inclusivenews.com.br\\\/?p=30575#respond\"]}]},{\"@type\":\"WebPage\",\"@id\":\"https:\\\/\\\/inclusivenews.com.br\\\/?p=30575\",\"url\":\"https:\\\/\\\/inclusivenews.com.br\\\/?p=30575\",\"name\":\"Parece at\u00e9 mentira -\",\"isPartOf\":{\"@id\":\"https:\\\/\\\/inclusivenews.com.br\\\/#website\"},\"primaryImageOfPage\":{\"@id\":\"https:\\\/\\\/inclusivenews.com.br\\\/?p=30575#primaryimage\"},\"image\":{\"@id\":\"https:\\\/\\\/inclusivenews.com.br\\\/?p=30575#primaryimage\"},\"thumbnailUrl\":\"http:\\\/\\\/inclusivenews.com.br\\\/wp-content\\\/uploads\\\/mentira2.jpg\",\"datePublished\":\"2017-09-15T00:30:30+00:00\",\"breadcrumb\":{\"@id\":\"https:\\\/\\\/inclusivenews.com.br\\\/?p=30575#breadcrumb\"},\"inLanguage\":\"pt-PT\",\"potentialAction\":[{\"@type\":\"ReadAction\",\"target\":[\"https:\\\/\\\/inclusivenews.com.br\\\/?p=30575\"]}]},{\"@type\":\"ImageObject\",\"inLanguage\":\"pt-PT\",\"@id\":\"https:\\\/\\\/inclusivenews.com.br\\\/?p=30575#primaryimage\",\"url\":\"\",\"contentUrl\":\"\"},{\"@type\":\"BreadcrumbList\",\"@id\":\"https:\\\/\\\/inclusivenews.com.br\\\/?p=30575#breadcrumb\",\"itemListElement\":[{\"@type\":\"ListItem\",\"position\":1,\"name\":\"In\u00edcio\",\"item\":\"https:\\\/\\\/inclusivenews.com.br\\\/\"},{\"@type\":\"ListItem\",\"position\":2,\"name\":\"Parece at\u00e9 mentira\"}]},{\"@type\":\"WebSite\",\"@id\":\"https:\\\/\\\/inclusivenews.com.br\\\/#website\",\"url\":\"https:\\\/\\\/inclusivenews.com.br\\\/\",\"name\":\"Inclusive News\",\"description\":\"Inclusive News\",\"publisher\":{\"@id\":\"https:\\\/\\\/inclusivenews.com.br\\\/#organization\"},\"potentialAction\":[{\"@type\":\"SearchAction\",\"target\":{\"@type\":\"EntryPoint\",\"urlTemplate\":\"https:\\\/\\\/inclusivenews.com.br\\\/?s={search_term_string}\"},\"query-input\":{\"@type\":\"PropertyValueSpecification\",\"valueRequired\":true,\"valueName\":\"search_term_string\"}}],\"inLanguage\":\"pt-PT\"},{\"@type\":\"Organization\",\"@id\":\"https:\\\/\\\/inclusivenews.com.br\\\/#organization\",\"name\":\"Inclusive - inclus\u00e3o e cidadania\",\"url\":\"https:\\\/\\\/inclusivenews.com.br\\\/\",\"logo\":{\"@type\":\"ImageObject\",\"inLanguage\":\"pt-PT\",\"@id\":\"https:\\\/\\\/inclusivenews.com.br\\\/#\\\/schema\\\/logo\\\/image\\\/\",\"url\":\"https:\\\/\\\/inclusivenews.com.br\\\/wp-content\\\/uploads\\\/2024\\\/03\\\/@grandesite.png\",\"contentUrl\":\"https:\\\/\\\/inclusivenews.com.br\\\/wp-content\\\/uploads\\\/2024\\\/03\\\/@grandesite.png\",\"width\":1080,\"height\":1080,\"caption\":\"Inclusive - inclus\u00e3o e cidadania\"},\"image\":{\"@id\":\"https:\\\/\\\/inclusivenews.com.br\\\/#\\\/schema\\\/logo\\\/image\\\/\"},\"sameAs\":[\"https:\\\/\\\/www.facebook.com\\\/agenciainclusive\\\/\",\"https:\\\/\\\/www.instagram.com\\\/newsinclusive\\\/\"]},{\"@type\":\"Person\",\"@id\":\"https:\\\/\\\/inclusivenews.com.br\\\/#\\\/schema\\\/person\\\/ae4ec7087559b8692fb33b6fffd2273b\",\"name\":\"inclusivenews2024\",\"image\":{\"@type\":\"ImageObject\",\"inLanguage\":\"pt-PT\",\"@id\":\"https:\\\/\\\/secure.gravatar.com\\\/avatar\\\/c5a7ef84c66fa914f55bc4f7ce26cfa275a3b9a1c5568b907bd184fb4dde7b40?s=96&d=mm&r=g\",\"url\":\"https:\\\/\\\/secure.gravatar.com\\\/avatar\\\/c5a7ef84c66fa914f55bc4f7ce26cfa275a3b9a1c5568b907bd184fb4dde7b40?s=96&d=mm&r=g\",\"contentUrl\":\"https:\\\/\\\/secure.gravatar.com\\\/avatar\\\/c5a7ef84c66fa914f55bc4f7ce26cfa275a3b9a1c5568b907bd184fb4dde7b40?s=96&d=mm&r=g\",\"caption\":\"inclusivenews2024\"},\"sameAs\":[\"https:\\\/\\\/inclusivenews.com.br\"],\"url\":\"https:\\\/\\\/inclusivenews.com.br\\\/?author=1\"}]}<\/script>\n<!-- \/ Yoast SEO plugin. -->","yoast_head_json":{"title":"Parece at\u00e9 mentira -","robots":{"index":"index","follow":"follow","max-snippet":"max-snippet:-1","max-image-preview":"max-image-preview:large","max-video-preview":"max-video-preview:-1"},"canonical":"https:\/\/inclusivenews.com.br\/?p=30575","og_locale":"pt_PT","og_type":"article","og_title":"Parece at\u00e9 mentira -","og_description":"No fundo, inconscientemente, percebi que estivera esperando por ouvir (trata-se de um di\u00e1logo que ouvi furtivamente) aquela conversa anos a fio. Na verdade, parece at\u00e9 mentira, uma d\u00e9cada j\u00e1. Por Lucio Carvalho, para a Inclusive.","og_url":"https:\/\/inclusivenews.com.br\/?p=30575","article_publisher":"https:\/\/www.facebook.com\/agenciainclusive\/","article_published_time":"2017-09-15T00:30:30+00:00","og_image":[{"url":"http:\/\/inclusivenews.com.br\/wp-content\/uploads\/mentira2.jpg","type":"","width":"","height":""}],"author":"inclusivenews2024","twitter_card":"summary_large_image","twitter_misc":{"Escrito por":"inclusivenews2024","Tempo estimado de leitura":"7 minutos"},"schema":{"@context":"https:\/\/schema.org","@graph":[{"@type":"Article","@id":"https:\/\/inclusivenews.com.br\/?p=30575#article","isPartOf":{"@id":"https:\/\/inclusivenews.com.br\/?p=30575"},"author":{"name":"inclusivenews2024","@id":"https:\/\/inclusivenews.com.br\/#\/schema\/person\/ae4ec7087559b8692fb33b6fffd2273b"},"headline":"Parece at\u00e9 mentira","datePublished":"2017-09-15T00:30:30+00:00","mainEntityOfPage":{"@id":"https:\/\/inclusivenews.com.br\/?p=30575"},"wordCount":1401,"commentCount":0,"publisher":{"@id":"https:\/\/inclusivenews.com.br\/#organization"},"image":{"@id":"https:\/\/inclusivenews.com.br\/?p=30575#primaryimage"},"thumbnailUrl":"http:\/\/inclusivenews.com.br\/wp-content\/uploads\/mentira2.jpg","keywords":["Comportamento","Educa\u00e7\u00e3o inclusiva","Sociedade"],"articleSection":["+ De nossa parte","EDUCA\u00c7\u00c3O","INCLUS\u00c3O SOCIAL","OPINI\u00c3O"],"inLanguage":"pt-PT","potentialAction":[{"@type":"CommentAction","name":"Comment","target":["https:\/\/inclusivenews.com.br\/?p=30575#respond"]}]},{"@type":"WebPage","@id":"https:\/\/inclusivenews.com.br\/?p=30575","url":"https:\/\/inclusivenews.com.br\/?p=30575","name":"Parece at\u00e9 mentira -","isPartOf":{"@id":"https:\/\/inclusivenews.com.br\/#website"},"primaryImageOfPage":{"@id":"https:\/\/inclusivenews.com.br\/?p=30575#primaryimage"},"image":{"@id":"https:\/\/inclusivenews.com.br\/?p=30575#primaryimage"},"thumbnailUrl":"http:\/\/inclusivenews.com.br\/wp-content\/uploads\/mentira2.jpg","datePublished":"2017-09-15T00:30:30+00:00","breadcrumb":{"@id":"https:\/\/inclusivenews.com.br\/?p=30575#breadcrumb"},"inLanguage":"pt-PT","potentialAction":[{"@type":"ReadAction","target":["https:\/\/inclusivenews.com.br\/?p=30575"]}]},{"@type":"ImageObject","inLanguage":"pt-PT","@id":"https:\/\/inclusivenews.com.br\/?p=30575#primaryimage","url":"","contentUrl":""},{"@type":"BreadcrumbList","@id":"https:\/\/inclusivenews.com.br\/?p=30575#breadcrumb","itemListElement":[{"@type":"ListItem","position":1,"name":"In\u00edcio","item":"https:\/\/inclusivenews.com.br\/"},{"@type":"ListItem","position":2,"name":"Parece at\u00e9 mentira"}]},{"@type":"WebSite","@id":"https:\/\/inclusivenews.com.br\/#website","url":"https:\/\/inclusivenews.com.br\/","name":"Inclusive News","description":"Inclusive News","publisher":{"@id":"https:\/\/inclusivenews.com.br\/#organization"},"potentialAction":[{"@type":"SearchAction","target":{"@type":"EntryPoint","urlTemplate":"https:\/\/inclusivenews.com.br\/?s={search_term_string}"},"query-input":{"@type":"PropertyValueSpecification","valueRequired":true,"valueName":"search_term_string"}}],"inLanguage":"pt-PT"},{"@type":"Organization","@id":"https:\/\/inclusivenews.com.br\/#organization","name":"Inclusive - inclus\u00e3o e cidadania","url":"https:\/\/inclusivenews.com.br\/","logo":{"@type":"ImageObject","inLanguage":"pt-PT","@id":"https:\/\/inclusivenews.com.br\/#\/schema\/logo\/image\/","url":"https:\/\/inclusivenews.com.br\/wp-content\/uploads\/2024\/03\/@grandesite.png","contentUrl":"https:\/\/inclusivenews.com.br\/wp-content\/uploads\/2024\/03\/@grandesite.png","width":1080,"height":1080,"caption":"Inclusive - inclus\u00e3o e cidadania"},"image":{"@id":"https:\/\/inclusivenews.com.br\/#\/schema\/logo\/image\/"},"sameAs":["https:\/\/www.facebook.com\/agenciainclusive\/","https:\/\/www.instagram.com\/newsinclusive\/"]},{"@type":"Person","@id":"https:\/\/inclusivenews.com.br\/#\/schema\/person\/ae4ec7087559b8692fb33b6fffd2273b","name":"inclusivenews2024","image":{"@type":"ImageObject","inLanguage":"pt-PT","@id":"https:\/\/secure.gravatar.com\/avatar\/c5a7ef84c66fa914f55bc4f7ce26cfa275a3b9a1c5568b907bd184fb4dde7b40?s=96&d=mm&r=g","url":"https:\/\/secure.gravatar.com\/avatar\/c5a7ef84c66fa914f55bc4f7ce26cfa275a3b9a1c5568b907bd184fb4dde7b40?s=96&d=mm&r=g","contentUrl":"https:\/\/secure.gravatar.com\/avatar\/c5a7ef84c66fa914f55bc4f7ce26cfa275a3b9a1c5568b907bd184fb4dde7b40?s=96&d=mm&r=g","caption":"inclusivenews2024"},"sameAs":["https:\/\/inclusivenews.com.br"],"url":"https:\/\/inclusivenews.com.br\/?author=1"}]}},"_links":{"self":[{"href":"https:\/\/inclusivenews.com.br\/index.php?rest_route=\/wp\/v2\/posts\/30575","targetHints":{"allow":["GET"]}}],"collection":[{"href":"https:\/\/inclusivenews.com.br\/index.php?rest_route=\/wp\/v2\/posts"}],"about":[{"href":"https:\/\/inclusivenews.com.br\/index.php?rest_route=\/wp\/v2\/types\/post"}],"author":[{"embeddable":true,"href":"https:\/\/inclusivenews.com.br\/index.php?rest_route=\/wp\/v2\/users\/1"}],"replies":[{"embeddable":true,"href":"https:\/\/inclusivenews.com.br\/index.php?rest_route=%2Fwp%2Fv2%2Fcomments&post=30575"}],"version-history":[{"count":0,"href":"https:\/\/inclusivenews.com.br\/index.php?rest_route=\/wp\/v2\/posts\/30575\/revisions"}],"wp:attachment":[{"href":"https:\/\/inclusivenews.com.br\/index.php?rest_route=%2Fwp%2Fv2%2Fmedia&parent=30575"}],"wp:term":[{"taxonomy":"category","embeddable":true,"href":"https:\/\/inclusivenews.com.br\/index.php?rest_route=%2Fwp%2Fv2%2Fcategories&post=30575"},{"taxonomy":"post_tag","embeddable":true,"href":"https:\/\/inclusivenews.com.br\/index.php?rest_route=%2Fwp%2Fv2%2Ftags&post=30575"}],"curies":[{"name":"wp","href":"https:\/\/api.w.org\/{rel}","templated":true}]}}