{"id":30605,"date":"2017-09-21T07:46:28","date_gmt":"2017-09-21T10:46:28","guid":{"rendered":"http:\/\/www.inclusive.org.br\/?p=30605"},"modified":"2017-09-21T07:46:28","modified_gmt":"2017-09-21T10:46:28","slug":"dia-nacional-de-luta-das-pessoas-com-deficiencia-alerta-para-a-defesa-de-direitos","status":"publish","type":"post","link":"https:\/\/inclusivenews.com.br\/?p=30605","title":{"rendered":"Dia Nacional de Luta das Pessoas com Defici\u00eancia  alerta para a defesa de direitos"},"content":{"rendered":"<figure style=\"width: 247px\" class=\"wp-caption alignleft\"><img loading=\"lazy\" decoding=\"async\" src=\"http:\/\/www.apaesp.org.br\/pt-br\/defesa-de-direitos\/direitos-da-pessoa-com-deficiencia\/PublishingImages\/Capa-Apredendo-Seus-Direitos.png\" width=\"247\" height=\"346\" \/><figcaption class=\"wp-caption-text\">Cartilha Aprendendo Seus Direitos &#8211; crian\u00e7as e adolescentes com defici\u00eancia intelectual &#8211; ilustra\u00e7\u00e3o de quatro crian\u00e7as segurando cartilhas impressas<\/figcaption><\/figure>\n<p>Em 21 de setembro \u00e9 celebrado o Dia Nacional de Luta das Pessoas com Defici\u00eancia; a data chama aten\u00e7\u00e3o para a defesa de direitos e a import\u00e2ncia de que sejam cumpridos. A Lei Brasileira de Inclus\u00e3o (13.146\/15), em vigor desde 2 de janeiro de 2016, assegura que pessoas com e sem defici\u00eancia tenham a oportunidade de conviver umas com as outras, de forma igual, quebrando as barreiras atitudinais e minimizando, assim, o preconceito.<\/p>\n<p><strong>Quais s\u00e3o os direitos das pessoas com defici\u00eancia?<\/strong><\/p>\n<p>As pessoas com defici\u00eancia t\u00eam os mesmos direitos de todos os cidad\u00e3os. Entre eles est\u00e3o o direito \u00e0 sa\u00fade, ao transporte, \u00e0 escola regular e a oportunidades de trabalho.<\/p>\n<p><strong>As escolas podem rejeitar pessoas com defici\u00eancia?<\/strong><\/p>\n<p>N\u00e3o. Como qualquer cidad\u00e3o, as pessoas com defici\u00eancia t\u00eam direito \u00e0 escola regular com os devidos apoios e adapta\u00e7\u00e3o dos materiais para seu desenvolvimento. Tamb\u00e9m n\u00e3o \u00e9 permitido cobrar nenhuma taxa extra por isso.<\/p>\n<p><strong>Alguma lei assegura que jovens e adultos com defici\u00eancia possam trabalhar?<\/strong><\/p>\n<p>Sim, a Lei 8.213 prev\u00ea a contrata\u00e7\u00e3o de pessoas com defici\u00eancia no mercado de trabalho. As empresas contratam por meio de cotas estipuladas de acordo com o n\u00famero de funcion\u00e1rios que possuem. Tamb\u00e9m \u00e9 assegurado por lei o acesso da pessoa com defici\u00eancia a cursos de forma\u00e7\u00e3o profissional, tanto em institui\u00e7\u00e3o p\u00fablica quanto privada, que proporcione efetiva integra\u00e7\u00e3o na vida em sociedade.<\/p>\n<p><strong>As pessoas com defici\u00eancia t\u00eam direito a transporte p\u00fablico gratuito?<\/strong><\/p>\n<p>Sim, as pessoas com defici\u00eancia possuem gratuidade para utiliza\u00e7\u00e3o no Bilhete \u00danico Especial para \u00f4nibus, metr\u00f4 e trens da CPTM; Cart\u00e3o Bom Especial para \u00f4nibus intermunicipais; e Passe Livre para viajar para outros estados brasileiros. Al\u00e9m disso, as pessoas com defici\u00eancia t\u00eam isen\u00e7\u00e3o do Rod\u00edzio Municipal de Ve\u00edculos e de IPI na aquisi\u00e7\u00e3o de autom\u00f3veis.<\/p>\n<p><strong>As pessoas com defici\u00eancia t\u00eam direito de receber algum benef\u00edcio em dinheiro?<\/strong><\/p>\n<p>Sim, chama-se BPC \u2013 Benef\u00edcio de Presta\u00e7\u00e3o Continuada. A pessoa com defici\u00eancia tem direito ao recebimento de um sal\u00e1rio m\u00ednimo mensal, se estiver dentro das condi\u00e7\u00f5es espec\u00edficas da Lei Federal n\u00ba 8.742 de 07\/12\/1993.<\/p>\n<p><strong>O que fazer no caso de algum tipo de viola\u00e7\u00e3o de direitos ou viol\u00eancia?<\/strong><\/p>\n<p>O Disque Den\u00fancia Nacional (Disque 100) recebe, examina e encaminha as den\u00fancias e reclama\u00e7\u00f5es que envolvam viola\u00e7\u00f5es de direitos humanos. As den\u00fancias s\u00e3o an\u00f4nimas. Nos casos com suspeita de viola\u00e7\u00e3o de direitos e viol\u00eancia \u00e0 crian\u00e7a ou adolescente com defici\u00eancia \u00e9 indicado procurar primeiramente o Conselho Tutelar.<\/p>\n<p>Para auxiliar na defesa de direitos e inclus\u00e3o, a APAE DE S\u00c3O PAULO, em parceria com o Fundo Municipal dos Direitos da Crian\u00e7a e Adolescente (FUMCAD), o Conselho Municipal dos Direitos da Crian\u00e7a e do Adolescente (CMDCA) e a Prefeitura de S\u00e3o Paulo, lan\u00e7ou a\u00a0<strong>Cartilha Aprendendo seus<\/strong>\u00a0<strong>Direitos<\/strong>\u00a0&#8211; Direitos das Crian\u00e7as e Adolescentes com Defici\u00eancia Intelectual. De uma forma pr\u00e1tica e resumida, o conte\u00fado informa sobre os principais direitos e o que fazer em caso de viola\u00e7\u00e3o e viol\u00eancia.<\/p>\n<p>A cartilha completa est\u00e1 dispon\u00edvel em:\u00a0<a href=\"http:\/\/www.apaesp.org.br\/pt-br\/defesa-de-direitos\/direitos-da-pessoa-com-deficiencia\/Paginas\/aprendendo-seus-direitos.aspx\" data-saferedirecturl=\"https:\/\/www.google.com\/url?hl=pt-BR&amp;q=http:\/\/www.apaesp.org.br\/pt-br\/defesa-de-direitos\/direitos-da-pessoa-com-deficiencia\/Paginas\/aprendendo-seus-direitos.aspx&amp;source=gmail&amp;ust=1506076901425000&amp;usg=AFQjCNGQt_uIcQBd80fAg39RydtemXhXBQ\">http:\/\/www.apaesp.org.br\/pt-br\/defesa-de-direitos\/direitos-da-pessoa-com-deficiencia\/Paginas\/aprendendo-seus-direitos.aspx<\/a><\/p>\n","protected":false},"excerpt":{"rendered":"<p>Para auxiliar na defesa de direitos e inclus\u00e3o, a APAE DE S\u00c3O PAULO, em parceria com o Fundo Municipal dos Direitos da Crian\u00e7a e Adolescente (FUMCAD), o Conselho Municipal dos Direitos da Crian\u00e7a e do Adolescente (CMDCA) e a Prefeitura de S\u00e3o Paulo, lan\u00e7ou a Cartilha Aprendendo seus Direitos &#8211; Direitos das Crian\u00e7as e Adolescentes com Defici\u00eancia Intelectual. De uma forma pr\u00e1tica e resumida, o conte\u00fado informa sobre os principais direitos e o que fazer em caso de viola\u00e7\u00e3o e viol\u00eancia. Acesse para download.<\/p>\n","protected":false},"author":1,"featured_media":0,"comment_status":"open","ping_status":"open","sticky":false,"template":"","format":"standard","meta":{"site-container-style":"default","site-container-layout":"default","site-sidebar-layout":"default","disable-article-header":"default","disable-site-header":"default","disable-site-footer":"default","disable-content-area-spacing":"default","footnotes":""},"categories":[53,38,52,48,4,10],"tags":[406],"class_list":["post-30605","post","type-post","status-publish","format-standard","hentry","category-cartilhas-e-manuais","category-deficiencia","category-downloadables","category-inclusao","category-noticias","category-publicacoes","tag-dia-nacional-de-luta-das-pessoas-com-deficiencia"],"yoast_head":"<!-- This site is optimized with the Yoast SEO plugin v27.4 - https:\/\/yoast.com\/product\/yoast-seo-wordpress\/ -->\n<title>Dia Nacional de Luta das Pessoas com Defici\u00eancia alerta para a defesa de direitos -<\/title>\n<meta name=\"robots\" content=\"index, follow, max-snippet:-1, max-image-preview:large, max-video-preview:-1\" \/>\n<link rel=\"canonical\" href=\"https:\/\/inclusivenews.com.br\/?p=30605\" \/>\n<meta property=\"og:locale\" content=\"pt_PT\" \/>\n<meta property=\"og:type\" content=\"article\" \/>\n<meta property=\"og:title\" content=\"Dia Nacional de Luta das Pessoas com Defici\u00eancia alerta para a defesa de direitos -\" \/>\n<meta property=\"og:description\" content=\"Para auxiliar na defesa de direitos e inclus\u00e3o, a APAE DE S\u00c3O PAULO, em parceria com o Fundo Municipal dos Direitos da Crian\u00e7a e Adolescente (FUMCAD), o Conselho Municipal dos Direitos da Crian\u00e7a e do Adolescente (CMDCA) e a Prefeitura de S\u00e3o Paulo, lan\u00e7ou a Cartilha Aprendendo seus Direitos - Direitos das Crian\u00e7as e Adolescentes com Defici\u00eancia Intelectual. De uma forma pr\u00e1tica e resumida, o conte\u00fado informa sobre os principais direitos e o que fazer em caso de viola\u00e7\u00e3o e viol\u00eancia. Acesse para download.\" \/>\n<meta property=\"og:url\" content=\"https:\/\/inclusivenews.com.br\/?p=30605\" \/>\n<meta property=\"article:publisher\" content=\"https:\/\/www.facebook.com\/agenciainclusive\/\" \/>\n<meta property=\"article:published_time\" content=\"2017-09-21T10:46:28+00:00\" \/>\n<meta property=\"og:image\" content=\"http:\/\/www.apaesp.org.br\/pt-br\/defesa-de-direitos\/direitos-da-pessoa-com-deficiencia\/PublishingImages\/Capa-Apredendo-Seus-Direitos.png\" \/>\n<meta name=\"author\" content=\"inclusivenews2024\" \/>\n<meta name=\"twitter:card\" content=\"summary_large_image\" \/>\n<meta name=\"twitter:label1\" content=\"Escrito por\" \/>\n\t<meta name=\"twitter:data1\" content=\"inclusivenews2024\" \/>\n\t<meta name=\"twitter:label2\" content=\"Tempo estimado de leitura\" \/>\n\t<meta name=\"twitter:data2\" content=\"3 minutos\" \/>\n<script type=\"application\/ld+json\" class=\"yoast-schema-graph\">{\"@context\":\"https:\\\/\\\/schema.org\",\"@graph\":[{\"@type\":\"Article\",\"@id\":\"https:\\\/\\\/inclusivenews.com.br\\\/?p=30605#article\",\"isPartOf\":{\"@id\":\"https:\\\/\\\/inclusivenews.com.br\\\/?p=30605\"},\"author\":{\"name\":\"inclusivenews2024\",\"@id\":\"https:\\\/\\\/inclusivenews.com.br\\\/#\\\/schema\\\/person\\\/ae4ec7087559b8692fb33b6fffd2273b\"},\"headline\":\"Dia Nacional de Luta das Pessoas com Defici\u00eancia alerta para a defesa de direitos\",\"datePublished\":\"2017-09-21T10:46:28+00:00\",\"mainEntityOfPage\":{\"@id\":\"https:\\\/\\\/inclusivenews.com.br\\\/?p=30605\"},\"wordCount\":602,\"commentCount\":0,\"publisher\":{\"@id\":\"https:\\\/\\\/inclusivenews.com.br\\\/#organization\"},\"image\":{\"@id\":\"https:\\\/\\\/inclusivenews.com.br\\\/?p=30605#primaryimage\"},\"thumbnailUrl\":\"http:\\\/\\\/www.apaesp.org.br\\\/pt-br\\\/defesa-de-direitos\\\/direitos-da-pessoa-com-deficiencia\\\/PublishingImages\\\/Capa-Apredendo-Seus-Direitos.png\",\"keywords\":[\"Dia Nacional de Luta das Pessoas com Defici\u00eancia\"],\"articleSection\":[\"Cartilhas e manuais\",\"Defici\u00eancia\",\"Downloadables\",\"INCLUS\u00c3O SOCIAL\",\"NOT\u00cdCIAS\",\"PUBLICA\u00c7\u00d5ES\"],\"inLanguage\":\"pt-PT\",\"potentialAction\":[{\"@type\":\"CommentAction\",\"name\":\"Comment\",\"target\":[\"https:\\\/\\\/inclusivenews.com.br\\\/?p=30605#respond\"]}]},{\"@type\":\"WebPage\",\"@id\":\"https:\\\/\\\/inclusivenews.com.br\\\/?p=30605\",\"url\":\"https:\\\/\\\/inclusivenews.com.br\\\/?p=30605\",\"name\":\"Dia Nacional de Luta das Pessoas com Defici\u00eancia alerta para a defesa de direitos -\",\"isPartOf\":{\"@id\":\"https:\\\/\\\/inclusivenews.com.br\\\/#website\"},\"primaryImageOfPage\":{\"@id\":\"https:\\\/\\\/inclusivenews.com.br\\\/?p=30605#primaryimage\"},\"image\":{\"@id\":\"https:\\\/\\\/inclusivenews.com.br\\\/?p=30605#primaryimage\"},\"thumbnailUrl\":\"http:\\\/\\\/www.apaesp.org.br\\\/pt-br\\\/defesa-de-direitos\\\/direitos-da-pessoa-com-deficiencia\\\/PublishingImages\\\/Capa-Apredendo-Seus-Direitos.png\",\"datePublished\":\"2017-09-21T10:46:28+00:00\",\"breadcrumb\":{\"@id\":\"https:\\\/\\\/inclusivenews.com.br\\\/?p=30605#breadcrumb\"},\"inLanguage\":\"pt-PT\",\"potentialAction\":[{\"@type\":\"ReadAction\",\"target\":[\"https:\\\/\\\/inclusivenews.com.br\\\/?p=30605\"]}]},{\"@type\":\"ImageObject\",\"inLanguage\":\"pt-PT\",\"@id\":\"https:\\\/\\\/inclusivenews.com.br\\\/?p=30605#primaryimage\",\"url\":\"http:\\\/\\\/www.apaesp.org.br\\\/pt-br\\\/defesa-de-direitos\\\/direitos-da-pessoa-com-deficiencia\\\/PublishingImages\\\/Capa-Apredendo-Seus-Direitos.png\",\"contentUrl\":\"http:\\\/\\\/www.apaesp.org.br\\\/pt-br\\\/defesa-de-direitos\\\/direitos-da-pessoa-com-deficiencia\\\/PublishingImages\\\/Capa-Apredendo-Seus-Direitos.png\"},{\"@type\":\"BreadcrumbList\",\"@id\":\"https:\\\/\\\/inclusivenews.com.br\\\/?p=30605#breadcrumb\",\"itemListElement\":[{\"@type\":\"ListItem\",\"position\":1,\"name\":\"In\u00edcio\",\"item\":\"https:\\\/\\\/inclusivenews.com.br\\\/\"},{\"@type\":\"ListItem\",\"position\":2,\"name\":\"Dia Nacional de Luta das Pessoas com Defici\u00eancia alerta para a defesa de direitos\"}]},{\"@type\":\"WebSite\",\"@id\":\"https:\\\/\\\/inclusivenews.com.br\\\/#website\",\"url\":\"https:\\\/\\\/inclusivenews.com.br\\\/\",\"name\":\"Inclusive News\",\"description\":\"Inclusive News\",\"publisher\":{\"@id\":\"https:\\\/\\\/inclusivenews.com.br\\\/#organization\"},\"potentialAction\":[{\"@type\":\"SearchAction\",\"target\":{\"@type\":\"EntryPoint\",\"urlTemplate\":\"https:\\\/\\\/inclusivenews.com.br\\\/?s={search_term_string}\"},\"query-input\":{\"@type\":\"PropertyValueSpecification\",\"valueRequired\":true,\"valueName\":\"search_term_string\"}}],\"inLanguage\":\"pt-PT\"},{\"@type\":\"Organization\",\"@id\":\"https:\\\/\\\/inclusivenews.com.br\\\/#organization\",\"name\":\"Inclusive - inclus\u00e3o e cidadania\",\"url\":\"https:\\\/\\\/inclusivenews.com.br\\\/\",\"logo\":{\"@type\":\"ImageObject\",\"inLanguage\":\"pt-PT\",\"@id\":\"https:\\\/\\\/inclusivenews.com.br\\\/#\\\/schema\\\/logo\\\/image\\\/\",\"url\":\"https:\\\/\\\/inclusivenews.com.br\\\/wp-content\\\/uploads\\\/2024\\\/03\\\/@grandesite.png\",\"contentUrl\":\"https:\\\/\\\/inclusivenews.com.br\\\/wp-content\\\/uploads\\\/2024\\\/03\\\/@grandesite.png\",\"width\":1080,\"height\":1080,\"caption\":\"Inclusive - inclus\u00e3o e cidadania\"},\"image\":{\"@id\":\"https:\\\/\\\/inclusivenews.com.br\\\/#\\\/schema\\\/logo\\\/image\\\/\"},\"sameAs\":[\"https:\\\/\\\/www.facebook.com\\\/agenciainclusive\\\/\",\"https:\\\/\\\/www.instagram.com\\\/newsinclusive\\\/\"]},{\"@type\":\"Person\",\"@id\":\"https:\\\/\\\/inclusivenews.com.br\\\/#\\\/schema\\\/person\\\/ae4ec7087559b8692fb33b6fffd2273b\",\"name\":\"inclusivenews2024\",\"image\":{\"@type\":\"ImageObject\",\"inLanguage\":\"pt-PT\",\"@id\":\"https:\\\/\\\/secure.gravatar.com\\\/avatar\\\/c5a7ef84c66fa914f55bc4f7ce26cfa275a3b9a1c5568b907bd184fb4dde7b40?s=96&d=mm&r=g\",\"url\":\"https:\\\/\\\/secure.gravatar.com\\\/avatar\\\/c5a7ef84c66fa914f55bc4f7ce26cfa275a3b9a1c5568b907bd184fb4dde7b40?s=96&d=mm&r=g\",\"contentUrl\":\"https:\\\/\\\/secure.gravatar.com\\\/avatar\\\/c5a7ef84c66fa914f55bc4f7ce26cfa275a3b9a1c5568b907bd184fb4dde7b40?s=96&d=mm&r=g\",\"caption\":\"inclusivenews2024\"},\"sameAs\":[\"https:\\\/\\\/inclusivenews.com.br\"],\"url\":\"https:\\\/\\\/inclusivenews.com.br\\\/?author=1\"}]}<\/script>\n<!-- \/ Yoast SEO plugin. -->","yoast_head_json":{"title":"Dia Nacional de Luta das Pessoas com Defici\u00eancia alerta para a defesa de direitos -","robots":{"index":"index","follow":"follow","max-snippet":"max-snippet:-1","max-image-preview":"max-image-preview:large","max-video-preview":"max-video-preview:-1"},"canonical":"https:\/\/inclusivenews.com.br\/?p=30605","og_locale":"pt_PT","og_type":"article","og_title":"Dia Nacional de Luta das Pessoas com Defici\u00eancia alerta para a defesa de direitos -","og_description":"Para auxiliar na defesa de direitos e inclus\u00e3o, a APAE DE S\u00c3O PAULO, em parceria com o Fundo Municipal dos Direitos da Crian\u00e7a e Adolescente (FUMCAD), o Conselho Municipal dos Direitos da Crian\u00e7a e do Adolescente (CMDCA) e a Prefeitura de S\u00e3o Paulo, lan\u00e7ou a Cartilha Aprendendo seus Direitos - Direitos das Crian\u00e7as e Adolescentes com Defici\u00eancia Intelectual. De uma forma pr\u00e1tica e resumida, o conte\u00fado informa sobre os principais direitos e o que fazer em caso de viola\u00e7\u00e3o e viol\u00eancia. Acesse para download.","og_url":"https:\/\/inclusivenews.com.br\/?p=30605","article_publisher":"https:\/\/www.facebook.com\/agenciainclusive\/","article_published_time":"2017-09-21T10:46:28+00:00","og_image":[{"url":"http:\/\/www.apaesp.org.br\/pt-br\/defesa-de-direitos\/direitos-da-pessoa-com-deficiencia\/PublishingImages\/Capa-Apredendo-Seus-Direitos.png","type":"","width":"","height":""}],"author":"inclusivenews2024","twitter_card":"summary_large_image","twitter_misc":{"Escrito por":"inclusivenews2024","Tempo estimado de leitura":"3 minutos"},"schema":{"@context":"https:\/\/schema.org","@graph":[{"@type":"Article","@id":"https:\/\/inclusivenews.com.br\/?p=30605#article","isPartOf":{"@id":"https:\/\/inclusivenews.com.br\/?p=30605"},"author":{"name":"inclusivenews2024","@id":"https:\/\/inclusivenews.com.br\/#\/schema\/person\/ae4ec7087559b8692fb33b6fffd2273b"},"headline":"Dia Nacional de Luta das Pessoas com Defici\u00eancia alerta para a defesa de direitos","datePublished":"2017-09-21T10:46:28+00:00","mainEntityOfPage":{"@id":"https:\/\/inclusivenews.com.br\/?p=30605"},"wordCount":602,"commentCount":0,"publisher":{"@id":"https:\/\/inclusivenews.com.br\/#organization"},"image":{"@id":"https:\/\/inclusivenews.com.br\/?p=30605#primaryimage"},"thumbnailUrl":"http:\/\/www.apaesp.org.br\/pt-br\/defesa-de-direitos\/direitos-da-pessoa-com-deficiencia\/PublishingImages\/Capa-Apredendo-Seus-Direitos.png","keywords":["Dia Nacional de Luta das Pessoas com Defici\u00eancia"],"articleSection":["Cartilhas e manuais","Defici\u00eancia","Downloadables","INCLUS\u00c3O SOCIAL","NOT\u00cdCIAS","PUBLICA\u00c7\u00d5ES"],"inLanguage":"pt-PT","potentialAction":[{"@type":"CommentAction","name":"Comment","target":["https:\/\/inclusivenews.com.br\/?p=30605#respond"]}]},{"@type":"WebPage","@id":"https:\/\/inclusivenews.com.br\/?p=30605","url":"https:\/\/inclusivenews.com.br\/?p=30605","name":"Dia Nacional de Luta das Pessoas com Defici\u00eancia alerta para a defesa de direitos -","isPartOf":{"@id":"https:\/\/inclusivenews.com.br\/#website"},"primaryImageOfPage":{"@id":"https:\/\/inclusivenews.com.br\/?p=30605#primaryimage"},"image":{"@id":"https:\/\/inclusivenews.com.br\/?p=30605#primaryimage"},"thumbnailUrl":"http:\/\/www.apaesp.org.br\/pt-br\/defesa-de-direitos\/direitos-da-pessoa-com-deficiencia\/PublishingImages\/Capa-Apredendo-Seus-Direitos.png","datePublished":"2017-09-21T10:46:28+00:00","breadcrumb":{"@id":"https:\/\/inclusivenews.com.br\/?p=30605#breadcrumb"},"inLanguage":"pt-PT","potentialAction":[{"@type":"ReadAction","target":["https:\/\/inclusivenews.com.br\/?p=30605"]}]},{"@type":"ImageObject","inLanguage":"pt-PT","@id":"https:\/\/inclusivenews.com.br\/?p=30605#primaryimage","url":"http:\/\/www.apaesp.org.br\/pt-br\/defesa-de-direitos\/direitos-da-pessoa-com-deficiencia\/PublishingImages\/Capa-Apredendo-Seus-Direitos.png","contentUrl":"http:\/\/www.apaesp.org.br\/pt-br\/defesa-de-direitos\/direitos-da-pessoa-com-deficiencia\/PublishingImages\/Capa-Apredendo-Seus-Direitos.png"},{"@type":"BreadcrumbList","@id":"https:\/\/inclusivenews.com.br\/?p=30605#breadcrumb","itemListElement":[{"@type":"ListItem","position":1,"name":"In\u00edcio","item":"https:\/\/inclusivenews.com.br\/"},{"@type":"ListItem","position":2,"name":"Dia Nacional de Luta das Pessoas com Defici\u00eancia alerta para a defesa de direitos"}]},{"@type":"WebSite","@id":"https:\/\/inclusivenews.com.br\/#website","url":"https:\/\/inclusivenews.com.br\/","name":"Inclusive News","description":"Inclusive News","publisher":{"@id":"https:\/\/inclusivenews.com.br\/#organization"},"potentialAction":[{"@type":"SearchAction","target":{"@type":"EntryPoint","urlTemplate":"https:\/\/inclusivenews.com.br\/?s={search_term_string}"},"query-input":{"@type":"PropertyValueSpecification","valueRequired":true,"valueName":"search_term_string"}}],"inLanguage":"pt-PT"},{"@type":"Organization","@id":"https:\/\/inclusivenews.com.br\/#organization","name":"Inclusive - inclus\u00e3o e cidadania","url":"https:\/\/inclusivenews.com.br\/","logo":{"@type":"ImageObject","inLanguage":"pt-PT","@id":"https:\/\/inclusivenews.com.br\/#\/schema\/logo\/image\/","url":"https:\/\/inclusivenews.com.br\/wp-content\/uploads\/2024\/03\/@grandesite.png","contentUrl":"https:\/\/inclusivenews.com.br\/wp-content\/uploads\/2024\/03\/@grandesite.png","width":1080,"height":1080,"caption":"Inclusive - inclus\u00e3o e cidadania"},"image":{"@id":"https:\/\/inclusivenews.com.br\/#\/schema\/logo\/image\/"},"sameAs":["https:\/\/www.facebook.com\/agenciainclusive\/","https:\/\/www.instagram.com\/newsinclusive\/"]},{"@type":"Person","@id":"https:\/\/inclusivenews.com.br\/#\/schema\/person\/ae4ec7087559b8692fb33b6fffd2273b","name":"inclusivenews2024","image":{"@type":"ImageObject","inLanguage":"pt-PT","@id":"https:\/\/secure.gravatar.com\/avatar\/c5a7ef84c66fa914f55bc4f7ce26cfa275a3b9a1c5568b907bd184fb4dde7b40?s=96&d=mm&r=g","url":"https:\/\/secure.gravatar.com\/avatar\/c5a7ef84c66fa914f55bc4f7ce26cfa275a3b9a1c5568b907bd184fb4dde7b40?s=96&d=mm&r=g","contentUrl":"https:\/\/secure.gravatar.com\/avatar\/c5a7ef84c66fa914f55bc4f7ce26cfa275a3b9a1c5568b907bd184fb4dde7b40?s=96&d=mm&r=g","caption":"inclusivenews2024"},"sameAs":["https:\/\/inclusivenews.com.br"],"url":"https:\/\/inclusivenews.com.br\/?author=1"}]}},"_links":{"self":[{"href":"https:\/\/inclusivenews.com.br\/index.php?rest_route=\/wp\/v2\/posts\/30605","targetHints":{"allow":["GET"]}}],"collection":[{"href":"https:\/\/inclusivenews.com.br\/index.php?rest_route=\/wp\/v2\/posts"}],"about":[{"href":"https:\/\/inclusivenews.com.br\/index.php?rest_route=\/wp\/v2\/types\/post"}],"author":[{"embeddable":true,"href":"https:\/\/inclusivenews.com.br\/index.php?rest_route=\/wp\/v2\/users\/1"}],"replies":[{"embeddable":true,"href":"https:\/\/inclusivenews.com.br\/index.php?rest_route=%2Fwp%2Fv2%2Fcomments&post=30605"}],"version-history":[{"count":0,"href":"https:\/\/inclusivenews.com.br\/index.php?rest_route=\/wp\/v2\/posts\/30605\/revisions"}],"wp:attachment":[{"href":"https:\/\/inclusivenews.com.br\/index.php?rest_route=%2Fwp%2Fv2%2Fmedia&parent=30605"}],"wp:term":[{"taxonomy":"category","embeddable":true,"href":"https:\/\/inclusivenews.com.br\/index.php?rest_route=%2Fwp%2Fv2%2Fcategories&post=30605"},{"taxonomy":"post_tag","embeddable":true,"href":"https:\/\/inclusivenews.com.br\/index.php?rest_route=%2Fwp%2Fv2%2Ftags&post=30605"}],"curies":[{"name":"wp","href":"https:\/\/api.w.org\/{rel}","templated":true}]}}