{"id":30617,"date":"2017-09-28T11:22:06","date_gmt":"2017-09-28T14:22:06","guid":{"rendered":"http:\/\/www.inclusive.org.br\/?p=30617"},"modified":"2017-09-28T11:22:06","modified_gmt":"2017-09-28T14:22:06","slug":"literatura-infantil-e-a-inclusao-de-criancas-com-deficiencia","status":"publish","type":"post","link":"https:\/\/inclusivenews.com.br\/?p=30617","title":{"rendered":"Literatura infantil e a inclus\u00e3o de crian\u00e7as com defici\u00eancia"},"content":{"rendered":"<p><em>Reproduzido da<\/em><br \/>\n<a href=\"https:\/\/www.sopacultural.com\/literatura-infantil-e-inclusao-de-criancas-com-deficiencia\/\" target=\"_blank\" rel=\"noopener\"><em>Sopa Cultural<\/em><\/a><\/p>\n<p>O m\u00eas de setembro \u00e9 nacionalmente conhecido como o m\u00eas de luta das pessoas com<a href=\"http:\/\/www.imcgrupo.com\/link.php?code=bDpodHRwJTNBJTJGJTJGbGVpdHVyaW5oYS5jb20uYnIlMkZibG9nJTJGYS1saXRlcmF0dXJhLWluZmFudGlsLWVuc2luYW5kby1hLXJlc3BlaXRhci1hcy1kaWZlcmVuY2FzJTJGOjQxNDIxMTU5Mjg6am9yZ2VsdWlzcm9kcmlndWVzQGdtYWlsLmNvbTo5NjBkNDQyMmZiNDJhZjA2NWFlZTExOTE1ZTk3ODNjODYz\" target=\"_blank\" rel=\"noopener\" data-saferedirecturl=\"https:\/\/www.google.com\/url?hl=pt-BR&amp;q=http:\/\/www.imcgrupo.com\/link.php?code%3DbDpodHRwJTNBJTJGJTJGbGVpdHVyaW5oYS5jb20uYnIlMkZibG9nJTJGYS1saXRlcmF0dXJhLWluZmFudGlsLWVuc2luYW5kby1hLXJlc3BlaXRhci1hcy1kaWZlcmVuY2FzJTJGOjQxNDIxMTU5Mjg6am9yZ2VsdWlzcm9kcmlndWVzQGdtYWlsLmNvbTo5NjBkNDQyMmZiNDJhZjA2NWFlZTExOTE1ZTk3ODNjODYz&amp;source=gmail&amp;ust=1506606674238000&amp;usg=AFQjCNHlLBAfPYy0FFbF50KYsZMxm6Pkfw\">\u00a0defici\u00eancia<\/a>. Mas a luta e a inclus\u00e3o v\u00e3o al\u00e9m de \u00f4nibus adaptados e rampas pela cidade. Antes de tudo, \u00e9 preciso educar as pessoas desde cedo, mostrando que todos t\u00eam direito de serem tratados com igualdade e os livros t\u00eam papel importante nesse momento.<\/p>\n<p dir=\"ltr\">\u201cCada vez mais produ\u00e7\u00f5es de hist\u00f3rias com protagonismo de crian\u00e7as com diferentes tipos de transtornos ou defici\u00eancias t\u00eam um papel fundamental para proporcionar a estas crian\u00e7as o reconhecimento de sua singularidade, e \u00e0s demais crian\u00e7as a compreens\u00e3o das diferentes formas de ser.\u201d, afirma Cynthia Spaggiari, coordenadora da equipe de curadoria da\u00a0<a href=\"http:\/\/www.imcgrupo.com\/link.php?code=bDpodHRwJTNBJTJGJTJGd3d3LmxlaXR1cmluaGEuY29tLmJyOjQxNDIxMTU5Mjg6am9yZ2VsdWlzcm9kcmlndWVzQGdtYWlsLmNvbTozYjc5ZjRjYWQ2ODU3NDJmZWJmODAyODkzYjlmMmExMDlh\" target=\"_blank\" rel=\"noopener\" data-saferedirecturl=\"https:\/\/www.google.com\/url?hl=pt-BR&amp;q=http:\/\/www.imcgrupo.com\/link.php?code%3DbDpodHRwJTNBJTJGJTJGd3d3LmxlaXR1cmluaGEuY29tLmJyOjQxNDIxMTU5Mjg6am9yZ2VsdWlzcm9kcmlndWVzQGdtYWlsLmNvbTozYjc5ZjRjYWQ2ODU3NDJmZWJmODAyODkzYjlmMmExMDlh&amp;source=gmail&amp;ust=1506606674239000&amp;usg=AFQjCNHkboMBhsks6LuRMpsjMaLK9NwDjA\">Leiturinha<\/a>, o maior clube de assinatura de livros infantis do Brasil.<\/p>\n<p dir=\"ltr\">Para ajudar os pais a falarem sobre essas quest\u00f5es com seus filhos, a Equipe de Curadoria da\u00a0<a href=\"http:\/\/www.imcgrupo.com\/link.php?code=bDpodHRwJTNBJTJGJTJGbGVpdHVyaW5oYS5jb20uYnIlMkY6NDE0MjExNTkyODpqb3JnZWx1aXNyb2RyaWd1ZXNAZ21haWwuY29tOmJmZjRlOTNlZTQxYTg1NWVlZTY3NTNlZjhjYTM2OWFhNmQ=\" target=\"_blank\" rel=\"noopener\" data-saferedirecturl=\"https:\/\/www.google.com\/url?hl=pt-BR&amp;q=http:\/\/www.imcgrupo.com\/link.php?code%3DbDpodHRwJTNBJTJGJTJGbGVpdHVyaW5oYS5jb20uYnIlMkY6NDE0MjExNTkyODpqb3JnZWx1aXNyb2RyaWd1ZXNAZ21haWwuY29tOmJmZjRlOTNlZTQxYTg1NWVlZTY3NTNlZjhjYTM2OWFhNmQ%3D&amp;source=gmail&amp;ust=1506606674239000&amp;usg=AFQjCNHw9Z86J9W64lVQ8AtUF7Wv1Yv8nQ\">Leiturinha<\/a>\u00a0reuniu indica\u00e7\u00f5es de livros que abordam o respeito \u00e0s diferen\u00e7as.<\/p>\n<p dir=\"ltr\"><strong>Rodrigo bom de bola<br \/>\n<\/strong><strong>Autor:<\/strong>\u00a0Markiano Charan Filho<br \/>\n<strong>Editora:<\/strong>\u00a0Nova Alexandria<br class=\"m_7909230572498706898kix-line-break\" \/>Andr\u00e9 tem um amigo que se chama Rodrigo. Rodrigo \u00e9 cego e um dia chegou na escola com o p\u00e9 machucado de jogar bola. Jogar bola? \u00c9 isso mesmo, Rodrigo \u00e9 o craque do time \u201c\u00c9 pra j\u00e1\u201d. Essa hist\u00f3ria fofa conta como os cegos praticam esportes e ainda termina com uma partida emocionante de futebol!<\/p>\n<figure id=\"attachment_30618\" aria-describedby=\"caption-attachment-30618\" style=\"width: 259px\" class=\"wp-caption alignnone\"><img loading=\"lazy\" decoding=\"async\" class=\"wp-image-30618\" src=\"http:\/\/inclusivenews.com.br\/wp-content\/uploads\/rodrigobomdebola.jpg\" alt=\"Capa do livro: ilustra\u00e7\u00e3o de crian\u00e7as jogando bola; uma delas usa \u00f3culos, indicando a cegueira\" width=\"259\" height=\"342\" \/><figcaption id=\"caption-attachment-30618\" class=\"wp-caption-text\">Capa do livro: ilustra\u00e7\u00e3o de crian\u00e7as jogando bola; uma delas usa \u00f3culos, indicando a cegueira<\/figcaption><\/figure>\n<p dir=\"ltr\"><strong>Meu Irm\u00e3o N\u00e3o Anda, mas Pode Voar<br \/>\n<\/strong><strong>Autor:<\/strong>\u00a0Angel Barcelos<br \/>\n<strong>Editora:<\/strong>\u00a0Aut\u00eantica<br class=\"m_7909230572498706898kix-line-break\" \/>Uma hist\u00f3ria linda que aborda com delicadeza dois assuntos: ado\u00e7\u00e3o e defici\u00eancia f\u00edsica. \u00c9 a hist\u00f3ria de uma menininha que se sente muito sozinha e sempre pede um irm\u00e3ozinho a seus pais, afinal, suas amiguinhas t\u00eam! Sua surpresa de anivers\u00e1rio era um irm\u00e3ozinho, mas ele j\u00e1 chegou grande e n\u00e3o podia andar\u2026 mas para ela nada disso importou, ele era seu irm\u00e3o do cora\u00e7\u00e3o e, juntos, eles brincavam e voavam usando o mais lindo dos poderes, a imagina\u00e7\u00e3o!<\/p>\n<figure id=\"attachment_30619\" aria-describedby=\"caption-attachment-30619\" style=\"width: 250px\" class=\"wp-caption alignnone\"><img loading=\"lazy\" decoding=\"async\" class=\"wp-image-30619\" src=\"http:\/\/inclusivenews.com.br\/wp-content\/uploads\/meuirmao.jpg\" alt=\"Capa do livro: ilustra\u00e7\u00e3o de uma crian\u00e7a dentro de nave espacial.\" width=\"250\" height=\"323\" \/><figcaption id=\"caption-attachment-30619\" class=\"wp-caption-text\">Capa do livro: ilustra\u00e7\u00e3o de uma crian\u00e7a dentro de nave espacial.<\/figcaption><\/figure>\n<p dir=\"ltr\">As obras est\u00e3o dispon\u00edveis na\u00a0<a href=\"http:\/\/www.imcgrupo.com\/link.php?code=bDpodHRwJTNBJTJGJTJGYXBwLmxlaXR1cmluaGEuY29tLmJyJTJGd2ViJTJGJTIzJTJGcHJvZmlsZTo0MTQyMTE1OTI4OmpvcmdlbHVpc3JvZHJpZ3Vlc0BnbWFpbC5jb206ZWJiN2E4MTU1ODcwYWU1NWRkOGIxOGIxNTAyYzRlM2Y4ZQ==\" target=\"_blank\" rel=\"noopener\" data-saferedirecturl=\"https:\/\/www.google.com\/url?hl=pt-BR&amp;q=http:\/\/www.imcgrupo.com\/link.php?code%3DbDpodHRwJTNBJTJGJTJGYXBwLmxlaXR1cmluaGEuY29tLmJyJTJGd2ViJTJGJTIzJTJGcHJvZmlsZTo0MTQyMTE1OTI4OmpvcmdlbHVpc3JvZHJpZ3Vlc0BnbWFpbC5jb206ZWJiN2E4MTU1ODcwYWU1NWRkOGIxOGIxNTAyYzRlM2Y4ZQ%3D%3D&amp;source=gmail&amp;ust=1506606674239000&amp;usg=AFQjCNGxrkbe_qhzicCwrh38ctV4K1Q0mw\">Leiturinha Digital<\/a>, uma biblioteca digital com mais de mil livros e v\u00eddeos para as crian\u00e7as de at\u00e9 12 anos. A plataforma \u00e9 disponibilizada para assinantes do\u00a0<a href=\"http:\/\/www.imcgrupo.com\/link.php?code=bDpodHRwJTNBJTJGJTJGbGVpdHVyaW5oYS5jb20uYnIlMkYlMjNwbGFub3M6NDE0MjExNTkyODpqb3JnZWx1aXNyb2RyaWd1ZXNAZ21haWwuY29tOmY3YjJiNTFmOWI2ZjgwZmRlNjNjYzZiMDMzOThhMzQ0Mjk=\" target=\"_blank\" rel=\"noopener\" data-saferedirecturl=\"https:\/\/www.google.com\/url?hl=pt-BR&amp;q=http:\/\/www.imcgrupo.com\/link.php?code%3DbDpodHRwJTNBJTJGJTJGbGVpdHVyaW5oYS5jb20uYnIlMkYlMjNwbGFub3M6NDE0MjExNTkyODpqb3JnZWx1aXNyb2RyaWd1ZXNAZ21haWwuY29tOmY3YjJiNTFmOWI2ZjgwZmRlNjNjYzZiMDMzOThhMzQ0Mjk%3D&amp;source=gmail&amp;ust=1506606674239000&amp;usg=AFQjCNECYmZoq0mXfoWDkAAKmF61C1EsOw\">Plano Duni<\/a>\u00a0da Leiturinha, e pode ser acessada em tablets ou computador. Os interessados tamb\u00e9m pode conhecer, acessando o aplicativo por 7 dias gr\u00e1tis! Basta baix\u00e1-lo atrav\u00e9s do\u00a0<a href=\"http:\/\/www.imcgrupo.com\/link.php?code=bDpodHRwJTNBJTJGJTJGcGxheS5nb29nbGUuY29tJTJGc3RvcmU6NDE0MjExNTkyODpqb3JnZWx1aXNyb2RyaWd1ZXNAZ21haWwuY29tOjNjNzVhODZhZTU1NzkyN2NhNGNkNjA4YTkxYWM0OTIyNTI=\" target=\"_blank\" rel=\"noopener\" data-saferedirecturl=\"https:\/\/www.google.com\/url?hl=pt-BR&amp;q=http:\/\/www.imcgrupo.com\/link.php?code%3DbDpodHRwJTNBJTJGJTJGcGxheS5nb29nbGUuY29tJTJGc3RvcmU6NDE0MjExNTkyODpqb3JnZWx1aXNyb2RyaWd1ZXNAZ21haWwuY29tOjNjNzVhODZhZTU1NzkyN2NhNGNkNjA4YTkxYWM0OTIyNTI%3D&amp;source=gmail&amp;ust=1506606674239000&amp;usg=AFQjCNGwrqezac8AYV6sva4HhNSF4rL3gA\">Google Play\u00a0<\/a>ou\u00a0<a href=\"http:\/\/www.imcgrupo.com\/link.php?code=bDpodHRwJTNBJTJGJTJGd3d3LmFwcGxlLmNvbSUyRml0dW5lcyUyRjo0MTQyMTE1OTI4OmpvcmdlbHVpc3JvZHJpZ3Vlc0BnbWFpbC5jb206Yjg4ZGJlN2U3YTQzYWViNDNjZGM3ZTQ4NGYxMjgwMDdkMg==\" target=\"_blank\" rel=\"noopener\" data-saferedirecturl=\"https:\/\/www.google.com\/url?hl=pt-BR&amp;q=http:\/\/www.imcgrupo.com\/link.php?code%3DbDpodHRwJTNBJTJGJTJGd3d3LmFwcGxlLmNvbSUyRml0dW5lcyUyRjo0MTQyMTE1OTI4OmpvcmdlbHVpc3JvZHJpZ3Vlc0BnbWFpbC5jb206Yjg4ZGJlN2U3YTQzYWViNDNjZGM3ZTQ4NGYxMjgwMDdkMg%3D%3D&amp;source=gmail&amp;ust=1506606674239000&amp;usg=AFQjCNHH4wXeLNzcJJoLWiAPMpbhoEzQCw\">App Store<\/a>\u00a0do seu tablet. Assim, toda a fam\u00edlia poder\u00e1 aproveitar as principais obras e curtir todos os livros juntos!<\/p>\n","protected":false},"excerpt":{"rendered":"<p>\u201cCada vez mais produ\u00e7\u00f5es de hist\u00f3rias com protagonismo de crian\u00e7as com diferentes tipos de transtornos ou defici\u00eancias t\u00eam um papel fundamental para proporcionar a estas crian\u00e7as o reconhecimento de sua singularidade, e \u00e0s demais crian\u00e7as a compreens\u00e3o das diferentes formas de ser.\u201d, afirma Cynthia Spaggiari, coordenadora da equipe de curadoria da Leiturinha, o maior clube de assinatura de livros infantis do Brasil. <\/p>\n","protected":false},"author":1,"featured_media":0,"comment_status":"open","ping_status":"open","sticky":false,"template":"","format":"standard","meta":{"site-container-style":"default","site-container-layout":"default","site-sidebar-layout":"default","disable-article-header":"default","disable-site-header":"default","disable-site-footer":"default","disable-content-area-spacing":"default","footnotes":""},"categories":[38,48,51,10],"tags":[126,407],"class_list":["post-30617","post","type-post","status-publish","format-standard","hentry","category-deficiencia","category-inclusao","category-livros","category-publicacoes","tag-educacao-inclusiva","tag-literatura-infantil"],"yoast_head":"<!-- This site is optimized with the Yoast SEO plugin v27.4 - https:\/\/yoast.com\/product\/yoast-seo-wordpress\/ -->\n<title>Literatura infantil e a inclus\u00e3o de crian\u00e7as com defici\u00eancia -<\/title>\n<meta name=\"robots\" content=\"index, follow, max-snippet:-1, max-image-preview:large, max-video-preview:-1\" \/>\n<link rel=\"canonical\" href=\"https:\/\/inclusivenews.com.br\/?p=30617\" \/>\n<meta property=\"og:locale\" content=\"pt_PT\" \/>\n<meta property=\"og:type\" content=\"article\" \/>\n<meta property=\"og:title\" content=\"Literatura infantil e a inclus\u00e3o de crian\u00e7as com defici\u00eancia -\" \/>\n<meta property=\"og:description\" content=\"\u201cCada vez mais produ\u00e7\u00f5es de hist\u00f3rias com protagonismo de crian\u00e7as com diferentes tipos de transtornos ou defici\u00eancias t\u00eam um papel fundamental para proporcionar a estas crian\u00e7as o reconhecimento de sua singularidade, e \u00e0s demais crian\u00e7as a compreens\u00e3o das diferentes formas de ser.\u201d, afirma Cynthia Spaggiari, coordenadora da equipe de curadoria da Leiturinha, o maior clube de assinatura de livros infantis do Brasil.\" \/>\n<meta property=\"og:url\" content=\"https:\/\/inclusivenews.com.br\/?p=30617\" \/>\n<meta property=\"article:publisher\" content=\"https:\/\/www.facebook.com\/agenciainclusive\/\" \/>\n<meta property=\"article:published_time\" content=\"2017-09-28T14:22:06+00:00\" \/>\n<meta property=\"og:image\" content=\"http:\/\/inclusivenews.com.br\/wp-content\/uploads\/rodrigobomdebola.jpg\" \/>\n<meta name=\"author\" content=\"inclusivenews2024\" \/>\n<meta name=\"twitter:card\" content=\"summary_large_image\" \/>\n<meta name=\"twitter:label1\" content=\"Escrito por\" \/>\n\t<meta name=\"twitter:data1\" content=\"inclusivenews2024\" \/>\n\t<meta name=\"twitter:label2\" content=\"Tempo estimado de leitura\" \/>\n\t<meta name=\"twitter:data2\" content=\"2 minutos\" \/>\n<script type=\"application\/ld+json\" class=\"yoast-schema-graph\">{\"@context\":\"https:\\\/\\\/schema.org\",\"@graph\":[{\"@type\":\"Article\",\"@id\":\"https:\\\/\\\/inclusivenews.com.br\\\/?p=30617#article\",\"isPartOf\":{\"@id\":\"https:\\\/\\\/inclusivenews.com.br\\\/?p=30617\"},\"author\":{\"name\":\"inclusivenews2024\",\"@id\":\"https:\\\/\\\/inclusivenews.com.br\\\/#\\\/schema\\\/person\\\/ae4ec7087559b8692fb33b6fffd2273b\"},\"headline\":\"Literatura infantil e a inclus\u00e3o de crian\u00e7as com defici\u00eancia\",\"datePublished\":\"2017-09-28T14:22:06+00:00\",\"mainEntityOfPage\":{\"@id\":\"https:\\\/\\\/inclusivenews.com.br\\\/?p=30617\"},\"wordCount\":481,\"commentCount\":0,\"publisher\":{\"@id\":\"https:\\\/\\\/inclusivenews.com.br\\\/#organization\"},\"image\":{\"@id\":\"https:\\\/\\\/inclusivenews.com.br\\\/?p=30617#primaryimage\"},\"thumbnailUrl\":\"http:\\\/\\\/inclusivenews.com.br\\\/wp-content\\\/uploads\\\/rodrigobomdebola.jpg\",\"keywords\":[\"Educa\u00e7\u00e3o inclusiva\",\"Literatura infantil\"],\"articleSection\":[\"Defici\u00eancia\",\"INCLUS\u00c3O SOCIAL\",\"Livros\",\"PUBLICA\u00c7\u00d5ES\"],\"inLanguage\":\"pt-PT\",\"potentialAction\":[{\"@type\":\"CommentAction\",\"name\":\"Comment\",\"target\":[\"https:\\\/\\\/inclusivenews.com.br\\\/?p=30617#respond\"]}]},{\"@type\":\"WebPage\",\"@id\":\"https:\\\/\\\/inclusivenews.com.br\\\/?p=30617\",\"url\":\"https:\\\/\\\/inclusivenews.com.br\\\/?p=30617\",\"name\":\"Literatura infantil e a inclus\u00e3o de crian\u00e7as com defici\u00eancia -\",\"isPartOf\":{\"@id\":\"https:\\\/\\\/inclusivenews.com.br\\\/#website\"},\"primaryImageOfPage\":{\"@id\":\"https:\\\/\\\/inclusivenews.com.br\\\/?p=30617#primaryimage\"},\"image\":{\"@id\":\"https:\\\/\\\/inclusivenews.com.br\\\/?p=30617#primaryimage\"},\"thumbnailUrl\":\"http:\\\/\\\/inclusivenews.com.br\\\/wp-content\\\/uploads\\\/rodrigobomdebola.jpg\",\"datePublished\":\"2017-09-28T14:22:06+00:00\",\"breadcrumb\":{\"@id\":\"https:\\\/\\\/inclusivenews.com.br\\\/?p=30617#breadcrumb\"},\"inLanguage\":\"pt-PT\",\"potentialAction\":[{\"@type\":\"ReadAction\",\"target\":[\"https:\\\/\\\/inclusivenews.com.br\\\/?p=30617\"]}]},{\"@type\":\"ImageObject\",\"inLanguage\":\"pt-PT\",\"@id\":\"https:\\\/\\\/inclusivenews.com.br\\\/?p=30617#primaryimage\",\"url\":\"\",\"contentUrl\":\"\"},{\"@type\":\"BreadcrumbList\",\"@id\":\"https:\\\/\\\/inclusivenews.com.br\\\/?p=30617#breadcrumb\",\"itemListElement\":[{\"@type\":\"ListItem\",\"position\":1,\"name\":\"In\u00edcio\",\"item\":\"https:\\\/\\\/inclusivenews.com.br\\\/\"},{\"@type\":\"ListItem\",\"position\":2,\"name\":\"Literatura infantil e a inclus\u00e3o de crian\u00e7as com defici\u00eancia\"}]},{\"@type\":\"WebSite\",\"@id\":\"https:\\\/\\\/inclusivenews.com.br\\\/#website\",\"url\":\"https:\\\/\\\/inclusivenews.com.br\\\/\",\"name\":\"Inclusive News\",\"description\":\"Inclusive News\",\"publisher\":{\"@id\":\"https:\\\/\\\/inclusivenews.com.br\\\/#organization\"},\"potentialAction\":[{\"@type\":\"SearchAction\",\"target\":{\"@type\":\"EntryPoint\",\"urlTemplate\":\"https:\\\/\\\/inclusivenews.com.br\\\/?s={search_term_string}\"},\"query-input\":{\"@type\":\"PropertyValueSpecification\",\"valueRequired\":true,\"valueName\":\"search_term_string\"}}],\"inLanguage\":\"pt-PT\"},{\"@type\":\"Organization\",\"@id\":\"https:\\\/\\\/inclusivenews.com.br\\\/#organization\",\"name\":\"Inclusive - inclus\u00e3o e cidadania\",\"url\":\"https:\\\/\\\/inclusivenews.com.br\\\/\",\"logo\":{\"@type\":\"ImageObject\",\"inLanguage\":\"pt-PT\",\"@id\":\"https:\\\/\\\/inclusivenews.com.br\\\/#\\\/schema\\\/logo\\\/image\\\/\",\"url\":\"https:\\\/\\\/inclusivenews.com.br\\\/wp-content\\\/uploads\\\/2024\\\/03\\\/@grandesite.png\",\"contentUrl\":\"https:\\\/\\\/inclusivenews.com.br\\\/wp-content\\\/uploads\\\/2024\\\/03\\\/@grandesite.png\",\"width\":1080,\"height\":1080,\"caption\":\"Inclusive - inclus\u00e3o e cidadania\"},\"image\":{\"@id\":\"https:\\\/\\\/inclusivenews.com.br\\\/#\\\/schema\\\/logo\\\/image\\\/\"},\"sameAs\":[\"https:\\\/\\\/www.facebook.com\\\/agenciainclusive\\\/\",\"https:\\\/\\\/www.instagram.com\\\/newsinclusive\\\/\"]},{\"@type\":\"Person\",\"@id\":\"https:\\\/\\\/inclusivenews.com.br\\\/#\\\/schema\\\/person\\\/ae4ec7087559b8692fb33b6fffd2273b\",\"name\":\"inclusivenews2024\",\"image\":{\"@type\":\"ImageObject\",\"inLanguage\":\"pt-PT\",\"@id\":\"https:\\\/\\\/secure.gravatar.com\\\/avatar\\\/c5a7ef84c66fa914f55bc4f7ce26cfa275a3b9a1c5568b907bd184fb4dde7b40?s=96&d=mm&r=g\",\"url\":\"https:\\\/\\\/secure.gravatar.com\\\/avatar\\\/c5a7ef84c66fa914f55bc4f7ce26cfa275a3b9a1c5568b907bd184fb4dde7b40?s=96&d=mm&r=g\",\"contentUrl\":\"https:\\\/\\\/secure.gravatar.com\\\/avatar\\\/c5a7ef84c66fa914f55bc4f7ce26cfa275a3b9a1c5568b907bd184fb4dde7b40?s=96&d=mm&r=g\",\"caption\":\"inclusivenews2024\"},\"sameAs\":[\"https:\\\/\\\/inclusivenews.com.br\"],\"url\":\"https:\\\/\\\/inclusivenews.com.br\\\/?author=1\"}]}<\/script>\n<!-- \/ Yoast SEO plugin. -->","yoast_head_json":{"title":"Literatura infantil e a inclus\u00e3o de crian\u00e7as com defici\u00eancia -","robots":{"index":"index","follow":"follow","max-snippet":"max-snippet:-1","max-image-preview":"max-image-preview:large","max-video-preview":"max-video-preview:-1"},"canonical":"https:\/\/inclusivenews.com.br\/?p=30617","og_locale":"pt_PT","og_type":"article","og_title":"Literatura infantil e a inclus\u00e3o de crian\u00e7as com defici\u00eancia -","og_description":"\u201cCada vez mais produ\u00e7\u00f5es de hist\u00f3rias com protagonismo de crian\u00e7as com diferentes tipos de transtornos ou defici\u00eancias t\u00eam um papel fundamental para proporcionar a estas crian\u00e7as o reconhecimento de sua singularidade, e \u00e0s demais crian\u00e7as a compreens\u00e3o das diferentes formas de ser.\u201d, afirma Cynthia Spaggiari, coordenadora da equipe de curadoria da Leiturinha, o maior clube de assinatura de livros infantis do Brasil.","og_url":"https:\/\/inclusivenews.com.br\/?p=30617","article_publisher":"https:\/\/www.facebook.com\/agenciainclusive\/","article_published_time":"2017-09-28T14:22:06+00:00","og_image":[{"url":"http:\/\/inclusivenews.com.br\/wp-content\/uploads\/rodrigobomdebola.jpg","type":"","width":"","height":""}],"author":"inclusivenews2024","twitter_card":"summary_large_image","twitter_misc":{"Escrito por":"inclusivenews2024","Tempo estimado de leitura":"2 minutos"},"schema":{"@context":"https:\/\/schema.org","@graph":[{"@type":"Article","@id":"https:\/\/inclusivenews.com.br\/?p=30617#article","isPartOf":{"@id":"https:\/\/inclusivenews.com.br\/?p=30617"},"author":{"name":"inclusivenews2024","@id":"https:\/\/inclusivenews.com.br\/#\/schema\/person\/ae4ec7087559b8692fb33b6fffd2273b"},"headline":"Literatura infantil e a inclus\u00e3o de crian\u00e7as com defici\u00eancia","datePublished":"2017-09-28T14:22:06+00:00","mainEntityOfPage":{"@id":"https:\/\/inclusivenews.com.br\/?p=30617"},"wordCount":481,"commentCount":0,"publisher":{"@id":"https:\/\/inclusivenews.com.br\/#organization"},"image":{"@id":"https:\/\/inclusivenews.com.br\/?p=30617#primaryimage"},"thumbnailUrl":"http:\/\/inclusivenews.com.br\/wp-content\/uploads\/rodrigobomdebola.jpg","keywords":["Educa\u00e7\u00e3o inclusiva","Literatura infantil"],"articleSection":["Defici\u00eancia","INCLUS\u00c3O SOCIAL","Livros","PUBLICA\u00c7\u00d5ES"],"inLanguage":"pt-PT","potentialAction":[{"@type":"CommentAction","name":"Comment","target":["https:\/\/inclusivenews.com.br\/?p=30617#respond"]}]},{"@type":"WebPage","@id":"https:\/\/inclusivenews.com.br\/?p=30617","url":"https:\/\/inclusivenews.com.br\/?p=30617","name":"Literatura infantil e a inclus\u00e3o de crian\u00e7as com defici\u00eancia -","isPartOf":{"@id":"https:\/\/inclusivenews.com.br\/#website"},"primaryImageOfPage":{"@id":"https:\/\/inclusivenews.com.br\/?p=30617#primaryimage"},"image":{"@id":"https:\/\/inclusivenews.com.br\/?p=30617#primaryimage"},"thumbnailUrl":"http:\/\/inclusivenews.com.br\/wp-content\/uploads\/rodrigobomdebola.jpg","datePublished":"2017-09-28T14:22:06+00:00","breadcrumb":{"@id":"https:\/\/inclusivenews.com.br\/?p=30617#breadcrumb"},"inLanguage":"pt-PT","potentialAction":[{"@type":"ReadAction","target":["https:\/\/inclusivenews.com.br\/?p=30617"]}]},{"@type":"ImageObject","inLanguage":"pt-PT","@id":"https:\/\/inclusivenews.com.br\/?p=30617#primaryimage","url":"","contentUrl":""},{"@type":"BreadcrumbList","@id":"https:\/\/inclusivenews.com.br\/?p=30617#breadcrumb","itemListElement":[{"@type":"ListItem","position":1,"name":"In\u00edcio","item":"https:\/\/inclusivenews.com.br\/"},{"@type":"ListItem","position":2,"name":"Literatura infantil e a inclus\u00e3o de crian\u00e7as com defici\u00eancia"}]},{"@type":"WebSite","@id":"https:\/\/inclusivenews.com.br\/#website","url":"https:\/\/inclusivenews.com.br\/","name":"Inclusive News","description":"Inclusive News","publisher":{"@id":"https:\/\/inclusivenews.com.br\/#organization"},"potentialAction":[{"@type":"SearchAction","target":{"@type":"EntryPoint","urlTemplate":"https:\/\/inclusivenews.com.br\/?s={search_term_string}"},"query-input":{"@type":"PropertyValueSpecification","valueRequired":true,"valueName":"search_term_string"}}],"inLanguage":"pt-PT"},{"@type":"Organization","@id":"https:\/\/inclusivenews.com.br\/#organization","name":"Inclusive - inclus\u00e3o e cidadania","url":"https:\/\/inclusivenews.com.br\/","logo":{"@type":"ImageObject","inLanguage":"pt-PT","@id":"https:\/\/inclusivenews.com.br\/#\/schema\/logo\/image\/","url":"https:\/\/inclusivenews.com.br\/wp-content\/uploads\/2024\/03\/@grandesite.png","contentUrl":"https:\/\/inclusivenews.com.br\/wp-content\/uploads\/2024\/03\/@grandesite.png","width":1080,"height":1080,"caption":"Inclusive - inclus\u00e3o e cidadania"},"image":{"@id":"https:\/\/inclusivenews.com.br\/#\/schema\/logo\/image\/"},"sameAs":["https:\/\/www.facebook.com\/agenciainclusive\/","https:\/\/www.instagram.com\/newsinclusive\/"]},{"@type":"Person","@id":"https:\/\/inclusivenews.com.br\/#\/schema\/person\/ae4ec7087559b8692fb33b6fffd2273b","name":"inclusivenews2024","image":{"@type":"ImageObject","inLanguage":"pt-PT","@id":"https:\/\/secure.gravatar.com\/avatar\/c5a7ef84c66fa914f55bc4f7ce26cfa275a3b9a1c5568b907bd184fb4dde7b40?s=96&d=mm&r=g","url":"https:\/\/secure.gravatar.com\/avatar\/c5a7ef84c66fa914f55bc4f7ce26cfa275a3b9a1c5568b907bd184fb4dde7b40?s=96&d=mm&r=g","contentUrl":"https:\/\/secure.gravatar.com\/avatar\/c5a7ef84c66fa914f55bc4f7ce26cfa275a3b9a1c5568b907bd184fb4dde7b40?s=96&d=mm&r=g","caption":"inclusivenews2024"},"sameAs":["https:\/\/inclusivenews.com.br"],"url":"https:\/\/inclusivenews.com.br\/?author=1"}]}},"_links":{"self":[{"href":"https:\/\/inclusivenews.com.br\/index.php?rest_route=\/wp\/v2\/posts\/30617","targetHints":{"allow":["GET"]}}],"collection":[{"href":"https:\/\/inclusivenews.com.br\/index.php?rest_route=\/wp\/v2\/posts"}],"about":[{"href":"https:\/\/inclusivenews.com.br\/index.php?rest_route=\/wp\/v2\/types\/post"}],"author":[{"embeddable":true,"href":"https:\/\/inclusivenews.com.br\/index.php?rest_route=\/wp\/v2\/users\/1"}],"replies":[{"embeddable":true,"href":"https:\/\/inclusivenews.com.br\/index.php?rest_route=%2Fwp%2Fv2%2Fcomments&post=30617"}],"version-history":[{"count":0,"href":"https:\/\/inclusivenews.com.br\/index.php?rest_route=\/wp\/v2\/posts\/30617\/revisions"}],"wp:attachment":[{"href":"https:\/\/inclusivenews.com.br\/index.php?rest_route=%2Fwp%2Fv2%2Fmedia&parent=30617"}],"wp:term":[{"taxonomy":"category","embeddable":true,"href":"https:\/\/inclusivenews.com.br\/index.php?rest_route=%2Fwp%2Fv2%2Fcategories&post=30617"},{"taxonomy":"post_tag","embeddable":true,"href":"https:\/\/inclusivenews.com.br\/index.php?rest_route=%2Fwp%2Fv2%2Ftags&post=30617"}],"curies":[{"name":"wp","href":"https:\/\/api.w.org\/{rel}","templated":true}]}}