{"id":30669,"date":"2017-10-03T19:22:46","date_gmt":"2017-10-03T22:22:46","guid":{"rendered":"http:\/\/www.inclusive.org.br\/?p=30669"},"modified":"2017-10-03T19:22:46","modified_gmt":"2017-10-03T22:22:46","slug":"educacao-inclusiva-para-todos-ou-para-cada-um-alguns-paradoxos-inconvenientes","status":"publish","type":"post","link":"https:\/\/inclusivenews.com.br\/?p=30669","title":{"rendered":"Educa\u00e7\u00e3o inclusiva: para todos ou para cada um? Alguns paradoxos (in)convenientes"},"content":{"rendered":"<figure id=\"attachment_30670\" aria-describedby=\"caption-attachment-30670\" style=\"width: 234px\" class=\"wp-caption alignleft\"><img loading=\"lazy\" decoding=\"async\" class=\"wp-image-30670\" src=\"http:\/\/inclusivenews.com.br\/wp-content\/uploads\/41jRc4uqmHL._SX323_BO1204203200_.jpg\" alt=\"A capa do livro, com o t\u00edtulo, autoria e dados editoriais sobre composi\u00e7\u00e3o geom\u00e9trica esmaecida.\" width=\"234\" height=\"359\" \/><figcaption id=\"caption-attachment-30670\" class=\"wp-caption-text\">A capa do livro, com o t\u00edtulo, autoria e dados editoriais sobre composi\u00e7\u00e3o geom\u00e9trica esmaecida.<\/figcaption><\/figure>\n<p>Concorrendo ao 59\u00ba Pr\u00eamio Jabuti na \u00e1rea de educa\u00e7\u00e3o, o livro de <span class=\"author notFaded\" data-width=\"\">Kelly Cristina Brand\u00e3o da Silva \u00e9 um ousado empreendimento, fruto de de sua tese de doutoramento na USP, que enfrenta os dilemas da educa\u00e7\u00e3o inclusiva e encara as vicissitudes e contradi\u00e7\u00f5es na implementa\u00e7\u00e3o das pol\u00edticas a partir da an\u00e1lise discursiva e metodol\u00f3gica empregadas no \u00e2mbito da gest\u00e3o e pr\u00e1ticas educacionais.<\/span><\/p>\n<p>A quest\u00e3o que incide no espa\u00e7o escolar de forma contundente na atualidade concerne ao fato da Educa\u00e7\u00e3o cada vez mais prescindir da dimens\u00e3o art\u00edstica e privilegiar a dimens\u00e3o t\u00e9cnica. A exacerba\u00e7\u00e3o do tecnicismo significa o predom\u00ednio do car\u00e1ter replic\u00e1vel e serial, oriundo da fabrica\u00e7\u00e3o de objetos, em uma tarefa eminentemente humana, a educa\u00e7\u00e3o. Consider\u00e1-la como arte, e n\u00e3o meramente como t\u00e9cnica a ser aplicada (e replicada), exige que a m\u00e3o do oleiro deixe marcas na argila, o que requer uma mudan\u00e7a subjetiva \u2013 tanto do professor quanto do aluno \u2013 a partir de uma experi\u00eancia em conjunto. Isso n\u00e3o ocorre na massa, dada sua dimens\u00e3o artesanal. Menos ainda quando se trata do chamado aluno especial, o qual n\u00e3o se dilui no todo.<\/p>\n<ul>\n<li><b>Capa comum:<\/b> 320 p\u00e1ginas<\/li>\n<li><b>Editora:<\/b> Editora Escuta; Edi\u00e7\u00e3o: 1 (10 de abril de 2016)<\/li>\n<li><b>Idioma:<\/b> Portugu\u00eas<\/li>\n<li><a href=\"https:\/\/www.amazon.com.br\/Educa%C3%A7%C3%A3o-inclusiva-Alguns-paradoxos-convenientes\/dp\/8571373760\/ref=sr_1_fkmr0_1?ie=UTF8&amp;qid=1507068263&amp;sr=8-1-fkmr0&amp;keywords=Educa%C3%A7%C3%A3o+Inclusiva%3A+Para+todos+ou+para+cada+um%3F+Alguns+paradoxos+%28in%29convenientes+%E2%80%93+Autor%28a%29%3A+Kelly+Cristina+Brand%C3%A3o+da+Silva\" target=\"_blank\" rel=\"noopener\"><strong>Pesquise como comprar na Amazon.com<\/strong><\/a><\/li>\n<\/ul>\n<p>&nbsp;<\/p>\n","protected":false},"excerpt":{"rendered":"<p>Concorrendo ao 59\u00ba Pr\u00eamio Jabuti na \u00e1rea de educa\u00e7\u00e3o, o livro de Kelly Cristina Brand\u00e3o da Silva \u00e9 um ousado empreendimento, fruto de de sua tese de doutoramento na USP, que enfrenta os dilemas da educa\u00e7\u00e3o inclusiva e encara as vicissitudes e contradi\u00e7\u00f5es na implementa\u00e7\u00e3o das pol\u00edticas a partir da an\u00e1lise discursiva e metodol\u00f3gica empregadas no \u00e2mbito da gest\u00e3o e pr\u00e1ticas educacionais.<\/p>\n","protected":false},"author":1,"featured_media":0,"comment_status":"open","ping_status":"open","sticky":false,"template":"","format":"standard","meta":{"site-container-style":"default","site-container-layout":"default","site-sidebar-layout":"default","disable-article-header":"default","disable-site-header":"default","disable-site-footer":"default","disable-content-area-spacing":"default","footnotes":""},"categories":[38,6,48,51,10],"tags":[126],"class_list":["post-30669","post","type-post","status-publish","format-standard","hentry","category-deficiencia","category-educacao","category-inclusao","category-livros","category-publicacoes","tag-educacao-inclusiva"],"yoast_head":"<!-- This site is optimized with the Yoast SEO plugin v27.4 - https:\/\/yoast.com\/product\/yoast-seo-wordpress\/ -->\n<title>Educa\u00e7\u00e3o inclusiva: para todos ou para cada um? Alguns paradoxos (in)convenientes -<\/title>\n<meta name=\"robots\" content=\"index, follow, max-snippet:-1, max-image-preview:large, max-video-preview:-1\" \/>\n<link rel=\"canonical\" href=\"https:\/\/inclusivenews.com.br\/?p=30669\" \/>\n<meta property=\"og:locale\" content=\"pt_PT\" \/>\n<meta property=\"og:type\" content=\"article\" \/>\n<meta property=\"og:title\" content=\"Educa\u00e7\u00e3o inclusiva: para todos ou para cada um? Alguns paradoxos (in)convenientes -\" \/>\n<meta property=\"og:description\" content=\"Concorrendo ao 59\u00ba Pr\u00eamio Jabuti na \u00e1rea de educa\u00e7\u00e3o, o livro de Kelly Cristina Brand\u00e3o da Silva \u00e9 um ousado empreendimento, fruto de de sua tese de doutoramento na USP, que enfrenta os dilemas da educa\u00e7\u00e3o inclusiva e encara as vicissitudes e contradi\u00e7\u00f5es na implementa\u00e7\u00e3o das pol\u00edticas a partir da an\u00e1lise discursiva e metodol\u00f3gica empregadas no \u00e2mbito da gest\u00e3o e pr\u00e1ticas educacionais.\" \/>\n<meta property=\"og:url\" content=\"https:\/\/inclusivenews.com.br\/?p=30669\" \/>\n<meta property=\"article:publisher\" content=\"https:\/\/www.facebook.com\/agenciainclusive\/\" \/>\n<meta property=\"article:published_time\" content=\"2017-10-03T22:22:46+00:00\" \/>\n<meta property=\"og:image\" content=\"http:\/\/inclusivenews.com.br\/wp-content\/uploads\/41jRc4uqmHL._SX323_BO1204203200_.jpg\" \/>\n<meta name=\"author\" content=\"inclusivenews2024\" \/>\n<meta name=\"twitter:card\" content=\"summary_large_image\" \/>\n<meta name=\"twitter:label1\" content=\"Escrito por\" \/>\n\t<meta name=\"twitter:data1\" content=\"inclusivenews2024\" \/>\n\t<meta name=\"twitter:label2\" content=\"Tempo estimado de leitura\" \/>\n\t<meta name=\"twitter:data2\" content=\"1 minuto\" \/>\n<script type=\"application\/ld+json\" class=\"yoast-schema-graph\">{\"@context\":\"https:\\\/\\\/schema.org\",\"@graph\":[{\"@type\":\"Article\",\"@id\":\"https:\\\/\\\/inclusivenews.com.br\\\/?p=30669#article\",\"isPartOf\":{\"@id\":\"https:\\\/\\\/inclusivenews.com.br\\\/?p=30669\"},\"author\":{\"name\":\"inclusivenews2024\",\"@id\":\"https:\\\/\\\/inclusivenews.com.br\\\/#\\\/schema\\\/person\\\/ae4ec7087559b8692fb33b6fffd2273b\"},\"headline\":\"Educa\u00e7\u00e3o inclusiva: para todos ou para cada um? Alguns paradoxos (in)convenientes\",\"datePublished\":\"2017-10-03T22:22:46+00:00\",\"mainEntityOfPage\":{\"@id\":\"https:\\\/\\\/inclusivenews.com.br\\\/?p=30669\"},\"wordCount\":273,\"commentCount\":0,\"publisher\":{\"@id\":\"https:\\\/\\\/inclusivenews.com.br\\\/#organization\"},\"image\":{\"@id\":\"https:\\\/\\\/inclusivenews.com.br\\\/?p=30669#primaryimage\"},\"thumbnailUrl\":\"http:\\\/\\\/inclusivenews.com.br\\\/wp-content\\\/uploads\\\/41jRc4uqmHL._SX323_BO1204203200_.jpg\",\"keywords\":[\"Educa\u00e7\u00e3o inclusiva\"],\"articleSection\":[\"Defici\u00eancia\",\"EDUCA\u00c7\u00c3O\",\"INCLUS\u00c3O SOCIAL\",\"Livros\",\"PUBLICA\u00c7\u00d5ES\"],\"inLanguage\":\"pt-PT\",\"potentialAction\":[{\"@type\":\"CommentAction\",\"name\":\"Comment\",\"target\":[\"https:\\\/\\\/inclusivenews.com.br\\\/?p=30669#respond\"]}]},{\"@type\":\"WebPage\",\"@id\":\"https:\\\/\\\/inclusivenews.com.br\\\/?p=30669\",\"url\":\"https:\\\/\\\/inclusivenews.com.br\\\/?p=30669\",\"name\":\"Educa\u00e7\u00e3o inclusiva: para todos ou para cada um? Alguns paradoxos (in)convenientes -\",\"isPartOf\":{\"@id\":\"https:\\\/\\\/inclusivenews.com.br\\\/#website\"},\"primaryImageOfPage\":{\"@id\":\"https:\\\/\\\/inclusivenews.com.br\\\/?p=30669#primaryimage\"},\"image\":{\"@id\":\"https:\\\/\\\/inclusivenews.com.br\\\/?p=30669#primaryimage\"},\"thumbnailUrl\":\"http:\\\/\\\/inclusivenews.com.br\\\/wp-content\\\/uploads\\\/41jRc4uqmHL._SX323_BO1204203200_.jpg\",\"datePublished\":\"2017-10-03T22:22:46+00:00\",\"breadcrumb\":{\"@id\":\"https:\\\/\\\/inclusivenews.com.br\\\/?p=30669#breadcrumb\"},\"inLanguage\":\"pt-PT\",\"potentialAction\":[{\"@type\":\"ReadAction\",\"target\":[\"https:\\\/\\\/inclusivenews.com.br\\\/?p=30669\"]}]},{\"@type\":\"ImageObject\",\"inLanguage\":\"pt-PT\",\"@id\":\"https:\\\/\\\/inclusivenews.com.br\\\/?p=30669#primaryimage\",\"url\":\"\",\"contentUrl\":\"\"},{\"@type\":\"BreadcrumbList\",\"@id\":\"https:\\\/\\\/inclusivenews.com.br\\\/?p=30669#breadcrumb\",\"itemListElement\":[{\"@type\":\"ListItem\",\"position\":1,\"name\":\"In\u00edcio\",\"item\":\"https:\\\/\\\/inclusivenews.com.br\\\/\"},{\"@type\":\"ListItem\",\"position\":2,\"name\":\"Educa\u00e7\u00e3o inclusiva: para todos ou para cada um? Alguns paradoxos (in)convenientes\"}]},{\"@type\":\"WebSite\",\"@id\":\"https:\\\/\\\/inclusivenews.com.br\\\/#website\",\"url\":\"https:\\\/\\\/inclusivenews.com.br\\\/\",\"name\":\"Inclusive News\",\"description\":\"Inclusive News\",\"publisher\":{\"@id\":\"https:\\\/\\\/inclusivenews.com.br\\\/#organization\"},\"potentialAction\":[{\"@type\":\"SearchAction\",\"target\":{\"@type\":\"EntryPoint\",\"urlTemplate\":\"https:\\\/\\\/inclusivenews.com.br\\\/?s={search_term_string}\"},\"query-input\":{\"@type\":\"PropertyValueSpecification\",\"valueRequired\":true,\"valueName\":\"search_term_string\"}}],\"inLanguage\":\"pt-PT\"},{\"@type\":\"Organization\",\"@id\":\"https:\\\/\\\/inclusivenews.com.br\\\/#organization\",\"name\":\"Inclusive - inclus\u00e3o e cidadania\",\"url\":\"https:\\\/\\\/inclusivenews.com.br\\\/\",\"logo\":{\"@type\":\"ImageObject\",\"inLanguage\":\"pt-PT\",\"@id\":\"https:\\\/\\\/inclusivenews.com.br\\\/#\\\/schema\\\/logo\\\/image\\\/\",\"url\":\"https:\\\/\\\/inclusivenews.com.br\\\/wp-content\\\/uploads\\\/2024\\\/03\\\/@grandesite.png\",\"contentUrl\":\"https:\\\/\\\/inclusivenews.com.br\\\/wp-content\\\/uploads\\\/2024\\\/03\\\/@grandesite.png\",\"width\":1080,\"height\":1080,\"caption\":\"Inclusive - inclus\u00e3o e cidadania\"},\"image\":{\"@id\":\"https:\\\/\\\/inclusivenews.com.br\\\/#\\\/schema\\\/logo\\\/image\\\/\"},\"sameAs\":[\"https:\\\/\\\/www.facebook.com\\\/agenciainclusive\\\/\",\"https:\\\/\\\/www.instagram.com\\\/newsinclusive\\\/\"]},{\"@type\":\"Person\",\"@id\":\"https:\\\/\\\/inclusivenews.com.br\\\/#\\\/schema\\\/person\\\/ae4ec7087559b8692fb33b6fffd2273b\",\"name\":\"inclusivenews2024\",\"image\":{\"@type\":\"ImageObject\",\"inLanguage\":\"pt-PT\",\"@id\":\"https:\\\/\\\/secure.gravatar.com\\\/avatar\\\/c5a7ef84c66fa914f55bc4f7ce26cfa275a3b9a1c5568b907bd184fb4dde7b40?s=96&d=mm&r=g\",\"url\":\"https:\\\/\\\/secure.gravatar.com\\\/avatar\\\/c5a7ef84c66fa914f55bc4f7ce26cfa275a3b9a1c5568b907bd184fb4dde7b40?s=96&d=mm&r=g\",\"contentUrl\":\"https:\\\/\\\/secure.gravatar.com\\\/avatar\\\/c5a7ef84c66fa914f55bc4f7ce26cfa275a3b9a1c5568b907bd184fb4dde7b40?s=96&d=mm&r=g\",\"caption\":\"inclusivenews2024\"},\"sameAs\":[\"https:\\\/\\\/inclusivenews.com.br\"],\"url\":\"https:\\\/\\\/inclusivenews.com.br\\\/?author=1\"}]}<\/script>\n<!-- \/ Yoast SEO plugin. -->","yoast_head_json":{"title":"Educa\u00e7\u00e3o inclusiva: para todos ou para cada um? Alguns paradoxos (in)convenientes -","robots":{"index":"index","follow":"follow","max-snippet":"max-snippet:-1","max-image-preview":"max-image-preview:large","max-video-preview":"max-video-preview:-1"},"canonical":"https:\/\/inclusivenews.com.br\/?p=30669","og_locale":"pt_PT","og_type":"article","og_title":"Educa\u00e7\u00e3o inclusiva: para todos ou para cada um? Alguns paradoxos (in)convenientes -","og_description":"Concorrendo ao 59\u00ba Pr\u00eamio Jabuti na \u00e1rea de educa\u00e7\u00e3o, o livro de Kelly Cristina Brand\u00e3o da Silva \u00e9 um ousado empreendimento, fruto de de sua tese de doutoramento na USP, que enfrenta os dilemas da educa\u00e7\u00e3o inclusiva e encara as vicissitudes e contradi\u00e7\u00f5es na implementa\u00e7\u00e3o das pol\u00edticas a partir da an\u00e1lise discursiva e metodol\u00f3gica empregadas no \u00e2mbito da gest\u00e3o e pr\u00e1ticas educacionais.","og_url":"https:\/\/inclusivenews.com.br\/?p=30669","article_publisher":"https:\/\/www.facebook.com\/agenciainclusive\/","article_published_time":"2017-10-03T22:22:46+00:00","og_image":[{"url":"http:\/\/inclusivenews.com.br\/wp-content\/uploads\/41jRc4uqmHL._SX323_BO1204203200_.jpg","type":"","width":"","height":""}],"author":"inclusivenews2024","twitter_card":"summary_large_image","twitter_misc":{"Escrito por":"inclusivenews2024","Tempo estimado de leitura":"1 minuto"},"schema":{"@context":"https:\/\/schema.org","@graph":[{"@type":"Article","@id":"https:\/\/inclusivenews.com.br\/?p=30669#article","isPartOf":{"@id":"https:\/\/inclusivenews.com.br\/?p=30669"},"author":{"name":"inclusivenews2024","@id":"https:\/\/inclusivenews.com.br\/#\/schema\/person\/ae4ec7087559b8692fb33b6fffd2273b"},"headline":"Educa\u00e7\u00e3o inclusiva: para todos ou para cada um? Alguns paradoxos (in)convenientes","datePublished":"2017-10-03T22:22:46+00:00","mainEntityOfPage":{"@id":"https:\/\/inclusivenews.com.br\/?p=30669"},"wordCount":273,"commentCount":0,"publisher":{"@id":"https:\/\/inclusivenews.com.br\/#organization"},"image":{"@id":"https:\/\/inclusivenews.com.br\/?p=30669#primaryimage"},"thumbnailUrl":"http:\/\/inclusivenews.com.br\/wp-content\/uploads\/41jRc4uqmHL._SX323_BO1204203200_.jpg","keywords":["Educa\u00e7\u00e3o inclusiva"],"articleSection":["Defici\u00eancia","EDUCA\u00c7\u00c3O","INCLUS\u00c3O SOCIAL","Livros","PUBLICA\u00c7\u00d5ES"],"inLanguage":"pt-PT","potentialAction":[{"@type":"CommentAction","name":"Comment","target":["https:\/\/inclusivenews.com.br\/?p=30669#respond"]}]},{"@type":"WebPage","@id":"https:\/\/inclusivenews.com.br\/?p=30669","url":"https:\/\/inclusivenews.com.br\/?p=30669","name":"Educa\u00e7\u00e3o inclusiva: para todos ou para cada um? Alguns paradoxos (in)convenientes -","isPartOf":{"@id":"https:\/\/inclusivenews.com.br\/#website"},"primaryImageOfPage":{"@id":"https:\/\/inclusivenews.com.br\/?p=30669#primaryimage"},"image":{"@id":"https:\/\/inclusivenews.com.br\/?p=30669#primaryimage"},"thumbnailUrl":"http:\/\/inclusivenews.com.br\/wp-content\/uploads\/41jRc4uqmHL._SX323_BO1204203200_.jpg","datePublished":"2017-10-03T22:22:46+00:00","breadcrumb":{"@id":"https:\/\/inclusivenews.com.br\/?p=30669#breadcrumb"},"inLanguage":"pt-PT","potentialAction":[{"@type":"ReadAction","target":["https:\/\/inclusivenews.com.br\/?p=30669"]}]},{"@type":"ImageObject","inLanguage":"pt-PT","@id":"https:\/\/inclusivenews.com.br\/?p=30669#primaryimage","url":"","contentUrl":""},{"@type":"BreadcrumbList","@id":"https:\/\/inclusivenews.com.br\/?p=30669#breadcrumb","itemListElement":[{"@type":"ListItem","position":1,"name":"In\u00edcio","item":"https:\/\/inclusivenews.com.br\/"},{"@type":"ListItem","position":2,"name":"Educa\u00e7\u00e3o inclusiva: para todos ou para cada um? Alguns paradoxos (in)convenientes"}]},{"@type":"WebSite","@id":"https:\/\/inclusivenews.com.br\/#website","url":"https:\/\/inclusivenews.com.br\/","name":"Inclusive News","description":"Inclusive News","publisher":{"@id":"https:\/\/inclusivenews.com.br\/#organization"},"potentialAction":[{"@type":"SearchAction","target":{"@type":"EntryPoint","urlTemplate":"https:\/\/inclusivenews.com.br\/?s={search_term_string}"},"query-input":{"@type":"PropertyValueSpecification","valueRequired":true,"valueName":"search_term_string"}}],"inLanguage":"pt-PT"},{"@type":"Organization","@id":"https:\/\/inclusivenews.com.br\/#organization","name":"Inclusive - inclus\u00e3o e cidadania","url":"https:\/\/inclusivenews.com.br\/","logo":{"@type":"ImageObject","inLanguage":"pt-PT","@id":"https:\/\/inclusivenews.com.br\/#\/schema\/logo\/image\/","url":"https:\/\/inclusivenews.com.br\/wp-content\/uploads\/2024\/03\/@grandesite.png","contentUrl":"https:\/\/inclusivenews.com.br\/wp-content\/uploads\/2024\/03\/@grandesite.png","width":1080,"height":1080,"caption":"Inclusive - inclus\u00e3o e cidadania"},"image":{"@id":"https:\/\/inclusivenews.com.br\/#\/schema\/logo\/image\/"},"sameAs":["https:\/\/www.facebook.com\/agenciainclusive\/","https:\/\/www.instagram.com\/newsinclusive\/"]},{"@type":"Person","@id":"https:\/\/inclusivenews.com.br\/#\/schema\/person\/ae4ec7087559b8692fb33b6fffd2273b","name":"inclusivenews2024","image":{"@type":"ImageObject","inLanguage":"pt-PT","@id":"https:\/\/secure.gravatar.com\/avatar\/c5a7ef84c66fa914f55bc4f7ce26cfa275a3b9a1c5568b907bd184fb4dde7b40?s=96&d=mm&r=g","url":"https:\/\/secure.gravatar.com\/avatar\/c5a7ef84c66fa914f55bc4f7ce26cfa275a3b9a1c5568b907bd184fb4dde7b40?s=96&d=mm&r=g","contentUrl":"https:\/\/secure.gravatar.com\/avatar\/c5a7ef84c66fa914f55bc4f7ce26cfa275a3b9a1c5568b907bd184fb4dde7b40?s=96&d=mm&r=g","caption":"inclusivenews2024"},"sameAs":["https:\/\/inclusivenews.com.br"],"url":"https:\/\/inclusivenews.com.br\/?author=1"}]}},"_links":{"self":[{"href":"https:\/\/inclusivenews.com.br\/index.php?rest_route=\/wp\/v2\/posts\/30669","targetHints":{"allow":["GET"]}}],"collection":[{"href":"https:\/\/inclusivenews.com.br\/index.php?rest_route=\/wp\/v2\/posts"}],"about":[{"href":"https:\/\/inclusivenews.com.br\/index.php?rest_route=\/wp\/v2\/types\/post"}],"author":[{"embeddable":true,"href":"https:\/\/inclusivenews.com.br\/index.php?rest_route=\/wp\/v2\/users\/1"}],"replies":[{"embeddable":true,"href":"https:\/\/inclusivenews.com.br\/index.php?rest_route=%2Fwp%2Fv2%2Fcomments&post=30669"}],"version-history":[{"count":0,"href":"https:\/\/inclusivenews.com.br\/index.php?rest_route=\/wp\/v2\/posts\/30669\/revisions"}],"wp:attachment":[{"href":"https:\/\/inclusivenews.com.br\/index.php?rest_route=%2Fwp%2Fv2%2Fmedia&parent=30669"}],"wp:term":[{"taxonomy":"category","embeddable":true,"href":"https:\/\/inclusivenews.com.br\/index.php?rest_route=%2Fwp%2Fv2%2Fcategories&post=30669"},{"taxonomy":"post_tag","embeddable":true,"href":"https:\/\/inclusivenews.com.br\/index.php?rest_route=%2Fwp%2Fv2%2Ftags&post=30669"}],"curies":[{"name":"wp","href":"https:\/\/api.w.org\/{rel}","templated":true}]}}