{"id":30673,"date":"2017-10-04T16:43:40","date_gmt":"2017-10-04T19:43:40","guid":{"rendered":"http:\/\/www.inclusive.org.br\/?p=30673"},"modified":"2017-10-04T16:43:40","modified_gmt":"2017-10-04T19:43:40","slug":"premio-paratodos-edital-no-ar","status":"publish","type":"post","link":"https:\/\/inclusivenews.com.br\/?p=30673","title":{"rendered":"Pr\u00eamio Paratodos: edital no ar"},"content":{"rendered":"<figure id=\"attachment_28443\" aria-describedby=\"caption-attachment-28443\" style=\"width: 270px\" class=\"wp-caption alignleft\"><img loading=\"lazy\" decoding=\"async\" class=\"wp-image-28443\" src=\"http:\/\/inclusivenews.com.br\/wp-content\/uploads\/paratodos.jpg\" alt=\"Logo, em fundo cinza e letras azuie marinho, na primeira linha, em caixa alta a palavra para e na segunda todos.\" width=\"270\" height=\"270\" \/><figcaption id=\"caption-attachment-28443\" class=\"wp-caption-text\">Logo, em fundo cinza e letras azuie marinho, na primeira linha, em caixa alta a palavra para e na segunda todos.<\/figcaption><\/figure>\n<p>Confira, a seguir, o regulamento do Pr\u00eamio Paratodos de Inclus\u00e3o Escolar.<\/p>\n<p>Inscri\u00e7\u00f5es abertas!<\/p>\n<p>&nbsp;<\/p>\n<p><b>PR\u00caMIO PARATODOS DE INCLUS\u00c3O ESCOLAR<\/b><\/p>\n<p><b>Regulamento 2017<\/b><\/p>\n<ul>\n<li><b>Objetivo<\/b><\/li>\n<\/ul>\n<p>O <b>Pr\u00eamio Paratodos de Inclus\u00e3o Escolar<\/b>, com patroc\u00ednio da LECCA Investimentos e apoio dos Institutos Alana, Mara Gabrilli e Rodrigo Mendes,vai selecionar e premiar experi\u00eancias pedag\u00f3gicas bem sucedidas em inclus\u00e3o de alunos com defici\u00eancia, transtornos globais do desenvolvimento e altas habilidades\/superdota\u00e7\u00e3o, que tenham sido desenvolvidas por professores de institui\u00e7\u00f5es de ensino regular, \u00a0da Educa\u00e7\u00e3o Infantil ao Ensino Superior, considerando os crit\u00e9rios estabelecidos neste regulamento.<\/p>\n<ol start=\"2\">\n<li><b>Da candidatura<\/b><\/li>\n<\/ol>\n<p>2.1 Todos os professores de institui\u00e7\u00f5es de ensino regulares p\u00fablicas ou privadas \u2013 da Educa\u00e7\u00e3o Infantil ao Ensino Superior \u2013 podem se inscrever no Pr\u00eamio Paratodos de Inclus\u00e3o Escolar. A institui\u00e7\u00e3o de ensino deve ser reconhecida pelo Minist\u00e9rio da Educa\u00e7\u00e3o (MEC).<\/p>\n<p>2.2 \u00a0Somente poder\u00e3o ser inscritas experi\u00eancias de inclus\u00e3o com resultados de efic\u00e1cia comprovados (desempenho positivo do aluno, participa\u00e7\u00e3o em atividades da turma, evolu\u00e7\u00e3o acad\u00eamica do aluno) durante os anos letivos de 2016 e 2017.<\/p>\n<p>2.3 \u00a0Ser\u00e3o considerados somente os relatos enviados dentro do prazo estabelecido por este regulamento. A Comiss\u00e3o Organizadora n\u00e3o se responsabiliza por inscri\u00e7\u00e3o n\u00e3o recebida no prazo por motivos de falhas t\u00e9cnica de computadores, de linhas de comunica\u00e7\u00e3o, de acesso \u00e0 internet, entre outros fatores que impossibilitem o envio do relato do professor.<\/p>\n<p>2.4 Fica limitada a inscri\u00e7\u00e3o de no m\u00e1ximo dois trabalhos distintos por participante.<\/p>\n<ol start=\"3\">\n<li><b>Inscri\u00e7\u00e3o<\/b><\/li>\n<\/ol>\n<p>3.1 A inscri\u00e7\u00e3o do candidato deve ser feita por e-mail, <b>de 05 de outubro at\u00e9 \u00e0s 23h59 de 31 de dezembro de 2017<\/b>, a partir do envio do relato da experi\u00eancia escolar vivida, evidenciando e comprovando os resultados obtidos no per\u00edodo a que se refere este regulamento. O envio deve ser feito pelo email: <b>pre<\/b><a href=\"mailto:mio@paratodos.net.br\"><b>mio@paratodos.net.br<\/b><\/a><b>.<\/b><\/p>\n<p>3.2 O ato de inscri\u00e7\u00e3o implica concord\u00e2ncia e ades\u00e3o irrestritas a este regulamento e atesta a veracidade das informa\u00e7\u00f5es da ficha e do caso enviado.<\/p>\n<p>3.3 Deve-se enviar juntamente com o relato anu\u00eancia da dire\u00e7\u00e3o da escola da participa\u00e7\u00e3o do professor e exposi\u00e7\u00e3o do relato. No caso de envio de fotos e\/ou v\u00eddeos, \u00e9 fundamental autoriza\u00e7\u00e3o dos respons\u00e1veis dos menores de idade, bem como dos demais participantes do material enviado.<\/p>\n<p>&nbsp;<\/p>\n<p>3.4 A inscri\u00e7\u00e3o corresponder\u00e1 ainda a autoriza\u00e7\u00e3o para publica\u00e7\u00e3o do material enviado pelo Paratodos e institui\u00e7\u00f5es parceiras.<\/p>\n<p>3.5 N\u00e3o \u00e9 cobrada taxa de inscri\u00e7\u00e3o;<\/p>\n<p>3.6 Pedidos de esclarecimento de \u00a0eventuais d\u00favidas de interpreta\u00e7\u00e3o do regulamento dever\u00e3o ser endere\u00e7ados, <b>at\u00e9 05 (cinco) dias \u00fateis <\/b>antes da data do t\u00e9rmino do prazo de inscri\u00e7\u00e3o, para o e-mail premio@paratodos.net.br.<\/p>\n<ol start=\"4\">\n<li><b>Do formato de apresenta\u00e7\u00e3o do trabalho<\/b><\/li>\n<\/ol>\n<p>4.1 Os candidatos devem enviar relato do trabalho de inclus\u00e3o ocorrido dentro da institui\u00e7\u00e3o de ensino indicando o seu segmento da educa\u00e7\u00e3o.<\/p>\n<p>4.2 Os Relatos n\u00e3o devem ultrapassar 08 (oito) p\u00e1ginas. Devem ser encaminhados em anexo por e-mail, digitado em fonte Arial ou Times New Roman (corpo 12), em formato A4, com 3 cm nas margens superior e esquerda e com 2 cm nas margens inferior e direita, usando \u00a0espa\u00e7amento de 1,5. Pede-se que seja, preferencialmente, em formato PDF.<\/p>\n<p>4.3 Os Relatos devem apresentar obrigatoriamente uma capa com as seguintes informa\u00e7\u00f5es: nome do professor; t\u00edtulo do trabalho; institui\u00e7\u00e3o de ensino; segmento da educa\u00e7\u00e3o; cidade\/estado; resumo do relato.<\/p>\n<p>4.4 Os relatos devem seguir o roteiro: Apresenta\u00e7\u00e3o (geral); Equipe Respons\u00e1vel (pelo experi\u00eancia pedag\u00f3gica); Descri\u00e7\u00e3o da Experi\u00eancia (proposta para o grupo, adapta\u00e7\u00e3o para alunos em situa\u00e7\u00e3o de inclus\u00e3o, alunos beneficiados, objetivo da a\u00e7\u00e3o, impactos e resultados e avalia\u00e7\u00e3o); Considera\u00e7\u00f5es Finais (conclus\u00e3o) e Bibliografia (se for o caso).<\/p>\n<p>4.5 Podem ser enviados para complementar o relato, como anexos \u00e0 inscri\u00e7\u00e3o: v\u00eddeos, fotografias, aplicativos, projetos pedag\u00f3gicos, depoimentos de familiares, material pedag\u00f3gico adaptado ou de desenho universal, ou quaisquer outros materiais que comprovem as a\u00e7\u00f5es feitas em sala de aula e seus benef\u00edcios em favor da \u00a0inclus\u00e3o.<\/p>\n<p>4.6 Para todo e qualquer depoimento de familiar em v\u00eddeo ou fotografia, seja adulto ou crian\u00e7a, torna-se necess\u00e1ria a autoriza\u00e7\u00e3o dos envolvidos por escrito.<\/p>\n<p>4.7 Juntamente como o relato, \u00e9 preciso enviar anu\u00eancia da dire\u00e7\u00e3o da escola sobre o relato enviado.<\/p>\n<p>4.8 Qualquer outra forma de envio ser\u00e1 analisado pela comiss\u00e3o durante a triagem dos trabalhos recebidos e poder\u00e1 ser desclassificado sem justificativa.<\/p>\n<p>&nbsp;<\/p>\n<ol start=\"5\">\n<li><b>Comiss\u00e3o Organizadora<\/b><\/li>\n<\/ol>\n<p>5.1 A Comiss\u00e3o Organizadora, formada pelas integrantes do movimento Paratodos, \u00e9 respons\u00e1vel pela coordena\u00e7\u00e3o do pr\u00eamio e tem ainda a fun\u00e7\u00e3o de fazer uma triagem nos trabalhos recebidos, com base nos crit\u00e9rios estabelecidos.<\/p>\n<p>&nbsp;<\/p>\n<ol start=\"6\">\n<li><b>Julgamento<\/b><\/li>\n<\/ol>\n<p>6.1 O julgamento dos casos inscritos ser\u00e1 realizado por uma Comiss\u00e3o Julgadora, que ser\u00e1 formada por profissionais da \u00e1rea de educa\u00e7\u00e3o e especialistas de inclus\u00e3o e ou acessibilidade.<\/p>\n<p>6.2 A Comiss\u00e3o Julgadora atribuir\u00e1 o <b>Pr\u00eamio Paratodos de Inclus\u00e3o Escolar<\/b> ao caso que melhor cumprir os objetivos do concurso descritos no item 1.1.<\/p>\n<p>6.3 A sele\u00e7\u00e3o das experi\u00eancias vai considerar objetividade do relato da experi\u00eancia; consist\u00eancia pedag\u00f3gica e conceitual, sucesso escolar dos alunos envolvidos, contextualiza\u00e7\u00e3o da escola e potencial de aplica\u00e7\u00e3o da experi\u00eancia em outras realidades educacionais.<\/p>\n<p>6.4 Tamb\u00e9m ser\u00e3o avaliados nos relatos a sintonia da proposta pedag\u00f3gica dos alunos em inclus\u00e3o com os alunos da turma, em parceria com fam\u00edlias; parceria AEE\/professores; utiliza\u00e7\u00e3o de recursos da comunidade; olhar para o potencial do aluno; men\u00e7\u00e3o de acompanhantes; envolvimento da equipe escolar; envolvimento com demais alunos, supervis\u00e3o multidisciplinar dos professores do AEE; protagonismo dos docentes.<\/p>\n<p>6.5. N\u00e3o ser\u00e3o aceitos artigos acad\u00eamicos, mesmo aqueles n\u00e3o publicados ainda.<\/p>\n<p>6.6 A Comiss\u00e3o Julgadora avaliar\u00e1 os casos conforme ainda esfor\u00e7o incomum, determina\u00e7\u00e3o, isen\u00e7\u00e3o, perseveran\u00e7a, \u00e9tica e respeito \u00e0 diversidade.<\/p>\n<p>&nbsp;<\/p>\n<ol start=\"7\">\n<li><b>Dos crit\u00e9rios<\/b><\/li>\n<\/ol>\n<p>7.1 Os relatos devem seguir os seguintes crit\u00e9rios:<\/p>\n<ol>\n<li>Foco no tema da inclus\u00e3o escolar de alunos com defici\u00eancia, transtornos globais do desenvolvimento e altas habilidades\/superdota\u00e7\u00e3o;<\/li>\n<li>Coer\u00eancia com os objetivos da <b>Lei Brasileira de Inclus\u00e3o da Pessoa com Defici\u00eancia <\/b>(Estatuto da Pessoa com Defici\u00eancia);<\/li>\n<li>Indica\u00e7\u00e3o de resultados da a\u00e7\u00e3o;<\/li>\n<li>Men\u00e7\u00e3o \u00e0 forma de gest\u00e3o da escola, demonstrando a pr\u00e1tica democr\u00e1tica, colaborativa e participativa entre gestores, educadores e demais segmentos da comunidade escolar;<\/li>\n<li>Descri\u00e7\u00e3o da(s) estrat\u00e9gia(s) pedag\u00f3gica(s) inclusiva(s);<\/li>\n<li>Indica\u00e7\u00e3o de impactos pedag\u00f3gicos e sociais no aluno e na turma; e<\/li>\n<li>Possibilidade de replicar a experi\u00eancia, com devidas adapta\u00e7\u00f5es, vivenciada pelo educador.<\/li>\n<\/ol>\n<p>&nbsp;<\/p>\n<ol start=\"8\">\n<li><b>Premia\u00e7\u00e3o<\/b><\/li>\n<\/ol>\n<p>8.1 Os tr\u00eas casos mais relevantes receber\u00e3o brindes do Paratodos e ter\u00e3o seus trabalhos divulgados no site.<\/p>\n<p>8.2 As escolas nas quais foram desenvolvidas as experi\u00eancias selecionadas como finalistas ser\u00e3o premiadas com placas comemorativas.<\/p>\n<p>8.3 O caso escolhido para receber o <b>Pr\u00eamio Paratodos de Inclus\u00e3o Escolar<\/b> receber\u00e1 al\u00e9m da camiseta e da divulga\u00e7\u00e3o, um tablet.<\/p>\n<ol start=\"9\">\n<li><b>Disposi\u00e7\u00f5es Finais<\/b><\/li>\n<\/ol>\n<p>9.1 N\u00e3o poder\u00e3o participar do <b>Pr\u00eamio Paratodos de Inclus\u00e3o Escolar<\/b>: Membros ou familiares da Comiss\u00e3o Organizadora e da Comiss\u00e3o Julgadora; e Professores que n\u00e3o sejam formados e que n\u00e3o estivessem legalmente contratados na escola referida na data em que o trabalho foi executado.<\/p>\n<p>9.2 Todos os trabalhos enviados ao concurso poder\u00e3o ser expostos, veiculados e reproduzidos em publica\u00e7\u00f5es, programas e eventos de car\u00e1ter educativo ou cultural, ou de divulga\u00e7\u00e3o da promotora do concurso, independente de qualquer remunera\u00e7\u00e3o, autoriza\u00e7\u00e3o ou licen\u00e7a de seus autores, sem qualquer tipo de compensa\u00e7\u00e3o ou indeniza\u00e7\u00e3o, assegurada a men\u00e7\u00e3o da autoria.<\/p>\n<p>9.3 A inscri\u00e7\u00e3o no Pr\u00eamio implica, em car\u00e1ter irrevog\u00e1vel.<\/p>\n<p>9.4 Ao se inscrever, o participante autoriza tamb\u00e9m que as entrevistas e depoimentos que porventura sejam concedidos ao Paratodos ou a parceiros sejam reproduzidos por estas entidades, por si ou por terceiros e divulgados nos materiais, suportes, m\u00eddias e meios indicados neste regulamento.<\/p>\n<p>9.5 Os trabalhos que n\u00e3o atenderem \u00e0s exig\u00eancias deste regulamento ser\u00e3o automaticamente desclassificados.<\/p>\n<p>9.6 Todas as quest\u00f5es omissas do regulamento, assim como a interpreta\u00e7\u00e3o de dispositivos, ser\u00e3o decididas pela Comiss\u00e3o Organizadora de forma soberana, e suas decis\u00f5es n\u00e3o ser\u00e3o objeto de questionamento ou impugna\u00e7\u00e3o por qualquer das partes envolvidas.<\/p>\n<p>9.7 O nome das crian\u00e7as e dos familiares envolvidos ser\u00e3o alterados para efeito de publica\u00e7\u00e3o protegendo sua identidade.<\/p>\n","protected":false},"excerpt":{"rendered":"<p>Confira, a seguir, o regulamento do Pr\u00eamio Paratodos de Inclus\u00e3o Escolar, edi\u00e7\u00e3o 2017. Inscri\u00e7\u00f5es abertas!<\/p>\n","protected":false},"author":1,"featured_media":0,"comment_status":"open","ping_status":"open","sticky":false,"template":"","format":"standard","meta":{"site-container-style":"default","site-container-layout":"default","site-sidebar-layout":"default","disable-article-header":"default","disable-site-header":"default","disable-site-footer":"default","disable-content-area-spacing":"default","footnotes":""},"categories":[6,48],"tags":[],"class_list":["post-30673","post","type-post","status-publish","format-standard","hentry","category-educacao","category-inclusao"],"yoast_head":"<!-- This site is optimized with the Yoast SEO plugin v27.4 - https:\/\/yoast.com\/product\/yoast-seo-wordpress\/ -->\n<title>Pr\u00eamio Paratodos: edital no ar -<\/title>\n<meta name=\"robots\" content=\"index, follow, max-snippet:-1, max-image-preview:large, max-video-preview:-1\" \/>\n<link rel=\"canonical\" href=\"https:\/\/inclusivenews.com.br\/?p=30673\" \/>\n<meta property=\"og:locale\" content=\"pt_PT\" \/>\n<meta property=\"og:type\" content=\"article\" \/>\n<meta property=\"og:title\" content=\"Pr\u00eamio Paratodos: edital no ar -\" \/>\n<meta property=\"og:description\" content=\"Confira, a seguir, o regulamento do Pr\u00eamio Paratodos de Inclus\u00e3o Escolar, edi\u00e7\u00e3o 2017. Inscri\u00e7\u00f5es abertas!\" \/>\n<meta property=\"og:url\" content=\"https:\/\/inclusivenews.com.br\/?p=30673\" \/>\n<meta property=\"article:publisher\" content=\"https:\/\/www.facebook.com\/agenciainclusive\/\" \/>\n<meta property=\"article:published_time\" content=\"2017-10-04T19:43:40+00:00\" \/>\n<meta property=\"og:image\" content=\"http:\/\/inclusivenews.com.br\/wp-content\/uploads\/paratodos.jpg\" \/>\n<meta name=\"author\" content=\"inclusivenews2024\" \/>\n<meta name=\"twitter:card\" content=\"summary_large_image\" \/>\n<meta name=\"twitter:label1\" content=\"Escrito por\" \/>\n\t<meta name=\"twitter:data1\" content=\"inclusivenews2024\" \/>\n\t<meta name=\"twitter:label2\" content=\"Tempo estimado de leitura\" \/>\n\t<meta name=\"twitter:data2\" content=\"7 minutos\" \/>\n<script type=\"application\/ld+json\" class=\"yoast-schema-graph\">{\"@context\":\"https:\\\/\\\/schema.org\",\"@graph\":[{\"@type\":\"Article\",\"@id\":\"https:\\\/\\\/inclusivenews.com.br\\\/?p=30673#article\",\"isPartOf\":{\"@id\":\"https:\\\/\\\/inclusivenews.com.br\\\/?p=30673\"},\"author\":{\"name\":\"inclusivenews2024\",\"@id\":\"https:\\\/\\\/inclusivenews.com.br\\\/#\\\/schema\\\/person\\\/ae4ec7087559b8692fb33b6fffd2273b\"},\"headline\":\"Pr\u00eamio Paratodos: edital no ar\",\"datePublished\":\"2017-10-04T19:43:40+00:00\",\"mainEntityOfPage\":{\"@id\":\"https:\\\/\\\/inclusivenews.com.br\\\/?p=30673\"},\"wordCount\":1473,\"commentCount\":0,\"publisher\":{\"@id\":\"https:\\\/\\\/inclusivenews.com.br\\\/#organization\"},\"image\":{\"@id\":\"https:\\\/\\\/inclusivenews.com.br\\\/?p=30673#primaryimage\"},\"thumbnailUrl\":\"http:\\\/\\\/inclusivenews.com.br\\\/wp-content\\\/uploads\\\/paratodos.jpg\",\"articleSection\":[\"EDUCA\u00c7\u00c3O\",\"INCLUS\u00c3O SOCIAL\"],\"inLanguage\":\"pt-PT\",\"potentialAction\":[{\"@type\":\"CommentAction\",\"name\":\"Comment\",\"target\":[\"https:\\\/\\\/inclusivenews.com.br\\\/?p=30673#respond\"]}]},{\"@type\":\"WebPage\",\"@id\":\"https:\\\/\\\/inclusivenews.com.br\\\/?p=30673\",\"url\":\"https:\\\/\\\/inclusivenews.com.br\\\/?p=30673\",\"name\":\"Pr\u00eamio Paratodos: edital no ar -\",\"isPartOf\":{\"@id\":\"https:\\\/\\\/inclusivenews.com.br\\\/#website\"},\"primaryImageOfPage\":{\"@id\":\"https:\\\/\\\/inclusivenews.com.br\\\/?p=30673#primaryimage\"},\"image\":{\"@id\":\"https:\\\/\\\/inclusivenews.com.br\\\/?p=30673#primaryimage\"},\"thumbnailUrl\":\"http:\\\/\\\/inclusivenews.com.br\\\/wp-content\\\/uploads\\\/paratodos.jpg\",\"datePublished\":\"2017-10-04T19:43:40+00:00\",\"breadcrumb\":{\"@id\":\"https:\\\/\\\/inclusivenews.com.br\\\/?p=30673#breadcrumb\"},\"inLanguage\":\"pt-PT\",\"potentialAction\":[{\"@type\":\"ReadAction\",\"target\":[\"https:\\\/\\\/inclusivenews.com.br\\\/?p=30673\"]}]},{\"@type\":\"ImageObject\",\"inLanguage\":\"pt-PT\",\"@id\":\"https:\\\/\\\/inclusivenews.com.br\\\/?p=30673#primaryimage\",\"url\":\"\",\"contentUrl\":\"\"},{\"@type\":\"BreadcrumbList\",\"@id\":\"https:\\\/\\\/inclusivenews.com.br\\\/?p=30673#breadcrumb\",\"itemListElement\":[{\"@type\":\"ListItem\",\"position\":1,\"name\":\"In\u00edcio\",\"item\":\"https:\\\/\\\/inclusivenews.com.br\\\/\"},{\"@type\":\"ListItem\",\"position\":2,\"name\":\"Pr\u00eamio Paratodos: edital no ar\"}]},{\"@type\":\"WebSite\",\"@id\":\"https:\\\/\\\/inclusivenews.com.br\\\/#website\",\"url\":\"https:\\\/\\\/inclusivenews.com.br\\\/\",\"name\":\"Inclusive News\",\"description\":\"Inclusive News\",\"publisher\":{\"@id\":\"https:\\\/\\\/inclusivenews.com.br\\\/#organization\"},\"potentialAction\":[{\"@type\":\"SearchAction\",\"target\":{\"@type\":\"EntryPoint\",\"urlTemplate\":\"https:\\\/\\\/inclusivenews.com.br\\\/?s={search_term_string}\"},\"query-input\":{\"@type\":\"PropertyValueSpecification\",\"valueRequired\":true,\"valueName\":\"search_term_string\"}}],\"inLanguage\":\"pt-PT\"},{\"@type\":\"Organization\",\"@id\":\"https:\\\/\\\/inclusivenews.com.br\\\/#organization\",\"name\":\"Inclusive - inclus\u00e3o e cidadania\",\"url\":\"https:\\\/\\\/inclusivenews.com.br\\\/\",\"logo\":{\"@type\":\"ImageObject\",\"inLanguage\":\"pt-PT\",\"@id\":\"https:\\\/\\\/inclusivenews.com.br\\\/#\\\/schema\\\/logo\\\/image\\\/\",\"url\":\"https:\\\/\\\/inclusivenews.com.br\\\/wp-content\\\/uploads\\\/2024\\\/03\\\/@grandesite.png\",\"contentUrl\":\"https:\\\/\\\/inclusivenews.com.br\\\/wp-content\\\/uploads\\\/2024\\\/03\\\/@grandesite.png\",\"width\":1080,\"height\":1080,\"caption\":\"Inclusive - inclus\u00e3o e cidadania\"},\"image\":{\"@id\":\"https:\\\/\\\/inclusivenews.com.br\\\/#\\\/schema\\\/logo\\\/image\\\/\"},\"sameAs\":[\"https:\\\/\\\/www.facebook.com\\\/agenciainclusive\\\/\",\"https:\\\/\\\/www.instagram.com\\\/newsinclusive\\\/\"]},{\"@type\":\"Person\",\"@id\":\"https:\\\/\\\/inclusivenews.com.br\\\/#\\\/schema\\\/person\\\/ae4ec7087559b8692fb33b6fffd2273b\",\"name\":\"inclusivenews2024\",\"image\":{\"@type\":\"ImageObject\",\"inLanguage\":\"pt-PT\",\"@id\":\"https:\\\/\\\/secure.gravatar.com\\\/avatar\\\/c5a7ef84c66fa914f55bc4f7ce26cfa275a3b9a1c5568b907bd184fb4dde7b40?s=96&d=mm&r=g\",\"url\":\"https:\\\/\\\/secure.gravatar.com\\\/avatar\\\/c5a7ef84c66fa914f55bc4f7ce26cfa275a3b9a1c5568b907bd184fb4dde7b40?s=96&d=mm&r=g\",\"contentUrl\":\"https:\\\/\\\/secure.gravatar.com\\\/avatar\\\/c5a7ef84c66fa914f55bc4f7ce26cfa275a3b9a1c5568b907bd184fb4dde7b40?s=96&d=mm&r=g\",\"caption\":\"inclusivenews2024\"},\"sameAs\":[\"https:\\\/\\\/inclusivenews.com.br\"],\"url\":\"https:\\\/\\\/inclusivenews.com.br\\\/?author=1\"}]}<\/script>\n<!-- \/ Yoast SEO plugin. -->","yoast_head_json":{"title":"Pr\u00eamio Paratodos: edital no ar -","robots":{"index":"index","follow":"follow","max-snippet":"max-snippet:-1","max-image-preview":"max-image-preview:large","max-video-preview":"max-video-preview:-1"},"canonical":"https:\/\/inclusivenews.com.br\/?p=30673","og_locale":"pt_PT","og_type":"article","og_title":"Pr\u00eamio Paratodos: edital no ar -","og_description":"Confira, a seguir, o regulamento do Pr\u00eamio Paratodos de Inclus\u00e3o Escolar, edi\u00e7\u00e3o 2017. Inscri\u00e7\u00f5es abertas!","og_url":"https:\/\/inclusivenews.com.br\/?p=30673","article_publisher":"https:\/\/www.facebook.com\/agenciainclusive\/","article_published_time":"2017-10-04T19:43:40+00:00","og_image":[{"url":"http:\/\/inclusivenews.com.br\/wp-content\/uploads\/paratodos.jpg","type":"","width":"","height":""}],"author":"inclusivenews2024","twitter_card":"summary_large_image","twitter_misc":{"Escrito por":"inclusivenews2024","Tempo estimado de leitura":"7 minutos"},"schema":{"@context":"https:\/\/schema.org","@graph":[{"@type":"Article","@id":"https:\/\/inclusivenews.com.br\/?p=30673#article","isPartOf":{"@id":"https:\/\/inclusivenews.com.br\/?p=30673"},"author":{"name":"inclusivenews2024","@id":"https:\/\/inclusivenews.com.br\/#\/schema\/person\/ae4ec7087559b8692fb33b6fffd2273b"},"headline":"Pr\u00eamio Paratodos: edital no ar","datePublished":"2017-10-04T19:43:40+00:00","mainEntityOfPage":{"@id":"https:\/\/inclusivenews.com.br\/?p=30673"},"wordCount":1473,"commentCount":0,"publisher":{"@id":"https:\/\/inclusivenews.com.br\/#organization"},"image":{"@id":"https:\/\/inclusivenews.com.br\/?p=30673#primaryimage"},"thumbnailUrl":"http:\/\/inclusivenews.com.br\/wp-content\/uploads\/paratodos.jpg","articleSection":["EDUCA\u00c7\u00c3O","INCLUS\u00c3O SOCIAL"],"inLanguage":"pt-PT","potentialAction":[{"@type":"CommentAction","name":"Comment","target":["https:\/\/inclusivenews.com.br\/?p=30673#respond"]}]},{"@type":"WebPage","@id":"https:\/\/inclusivenews.com.br\/?p=30673","url":"https:\/\/inclusivenews.com.br\/?p=30673","name":"Pr\u00eamio Paratodos: edital no ar -","isPartOf":{"@id":"https:\/\/inclusivenews.com.br\/#website"},"primaryImageOfPage":{"@id":"https:\/\/inclusivenews.com.br\/?p=30673#primaryimage"},"image":{"@id":"https:\/\/inclusivenews.com.br\/?p=30673#primaryimage"},"thumbnailUrl":"http:\/\/inclusivenews.com.br\/wp-content\/uploads\/paratodos.jpg","datePublished":"2017-10-04T19:43:40+00:00","breadcrumb":{"@id":"https:\/\/inclusivenews.com.br\/?p=30673#breadcrumb"},"inLanguage":"pt-PT","potentialAction":[{"@type":"ReadAction","target":["https:\/\/inclusivenews.com.br\/?p=30673"]}]},{"@type":"ImageObject","inLanguage":"pt-PT","@id":"https:\/\/inclusivenews.com.br\/?p=30673#primaryimage","url":"","contentUrl":""},{"@type":"BreadcrumbList","@id":"https:\/\/inclusivenews.com.br\/?p=30673#breadcrumb","itemListElement":[{"@type":"ListItem","position":1,"name":"In\u00edcio","item":"https:\/\/inclusivenews.com.br\/"},{"@type":"ListItem","position":2,"name":"Pr\u00eamio Paratodos: edital no ar"}]},{"@type":"WebSite","@id":"https:\/\/inclusivenews.com.br\/#website","url":"https:\/\/inclusivenews.com.br\/","name":"Inclusive News","description":"Inclusive News","publisher":{"@id":"https:\/\/inclusivenews.com.br\/#organization"},"potentialAction":[{"@type":"SearchAction","target":{"@type":"EntryPoint","urlTemplate":"https:\/\/inclusivenews.com.br\/?s={search_term_string}"},"query-input":{"@type":"PropertyValueSpecification","valueRequired":true,"valueName":"search_term_string"}}],"inLanguage":"pt-PT"},{"@type":"Organization","@id":"https:\/\/inclusivenews.com.br\/#organization","name":"Inclusive - inclus\u00e3o e cidadania","url":"https:\/\/inclusivenews.com.br\/","logo":{"@type":"ImageObject","inLanguage":"pt-PT","@id":"https:\/\/inclusivenews.com.br\/#\/schema\/logo\/image\/","url":"https:\/\/inclusivenews.com.br\/wp-content\/uploads\/2024\/03\/@grandesite.png","contentUrl":"https:\/\/inclusivenews.com.br\/wp-content\/uploads\/2024\/03\/@grandesite.png","width":1080,"height":1080,"caption":"Inclusive - inclus\u00e3o e cidadania"},"image":{"@id":"https:\/\/inclusivenews.com.br\/#\/schema\/logo\/image\/"},"sameAs":["https:\/\/www.facebook.com\/agenciainclusive\/","https:\/\/www.instagram.com\/newsinclusive\/"]},{"@type":"Person","@id":"https:\/\/inclusivenews.com.br\/#\/schema\/person\/ae4ec7087559b8692fb33b6fffd2273b","name":"inclusivenews2024","image":{"@type":"ImageObject","inLanguage":"pt-PT","@id":"https:\/\/secure.gravatar.com\/avatar\/c5a7ef84c66fa914f55bc4f7ce26cfa275a3b9a1c5568b907bd184fb4dde7b40?s=96&d=mm&r=g","url":"https:\/\/secure.gravatar.com\/avatar\/c5a7ef84c66fa914f55bc4f7ce26cfa275a3b9a1c5568b907bd184fb4dde7b40?s=96&d=mm&r=g","contentUrl":"https:\/\/secure.gravatar.com\/avatar\/c5a7ef84c66fa914f55bc4f7ce26cfa275a3b9a1c5568b907bd184fb4dde7b40?s=96&d=mm&r=g","caption":"inclusivenews2024"},"sameAs":["https:\/\/inclusivenews.com.br"],"url":"https:\/\/inclusivenews.com.br\/?author=1"}]}},"_links":{"self":[{"href":"https:\/\/inclusivenews.com.br\/index.php?rest_route=\/wp\/v2\/posts\/30673","targetHints":{"allow":["GET"]}}],"collection":[{"href":"https:\/\/inclusivenews.com.br\/index.php?rest_route=\/wp\/v2\/posts"}],"about":[{"href":"https:\/\/inclusivenews.com.br\/index.php?rest_route=\/wp\/v2\/types\/post"}],"author":[{"embeddable":true,"href":"https:\/\/inclusivenews.com.br\/index.php?rest_route=\/wp\/v2\/users\/1"}],"replies":[{"embeddable":true,"href":"https:\/\/inclusivenews.com.br\/index.php?rest_route=%2Fwp%2Fv2%2Fcomments&post=30673"}],"version-history":[{"count":0,"href":"https:\/\/inclusivenews.com.br\/index.php?rest_route=\/wp\/v2\/posts\/30673\/revisions"}],"wp:attachment":[{"href":"https:\/\/inclusivenews.com.br\/index.php?rest_route=%2Fwp%2Fv2%2Fmedia&parent=30673"}],"wp:term":[{"taxonomy":"category","embeddable":true,"href":"https:\/\/inclusivenews.com.br\/index.php?rest_route=%2Fwp%2Fv2%2Fcategories&post=30673"},{"taxonomy":"post_tag","embeddable":true,"href":"https:\/\/inclusivenews.com.br\/index.php?rest_route=%2Fwp%2Fv2%2Ftags&post=30673"}],"curies":[{"name":"wp","href":"https:\/\/api.w.org\/{rel}","templated":true}]}}