{"id":30675,"date":"2017-10-04T16:49:42","date_gmt":"2017-10-04T19:49:42","guid":{"rendered":"http:\/\/www.inclusive.org.br\/?p=30675"},"modified":"2017-10-04T16:49:42","modified_gmt":"2017-10-04T19:49:42","slug":"premio-claudia-reconhece-o-trabalho-da-primeira-reporter-brasileira-com-sindrome-de-down","status":"publish","type":"post","link":"https:\/\/inclusivenews.com.br\/?p=30675","title":{"rendered":"Pr\u00eamio Claudia reconhece o trabalho da primeira rep\u00f3rter brasileira com s\u00edndrome de Down"},"content":{"rendered":"<p><em>Reproduzido do<\/em><br \/>\n<em><a href=\"http:\/\/portal.comunique-se.com.br\/premio-claudia-reconhece-o-trabalho-da-primeira-reporter-brasileira-com-sindrome-de-down\/\" target=\"_blank\" rel=\"noopener\">Portal Comunique-se<\/a><\/em><\/p>\n<figure style=\"width: 262px\" class=\"wp-caption alignnone\"><img loading=\"lazy\" decoding=\"async\" class=\"\" src=\"http:\/\/portal.comunique-se.com.br\/wp-content\/uploads\/2017\/10\/premio-claudia-fernanda-honorato-990x556.jpg\" width=\"262\" height=\"147\" \/><figcaption class=\"wp-caption-text\">Fernanda Honorato falando ao microfone.<\/figcaption><\/figure>\n<p>Fernanda Honorato brilhou na noite de segunda-feira, 2, durante a 22\u00aa edi\u00e7\u00e3o do Pr\u00eamio Claudia. A jornalista \u00e9 a primeira rep\u00f3rter com s\u00edndrome de Down do pa\u00eds e foi agraciada na categoria Trabalho Social. \u201cAgrade\u00e7o pela oportunidade e por colocarem uma mulher com defici\u00eancia intelectual em um pr\u00eamio t\u00e3o importante\u201d, declarou a comunicadora, que subiu ao palco emocionada pelo reconhecimento. A profissional concorreu com Gina Ponte, educadora que criou um projeto para ampliar o conhecimento dos alunos sobre o papel e a for\u00e7a da mulher, e Karine Vieira, assistente social que ajuda pessoas rec\u00e9m-egressas do sistema penitenci\u00e1rio a conseguir emprego.<\/p>\n<p>Fernanda tem Mar\u00edlia Gabriela como musa inspiradora e sempre conta que quando crian\u00e7a brincava de entrevistar seus familiares. Em 2006, foi descoberta enquanto dan\u00e7ava em uma boate e passou a integrar o time do \u2018Programa Especial\u2019, da TV Brasil, tornando-se a primeira rep\u00f3rter com defici\u00eancia intelectual do pa\u00eds. \u201cGostaria de agradecer a pessoa que abriu a porta para mim e colocou uma pessoa com s\u00edndrome de down para ser rep\u00f3rter. Queria, tamb\u00e9m, dedicar o pr\u00eamio \u00e0s outras candidatas. Se eu sou o que sou, devo \u00e0s pessoas que acreditaram no meu sonho de romper barreiras\u201d, disse. Fernanda acredita que o reconhecimento abre muitas oportunidades de informa\u00e7\u00e3o e tecnologia para a inclus\u00e3o de pessoas.<\/p>\n<p>Em oito categorias, o Pr\u00eamio Claudia jogou luz no trabalho de diversas mulheres inspiradoras espalhadas pelo Brasil. A cerim\u00f4nia teve apresenta\u00e7\u00e3o de Eduardo Moscovis e revelou a atriz Ta\u00eds Ara\u00fajo como a grande homenageada. \u201cEu queria tanto que as crian\u00e7as tivessem as mesmas oportunidades nesse pa\u00eds. Eu s\u00f3 acredito em mobilidade social atrav\u00e9s da educa\u00e7\u00e3o. E quando eu fico firme com o meu filho e ele me desafia, eu falo para ele: \u2018voc\u00ea vai cansar, porque eu sou incans\u00e1vel\u2019. Para todos os trabalhos que vimos hoje aqui no palco, n\u00f3s precisamos ser incans\u00e1veis\u201d, afirmou a artista.<\/p>\n<p>Al\u00e9m da entrega dos trof\u00e9us e da homenagem, o Pr\u00eamio Claudia foi palco para divulga\u00e7\u00e3o do novo posicionamento da Revista Claudia, que chega neste m\u00eas \u00e0s bancas com uma edi\u00e7\u00e3o de manifesto sob o mote #EuTenhoDireito. Com a jornalista Ana Paula Padr\u00e3o na dire\u00e7\u00e3o do ve\u00edculo, a marca do Grupo Abril passa a defender o direito que as mulheres t\u00eam de n\u00e3o ser julgada por suas escolhas. \u201cA gente quer ser feliz e convida todo mundo para essa grande festa. A gente quer ser leve, livre e solta. Bota na cabe\u00e7a e na ponta da l\u00edngua #EuTenhoDireito e conte comigo e com Claudia para gritar sua escolha por a\u00ed\u201d, escreveu Ana Paula na carta ao leitor da edi\u00e7\u00e3o.<\/p>\n","protected":false},"excerpt":{"rendered":"<p>Fernanda Honorato brilhou na noite de segunda-feira, 2, durante a 22\u00aa edi\u00e7\u00e3o do Pr\u00eamio Claudia. A jornalista \u00e9 a primeira rep\u00f3rter com s\u00edndrome de Down do pa\u00eds e foi agraciada na categoria Trabalho Social.<\/p>\n","protected":false},"author":1,"featured_media":0,"comment_status":"open","ping_status":"open","sticky":false,"template":"","format":"standard","meta":{"site-container-style":"default","site-container-layout":"default","site-sidebar-layout":"default","disable-article-header":"default","disable-site-header":"default","disable-site-footer":"default","disable-content-area-spacing":"default","footnotes":""},"categories":[4],"tags":[187,408,271,112],"class_list":["post-30675","post","type-post","status-publish","format-standard","hentry","category-noticias","tag-fernanda-honorato","tag-imprensa","tag-jornalismo","tag-sindrome-de-down"],"yoast_head":"<!-- This site is optimized with the Yoast SEO plugin v27.4 - https:\/\/yoast.com\/product\/yoast-seo-wordpress\/ -->\n<title>Pr\u00eamio Claudia reconhece o trabalho da primeira rep\u00f3rter brasileira com s\u00edndrome de Down -<\/title>\n<meta name=\"robots\" content=\"index, follow, max-snippet:-1, max-image-preview:large, max-video-preview:-1\" \/>\n<link rel=\"canonical\" href=\"https:\/\/inclusivenews.com.br\/?p=30675\" \/>\n<meta property=\"og:locale\" content=\"pt_PT\" \/>\n<meta property=\"og:type\" content=\"article\" \/>\n<meta property=\"og:title\" content=\"Pr\u00eamio Claudia reconhece o trabalho da primeira rep\u00f3rter brasileira com s\u00edndrome de Down -\" \/>\n<meta property=\"og:description\" content=\"Fernanda Honorato brilhou na noite de segunda-feira, 2, durante a 22\u00aa edi\u00e7\u00e3o do Pr\u00eamio Claudia. A jornalista \u00e9 a primeira rep\u00f3rter com s\u00edndrome de Down do pa\u00eds e foi agraciada na categoria Trabalho Social.\" \/>\n<meta property=\"og:url\" content=\"https:\/\/inclusivenews.com.br\/?p=30675\" \/>\n<meta property=\"article:publisher\" content=\"https:\/\/www.facebook.com\/agenciainclusive\/\" \/>\n<meta property=\"article:published_time\" content=\"2017-10-04T19:49:42+00:00\" \/>\n<meta property=\"og:image\" content=\"http:\/\/portal.comunique-se.com.br\/wp-content\/uploads\/2017\/10\/premio-claudia-fernanda-honorato-990x556.jpg\" \/>\n<meta name=\"author\" content=\"inclusivenews2024\" \/>\n<meta name=\"twitter:card\" content=\"summary_large_image\" \/>\n<meta name=\"twitter:label1\" content=\"Escrito por\" \/>\n\t<meta name=\"twitter:data1\" content=\"inclusivenews2024\" \/>\n\t<meta name=\"twitter:label2\" content=\"Tempo estimado de leitura\" \/>\n\t<meta name=\"twitter:data2\" content=\"2 minutos\" \/>\n<script type=\"application\/ld+json\" class=\"yoast-schema-graph\">{\"@context\":\"https:\\\/\\\/schema.org\",\"@graph\":[{\"@type\":\"Article\",\"@id\":\"https:\\\/\\\/inclusivenews.com.br\\\/?p=30675#article\",\"isPartOf\":{\"@id\":\"https:\\\/\\\/inclusivenews.com.br\\\/?p=30675\"},\"author\":{\"name\":\"inclusivenews2024\",\"@id\":\"https:\\\/\\\/inclusivenews.com.br\\\/#\\\/schema\\\/person\\\/ae4ec7087559b8692fb33b6fffd2273b\"},\"headline\":\"Pr\u00eamio Claudia reconhece o trabalho da primeira rep\u00f3rter brasileira com s\u00edndrome de Down\",\"datePublished\":\"2017-10-04T19:49:42+00:00\",\"mainEntityOfPage\":{\"@id\":\"https:\\\/\\\/inclusivenews.com.br\\\/?p=30675\"},\"wordCount\":504,\"commentCount\":0,\"publisher\":{\"@id\":\"https:\\\/\\\/inclusivenews.com.br\\\/#organization\"},\"image\":{\"@id\":\"https:\\\/\\\/inclusivenews.com.br\\\/?p=30675#primaryimage\"},\"thumbnailUrl\":\"http:\\\/\\\/portal.comunique-se.com.br\\\/wp-content\\\/uploads\\\/2017\\\/10\\\/premio-claudia-fernanda-honorato-990x556.jpg\",\"keywords\":[\"Fernanda Honorato\",\"Imprensa\",\"jornalismo\",\"S\u00edndrome de Down\"],\"articleSection\":[\"NOT\u00cdCIAS\"],\"inLanguage\":\"pt-PT\",\"potentialAction\":[{\"@type\":\"CommentAction\",\"name\":\"Comment\",\"target\":[\"https:\\\/\\\/inclusivenews.com.br\\\/?p=30675#respond\"]}]},{\"@type\":\"WebPage\",\"@id\":\"https:\\\/\\\/inclusivenews.com.br\\\/?p=30675\",\"url\":\"https:\\\/\\\/inclusivenews.com.br\\\/?p=30675\",\"name\":\"Pr\u00eamio Claudia reconhece o trabalho da primeira rep\u00f3rter brasileira com s\u00edndrome de Down -\",\"isPartOf\":{\"@id\":\"https:\\\/\\\/inclusivenews.com.br\\\/#website\"},\"primaryImageOfPage\":{\"@id\":\"https:\\\/\\\/inclusivenews.com.br\\\/?p=30675#primaryimage\"},\"image\":{\"@id\":\"https:\\\/\\\/inclusivenews.com.br\\\/?p=30675#primaryimage\"},\"thumbnailUrl\":\"http:\\\/\\\/portal.comunique-se.com.br\\\/wp-content\\\/uploads\\\/2017\\\/10\\\/premio-claudia-fernanda-honorato-990x556.jpg\",\"datePublished\":\"2017-10-04T19:49:42+00:00\",\"breadcrumb\":{\"@id\":\"https:\\\/\\\/inclusivenews.com.br\\\/?p=30675#breadcrumb\"},\"inLanguage\":\"pt-PT\",\"potentialAction\":[{\"@type\":\"ReadAction\",\"target\":[\"https:\\\/\\\/inclusivenews.com.br\\\/?p=30675\"]}]},{\"@type\":\"ImageObject\",\"inLanguage\":\"pt-PT\",\"@id\":\"https:\\\/\\\/inclusivenews.com.br\\\/?p=30675#primaryimage\",\"url\":\"http:\\\/\\\/portal.comunique-se.com.br\\\/wp-content\\\/uploads\\\/2017\\\/10\\\/premio-claudia-fernanda-honorato-990x556.jpg\",\"contentUrl\":\"http:\\\/\\\/portal.comunique-se.com.br\\\/wp-content\\\/uploads\\\/2017\\\/10\\\/premio-claudia-fernanda-honorato-990x556.jpg\"},{\"@type\":\"BreadcrumbList\",\"@id\":\"https:\\\/\\\/inclusivenews.com.br\\\/?p=30675#breadcrumb\",\"itemListElement\":[{\"@type\":\"ListItem\",\"position\":1,\"name\":\"In\u00edcio\",\"item\":\"https:\\\/\\\/inclusivenews.com.br\\\/\"},{\"@type\":\"ListItem\",\"position\":2,\"name\":\"Pr\u00eamio Claudia reconhece o trabalho da primeira rep\u00f3rter brasileira com s\u00edndrome de Down\"}]},{\"@type\":\"WebSite\",\"@id\":\"https:\\\/\\\/inclusivenews.com.br\\\/#website\",\"url\":\"https:\\\/\\\/inclusivenews.com.br\\\/\",\"name\":\"Inclusive News\",\"description\":\"Inclusive News\",\"publisher\":{\"@id\":\"https:\\\/\\\/inclusivenews.com.br\\\/#organization\"},\"potentialAction\":[{\"@type\":\"SearchAction\",\"target\":{\"@type\":\"EntryPoint\",\"urlTemplate\":\"https:\\\/\\\/inclusivenews.com.br\\\/?s={search_term_string}\"},\"query-input\":{\"@type\":\"PropertyValueSpecification\",\"valueRequired\":true,\"valueName\":\"search_term_string\"}}],\"inLanguage\":\"pt-PT\"},{\"@type\":\"Organization\",\"@id\":\"https:\\\/\\\/inclusivenews.com.br\\\/#organization\",\"name\":\"Inclusive - inclus\u00e3o e cidadania\",\"url\":\"https:\\\/\\\/inclusivenews.com.br\\\/\",\"logo\":{\"@type\":\"ImageObject\",\"inLanguage\":\"pt-PT\",\"@id\":\"https:\\\/\\\/inclusivenews.com.br\\\/#\\\/schema\\\/logo\\\/image\\\/\",\"url\":\"https:\\\/\\\/inclusivenews.com.br\\\/wp-content\\\/uploads\\\/2024\\\/03\\\/@grandesite.png\",\"contentUrl\":\"https:\\\/\\\/inclusivenews.com.br\\\/wp-content\\\/uploads\\\/2024\\\/03\\\/@grandesite.png\",\"width\":1080,\"height\":1080,\"caption\":\"Inclusive - inclus\u00e3o e cidadania\"},\"image\":{\"@id\":\"https:\\\/\\\/inclusivenews.com.br\\\/#\\\/schema\\\/logo\\\/image\\\/\"},\"sameAs\":[\"https:\\\/\\\/www.facebook.com\\\/agenciainclusive\\\/\",\"https:\\\/\\\/www.instagram.com\\\/newsinclusive\\\/\"]},{\"@type\":\"Person\",\"@id\":\"https:\\\/\\\/inclusivenews.com.br\\\/#\\\/schema\\\/person\\\/ae4ec7087559b8692fb33b6fffd2273b\",\"name\":\"inclusivenews2024\",\"image\":{\"@type\":\"ImageObject\",\"inLanguage\":\"pt-PT\",\"@id\":\"https:\\\/\\\/secure.gravatar.com\\\/avatar\\\/c5a7ef84c66fa914f55bc4f7ce26cfa275a3b9a1c5568b907bd184fb4dde7b40?s=96&d=mm&r=g\",\"url\":\"https:\\\/\\\/secure.gravatar.com\\\/avatar\\\/c5a7ef84c66fa914f55bc4f7ce26cfa275a3b9a1c5568b907bd184fb4dde7b40?s=96&d=mm&r=g\",\"contentUrl\":\"https:\\\/\\\/secure.gravatar.com\\\/avatar\\\/c5a7ef84c66fa914f55bc4f7ce26cfa275a3b9a1c5568b907bd184fb4dde7b40?s=96&d=mm&r=g\",\"caption\":\"inclusivenews2024\"},\"sameAs\":[\"https:\\\/\\\/inclusivenews.com.br\"],\"url\":\"https:\\\/\\\/inclusivenews.com.br\\\/?author=1\"}]}<\/script>\n<!-- \/ Yoast SEO plugin. -->","yoast_head_json":{"title":"Pr\u00eamio Claudia reconhece o trabalho da primeira rep\u00f3rter brasileira com s\u00edndrome de Down -","robots":{"index":"index","follow":"follow","max-snippet":"max-snippet:-1","max-image-preview":"max-image-preview:large","max-video-preview":"max-video-preview:-1"},"canonical":"https:\/\/inclusivenews.com.br\/?p=30675","og_locale":"pt_PT","og_type":"article","og_title":"Pr\u00eamio Claudia reconhece o trabalho da primeira rep\u00f3rter brasileira com s\u00edndrome de Down -","og_description":"Fernanda Honorato brilhou na noite de segunda-feira, 2, durante a 22\u00aa edi\u00e7\u00e3o do Pr\u00eamio Claudia. A jornalista \u00e9 a primeira rep\u00f3rter com s\u00edndrome de Down do pa\u00eds e foi agraciada na categoria Trabalho Social.","og_url":"https:\/\/inclusivenews.com.br\/?p=30675","article_publisher":"https:\/\/www.facebook.com\/agenciainclusive\/","article_published_time":"2017-10-04T19:49:42+00:00","og_image":[{"url":"http:\/\/portal.comunique-se.com.br\/wp-content\/uploads\/2017\/10\/premio-claudia-fernanda-honorato-990x556.jpg","type":"","width":"","height":""}],"author":"inclusivenews2024","twitter_card":"summary_large_image","twitter_misc":{"Escrito por":"inclusivenews2024","Tempo estimado de leitura":"2 minutos"},"schema":{"@context":"https:\/\/schema.org","@graph":[{"@type":"Article","@id":"https:\/\/inclusivenews.com.br\/?p=30675#article","isPartOf":{"@id":"https:\/\/inclusivenews.com.br\/?p=30675"},"author":{"name":"inclusivenews2024","@id":"https:\/\/inclusivenews.com.br\/#\/schema\/person\/ae4ec7087559b8692fb33b6fffd2273b"},"headline":"Pr\u00eamio Claudia reconhece o trabalho da primeira rep\u00f3rter brasileira com s\u00edndrome de Down","datePublished":"2017-10-04T19:49:42+00:00","mainEntityOfPage":{"@id":"https:\/\/inclusivenews.com.br\/?p=30675"},"wordCount":504,"commentCount":0,"publisher":{"@id":"https:\/\/inclusivenews.com.br\/#organization"},"image":{"@id":"https:\/\/inclusivenews.com.br\/?p=30675#primaryimage"},"thumbnailUrl":"http:\/\/portal.comunique-se.com.br\/wp-content\/uploads\/2017\/10\/premio-claudia-fernanda-honorato-990x556.jpg","keywords":["Fernanda Honorato","Imprensa","jornalismo","S\u00edndrome de Down"],"articleSection":["NOT\u00cdCIAS"],"inLanguage":"pt-PT","potentialAction":[{"@type":"CommentAction","name":"Comment","target":["https:\/\/inclusivenews.com.br\/?p=30675#respond"]}]},{"@type":"WebPage","@id":"https:\/\/inclusivenews.com.br\/?p=30675","url":"https:\/\/inclusivenews.com.br\/?p=30675","name":"Pr\u00eamio Claudia reconhece o trabalho da primeira rep\u00f3rter brasileira com s\u00edndrome de Down -","isPartOf":{"@id":"https:\/\/inclusivenews.com.br\/#website"},"primaryImageOfPage":{"@id":"https:\/\/inclusivenews.com.br\/?p=30675#primaryimage"},"image":{"@id":"https:\/\/inclusivenews.com.br\/?p=30675#primaryimage"},"thumbnailUrl":"http:\/\/portal.comunique-se.com.br\/wp-content\/uploads\/2017\/10\/premio-claudia-fernanda-honorato-990x556.jpg","datePublished":"2017-10-04T19:49:42+00:00","breadcrumb":{"@id":"https:\/\/inclusivenews.com.br\/?p=30675#breadcrumb"},"inLanguage":"pt-PT","potentialAction":[{"@type":"ReadAction","target":["https:\/\/inclusivenews.com.br\/?p=30675"]}]},{"@type":"ImageObject","inLanguage":"pt-PT","@id":"https:\/\/inclusivenews.com.br\/?p=30675#primaryimage","url":"http:\/\/portal.comunique-se.com.br\/wp-content\/uploads\/2017\/10\/premio-claudia-fernanda-honorato-990x556.jpg","contentUrl":"http:\/\/portal.comunique-se.com.br\/wp-content\/uploads\/2017\/10\/premio-claudia-fernanda-honorato-990x556.jpg"},{"@type":"BreadcrumbList","@id":"https:\/\/inclusivenews.com.br\/?p=30675#breadcrumb","itemListElement":[{"@type":"ListItem","position":1,"name":"In\u00edcio","item":"https:\/\/inclusivenews.com.br\/"},{"@type":"ListItem","position":2,"name":"Pr\u00eamio Claudia reconhece o trabalho da primeira rep\u00f3rter brasileira com s\u00edndrome de Down"}]},{"@type":"WebSite","@id":"https:\/\/inclusivenews.com.br\/#website","url":"https:\/\/inclusivenews.com.br\/","name":"Inclusive News","description":"Inclusive News","publisher":{"@id":"https:\/\/inclusivenews.com.br\/#organization"},"potentialAction":[{"@type":"SearchAction","target":{"@type":"EntryPoint","urlTemplate":"https:\/\/inclusivenews.com.br\/?s={search_term_string}"},"query-input":{"@type":"PropertyValueSpecification","valueRequired":true,"valueName":"search_term_string"}}],"inLanguage":"pt-PT"},{"@type":"Organization","@id":"https:\/\/inclusivenews.com.br\/#organization","name":"Inclusive - inclus\u00e3o e cidadania","url":"https:\/\/inclusivenews.com.br\/","logo":{"@type":"ImageObject","inLanguage":"pt-PT","@id":"https:\/\/inclusivenews.com.br\/#\/schema\/logo\/image\/","url":"https:\/\/inclusivenews.com.br\/wp-content\/uploads\/2024\/03\/@grandesite.png","contentUrl":"https:\/\/inclusivenews.com.br\/wp-content\/uploads\/2024\/03\/@grandesite.png","width":1080,"height":1080,"caption":"Inclusive - inclus\u00e3o e cidadania"},"image":{"@id":"https:\/\/inclusivenews.com.br\/#\/schema\/logo\/image\/"},"sameAs":["https:\/\/www.facebook.com\/agenciainclusive\/","https:\/\/www.instagram.com\/newsinclusive\/"]},{"@type":"Person","@id":"https:\/\/inclusivenews.com.br\/#\/schema\/person\/ae4ec7087559b8692fb33b6fffd2273b","name":"inclusivenews2024","image":{"@type":"ImageObject","inLanguage":"pt-PT","@id":"https:\/\/secure.gravatar.com\/avatar\/c5a7ef84c66fa914f55bc4f7ce26cfa275a3b9a1c5568b907bd184fb4dde7b40?s=96&d=mm&r=g","url":"https:\/\/secure.gravatar.com\/avatar\/c5a7ef84c66fa914f55bc4f7ce26cfa275a3b9a1c5568b907bd184fb4dde7b40?s=96&d=mm&r=g","contentUrl":"https:\/\/secure.gravatar.com\/avatar\/c5a7ef84c66fa914f55bc4f7ce26cfa275a3b9a1c5568b907bd184fb4dde7b40?s=96&d=mm&r=g","caption":"inclusivenews2024"},"sameAs":["https:\/\/inclusivenews.com.br"],"url":"https:\/\/inclusivenews.com.br\/?author=1"}]}},"_links":{"self":[{"href":"https:\/\/inclusivenews.com.br\/index.php?rest_route=\/wp\/v2\/posts\/30675","targetHints":{"allow":["GET"]}}],"collection":[{"href":"https:\/\/inclusivenews.com.br\/index.php?rest_route=\/wp\/v2\/posts"}],"about":[{"href":"https:\/\/inclusivenews.com.br\/index.php?rest_route=\/wp\/v2\/types\/post"}],"author":[{"embeddable":true,"href":"https:\/\/inclusivenews.com.br\/index.php?rest_route=\/wp\/v2\/users\/1"}],"replies":[{"embeddable":true,"href":"https:\/\/inclusivenews.com.br\/index.php?rest_route=%2Fwp%2Fv2%2Fcomments&post=30675"}],"version-history":[{"count":0,"href":"https:\/\/inclusivenews.com.br\/index.php?rest_route=\/wp\/v2\/posts\/30675\/revisions"}],"wp:attachment":[{"href":"https:\/\/inclusivenews.com.br\/index.php?rest_route=%2Fwp%2Fv2%2Fmedia&parent=30675"}],"wp:term":[{"taxonomy":"category","embeddable":true,"href":"https:\/\/inclusivenews.com.br\/index.php?rest_route=%2Fwp%2Fv2%2Fcategories&post=30675"},{"taxonomy":"post_tag","embeddable":true,"href":"https:\/\/inclusivenews.com.br\/index.php?rest_route=%2Fwp%2Fv2%2Ftags&post=30675"}],"curies":[{"name":"wp","href":"https:\/\/api.w.org\/{rel}","templated":true}]}}