{"id":30677,"date":"2017-10-06T11:12:14","date_gmt":"2017-10-06T14:12:14","guid":{"rendered":"http:\/\/www.inclusive.org.br\/?p=30677"},"modified":"2017-10-06T11:12:14","modified_gmt":"2017-10-06T14:12:14","slug":"suspensao-da-lei-que-obriga-segundo-professor-preocupa-pais-em-sc","status":"publish","type":"post","link":"https:\/\/inclusivenews.com.br\/?p=30677","title":{"rendered":"Suspens\u00e3o da lei que obriga segundo professor preocupa pais em SC"},"content":{"rendered":"<figure style=\"width: 291px\" class=\"wp-caption alignleft\"><img loading=\"lazy\" decoding=\"async\" class=\"\" src=\"https:\/\/www.notisul.com.br\/wp-content\/uploads\/2017\/10\/pag-3-701x586.jpg\" width=\"291\" height=\"243\" \/><figcaption class=\"wp-caption-text\">Imagem interna de sala de aula (os alunos est\u00e3o de costas, dois professores aparecem em p\u00e9)<\/figcaption><\/figure>\n<p><em>Reproduzido<\/em><br \/>\n<em> de <a href=\"https:\/\/www.notisul.com.br\/2017\/10\/06\/suspensao-da-lei-que-obriga-segundo-professor-preocupa-pais\/\">Notisul<\/a><\/em><\/p>\n<p>Lysi\u00ea Santos<br \/>\nTubar\u00e3o<\/p>\n<p>Todos os dias Valci Caemerer Cardoso, de Tubar\u00e3o, leva o pequeno Kauan Caemerer da Costa, de 9 anos, \u00e0 Escola Herc\u00edlio Luz. Kauan \u00e9 cadeirante e tem paralisia. Ele est\u00e1 no 3\u00b0 ano do ensino fundamental e na sala de aula recebe toda a aten\u00e7\u00e3o do segundo professor. O profissional realiza atividades diferenciadas e o acompanha at\u00e9 mesmo no hor\u00e1rio de recreio. Tamb\u00e9m auxilia na refei\u00e7\u00e3o, na troca de fralda e oferece todos os cuidados que o professor respons\u00e1vel por cerca de quase 30 alunos n\u00e3o conseguiria proporcionar. No entanto, o an\u00fancio do ministro do Supremo Tribunal Federal (STF) Alexandre de Moraes, ontem, trouxe preocupa\u00e7\u00e3o \u00e0 fam\u00edlia.<\/p>\n<p>O STF deferiu liminar para suspender norma que obriga a presen\u00e7a de um segundo professor nas salas de aula das escolas p\u00fablicas de educa\u00e7\u00e3o b\u00e1sica de Santa Catarina quando houver alunos com diagn\u00f3stico de defici\u00eancias ou transtornos. A decis\u00e3o foi tomada na A\u00e7\u00e3o Direta de Inconstitucionalidade (ADI) em que o governador Raimundo Colombo (PSD) alega, entre outros argumentos, que a Lei estadual 17.143\/2017 apresenta v\u00edcio formal em sua edi\u00e7\u00e3o por ter origem em iniciativa parlamentar.<\/p>\n<p>Para o ministro, em an\u00e1lise preliminar do caso, a lei invadiu a iniciativa legislativa privativa do chefe do Executivo, estabelecida para o presidente da Rep\u00fablica na Constitui\u00e7\u00e3o Federal, aplicada simetricamente a todos os governadores. \u201cMeu filho n\u00e3o tem condi\u00e7\u00f5es de ficar sem o segundo professor. Ele precisa de cuidados especiais e n\u00e3o pode ficar sozinho. Se essa decis\u00e3o realmente vigorar vou ter que tir\u00e1-lo da escola\u201d, lamenta a m\u00e3e.<\/p>\n<p>Na ADI, o governador afirmou que, por ser de iniciativa parlamentar e estabelecer rela\u00e7\u00e3o entre servidores p\u00fablicos e a administra\u00e7\u00e3o, a lei viola a Constitui\u00e7\u00e3o Federal. Segundo ele, a norma implica aumento das despesas n\u00e3o previstas no or\u00e7amento porque, somente o atendimento de alunos com Transtorno do D\u00e9ficit de Aten\u00e7\u00e3o com Hiperatividade (TDAH), demandar\u00e1 a contrata\u00e7\u00e3o de 1.118 professores a um custo anual de mais de R$ 40,6 milh\u00f5es.<\/p>\n<p>&nbsp;<\/p>\n<p><strong>Sinte questionar\u00e1 liminar em ato p\u00fablico<\/strong><br \/>\nA presidente do Sindicato dos Trabalhadores em Educa\u00e7\u00e3o (Sinte-SC) de Tubar\u00e3o, T\u00e2nia Foga\u00e7a, relata que a liminar ser\u00e1 questionada em um ato p\u00fablico que ser\u00e1 realizado na pr\u00f3xima ter\u00e7a-feira, em Florian\u00f3polis. \u201cN\u00e3o d\u00e1 pra aceitar. Vamos incluir essa medida na pauta do encontro. Essa decis\u00e3o confronta a ideia de inclus\u00e3o social do governo. Como um professor respons\u00e1vel por quase 30 alunos vai poder atender um estudante deficiente?\u201d, alerta a presidente. Ela revela que todas as escolas estaduais da regi\u00e3o possuem um segundo professor em sala de aula at\u00e9 no ensino m\u00e9dio. \u201cFica o alerta para os pais que ser\u00e3o os mais prejudicados com esta decis\u00e3o\u201d, ressalta.<\/p>\n<p>A psicopedagoga Sonia Porto Luiz Trindade, ap\u00f3s 31 anos de atua\u00e7\u00e3o na educa\u00e7\u00e3o, esse ano retornou ao ambiente escolar com a fun\u00e7\u00e3o de segunda professora.<\/p>\n<p>Ela \u00e9 respons\u00e1vel por auxiliar uma crian\u00e7a de 7 anos que tem S\u00edndrome de Down. A liminar preocupa a especialista. \u201cMeu aluno precisa de aten\u00e7\u00e3o redobrada.<\/p>\n<p>Fico as quatro horas com ele e tenho que planejar muitas atividades, pois diferente dos outros alunos, ele cansa f\u00e1cil do exerc\u00edcio. A retirada do segundo professor vai ser um grande retrocesso e uma perda lastim\u00e1vel\u201d, relata.<\/p>\n<p>&nbsp;<\/p>\n<p><strong>Deputada autora da lei tentar\u00e1 reverter decis\u00e3o<\/strong><br \/>\n\u201c\u00c9 uma decis\u00e3o injusta, que fere o direito constitucional do acesso \u00e0 educa\u00e7\u00e3o, e iremos atuar em todas as inst\u00e2ncias para revert\u00ea-la\u201d. Assim, a professora e deputada estadual Luciane Carminatti se posiciona em rela\u00e7\u00e3o \u00e0 liminar do STF que suspendeu a Lei do Segundo Professor (Lei 17.143\/2017). A lei, em vigor desde maio deste ano, \u00e9 de autoria da deputada e garante segundo professor habilitado aos alunos com diagn\u00f3stico de defici\u00eancia m\u00faltipla, motora, f\u00edsica, mental, associada a transtorno psiqui\u00e1trico, com autismo e d\u00e9ficit de aten\u00e7\u00e3o, em todas escolas que integram o sistema estadual de ensino no Estado.<\/p>\n<p>\u201cPercorremos um longo caminho, desde a concep\u00e7\u00e3o do projeto, ainda em 2013, at\u00e9 a derrubada do veto do governador e a sua aprova\u00e7\u00e3o definitiva. Foram in\u00fameros debates, ajustes e avan\u00e7os, em um processo de constru\u00e7\u00e3o coletivo ao lado das entidades e da comunidade escolar catarinense\u201d, argumenta a deputada, que preside a Comiss\u00e3o de Educa\u00e7\u00e3o, Cultura e Desporto da Assembleia Legislativa.<\/p>\n<p>A parlamentar questiona a conduta do governo e do pr\u00f3prio STF no julgamento da mat\u00e9ria. \u201c\u00c9 inaceit\u00e1vel a justificativa de que a lei do segundo professor representa um problema de ordem financeira em um Estado que, ano ap\u00f3s ano, tem as suas contas questionadas pelo Tribunal de Contas porque n\u00e3o investe o m\u00ednimo estabelecido por lei na educa\u00e7\u00e3o (25%). No que se refere \u00e0 constitucionalidade, tamb\u00e9m nos deparamos com incoer\u00eancias, pois h\u00e1 muitas leis que partiram do poder legislativo que exigem investimentos do estado em vigor. Al\u00e9m disso, nos causa estranheza a conduta do STF: a liminar foi concedida em apenas cinco dias, sem dimensionar o impacto social da lei e sem ouvir o outro lado, ou seja, a Assembleia Legislativa\u201d, exp\u00f5e Luciane.<\/p>\n","protected":false},"excerpt":{"rendered":"<p>O STF deferiu liminar para suspender norma que obriga a presen\u00e7a de um segundo professor nas salas de aula das escolas p\u00fablicas de educa\u00e7\u00e3o b\u00e1sica de Santa Catarina quando houver alunos com diagn\u00f3stico de defici\u00eancias ou transtornos.<\/p>\n","protected":false},"author":1,"featured_media":0,"comment_status":"open","ping_status":"open","sticky":false,"template":"","format":"standard","meta":{"site-container-style":"default","site-container-layout":"default","site-sidebar-layout":"default","disable-article-header":"default","disable-site-header":"default","disable-site-footer":"default","disable-content-area-spacing":"default","footnotes":""},"categories":[38,6],"tags":[126,409],"class_list":["post-30677","post","type-post","status-publish","format-standard","hentry","category-deficiencia","category-educacao","tag-educacao-inclusiva","tag-segundo-professor"],"yoast_head":"<!-- This site is optimized with the Yoast SEO plugin v27.4 - https:\/\/yoast.com\/product\/yoast-seo-wordpress\/ -->\n<title>Suspens\u00e3o da lei que obriga segundo professor preocupa pais em SC -<\/title>\n<meta name=\"robots\" content=\"index, follow, max-snippet:-1, max-image-preview:large, max-video-preview:-1\" \/>\n<link rel=\"canonical\" href=\"https:\/\/inclusivenews.com.br\/?p=30677\" \/>\n<meta property=\"og:locale\" content=\"pt_PT\" \/>\n<meta property=\"og:type\" content=\"article\" \/>\n<meta property=\"og:title\" content=\"Suspens\u00e3o da lei que obriga segundo professor preocupa pais em SC -\" \/>\n<meta property=\"og:description\" content=\"O STF deferiu liminar para suspender norma que obriga a presen\u00e7a de um segundo professor nas salas de aula das escolas p\u00fablicas de educa\u00e7\u00e3o b\u00e1sica de Santa Catarina quando houver alunos com diagn\u00f3stico de defici\u00eancias ou transtornos.\" \/>\n<meta property=\"og:url\" content=\"https:\/\/inclusivenews.com.br\/?p=30677\" \/>\n<meta property=\"article:publisher\" content=\"https:\/\/www.facebook.com\/agenciainclusive\/\" \/>\n<meta property=\"article:published_time\" content=\"2017-10-06T14:12:14+00:00\" \/>\n<meta property=\"og:image\" content=\"https:\/\/www.notisul.com.br\/wp-content\/uploads\/2017\/10\/pag-3-701x586.jpg\" \/>\n<meta name=\"author\" content=\"inclusivenews2024\" \/>\n<meta name=\"twitter:card\" content=\"summary_large_image\" \/>\n<meta name=\"twitter:label1\" content=\"Escrito por\" \/>\n\t<meta name=\"twitter:data1\" content=\"inclusivenews2024\" \/>\n\t<meta name=\"twitter:label2\" content=\"Tempo estimado de leitura\" \/>\n\t<meta name=\"twitter:data2\" content=\"5 minutos\" \/>\n<script type=\"application\/ld+json\" class=\"yoast-schema-graph\">{\"@context\":\"https:\\\/\\\/schema.org\",\"@graph\":[{\"@type\":\"Article\",\"@id\":\"https:\\\/\\\/inclusivenews.com.br\\\/?p=30677#article\",\"isPartOf\":{\"@id\":\"https:\\\/\\\/inclusivenews.com.br\\\/?p=30677\"},\"author\":{\"name\":\"inclusivenews2024\",\"@id\":\"https:\\\/\\\/inclusivenews.com.br\\\/#\\\/schema\\\/person\\\/ae4ec7087559b8692fb33b6fffd2273b\"},\"headline\":\"Suspens\u00e3o da lei que obriga segundo professor preocupa pais em SC\",\"datePublished\":\"2017-10-06T14:12:14+00:00\",\"mainEntityOfPage\":{\"@id\":\"https:\\\/\\\/inclusivenews.com.br\\\/?p=30677\"},\"wordCount\":928,\"commentCount\":0,\"publisher\":{\"@id\":\"https:\\\/\\\/inclusivenews.com.br\\\/#organization\"},\"image\":{\"@id\":\"https:\\\/\\\/inclusivenews.com.br\\\/?p=30677#primaryimage\"},\"thumbnailUrl\":\"https:\\\/\\\/www.notisul.com.br\\\/wp-content\\\/uploads\\\/2017\\\/10\\\/pag-3-701x586.jpg\",\"keywords\":[\"Educa\u00e7\u00e3o inclusiva\",\"segundo professor\"],\"articleSection\":[\"Defici\u00eancia\",\"EDUCA\u00c7\u00c3O\"],\"inLanguage\":\"pt-PT\",\"potentialAction\":[{\"@type\":\"CommentAction\",\"name\":\"Comment\",\"target\":[\"https:\\\/\\\/inclusivenews.com.br\\\/?p=30677#respond\"]}]},{\"@type\":\"WebPage\",\"@id\":\"https:\\\/\\\/inclusivenews.com.br\\\/?p=30677\",\"url\":\"https:\\\/\\\/inclusivenews.com.br\\\/?p=30677\",\"name\":\"Suspens\u00e3o da lei que obriga segundo professor preocupa pais em SC -\",\"isPartOf\":{\"@id\":\"https:\\\/\\\/inclusivenews.com.br\\\/#website\"},\"primaryImageOfPage\":{\"@id\":\"https:\\\/\\\/inclusivenews.com.br\\\/?p=30677#primaryimage\"},\"image\":{\"@id\":\"https:\\\/\\\/inclusivenews.com.br\\\/?p=30677#primaryimage\"},\"thumbnailUrl\":\"https:\\\/\\\/www.notisul.com.br\\\/wp-content\\\/uploads\\\/2017\\\/10\\\/pag-3-701x586.jpg\",\"datePublished\":\"2017-10-06T14:12:14+00:00\",\"breadcrumb\":{\"@id\":\"https:\\\/\\\/inclusivenews.com.br\\\/?p=30677#breadcrumb\"},\"inLanguage\":\"pt-PT\",\"potentialAction\":[{\"@type\":\"ReadAction\",\"target\":[\"https:\\\/\\\/inclusivenews.com.br\\\/?p=30677\"]}]},{\"@type\":\"ImageObject\",\"inLanguage\":\"pt-PT\",\"@id\":\"https:\\\/\\\/inclusivenews.com.br\\\/?p=30677#primaryimage\",\"url\":\"https:\\\/\\\/www.notisul.com.br\\\/wp-content\\\/uploads\\\/2017\\\/10\\\/pag-3-701x586.jpg\",\"contentUrl\":\"https:\\\/\\\/www.notisul.com.br\\\/wp-content\\\/uploads\\\/2017\\\/10\\\/pag-3-701x586.jpg\"},{\"@type\":\"BreadcrumbList\",\"@id\":\"https:\\\/\\\/inclusivenews.com.br\\\/?p=30677#breadcrumb\",\"itemListElement\":[{\"@type\":\"ListItem\",\"position\":1,\"name\":\"In\u00edcio\",\"item\":\"https:\\\/\\\/inclusivenews.com.br\\\/\"},{\"@type\":\"ListItem\",\"position\":2,\"name\":\"Suspens\u00e3o da lei que obriga segundo professor preocupa pais em SC\"}]},{\"@type\":\"WebSite\",\"@id\":\"https:\\\/\\\/inclusivenews.com.br\\\/#website\",\"url\":\"https:\\\/\\\/inclusivenews.com.br\\\/\",\"name\":\"Inclusive News\",\"description\":\"Inclusive News\",\"publisher\":{\"@id\":\"https:\\\/\\\/inclusivenews.com.br\\\/#organization\"},\"potentialAction\":[{\"@type\":\"SearchAction\",\"target\":{\"@type\":\"EntryPoint\",\"urlTemplate\":\"https:\\\/\\\/inclusivenews.com.br\\\/?s={search_term_string}\"},\"query-input\":{\"@type\":\"PropertyValueSpecification\",\"valueRequired\":true,\"valueName\":\"search_term_string\"}}],\"inLanguage\":\"pt-PT\"},{\"@type\":\"Organization\",\"@id\":\"https:\\\/\\\/inclusivenews.com.br\\\/#organization\",\"name\":\"Inclusive - inclus\u00e3o e cidadania\",\"url\":\"https:\\\/\\\/inclusivenews.com.br\\\/\",\"logo\":{\"@type\":\"ImageObject\",\"inLanguage\":\"pt-PT\",\"@id\":\"https:\\\/\\\/inclusivenews.com.br\\\/#\\\/schema\\\/logo\\\/image\\\/\",\"url\":\"https:\\\/\\\/inclusivenews.com.br\\\/wp-content\\\/uploads\\\/2024\\\/03\\\/@grandesite.png\",\"contentUrl\":\"https:\\\/\\\/inclusivenews.com.br\\\/wp-content\\\/uploads\\\/2024\\\/03\\\/@grandesite.png\",\"width\":1080,\"height\":1080,\"caption\":\"Inclusive - inclus\u00e3o e cidadania\"},\"image\":{\"@id\":\"https:\\\/\\\/inclusivenews.com.br\\\/#\\\/schema\\\/logo\\\/image\\\/\"},\"sameAs\":[\"https:\\\/\\\/www.facebook.com\\\/agenciainclusive\\\/\",\"https:\\\/\\\/www.instagram.com\\\/newsinclusive\\\/\"]},{\"@type\":\"Person\",\"@id\":\"https:\\\/\\\/inclusivenews.com.br\\\/#\\\/schema\\\/person\\\/ae4ec7087559b8692fb33b6fffd2273b\",\"name\":\"inclusivenews2024\",\"image\":{\"@type\":\"ImageObject\",\"inLanguage\":\"pt-PT\",\"@id\":\"https:\\\/\\\/secure.gravatar.com\\\/avatar\\\/c5a7ef84c66fa914f55bc4f7ce26cfa275a3b9a1c5568b907bd184fb4dde7b40?s=96&d=mm&r=g\",\"url\":\"https:\\\/\\\/secure.gravatar.com\\\/avatar\\\/c5a7ef84c66fa914f55bc4f7ce26cfa275a3b9a1c5568b907bd184fb4dde7b40?s=96&d=mm&r=g\",\"contentUrl\":\"https:\\\/\\\/secure.gravatar.com\\\/avatar\\\/c5a7ef84c66fa914f55bc4f7ce26cfa275a3b9a1c5568b907bd184fb4dde7b40?s=96&d=mm&r=g\",\"caption\":\"inclusivenews2024\"},\"sameAs\":[\"https:\\\/\\\/inclusivenews.com.br\"],\"url\":\"https:\\\/\\\/inclusivenews.com.br\\\/?author=1\"}]}<\/script>\n<!-- \/ Yoast SEO plugin. -->","yoast_head_json":{"title":"Suspens\u00e3o da lei que obriga segundo professor preocupa pais em SC -","robots":{"index":"index","follow":"follow","max-snippet":"max-snippet:-1","max-image-preview":"max-image-preview:large","max-video-preview":"max-video-preview:-1"},"canonical":"https:\/\/inclusivenews.com.br\/?p=30677","og_locale":"pt_PT","og_type":"article","og_title":"Suspens\u00e3o da lei que obriga segundo professor preocupa pais em SC -","og_description":"O STF deferiu liminar para suspender norma que obriga a presen\u00e7a de um segundo professor nas salas de aula das escolas p\u00fablicas de educa\u00e7\u00e3o b\u00e1sica de Santa Catarina quando houver alunos com diagn\u00f3stico de defici\u00eancias ou transtornos.","og_url":"https:\/\/inclusivenews.com.br\/?p=30677","article_publisher":"https:\/\/www.facebook.com\/agenciainclusive\/","article_published_time":"2017-10-06T14:12:14+00:00","og_image":[{"url":"https:\/\/www.notisul.com.br\/wp-content\/uploads\/2017\/10\/pag-3-701x586.jpg","type":"","width":"","height":""}],"author":"inclusivenews2024","twitter_card":"summary_large_image","twitter_misc":{"Escrito por":"inclusivenews2024","Tempo estimado de leitura":"5 minutos"},"schema":{"@context":"https:\/\/schema.org","@graph":[{"@type":"Article","@id":"https:\/\/inclusivenews.com.br\/?p=30677#article","isPartOf":{"@id":"https:\/\/inclusivenews.com.br\/?p=30677"},"author":{"name":"inclusivenews2024","@id":"https:\/\/inclusivenews.com.br\/#\/schema\/person\/ae4ec7087559b8692fb33b6fffd2273b"},"headline":"Suspens\u00e3o da lei que obriga segundo professor preocupa pais em SC","datePublished":"2017-10-06T14:12:14+00:00","mainEntityOfPage":{"@id":"https:\/\/inclusivenews.com.br\/?p=30677"},"wordCount":928,"commentCount":0,"publisher":{"@id":"https:\/\/inclusivenews.com.br\/#organization"},"image":{"@id":"https:\/\/inclusivenews.com.br\/?p=30677#primaryimage"},"thumbnailUrl":"https:\/\/www.notisul.com.br\/wp-content\/uploads\/2017\/10\/pag-3-701x586.jpg","keywords":["Educa\u00e7\u00e3o inclusiva","segundo professor"],"articleSection":["Defici\u00eancia","EDUCA\u00c7\u00c3O"],"inLanguage":"pt-PT","potentialAction":[{"@type":"CommentAction","name":"Comment","target":["https:\/\/inclusivenews.com.br\/?p=30677#respond"]}]},{"@type":"WebPage","@id":"https:\/\/inclusivenews.com.br\/?p=30677","url":"https:\/\/inclusivenews.com.br\/?p=30677","name":"Suspens\u00e3o da lei que obriga segundo professor preocupa pais em SC -","isPartOf":{"@id":"https:\/\/inclusivenews.com.br\/#website"},"primaryImageOfPage":{"@id":"https:\/\/inclusivenews.com.br\/?p=30677#primaryimage"},"image":{"@id":"https:\/\/inclusivenews.com.br\/?p=30677#primaryimage"},"thumbnailUrl":"https:\/\/www.notisul.com.br\/wp-content\/uploads\/2017\/10\/pag-3-701x586.jpg","datePublished":"2017-10-06T14:12:14+00:00","breadcrumb":{"@id":"https:\/\/inclusivenews.com.br\/?p=30677#breadcrumb"},"inLanguage":"pt-PT","potentialAction":[{"@type":"ReadAction","target":["https:\/\/inclusivenews.com.br\/?p=30677"]}]},{"@type":"ImageObject","inLanguage":"pt-PT","@id":"https:\/\/inclusivenews.com.br\/?p=30677#primaryimage","url":"https:\/\/www.notisul.com.br\/wp-content\/uploads\/2017\/10\/pag-3-701x586.jpg","contentUrl":"https:\/\/www.notisul.com.br\/wp-content\/uploads\/2017\/10\/pag-3-701x586.jpg"},{"@type":"BreadcrumbList","@id":"https:\/\/inclusivenews.com.br\/?p=30677#breadcrumb","itemListElement":[{"@type":"ListItem","position":1,"name":"In\u00edcio","item":"https:\/\/inclusivenews.com.br\/"},{"@type":"ListItem","position":2,"name":"Suspens\u00e3o da lei que obriga segundo professor preocupa pais em SC"}]},{"@type":"WebSite","@id":"https:\/\/inclusivenews.com.br\/#website","url":"https:\/\/inclusivenews.com.br\/","name":"Inclusive News","description":"Inclusive News","publisher":{"@id":"https:\/\/inclusivenews.com.br\/#organization"},"potentialAction":[{"@type":"SearchAction","target":{"@type":"EntryPoint","urlTemplate":"https:\/\/inclusivenews.com.br\/?s={search_term_string}"},"query-input":{"@type":"PropertyValueSpecification","valueRequired":true,"valueName":"search_term_string"}}],"inLanguage":"pt-PT"},{"@type":"Organization","@id":"https:\/\/inclusivenews.com.br\/#organization","name":"Inclusive - inclus\u00e3o e cidadania","url":"https:\/\/inclusivenews.com.br\/","logo":{"@type":"ImageObject","inLanguage":"pt-PT","@id":"https:\/\/inclusivenews.com.br\/#\/schema\/logo\/image\/","url":"https:\/\/inclusivenews.com.br\/wp-content\/uploads\/2024\/03\/@grandesite.png","contentUrl":"https:\/\/inclusivenews.com.br\/wp-content\/uploads\/2024\/03\/@grandesite.png","width":1080,"height":1080,"caption":"Inclusive - inclus\u00e3o e cidadania"},"image":{"@id":"https:\/\/inclusivenews.com.br\/#\/schema\/logo\/image\/"},"sameAs":["https:\/\/www.facebook.com\/agenciainclusive\/","https:\/\/www.instagram.com\/newsinclusive\/"]},{"@type":"Person","@id":"https:\/\/inclusivenews.com.br\/#\/schema\/person\/ae4ec7087559b8692fb33b6fffd2273b","name":"inclusivenews2024","image":{"@type":"ImageObject","inLanguage":"pt-PT","@id":"https:\/\/secure.gravatar.com\/avatar\/c5a7ef84c66fa914f55bc4f7ce26cfa275a3b9a1c5568b907bd184fb4dde7b40?s=96&d=mm&r=g","url":"https:\/\/secure.gravatar.com\/avatar\/c5a7ef84c66fa914f55bc4f7ce26cfa275a3b9a1c5568b907bd184fb4dde7b40?s=96&d=mm&r=g","contentUrl":"https:\/\/secure.gravatar.com\/avatar\/c5a7ef84c66fa914f55bc4f7ce26cfa275a3b9a1c5568b907bd184fb4dde7b40?s=96&d=mm&r=g","caption":"inclusivenews2024"},"sameAs":["https:\/\/inclusivenews.com.br"],"url":"https:\/\/inclusivenews.com.br\/?author=1"}]}},"_links":{"self":[{"href":"https:\/\/inclusivenews.com.br\/index.php?rest_route=\/wp\/v2\/posts\/30677","targetHints":{"allow":["GET"]}}],"collection":[{"href":"https:\/\/inclusivenews.com.br\/index.php?rest_route=\/wp\/v2\/posts"}],"about":[{"href":"https:\/\/inclusivenews.com.br\/index.php?rest_route=\/wp\/v2\/types\/post"}],"author":[{"embeddable":true,"href":"https:\/\/inclusivenews.com.br\/index.php?rest_route=\/wp\/v2\/users\/1"}],"replies":[{"embeddable":true,"href":"https:\/\/inclusivenews.com.br\/index.php?rest_route=%2Fwp%2Fv2%2Fcomments&post=30677"}],"version-history":[{"count":0,"href":"https:\/\/inclusivenews.com.br\/index.php?rest_route=\/wp\/v2\/posts\/30677\/revisions"}],"wp:attachment":[{"href":"https:\/\/inclusivenews.com.br\/index.php?rest_route=%2Fwp%2Fv2%2Fmedia&parent=30677"}],"wp:term":[{"taxonomy":"category","embeddable":true,"href":"https:\/\/inclusivenews.com.br\/index.php?rest_route=%2Fwp%2Fv2%2Fcategories&post=30677"},{"taxonomy":"post_tag","embeddable":true,"href":"https:\/\/inclusivenews.com.br\/index.php?rest_route=%2Fwp%2Fv2%2Ftags&post=30677"}],"curies":[{"name":"wp","href":"https:\/\/api.w.org\/{rel}","templated":true}]}}