{"id":3072,"date":"2009-01-20T11:26:23","date_gmt":"2009-01-20T11:26:23","guid":{"rendered":"http:\/\/agenciainclusive.wordpress.com\/?p=3072"},"modified":"2009-01-20T11:26:23","modified_gmt":"2009-01-20T11:26:23","slug":"minuto-da-inclusao-programas-573-574-e-575","status":"publish","type":"post","link":"https:\/\/inclusivenews.com.br\/?p=3072","title":{"rendered":"Minuto da inclus\u00e3o &#8211;  Programas 573, 574 e 575"},"content":{"rendered":"<figure id=\"attachment_2988\" aria-describedby=\"caption-attachment-2988\" style=\"width: 180px\" class=\"wp-caption alignnone\"><img loading=\"lazy\" decoding=\"async\" class=\"size-full wp-image-2988\" title=\"minuto_da_inclusao\" src=\"http:\/\/agenciainclusive.files.wordpress.com\/2009\/01\/minuto_da_inclusao.jpg\" alt=\"minuto_da_inclusao\" width=\"180\" height=\"78\" \/><figcaption id=\"caption-attachment-2988\" class=\"wp-caption-text\">Na imagem, logotipo do Minuto da Inclus\u00e3o: um rel\u00f3gio simulando uma pessoa de bra\u00e7os abertos contornada por um c\u00edrculo incompleto.<\/figcaption><\/figure>\n<p style=\"text-align:right;\">Para ouvir os boletins direto do navegador,<br \/>\nrole o mouse sobre os links e aguarde<br \/>\no player ser exibido na janela popup.<\/p>\n<p><a href=\"http:\/\/www.mypodcast.com\/fsaudio\/inclusive_20090114_1449-362873.mp3\" target=\"_blank\" rel=\"noopener\">Programa 573 &#8211; Informa\u00e7\u00f5es sobre a S\u00edndrome do P\u00f3s-P\u00f3lio<\/a><\/p>\n<p>Ol\u00e1 Brasil!<br \/>\nVoc\u00ea conhece a S\u00edndrome da P\u00f3s-P\u00f3lio? Ela ocorre cerca de 30 anos ap\u00f3s o ataque do p\u00f3liovirus na maioria das pessoas que tiveram paralisia infantil. Essa s\u00edndrome surge pelo o excesso do uso dos m\u00fasculos enfraquecidos pela poliomielite, causando fadiga, fraqueza, dores musculares, desordens do sono, dificuldades de engolir e respirar. Por isso, essas pessoas devem repousar, conservar energia e n\u00e3o fazer grandes esfor\u00e7os f\u00edsicos para n\u00e3o desencadear ou aumentar esses sintomas. Al\u00e9m disso, o alongamento pode ser muito \u00fatil. \u00c9 importante saber lidar com as mudan\u00e7as que acontecem no corpo, comuns a todas as pessoas. E no caso das pessoas que tiveram paralisia infantil, essas mudan\u00e7as podem ser mais delicadas e complexas.<br \/>\nTuca Munhoz para o Minuto da Inclus\u00e3o.<\/p>\n<p><a href=\"http:\/\/www.mypodcast.com\/fsaudio\/inclusive_20090114_1451-362875.mp3\" target=\"_blank\" rel=\"noopener\">Programa 574 &#8211; M\u00eddia e defici\u00eancia<\/a><\/p>\n<p>Ol\u00e1 Brasil!<br \/>\nInfelizmente, os meios de comunica\u00e7\u00e3o ainda veiculam muitas informa\u00e7\u00f5es erradas sobre as pessoas com defici\u00eancia. S\u00e3o diversas mat\u00e9rias em jornais, revistas, r\u00e1dios e, sobretudo, em programas de televis\u00e3o pautadas pelo sensacionalismo e pela como\u00e7\u00e3o. No entanto, essa imagem distorcida sobre as pessoas com defici\u00eancia n\u00e3o contribui para o processo de inclus\u00e3o social. Pelo contr\u00e1rio, s\u00f3 reproduz e refor\u00e7a as atitudes preconceituosas e as pr\u00e1ticas discriminat\u00f3rias presentes na sociedade. Por outro lado, n\u00f3s do Minuto da Inclus\u00e3o acreditamos que a m\u00eddia deve ser um instrumento para transmitir os valores necess\u00e1rios para a constru\u00e7\u00e3o da cidadania. E mais, acreditamos tamb\u00e9m que os meios de comunica\u00e7\u00e3o devem fiscalizar o Poder P\u00fablico e cobrar a efetiva\u00e7\u00e3o de nossos direitos. O que queremos n\u00e3o \u00e9 caridade e sim solidariedade.<br \/>\nTuca Munhoz para o Minuto da Inclus\u00e3o.<\/p>\n<p><a href=\"http:\/\/www.mypodcast.com\/fsaudio\/inclusive_20090114_1455-362879.mp3\" target=\"_blank\" rel=\"noopener\">Programa 575 &#8211; Informa\u00e7\u00e3o para combater o preconceito<\/a><\/p>\n<p>Ol\u00e1 Brasil!<br \/>\nA informa\u00e7\u00e3o \u00e9 fundamental para combater o preconceito em rela\u00e7\u00e3o \u00e0s pessoas com defici\u00eancia. Perguntar e debater s\u00e3o atitudes essenciais para que possamos aprender mais sobre capacidades e potencialidades de todas as pessoas. Mas, o principal \u00e9 a conviv\u00eancia, pois ela permite a troca de experi\u00eancias e de sentimentos. N\u00e3o importa qual \u00e9 a defici\u00eancia, o importante \u00e9 respeitar o potencial de cada um. Existem iniciativas que colaboram decisivamente para a inclus\u00e3o social das pessoas com defici\u00eancia. A educa\u00e7\u00e3o inclusiva, por exemplo, une justamente informa\u00e7\u00e3o e conviv\u00eancia. Leis que garantem a contrata\u00e7\u00e3o das pessoas com defici\u00eancia em empresas e a presen\u00e7a delas nas universidades tamb\u00e9m contribuem para a visibilidade e a independ\u00eancia desse segmento. O diferente \u00e9 apenas diferente, n\u00e3o \u00e9 melhor nem pior! Pense nisso.<br \/>\nTuca Munhoz para o Minuto da Inclus\u00e3o.<\/p>\n","protected":false},"excerpt":{"rendered":"<p>Para ouvir os boletins direto do navegador, role o mouse sobre os links e aguarde o player ser exibido na janela popup. Programa 573 &#8211; Informa\u00e7\u00f5es sobre a S\u00edndrome do P\u00f3s-P\u00f3lio Ol\u00e1 Brasil! Voc\u00ea conhece a S\u00edndrome da P\u00f3s-P\u00f3lio? Ela ocorre cerca de 30 anos ap\u00f3s o ataque do p\u00f3liovirus na maioria das pessoas que [&hellip;]<\/p>\n","protected":false},"author":2,"featured_media":0,"comment_status":"open","ping_status":"open","sticky":false,"template":"","format":"standard","meta":{"site-container-style":"default","site-container-layout":"default","site-sidebar-layout":"default","disable-article-header":"default","disable-site-header":"default","disable-site-footer":"default","disable-content-area-spacing":"default","footnotes":""},"categories":[21],"tags":[20,15],"class_list":["post-3072","post","type-post","status-publish","format-standard","hentry","category-audio","tag-minuto-da-inclusao","tag-multimidia"],"yoast_head":"<!-- This site is optimized with the Yoast SEO plugin v27.4 - https:\/\/yoast.com\/product\/yoast-seo-wordpress\/ -->\n<title>Minuto da inclus\u00e3o - Programas 573, 574 e 575 -<\/title>\n<meta name=\"robots\" content=\"index, follow, max-snippet:-1, max-image-preview:large, max-video-preview:-1\" \/>\n<link rel=\"canonical\" href=\"https:\/\/inclusivenews.com.br\/?p=3072\" \/>\n<meta property=\"og:locale\" content=\"pt_PT\" \/>\n<meta property=\"og:type\" content=\"article\" \/>\n<meta property=\"og:title\" content=\"Minuto da inclus\u00e3o - Programas 573, 574 e 575 -\" \/>\n<meta property=\"og:description\" content=\"Para ouvir os boletins direto do navegador, role o mouse sobre os links e aguarde o player ser exibido na janela popup. Programa 573 &#8211; Informa\u00e7\u00f5es sobre a S\u00edndrome do P\u00f3s-P\u00f3lio Ol\u00e1 Brasil! Voc\u00ea conhece a S\u00edndrome da P\u00f3s-P\u00f3lio? Ela ocorre cerca de 30 anos ap\u00f3s o ataque do p\u00f3liovirus na maioria das pessoas que [&hellip;]\" \/>\n<meta property=\"og:url\" content=\"https:\/\/inclusivenews.com.br\/?p=3072\" \/>\n<meta property=\"article:publisher\" content=\"https:\/\/www.facebook.com\/agenciainclusive\/\" \/>\n<meta property=\"article:published_time\" content=\"2009-01-20T11:26:23+00:00\" \/>\n<meta property=\"og:image\" content=\"http:\/\/agenciainclusive.files.wordpress.com\/2009\/01\/minuto_da_inclusao.jpg\" \/>\n<meta name=\"author\" content=\"Inclusive\" \/>\n<meta name=\"twitter:card\" content=\"summary_large_image\" \/>\n<meta name=\"twitter:label1\" content=\"Escrito por\" \/>\n\t<meta name=\"twitter:data1\" content=\"Inclusive\" \/>\n\t<meta name=\"twitter:label2\" content=\"Tempo estimado de leitura\" \/>\n\t<meta name=\"twitter:data2\" content=\"3 minutos\" \/>\n<script type=\"application\/ld+json\" class=\"yoast-schema-graph\">{\"@context\":\"https:\\\/\\\/schema.org\",\"@graph\":[{\"@type\":\"Article\",\"@id\":\"https:\\\/\\\/inclusivenews.com.br\\\/?p=3072#article\",\"isPartOf\":{\"@id\":\"https:\\\/\\\/inclusivenews.com.br\\\/?p=3072\"},\"author\":{\"name\":\"Inclusive\",\"@id\":\"https:\\\/\\\/inclusivenews.com.br\\\/#\\\/schema\\\/person\\\/0dab492019871b94abb65fa8ee7c8c44\"},\"headline\":\"Minuto da inclus\u00e3o &#8211; Programas 573, 574 e 575\",\"datePublished\":\"2009-01-20T11:26:23+00:00\",\"mainEntityOfPage\":{\"@id\":\"https:\\\/\\\/inclusivenews.com.br\\\/?p=3072\"},\"wordCount\":530,\"commentCount\":0,\"publisher\":{\"@id\":\"https:\\\/\\\/inclusivenews.com.br\\\/#organization\"},\"image\":{\"@id\":\"https:\\\/\\\/inclusivenews.com.br\\\/?p=3072#primaryimage\"},\"thumbnailUrl\":\"http:\\\/\\\/agenciainclusive.files.wordpress.com\\\/2009\\\/01\\\/minuto_da_inclusao.jpg\",\"keywords\":[\"Minuto da Inclusao\",\"Multim\u00eddia\"],\"articleSection\":[\"\u00c1udio\"],\"inLanguage\":\"pt-PT\",\"potentialAction\":[{\"@type\":\"CommentAction\",\"name\":\"Comment\",\"target\":[\"https:\\\/\\\/inclusivenews.com.br\\\/?p=3072#respond\"]}]},{\"@type\":\"WebPage\",\"@id\":\"https:\\\/\\\/inclusivenews.com.br\\\/?p=3072\",\"url\":\"https:\\\/\\\/inclusivenews.com.br\\\/?p=3072\",\"name\":\"Minuto da inclus\u00e3o - Programas 573, 574 e 575 -\",\"isPartOf\":{\"@id\":\"https:\\\/\\\/inclusivenews.com.br\\\/#website\"},\"primaryImageOfPage\":{\"@id\":\"https:\\\/\\\/inclusivenews.com.br\\\/?p=3072#primaryimage\"},\"image\":{\"@id\":\"https:\\\/\\\/inclusivenews.com.br\\\/?p=3072#primaryimage\"},\"thumbnailUrl\":\"http:\\\/\\\/agenciainclusive.files.wordpress.com\\\/2009\\\/01\\\/minuto_da_inclusao.jpg\",\"datePublished\":\"2009-01-20T11:26:23+00:00\",\"breadcrumb\":{\"@id\":\"https:\\\/\\\/inclusivenews.com.br\\\/?p=3072#breadcrumb\"},\"inLanguage\":\"pt-PT\",\"potentialAction\":[{\"@type\":\"ReadAction\",\"target\":[\"https:\\\/\\\/inclusivenews.com.br\\\/?p=3072\"]}]},{\"@type\":\"ImageObject\",\"inLanguage\":\"pt-PT\",\"@id\":\"https:\\\/\\\/inclusivenews.com.br\\\/?p=3072#primaryimage\",\"url\":\"http:\\\/\\\/agenciainclusive.files.wordpress.com\\\/2009\\\/01\\\/minuto_da_inclusao.jpg\",\"contentUrl\":\"http:\\\/\\\/agenciainclusive.files.wordpress.com\\\/2009\\\/01\\\/minuto_da_inclusao.jpg\"},{\"@type\":\"BreadcrumbList\",\"@id\":\"https:\\\/\\\/inclusivenews.com.br\\\/?p=3072#breadcrumb\",\"itemListElement\":[{\"@type\":\"ListItem\",\"position\":1,\"name\":\"In\u00edcio\",\"item\":\"https:\\\/\\\/inclusivenews.com.br\\\/\"},{\"@type\":\"ListItem\",\"position\":2,\"name\":\"Minuto da inclus\u00e3o &#8211; Programas 573, 574 e 575\"}]},{\"@type\":\"WebSite\",\"@id\":\"https:\\\/\\\/inclusivenews.com.br\\\/#website\",\"url\":\"https:\\\/\\\/inclusivenews.com.br\\\/\",\"name\":\"Inclusive News\",\"description\":\"Inclusive News\",\"publisher\":{\"@id\":\"https:\\\/\\\/inclusivenews.com.br\\\/#organization\"},\"potentialAction\":[{\"@type\":\"SearchAction\",\"target\":{\"@type\":\"EntryPoint\",\"urlTemplate\":\"https:\\\/\\\/inclusivenews.com.br\\\/?s={search_term_string}\"},\"query-input\":{\"@type\":\"PropertyValueSpecification\",\"valueRequired\":true,\"valueName\":\"search_term_string\"}}],\"inLanguage\":\"pt-PT\"},{\"@type\":\"Organization\",\"@id\":\"https:\\\/\\\/inclusivenews.com.br\\\/#organization\",\"name\":\"Inclusive - inclus\u00e3o e cidadania\",\"url\":\"https:\\\/\\\/inclusivenews.com.br\\\/\",\"logo\":{\"@type\":\"ImageObject\",\"inLanguage\":\"pt-PT\",\"@id\":\"https:\\\/\\\/inclusivenews.com.br\\\/#\\\/schema\\\/logo\\\/image\\\/\",\"url\":\"https:\\\/\\\/inclusivenews.com.br\\\/wp-content\\\/uploads\\\/2024\\\/03\\\/@grandesite.png\",\"contentUrl\":\"https:\\\/\\\/inclusivenews.com.br\\\/wp-content\\\/uploads\\\/2024\\\/03\\\/@grandesite.png\",\"width\":1080,\"height\":1080,\"caption\":\"Inclusive - inclus\u00e3o e cidadania\"},\"image\":{\"@id\":\"https:\\\/\\\/inclusivenews.com.br\\\/#\\\/schema\\\/logo\\\/image\\\/\"},\"sameAs\":[\"https:\\\/\\\/www.facebook.com\\\/agenciainclusive\\\/\",\"https:\\\/\\\/www.instagram.com\\\/newsinclusive\\\/\"]},{\"@type\":\"Person\",\"@id\":\"https:\\\/\\\/inclusivenews.com.br\\\/#\\\/schema\\\/person\\\/0dab492019871b94abb65fa8ee7c8c44\",\"name\":\"Inclusive\",\"image\":{\"@type\":\"ImageObject\",\"inLanguage\":\"pt-PT\",\"@id\":\"https:\\\/\\\/secure.gravatar.com\\\/avatar\\\/?s=96&d=mm&r=g\",\"url\":\"https:\\\/\\\/secure.gravatar.com\\\/avatar\\\/?s=96&d=mm&r=g\",\"contentUrl\":\"https:\\\/\\\/secure.gravatar.com\\\/avatar\\\/?s=96&d=mm&r=g\",\"caption\":\"Inclusive\"},\"url\":\"https:\\\/\\\/inclusivenews.com.br\\\/?author=2\"}]}<\/script>\n<!-- \/ Yoast SEO plugin. -->","yoast_head_json":{"title":"Minuto da inclus\u00e3o - Programas 573, 574 e 575 -","robots":{"index":"index","follow":"follow","max-snippet":"max-snippet:-1","max-image-preview":"max-image-preview:large","max-video-preview":"max-video-preview:-1"},"canonical":"https:\/\/inclusivenews.com.br\/?p=3072","og_locale":"pt_PT","og_type":"article","og_title":"Minuto da inclus\u00e3o - Programas 573, 574 e 575 -","og_description":"Para ouvir os boletins direto do navegador, role o mouse sobre os links e aguarde o player ser exibido na janela popup. Programa 573 &#8211; Informa\u00e7\u00f5es sobre a S\u00edndrome do P\u00f3s-P\u00f3lio Ol\u00e1 Brasil! Voc\u00ea conhece a S\u00edndrome da P\u00f3s-P\u00f3lio? Ela ocorre cerca de 30 anos ap\u00f3s o ataque do p\u00f3liovirus na maioria das pessoas que [&hellip;]","og_url":"https:\/\/inclusivenews.com.br\/?p=3072","article_publisher":"https:\/\/www.facebook.com\/agenciainclusive\/","article_published_time":"2009-01-20T11:26:23+00:00","og_image":[{"url":"http:\/\/agenciainclusive.files.wordpress.com\/2009\/01\/minuto_da_inclusao.jpg","type":"","width":"","height":""}],"author":"Inclusive","twitter_card":"summary_large_image","twitter_misc":{"Escrito por":"Inclusive","Tempo estimado de leitura":"3 minutos"},"schema":{"@context":"https:\/\/schema.org","@graph":[{"@type":"Article","@id":"https:\/\/inclusivenews.com.br\/?p=3072#article","isPartOf":{"@id":"https:\/\/inclusivenews.com.br\/?p=3072"},"author":{"name":"Inclusive","@id":"https:\/\/inclusivenews.com.br\/#\/schema\/person\/0dab492019871b94abb65fa8ee7c8c44"},"headline":"Minuto da inclus\u00e3o &#8211; Programas 573, 574 e 575","datePublished":"2009-01-20T11:26:23+00:00","mainEntityOfPage":{"@id":"https:\/\/inclusivenews.com.br\/?p=3072"},"wordCount":530,"commentCount":0,"publisher":{"@id":"https:\/\/inclusivenews.com.br\/#organization"},"image":{"@id":"https:\/\/inclusivenews.com.br\/?p=3072#primaryimage"},"thumbnailUrl":"http:\/\/agenciainclusive.files.wordpress.com\/2009\/01\/minuto_da_inclusao.jpg","keywords":["Minuto da Inclusao","Multim\u00eddia"],"articleSection":["\u00c1udio"],"inLanguage":"pt-PT","potentialAction":[{"@type":"CommentAction","name":"Comment","target":["https:\/\/inclusivenews.com.br\/?p=3072#respond"]}]},{"@type":"WebPage","@id":"https:\/\/inclusivenews.com.br\/?p=3072","url":"https:\/\/inclusivenews.com.br\/?p=3072","name":"Minuto da inclus\u00e3o - Programas 573, 574 e 575 -","isPartOf":{"@id":"https:\/\/inclusivenews.com.br\/#website"},"primaryImageOfPage":{"@id":"https:\/\/inclusivenews.com.br\/?p=3072#primaryimage"},"image":{"@id":"https:\/\/inclusivenews.com.br\/?p=3072#primaryimage"},"thumbnailUrl":"http:\/\/agenciainclusive.files.wordpress.com\/2009\/01\/minuto_da_inclusao.jpg","datePublished":"2009-01-20T11:26:23+00:00","breadcrumb":{"@id":"https:\/\/inclusivenews.com.br\/?p=3072#breadcrumb"},"inLanguage":"pt-PT","potentialAction":[{"@type":"ReadAction","target":["https:\/\/inclusivenews.com.br\/?p=3072"]}]},{"@type":"ImageObject","inLanguage":"pt-PT","@id":"https:\/\/inclusivenews.com.br\/?p=3072#primaryimage","url":"http:\/\/agenciainclusive.files.wordpress.com\/2009\/01\/minuto_da_inclusao.jpg","contentUrl":"http:\/\/agenciainclusive.files.wordpress.com\/2009\/01\/minuto_da_inclusao.jpg"},{"@type":"BreadcrumbList","@id":"https:\/\/inclusivenews.com.br\/?p=3072#breadcrumb","itemListElement":[{"@type":"ListItem","position":1,"name":"In\u00edcio","item":"https:\/\/inclusivenews.com.br\/"},{"@type":"ListItem","position":2,"name":"Minuto da inclus\u00e3o &#8211; Programas 573, 574 e 575"}]},{"@type":"WebSite","@id":"https:\/\/inclusivenews.com.br\/#website","url":"https:\/\/inclusivenews.com.br\/","name":"Inclusive News","description":"Inclusive News","publisher":{"@id":"https:\/\/inclusivenews.com.br\/#organization"},"potentialAction":[{"@type":"SearchAction","target":{"@type":"EntryPoint","urlTemplate":"https:\/\/inclusivenews.com.br\/?s={search_term_string}"},"query-input":{"@type":"PropertyValueSpecification","valueRequired":true,"valueName":"search_term_string"}}],"inLanguage":"pt-PT"},{"@type":"Organization","@id":"https:\/\/inclusivenews.com.br\/#organization","name":"Inclusive - inclus\u00e3o e cidadania","url":"https:\/\/inclusivenews.com.br\/","logo":{"@type":"ImageObject","inLanguage":"pt-PT","@id":"https:\/\/inclusivenews.com.br\/#\/schema\/logo\/image\/","url":"https:\/\/inclusivenews.com.br\/wp-content\/uploads\/2024\/03\/@grandesite.png","contentUrl":"https:\/\/inclusivenews.com.br\/wp-content\/uploads\/2024\/03\/@grandesite.png","width":1080,"height":1080,"caption":"Inclusive - inclus\u00e3o e cidadania"},"image":{"@id":"https:\/\/inclusivenews.com.br\/#\/schema\/logo\/image\/"},"sameAs":["https:\/\/www.facebook.com\/agenciainclusive\/","https:\/\/www.instagram.com\/newsinclusive\/"]},{"@type":"Person","@id":"https:\/\/inclusivenews.com.br\/#\/schema\/person\/0dab492019871b94abb65fa8ee7c8c44","name":"Inclusive","image":{"@type":"ImageObject","inLanguage":"pt-PT","@id":"https:\/\/secure.gravatar.com\/avatar\/?s=96&d=mm&r=g","url":"https:\/\/secure.gravatar.com\/avatar\/?s=96&d=mm&r=g","contentUrl":"https:\/\/secure.gravatar.com\/avatar\/?s=96&d=mm&r=g","caption":"Inclusive"},"url":"https:\/\/inclusivenews.com.br\/?author=2"}]}},"_links":{"self":[{"href":"https:\/\/inclusivenews.com.br\/index.php?rest_route=\/wp\/v2\/posts\/3072","targetHints":{"allow":["GET"]}}],"collection":[{"href":"https:\/\/inclusivenews.com.br\/index.php?rest_route=\/wp\/v2\/posts"}],"about":[{"href":"https:\/\/inclusivenews.com.br\/index.php?rest_route=\/wp\/v2\/types\/post"}],"author":[{"embeddable":true,"href":"https:\/\/inclusivenews.com.br\/index.php?rest_route=\/wp\/v2\/users\/2"}],"replies":[{"embeddable":true,"href":"https:\/\/inclusivenews.com.br\/index.php?rest_route=%2Fwp%2Fv2%2Fcomments&post=3072"}],"version-history":[{"count":0,"href":"https:\/\/inclusivenews.com.br\/index.php?rest_route=\/wp\/v2\/posts\/3072\/revisions"}],"wp:attachment":[{"href":"https:\/\/inclusivenews.com.br\/index.php?rest_route=%2Fwp%2Fv2%2Fmedia&parent=3072"}],"wp:term":[{"taxonomy":"category","embeddable":true,"href":"https:\/\/inclusivenews.com.br\/index.php?rest_route=%2Fwp%2Fv2%2Fcategories&post=3072"},{"taxonomy":"post_tag","embeddable":true,"href":"https:\/\/inclusivenews.com.br\/index.php?rest_route=%2Fwp%2Fv2%2Ftags&post=3072"}],"curies":[{"name":"wp","href":"https:\/\/api.w.org\/{rel}","templated":true}]}}