{"id":30721,"date":"2017-10-18T19:24:01","date_gmt":"2017-10-18T22:24:01","guid":{"rendered":"http:\/\/www.inclusive.org.br\/?p=30721"},"modified":"2017-10-18T19:24:01","modified_gmt":"2017-10-18T22:24:01","slug":"amor-sexo-da-pessoa-com-deficiencia-entra-em-debate-no-episodio-de-encerramento-da-webserie-da-sompo-seguros","status":"publish","type":"post","link":"https:\/\/inclusivenews.com.br\/?p=30721","title":{"rendered":"Amor &amp; sexo da pessoa com defici\u00eancia entra em debate no epis\u00f3dio de encerramento da Webs\u00e9rie da Sompo Seguros"},"content":{"rendered":"<p><em>No quarto epis\u00f3dio da Webs\u00e9rie Todos Diferentes e Todos Iguais, entrevistados comentam como ideias pr\u00e9-concebidas sobre o tema <\/em>Amor &amp; Sexo<em> da Pessoa com Defici\u00eancia ainda prevalecem e ditam comportamentos na sociedade<\/em><\/p>\n<p><img loading=\"lazy\" decoding=\"async\" class=\"size-full wp-image-20470 alignleft\" src=\"http:\/\/inclusivenews.com.br\/wp-content\/uploads\/defsex1.jpg\" alt=\"Simbolo em azul e branco representando homem em cadeira de rodas de m\u00e3os dadas com mulher sem cadeira.\" width=\"250\" height=\"250\" \/><\/p>\n<p><strong>S\u00e3o Paulo, 18 de outubro de 2017 \u2013 <\/strong>J\u00e1 est\u00e1 no ar nesta quarta-feira, dia 18 de outubro, o quarto epis\u00f3dio da Webs\u00e9rie, <strong><em>Todos Diferentes e Todos Iguais<\/em><\/strong>, iniciativa da <a href=\"http:\/\/www.sompo.com.br\/\" target=\"_blank\" data-saferedirecturl=\"https:\/\/www.google.com\/url?hl=pt-BR&amp;q=http:\/\/www.sompo.com.br\/&amp;source=gmail&amp;ust=1508450177895000&amp;usg=AFQjCNFP9PsJ13ImqwqbIsMvIZCTQtPaCQ\" rel=\"noopener\">Sompo Seguros S.A.<\/a>, empresa do Grupo Sompo Holdings \u2013 um dos maiores grupos seguradores do mundo \u2013, que tem como objetivo trazer a p\u00fablico o debate sobre a rela\u00e7\u00e3o da coletividade com a Pessoa com Defici\u00eancia (PcD). No epis\u00f3dio que encerra a Webs\u00e9rie, o tema \u00e9 <em>Amor &amp; Sexo <\/em><strong>(<a href=\"http:\/\/bit.ly\/TDTIAmor\" target=\"_blank\" data-saferedirecturl=\"https:\/\/www.google.com\/url?hl=pt-BR&amp;q=http:\/\/bit.ly\/TDTIAmor&amp;source=gmail&amp;ust=1508450177895000&amp;usg=AFQjCNG9SID9Bv3FOQ52JmercRSTP6A7TA\" rel=\"noopener\">http:\/\/bit.ly\/TDTIAmor<\/a>)<\/strong>. Os participantes comentam a percep\u00e7\u00e3o que muitas pessoas t\u00eam em rela\u00e7\u00e3o \u00e0 sexualidade da Pessoa com Defici\u00eancia (PcD).<\/p>\n<p>Por meio dos depoimentos, \u00e9 poss\u00edvel verificar que, se por um lado existe uma certa curiosidade sobre o tema, por outro, o tabu tamb\u00e9m prevalece, por meio de ideais pr\u00e9-concebidas de que o cadeirante, por exemplo, n\u00e3o pode ter sexo casual ou s\u00f3 se relaciona com outro cadeirante. As observa\u00e7\u00f5es da blogueira Ana Kelly (<a href=\"http:\/\/www.bloganak.com.br\/\" target=\"_blank\" data-saferedirecturl=\"https:\/\/www.google.com\/url?hl=pt-BR&amp;q=http:\/\/www.bloganak.com.br\/&amp;source=gmail&amp;ust=1508450177895000&amp;usg=AFQjCNGg5xf8KyrZbqRkJeYSRT1PcP_hfA\" rel=\"noopener\">www.bloganak.com.br<\/a>), do atleta profissional de rugby em cadeira de rodas Lucas Junqueira (<a href=\"http:\/\/www.facebook.com\/lucasjunqueirarugby\" target=\"_blank\" data-saferedirecturl=\"https:\/\/www.google.com\/url?hl=pt-BR&amp;q=http:\/\/www.facebook.com\/lucasjunqueirarugby&amp;source=gmail&amp;ust=1508450177895000&amp;usg=AFQjCNF8Epb4-OnpXHXK1R6Afx6VVD9D9Q\" rel=\"noopener\">www.facebook.com\/lucasjunquei<wbr \/>rarugby<\/a>), do humorista Paulo Fabi\u00e3o (<a href=\"https:\/\/www.facebook.com\/PauloFabiao\" target=\"_blank\" data-saferedirecturl=\"https:\/\/www.google.com\/url?hl=pt-BR&amp;q=https:\/\/www.facebook.com\/PauloFabiao&amp;source=gmail&amp;ust=1508450177895000&amp;usg=AFQjCNGPd5G4X-erm-EyWgDb0eVXCzhedg\" rel=\"noopener\">https:\/\/www.facebook.com\/Paul<wbr \/>oFabiao<\/a>) e do m\u00e1gico ilusionista Vagner Molina, mais conhecido como M\u00e1gico Burke (<a href=\"http:\/\/www.magicoburke.com.br\/\" target=\"_blank\" data-saferedirecturl=\"https:\/\/www.google.com\/url?hl=pt-BR&amp;q=http:\/\/www.magicoburke.com.br\/&amp;source=gmail&amp;ust=1508450177895000&amp;usg=AFQjCNGExTGqdkV8KIwPSd37j2eyGr7nhA\" rel=\"noopener\">http:\/\/www.magicoburke.com.br<wbr \/>\/<\/a>); tamb\u00e9m contribuem para a reflex\u00e3o para quest\u00f5es como a falta de acessibilidade em mot\u00e9is ou a forma infantilizada como a quest\u00e3o da defici\u00eancia f\u00edsica \u00e9 tratada.<\/p>\n<p>&nbsp;<\/p>\n<p><strong>Acessibilidade em Mot\u00e9is<\/strong><\/p>\n<p>Entre as quest\u00f5es apontadas pelos entrevistados, est\u00e1 a dificuldade para encontrar hot\u00e9is e mot\u00e9is com quartos adaptados e que contemplem as normas de acessibilidade necess\u00e1rias para atender \u00e0 Pessoas com Defici\u00eancia. A LBI &#8211; Lei Brasileira de Inclus\u00e3o (<a href=\"http:\/\/www.planalto.gov.br\/ccivil_03\/_ato2015-2018\/2015\/lei\/l13146.htm\" target=\"_blank\" data-saferedirecturl=\"https:\/\/www.google.com\/url?hl=pt-BR&amp;q=http:\/\/www.planalto.gov.br\/ccivil_03\/_ato2015-2018\/2015\/lei\/l13146.htm&amp;source=gmail&amp;ust=1508450177896000&amp;usg=AFQjCNENSVyg2iOE95YNbmkxkpv3vNFiKw\" rel=\"noopener\">Lei n\u00ba 13.146\/2015<\/a>), conhecida tamb\u00e9m como Estatuto da Pessoa com Defici\u00eancia, que entrou em vigor em janeiro de 2016, determina em seu Art. 45., \u00a7 1\u00ba, que \u201c<em>os estabelecimentos j\u00e1 existentes dever\u00e3o disponibilizar, pelo menos, 10% (dez por cento) de seus dormit\u00f3rios acess\u00edveis, garantida, no m\u00ednimo, 1 (uma) unidade acess\u00edvel<\/em>\u201d. A demanda da popula\u00e7\u00e3o para esse quesito gera debate h\u00e1 anos e o assunto tamb\u00e9m conta com Projetos de Lei tramitando em casas legislativas de v\u00e1rios estados.<\/p>\n<p>A NBR 9050:2015, norma da Associa\u00e7\u00e3o Brasileira de Normas T\u00e9cnicas (ABNT) determina que os dormit\u00f3rios acess\u00edveis com banheiros n\u00e3o podem estar isolados dos demais, mas distribu\u00eddos por todos a edifica\u00e7\u00e3o e deve contar com rota acess\u00edvel. A norma tamb\u00e9m estabelece as dimens\u00f5es dos dormit\u00f3rios, da altura das camas, entre outras especifica\u00e7\u00f5es, como sinal luminoso e controle de volume de som em telefones e interfones<\/p>\n<p>Acompanhe as considera\u00e7\u00f5es de alguns dos entrevistados sobre os diversos pontos abordados:<\/p>\n<p>\u201cA minha opini\u00e3o \u00e9 voc\u00ea conversar sobre isso, falar mesmo, buscar a informa\u00e7\u00e3o de um especialista, n\u00e9? Muitas pessoas n\u00e3o t\u00eam esse acesso e n\u00e3o sabem o que acontece com o corpo depois de uma les\u00e3o medular\u201d <strong>\u2013 Lucas Junqueira<\/strong><\/p>\n<p>\u201cUm cara da mesa da frente est\u00e1 me paquerando, por exemplo. Se eu levanto e vou ao banheiro, ele v\u00ea que eu uso pr\u00f3tese, quando eu sentar de novo ele n\u00e3o vai olhar. Teoricamente, na vis\u00e3o das pessoas, deficientes n\u00e3o podem ter sexo casual, por exemplo\u201d <strong>\u2013 Ana Kelly<\/strong><\/p>\n<p>\u201cOs cadeirantes s\u00e3o tratados de forma infantilizada. Ent\u00e3o o sexo e a parte afetiva n\u00e3o s\u00e3o vistos como algo importante ainda para o deficiente. Mas \u00e9, como \u00e9 para todo mundo\u201d <strong>\u2013 Paulo Fabi\u00e3o<\/strong><\/p>\n<p>&nbsp;<\/p>\n<p><strong>Webs\u00e9rie <em>Todos Diferentes e Todos Iguais<\/em><\/strong><\/p>\n<p><em>Amor &amp; Sexo <\/em>\u00e9 o quarto epis\u00f3dio e marca o encerramento da Webs\u00e9rie <strong><em>Todos Diferentes e Todos Iguais<\/em><\/strong>, a\u00e7\u00e3o em quatro epis\u00f3dios da Sompo Seguros, produzida pela RMA Comunica\u00e7\u00e3o, que se vale das opini\u00f5es para apresentar, por meio de trechos de entrevistas intercalados, as percep\u00e7\u00f5es dos quatros convidados sobre diferentes temas. O resultado \u00e9 a constru\u00e7\u00e3o de uma narrativa que busca mostrar que a defici\u00eancia f\u00edsica \u00e9 uma condi\u00e7\u00e3o, mas n\u00e3o \u00e9 o que determina quem a pessoa \u00e9 enquanto indiv\u00edduo e cidad\u00e3o ativo na sociedade.<\/p>\n<p>A Webs\u00e9rie entrou em veicula\u00e7\u00e3o em 27 de setembro e os tr\u00eas epis\u00f3dios anteriores j\u00e1 superaram a audi\u00eancia de mais de cinco milh\u00f5es de pessoas. Os v\u00eddeos tratam dos temas <em>Sociedade<\/em> (<strong><a href=\"http:\/\/bit.ly\/TDTIguais\" target=\"_blank\" data-saferedirecturl=\"https:\/\/www.google.com\/url?hl=pt-BR&amp;q=http:\/\/bit.ly\/TDTIguais&amp;source=gmail&amp;ust=1508450177896000&amp;usg=AFQjCNFPP_nZQd1bnQd4MAVMZaSvCWzD-A\" rel=\"noopener\">http:\/\/bit.ly\/TDTIguais<\/a><\/strong>), <em>Lazer <\/em>(<strong><a href=\"http:\/\/bit.ly\/TDTILazer\" target=\"_blank\" data-saferedirecturl=\"https:\/\/www.google.com\/url?hl=pt-BR&amp;q=http:\/\/bit.ly\/TDTILazer&amp;source=gmail&amp;ust=1508450177896000&amp;usg=AFQjCNExxLSLJ3LhslGZVY4dE4oUlfp2AA\" rel=\"noopener\">http:\/\/bit.ly\/TDTILazer<\/a><\/strong>) e <em>Trabalho <\/em><strong>(<a href=\"http:\/\/bit.ly\/TDTITrab\" target=\"_blank\" data-saferedirecturl=\"https:\/\/www.google.com\/url?hl=pt-BR&amp;q=http:\/\/bit.ly\/TDTITrab&amp;source=gmail&amp;ust=1508450177896000&amp;usg=AFQjCNHodOj2EnQTv-5tzrxXJlDFsVFXzg\" rel=\"noopener\">http:\/\/bit.ly\/TDTITrab<\/a>)<\/strong>.<\/p>\n<p>&nbsp;<\/p>\n<p><strong>Webs\u00e9ries Sompo Seguros<\/strong><\/p>\n<p><strong><em>Todos Diferentes e Todos Iguais <\/em><\/strong>\u00e9 a terceira Webs\u00e9rie lan\u00e7ada pela Sompo Seguros. A companhia passou a trabalhar com novas ferramentas narrativas em seus canais de comunica\u00e7\u00e3o a fim de estabelecer um ciclo de comunica\u00e7\u00e3o com o consumidor, traduzindo o conceito da companhia \u201cVoc\u00ea Sempre Bem\u201d por meio de hist\u00f3rias de empoderamento, que estimulem atitudes positivas que mudam o mundo.<\/p>\n<p>A primeira Webs\u00e9rie de oito epis\u00f3dios, lan\u00e7ados entre novembro e dezembro de 2015, apresentou hist\u00f3rias reais de seis pessoas que fazem a diferen\u00e7a na vida do pr\u00f3ximo com atitudes simples, mas essenciais. Os seis personagens s\u00e3o pessoas comuns que decidiram realizar a\u00e7\u00f5es volunt\u00e1rias em prol de uma causa. Estimulados por diferentes motiva\u00e7\u00f5es, mas tendo em comum a ideia de que pequenas atitudes podem gerar grandes transforma\u00e7\u00f5es, os personagens s\u00e3o exemplos de que uma pessoa com vontade e iniciativa para se dedicar parte de seu tempo em benef\u00edcio do pr\u00f3ximo pode influenciar seu entorno e contribuir com mudan\u00e7as fundamentais na sociedade e na vida de outras pessoas.<\/p>\n<p>J\u00e1 a segunda Webs\u00e9rie, tamb\u00e9m apresentou em seis epis\u00f3dios veiculados entre 25 de janeiro e 1 de mar\u00e7o deste ano, relatos de seis pessoas que superaram dificuldades, conquistaram objetivos que n\u00e3o s\u00f3 mudaram suas vidas, mas tamb\u00e9m os estimularam a fazer do pr\u00f3prio exemplo uma ferramenta de transforma\u00e7\u00e3o.<\/p>\n<p>\u201cA ideia \u00e9 mostrar que somos todos agentes de transforma\u00e7\u00e3o, que podemos contribuir com nossas atitudes com uma sociedade mais inclusiva, justa e que propicie o bem-estar das pessoas\u201d, ressalta Gouw.<\/p>\n<p>Todos os epis\u00f3dios das Webs\u00e9ries podem ser conferidos no <strong><a href=\"https:\/\/www.youtube.com\/c\/SompoSeguros\" target=\"_blank\" data-saferedirecturl=\"https:\/\/www.google.com\/url?hl=pt-BR&amp;q=https:\/\/www.youtube.com\/c\/SompoSeguros&amp;source=gmail&amp;ust=1508450177896000&amp;usg=AFQjCNGsXOss8vv6rF08Ku2RwE92TpQGUw\" rel=\"noopener\">Canal do Youtube<\/a><\/strong> <strong>da Sompo Seguros.<\/strong><\/p>\n","protected":false},"excerpt":{"rendered":"<p>Todos Diferentes e Todos Iguais \u00e9 a terceira Webs\u00e9rie lan\u00e7ada pela Sompo Seguros. A companhia passou a trabalhar com novas ferramentas narrativas em seus canais de comunica\u00e7\u00e3o a fim de estabelecer um ciclo de comunica\u00e7\u00e3o com o consumidor, traduzindo o conceito da companhia \u201cVoc\u00ea Sempre Bem\u201d por meio de hist\u00f3rias de empoderamento, que estimulem atitudes positivas que mudam o mundo.<\/p>\n","protected":false},"author":1,"featured_media":0,"comment_status":"open","ping_status":"open","sticky":false,"template":"","format":"standard","meta":{"site-container-style":"default","site-container-layout":"default","site-sidebar-layout":"default","disable-article-header":"default","disable-site-header":"default","disable-site-footer":"default","disable-content-area-spacing":"default","footnotes":""},"categories":[4],"tags":[340,77],"class_list":["post-30721","post","type-post","status-publish","format-standard","hentry","category-noticias","tag-pessoa-com-deficiencia","tag-sexualidade"],"yoast_head":"<!-- This site is optimized with the Yoast SEO plugin v27.4 - https:\/\/yoast.com\/product\/yoast-seo-wordpress\/ -->\n<title>Amor &amp; sexo da pessoa com defici\u00eancia entra em debate no epis\u00f3dio de encerramento da Webs\u00e9rie da Sompo Seguros -<\/title>\n<meta name=\"robots\" content=\"index, follow, max-snippet:-1, max-image-preview:large, max-video-preview:-1\" \/>\n<link rel=\"canonical\" href=\"https:\/\/inclusivenews.com.br\/?p=30721\" \/>\n<meta property=\"og:locale\" content=\"pt_PT\" \/>\n<meta property=\"og:type\" content=\"article\" \/>\n<meta property=\"og:title\" content=\"Amor &amp; sexo da pessoa com defici\u00eancia entra em debate no epis\u00f3dio de encerramento da Webs\u00e9rie da Sompo Seguros -\" \/>\n<meta property=\"og:description\" content=\"Todos Diferentes e Todos Iguais \u00e9 a terceira Webs\u00e9rie lan\u00e7ada pela Sompo Seguros. A companhia passou a trabalhar com novas ferramentas narrativas em seus canais de comunica\u00e7\u00e3o a fim de estabelecer um ciclo de comunica\u00e7\u00e3o com o consumidor, traduzindo o conceito da companhia \u201cVoc\u00ea Sempre Bem\u201d por meio de hist\u00f3rias de empoderamento, que estimulem atitudes positivas que mudam o mundo.\" \/>\n<meta property=\"og:url\" content=\"https:\/\/inclusivenews.com.br\/?p=30721\" \/>\n<meta property=\"article:publisher\" content=\"https:\/\/www.facebook.com\/agenciainclusive\/\" \/>\n<meta property=\"article:published_time\" content=\"2017-10-18T22:24:01+00:00\" \/>\n<meta property=\"og:image\" content=\"http:\/\/inclusivenews.com.br\/wp-content\/uploads\/defsex1.jpg\" \/>\n<meta name=\"author\" content=\"inclusivenews2024\" \/>\n<meta name=\"twitter:card\" content=\"summary_large_image\" \/>\n<meta name=\"twitter:label1\" content=\"Escrito por\" \/>\n\t<meta name=\"twitter:data1\" content=\"inclusivenews2024\" \/>\n\t<meta name=\"twitter:label2\" content=\"Tempo estimado de leitura\" \/>\n\t<meta name=\"twitter:data2\" content=\"5 minutos\" \/>\n<script type=\"application\/ld+json\" class=\"yoast-schema-graph\">{\"@context\":\"https:\\\/\\\/schema.org\",\"@graph\":[{\"@type\":\"Article\",\"@id\":\"https:\\\/\\\/inclusivenews.com.br\\\/?p=30721#article\",\"isPartOf\":{\"@id\":\"https:\\\/\\\/inclusivenews.com.br\\\/?p=30721\"},\"author\":{\"name\":\"inclusivenews2024\",\"@id\":\"https:\\\/\\\/inclusivenews.com.br\\\/#\\\/schema\\\/person\\\/ae4ec7087559b8692fb33b6fffd2273b\"},\"headline\":\"Amor &amp; sexo da pessoa com defici\u00eancia entra em debate no epis\u00f3dio de encerramento da Webs\u00e9rie da Sompo Seguros\",\"datePublished\":\"2017-10-18T22:24:01+00:00\",\"mainEntityOfPage\":{\"@id\":\"https:\\\/\\\/inclusivenews.com.br\\\/?p=30721\"},\"wordCount\":1095,\"commentCount\":0,\"publisher\":{\"@id\":\"https:\\\/\\\/inclusivenews.com.br\\\/#organization\"},\"image\":{\"@id\":\"https:\\\/\\\/inclusivenews.com.br\\\/?p=30721#primaryimage\"},\"thumbnailUrl\":\"http:\\\/\\\/inclusivenews.com.br\\\/wp-content\\\/uploads\\\/defsex1.jpg\",\"keywords\":[\"pessoa com defici\u00eancia\",\"Sexualidade\"],\"articleSection\":[\"NOT\u00cdCIAS\"],\"inLanguage\":\"pt-PT\",\"potentialAction\":[{\"@type\":\"CommentAction\",\"name\":\"Comment\",\"target\":[\"https:\\\/\\\/inclusivenews.com.br\\\/?p=30721#respond\"]}]},{\"@type\":\"WebPage\",\"@id\":\"https:\\\/\\\/inclusivenews.com.br\\\/?p=30721\",\"url\":\"https:\\\/\\\/inclusivenews.com.br\\\/?p=30721\",\"name\":\"Amor &amp; sexo da pessoa com defici\u00eancia entra em debate no epis\u00f3dio de encerramento da Webs\u00e9rie da Sompo Seguros -\",\"isPartOf\":{\"@id\":\"https:\\\/\\\/inclusivenews.com.br\\\/#website\"},\"primaryImageOfPage\":{\"@id\":\"https:\\\/\\\/inclusivenews.com.br\\\/?p=30721#primaryimage\"},\"image\":{\"@id\":\"https:\\\/\\\/inclusivenews.com.br\\\/?p=30721#primaryimage\"},\"thumbnailUrl\":\"http:\\\/\\\/inclusivenews.com.br\\\/wp-content\\\/uploads\\\/defsex1.jpg\",\"datePublished\":\"2017-10-18T22:24:01+00:00\",\"breadcrumb\":{\"@id\":\"https:\\\/\\\/inclusivenews.com.br\\\/?p=30721#breadcrumb\"},\"inLanguage\":\"pt-PT\",\"potentialAction\":[{\"@type\":\"ReadAction\",\"target\":[\"https:\\\/\\\/inclusivenews.com.br\\\/?p=30721\"]}]},{\"@type\":\"ImageObject\",\"inLanguage\":\"pt-PT\",\"@id\":\"https:\\\/\\\/inclusivenews.com.br\\\/?p=30721#primaryimage\",\"url\":\"\",\"contentUrl\":\"\"},{\"@type\":\"BreadcrumbList\",\"@id\":\"https:\\\/\\\/inclusivenews.com.br\\\/?p=30721#breadcrumb\",\"itemListElement\":[{\"@type\":\"ListItem\",\"position\":1,\"name\":\"In\u00edcio\",\"item\":\"https:\\\/\\\/inclusivenews.com.br\\\/\"},{\"@type\":\"ListItem\",\"position\":2,\"name\":\"Amor &amp; sexo da pessoa com defici\u00eancia entra em debate no epis\u00f3dio de encerramento da Webs\u00e9rie da Sompo Seguros\"}]},{\"@type\":\"WebSite\",\"@id\":\"https:\\\/\\\/inclusivenews.com.br\\\/#website\",\"url\":\"https:\\\/\\\/inclusivenews.com.br\\\/\",\"name\":\"Inclusive News\",\"description\":\"Inclusive News\",\"publisher\":{\"@id\":\"https:\\\/\\\/inclusivenews.com.br\\\/#organization\"},\"potentialAction\":[{\"@type\":\"SearchAction\",\"target\":{\"@type\":\"EntryPoint\",\"urlTemplate\":\"https:\\\/\\\/inclusivenews.com.br\\\/?s={search_term_string}\"},\"query-input\":{\"@type\":\"PropertyValueSpecification\",\"valueRequired\":true,\"valueName\":\"search_term_string\"}}],\"inLanguage\":\"pt-PT\"},{\"@type\":\"Organization\",\"@id\":\"https:\\\/\\\/inclusivenews.com.br\\\/#organization\",\"name\":\"Inclusive - inclus\u00e3o e cidadania\",\"url\":\"https:\\\/\\\/inclusivenews.com.br\\\/\",\"logo\":{\"@type\":\"ImageObject\",\"inLanguage\":\"pt-PT\",\"@id\":\"https:\\\/\\\/inclusivenews.com.br\\\/#\\\/schema\\\/logo\\\/image\\\/\",\"url\":\"https:\\\/\\\/inclusivenews.com.br\\\/wp-content\\\/uploads\\\/2024\\\/03\\\/@grandesite.png\",\"contentUrl\":\"https:\\\/\\\/inclusivenews.com.br\\\/wp-content\\\/uploads\\\/2024\\\/03\\\/@grandesite.png\",\"width\":1080,\"height\":1080,\"caption\":\"Inclusive - inclus\u00e3o e cidadania\"},\"image\":{\"@id\":\"https:\\\/\\\/inclusivenews.com.br\\\/#\\\/schema\\\/logo\\\/image\\\/\"},\"sameAs\":[\"https:\\\/\\\/www.facebook.com\\\/agenciainclusive\\\/\",\"https:\\\/\\\/www.instagram.com\\\/newsinclusive\\\/\"]},{\"@type\":\"Person\",\"@id\":\"https:\\\/\\\/inclusivenews.com.br\\\/#\\\/schema\\\/person\\\/ae4ec7087559b8692fb33b6fffd2273b\",\"name\":\"inclusivenews2024\",\"image\":{\"@type\":\"ImageObject\",\"inLanguage\":\"pt-PT\",\"@id\":\"https:\\\/\\\/secure.gravatar.com\\\/avatar\\\/c5a7ef84c66fa914f55bc4f7ce26cfa275a3b9a1c5568b907bd184fb4dde7b40?s=96&d=mm&r=g\",\"url\":\"https:\\\/\\\/secure.gravatar.com\\\/avatar\\\/c5a7ef84c66fa914f55bc4f7ce26cfa275a3b9a1c5568b907bd184fb4dde7b40?s=96&d=mm&r=g\",\"contentUrl\":\"https:\\\/\\\/secure.gravatar.com\\\/avatar\\\/c5a7ef84c66fa914f55bc4f7ce26cfa275a3b9a1c5568b907bd184fb4dde7b40?s=96&d=mm&r=g\",\"caption\":\"inclusivenews2024\"},\"sameAs\":[\"https:\\\/\\\/inclusivenews.com.br\"],\"url\":\"https:\\\/\\\/inclusivenews.com.br\\\/?author=1\"}]}<\/script>\n<!-- \/ Yoast SEO plugin. -->","yoast_head_json":{"title":"Amor &amp; sexo da pessoa com defici\u00eancia entra em debate no epis\u00f3dio de encerramento da Webs\u00e9rie da Sompo Seguros -","robots":{"index":"index","follow":"follow","max-snippet":"max-snippet:-1","max-image-preview":"max-image-preview:large","max-video-preview":"max-video-preview:-1"},"canonical":"https:\/\/inclusivenews.com.br\/?p=30721","og_locale":"pt_PT","og_type":"article","og_title":"Amor &amp; sexo da pessoa com defici\u00eancia entra em debate no epis\u00f3dio de encerramento da Webs\u00e9rie da Sompo Seguros -","og_description":"Todos Diferentes e Todos Iguais \u00e9 a terceira Webs\u00e9rie lan\u00e7ada pela Sompo Seguros. A companhia passou a trabalhar com novas ferramentas narrativas em seus canais de comunica\u00e7\u00e3o a fim de estabelecer um ciclo de comunica\u00e7\u00e3o com o consumidor, traduzindo o conceito da companhia \u201cVoc\u00ea Sempre Bem\u201d por meio de hist\u00f3rias de empoderamento, que estimulem atitudes positivas que mudam o mundo.","og_url":"https:\/\/inclusivenews.com.br\/?p=30721","article_publisher":"https:\/\/www.facebook.com\/agenciainclusive\/","article_published_time":"2017-10-18T22:24:01+00:00","og_image":[{"url":"http:\/\/inclusivenews.com.br\/wp-content\/uploads\/defsex1.jpg","type":"","width":"","height":""}],"author":"inclusivenews2024","twitter_card":"summary_large_image","twitter_misc":{"Escrito por":"inclusivenews2024","Tempo estimado de leitura":"5 minutos"},"schema":{"@context":"https:\/\/schema.org","@graph":[{"@type":"Article","@id":"https:\/\/inclusivenews.com.br\/?p=30721#article","isPartOf":{"@id":"https:\/\/inclusivenews.com.br\/?p=30721"},"author":{"name":"inclusivenews2024","@id":"https:\/\/inclusivenews.com.br\/#\/schema\/person\/ae4ec7087559b8692fb33b6fffd2273b"},"headline":"Amor &amp; sexo da pessoa com defici\u00eancia entra em debate no epis\u00f3dio de encerramento da Webs\u00e9rie da Sompo Seguros","datePublished":"2017-10-18T22:24:01+00:00","mainEntityOfPage":{"@id":"https:\/\/inclusivenews.com.br\/?p=30721"},"wordCount":1095,"commentCount":0,"publisher":{"@id":"https:\/\/inclusivenews.com.br\/#organization"},"image":{"@id":"https:\/\/inclusivenews.com.br\/?p=30721#primaryimage"},"thumbnailUrl":"http:\/\/inclusivenews.com.br\/wp-content\/uploads\/defsex1.jpg","keywords":["pessoa com defici\u00eancia","Sexualidade"],"articleSection":["NOT\u00cdCIAS"],"inLanguage":"pt-PT","potentialAction":[{"@type":"CommentAction","name":"Comment","target":["https:\/\/inclusivenews.com.br\/?p=30721#respond"]}]},{"@type":"WebPage","@id":"https:\/\/inclusivenews.com.br\/?p=30721","url":"https:\/\/inclusivenews.com.br\/?p=30721","name":"Amor &amp; sexo da pessoa com defici\u00eancia entra em debate no epis\u00f3dio de encerramento da Webs\u00e9rie da Sompo Seguros -","isPartOf":{"@id":"https:\/\/inclusivenews.com.br\/#website"},"primaryImageOfPage":{"@id":"https:\/\/inclusivenews.com.br\/?p=30721#primaryimage"},"image":{"@id":"https:\/\/inclusivenews.com.br\/?p=30721#primaryimage"},"thumbnailUrl":"http:\/\/inclusivenews.com.br\/wp-content\/uploads\/defsex1.jpg","datePublished":"2017-10-18T22:24:01+00:00","breadcrumb":{"@id":"https:\/\/inclusivenews.com.br\/?p=30721#breadcrumb"},"inLanguage":"pt-PT","potentialAction":[{"@type":"ReadAction","target":["https:\/\/inclusivenews.com.br\/?p=30721"]}]},{"@type":"ImageObject","inLanguage":"pt-PT","@id":"https:\/\/inclusivenews.com.br\/?p=30721#primaryimage","url":"","contentUrl":""},{"@type":"BreadcrumbList","@id":"https:\/\/inclusivenews.com.br\/?p=30721#breadcrumb","itemListElement":[{"@type":"ListItem","position":1,"name":"In\u00edcio","item":"https:\/\/inclusivenews.com.br\/"},{"@type":"ListItem","position":2,"name":"Amor &amp; sexo da pessoa com defici\u00eancia entra em debate no epis\u00f3dio de encerramento da Webs\u00e9rie da Sompo Seguros"}]},{"@type":"WebSite","@id":"https:\/\/inclusivenews.com.br\/#website","url":"https:\/\/inclusivenews.com.br\/","name":"Inclusive News","description":"Inclusive News","publisher":{"@id":"https:\/\/inclusivenews.com.br\/#organization"},"potentialAction":[{"@type":"SearchAction","target":{"@type":"EntryPoint","urlTemplate":"https:\/\/inclusivenews.com.br\/?s={search_term_string}"},"query-input":{"@type":"PropertyValueSpecification","valueRequired":true,"valueName":"search_term_string"}}],"inLanguage":"pt-PT"},{"@type":"Organization","@id":"https:\/\/inclusivenews.com.br\/#organization","name":"Inclusive - inclus\u00e3o e cidadania","url":"https:\/\/inclusivenews.com.br\/","logo":{"@type":"ImageObject","inLanguage":"pt-PT","@id":"https:\/\/inclusivenews.com.br\/#\/schema\/logo\/image\/","url":"https:\/\/inclusivenews.com.br\/wp-content\/uploads\/2024\/03\/@grandesite.png","contentUrl":"https:\/\/inclusivenews.com.br\/wp-content\/uploads\/2024\/03\/@grandesite.png","width":1080,"height":1080,"caption":"Inclusive - inclus\u00e3o e cidadania"},"image":{"@id":"https:\/\/inclusivenews.com.br\/#\/schema\/logo\/image\/"},"sameAs":["https:\/\/www.facebook.com\/agenciainclusive\/","https:\/\/www.instagram.com\/newsinclusive\/"]},{"@type":"Person","@id":"https:\/\/inclusivenews.com.br\/#\/schema\/person\/ae4ec7087559b8692fb33b6fffd2273b","name":"inclusivenews2024","image":{"@type":"ImageObject","inLanguage":"pt-PT","@id":"https:\/\/secure.gravatar.com\/avatar\/c5a7ef84c66fa914f55bc4f7ce26cfa275a3b9a1c5568b907bd184fb4dde7b40?s=96&d=mm&r=g","url":"https:\/\/secure.gravatar.com\/avatar\/c5a7ef84c66fa914f55bc4f7ce26cfa275a3b9a1c5568b907bd184fb4dde7b40?s=96&d=mm&r=g","contentUrl":"https:\/\/secure.gravatar.com\/avatar\/c5a7ef84c66fa914f55bc4f7ce26cfa275a3b9a1c5568b907bd184fb4dde7b40?s=96&d=mm&r=g","caption":"inclusivenews2024"},"sameAs":["https:\/\/inclusivenews.com.br"],"url":"https:\/\/inclusivenews.com.br\/?author=1"}]}},"_links":{"self":[{"href":"https:\/\/inclusivenews.com.br\/index.php?rest_route=\/wp\/v2\/posts\/30721","targetHints":{"allow":["GET"]}}],"collection":[{"href":"https:\/\/inclusivenews.com.br\/index.php?rest_route=\/wp\/v2\/posts"}],"about":[{"href":"https:\/\/inclusivenews.com.br\/index.php?rest_route=\/wp\/v2\/types\/post"}],"author":[{"embeddable":true,"href":"https:\/\/inclusivenews.com.br\/index.php?rest_route=\/wp\/v2\/users\/1"}],"replies":[{"embeddable":true,"href":"https:\/\/inclusivenews.com.br\/index.php?rest_route=%2Fwp%2Fv2%2Fcomments&post=30721"}],"version-history":[{"count":0,"href":"https:\/\/inclusivenews.com.br\/index.php?rest_route=\/wp\/v2\/posts\/30721\/revisions"}],"wp:attachment":[{"href":"https:\/\/inclusivenews.com.br\/index.php?rest_route=%2Fwp%2Fv2%2Fmedia&parent=30721"}],"wp:term":[{"taxonomy":"category","embeddable":true,"href":"https:\/\/inclusivenews.com.br\/index.php?rest_route=%2Fwp%2Fv2%2Fcategories&post=30721"},{"taxonomy":"post_tag","embeddable":true,"href":"https:\/\/inclusivenews.com.br\/index.php?rest_route=%2Fwp%2Fv2%2Ftags&post=30721"}],"curies":[{"name":"wp","href":"https:\/\/api.w.org\/{rel}","templated":true}]}}