{"id":30742,"date":"2017-11-13T19:26:40","date_gmt":"2017-11-13T22:26:40","guid":{"rendered":"http:\/\/www.inclusive.org.br\/?p=30742"},"modified":"2017-11-13T19:26:40","modified_gmt":"2017-11-13T22:26:40","slug":"milhares-de-trabalhadores-esperam-mais-de-10-anos-para-ter-uma-protese-e-governo-nao-libera-fgts","status":"publish","type":"post","link":"https:\/\/inclusivenews.com.br\/?p=30742","title":{"rendered":"Milhares de trabalhadores esperam mais de 10 anos para ter uma pr\u00f3tese e governo n\u00e3o libera FGTS"},"content":{"rendered":"<figure id=\"attachment_30743\" aria-describedby=\"caption-attachment-30743\" style=\"width: 590px\" class=\"wp-caption alignnone\"><img loading=\"lazy\" decoding=\"async\" class=\"wp-image-30743 size-full\" src=\"http:\/\/inclusivenews.com.br\/wp-content\/uploads\/proteses.jpg\" alt=\"Pr\u00f3teses de v\u00e1rias esp\u00e9cies lado a lado\" width=\"590\" height=\"218\" \/><figcaption id=\"caption-attachment-30743\" class=\"wp-caption-text\">Pr\u00f3teses de v\u00e1rias esp\u00e9cies lado a lado<\/figcaption><\/figure>\n<p><em>Por Mario Avelino *<\/em><\/p>\n<p>Milhares de trabalhadores, j\u00e1 poderiam ter voltado a trabalhar, ou ter dignidade em resolver seus problemas de defici\u00eancia, h\u00e1 pelo menos 22 meses se a Lei do Estatuto da Pessoa com Defici\u00eancia, fosse respeitada em seu Artigo 99, que instituiu o saque do Fundo de Garantia do Tempo de Servi\u00e7o \u2013 FGTS, para a compra de \u00f3rtese ou pr\u00f3tese, conforme abaixo:<\/p>\n<blockquote><p><em>Art. 99.\u00a0 O art. 20 da\u00a0<a href=\"http:\/\/www.planalto.gov.br\/ccivil_03\/LEIS\/L8036consol.htm\" data-saferedirecturl=\"https:\/\/www.google.com\/url?hl=pt-BR&amp;q=http:\/\/www.planalto.gov.br\/ccivil_03\/LEIS\/L8036consol.htm&amp;source=gmail&amp;ust=1510697882878000&amp;usg=AFQjCNFhoyIHCexGBe8gLlUOyp_yEXN9Kw\">Lei n<sup>o<\/sup>\u00a08.036, de 11 de maio de 1990<\/a>, passa a vigorar acrescido do seguinte inciso XVIII:<\/em><\/p>\n<p><em>\u201cArt. 20. \u00a0&#8230;&#8230;&#8230;&#8230;&#8230;&#8230;&#8230;&#8230;&#8230;&#8230;&#8230;&#8230;&#8230;&#8230;&#8230;&#8230;&#8230;&#8230;&#8230;&#8230;&#8230;&#8230;&#8230;.<\/em><\/p>\n<p><em><a href=\"http:\/\/www.planalto.gov.br\/ccivil_03\/LEIS\/L8036consol.htm#art20xviii\" data-saferedirecturl=\"https:\/\/www.google.com\/url?hl=pt-BR&amp;q=http:\/\/www.planalto.gov.br\/ccivil_03\/LEIS\/L8036consol.htm%23art20xviii&amp;source=gmail&amp;ust=1510697882879000&amp;usg=AFQjCNHxe5rgyQuGkCIdbYV3KBKgcBsWyg\">XVIII &#8211;<\/a>\u00a0quando o trabalhador com defici\u00eancia, por prescri\u00e7\u00e3o, necessite adquirir \u00f3rtese ou pr\u00f3tese para promo\u00e7\u00e3o de acessibilidade e de inclus\u00e3o social.<\/em><\/p><\/blockquote>\n<p>No dia 6 de julho de 2015, h\u00e1 exatamente dois anos e quatro meses, foi sancionada a\u00a0 <strong><a href=\"http:\/\/legislacao.planalto.gov.br\/legisla\/legislacao.nsf\/Viw_Identificacao\/lei%2013.146-2015?OpenDocument\" data-saferedirecturl=\"https:\/\/www.google.com\/url?hl=pt-BR&amp;q=http:\/\/legislacao.planalto.gov.br\/legisla\/legislacao.nsf\/Viw_Identificacao\/lei%252013.146-2015?OpenDocument&amp;source=gmail&amp;ust=1510697882879000&amp;usg=AFQjCNFA8ae-ME-I62jOTz1DzPg2muF7MQ\">Lei 13.146<\/a><\/strong>, que deveria come\u00e7ar a vigorar na sua totalidade a partir do dia 6\/01\/2016, h\u00e1 22 meses atr\u00e1s.<\/p>\n<p>O problema \u00e9 que at\u00e9 hoje o Conselho Curador do FGTS, com a desculpa de estar estudando evitar fraudes nos saques do FGTS, n\u00e3o regulamentou esta op\u00e7\u00e3o de saque. Todos sabem que infelizmente existem muitas fraudes de fabricantes de pr\u00f3teses mancomunados com maus m\u00e9dicos, como foi levantado pela opera\u00e7\u00e3o <strong>Fatura Exposta<\/strong> da Policia Federal, que investiga desvios de mais de R$ 300 milh\u00f5es. Mas isso n\u00e3o justifica 28 meses sem liberar este tipo de saque, prejudicando estes milhares de trabalhadores, onde muitos sofreram Acidente de Trabalho, possuem dinheiro no FGTS e n\u00e3o podem sacar o seu dinheiro para ter o m\u00ednimo de dignidade, j\u00e1 que o Estado n\u00e3o cumpre suas obriga\u00e7\u00f5es. Por outro lado, quanto mais cedo o trabalhador retorna ao trabalho, menos custo tem a Previd\u00eancia Social com o pagamento de benef\u00edcios, e come\u00e7a a receber contribui\u00e7\u00e3o, diminuindo um pouco o d\u00e9ficit da Previd\u00eancia.<\/p>\n<p>No Pa\u00eds, s\u00e3o <strong>182 mi<\/strong>l pessoas na fila por cirurgias em tr\u00e1umato-ortopedia (Pr\u00f3tese e \u00f3rtese), segundo o Sistema Nacional de Regula\u00e7\u00e3o do Minist\u00e9rio da Sa\u00fade.<\/p>\n<p>De acordo com o INTO, a fila de espera dos pacientes \u00e9 din\u00e2mica, na qual todos os dias ingressam novos pacientes via sistemas estadual (SER) e municipal de regula\u00e7\u00e3o (Sisreg), al\u00e9m da Central Nacional de Regula\u00e7\u00e3o de Alta Complexidade (CNRAC).<\/p>\n<p>No estado do Rio de Janeiro, de acordo com o INTO, em cinco anos, o instituto ampliou a sede e reduziu a fila cir\u00fargica de 22 mil para 11.123 cirurgias em espera (dado de 15\/08\/2017). No 1\u00ba semestre deste ano, realizou 4.323 cirurgias. No per\u00edodo, foram 108.389 consultas ambulatoriais.<\/p>\n<p>Provavelmente, as filas poderiam diminuir muito mais, se os trabalhadores pudessem sacar seu Fundo de Garantia para comprar suas pr\u00f3teses e \u00f3rteses, e at\u00e9 de melhor qualidade, pois muitas das pr\u00f3teses do SUS n\u00e3o s\u00e3o as mais adequadas para os pacientes.<\/p>\n<p>Enquanto o Conselho Curador do FGTS n\u00e3o libere os saques j\u00e1 aprovados em Lei, o governo quer desfalcar o Fundo de Garantia, para garantir empr\u00e9stimos consignados, dinheiro para os Bancos, e que n\u00e3o vai ajudar em nada a movimentar a economia, ver minha analise em Medida do Governo para uso do Fundo de Garantia em empr\u00e9stimo consignado \u00e9 indecente, imoral e in\u00f3cua,<\/p>\n<p>A pergunta \u00e9, <strong>\u201cAt\u00e9 quando os trabalhadores deficientes v\u00e3o continuar sendo desrespeitados e ficar esperando a boa vontade do Conselho Curador do FGTS em liberar os saques para a compra de \u00f3rtese e pr\u00f3teses?\u201d.<\/strong><\/p>\n<p><em>* Mario Avelino \u2013 Presidente do Instituto Fundo Devido ao Trabalhador.<\/em><\/p>\n","protected":false},"excerpt":{"rendered":"<p>Milhares de trabalhadores, j\u00e1 poderiam ter voltado a trabalhar, ou ter dignidade em resolver seus problemas de defici\u00eancia, h\u00e1 pelo menos 22 meses se a Lei do Estatuto da Pessoa com Defici\u00eancia, fosse respeitada em seu Artigo 99, que instituiu o saque do Fundo de Garantia do Tempo de Servi\u00e7o \u2013 FGTS, para a compra de \u00f3rtese ou pr\u00f3tese.<\/p>\n","protected":false},"author":1,"featured_media":0,"comment_status":"open","ping_status":"open","sticky":false,"template":"","format":"standard","meta":{"site-container-style":"default","site-container-layout":"default","site-sidebar-layout":"default","disable-article-header":"default","disable-site-header":"default","disable-site-footer":"default","disable-content-area-spacing":"default","footnotes":""},"categories":[4,414],"tags":[],"class_list":["post-30742","post","type-post","status-publish","format-standard","hentry","category-noticias","category-show"],"yoast_head":"<!-- This site is optimized with the Yoast SEO plugin v27.4 - https:\/\/yoast.com\/product\/yoast-seo-wordpress\/ -->\n<title>Milhares de trabalhadores esperam mais de 10 anos para ter uma pr\u00f3tese e governo n\u00e3o libera FGTS -<\/title>\n<meta name=\"robots\" content=\"index, follow, max-snippet:-1, max-image-preview:large, max-video-preview:-1\" \/>\n<link rel=\"canonical\" href=\"https:\/\/inclusivenews.com.br\/?p=30742\" \/>\n<meta property=\"og:locale\" content=\"pt_PT\" \/>\n<meta property=\"og:type\" content=\"article\" \/>\n<meta property=\"og:title\" content=\"Milhares de trabalhadores esperam mais de 10 anos para ter uma pr\u00f3tese e governo n\u00e3o libera FGTS -\" \/>\n<meta property=\"og:description\" content=\"Milhares de trabalhadores, j\u00e1 poderiam ter voltado a trabalhar, ou ter dignidade em resolver seus problemas de defici\u00eancia, h\u00e1 pelo menos 22 meses se a Lei do Estatuto da Pessoa com Defici\u00eancia, fosse respeitada em seu Artigo 99, que instituiu o saque do Fundo de Garantia do Tempo de Servi\u00e7o \u2013 FGTS, para a compra de \u00f3rtese ou pr\u00f3tese.\" \/>\n<meta property=\"og:url\" content=\"https:\/\/inclusivenews.com.br\/?p=30742\" \/>\n<meta property=\"article:publisher\" content=\"https:\/\/www.facebook.com\/agenciainclusive\/\" \/>\n<meta property=\"article:published_time\" content=\"2017-11-13T22:26:40+00:00\" \/>\n<meta property=\"og:image\" content=\"http:\/\/inclusivenews.com.br\/wp-content\/uploads\/proteses.jpg\" \/>\n<meta name=\"author\" content=\"inclusivenews2024\" \/>\n<meta name=\"twitter:card\" content=\"summary_large_image\" \/>\n<meta name=\"twitter:label1\" content=\"Escrito por\" \/>\n\t<meta name=\"twitter:data1\" content=\"inclusivenews2024\" \/>\n\t<meta name=\"twitter:label2\" content=\"Tempo estimado de leitura\" \/>\n\t<meta name=\"twitter:data2\" content=\"3 minutos\" \/>\n<script type=\"application\/ld+json\" class=\"yoast-schema-graph\">{\"@context\":\"https:\\\/\\\/schema.org\",\"@graph\":[{\"@type\":\"Article\",\"@id\":\"https:\\\/\\\/inclusivenews.com.br\\\/?p=30742#article\",\"isPartOf\":{\"@id\":\"https:\\\/\\\/inclusivenews.com.br\\\/?p=30742\"},\"author\":{\"name\":\"inclusivenews2024\",\"@id\":\"https:\\\/\\\/inclusivenews.com.br\\\/#\\\/schema\\\/person\\\/ae4ec7087559b8692fb33b6fffd2273b\"},\"headline\":\"Milhares de trabalhadores esperam mais de 10 anos para ter uma pr\u00f3tese e governo n\u00e3o libera FGTS\",\"datePublished\":\"2017-11-13T22:26:40+00:00\",\"mainEntityOfPage\":{\"@id\":\"https:\\\/\\\/inclusivenews.com.br\\\/?p=30742\"},\"wordCount\":612,\"commentCount\":0,\"publisher\":{\"@id\":\"https:\\\/\\\/inclusivenews.com.br\\\/#organization\"},\"image\":{\"@id\":\"https:\\\/\\\/inclusivenews.com.br\\\/?p=30742#primaryimage\"},\"thumbnailUrl\":\"http:\\\/\\\/inclusivenews.com.br\\\/wp-content\\\/uploads\\\/proteses.jpg\",\"articleSection\":[\"NOT\u00cdCIAS\",\"SHOW\"],\"inLanguage\":\"pt-PT\",\"potentialAction\":[{\"@type\":\"CommentAction\",\"name\":\"Comment\",\"target\":[\"https:\\\/\\\/inclusivenews.com.br\\\/?p=30742#respond\"]}]},{\"@type\":\"WebPage\",\"@id\":\"https:\\\/\\\/inclusivenews.com.br\\\/?p=30742\",\"url\":\"https:\\\/\\\/inclusivenews.com.br\\\/?p=30742\",\"name\":\"Milhares de trabalhadores esperam mais de 10 anos para ter uma pr\u00f3tese e governo n\u00e3o libera FGTS -\",\"isPartOf\":{\"@id\":\"https:\\\/\\\/inclusivenews.com.br\\\/#website\"},\"primaryImageOfPage\":{\"@id\":\"https:\\\/\\\/inclusivenews.com.br\\\/?p=30742#primaryimage\"},\"image\":{\"@id\":\"https:\\\/\\\/inclusivenews.com.br\\\/?p=30742#primaryimage\"},\"thumbnailUrl\":\"http:\\\/\\\/inclusivenews.com.br\\\/wp-content\\\/uploads\\\/proteses.jpg\",\"datePublished\":\"2017-11-13T22:26:40+00:00\",\"breadcrumb\":{\"@id\":\"https:\\\/\\\/inclusivenews.com.br\\\/?p=30742#breadcrumb\"},\"inLanguage\":\"pt-PT\",\"potentialAction\":[{\"@type\":\"ReadAction\",\"target\":[\"https:\\\/\\\/inclusivenews.com.br\\\/?p=30742\"]}]},{\"@type\":\"ImageObject\",\"inLanguage\":\"pt-PT\",\"@id\":\"https:\\\/\\\/inclusivenews.com.br\\\/?p=30742#primaryimage\",\"url\":\"\",\"contentUrl\":\"\"},{\"@type\":\"BreadcrumbList\",\"@id\":\"https:\\\/\\\/inclusivenews.com.br\\\/?p=30742#breadcrumb\",\"itemListElement\":[{\"@type\":\"ListItem\",\"position\":1,\"name\":\"In\u00edcio\",\"item\":\"https:\\\/\\\/inclusivenews.com.br\\\/\"},{\"@type\":\"ListItem\",\"position\":2,\"name\":\"Milhares de trabalhadores esperam mais de 10 anos para ter uma pr\u00f3tese e governo n\u00e3o libera FGTS\"}]},{\"@type\":\"WebSite\",\"@id\":\"https:\\\/\\\/inclusivenews.com.br\\\/#website\",\"url\":\"https:\\\/\\\/inclusivenews.com.br\\\/\",\"name\":\"Inclusive News\",\"description\":\"Inclusive News\",\"publisher\":{\"@id\":\"https:\\\/\\\/inclusivenews.com.br\\\/#organization\"},\"potentialAction\":[{\"@type\":\"SearchAction\",\"target\":{\"@type\":\"EntryPoint\",\"urlTemplate\":\"https:\\\/\\\/inclusivenews.com.br\\\/?s={search_term_string}\"},\"query-input\":{\"@type\":\"PropertyValueSpecification\",\"valueRequired\":true,\"valueName\":\"search_term_string\"}}],\"inLanguage\":\"pt-PT\"},{\"@type\":\"Organization\",\"@id\":\"https:\\\/\\\/inclusivenews.com.br\\\/#organization\",\"name\":\"Inclusive - inclus\u00e3o e cidadania\",\"url\":\"https:\\\/\\\/inclusivenews.com.br\\\/\",\"logo\":{\"@type\":\"ImageObject\",\"inLanguage\":\"pt-PT\",\"@id\":\"https:\\\/\\\/inclusivenews.com.br\\\/#\\\/schema\\\/logo\\\/image\\\/\",\"url\":\"https:\\\/\\\/inclusivenews.com.br\\\/wp-content\\\/uploads\\\/2024\\\/03\\\/@grandesite.png\",\"contentUrl\":\"https:\\\/\\\/inclusivenews.com.br\\\/wp-content\\\/uploads\\\/2024\\\/03\\\/@grandesite.png\",\"width\":1080,\"height\":1080,\"caption\":\"Inclusive - inclus\u00e3o e cidadania\"},\"image\":{\"@id\":\"https:\\\/\\\/inclusivenews.com.br\\\/#\\\/schema\\\/logo\\\/image\\\/\"},\"sameAs\":[\"https:\\\/\\\/www.facebook.com\\\/agenciainclusive\\\/\",\"https:\\\/\\\/www.instagram.com\\\/newsinclusive\\\/\"]},{\"@type\":\"Person\",\"@id\":\"https:\\\/\\\/inclusivenews.com.br\\\/#\\\/schema\\\/person\\\/ae4ec7087559b8692fb33b6fffd2273b\",\"name\":\"inclusivenews2024\",\"image\":{\"@type\":\"ImageObject\",\"inLanguage\":\"pt-PT\",\"@id\":\"https:\\\/\\\/secure.gravatar.com\\\/avatar\\\/c5a7ef84c66fa914f55bc4f7ce26cfa275a3b9a1c5568b907bd184fb4dde7b40?s=96&d=mm&r=g\",\"url\":\"https:\\\/\\\/secure.gravatar.com\\\/avatar\\\/c5a7ef84c66fa914f55bc4f7ce26cfa275a3b9a1c5568b907bd184fb4dde7b40?s=96&d=mm&r=g\",\"contentUrl\":\"https:\\\/\\\/secure.gravatar.com\\\/avatar\\\/c5a7ef84c66fa914f55bc4f7ce26cfa275a3b9a1c5568b907bd184fb4dde7b40?s=96&d=mm&r=g\",\"caption\":\"inclusivenews2024\"},\"sameAs\":[\"https:\\\/\\\/inclusivenews.com.br\"],\"url\":\"https:\\\/\\\/inclusivenews.com.br\\\/?author=1\"}]}<\/script>\n<!-- \/ Yoast SEO plugin. -->","yoast_head_json":{"title":"Milhares de trabalhadores esperam mais de 10 anos para ter uma pr\u00f3tese e governo n\u00e3o libera FGTS -","robots":{"index":"index","follow":"follow","max-snippet":"max-snippet:-1","max-image-preview":"max-image-preview:large","max-video-preview":"max-video-preview:-1"},"canonical":"https:\/\/inclusivenews.com.br\/?p=30742","og_locale":"pt_PT","og_type":"article","og_title":"Milhares de trabalhadores esperam mais de 10 anos para ter uma pr\u00f3tese e governo n\u00e3o libera FGTS -","og_description":"Milhares de trabalhadores, j\u00e1 poderiam ter voltado a trabalhar, ou ter dignidade em resolver seus problemas de defici\u00eancia, h\u00e1 pelo menos 22 meses se a Lei do Estatuto da Pessoa com Defici\u00eancia, fosse respeitada em seu Artigo 99, que instituiu o saque do Fundo de Garantia do Tempo de Servi\u00e7o \u2013 FGTS, para a compra de \u00f3rtese ou pr\u00f3tese.","og_url":"https:\/\/inclusivenews.com.br\/?p=30742","article_publisher":"https:\/\/www.facebook.com\/agenciainclusive\/","article_published_time":"2017-11-13T22:26:40+00:00","og_image":[{"url":"http:\/\/inclusivenews.com.br\/wp-content\/uploads\/proteses.jpg","type":"","width":"","height":""}],"author":"inclusivenews2024","twitter_card":"summary_large_image","twitter_misc":{"Escrito por":"inclusivenews2024","Tempo estimado de leitura":"3 minutos"},"schema":{"@context":"https:\/\/schema.org","@graph":[{"@type":"Article","@id":"https:\/\/inclusivenews.com.br\/?p=30742#article","isPartOf":{"@id":"https:\/\/inclusivenews.com.br\/?p=30742"},"author":{"name":"inclusivenews2024","@id":"https:\/\/inclusivenews.com.br\/#\/schema\/person\/ae4ec7087559b8692fb33b6fffd2273b"},"headline":"Milhares de trabalhadores esperam mais de 10 anos para ter uma pr\u00f3tese e governo n\u00e3o libera FGTS","datePublished":"2017-11-13T22:26:40+00:00","mainEntityOfPage":{"@id":"https:\/\/inclusivenews.com.br\/?p=30742"},"wordCount":612,"commentCount":0,"publisher":{"@id":"https:\/\/inclusivenews.com.br\/#organization"},"image":{"@id":"https:\/\/inclusivenews.com.br\/?p=30742#primaryimage"},"thumbnailUrl":"http:\/\/inclusivenews.com.br\/wp-content\/uploads\/proteses.jpg","articleSection":["NOT\u00cdCIAS","SHOW"],"inLanguage":"pt-PT","potentialAction":[{"@type":"CommentAction","name":"Comment","target":["https:\/\/inclusivenews.com.br\/?p=30742#respond"]}]},{"@type":"WebPage","@id":"https:\/\/inclusivenews.com.br\/?p=30742","url":"https:\/\/inclusivenews.com.br\/?p=30742","name":"Milhares de trabalhadores esperam mais de 10 anos para ter uma pr\u00f3tese e governo n\u00e3o libera FGTS -","isPartOf":{"@id":"https:\/\/inclusivenews.com.br\/#website"},"primaryImageOfPage":{"@id":"https:\/\/inclusivenews.com.br\/?p=30742#primaryimage"},"image":{"@id":"https:\/\/inclusivenews.com.br\/?p=30742#primaryimage"},"thumbnailUrl":"http:\/\/inclusivenews.com.br\/wp-content\/uploads\/proteses.jpg","datePublished":"2017-11-13T22:26:40+00:00","breadcrumb":{"@id":"https:\/\/inclusivenews.com.br\/?p=30742#breadcrumb"},"inLanguage":"pt-PT","potentialAction":[{"@type":"ReadAction","target":["https:\/\/inclusivenews.com.br\/?p=30742"]}]},{"@type":"ImageObject","inLanguage":"pt-PT","@id":"https:\/\/inclusivenews.com.br\/?p=30742#primaryimage","url":"","contentUrl":""},{"@type":"BreadcrumbList","@id":"https:\/\/inclusivenews.com.br\/?p=30742#breadcrumb","itemListElement":[{"@type":"ListItem","position":1,"name":"In\u00edcio","item":"https:\/\/inclusivenews.com.br\/"},{"@type":"ListItem","position":2,"name":"Milhares de trabalhadores esperam mais de 10 anos para ter uma pr\u00f3tese e governo n\u00e3o libera FGTS"}]},{"@type":"WebSite","@id":"https:\/\/inclusivenews.com.br\/#website","url":"https:\/\/inclusivenews.com.br\/","name":"Inclusive News","description":"Inclusive News","publisher":{"@id":"https:\/\/inclusivenews.com.br\/#organization"},"potentialAction":[{"@type":"SearchAction","target":{"@type":"EntryPoint","urlTemplate":"https:\/\/inclusivenews.com.br\/?s={search_term_string}"},"query-input":{"@type":"PropertyValueSpecification","valueRequired":true,"valueName":"search_term_string"}}],"inLanguage":"pt-PT"},{"@type":"Organization","@id":"https:\/\/inclusivenews.com.br\/#organization","name":"Inclusive - inclus\u00e3o e cidadania","url":"https:\/\/inclusivenews.com.br\/","logo":{"@type":"ImageObject","inLanguage":"pt-PT","@id":"https:\/\/inclusivenews.com.br\/#\/schema\/logo\/image\/","url":"https:\/\/inclusivenews.com.br\/wp-content\/uploads\/2024\/03\/@grandesite.png","contentUrl":"https:\/\/inclusivenews.com.br\/wp-content\/uploads\/2024\/03\/@grandesite.png","width":1080,"height":1080,"caption":"Inclusive - inclus\u00e3o e cidadania"},"image":{"@id":"https:\/\/inclusivenews.com.br\/#\/schema\/logo\/image\/"},"sameAs":["https:\/\/www.facebook.com\/agenciainclusive\/","https:\/\/www.instagram.com\/newsinclusive\/"]},{"@type":"Person","@id":"https:\/\/inclusivenews.com.br\/#\/schema\/person\/ae4ec7087559b8692fb33b6fffd2273b","name":"inclusivenews2024","image":{"@type":"ImageObject","inLanguage":"pt-PT","@id":"https:\/\/secure.gravatar.com\/avatar\/c5a7ef84c66fa914f55bc4f7ce26cfa275a3b9a1c5568b907bd184fb4dde7b40?s=96&d=mm&r=g","url":"https:\/\/secure.gravatar.com\/avatar\/c5a7ef84c66fa914f55bc4f7ce26cfa275a3b9a1c5568b907bd184fb4dde7b40?s=96&d=mm&r=g","contentUrl":"https:\/\/secure.gravatar.com\/avatar\/c5a7ef84c66fa914f55bc4f7ce26cfa275a3b9a1c5568b907bd184fb4dde7b40?s=96&d=mm&r=g","caption":"inclusivenews2024"},"sameAs":["https:\/\/inclusivenews.com.br"],"url":"https:\/\/inclusivenews.com.br\/?author=1"}]}},"_links":{"self":[{"href":"https:\/\/inclusivenews.com.br\/index.php?rest_route=\/wp\/v2\/posts\/30742","targetHints":{"allow":["GET"]}}],"collection":[{"href":"https:\/\/inclusivenews.com.br\/index.php?rest_route=\/wp\/v2\/posts"}],"about":[{"href":"https:\/\/inclusivenews.com.br\/index.php?rest_route=\/wp\/v2\/types\/post"}],"author":[{"embeddable":true,"href":"https:\/\/inclusivenews.com.br\/index.php?rest_route=\/wp\/v2\/users\/1"}],"replies":[{"embeddable":true,"href":"https:\/\/inclusivenews.com.br\/index.php?rest_route=%2Fwp%2Fv2%2Fcomments&post=30742"}],"version-history":[{"count":0,"href":"https:\/\/inclusivenews.com.br\/index.php?rest_route=\/wp\/v2\/posts\/30742\/revisions"}],"wp:attachment":[{"href":"https:\/\/inclusivenews.com.br\/index.php?rest_route=%2Fwp%2Fv2%2Fmedia&parent=30742"}],"wp:term":[{"taxonomy":"category","embeddable":true,"href":"https:\/\/inclusivenews.com.br\/index.php?rest_route=%2Fwp%2Fv2%2Fcategories&post=30742"},{"taxonomy":"post_tag","embeddable":true,"href":"https:\/\/inclusivenews.com.br\/index.php?rest_route=%2Fwp%2Fv2%2Ftags&post=30742"}],"curies":[{"name":"wp","href":"https:\/\/api.w.org\/{rel}","templated":true}]}}