{"id":30754,"date":"2017-12-06T15:02:41","date_gmt":"2017-12-06T18:02:41","guid":{"rendered":"http:\/\/www.inclusive.org.br\/?p=30754"},"modified":"2017-12-06T15:02:41","modified_gmt":"2017-12-06T18:02:41","slug":"o-povo-conquista-premio-gandhi-com-especial-educacao-inclusiva","status":"publish","type":"post","link":"https:\/\/inclusivenews.com.br\/?p=30754","title":{"rendered":"O POVO conquista Pr\u00eamio Gandhi com especial Educa\u00e7\u00e3o Inclusiva"},"content":{"rendered":"<div><a href=\"https:\/\/www.opovo.com.br\/noticias\/fortaleza\/2017\/11\/o-povo-conquista-premio-gandhi-com-especial-educacao-inclusiva.html\" target=\"_blank\" rel=\"noopener\">Em O Povo<\/a><\/p>\n<figure style=\"width: 438px\" class=\"wp-caption alignright\"><a href=\"https:\/\/www.opovo.com.br\/noticias\/fortaleza\/2017\/11\/o-povo-conquista-premio-gandhi-com-especial-educacao-inclusiva.html\" target=\"_blank\" rel=\"noopener\"><img loading=\"lazy\" decoding=\"async\" src=\"https:\/\/www.opovo.com.br\/noticiasimages\/app\/noticia_146418291334\/2017\/11\/23\/331761\/O-POVO-conquista-Prmio-Gandhi-com-especial-Educao-Inclusiva.jpg\" alt=\"Presidente da ABN, Francisco Souto Paulino junto aos rep\u00f3rteres R\u00f4mulo Costa, Isabel Costa e Lucas Mota (Foto Reprodu\u00e7\u00e3o \/ Instagram\" width=\"438\" height=\"328\" \/><\/a><figcaption class=\"wp-caption-text\">Presidente da ABN, Francisco Souto Paulino junto aos rep\u00f3rteres R\u00f4mulo Costa, Isabel Costa e Lucas Mota (Foto Reprodu\u00e7\u00e3o \/ Instagram<\/figcaption><\/figure>\n<\/div>\n<div><\/div>\n<div>O POVO conquistou o Pr\u00eamio Gandhi de Comunica\u00e7\u00e3o na categoria Jornalismo Impresso, nesta quinta-feira, 23, com o projeto Educa\u00e7\u00e3o Inclusiva. Formado por quatro cadernos especiais, <strong><a href=\"http:\/\/especial.opovo.com.br\/educacaoinclusiva\/\">o projeto foi publicado nas edi\u00e7\u00f5es de 12 a 15 de dezembro de 2016 no jornal O POVO<\/a><\/strong>, e distribu\u00eddo a profissionais da rede p\u00fablica estadual de ensino.<\/div>\n<div><\/div>\n<div>O especial foi escrito pelos rep\u00f3rteres Isabel Costa, Lucas Mota e R\u00f4mulo Costa, com edi\u00e7\u00e3o de Helaine Oliveira e Daniela Nogueira. Os cadernos foram pautados nos verbos &#8220;Compreender&#8221;, &#8220;Conviver&#8221;, &#8220;Crescer&#8221; e &#8220;Transformar&#8221;. Foram ouvidos gestores p\u00fablicos, professores e especialistas. Pessoas que trabalham pela causa e que vivem a causa.<\/div>\n<div>&#8220;Foi uma contribui\u00e7\u00e3o para tentar transformar essa realidade e colocar o jornalismo com sua fun\u00e7\u00e3o social&#8221;, destaca Daniela Nogueira.<\/div>\n<div><\/div>\n<div>O pr\u00eamio surge na semana em que uma adolescente trans virou not\u00edcia ap\u00f3s ter renova\u00e7\u00e3o de matr\u00edcula rejeitada em uma esocla de Fortaleza. &#8220;A gente fala tamb\u00e9m da educa\u00e7\u00e3o inclusiva de conviver com o diferente, de respeitar e acolher. \u00c9 uma quest\u00e3o de educa\u00e7\u00e3o&#8221;, pondera a editora. &#8220;Que sirva de exemplo pra mostrar \u00e0 sociedade que \u00e9 poss\u00edvel acolher. E que esse termo, inclus\u00e3o, serve n\u00e3o apenas para as pessoas com defici\u00eancia, mas para queem pensa diferente.<\/div>\n<div><\/div>\n<div>Para a rep\u00f3rter Isabel Costa, o pr\u00eamio representa reconhecimento para a vsibilidade que a inclus\u00e3o necessita. &#8220;Esse trabalho que a gente faz no O POVO \u00e9 de constru\u00e7\u00e3o coletiva, de parceria, de dar boas not\u00edcias e destacar iniciativas boas todos os dias&#8221;.<\/div>\n<div><\/div>\n<div>&#8220;O pr\u00eamio \u00e9 um est\u00edmulo para continuar produzindo mat\u00e9rias que falem sobre a necessidade de trazer espa\u00e7os inclusivos para a escola e que ela seja cada vez mais acolhedora pras pessoas&#8221;, afirma R\u00f4mulo Costa. &#8220;Isso transforma a sociedade&#8221;.<\/div>\n<div><\/div>\n<div><strong>Confira a lista de vencedores:<\/strong><\/div>\n<div><\/div>\n<div>ESTUDANTE<\/div>\n<div><\/div>\n<div>Publicidade e propaganda<br \/>\nUNI7: Campanha &#8220;Somos Todos Humanos&#8221;<\/div>\n<div><\/div>\n<div>Estudante de Jornalismo em M\u00eddia Eletr\u00f4nica<br \/>\nUFC: &#8220;Al\u00e9m dos muros&#8221;<\/div>\n<div>Ana Beatriz Leite, Cadu Freitas, Daniel Duarte, Filipe Pereira, Isabela Arrais, Iury Figueiredo, Larissa Pereira, Marcelo Monteiro e Michel Miron<\/div>\n<div>Estudante de jornalismo em M\u00eddia Impressa<br \/>\nUnifor: Larissa Pacheco com &#8220;Parto normal ou ces\u00e1rea? &#8220;<\/div>\n<div><\/div>\n<div>Trabalho de conclus\u00e3o de curso<br \/>\nLeticia Alves, rep\u00f3rter do O POVO, e Larissa Wenya com o trabalho &#8220;Conhecer&#8221;<\/div>\n<div><\/div>\n<div>Produ\u00e7\u00e3o de conte\u00fado online<br \/>\nRafael Lu\u00eds Azevedo, &#8220;Futebol atr\u00e1s das grades&#8221; (Verminosos por Futebol)<\/div>\n<div><\/div>\n<div>PROFISSIONAIS<\/div>\n<div>Publicidade e propaganda<br \/>\nCampanha &#8220;Nao fique parado, denuncie&#8221;<\/div>\n<div><\/div>\n<div>Jornalismo para Internet<br \/>\nEthel de Paula,\u00a0&#8220;Esticadores de Horizonte&#8221; (Adital)<\/div>\n<div><\/div>\n<div>Fotojornalismo<br \/>\nNatinho Rodrigues, &#8220;Rebentos da Seca&#8221; (DN)<\/div>\n<div><\/div>\n<div>Radiojornalismo<br \/>\n&#8220;Que cor voc\u00ea d\u00e1 pra sua vida&#8221; (Radio FM assembleia)<\/div>\n<div><\/div>\n<div>Telejornalismo<br \/>\n&#8220;Adotar, doar e amar&#8221; (TV Verdes Mares)<\/div>\n<div><\/div>\n<div>Impresso<br \/>\n&#8220;Educa\u00e7\u00e3o Inclusiva&#8221; (O POVO)<\/div>\n","protected":false},"excerpt":{"rendered":"<p>O especial foi escrito pelos rep\u00f3rteres Isabel Costa, Lucas Mota e R\u00f4mulo Costa, com edi\u00e7\u00e3o de Helaine Oliveira e Daniela Nogueira. Os cadernos foram pautados nos verbos &#8220;Compreender&#8221;, &#8220;Conviver&#8221;, &#8220;Crescer&#8221; e &#8220;Transformar&#8221;. Foram ouvidos gestores p\u00fablicos, professores e especialistas. Pessoas que trabalham pela causa e que vivem a causa. <\/p>\n","protected":false},"author":1,"featured_media":0,"comment_status":"open","ping_status":"open","sticky":false,"template":"","format":"standard","meta":{"site-container-style":"default","site-container-layout":"default","site-sidebar-layout":"default","disable-article-header":"default","disable-site-header":"default","disable-site-footer":"default","disable-content-area-spacing":"default","footnotes":""},"categories":[38,6,48],"tags":[416,126,290],"class_list":["post-30754","post","type-post","status-publish","format-standard","hentry","category-deficiencia","category-educacao","category-inclusao","tag-agencia-da-boa-noticia","tag-educacao-inclusiva","tag-premio-gandhi"],"yoast_head":"<!-- This site is optimized with the Yoast SEO plugin v27.4 - https:\/\/yoast.com\/product\/yoast-seo-wordpress\/ -->\n<title>O POVO conquista Pr\u00eamio Gandhi com especial Educa\u00e7\u00e3o Inclusiva -<\/title>\n<meta name=\"robots\" content=\"index, follow, max-snippet:-1, max-image-preview:large, max-video-preview:-1\" \/>\n<link rel=\"canonical\" href=\"https:\/\/inclusivenews.com.br\/?p=30754\" \/>\n<meta property=\"og:locale\" content=\"pt_PT\" \/>\n<meta property=\"og:type\" content=\"article\" \/>\n<meta property=\"og:title\" content=\"O POVO conquista Pr\u00eamio Gandhi com especial Educa\u00e7\u00e3o Inclusiva -\" \/>\n<meta property=\"og:description\" content=\"O especial foi escrito pelos rep\u00f3rteres Isabel Costa, Lucas Mota e R\u00f4mulo Costa, com edi\u00e7\u00e3o de Helaine Oliveira e Daniela Nogueira. Os cadernos foram pautados nos verbos &quot;Compreender&quot;, &quot;Conviver&quot;, &quot;Crescer&quot; e &quot;Transformar&quot;. Foram ouvidos gestores p\u00fablicos, professores e especialistas. Pessoas que trabalham pela causa e que vivem a causa.\" \/>\n<meta property=\"og:url\" content=\"https:\/\/inclusivenews.com.br\/?p=30754\" \/>\n<meta property=\"article:publisher\" content=\"https:\/\/www.facebook.com\/agenciainclusive\/\" \/>\n<meta property=\"article:published_time\" content=\"2017-12-06T18:02:41+00:00\" \/>\n<meta property=\"og:image\" content=\"https:\/\/www.opovo.com.br\/noticiasimages\/app\/noticia_146418291334\/2017\/11\/23\/331761\/O-POVO-conquista-Prmio-Gandhi-com-especial-Educao-Inclusiva.jpg\" \/>\n<meta name=\"author\" content=\"inclusivenews2024\" \/>\n<meta name=\"twitter:card\" content=\"summary_large_image\" \/>\n<meta name=\"twitter:label1\" content=\"Escrito por\" \/>\n\t<meta name=\"twitter:data1\" content=\"inclusivenews2024\" \/>\n\t<meta name=\"twitter:label2\" content=\"Tempo estimado de leitura\" \/>\n\t<meta name=\"twitter:data2\" content=\"2 minutos\" \/>\n<script type=\"application\/ld+json\" class=\"yoast-schema-graph\">{\"@context\":\"https:\\\/\\\/schema.org\",\"@graph\":[{\"@type\":\"Article\",\"@id\":\"https:\\\/\\\/inclusivenews.com.br\\\/?p=30754#article\",\"isPartOf\":{\"@id\":\"https:\\\/\\\/inclusivenews.com.br\\\/?p=30754\"},\"author\":{\"name\":\"inclusivenews2024\",\"@id\":\"https:\\\/\\\/inclusivenews.com.br\\\/#\\\/schema\\\/person\\\/ae4ec7087559b8692fb33b6fffd2273b\"},\"headline\":\"O POVO conquista Pr\u00eamio Gandhi com especial Educa\u00e7\u00e3o Inclusiva\",\"datePublished\":\"2017-12-06T18:02:41+00:00\",\"mainEntityOfPage\":{\"@id\":\"https:\\\/\\\/inclusivenews.com.br\\\/?p=30754\"},\"wordCount\":498,\"commentCount\":0,\"publisher\":{\"@id\":\"https:\\\/\\\/inclusivenews.com.br\\\/#organization\"},\"image\":{\"@id\":\"https:\\\/\\\/inclusivenews.com.br\\\/?p=30754#primaryimage\"},\"thumbnailUrl\":\"https:\\\/\\\/www.opovo.com.br\\\/noticiasimages\\\/app\\\/noticia_146418291334\\\/2017\\\/11\\\/23\\\/331761\\\/O-POVO-conquista-Prmio-Gandhi-com-especial-Educao-Inclusiva.jpg\",\"keywords\":[\"Ag\u00eancia da Boa Not\u00edcia\",\"Educa\u00e7\u00e3o inclusiva\",\"Pr\u00eamio Gandhi\"],\"articleSection\":[\"Defici\u00eancia\",\"EDUCA\u00c7\u00c3O\",\"INCLUS\u00c3O SOCIAL\"],\"inLanguage\":\"pt-PT\",\"potentialAction\":[{\"@type\":\"CommentAction\",\"name\":\"Comment\",\"target\":[\"https:\\\/\\\/inclusivenews.com.br\\\/?p=30754#respond\"]}]},{\"@type\":\"WebPage\",\"@id\":\"https:\\\/\\\/inclusivenews.com.br\\\/?p=30754\",\"url\":\"https:\\\/\\\/inclusivenews.com.br\\\/?p=30754\",\"name\":\"O POVO conquista Pr\u00eamio Gandhi com especial Educa\u00e7\u00e3o Inclusiva -\",\"isPartOf\":{\"@id\":\"https:\\\/\\\/inclusivenews.com.br\\\/#website\"},\"primaryImageOfPage\":{\"@id\":\"https:\\\/\\\/inclusivenews.com.br\\\/?p=30754#primaryimage\"},\"image\":{\"@id\":\"https:\\\/\\\/inclusivenews.com.br\\\/?p=30754#primaryimage\"},\"thumbnailUrl\":\"https:\\\/\\\/www.opovo.com.br\\\/noticiasimages\\\/app\\\/noticia_146418291334\\\/2017\\\/11\\\/23\\\/331761\\\/O-POVO-conquista-Prmio-Gandhi-com-especial-Educao-Inclusiva.jpg\",\"datePublished\":\"2017-12-06T18:02:41+00:00\",\"breadcrumb\":{\"@id\":\"https:\\\/\\\/inclusivenews.com.br\\\/?p=30754#breadcrumb\"},\"inLanguage\":\"pt-PT\",\"potentialAction\":[{\"@type\":\"ReadAction\",\"target\":[\"https:\\\/\\\/inclusivenews.com.br\\\/?p=30754\"]}]},{\"@type\":\"ImageObject\",\"inLanguage\":\"pt-PT\",\"@id\":\"https:\\\/\\\/inclusivenews.com.br\\\/?p=30754#primaryimage\",\"url\":\"https:\\\/\\\/www.opovo.com.br\\\/noticiasimages\\\/app\\\/noticia_146418291334\\\/2017\\\/11\\\/23\\\/331761\\\/O-POVO-conquista-Prmio-Gandhi-com-especial-Educao-Inclusiva.jpg\",\"contentUrl\":\"https:\\\/\\\/www.opovo.com.br\\\/noticiasimages\\\/app\\\/noticia_146418291334\\\/2017\\\/11\\\/23\\\/331761\\\/O-POVO-conquista-Prmio-Gandhi-com-especial-Educao-Inclusiva.jpg\"},{\"@type\":\"BreadcrumbList\",\"@id\":\"https:\\\/\\\/inclusivenews.com.br\\\/?p=30754#breadcrumb\",\"itemListElement\":[{\"@type\":\"ListItem\",\"position\":1,\"name\":\"In\u00edcio\",\"item\":\"https:\\\/\\\/inclusivenews.com.br\\\/\"},{\"@type\":\"ListItem\",\"position\":2,\"name\":\"O POVO conquista Pr\u00eamio Gandhi com especial Educa\u00e7\u00e3o Inclusiva\"}]},{\"@type\":\"WebSite\",\"@id\":\"https:\\\/\\\/inclusivenews.com.br\\\/#website\",\"url\":\"https:\\\/\\\/inclusivenews.com.br\\\/\",\"name\":\"Inclusive News\",\"description\":\"Inclusive News\",\"publisher\":{\"@id\":\"https:\\\/\\\/inclusivenews.com.br\\\/#organization\"},\"potentialAction\":[{\"@type\":\"SearchAction\",\"target\":{\"@type\":\"EntryPoint\",\"urlTemplate\":\"https:\\\/\\\/inclusivenews.com.br\\\/?s={search_term_string}\"},\"query-input\":{\"@type\":\"PropertyValueSpecification\",\"valueRequired\":true,\"valueName\":\"search_term_string\"}}],\"inLanguage\":\"pt-PT\"},{\"@type\":\"Organization\",\"@id\":\"https:\\\/\\\/inclusivenews.com.br\\\/#organization\",\"name\":\"Inclusive - inclus\u00e3o e cidadania\",\"url\":\"https:\\\/\\\/inclusivenews.com.br\\\/\",\"logo\":{\"@type\":\"ImageObject\",\"inLanguage\":\"pt-PT\",\"@id\":\"https:\\\/\\\/inclusivenews.com.br\\\/#\\\/schema\\\/logo\\\/image\\\/\",\"url\":\"https:\\\/\\\/inclusivenews.com.br\\\/wp-content\\\/uploads\\\/2024\\\/03\\\/@grandesite.png\",\"contentUrl\":\"https:\\\/\\\/inclusivenews.com.br\\\/wp-content\\\/uploads\\\/2024\\\/03\\\/@grandesite.png\",\"width\":1080,\"height\":1080,\"caption\":\"Inclusive - inclus\u00e3o e cidadania\"},\"image\":{\"@id\":\"https:\\\/\\\/inclusivenews.com.br\\\/#\\\/schema\\\/logo\\\/image\\\/\"},\"sameAs\":[\"https:\\\/\\\/www.facebook.com\\\/agenciainclusive\\\/\",\"https:\\\/\\\/www.instagram.com\\\/newsinclusive\\\/\"]},{\"@type\":\"Person\",\"@id\":\"https:\\\/\\\/inclusivenews.com.br\\\/#\\\/schema\\\/person\\\/ae4ec7087559b8692fb33b6fffd2273b\",\"name\":\"inclusivenews2024\",\"image\":{\"@type\":\"ImageObject\",\"inLanguage\":\"pt-PT\",\"@id\":\"https:\\\/\\\/secure.gravatar.com\\\/avatar\\\/c5a7ef84c66fa914f55bc4f7ce26cfa275a3b9a1c5568b907bd184fb4dde7b40?s=96&d=mm&r=g\",\"url\":\"https:\\\/\\\/secure.gravatar.com\\\/avatar\\\/c5a7ef84c66fa914f55bc4f7ce26cfa275a3b9a1c5568b907bd184fb4dde7b40?s=96&d=mm&r=g\",\"contentUrl\":\"https:\\\/\\\/secure.gravatar.com\\\/avatar\\\/c5a7ef84c66fa914f55bc4f7ce26cfa275a3b9a1c5568b907bd184fb4dde7b40?s=96&d=mm&r=g\",\"caption\":\"inclusivenews2024\"},\"sameAs\":[\"https:\\\/\\\/inclusivenews.com.br\"],\"url\":\"https:\\\/\\\/inclusivenews.com.br\\\/?author=1\"}]}<\/script>\n<!-- \/ Yoast SEO plugin. -->","yoast_head_json":{"title":"O POVO conquista Pr\u00eamio Gandhi com especial Educa\u00e7\u00e3o Inclusiva -","robots":{"index":"index","follow":"follow","max-snippet":"max-snippet:-1","max-image-preview":"max-image-preview:large","max-video-preview":"max-video-preview:-1"},"canonical":"https:\/\/inclusivenews.com.br\/?p=30754","og_locale":"pt_PT","og_type":"article","og_title":"O POVO conquista Pr\u00eamio Gandhi com especial Educa\u00e7\u00e3o Inclusiva -","og_description":"O especial foi escrito pelos rep\u00f3rteres Isabel Costa, Lucas Mota e R\u00f4mulo Costa, com edi\u00e7\u00e3o de Helaine Oliveira e Daniela Nogueira. Os cadernos foram pautados nos verbos \"Compreender\", \"Conviver\", \"Crescer\" e \"Transformar\". Foram ouvidos gestores p\u00fablicos, professores e especialistas. Pessoas que trabalham pela causa e que vivem a causa.","og_url":"https:\/\/inclusivenews.com.br\/?p=30754","article_publisher":"https:\/\/www.facebook.com\/agenciainclusive\/","article_published_time":"2017-12-06T18:02:41+00:00","og_image":[{"url":"https:\/\/www.opovo.com.br\/noticiasimages\/app\/noticia_146418291334\/2017\/11\/23\/331761\/O-POVO-conquista-Prmio-Gandhi-com-especial-Educao-Inclusiva.jpg","type":"","width":"","height":""}],"author":"inclusivenews2024","twitter_card":"summary_large_image","twitter_misc":{"Escrito por":"inclusivenews2024","Tempo estimado de leitura":"2 minutos"},"schema":{"@context":"https:\/\/schema.org","@graph":[{"@type":"Article","@id":"https:\/\/inclusivenews.com.br\/?p=30754#article","isPartOf":{"@id":"https:\/\/inclusivenews.com.br\/?p=30754"},"author":{"name":"inclusivenews2024","@id":"https:\/\/inclusivenews.com.br\/#\/schema\/person\/ae4ec7087559b8692fb33b6fffd2273b"},"headline":"O POVO conquista Pr\u00eamio Gandhi com especial Educa\u00e7\u00e3o Inclusiva","datePublished":"2017-12-06T18:02:41+00:00","mainEntityOfPage":{"@id":"https:\/\/inclusivenews.com.br\/?p=30754"},"wordCount":498,"commentCount":0,"publisher":{"@id":"https:\/\/inclusivenews.com.br\/#organization"},"image":{"@id":"https:\/\/inclusivenews.com.br\/?p=30754#primaryimage"},"thumbnailUrl":"https:\/\/www.opovo.com.br\/noticiasimages\/app\/noticia_146418291334\/2017\/11\/23\/331761\/O-POVO-conquista-Prmio-Gandhi-com-especial-Educao-Inclusiva.jpg","keywords":["Ag\u00eancia da Boa Not\u00edcia","Educa\u00e7\u00e3o inclusiva","Pr\u00eamio Gandhi"],"articleSection":["Defici\u00eancia","EDUCA\u00c7\u00c3O","INCLUS\u00c3O SOCIAL"],"inLanguage":"pt-PT","potentialAction":[{"@type":"CommentAction","name":"Comment","target":["https:\/\/inclusivenews.com.br\/?p=30754#respond"]}]},{"@type":"WebPage","@id":"https:\/\/inclusivenews.com.br\/?p=30754","url":"https:\/\/inclusivenews.com.br\/?p=30754","name":"O POVO conquista Pr\u00eamio Gandhi com especial Educa\u00e7\u00e3o Inclusiva -","isPartOf":{"@id":"https:\/\/inclusivenews.com.br\/#website"},"primaryImageOfPage":{"@id":"https:\/\/inclusivenews.com.br\/?p=30754#primaryimage"},"image":{"@id":"https:\/\/inclusivenews.com.br\/?p=30754#primaryimage"},"thumbnailUrl":"https:\/\/www.opovo.com.br\/noticiasimages\/app\/noticia_146418291334\/2017\/11\/23\/331761\/O-POVO-conquista-Prmio-Gandhi-com-especial-Educao-Inclusiva.jpg","datePublished":"2017-12-06T18:02:41+00:00","breadcrumb":{"@id":"https:\/\/inclusivenews.com.br\/?p=30754#breadcrumb"},"inLanguage":"pt-PT","potentialAction":[{"@type":"ReadAction","target":["https:\/\/inclusivenews.com.br\/?p=30754"]}]},{"@type":"ImageObject","inLanguage":"pt-PT","@id":"https:\/\/inclusivenews.com.br\/?p=30754#primaryimage","url":"https:\/\/www.opovo.com.br\/noticiasimages\/app\/noticia_146418291334\/2017\/11\/23\/331761\/O-POVO-conquista-Prmio-Gandhi-com-especial-Educao-Inclusiva.jpg","contentUrl":"https:\/\/www.opovo.com.br\/noticiasimages\/app\/noticia_146418291334\/2017\/11\/23\/331761\/O-POVO-conquista-Prmio-Gandhi-com-especial-Educao-Inclusiva.jpg"},{"@type":"BreadcrumbList","@id":"https:\/\/inclusivenews.com.br\/?p=30754#breadcrumb","itemListElement":[{"@type":"ListItem","position":1,"name":"In\u00edcio","item":"https:\/\/inclusivenews.com.br\/"},{"@type":"ListItem","position":2,"name":"O POVO conquista Pr\u00eamio Gandhi com especial Educa\u00e7\u00e3o Inclusiva"}]},{"@type":"WebSite","@id":"https:\/\/inclusivenews.com.br\/#website","url":"https:\/\/inclusivenews.com.br\/","name":"Inclusive News","description":"Inclusive News","publisher":{"@id":"https:\/\/inclusivenews.com.br\/#organization"},"potentialAction":[{"@type":"SearchAction","target":{"@type":"EntryPoint","urlTemplate":"https:\/\/inclusivenews.com.br\/?s={search_term_string}"},"query-input":{"@type":"PropertyValueSpecification","valueRequired":true,"valueName":"search_term_string"}}],"inLanguage":"pt-PT"},{"@type":"Organization","@id":"https:\/\/inclusivenews.com.br\/#organization","name":"Inclusive - inclus\u00e3o e cidadania","url":"https:\/\/inclusivenews.com.br\/","logo":{"@type":"ImageObject","inLanguage":"pt-PT","@id":"https:\/\/inclusivenews.com.br\/#\/schema\/logo\/image\/","url":"https:\/\/inclusivenews.com.br\/wp-content\/uploads\/2024\/03\/@grandesite.png","contentUrl":"https:\/\/inclusivenews.com.br\/wp-content\/uploads\/2024\/03\/@grandesite.png","width":1080,"height":1080,"caption":"Inclusive - inclus\u00e3o e cidadania"},"image":{"@id":"https:\/\/inclusivenews.com.br\/#\/schema\/logo\/image\/"},"sameAs":["https:\/\/www.facebook.com\/agenciainclusive\/","https:\/\/www.instagram.com\/newsinclusive\/"]},{"@type":"Person","@id":"https:\/\/inclusivenews.com.br\/#\/schema\/person\/ae4ec7087559b8692fb33b6fffd2273b","name":"inclusivenews2024","image":{"@type":"ImageObject","inLanguage":"pt-PT","@id":"https:\/\/secure.gravatar.com\/avatar\/c5a7ef84c66fa914f55bc4f7ce26cfa275a3b9a1c5568b907bd184fb4dde7b40?s=96&d=mm&r=g","url":"https:\/\/secure.gravatar.com\/avatar\/c5a7ef84c66fa914f55bc4f7ce26cfa275a3b9a1c5568b907bd184fb4dde7b40?s=96&d=mm&r=g","contentUrl":"https:\/\/secure.gravatar.com\/avatar\/c5a7ef84c66fa914f55bc4f7ce26cfa275a3b9a1c5568b907bd184fb4dde7b40?s=96&d=mm&r=g","caption":"inclusivenews2024"},"sameAs":["https:\/\/inclusivenews.com.br"],"url":"https:\/\/inclusivenews.com.br\/?author=1"}]}},"_links":{"self":[{"href":"https:\/\/inclusivenews.com.br\/index.php?rest_route=\/wp\/v2\/posts\/30754","targetHints":{"allow":["GET"]}}],"collection":[{"href":"https:\/\/inclusivenews.com.br\/index.php?rest_route=\/wp\/v2\/posts"}],"about":[{"href":"https:\/\/inclusivenews.com.br\/index.php?rest_route=\/wp\/v2\/types\/post"}],"author":[{"embeddable":true,"href":"https:\/\/inclusivenews.com.br\/index.php?rest_route=\/wp\/v2\/users\/1"}],"replies":[{"embeddable":true,"href":"https:\/\/inclusivenews.com.br\/index.php?rest_route=%2Fwp%2Fv2%2Fcomments&post=30754"}],"version-history":[{"count":0,"href":"https:\/\/inclusivenews.com.br\/index.php?rest_route=\/wp\/v2\/posts\/30754\/revisions"}],"wp:attachment":[{"href":"https:\/\/inclusivenews.com.br\/index.php?rest_route=%2Fwp%2Fv2%2Fmedia&parent=30754"}],"wp:term":[{"taxonomy":"category","embeddable":true,"href":"https:\/\/inclusivenews.com.br\/index.php?rest_route=%2Fwp%2Fv2%2Fcategories&post=30754"},{"taxonomy":"post_tag","embeddable":true,"href":"https:\/\/inclusivenews.com.br\/index.php?rest_route=%2Fwp%2Fv2%2Ftags&post=30754"}],"curies":[{"name":"wp","href":"https:\/\/api.w.org\/{rel}","templated":true}]}}