{"id":30756,"date":"2017-12-07T06:50:58","date_gmt":"2017-12-07T09:50:58","guid":{"rendered":"http:\/\/www.inclusive.org.br\/?p=30756"},"modified":"2017-12-07T06:50:58","modified_gmt":"2017-12-07T09:50:58","slug":"historias-de-baixa-visao-sera-lancado-em-curitiba-e-rio-de-janeiro","status":"publish","type":"post","link":"https:\/\/inclusivenews.com.br\/?p=30756","title":{"rendered":"\u201cHist\u00f3rias de baixa vis\u00e3o\u201d ser\u00e1 lan\u00e7ado em Curitiba e Rio de Janeiro"},"content":{"rendered":"<figure id=\"attachment_30757\" aria-describedby=\"caption-attachment-30757\" style=\"width: 400px\" class=\"wp-caption alignleft\"><img loading=\"lazy\" decoding=\"async\" class=\"wp-image-30757 size-full\" title=\"Hist\u00f3rias de baixa vis\u00e3o - Mariana Baierle (organizadora)\" src=\"http:\/\/inclusivenews.com.br\/wp-content\/uploads\/Imagem-Capa-Correta.jpg\" alt=\"A capa, em sentido vertical, tem o verde escuro como cor de fundo. Do topo para a base, a tonalidade do verde fica gradualmente mais clara. Na metade superior da capa, alinhado \u00e0 esquerda, o t\u00edtulo da obra est\u00e1 escrito em letras mai\u00fasculas. &quot;HIST\u00d3RIAS DE&quot; est\u00e1 na primeira linha e &quot;BAIXA VIS\u00c3O&quot;, na segunda. Tamb\u00e9m alinhado \u00e0 esquerda, na metade inferior da capa, em fonte menor e em letras mai\u00fasculas est\u00e1 escrito &quot;MARIANA BAIERLE&quot; e, abaixo, em letras min\u00fasculas e entre par\u00eanteses est\u00e1 escrito &quot;(organizadora)&quot;. Todas essas informa\u00e7\u00f5es est\u00e3o escritas em letras brancas. Na base da capa, centralizado, aparece o logotipo da editora Moura S.A., representado por um c\u00edrculo verde que contorna um &quot;M&quot; mai\u00fasculo sobre o nome &quot;MouraSA&quot;.\" width=\"400\" height=\"565\" \/><figcaption id=\"caption-attachment-30757\" class=\"wp-caption-text\">Hist\u00f3rias de baixa vis\u00e3o &#8211; Mariana Baierle (organizadora)<\/figcaption><\/figure>\n<p>O livro \u00e9 uma colet\u00e2nea de dezenove autores que retratam suas perspectivas de ser e estar no mundo a partir da \u00f3tica da baixa vis\u00e3o.<\/p>\n<p>Ap\u00f3s sucesso no lan\u00e7amento na Feira do Livro de Porto Alegre, o livro \u201cHist\u00f3rias de Baixa Vis\u00e3o\u201d \u2013 organizado pela jornalista Mariana Baierle \u2013 come\u00e7a agora a circular pelo Brasil e ser\u00e1 lan\u00e7ado nas cidades de Curitiba e Rio de Janeiro. Na capital ga\u00facha, a sala oeste do Santander Cultural, com capacidade para noventa pessoas, ficou lotada e muita gente ficou do lado de fora. No dia 15 de dezembro (sexta-feira), \u00e0s 19h, a obra ser\u00e1 lan\u00e7ada oficialmente em Curitiba, na Livraria da Vila, no shopping P\u00e1tio Batel. No dia 20 de dezembro ser\u00e1 a vez do Rio de Janeiro, na Livraria e Bistr\u00f4 Moviola, \u00e0s 18h. Nas duas ocasi\u00f5es estar\u00e3o presentes parte dos autores do livro para um bate-papo com o p\u00fablico: em Curitiba, Manoel Negraes, Mariana Baierle, Marilena Assis e Rafael Martins dos Santos e, no Rio de Janeiro, Fernanda Shcolnik e Rafael Braz.<\/p>\n<p>O livro \u201cHist\u00f3rias de Baixa Vis\u00e3o\u201d, uma publica\u00e7\u00e3o da Editora CRV, d\u00e1 visibilidade \u00e0s quest\u00f5es relativas \u00e0 defici\u00eancia visual, em especial \u00e0 baixa vis\u00e3o. A obra traz relatos biogr\u00e1ficos e cr\u00f4nicas de 19 autores acerca de suas experi\u00eancias com a defici\u00eancia visual.<\/p>\n<p>A partir da obra \u00e9 poss\u00edvel entender que a baixa vis\u00e3o \u00e9 uma maneira muito pr\u00f3pria de enxergar e de se relacionar com o mundo, o que coloca os autores \u2013 assim como uma grande parcela da popula\u00e7\u00e3o \u2013 em uma posi\u00e7\u00e3o intermedi\u00e1ria entre a cegueira e a vis\u00e3o dita \u201cnormal\u201d. Em todo o Brasil temos 6,5 milh\u00f5es de pessoas com defici\u00eancia visual. Desse total, conforme o \u00faltimo Censo do IBGE, apenas 500 mil s\u00e3o cegas. Os outros seis milh\u00f5es de indiv\u00edduos tem baixa vis\u00e3o, ou seja, um n\u00edvel de vis\u00e3o inferior a 30%. A pessoa com baixa vis\u00e3o possui um res\u00edduo visual bastante \u00fatil em diversas situa\u00e7\u00f5es cotidianas, n\u00e3o sendo nem uma pessoa que enxerga normalmente nem uma pessoa cega.<\/p>\n<p><a href=\"http:\/\/tresgotinhas.com.br\/obra-historias-de-baixa-visao-sera-lancada-na-feira-do-livro-de-porto-alegre\/\" target=\"_blank\" rel=\"noopener\">Mais sobre a obra neste link.<\/a><\/p>\n<p>Para aquisi\u00e7\u00e3o do livro:<\/p>\n<p>Em Porto Alegre, a obra \u00e9 comercializada na Livraria Mosaico (Rua Riachuelo, 1264 \u2013 Centro Hist\u00f3rico, telefone (51) 3221 5553).<\/p>\n<p>\u00c9 poss\u00edvel adquiri-la tamb\u00e9m diretamente pelo site da Editora CRV em qualquer parte do pa\u00eds, <a href=\"https:\/\/editoracrv.com.br\/produtos\/detalhes\/32599-historias-de-baixa-visao\" target=\"_blank\" rel=\"noopener\">neste link<\/a>.<\/p>\n<p><a href=\"http:\/\/www.facebook.com\/historiasdebaixavisao\" target=\"_blank\" rel=\"noopener\">Acesse por aqui a p\u00e1gina do livro no Facebook.<\/a><\/p>\n<p>&nbsp;<\/p>\n<p><strong>SERVI\u00c7O:<\/strong><\/p>\n<p>O qu\u00ea: Lan\u00e7amento em Curitiba\/PR e bate-papo com os autores Manoel Negraes, Mariana Baierle, Marilena Assis e Rafael Martins dos Santos<\/p>\n<p>Quando: 15 de dezembro (sexta-feira)<\/p>\n<p>Local: Livraria da Vila \u2013 Shopping P\u00e1tio Batel (Avenida do Batel, 1868 \u2013 Curitiba\/ PR)<\/p>\n<p>Hor\u00e1rio: 19h<\/p>\n<p>_______________________________<\/p>\n<p>O qu\u00ea: Lan\u00e7amento no Rio de Janeiro e bate-papo com os autores Fernanda Shcolnik e Rafael Braz<\/p>\n<p>Quando: 20 de dezembro (quarta-feira)<\/p>\n<p>Local: Moviola \u2013 Livraria e Bistr\u00f4 (Rua das Laranjeiras, 280 \u2013 lojas B e C \u2013 Laranjeiras \u2013 Rio de Janeiro\/RJ)<\/p>\n<p>Hor\u00e1rio: 18h<\/p>\n<p><strong>Autores do livro:<\/strong> Mariana Baierle (organizadora), Adenirce Davi, Andr\u00e9 Werkhausen Boone, Ariane Kravczyk Bernardes, Fernanda Cristina Falkoski, Fernanda Shcolnik, Franciele Brand\u00e3o, Gabriel Pessoa Ribeiro, Gilberto Kemer, Grazieli Dahmer, Heniane Passos Aleixo, Maicon Tadler, Manoel Negraes, Marilena Assis, Rafael Braz, Rafael Faria Giguer, Rafael Martins dos Santos, Renato D\u2019\u00c1vila Moura e Teco Barbero<\/p>\n<p><strong>Apoio:<\/strong> Associa\u00e7\u00e3o de Cegos do RS (ACERGS), Faders \u2013 Acessibilidade e Inclus\u00e3o,Porta da Toca Est\u00fadio e Som da Luz<\/p>\n<p><strong>Contatos para imprensa:<\/strong><\/p>\n<p>Em Curitiba: Manoel Negraes \u2013 fone\/wharsapp: 41 99201-2711 manoel.mid@gmail.com<\/p>\n<p>No Rio de Janeiro: Fernanda Shcolnik \u2013 fone\/whatsapp: 21 99634-7138 fernandashcolnik@gmail.com<\/p>\n<p>Organizadora da obra: fone\/ whatsapp: 51 98433-7368 mariana.baierle@uol.com.br<\/p>\n","protected":false},"excerpt":{"rendered":"<p>O livro \u00e9 uma colet\u00e2nea de dezenove autores que retratam suas perspectivas de ser e estar no mundo a partir da \u00f3tica da baixa vis\u00e3o.<\/p>\n","protected":false},"author":1,"featured_media":0,"comment_status":"open","ping_status":"open","sticky":false,"template":"","format":"standard","meta":{"site-container-style":"default","site-container-layout":"default","site-sidebar-layout":"default","disable-article-header":"default","disable-site-header":"default","disable-site-footer":"default","disable-content-area-spacing":"default","footnotes":""},"categories":[50,51],"tags":[180,212,417],"class_list":["post-30756","post","type-post","status-publish","format-standard","hentry","category-lancamentos","category-livros","tag-baixa-visao","tag-deficiencia-visual","tag-mariana-baierle"],"yoast_head":"<!-- This site is optimized with the Yoast SEO plugin v27.4 - https:\/\/yoast.com\/product\/yoast-seo-wordpress\/ -->\n<title>\u201cHist\u00f3rias de baixa vis\u00e3o\u201d ser\u00e1 lan\u00e7ado em Curitiba e Rio de Janeiro -<\/title>\n<meta name=\"robots\" content=\"index, follow, max-snippet:-1, max-image-preview:large, max-video-preview:-1\" \/>\n<link rel=\"canonical\" href=\"https:\/\/inclusivenews.com.br\/?p=30756\" \/>\n<meta property=\"og:locale\" content=\"pt_PT\" \/>\n<meta property=\"og:type\" content=\"article\" \/>\n<meta property=\"og:title\" content=\"\u201cHist\u00f3rias de baixa vis\u00e3o\u201d ser\u00e1 lan\u00e7ado em Curitiba e Rio de Janeiro -\" \/>\n<meta property=\"og:description\" content=\"O livro \u00e9 uma colet\u00e2nea de dezenove autores que retratam suas perspectivas de ser e estar no mundo a partir da \u00f3tica da baixa vis\u00e3o.\" \/>\n<meta property=\"og:url\" content=\"https:\/\/inclusivenews.com.br\/?p=30756\" \/>\n<meta property=\"article:publisher\" content=\"https:\/\/www.facebook.com\/agenciainclusive\/\" \/>\n<meta property=\"article:published_time\" content=\"2017-12-07T09:50:58+00:00\" \/>\n<meta property=\"og:image\" content=\"http:\/\/inclusivenews.com.br\/wp-content\/uploads\/Imagem-Capa-Correta.jpg\" \/>\n<meta name=\"author\" content=\"inclusivenews2024\" \/>\n<meta name=\"twitter:card\" content=\"summary_large_image\" \/>\n<meta name=\"twitter:label1\" content=\"Escrito por\" \/>\n\t<meta name=\"twitter:data1\" content=\"inclusivenews2024\" \/>\n\t<meta name=\"twitter:label2\" content=\"Tempo estimado de leitura\" \/>\n\t<meta name=\"twitter:data2\" content=\"3 minutos\" \/>\n<script type=\"application\/ld+json\" class=\"yoast-schema-graph\">{\"@context\":\"https:\\\/\\\/schema.org\",\"@graph\":[{\"@type\":\"Article\",\"@id\":\"https:\\\/\\\/inclusivenews.com.br\\\/?p=30756#article\",\"isPartOf\":{\"@id\":\"https:\\\/\\\/inclusivenews.com.br\\\/?p=30756\"},\"author\":{\"name\":\"inclusivenews2024\",\"@id\":\"https:\\\/\\\/inclusivenews.com.br\\\/#\\\/schema\\\/person\\\/ae4ec7087559b8692fb33b6fffd2273b\"},\"headline\":\"\u201cHist\u00f3rias de baixa vis\u00e3o\u201d ser\u00e1 lan\u00e7ado em Curitiba e Rio de Janeiro\",\"datePublished\":\"2017-12-07T09:50:58+00:00\",\"mainEntityOfPage\":{\"@id\":\"https:\\\/\\\/inclusivenews.com.br\\\/?p=30756\"},\"wordCount\":650,\"commentCount\":0,\"publisher\":{\"@id\":\"https:\\\/\\\/inclusivenews.com.br\\\/#organization\"},\"image\":{\"@id\":\"https:\\\/\\\/inclusivenews.com.br\\\/?p=30756#primaryimage\"},\"thumbnailUrl\":\"http:\\\/\\\/inclusivenews.com.br\\\/wp-content\\\/uploads\\\/Imagem-Capa-Correta.jpg\",\"keywords\":[\"baixa vis\u00e3o\",\"defici\u00eancia visual\",\"Mariana Baierle\"],\"articleSection\":[\"Lan\u00e7amentos\",\"Livros\"],\"inLanguage\":\"pt-PT\",\"potentialAction\":[{\"@type\":\"CommentAction\",\"name\":\"Comment\",\"target\":[\"https:\\\/\\\/inclusivenews.com.br\\\/?p=30756#respond\"]}]},{\"@type\":\"WebPage\",\"@id\":\"https:\\\/\\\/inclusivenews.com.br\\\/?p=30756\",\"url\":\"https:\\\/\\\/inclusivenews.com.br\\\/?p=30756\",\"name\":\"\u201cHist\u00f3rias de baixa vis\u00e3o\u201d ser\u00e1 lan\u00e7ado em Curitiba e Rio de Janeiro -\",\"isPartOf\":{\"@id\":\"https:\\\/\\\/inclusivenews.com.br\\\/#website\"},\"primaryImageOfPage\":{\"@id\":\"https:\\\/\\\/inclusivenews.com.br\\\/?p=30756#primaryimage\"},\"image\":{\"@id\":\"https:\\\/\\\/inclusivenews.com.br\\\/?p=30756#primaryimage\"},\"thumbnailUrl\":\"http:\\\/\\\/inclusivenews.com.br\\\/wp-content\\\/uploads\\\/Imagem-Capa-Correta.jpg\",\"datePublished\":\"2017-12-07T09:50:58+00:00\",\"breadcrumb\":{\"@id\":\"https:\\\/\\\/inclusivenews.com.br\\\/?p=30756#breadcrumb\"},\"inLanguage\":\"pt-PT\",\"potentialAction\":[{\"@type\":\"ReadAction\",\"target\":[\"https:\\\/\\\/inclusivenews.com.br\\\/?p=30756\"]}]},{\"@type\":\"ImageObject\",\"inLanguage\":\"pt-PT\",\"@id\":\"https:\\\/\\\/inclusivenews.com.br\\\/?p=30756#primaryimage\",\"url\":\"\",\"contentUrl\":\"\"},{\"@type\":\"BreadcrumbList\",\"@id\":\"https:\\\/\\\/inclusivenews.com.br\\\/?p=30756#breadcrumb\",\"itemListElement\":[{\"@type\":\"ListItem\",\"position\":1,\"name\":\"In\u00edcio\",\"item\":\"https:\\\/\\\/inclusivenews.com.br\\\/\"},{\"@type\":\"ListItem\",\"position\":2,\"name\":\"\u201cHist\u00f3rias de baixa vis\u00e3o\u201d ser\u00e1 lan\u00e7ado em Curitiba e Rio de Janeiro\"}]},{\"@type\":\"WebSite\",\"@id\":\"https:\\\/\\\/inclusivenews.com.br\\\/#website\",\"url\":\"https:\\\/\\\/inclusivenews.com.br\\\/\",\"name\":\"Inclusive News\",\"description\":\"Inclusive News\",\"publisher\":{\"@id\":\"https:\\\/\\\/inclusivenews.com.br\\\/#organization\"},\"potentialAction\":[{\"@type\":\"SearchAction\",\"target\":{\"@type\":\"EntryPoint\",\"urlTemplate\":\"https:\\\/\\\/inclusivenews.com.br\\\/?s={search_term_string}\"},\"query-input\":{\"@type\":\"PropertyValueSpecification\",\"valueRequired\":true,\"valueName\":\"search_term_string\"}}],\"inLanguage\":\"pt-PT\"},{\"@type\":\"Organization\",\"@id\":\"https:\\\/\\\/inclusivenews.com.br\\\/#organization\",\"name\":\"Inclusive - inclus\u00e3o e cidadania\",\"url\":\"https:\\\/\\\/inclusivenews.com.br\\\/\",\"logo\":{\"@type\":\"ImageObject\",\"inLanguage\":\"pt-PT\",\"@id\":\"https:\\\/\\\/inclusivenews.com.br\\\/#\\\/schema\\\/logo\\\/image\\\/\",\"url\":\"https:\\\/\\\/inclusivenews.com.br\\\/wp-content\\\/uploads\\\/2024\\\/03\\\/@grandesite.png\",\"contentUrl\":\"https:\\\/\\\/inclusivenews.com.br\\\/wp-content\\\/uploads\\\/2024\\\/03\\\/@grandesite.png\",\"width\":1080,\"height\":1080,\"caption\":\"Inclusive - inclus\u00e3o e cidadania\"},\"image\":{\"@id\":\"https:\\\/\\\/inclusivenews.com.br\\\/#\\\/schema\\\/logo\\\/image\\\/\"},\"sameAs\":[\"https:\\\/\\\/www.facebook.com\\\/agenciainclusive\\\/\",\"https:\\\/\\\/www.instagram.com\\\/newsinclusive\\\/\"]},{\"@type\":\"Person\",\"@id\":\"https:\\\/\\\/inclusivenews.com.br\\\/#\\\/schema\\\/person\\\/ae4ec7087559b8692fb33b6fffd2273b\",\"name\":\"inclusivenews2024\",\"image\":{\"@type\":\"ImageObject\",\"inLanguage\":\"pt-PT\",\"@id\":\"https:\\\/\\\/secure.gravatar.com\\\/avatar\\\/c5a7ef84c66fa914f55bc4f7ce26cfa275a3b9a1c5568b907bd184fb4dde7b40?s=96&d=mm&r=g\",\"url\":\"https:\\\/\\\/secure.gravatar.com\\\/avatar\\\/c5a7ef84c66fa914f55bc4f7ce26cfa275a3b9a1c5568b907bd184fb4dde7b40?s=96&d=mm&r=g\",\"contentUrl\":\"https:\\\/\\\/secure.gravatar.com\\\/avatar\\\/c5a7ef84c66fa914f55bc4f7ce26cfa275a3b9a1c5568b907bd184fb4dde7b40?s=96&d=mm&r=g\",\"caption\":\"inclusivenews2024\"},\"sameAs\":[\"https:\\\/\\\/inclusivenews.com.br\"],\"url\":\"https:\\\/\\\/inclusivenews.com.br\\\/?author=1\"}]}<\/script>\n<!-- \/ Yoast SEO plugin. -->","yoast_head_json":{"title":"\u201cHist\u00f3rias de baixa vis\u00e3o\u201d ser\u00e1 lan\u00e7ado em Curitiba e Rio de Janeiro -","robots":{"index":"index","follow":"follow","max-snippet":"max-snippet:-1","max-image-preview":"max-image-preview:large","max-video-preview":"max-video-preview:-1"},"canonical":"https:\/\/inclusivenews.com.br\/?p=30756","og_locale":"pt_PT","og_type":"article","og_title":"\u201cHist\u00f3rias de baixa vis\u00e3o\u201d ser\u00e1 lan\u00e7ado em Curitiba e Rio de Janeiro -","og_description":"O livro \u00e9 uma colet\u00e2nea de dezenove autores que retratam suas perspectivas de ser e estar no mundo a partir da \u00f3tica da baixa vis\u00e3o.","og_url":"https:\/\/inclusivenews.com.br\/?p=30756","article_publisher":"https:\/\/www.facebook.com\/agenciainclusive\/","article_published_time":"2017-12-07T09:50:58+00:00","og_image":[{"url":"http:\/\/inclusivenews.com.br\/wp-content\/uploads\/Imagem-Capa-Correta.jpg","type":"","width":"","height":""}],"author":"inclusivenews2024","twitter_card":"summary_large_image","twitter_misc":{"Escrito por":"inclusivenews2024","Tempo estimado de leitura":"3 minutos"},"schema":{"@context":"https:\/\/schema.org","@graph":[{"@type":"Article","@id":"https:\/\/inclusivenews.com.br\/?p=30756#article","isPartOf":{"@id":"https:\/\/inclusivenews.com.br\/?p=30756"},"author":{"name":"inclusivenews2024","@id":"https:\/\/inclusivenews.com.br\/#\/schema\/person\/ae4ec7087559b8692fb33b6fffd2273b"},"headline":"\u201cHist\u00f3rias de baixa vis\u00e3o\u201d ser\u00e1 lan\u00e7ado em Curitiba e Rio de Janeiro","datePublished":"2017-12-07T09:50:58+00:00","mainEntityOfPage":{"@id":"https:\/\/inclusivenews.com.br\/?p=30756"},"wordCount":650,"commentCount":0,"publisher":{"@id":"https:\/\/inclusivenews.com.br\/#organization"},"image":{"@id":"https:\/\/inclusivenews.com.br\/?p=30756#primaryimage"},"thumbnailUrl":"http:\/\/inclusivenews.com.br\/wp-content\/uploads\/Imagem-Capa-Correta.jpg","keywords":["baixa vis\u00e3o","defici\u00eancia visual","Mariana Baierle"],"articleSection":["Lan\u00e7amentos","Livros"],"inLanguage":"pt-PT","potentialAction":[{"@type":"CommentAction","name":"Comment","target":["https:\/\/inclusivenews.com.br\/?p=30756#respond"]}]},{"@type":"WebPage","@id":"https:\/\/inclusivenews.com.br\/?p=30756","url":"https:\/\/inclusivenews.com.br\/?p=30756","name":"\u201cHist\u00f3rias de baixa vis\u00e3o\u201d ser\u00e1 lan\u00e7ado em Curitiba e Rio de Janeiro -","isPartOf":{"@id":"https:\/\/inclusivenews.com.br\/#website"},"primaryImageOfPage":{"@id":"https:\/\/inclusivenews.com.br\/?p=30756#primaryimage"},"image":{"@id":"https:\/\/inclusivenews.com.br\/?p=30756#primaryimage"},"thumbnailUrl":"http:\/\/inclusivenews.com.br\/wp-content\/uploads\/Imagem-Capa-Correta.jpg","datePublished":"2017-12-07T09:50:58+00:00","breadcrumb":{"@id":"https:\/\/inclusivenews.com.br\/?p=30756#breadcrumb"},"inLanguage":"pt-PT","potentialAction":[{"@type":"ReadAction","target":["https:\/\/inclusivenews.com.br\/?p=30756"]}]},{"@type":"ImageObject","inLanguage":"pt-PT","@id":"https:\/\/inclusivenews.com.br\/?p=30756#primaryimage","url":"","contentUrl":""},{"@type":"BreadcrumbList","@id":"https:\/\/inclusivenews.com.br\/?p=30756#breadcrumb","itemListElement":[{"@type":"ListItem","position":1,"name":"In\u00edcio","item":"https:\/\/inclusivenews.com.br\/"},{"@type":"ListItem","position":2,"name":"\u201cHist\u00f3rias de baixa vis\u00e3o\u201d ser\u00e1 lan\u00e7ado em Curitiba e Rio de Janeiro"}]},{"@type":"WebSite","@id":"https:\/\/inclusivenews.com.br\/#website","url":"https:\/\/inclusivenews.com.br\/","name":"Inclusive News","description":"Inclusive News","publisher":{"@id":"https:\/\/inclusivenews.com.br\/#organization"},"potentialAction":[{"@type":"SearchAction","target":{"@type":"EntryPoint","urlTemplate":"https:\/\/inclusivenews.com.br\/?s={search_term_string}"},"query-input":{"@type":"PropertyValueSpecification","valueRequired":true,"valueName":"search_term_string"}}],"inLanguage":"pt-PT"},{"@type":"Organization","@id":"https:\/\/inclusivenews.com.br\/#organization","name":"Inclusive - inclus\u00e3o e cidadania","url":"https:\/\/inclusivenews.com.br\/","logo":{"@type":"ImageObject","inLanguage":"pt-PT","@id":"https:\/\/inclusivenews.com.br\/#\/schema\/logo\/image\/","url":"https:\/\/inclusivenews.com.br\/wp-content\/uploads\/2024\/03\/@grandesite.png","contentUrl":"https:\/\/inclusivenews.com.br\/wp-content\/uploads\/2024\/03\/@grandesite.png","width":1080,"height":1080,"caption":"Inclusive - inclus\u00e3o e cidadania"},"image":{"@id":"https:\/\/inclusivenews.com.br\/#\/schema\/logo\/image\/"},"sameAs":["https:\/\/www.facebook.com\/agenciainclusive\/","https:\/\/www.instagram.com\/newsinclusive\/"]},{"@type":"Person","@id":"https:\/\/inclusivenews.com.br\/#\/schema\/person\/ae4ec7087559b8692fb33b6fffd2273b","name":"inclusivenews2024","image":{"@type":"ImageObject","inLanguage":"pt-PT","@id":"https:\/\/secure.gravatar.com\/avatar\/c5a7ef84c66fa914f55bc4f7ce26cfa275a3b9a1c5568b907bd184fb4dde7b40?s=96&d=mm&r=g","url":"https:\/\/secure.gravatar.com\/avatar\/c5a7ef84c66fa914f55bc4f7ce26cfa275a3b9a1c5568b907bd184fb4dde7b40?s=96&d=mm&r=g","contentUrl":"https:\/\/secure.gravatar.com\/avatar\/c5a7ef84c66fa914f55bc4f7ce26cfa275a3b9a1c5568b907bd184fb4dde7b40?s=96&d=mm&r=g","caption":"inclusivenews2024"},"sameAs":["https:\/\/inclusivenews.com.br"],"url":"https:\/\/inclusivenews.com.br\/?author=1"}]}},"_links":{"self":[{"href":"https:\/\/inclusivenews.com.br\/index.php?rest_route=\/wp\/v2\/posts\/30756","targetHints":{"allow":["GET"]}}],"collection":[{"href":"https:\/\/inclusivenews.com.br\/index.php?rest_route=\/wp\/v2\/posts"}],"about":[{"href":"https:\/\/inclusivenews.com.br\/index.php?rest_route=\/wp\/v2\/types\/post"}],"author":[{"embeddable":true,"href":"https:\/\/inclusivenews.com.br\/index.php?rest_route=\/wp\/v2\/users\/1"}],"replies":[{"embeddable":true,"href":"https:\/\/inclusivenews.com.br\/index.php?rest_route=%2Fwp%2Fv2%2Fcomments&post=30756"}],"version-history":[{"count":0,"href":"https:\/\/inclusivenews.com.br\/index.php?rest_route=\/wp\/v2\/posts\/30756\/revisions"}],"wp:attachment":[{"href":"https:\/\/inclusivenews.com.br\/index.php?rest_route=%2Fwp%2Fv2%2Fmedia&parent=30756"}],"wp:term":[{"taxonomy":"category","embeddable":true,"href":"https:\/\/inclusivenews.com.br\/index.php?rest_route=%2Fwp%2Fv2%2Fcategories&post=30756"},{"taxonomy":"post_tag","embeddable":true,"href":"https:\/\/inclusivenews.com.br\/index.php?rest_route=%2Fwp%2Fv2%2Ftags&post=30756"}],"curies":[{"name":"wp","href":"https:\/\/api.w.org\/{rel}","templated":true}]}}