{"id":30777,"date":"2017-12-13T06:32:45","date_gmt":"2017-12-13T09:32:45","guid":{"rendered":"http:\/\/www.inclusive.org.br\/?p=30777"},"modified":"2017-12-13T06:32:45","modified_gmt":"2017-12-13T09:32:45","slug":"a-bengala-verde-e-a-busca-por-visibilidade","status":"publish","type":"post","link":"https:\/\/inclusivenews.com.br\/?p=30777","title":{"rendered":"A bengala verde e a busca por visibilidade"},"content":{"rendered":"<p><em>Por Manoel Negraes *<\/em><\/p>\n<figure id=\"attachment_30778\" aria-describedby=\"caption-attachment-30778\" style=\"width: 300px\" class=\"wp-caption alignleft\"><img loading=\"lazy\" decoding=\"async\" class=\"wp-image-30778 size-full\" title=\"Coletivo Bengala Verde escrito em branco sobre fundo verde.\" src=\"http:\/\/inclusivenews.com.br\/wp-content\/uploads\/col.jpg\" alt=\"Coletivo Bengala Verde escrito em branco sobre fundo verde.\" width=\"300\" height=\"331\" \/><figcaption id=\"caption-attachment-30778\" class=\"wp-caption-text\">Coletivo Bengala Verde escrito em branco sobre fundo verde.<\/figcaption><\/figure>\n<p>As pessoas com defici\u00eancia visual \u2013 pessoas cegas ou com baixa vis\u00e3o \u2013 enfrentam in\u00fameras dificuldades no cotidiano. Contudo, as pessoas com baixa vis\u00e3o, em particular, enfrentam <strong>dificuldades por viverem em um estado ambivalente <\/strong>no qual n\u00e3o h\u00e1 <strong>nem aus\u00eancia nem presen\u00e7a total de vis\u00e3o,<\/strong> o que pode gerar n\u00e3o-identifica\u00e7\u00e3o com sua condi\u00e7\u00e3o ou com a bengala, <strong>confus\u00e3o, desconfian\u00e7a, situa\u00e7\u00f5es constrangedoras e discrimina\u00e7\u00e3o, t<\/strong>anto por pessoas que enxergam quanto por pessoas cegas.<\/p>\n<p>S\u00e3o in\u00fameras experi\u00eancias vivenciadas por pessoas que buscam autonomia, independ\u00eancia e reconhecimento em uma sociedade que, por sua vez, ainda n\u00e3o as identifica como parte de um grupo de pessoas com defici\u00eancia visual. Isso com base, inclusive, na concep\u00e7\u00e3o err\u00f4nea de que todos os usu\u00e1rios de bengala s\u00e3o cegos, sendo que a grande maioria das pessoas com baixa vis\u00e3o tamb\u00e9m precisam desse instrumento para a orienta\u00e7\u00e3o e mobilidade.<\/p>\n<p>Em 1996, justamente para enfrentar essas dificuldades espec\u00edficas do universo da baixa vis\u00e3o, a professora uruguaia de educa\u00e7\u00e3o especial Perla Mayo, que atua na Argentina, criou a bengala verde \u2013 cor que representa a esperan\u00e7a, de \u201cver-de outra maneira\u201d, de \u201cver-de novo\u201d.<\/p>\n<p>Com isso, a inten\u00e7\u00e3o da diretora do Centro Mayo de Baja Visi\u00f3n, localizado em Buenos Aires, foi contribuir para a aceita\u00e7\u00e3o do uso da bengala pelas pessoas com baixa vis\u00e3o (que rejeitam muito a bengala branca por ser um s\u00edmbolo da cegueira), para a identifica\u00e7\u00e3o da pessoa com baixa vis\u00e3o pelas outras pessoas e para a constru\u00e7\u00e3o de uma no\u00e7\u00e3o de pertencimento a um grupo ainda imerso na invisibilidade social.<\/p>\n<p>A novidade teve uma repercuss\u00e3o t\u00e3o positiva que dois anos depois, em 1998, Mayo apresentou no Congresso Mundial de Baixa Vis\u00e3o, em Nova Iorque, nos Estados Unidos, uma pesquisa sobre o uso da bengala verde.<\/p>\n<p>J\u00e1 no campo jur\u00eddico, no dia 27 de novembro de 2002, foi aprovada na Argentina a Lei n\u00ba 25.682 que estabelece a bengala verde como instrumento de orienta\u00e7\u00e3o e mobilidade para as pessoas com baixa vis\u00e3o, garantindo, inclusive, cobertura obrigat\u00f3ria por parte do Estado e dos planos de sa\u00fade. Segundo Mayo, atualmente, mais de dez mil argentinos utilizam a bengala verde no pa\u00eds que comemora, em 26 de setembro, o \u201cD\u00eda del Bast\u00f3n Verde\u201d.<\/p>\n<p>No momento, outros pa\u00edses difundem o uso da bengala verde \u2013 Nicar\u00e1gua, Col\u00f4mbia, Paraguai, M\u00e9xico, Equador, Bolivia, Costa Rica, Venezuela e Uruguai \u2013 sendo que este \u00faltimo tamb\u00e9m possui legisla\u00e7\u00e3o sobre o tema semelhante a da Argentina, a Lei n\u00ba 18.875, aprovada pelo governo uruguaio em 14 de dezembro de 2011.<\/p>\n<p>No Brasil, desde 2014 a bengala verde \u00e9 difundida e, atualmente, diversas iniciativas promovem o seu uso, entre elas o Coletivo Bengala Verde (<a href=\"https:\/\/www.facebook.com\/coletivobengalaverde\/\">https:\/\/www.facebook.com\/coletivobengalaverde\/<\/a>), que, inclusive, colaborou com a constru\u00e7\u00e3o do Parecer T\u00e9cnico 004\/2017 da Organiza\u00e7\u00e3o Nacional de Cegos do Brasil (ONCB), que representa 86 entidades espalhadas por todo o territ\u00f3rio nacional (leia no link abaixo).<\/p>\n<p>No entanto, os brasileiros ainda precisam aprofundar e qualificar o debate sobre o tema, com a ampla participa\u00e7\u00e3o das pessoas com baixa vis\u00e3o e de diversos setores da sociedade. Afinal, o que parece ser, em princ\u00edpio, apenas uma mudan\u00e7a de cor, na verdade, representa uma efetiva oportunidade para informar sobre as caracter\u00edsticas da baixa vis\u00e3o e as dificuldades enfrentadas por seis milh\u00f5es de pessoas que vivem entre o \u201cver\u201d e o \u201cn\u00e3o ver\u201d.<\/p>\n<p>Leia o Parecer T\u00e9cnico 004\/2017 da Organiza\u00e7\u00e3o de Cegos do Brasil \u2013 ONCB: <a href=\"http:\/\/www.oncb.org.br\/documentos\/Parecer-da-ONCB-Sobre-o-Uso-da-Bengala-Verde.pdf\">http:\/\/www.oncb.org.br\/documentos\/Parecer-da-ONCB-Sobre-o-Uso-da-Bengala-Verde.pdf<\/a><\/p>\n<p>__________________________<\/p>\n<p>* Manoel Negraes \u00e9 cientista social e um dos integrantes do Coletivo Bengala Verde.<\/p>\n","protected":false},"excerpt":{"rendered":"<p>Saiba mais sobre a baixa-vis\u00e3o no texto de Manoel Negraes, do Coletivo Bengala Verde.<\/p>\n","protected":false},"author":1,"featured_media":0,"comment_status":"open","ping_status":"open","sticky":false,"template":"","format":"standard","meta":{"site-container-style":"default","site-container-layout":"default","site-sidebar-layout":"default","disable-article-header":"default","disable-site-header":"default","disable-site-footer":"default","disable-content-area-spacing":"default","footnotes":""},"categories":[4],"tags":[180],"class_list":["post-30777","post","type-post","status-publish","format-standard","hentry","category-noticias","tag-baixa-visao"],"yoast_head":"<!-- This site is optimized with the Yoast SEO plugin v27.4 - https:\/\/yoast.com\/product\/yoast-seo-wordpress\/ -->\n<title>A bengala verde e a busca por visibilidade -<\/title>\n<meta name=\"robots\" content=\"index, follow, max-snippet:-1, max-image-preview:large, max-video-preview:-1\" \/>\n<link rel=\"canonical\" href=\"https:\/\/inclusivenews.com.br\/?p=30777\" \/>\n<meta property=\"og:locale\" content=\"pt_PT\" \/>\n<meta property=\"og:type\" content=\"article\" \/>\n<meta property=\"og:title\" content=\"A bengala verde e a busca por visibilidade -\" \/>\n<meta property=\"og:description\" content=\"Saiba mais sobre a baixa-vis\u00e3o no texto de Manoel Negraes, do Coletivo Bengala Verde.\" \/>\n<meta property=\"og:url\" content=\"https:\/\/inclusivenews.com.br\/?p=30777\" \/>\n<meta property=\"article:publisher\" content=\"https:\/\/www.facebook.com\/agenciainclusive\/\" \/>\n<meta property=\"article:published_time\" content=\"2017-12-13T09:32:45+00:00\" \/>\n<meta property=\"og:image\" content=\"http:\/\/inclusivenews.com.br\/wp-content\/uploads\/col.jpg\" \/>\n<meta name=\"author\" content=\"inclusivenews2024\" \/>\n<meta name=\"twitter:card\" content=\"summary_large_image\" \/>\n<meta name=\"twitter:label1\" content=\"Escrito por\" \/>\n\t<meta name=\"twitter:data1\" content=\"inclusivenews2024\" \/>\n\t<meta name=\"twitter:label2\" content=\"Tempo estimado de leitura\" \/>\n\t<meta name=\"twitter:data2\" content=\"3 minutos\" \/>\n<script type=\"application\/ld+json\" class=\"yoast-schema-graph\">{\"@context\":\"https:\\\/\\\/schema.org\",\"@graph\":[{\"@type\":\"Article\",\"@id\":\"https:\\\/\\\/inclusivenews.com.br\\\/?p=30777#article\",\"isPartOf\":{\"@id\":\"https:\\\/\\\/inclusivenews.com.br\\\/?p=30777\"},\"author\":{\"name\":\"inclusivenews2024\",\"@id\":\"https:\\\/\\\/inclusivenews.com.br\\\/#\\\/schema\\\/person\\\/ae4ec7087559b8692fb33b6fffd2273b\"},\"headline\":\"A bengala verde e a busca por visibilidade\",\"datePublished\":\"2017-12-13T09:32:45+00:00\",\"mainEntityOfPage\":{\"@id\":\"https:\\\/\\\/inclusivenews.com.br\\\/?p=30777\"},\"wordCount\":657,\"commentCount\":0,\"publisher\":{\"@id\":\"https:\\\/\\\/inclusivenews.com.br\\\/#organization\"},\"image\":{\"@id\":\"https:\\\/\\\/inclusivenews.com.br\\\/?p=30777#primaryimage\"},\"thumbnailUrl\":\"http:\\\/\\\/inclusivenews.com.br\\\/wp-content\\\/uploads\\\/col.jpg\",\"keywords\":[\"baixa vis\u00e3o\"],\"articleSection\":[\"NOT\u00cdCIAS\"],\"inLanguage\":\"pt-PT\",\"potentialAction\":[{\"@type\":\"CommentAction\",\"name\":\"Comment\",\"target\":[\"https:\\\/\\\/inclusivenews.com.br\\\/?p=30777#respond\"]}]},{\"@type\":\"WebPage\",\"@id\":\"https:\\\/\\\/inclusivenews.com.br\\\/?p=30777\",\"url\":\"https:\\\/\\\/inclusivenews.com.br\\\/?p=30777\",\"name\":\"A bengala verde e a busca por visibilidade -\",\"isPartOf\":{\"@id\":\"https:\\\/\\\/inclusivenews.com.br\\\/#website\"},\"primaryImageOfPage\":{\"@id\":\"https:\\\/\\\/inclusivenews.com.br\\\/?p=30777#primaryimage\"},\"image\":{\"@id\":\"https:\\\/\\\/inclusivenews.com.br\\\/?p=30777#primaryimage\"},\"thumbnailUrl\":\"http:\\\/\\\/inclusivenews.com.br\\\/wp-content\\\/uploads\\\/col.jpg\",\"datePublished\":\"2017-12-13T09:32:45+00:00\",\"breadcrumb\":{\"@id\":\"https:\\\/\\\/inclusivenews.com.br\\\/?p=30777#breadcrumb\"},\"inLanguage\":\"pt-PT\",\"potentialAction\":[{\"@type\":\"ReadAction\",\"target\":[\"https:\\\/\\\/inclusivenews.com.br\\\/?p=30777\"]}]},{\"@type\":\"ImageObject\",\"inLanguage\":\"pt-PT\",\"@id\":\"https:\\\/\\\/inclusivenews.com.br\\\/?p=30777#primaryimage\",\"url\":\"\",\"contentUrl\":\"\"},{\"@type\":\"BreadcrumbList\",\"@id\":\"https:\\\/\\\/inclusivenews.com.br\\\/?p=30777#breadcrumb\",\"itemListElement\":[{\"@type\":\"ListItem\",\"position\":1,\"name\":\"In\u00edcio\",\"item\":\"https:\\\/\\\/inclusivenews.com.br\\\/\"},{\"@type\":\"ListItem\",\"position\":2,\"name\":\"A bengala verde e a busca por visibilidade\"}]},{\"@type\":\"WebSite\",\"@id\":\"https:\\\/\\\/inclusivenews.com.br\\\/#website\",\"url\":\"https:\\\/\\\/inclusivenews.com.br\\\/\",\"name\":\"Inclusive News\",\"description\":\"Inclusive News\",\"publisher\":{\"@id\":\"https:\\\/\\\/inclusivenews.com.br\\\/#organization\"},\"potentialAction\":[{\"@type\":\"SearchAction\",\"target\":{\"@type\":\"EntryPoint\",\"urlTemplate\":\"https:\\\/\\\/inclusivenews.com.br\\\/?s={search_term_string}\"},\"query-input\":{\"@type\":\"PropertyValueSpecification\",\"valueRequired\":true,\"valueName\":\"search_term_string\"}}],\"inLanguage\":\"pt-PT\"},{\"@type\":\"Organization\",\"@id\":\"https:\\\/\\\/inclusivenews.com.br\\\/#organization\",\"name\":\"Inclusive - inclus\u00e3o e cidadania\",\"url\":\"https:\\\/\\\/inclusivenews.com.br\\\/\",\"logo\":{\"@type\":\"ImageObject\",\"inLanguage\":\"pt-PT\",\"@id\":\"https:\\\/\\\/inclusivenews.com.br\\\/#\\\/schema\\\/logo\\\/image\\\/\",\"url\":\"https:\\\/\\\/inclusivenews.com.br\\\/wp-content\\\/uploads\\\/2024\\\/03\\\/@grandesite.png\",\"contentUrl\":\"https:\\\/\\\/inclusivenews.com.br\\\/wp-content\\\/uploads\\\/2024\\\/03\\\/@grandesite.png\",\"width\":1080,\"height\":1080,\"caption\":\"Inclusive - inclus\u00e3o e cidadania\"},\"image\":{\"@id\":\"https:\\\/\\\/inclusivenews.com.br\\\/#\\\/schema\\\/logo\\\/image\\\/\"},\"sameAs\":[\"https:\\\/\\\/www.facebook.com\\\/agenciainclusive\\\/\",\"https:\\\/\\\/www.instagram.com\\\/newsinclusive\\\/\"]},{\"@type\":\"Person\",\"@id\":\"https:\\\/\\\/inclusivenews.com.br\\\/#\\\/schema\\\/person\\\/ae4ec7087559b8692fb33b6fffd2273b\",\"name\":\"inclusivenews2024\",\"image\":{\"@type\":\"ImageObject\",\"inLanguage\":\"pt-PT\",\"@id\":\"https:\\\/\\\/secure.gravatar.com\\\/avatar\\\/c5a7ef84c66fa914f55bc4f7ce26cfa275a3b9a1c5568b907bd184fb4dde7b40?s=96&d=mm&r=g\",\"url\":\"https:\\\/\\\/secure.gravatar.com\\\/avatar\\\/c5a7ef84c66fa914f55bc4f7ce26cfa275a3b9a1c5568b907bd184fb4dde7b40?s=96&d=mm&r=g\",\"contentUrl\":\"https:\\\/\\\/secure.gravatar.com\\\/avatar\\\/c5a7ef84c66fa914f55bc4f7ce26cfa275a3b9a1c5568b907bd184fb4dde7b40?s=96&d=mm&r=g\",\"caption\":\"inclusivenews2024\"},\"sameAs\":[\"https:\\\/\\\/inclusivenews.com.br\"],\"url\":\"https:\\\/\\\/inclusivenews.com.br\\\/?author=1\"}]}<\/script>\n<!-- \/ Yoast SEO plugin. -->","yoast_head_json":{"title":"A bengala verde e a busca por visibilidade -","robots":{"index":"index","follow":"follow","max-snippet":"max-snippet:-1","max-image-preview":"max-image-preview:large","max-video-preview":"max-video-preview:-1"},"canonical":"https:\/\/inclusivenews.com.br\/?p=30777","og_locale":"pt_PT","og_type":"article","og_title":"A bengala verde e a busca por visibilidade -","og_description":"Saiba mais sobre a baixa-vis\u00e3o no texto de Manoel Negraes, do Coletivo Bengala Verde.","og_url":"https:\/\/inclusivenews.com.br\/?p=30777","article_publisher":"https:\/\/www.facebook.com\/agenciainclusive\/","article_published_time":"2017-12-13T09:32:45+00:00","og_image":[{"url":"http:\/\/inclusivenews.com.br\/wp-content\/uploads\/col.jpg","type":"","width":"","height":""}],"author":"inclusivenews2024","twitter_card":"summary_large_image","twitter_misc":{"Escrito por":"inclusivenews2024","Tempo estimado de leitura":"3 minutos"},"schema":{"@context":"https:\/\/schema.org","@graph":[{"@type":"Article","@id":"https:\/\/inclusivenews.com.br\/?p=30777#article","isPartOf":{"@id":"https:\/\/inclusivenews.com.br\/?p=30777"},"author":{"name":"inclusivenews2024","@id":"https:\/\/inclusivenews.com.br\/#\/schema\/person\/ae4ec7087559b8692fb33b6fffd2273b"},"headline":"A bengala verde e a busca por visibilidade","datePublished":"2017-12-13T09:32:45+00:00","mainEntityOfPage":{"@id":"https:\/\/inclusivenews.com.br\/?p=30777"},"wordCount":657,"commentCount":0,"publisher":{"@id":"https:\/\/inclusivenews.com.br\/#organization"},"image":{"@id":"https:\/\/inclusivenews.com.br\/?p=30777#primaryimage"},"thumbnailUrl":"http:\/\/inclusivenews.com.br\/wp-content\/uploads\/col.jpg","keywords":["baixa vis\u00e3o"],"articleSection":["NOT\u00cdCIAS"],"inLanguage":"pt-PT","potentialAction":[{"@type":"CommentAction","name":"Comment","target":["https:\/\/inclusivenews.com.br\/?p=30777#respond"]}]},{"@type":"WebPage","@id":"https:\/\/inclusivenews.com.br\/?p=30777","url":"https:\/\/inclusivenews.com.br\/?p=30777","name":"A bengala verde e a busca por visibilidade -","isPartOf":{"@id":"https:\/\/inclusivenews.com.br\/#website"},"primaryImageOfPage":{"@id":"https:\/\/inclusivenews.com.br\/?p=30777#primaryimage"},"image":{"@id":"https:\/\/inclusivenews.com.br\/?p=30777#primaryimage"},"thumbnailUrl":"http:\/\/inclusivenews.com.br\/wp-content\/uploads\/col.jpg","datePublished":"2017-12-13T09:32:45+00:00","breadcrumb":{"@id":"https:\/\/inclusivenews.com.br\/?p=30777#breadcrumb"},"inLanguage":"pt-PT","potentialAction":[{"@type":"ReadAction","target":["https:\/\/inclusivenews.com.br\/?p=30777"]}]},{"@type":"ImageObject","inLanguage":"pt-PT","@id":"https:\/\/inclusivenews.com.br\/?p=30777#primaryimage","url":"","contentUrl":""},{"@type":"BreadcrumbList","@id":"https:\/\/inclusivenews.com.br\/?p=30777#breadcrumb","itemListElement":[{"@type":"ListItem","position":1,"name":"In\u00edcio","item":"https:\/\/inclusivenews.com.br\/"},{"@type":"ListItem","position":2,"name":"A bengala verde e a busca por visibilidade"}]},{"@type":"WebSite","@id":"https:\/\/inclusivenews.com.br\/#website","url":"https:\/\/inclusivenews.com.br\/","name":"Inclusive News","description":"Inclusive News","publisher":{"@id":"https:\/\/inclusivenews.com.br\/#organization"},"potentialAction":[{"@type":"SearchAction","target":{"@type":"EntryPoint","urlTemplate":"https:\/\/inclusivenews.com.br\/?s={search_term_string}"},"query-input":{"@type":"PropertyValueSpecification","valueRequired":true,"valueName":"search_term_string"}}],"inLanguage":"pt-PT"},{"@type":"Organization","@id":"https:\/\/inclusivenews.com.br\/#organization","name":"Inclusive - inclus\u00e3o e cidadania","url":"https:\/\/inclusivenews.com.br\/","logo":{"@type":"ImageObject","inLanguage":"pt-PT","@id":"https:\/\/inclusivenews.com.br\/#\/schema\/logo\/image\/","url":"https:\/\/inclusivenews.com.br\/wp-content\/uploads\/2024\/03\/@grandesite.png","contentUrl":"https:\/\/inclusivenews.com.br\/wp-content\/uploads\/2024\/03\/@grandesite.png","width":1080,"height":1080,"caption":"Inclusive - inclus\u00e3o e cidadania"},"image":{"@id":"https:\/\/inclusivenews.com.br\/#\/schema\/logo\/image\/"},"sameAs":["https:\/\/www.facebook.com\/agenciainclusive\/","https:\/\/www.instagram.com\/newsinclusive\/"]},{"@type":"Person","@id":"https:\/\/inclusivenews.com.br\/#\/schema\/person\/ae4ec7087559b8692fb33b6fffd2273b","name":"inclusivenews2024","image":{"@type":"ImageObject","inLanguage":"pt-PT","@id":"https:\/\/secure.gravatar.com\/avatar\/c5a7ef84c66fa914f55bc4f7ce26cfa275a3b9a1c5568b907bd184fb4dde7b40?s=96&d=mm&r=g","url":"https:\/\/secure.gravatar.com\/avatar\/c5a7ef84c66fa914f55bc4f7ce26cfa275a3b9a1c5568b907bd184fb4dde7b40?s=96&d=mm&r=g","contentUrl":"https:\/\/secure.gravatar.com\/avatar\/c5a7ef84c66fa914f55bc4f7ce26cfa275a3b9a1c5568b907bd184fb4dde7b40?s=96&d=mm&r=g","caption":"inclusivenews2024"},"sameAs":["https:\/\/inclusivenews.com.br"],"url":"https:\/\/inclusivenews.com.br\/?author=1"}]}},"_links":{"self":[{"href":"https:\/\/inclusivenews.com.br\/index.php?rest_route=\/wp\/v2\/posts\/30777","targetHints":{"allow":["GET"]}}],"collection":[{"href":"https:\/\/inclusivenews.com.br\/index.php?rest_route=\/wp\/v2\/posts"}],"about":[{"href":"https:\/\/inclusivenews.com.br\/index.php?rest_route=\/wp\/v2\/types\/post"}],"author":[{"embeddable":true,"href":"https:\/\/inclusivenews.com.br\/index.php?rest_route=\/wp\/v2\/users\/1"}],"replies":[{"embeddable":true,"href":"https:\/\/inclusivenews.com.br\/index.php?rest_route=%2Fwp%2Fv2%2Fcomments&post=30777"}],"version-history":[{"count":0,"href":"https:\/\/inclusivenews.com.br\/index.php?rest_route=\/wp\/v2\/posts\/30777\/revisions"}],"wp:attachment":[{"href":"https:\/\/inclusivenews.com.br\/index.php?rest_route=%2Fwp%2Fv2%2Fmedia&parent=30777"}],"wp:term":[{"taxonomy":"category","embeddable":true,"href":"https:\/\/inclusivenews.com.br\/index.php?rest_route=%2Fwp%2Fv2%2Fcategories&post=30777"},{"taxonomy":"post_tag","embeddable":true,"href":"https:\/\/inclusivenews.com.br\/index.php?rest_route=%2Fwp%2Fv2%2Ftags&post=30777"}],"curies":[{"name":"wp","href":"https:\/\/api.w.org\/{rel}","templated":true}]}}