{"id":30794,"date":"2017-12-21T11:05:37","date_gmt":"2017-12-21T14:05:37","guid":{"rendered":"http:\/\/www.inclusive.org.br\/?p=30794"},"modified":"2017-12-21T11:05:37","modified_gmt":"2017-12-21T14:05:37","slug":"retrospectiva-social-da-tv-globo-tem-a-participacao-do-instituto-metasocial-e-gadim-brasil","status":"publish","type":"post","link":"https:\/\/inclusivenews.com.br\/?p=30794","title":{"rendered":"Retrospectiva social da TV Globo tem a participa\u00e7\u00e3o do Instituto MetaSocial e Gadim Brasil"},"content":{"rendered":"<p>&nbsp;<\/p>\n<p><img loading=\"lazy\" decoding=\"async\" class=\"alignnone wp-image-30796\" src=\"http:\/\/inclusivenews.com.br\/wp-content\/uploads\/MG_8323-300x200.jpg\" alt=\"em palco com luz rosada e palavras escritas no fundo, a cantora carol conka e bailarinos.\" width=\"443\" height=\"295\" \/><\/p>\n<p>Aconteceu no dia 30 de novembro, no Teatro da FAAP, a\u00a0 4\u00aa Edi\u00e7\u00e3o do Mobilize!, a retrospectiva social da Globo. Com o tema \u2018A For\u00e7a da Palavra\u2019, o espet\u00e1culo relembrou as principais a\u00e7\u00f5es sociais promovidas pela Globo durante 2017. O evento contou com a presen\u00e7a de grandes nomes do jornalismo e do showbiz, entre eles Sophia Abrah\u00e3o, Sandra Annemberg, Zeca Camargo, Camila Pitanga, Marisa Orth e Marco Luque. As apresenta\u00e7\u00f5es de Samuel Rosa, Xande de Pilares, Karol Conk\u00e1 e Faf\u00e1 de Bel\u00e9m, entre outras, marcaram a noite.<\/p>\n<figure style=\"width: 440px\" class=\"wp-caption alignnone\"><img loading=\"lazy\" decoding=\"async\" src=\"https:\/\/scontent-mxp1-1.xx.fbcdn.net\/v\/t31.0-8\/25588013_10155349627968668_635128089799269290_o.jpg?oh=27765b815ed891b89fc3fe95b7542914&amp;oe=5ABB9D87\" alt=\"Image may contain: 2 people, people standing and sunglasses\" width=\"440\" height=\"293\" \/><figcaption class=\"wp-caption-text\">marisa orth e dancarino de oculos escuros e bone.<\/figcaption><\/figure>\n<p>Esteve presente tamb\u00e9m no evento Helena Werneck, Co-fundadora e Coordenadora da Gadim Brasil, Alian\u00e7a Global para Inclus\u00e3o das Pessoas com Defici\u00eancia na M\u00eddia e Entretenimento, presidente do Instituto MetaSocial e coordenadora de campanhas institucionais de televis\u00e3o como \u201cSer Diferente \u00e9 Normal\u201d. Parceira da Rede Globo em diversas a\u00e7\u00f5es, para Helena Werneck iniciativas como essas ampliam as reflex\u00f5es sobre as quest\u00f5es dos direitos humanos e da acessibilidade, temas que atualmente empresas, sociedade civil e governos devem eleger como elementos-chave para a inclus\u00e3o da pessoa com defici\u00eancia no mercado.<\/p>\n<p>Artistas e jornalistas se revezaram para apresentar todas as iniciativas sociais desenvolvidas e apresentadas durante o ano e que contemplaram cinco pilares: Educa\u00e7\u00e3o, Juventude, Qualidade de Vida\/Esporte, Sustentabilidade e Direitos Humanos.<\/p>\n<p><img loading=\"lazy\" decoding=\"async\" class=\"\" src=\"https:\/\/lh4.googleusercontent.com\/DOPCXhuuHcb7Gh1D-HpEwhZffsKvvjBJE8IcpQCUDFGuRZUUmvA4NekGdDfQDrGT2EqkqPatGG01xs-2lFN2=w1920-h900-rw\" alt=\"Exibindo _MG_8232.JPG\" width=\"474\" height=\"316\" \/><\/p>\n<p><em>Na foto, Helena Werneck, Ronaldo Werneck, Fernando Heiderich e B\u00e1rbara Kirchner, do Instituto MetaSocial.<\/em><\/p>\n<p><em>Colaboraram: Rosana Bignami, Coordenadora de M\u00eddias Sociais de Gadim Brasil, militante no segmento da pessoa com defici\u00eancia e atual conselheira municipal da pessoa com defici\u00eancia no munic\u00edpio de S\u00e3o Paulo.<\/em><\/p>\n<p><em>Fot\u00f3grafo: Marcos Vinicius Ferraz de Oliveira<\/em><\/p>\n<p>&nbsp;<\/p>\n<p>&nbsp;<\/p>\n","protected":false},"excerpt":{"rendered":"<p>&nbsp; Aconteceu no dia 30 de novembro, no Teatro da FAAP, a\u00a0 4\u00aa Edi\u00e7\u00e3o do Mobilize!, a retrospectiva social da Globo. Com o tema \u2018A For\u00e7a da Palavra\u2019, o espet\u00e1culo relembrou as principais a\u00e7\u00f5es sociais promovidas pela Globo durante 2017. O evento contou com a presen\u00e7a de grandes nomes do jornalismo e do showbiz, entre [&hellip;]<\/p>\n","protected":false},"author":1,"featured_media":0,"comment_status":"open","ping_status":"open","sticky":false,"template":"","format":"standard","meta":{"site-container-style":"default","site-container-layout":"default","site-sidebar-layout":"default","disable-article-header":"default","disable-site-header":"default","disable-site-footer":"default","disable-content-area-spacing":"default","footnotes":""},"categories":[388,48],"tags":[],"class_list":["post-30794","post","type-post","status-publish","format-standard","hentry","category-gadim","category-inclusao"],"yoast_head":"<!-- This site is optimized with the Yoast SEO plugin v27.4 - https:\/\/yoast.com\/product\/yoast-seo-wordpress\/ -->\n<title>Retrospectiva social da TV Globo tem a participa\u00e7\u00e3o do Instituto MetaSocial e Gadim Brasil -<\/title>\n<meta name=\"robots\" content=\"index, follow, max-snippet:-1, max-image-preview:large, max-video-preview:-1\" \/>\n<link rel=\"canonical\" href=\"https:\/\/inclusivenews.com.br\/?p=30794\" \/>\n<meta property=\"og:locale\" content=\"pt_PT\" \/>\n<meta property=\"og:type\" content=\"article\" \/>\n<meta property=\"og:title\" content=\"Retrospectiva social da TV Globo tem a participa\u00e7\u00e3o do Instituto MetaSocial e Gadim Brasil -\" \/>\n<meta property=\"og:description\" content=\"&nbsp; Aconteceu no dia 30 de novembro, no Teatro da FAAP, a\u00a0 4\u00aa Edi\u00e7\u00e3o do Mobilize!, a retrospectiva social da Globo. Com o tema \u2018A For\u00e7a da Palavra\u2019, o espet\u00e1culo relembrou as principais a\u00e7\u00f5es sociais promovidas pela Globo durante 2017. O evento contou com a presen\u00e7a de grandes nomes do jornalismo e do showbiz, entre [&hellip;]\" \/>\n<meta property=\"og:url\" content=\"https:\/\/inclusivenews.com.br\/?p=30794\" \/>\n<meta property=\"article:publisher\" content=\"https:\/\/www.facebook.com\/agenciainclusive\/\" \/>\n<meta property=\"article:published_time\" content=\"2017-12-21T14:05:37+00:00\" \/>\n<meta property=\"og:image\" content=\"http:\/\/inclusivenews.com.br\/wp-content\/uploads\/MG_8323-300x200.jpg\" \/>\n<meta name=\"author\" content=\"inclusivenews2024\" \/>\n<meta name=\"twitter:card\" content=\"summary_large_image\" \/>\n<meta name=\"twitter:label1\" content=\"Escrito por\" \/>\n\t<meta name=\"twitter:data1\" content=\"inclusivenews2024\" \/>\n\t<meta name=\"twitter:label2\" content=\"Tempo estimado de leitura\" \/>\n\t<meta name=\"twitter:data2\" content=\"1 minuto\" \/>\n<script type=\"application\/ld+json\" class=\"yoast-schema-graph\">{\"@context\":\"https:\\\/\\\/schema.org\",\"@graph\":[{\"@type\":\"Article\",\"@id\":\"https:\\\/\\\/inclusivenews.com.br\\\/?p=30794#article\",\"isPartOf\":{\"@id\":\"https:\\\/\\\/inclusivenews.com.br\\\/?p=30794\"},\"author\":{\"name\":\"inclusivenews2024\",\"@id\":\"https:\\\/\\\/inclusivenews.com.br\\\/#\\\/schema\\\/person\\\/ae4ec7087559b8692fb33b6fffd2273b\"},\"headline\":\"Retrospectiva social da TV Globo tem a participa\u00e7\u00e3o do Instituto MetaSocial e Gadim Brasil\",\"datePublished\":\"2017-12-21T14:05:37+00:00\",\"mainEntityOfPage\":{\"@id\":\"https:\\\/\\\/inclusivenews.com.br\\\/?p=30794\"},\"wordCount\":312,\"commentCount\":1,\"publisher\":{\"@id\":\"https:\\\/\\\/inclusivenews.com.br\\\/#organization\"},\"image\":{\"@id\":\"https:\\\/\\\/inclusivenews.com.br\\\/?p=30794#primaryimage\"},\"thumbnailUrl\":\"http:\\\/\\\/inclusivenews.com.br\\\/wp-content\\\/uploads\\\/MG_8323-300x200.jpg\",\"articleSection\":[\"GADIM\",\"INCLUS\u00c3O SOCIAL\"],\"inLanguage\":\"pt-PT\",\"potentialAction\":[{\"@type\":\"CommentAction\",\"name\":\"Comment\",\"target\":[\"https:\\\/\\\/inclusivenews.com.br\\\/?p=30794#respond\"]}]},{\"@type\":\"WebPage\",\"@id\":\"https:\\\/\\\/inclusivenews.com.br\\\/?p=30794\",\"url\":\"https:\\\/\\\/inclusivenews.com.br\\\/?p=30794\",\"name\":\"Retrospectiva social da TV Globo tem a participa\u00e7\u00e3o do Instituto MetaSocial e Gadim Brasil -\",\"isPartOf\":{\"@id\":\"https:\\\/\\\/inclusivenews.com.br\\\/#website\"},\"primaryImageOfPage\":{\"@id\":\"https:\\\/\\\/inclusivenews.com.br\\\/?p=30794#primaryimage\"},\"image\":{\"@id\":\"https:\\\/\\\/inclusivenews.com.br\\\/?p=30794#primaryimage\"},\"thumbnailUrl\":\"http:\\\/\\\/inclusivenews.com.br\\\/wp-content\\\/uploads\\\/MG_8323-300x200.jpg\",\"datePublished\":\"2017-12-21T14:05:37+00:00\",\"breadcrumb\":{\"@id\":\"https:\\\/\\\/inclusivenews.com.br\\\/?p=30794#breadcrumb\"},\"inLanguage\":\"pt-PT\",\"potentialAction\":[{\"@type\":\"ReadAction\",\"target\":[\"https:\\\/\\\/inclusivenews.com.br\\\/?p=30794\"]}]},{\"@type\":\"ImageObject\",\"inLanguage\":\"pt-PT\",\"@id\":\"https:\\\/\\\/inclusivenews.com.br\\\/?p=30794#primaryimage\",\"url\":\"\",\"contentUrl\":\"\"},{\"@type\":\"BreadcrumbList\",\"@id\":\"https:\\\/\\\/inclusivenews.com.br\\\/?p=30794#breadcrumb\",\"itemListElement\":[{\"@type\":\"ListItem\",\"position\":1,\"name\":\"In\u00edcio\",\"item\":\"https:\\\/\\\/inclusivenews.com.br\\\/\"},{\"@type\":\"ListItem\",\"position\":2,\"name\":\"Retrospectiva social da TV Globo tem a participa\u00e7\u00e3o do Instituto MetaSocial e Gadim Brasil\"}]},{\"@type\":\"WebSite\",\"@id\":\"https:\\\/\\\/inclusivenews.com.br\\\/#website\",\"url\":\"https:\\\/\\\/inclusivenews.com.br\\\/\",\"name\":\"Inclusive News\",\"description\":\"Inclusive News\",\"publisher\":{\"@id\":\"https:\\\/\\\/inclusivenews.com.br\\\/#organization\"},\"potentialAction\":[{\"@type\":\"SearchAction\",\"target\":{\"@type\":\"EntryPoint\",\"urlTemplate\":\"https:\\\/\\\/inclusivenews.com.br\\\/?s={search_term_string}\"},\"query-input\":{\"@type\":\"PropertyValueSpecification\",\"valueRequired\":true,\"valueName\":\"search_term_string\"}}],\"inLanguage\":\"pt-PT\"},{\"@type\":\"Organization\",\"@id\":\"https:\\\/\\\/inclusivenews.com.br\\\/#organization\",\"name\":\"Inclusive - inclus\u00e3o e cidadania\",\"url\":\"https:\\\/\\\/inclusivenews.com.br\\\/\",\"logo\":{\"@type\":\"ImageObject\",\"inLanguage\":\"pt-PT\",\"@id\":\"https:\\\/\\\/inclusivenews.com.br\\\/#\\\/schema\\\/logo\\\/image\\\/\",\"url\":\"https:\\\/\\\/inclusivenews.com.br\\\/wp-content\\\/uploads\\\/2024\\\/03\\\/@grandesite.png\",\"contentUrl\":\"https:\\\/\\\/inclusivenews.com.br\\\/wp-content\\\/uploads\\\/2024\\\/03\\\/@grandesite.png\",\"width\":1080,\"height\":1080,\"caption\":\"Inclusive - inclus\u00e3o e cidadania\"},\"image\":{\"@id\":\"https:\\\/\\\/inclusivenews.com.br\\\/#\\\/schema\\\/logo\\\/image\\\/\"},\"sameAs\":[\"https:\\\/\\\/www.facebook.com\\\/agenciainclusive\\\/\",\"https:\\\/\\\/www.instagram.com\\\/newsinclusive\\\/\"]},{\"@type\":\"Person\",\"@id\":\"https:\\\/\\\/inclusivenews.com.br\\\/#\\\/schema\\\/person\\\/ae4ec7087559b8692fb33b6fffd2273b\",\"name\":\"inclusivenews2024\",\"image\":{\"@type\":\"ImageObject\",\"inLanguage\":\"pt-PT\",\"@id\":\"https:\\\/\\\/secure.gravatar.com\\\/avatar\\\/c5a7ef84c66fa914f55bc4f7ce26cfa275a3b9a1c5568b907bd184fb4dde7b40?s=96&d=mm&r=g\",\"url\":\"https:\\\/\\\/secure.gravatar.com\\\/avatar\\\/c5a7ef84c66fa914f55bc4f7ce26cfa275a3b9a1c5568b907bd184fb4dde7b40?s=96&d=mm&r=g\",\"contentUrl\":\"https:\\\/\\\/secure.gravatar.com\\\/avatar\\\/c5a7ef84c66fa914f55bc4f7ce26cfa275a3b9a1c5568b907bd184fb4dde7b40?s=96&d=mm&r=g\",\"caption\":\"inclusivenews2024\"},\"sameAs\":[\"https:\\\/\\\/inclusivenews.com.br\"],\"url\":\"https:\\\/\\\/inclusivenews.com.br\\\/?author=1\"}]}<\/script>\n<!-- \/ Yoast SEO plugin. -->","yoast_head_json":{"title":"Retrospectiva social da TV Globo tem a participa\u00e7\u00e3o do Instituto MetaSocial e Gadim Brasil -","robots":{"index":"index","follow":"follow","max-snippet":"max-snippet:-1","max-image-preview":"max-image-preview:large","max-video-preview":"max-video-preview:-1"},"canonical":"https:\/\/inclusivenews.com.br\/?p=30794","og_locale":"pt_PT","og_type":"article","og_title":"Retrospectiva social da TV Globo tem a participa\u00e7\u00e3o do Instituto MetaSocial e Gadim Brasil -","og_description":"&nbsp; Aconteceu no dia 30 de novembro, no Teatro da FAAP, a\u00a0 4\u00aa Edi\u00e7\u00e3o do Mobilize!, a retrospectiva social da Globo. Com o tema \u2018A For\u00e7a da Palavra\u2019, o espet\u00e1culo relembrou as principais a\u00e7\u00f5es sociais promovidas pela Globo durante 2017. O evento contou com a presen\u00e7a de grandes nomes do jornalismo e do showbiz, entre [&hellip;]","og_url":"https:\/\/inclusivenews.com.br\/?p=30794","article_publisher":"https:\/\/www.facebook.com\/agenciainclusive\/","article_published_time":"2017-12-21T14:05:37+00:00","og_image":[{"url":"http:\/\/inclusivenews.com.br\/wp-content\/uploads\/MG_8323-300x200.jpg","type":"","width":"","height":""}],"author":"inclusivenews2024","twitter_card":"summary_large_image","twitter_misc":{"Escrito por":"inclusivenews2024","Tempo estimado de leitura":"1 minuto"},"schema":{"@context":"https:\/\/schema.org","@graph":[{"@type":"Article","@id":"https:\/\/inclusivenews.com.br\/?p=30794#article","isPartOf":{"@id":"https:\/\/inclusivenews.com.br\/?p=30794"},"author":{"name":"inclusivenews2024","@id":"https:\/\/inclusivenews.com.br\/#\/schema\/person\/ae4ec7087559b8692fb33b6fffd2273b"},"headline":"Retrospectiva social da TV Globo tem a participa\u00e7\u00e3o do Instituto MetaSocial e Gadim Brasil","datePublished":"2017-12-21T14:05:37+00:00","mainEntityOfPage":{"@id":"https:\/\/inclusivenews.com.br\/?p=30794"},"wordCount":312,"commentCount":1,"publisher":{"@id":"https:\/\/inclusivenews.com.br\/#organization"},"image":{"@id":"https:\/\/inclusivenews.com.br\/?p=30794#primaryimage"},"thumbnailUrl":"http:\/\/inclusivenews.com.br\/wp-content\/uploads\/MG_8323-300x200.jpg","articleSection":["GADIM","INCLUS\u00c3O SOCIAL"],"inLanguage":"pt-PT","potentialAction":[{"@type":"CommentAction","name":"Comment","target":["https:\/\/inclusivenews.com.br\/?p=30794#respond"]}]},{"@type":"WebPage","@id":"https:\/\/inclusivenews.com.br\/?p=30794","url":"https:\/\/inclusivenews.com.br\/?p=30794","name":"Retrospectiva social da TV Globo tem a participa\u00e7\u00e3o do Instituto MetaSocial e Gadim Brasil -","isPartOf":{"@id":"https:\/\/inclusivenews.com.br\/#website"},"primaryImageOfPage":{"@id":"https:\/\/inclusivenews.com.br\/?p=30794#primaryimage"},"image":{"@id":"https:\/\/inclusivenews.com.br\/?p=30794#primaryimage"},"thumbnailUrl":"http:\/\/inclusivenews.com.br\/wp-content\/uploads\/MG_8323-300x200.jpg","datePublished":"2017-12-21T14:05:37+00:00","breadcrumb":{"@id":"https:\/\/inclusivenews.com.br\/?p=30794#breadcrumb"},"inLanguage":"pt-PT","potentialAction":[{"@type":"ReadAction","target":["https:\/\/inclusivenews.com.br\/?p=30794"]}]},{"@type":"ImageObject","inLanguage":"pt-PT","@id":"https:\/\/inclusivenews.com.br\/?p=30794#primaryimage","url":"","contentUrl":""},{"@type":"BreadcrumbList","@id":"https:\/\/inclusivenews.com.br\/?p=30794#breadcrumb","itemListElement":[{"@type":"ListItem","position":1,"name":"In\u00edcio","item":"https:\/\/inclusivenews.com.br\/"},{"@type":"ListItem","position":2,"name":"Retrospectiva social da TV Globo tem a participa\u00e7\u00e3o do Instituto MetaSocial e Gadim Brasil"}]},{"@type":"WebSite","@id":"https:\/\/inclusivenews.com.br\/#website","url":"https:\/\/inclusivenews.com.br\/","name":"Inclusive News","description":"Inclusive News","publisher":{"@id":"https:\/\/inclusivenews.com.br\/#organization"},"potentialAction":[{"@type":"SearchAction","target":{"@type":"EntryPoint","urlTemplate":"https:\/\/inclusivenews.com.br\/?s={search_term_string}"},"query-input":{"@type":"PropertyValueSpecification","valueRequired":true,"valueName":"search_term_string"}}],"inLanguage":"pt-PT"},{"@type":"Organization","@id":"https:\/\/inclusivenews.com.br\/#organization","name":"Inclusive - inclus\u00e3o e cidadania","url":"https:\/\/inclusivenews.com.br\/","logo":{"@type":"ImageObject","inLanguage":"pt-PT","@id":"https:\/\/inclusivenews.com.br\/#\/schema\/logo\/image\/","url":"https:\/\/inclusivenews.com.br\/wp-content\/uploads\/2024\/03\/@grandesite.png","contentUrl":"https:\/\/inclusivenews.com.br\/wp-content\/uploads\/2024\/03\/@grandesite.png","width":1080,"height":1080,"caption":"Inclusive - inclus\u00e3o e cidadania"},"image":{"@id":"https:\/\/inclusivenews.com.br\/#\/schema\/logo\/image\/"},"sameAs":["https:\/\/www.facebook.com\/agenciainclusive\/","https:\/\/www.instagram.com\/newsinclusive\/"]},{"@type":"Person","@id":"https:\/\/inclusivenews.com.br\/#\/schema\/person\/ae4ec7087559b8692fb33b6fffd2273b","name":"inclusivenews2024","image":{"@type":"ImageObject","inLanguage":"pt-PT","@id":"https:\/\/secure.gravatar.com\/avatar\/c5a7ef84c66fa914f55bc4f7ce26cfa275a3b9a1c5568b907bd184fb4dde7b40?s=96&d=mm&r=g","url":"https:\/\/secure.gravatar.com\/avatar\/c5a7ef84c66fa914f55bc4f7ce26cfa275a3b9a1c5568b907bd184fb4dde7b40?s=96&d=mm&r=g","contentUrl":"https:\/\/secure.gravatar.com\/avatar\/c5a7ef84c66fa914f55bc4f7ce26cfa275a3b9a1c5568b907bd184fb4dde7b40?s=96&d=mm&r=g","caption":"inclusivenews2024"},"sameAs":["https:\/\/inclusivenews.com.br"],"url":"https:\/\/inclusivenews.com.br\/?author=1"}]}},"_links":{"self":[{"href":"https:\/\/inclusivenews.com.br\/index.php?rest_route=\/wp\/v2\/posts\/30794","targetHints":{"allow":["GET"]}}],"collection":[{"href":"https:\/\/inclusivenews.com.br\/index.php?rest_route=\/wp\/v2\/posts"}],"about":[{"href":"https:\/\/inclusivenews.com.br\/index.php?rest_route=\/wp\/v2\/types\/post"}],"author":[{"embeddable":true,"href":"https:\/\/inclusivenews.com.br\/index.php?rest_route=\/wp\/v2\/users\/1"}],"replies":[{"embeddable":true,"href":"https:\/\/inclusivenews.com.br\/index.php?rest_route=%2Fwp%2Fv2%2Fcomments&post=30794"}],"version-history":[{"count":0,"href":"https:\/\/inclusivenews.com.br\/index.php?rest_route=\/wp\/v2\/posts\/30794\/revisions"}],"wp:attachment":[{"href":"https:\/\/inclusivenews.com.br\/index.php?rest_route=%2Fwp%2Fv2%2Fmedia&parent=30794"}],"wp:term":[{"taxonomy":"category","embeddable":true,"href":"https:\/\/inclusivenews.com.br\/index.php?rest_route=%2Fwp%2Fv2%2Fcategories&post=30794"},{"taxonomy":"post_tag","embeddable":true,"href":"https:\/\/inclusivenews.com.br\/index.php?rest_route=%2Fwp%2Fv2%2Ftags&post=30794"}],"curies":[{"name":"wp","href":"https:\/\/api.w.org\/{rel}","templated":true}]}}