{"id":30822,"date":"2018-01-08T11:54:39","date_gmt":"2018-01-08T14:54:39","guid":{"rendered":"http:\/\/www.inclusive.org.br\/?p=30822"},"modified":"2018-01-08T11:54:39","modified_gmt":"2018-01-08T14:54:39","slug":"conheca-os-blocos-de-carnaval-de-rua-que-promovem-a-inclusao","status":"publish","type":"post","link":"https:\/\/inclusivenews.com.br\/?p=30822","title":{"rendered":"Conhe\u00e7a os blocos de carnaval de rua que promovem a inclus\u00e3o"},"content":{"rendered":"<p><img loading=\"lazy\" decoding=\"async\" class=\"alignnone size-full wp-image-30826\" src=\"http:\/\/inclusivenews.com.br\/wp-content\/uploads\/Carnaval-2.jpg\" alt=\"Carnaval 2\" width=\"2622\" height=\"1651\" \/><\/p>\n<p>Por Ana Paula Blower<\/p>\n<p>Abram alas que a festa mais colorida do ano est\u00e1 prestes a chegar. Falta pouco mais de um m\u00eas para os confetes e serpentinas tomarem as cal\u00e7adas. Na avenida do samba, n\u00e3o h\u00e1 quem n\u00e3o possa passar. Por isso, h\u00e1 cada vez mais blocos com foco na inclus\u00e3o, iniciativas que tornam a alegria do carnaval acess\u00edvel e que a festa popular seja vivida e compartilhada sem distin\u00e7\u00f5es.<\/p>\n<p>O Bloco Eficiente, que completa cinco anos em 2018, \u00e9 um bom exemplo Idealizado pela jornalista Bruna Saldanha, ele surgiu da paix\u00e3o da mo\u00e7a pelo carnaval e de sua experi\u00eancia com a filha Izabel, de 9 anos, que tem paralisia cerebral. Bruna celebra as conquistas de sua iniciativa:<\/p>\n<p>\u2014 A import\u00e2ncia do bloco est\u00e1 em ter pessoas com viv\u00eancias semelhantes juntas numa festa onde todo mundo \u00e9 bem-vindo. H\u00e1 ainda o fato de trazer o tema da inclus\u00e3o \u00e0 tona, p\u00f4r nossas quest\u00f5es para fora atrav\u00e9s de estandartes, da m\u00fasica&#8230; \u2014 diz Bruna.<\/p>\n<p>A jornalista conta que o Eficiente veio ap\u00f3s ela pr\u00f3pria ter feito uma m\u00fasica, a Marcha da Cadeirinha, hoje hino do bloco. A letra foi uma esp\u00e9cie de inspira\u00e7\u00e3o para algo maior: \u201cSou cadeirante \/ Com muito orgulho \/ Sou cadeirante \/ Com muito amor \/ Inteligente, sou desse jeito \/ Cante comigo e leve embora o preconceito\u201d.<\/p>\n<p>O ensaio do bloco Eficiente, que busca m\u00fasicos volunt\u00e1rios, ser\u00e1 neste domingo, a partir das 16h, na Pra\u00e7a Paris, na Gl\u00f3ria, com apoio do grupo ApoiaDown. J\u00e1 o desfile oficial acontece um pouco antes da semana do carnaval, em 28 de janeiro, no mesmo lugar e hor\u00e1rio.<\/p>\n<p>Com um pouco mais de tempo de folia na bagagem, o T\u00e1 Pirando, Pirado, Pirou! \u00e9 formado por pacientes e profissionais da rede p\u00fablica de sa\u00fade mental do Rio. Em seu 14\u00ba ano, ele vem com o enredo \u201cForam me chamar! Eu estou aqui, na luta, na lida, no samba. Salve Dona Ivone Lara!\u201d, uma homenagem \u00e0 artista de 96 anos que trabalhou como enfermeira com a psiquiatra Nise da Silveira no antigo Centro Psiqui\u00e1trico Pedro II.<\/p>\n<p>O desfile tradicionalmente \u00e9 embalado por sambas conhecidos pelos foli\u00f5es e este ano ser\u00e1 tamb\u00e9m tem\u00e1tico, trazendo o repert\u00f3rio de Dona Ivone Lara.<\/p>\n<p>\u2014 Estamos muito animados. Vamos ter tamb\u00e9m uma ala infantil, com crian\u00e7as e adolescentes que se tratam em servi\u00e7os p\u00fablicos de sa\u00fade mental \u2014 adianta o psicanalista Alexandre Ribeiro Wanderley, um dos fundadores do bloco.<\/p>\n<p>Para colocar seu carnaval na rua com mais estrutura, o bloco est\u00e1 com um financiamento coletivo no ar. O link para colaborar e saber mais sobre o projeto e recompensas \u00e9 www.benfeitoria.com\/TaPirando2018. Mas, apesar das dificuldades financeiras, enfrentadas por muitos dos blocos cariocas, ele sai, diz Alexandre.<\/p>\n<p>\u2014 Nosso desfile \u00e9 tamb\u00e9m um ato pol\u00edtico, aproveitando que o carnaval de rua tem essa dimens\u00e3o \u2014 pontua. \u2014 A gente quer potencializar os recursos daqueles que se tratam nos Centros de Aten\u00e7\u00e3o Psicossocial (CAPS) e comp\u00f5em o bloco, que essas pessoas ocupem outros espa\u00e7os sociais.<\/p>\n<p>O T\u00e1 Pirando, Pirado, Pirou! sai no dia 4 de fevereiro, com concentra\u00e7\u00e3o \u00e0s 15h na Avenida Pasteur, em frente \u00e0 Companhia de Pesquisas Minerais, e vai at\u00e9 o P\u00e3o de A\u00e7\u00facar.<\/p>\n<p>Na onda da tradi\u00e7\u00e3o carnavalesca de nomes criativos de blocos, o Senta que eu Empurro, fundado em 2008, \u00e9 formado por pessoas com defici\u00eancia e desfila toda sexta-feira de carnaval no Catete.<\/p>\n<p>\u2014 O nome tem uma dupla interpreta\u00e7\u00e3o. A ideia era que n\u00e3o segregasse: ele reuniu tanto a pessoa com defici\u00eancia, representada por quem usa cadeira de rodas, como o bom humor do carnaval \u2014 diz a organizadora Ana Cl\u00e1udia Monteiro.<\/p>\n<p>Ela ressalta que o objetivo do Senta que eu Empurro \u00e9 dar visibilidade, integrar e socializar de forma descontra\u00edda, promovendo a alegria e a autoestima.<\/p>\n<p>\u2014 \u00c9 um bloco muito fam\u00edlia em que as pessoas se divertem sem confus\u00e3o. A ideia \u00e9 que todos participem e curtam \u2014 conta Ana Cl\u00e1udia, lembrando que novos integrantes s\u00e3o bem-vindos a compor a bateria, que tem cerca de 200 m\u00fasicos volunt\u00e1rios.<\/p>\n<p>Este ano, o bloco, que re\u00fane cerca de 2.500 pessoas, sair\u00e1 no dia 9 de fevereiro, com concentra\u00e7\u00e3o \u00e0s 19h, na Rua Artur Bernardes, no Catete.<\/p>\n<p>Fonte: <a href=\"http:\/\/blogs.oglobo.globo.com\/to-dentro\/post\/conheca-os-blocos-de-carnaval-de-rua-que-promovem-inclusao.html\">Globo Online<\/a>.<\/p>\n","protected":false},"excerpt":{"rendered":"<p>Por Ana Paula Blower Abram alas que a festa mais colorida do ano est\u00e1 prestes a chegar. Falta pouco mais de um m\u00eas para os confetes e serpentinas tomarem as cal\u00e7adas. Na avenida do samba, n\u00e3o h\u00e1 quem n\u00e3o possa passar. Por isso, h\u00e1 cada vez mais blocos com foco na inclus\u00e3o, iniciativas que tornam [&hellip;]<\/p>\n","protected":false},"author":1,"featured_media":0,"comment_status":"open","ping_status":"open","sticky":false,"template":"","format":"standard","meta":{"site-container-style":"default","site-container-layout":"default","site-sidebar-layout":"default","disable-article-header":"default","disable-site-header":"default","disable-site-footer":"default","disable-content-area-spacing":"default","footnotes":""},"categories":[4],"tags":[],"class_list":["post-30822","post","type-post","status-publish","format-standard","hentry","category-noticias"],"yoast_head":"<!-- This site is optimized with the Yoast SEO plugin v27.4 - https:\/\/yoast.com\/product\/yoast-seo-wordpress\/ -->\n<title>Conhe\u00e7a os blocos de carnaval de rua que promovem a inclus\u00e3o -<\/title>\n<meta name=\"robots\" content=\"index, follow, max-snippet:-1, max-image-preview:large, max-video-preview:-1\" \/>\n<link rel=\"canonical\" href=\"https:\/\/inclusivenews.com.br\/?p=30822\" \/>\n<meta property=\"og:locale\" content=\"pt_PT\" \/>\n<meta property=\"og:type\" content=\"article\" \/>\n<meta property=\"og:title\" content=\"Conhe\u00e7a os blocos de carnaval de rua que promovem a inclus\u00e3o -\" \/>\n<meta property=\"og:description\" content=\"Por Ana Paula Blower Abram alas que a festa mais colorida do ano est\u00e1 prestes a chegar. Falta pouco mais de um m\u00eas para os confetes e serpentinas tomarem as cal\u00e7adas. Na avenida do samba, n\u00e3o h\u00e1 quem n\u00e3o possa passar. Por isso, h\u00e1 cada vez mais blocos com foco na inclus\u00e3o, iniciativas que tornam [&hellip;]\" \/>\n<meta property=\"og:url\" content=\"https:\/\/inclusivenews.com.br\/?p=30822\" \/>\n<meta property=\"article:publisher\" content=\"https:\/\/www.facebook.com\/agenciainclusive\/\" \/>\n<meta property=\"article:published_time\" content=\"2018-01-08T14:54:39+00:00\" \/>\n<meta property=\"og:image\" content=\"http:\/\/inclusivenews.com.br\/wp-content\/uploads\/Carnaval-2.jpg\" \/>\n<meta name=\"author\" content=\"inclusivenews2024\" \/>\n<meta name=\"twitter:card\" content=\"summary_large_image\" \/>\n<meta name=\"twitter:label1\" content=\"Escrito por\" \/>\n\t<meta name=\"twitter:data1\" content=\"inclusivenews2024\" \/>\n\t<meta name=\"twitter:label2\" content=\"Tempo estimado de leitura\" \/>\n\t<meta name=\"twitter:data2\" content=\"4 minutos\" \/>\n<script type=\"application\/ld+json\" class=\"yoast-schema-graph\">{\"@context\":\"https:\\\/\\\/schema.org\",\"@graph\":[{\"@type\":\"Article\",\"@id\":\"https:\\\/\\\/inclusivenews.com.br\\\/?p=30822#article\",\"isPartOf\":{\"@id\":\"https:\\\/\\\/inclusivenews.com.br\\\/?p=30822\"},\"author\":{\"name\":\"inclusivenews2024\",\"@id\":\"https:\\\/\\\/inclusivenews.com.br\\\/#\\\/schema\\\/person\\\/ae4ec7087559b8692fb33b6fffd2273b\"},\"headline\":\"Conhe\u00e7a os blocos de carnaval de rua que promovem a inclus\u00e3o\",\"datePublished\":\"2018-01-08T14:54:39+00:00\",\"mainEntityOfPage\":{\"@id\":\"https:\\\/\\\/inclusivenews.com.br\\\/?p=30822\"},\"wordCount\":739,\"commentCount\":1,\"publisher\":{\"@id\":\"https:\\\/\\\/inclusivenews.com.br\\\/#organization\"},\"image\":{\"@id\":\"https:\\\/\\\/inclusivenews.com.br\\\/?p=30822#primaryimage\"},\"thumbnailUrl\":\"http:\\\/\\\/inclusivenews.com.br\\\/wp-content\\\/uploads\\\/Carnaval-2.jpg\",\"articleSection\":[\"NOT\u00cdCIAS\"],\"inLanguage\":\"pt-PT\",\"potentialAction\":[{\"@type\":\"CommentAction\",\"name\":\"Comment\",\"target\":[\"https:\\\/\\\/inclusivenews.com.br\\\/?p=30822#respond\"]}]},{\"@type\":\"WebPage\",\"@id\":\"https:\\\/\\\/inclusivenews.com.br\\\/?p=30822\",\"url\":\"https:\\\/\\\/inclusivenews.com.br\\\/?p=30822\",\"name\":\"Conhe\u00e7a os blocos de carnaval de rua que promovem a inclus\u00e3o -\",\"isPartOf\":{\"@id\":\"https:\\\/\\\/inclusivenews.com.br\\\/#website\"},\"primaryImageOfPage\":{\"@id\":\"https:\\\/\\\/inclusivenews.com.br\\\/?p=30822#primaryimage\"},\"image\":{\"@id\":\"https:\\\/\\\/inclusivenews.com.br\\\/?p=30822#primaryimage\"},\"thumbnailUrl\":\"http:\\\/\\\/inclusivenews.com.br\\\/wp-content\\\/uploads\\\/Carnaval-2.jpg\",\"datePublished\":\"2018-01-08T14:54:39+00:00\",\"breadcrumb\":{\"@id\":\"https:\\\/\\\/inclusivenews.com.br\\\/?p=30822#breadcrumb\"},\"inLanguage\":\"pt-PT\",\"potentialAction\":[{\"@type\":\"ReadAction\",\"target\":[\"https:\\\/\\\/inclusivenews.com.br\\\/?p=30822\"]}]},{\"@type\":\"ImageObject\",\"inLanguage\":\"pt-PT\",\"@id\":\"https:\\\/\\\/inclusivenews.com.br\\\/?p=30822#primaryimage\",\"url\":\"\",\"contentUrl\":\"\"},{\"@type\":\"BreadcrumbList\",\"@id\":\"https:\\\/\\\/inclusivenews.com.br\\\/?p=30822#breadcrumb\",\"itemListElement\":[{\"@type\":\"ListItem\",\"position\":1,\"name\":\"In\u00edcio\",\"item\":\"https:\\\/\\\/inclusivenews.com.br\\\/\"},{\"@type\":\"ListItem\",\"position\":2,\"name\":\"Conhe\u00e7a os blocos de carnaval de rua que promovem a inclus\u00e3o\"}]},{\"@type\":\"WebSite\",\"@id\":\"https:\\\/\\\/inclusivenews.com.br\\\/#website\",\"url\":\"https:\\\/\\\/inclusivenews.com.br\\\/\",\"name\":\"Inclusive News\",\"description\":\"Inclusive News\",\"publisher\":{\"@id\":\"https:\\\/\\\/inclusivenews.com.br\\\/#organization\"},\"potentialAction\":[{\"@type\":\"SearchAction\",\"target\":{\"@type\":\"EntryPoint\",\"urlTemplate\":\"https:\\\/\\\/inclusivenews.com.br\\\/?s={search_term_string}\"},\"query-input\":{\"@type\":\"PropertyValueSpecification\",\"valueRequired\":true,\"valueName\":\"search_term_string\"}}],\"inLanguage\":\"pt-PT\"},{\"@type\":\"Organization\",\"@id\":\"https:\\\/\\\/inclusivenews.com.br\\\/#organization\",\"name\":\"Inclusive - inclus\u00e3o e cidadania\",\"url\":\"https:\\\/\\\/inclusivenews.com.br\\\/\",\"logo\":{\"@type\":\"ImageObject\",\"inLanguage\":\"pt-PT\",\"@id\":\"https:\\\/\\\/inclusivenews.com.br\\\/#\\\/schema\\\/logo\\\/image\\\/\",\"url\":\"https:\\\/\\\/inclusivenews.com.br\\\/wp-content\\\/uploads\\\/2024\\\/03\\\/@grandesite.png\",\"contentUrl\":\"https:\\\/\\\/inclusivenews.com.br\\\/wp-content\\\/uploads\\\/2024\\\/03\\\/@grandesite.png\",\"width\":1080,\"height\":1080,\"caption\":\"Inclusive - inclus\u00e3o e cidadania\"},\"image\":{\"@id\":\"https:\\\/\\\/inclusivenews.com.br\\\/#\\\/schema\\\/logo\\\/image\\\/\"},\"sameAs\":[\"https:\\\/\\\/www.facebook.com\\\/agenciainclusive\\\/\",\"https:\\\/\\\/www.instagram.com\\\/newsinclusive\\\/\"]},{\"@type\":\"Person\",\"@id\":\"https:\\\/\\\/inclusivenews.com.br\\\/#\\\/schema\\\/person\\\/ae4ec7087559b8692fb33b6fffd2273b\",\"name\":\"inclusivenews2024\",\"image\":{\"@type\":\"ImageObject\",\"inLanguage\":\"pt-PT\",\"@id\":\"https:\\\/\\\/secure.gravatar.com\\\/avatar\\\/c5a7ef84c66fa914f55bc4f7ce26cfa275a3b9a1c5568b907bd184fb4dde7b40?s=96&d=mm&r=g\",\"url\":\"https:\\\/\\\/secure.gravatar.com\\\/avatar\\\/c5a7ef84c66fa914f55bc4f7ce26cfa275a3b9a1c5568b907bd184fb4dde7b40?s=96&d=mm&r=g\",\"contentUrl\":\"https:\\\/\\\/secure.gravatar.com\\\/avatar\\\/c5a7ef84c66fa914f55bc4f7ce26cfa275a3b9a1c5568b907bd184fb4dde7b40?s=96&d=mm&r=g\",\"caption\":\"inclusivenews2024\"},\"sameAs\":[\"https:\\\/\\\/inclusivenews.com.br\"],\"url\":\"https:\\\/\\\/inclusivenews.com.br\\\/?author=1\"}]}<\/script>\n<!-- \/ Yoast SEO plugin. -->","yoast_head_json":{"title":"Conhe\u00e7a os blocos de carnaval de rua que promovem a inclus\u00e3o -","robots":{"index":"index","follow":"follow","max-snippet":"max-snippet:-1","max-image-preview":"max-image-preview:large","max-video-preview":"max-video-preview:-1"},"canonical":"https:\/\/inclusivenews.com.br\/?p=30822","og_locale":"pt_PT","og_type":"article","og_title":"Conhe\u00e7a os blocos de carnaval de rua que promovem a inclus\u00e3o -","og_description":"Por Ana Paula Blower Abram alas que a festa mais colorida do ano est\u00e1 prestes a chegar. Falta pouco mais de um m\u00eas para os confetes e serpentinas tomarem as cal\u00e7adas. Na avenida do samba, n\u00e3o h\u00e1 quem n\u00e3o possa passar. Por isso, h\u00e1 cada vez mais blocos com foco na inclus\u00e3o, iniciativas que tornam [&hellip;]","og_url":"https:\/\/inclusivenews.com.br\/?p=30822","article_publisher":"https:\/\/www.facebook.com\/agenciainclusive\/","article_published_time":"2018-01-08T14:54:39+00:00","og_image":[{"url":"http:\/\/inclusivenews.com.br\/wp-content\/uploads\/Carnaval-2.jpg","type":"","width":"","height":""}],"author":"inclusivenews2024","twitter_card":"summary_large_image","twitter_misc":{"Escrito por":"inclusivenews2024","Tempo estimado de leitura":"4 minutos"},"schema":{"@context":"https:\/\/schema.org","@graph":[{"@type":"Article","@id":"https:\/\/inclusivenews.com.br\/?p=30822#article","isPartOf":{"@id":"https:\/\/inclusivenews.com.br\/?p=30822"},"author":{"name":"inclusivenews2024","@id":"https:\/\/inclusivenews.com.br\/#\/schema\/person\/ae4ec7087559b8692fb33b6fffd2273b"},"headline":"Conhe\u00e7a os blocos de carnaval de rua que promovem a inclus\u00e3o","datePublished":"2018-01-08T14:54:39+00:00","mainEntityOfPage":{"@id":"https:\/\/inclusivenews.com.br\/?p=30822"},"wordCount":739,"commentCount":1,"publisher":{"@id":"https:\/\/inclusivenews.com.br\/#organization"},"image":{"@id":"https:\/\/inclusivenews.com.br\/?p=30822#primaryimage"},"thumbnailUrl":"http:\/\/inclusivenews.com.br\/wp-content\/uploads\/Carnaval-2.jpg","articleSection":["NOT\u00cdCIAS"],"inLanguage":"pt-PT","potentialAction":[{"@type":"CommentAction","name":"Comment","target":["https:\/\/inclusivenews.com.br\/?p=30822#respond"]}]},{"@type":"WebPage","@id":"https:\/\/inclusivenews.com.br\/?p=30822","url":"https:\/\/inclusivenews.com.br\/?p=30822","name":"Conhe\u00e7a os blocos de carnaval de rua que promovem a inclus\u00e3o -","isPartOf":{"@id":"https:\/\/inclusivenews.com.br\/#website"},"primaryImageOfPage":{"@id":"https:\/\/inclusivenews.com.br\/?p=30822#primaryimage"},"image":{"@id":"https:\/\/inclusivenews.com.br\/?p=30822#primaryimage"},"thumbnailUrl":"http:\/\/inclusivenews.com.br\/wp-content\/uploads\/Carnaval-2.jpg","datePublished":"2018-01-08T14:54:39+00:00","breadcrumb":{"@id":"https:\/\/inclusivenews.com.br\/?p=30822#breadcrumb"},"inLanguage":"pt-PT","potentialAction":[{"@type":"ReadAction","target":["https:\/\/inclusivenews.com.br\/?p=30822"]}]},{"@type":"ImageObject","inLanguage":"pt-PT","@id":"https:\/\/inclusivenews.com.br\/?p=30822#primaryimage","url":"","contentUrl":""},{"@type":"BreadcrumbList","@id":"https:\/\/inclusivenews.com.br\/?p=30822#breadcrumb","itemListElement":[{"@type":"ListItem","position":1,"name":"In\u00edcio","item":"https:\/\/inclusivenews.com.br\/"},{"@type":"ListItem","position":2,"name":"Conhe\u00e7a os blocos de carnaval de rua que promovem a inclus\u00e3o"}]},{"@type":"WebSite","@id":"https:\/\/inclusivenews.com.br\/#website","url":"https:\/\/inclusivenews.com.br\/","name":"Inclusive News","description":"Inclusive News","publisher":{"@id":"https:\/\/inclusivenews.com.br\/#organization"},"potentialAction":[{"@type":"SearchAction","target":{"@type":"EntryPoint","urlTemplate":"https:\/\/inclusivenews.com.br\/?s={search_term_string}"},"query-input":{"@type":"PropertyValueSpecification","valueRequired":true,"valueName":"search_term_string"}}],"inLanguage":"pt-PT"},{"@type":"Organization","@id":"https:\/\/inclusivenews.com.br\/#organization","name":"Inclusive - inclus\u00e3o e cidadania","url":"https:\/\/inclusivenews.com.br\/","logo":{"@type":"ImageObject","inLanguage":"pt-PT","@id":"https:\/\/inclusivenews.com.br\/#\/schema\/logo\/image\/","url":"https:\/\/inclusivenews.com.br\/wp-content\/uploads\/2024\/03\/@grandesite.png","contentUrl":"https:\/\/inclusivenews.com.br\/wp-content\/uploads\/2024\/03\/@grandesite.png","width":1080,"height":1080,"caption":"Inclusive - inclus\u00e3o e cidadania"},"image":{"@id":"https:\/\/inclusivenews.com.br\/#\/schema\/logo\/image\/"},"sameAs":["https:\/\/www.facebook.com\/agenciainclusive\/","https:\/\/www.instagram.com\/newsinclusive\/"]},{"@type":"Person","@id":"https:\/\/inclusivenews.com.br\/#\/schema\/person\/ae4ec7087559b8692fb33b6fffd2273b","name":"inclusivenews2024","image":{"@type":"ImageObject","inLanguage":"pt-PT","@id":"https:\/\/secure.gravatar.com\/avatar\/c5a7ef84c66fa914f55bc4f7ce26cfa275a3b9a1c5568b907bd184fb4dde7b40?s=96&d=mm&r=g","url":"https:\/\/secure.gravatar.com\/avatar\/c5a7ef84c66fa914f55bc4f7ce26cfa275a3b9a1c5568b907bd184fb4dde7b40?s=96&d=mm&r=g","contentUrl":"https:\/\/secure.gravatar.com\/avatar\/c5a7ef84c66fa914f55bc4f7ce26cfa275a3b9a1c5568b907bd184fb4dde7b40?s=96&d=mm&r=g","caption":"inclusivenews2024"},"sameAs":["https:\/\/inclusivenews.com.br"],"url":"https:\/\/inclusivenews.com.br\/?author=1"}]}},"_links":{"self":[{"href":"https:\/\/inclusivenews.com.br\/index.php?rest_route=\/wp\/v2\/posts\/30822","targetHints":{"allow":["GET"]}}],"collection":[{"href":"https:\/\/inclusivenews.com.br\/index.php?rest_route=\/wp\/v2\/posts"}],"about":[{"href":"https:\/\/inclusivenews.com.br\/index.php?rest_route=\/wp\/v2\/types\/post"}],"author":[{"embeddable":true,"href":"https:\/\/inclusivenews.com.br\/index.php?rest_route=\/wp\/v2\/users\/1"}],"replies":[{"embeddable":true,"href":"https:\/\/inclusivenews.com.br\/index.php?rest_route=%2Fwp%2Fv2%2Fcomments&post=30822"}],"version-history":[{"count":0,"href":"https:\/\/inclusivenews.com.br\/index.php?rest_route=\/wp\/v2\/posts\/30822\/revisions"}],"wp:attachment":[{"href":"https:\/\/inclusivenews.com.br\/index.php?rest_route=%2Fwp%2Fv2%2Fmedia&parent=30822"}],"wp:term":[{"taxonomy":"category","embeddable":true,"href":"https:\/\/inclusivenews.com.br\/index.php?rest_route=%2Fwp%2Fv2%2Fcategories&post=30822"},{"taxonomy":"post_tag","embeddable":true,"href":"https:\/\/inclusivenews.com.br\/index.php?rest_route=%2Fwp%2Fv2%2Ftags&post=30822"}],"curies":[{"name":"wp","href":"https:\/\/api.w.org\/{rel}","templated":true}]}}