{"id":30829,"date":"2018-01-16T11:28:59","date_gmt":"2018-01-16T14:28:59","guid":{"rendered":"http:\/\/www.inclusive.org.br\/?p=30829"},"modified":"2018-01-16T11:28:59","modified_gmt":"2018-01-16T14:28:59","slug":"praia-para-todos-comemora-10-anos","status":"publish","type":"post","link":"https:\/\/inclusivenews.com.br\/?p=30829","title":{"rendered":"Praia Para Todos comemora 10 anos"},"content":{"rendered":"<p><i>Pioneiro no Brasil, projeto mudou o paradigma sobre acessibilidade nas praias <\/i><\/p>\n<figure style=\"width: 205px\" class=\"wp-caption alignnone\"><img loading=\"lazy\" decoding=\"async\" title=\"Praia para todos - 10 anos transformando vidas. Ilustra\u00e7\u00e3o de um homem cadeirante em uma onda do mar estilizada.\" src=\"http:\/\/www.praiaparatodos.com.br\/img\/marca_praia_paratodos.png\" alt=\"Praia para todos - 10 anos transformando vidas. Ilustra\u00e7\u00e3o de um homem cadeirante em uma onda do mar estilizada.\" width=\"205\" height=\"212\" \/><figcaption class=\"wp-caption-text\">Descri\u00e7\u00e3o no atributo alt.<\/figcaption><\/figure>\n<p class=\"m_-7493118075985351494xxmsonormal\">O <b>PRAIA PARA TODOS<\/b>, organizado pelo Instituto Novo Ser, completa dez anos de atua\u00e7\u00e3o. A temporada retornou no dia 16 de dezembro, s\u00e1bado, e promete ficar nas areias cariocas, da Barra (posto 3) e Copacabana (posto 5), at\u00e9 o final de abril de 2018. O objetivo \u00e9 garantir momentos de lazer, acessibilidade e esporte \u00e0s pessoas com defici\u00eancia ou mobilidade reduzida. A d\u00e9cima edi\u00e7\u00e3o do projeto ser\u00e1 realizada aos s\u00e1bados e domingos, seguindo a programa\u00e7\u00e3o, sempre das 9h \u00e0s 14h. <u><\/u><u><\/u><\/p>\n<p class=\"m_-7493118075985351494xxmsonormal\">O projeto oferecer\u00e1 atividades gratuitas de banho de mar, v\u00f4lei sentado, frescobol adaptado, piscina infantil, handbike, com o aux\u00edlio de profissionais de educa\u00e7\u00e3o f\u00edsica, fisioterapeutas, terapeutas ocupacionais e, tamb\u00e9m, de volunt\u00e1rios. <u><\/u><u><\/u><\/p>\n<p class=\"m_-7493118075985351494xxmsonormal\">Segundo Ricardo Gonzalez, idealizador do Praia Para Todos, atualmente o maior desafio do projeto \u00e9 expandir esse modelo para outras praias. \u201c\u00c9 um modelo pioneiro e que deu certo. Depois das primeiras divulga\u00e7\u00f5es, o projeto se expandiu por outras cidades do Brasil. Com isso, mudamos esse paradigma de que uma pessoa deficiente n\u00e3o pode frequentar a praia. Precisamos alertar a sociedade sobre a acessibilidade. Se at\u00e9 a praia, que era um ambiente de dif\u00edcil acesso, tonou-se acess\u00edvel, outros lugares e setores precisam tamb\u00e9m ser\u201d, ressalta. <u><\/u><u><\/u><\/p>\n<p class=\"m_-7493118075985351494xxmsonormal\">\u00a0O Praia Para Todos tamb\u00e9m j\u00e1 garantiu mudan\u00e7a na qualidade de vida e da autoestima dos participantes. Edson Nascimento, atualmente atleta e maratonista da modalidade handbike, \u00e9 um exemplo de supera\u00e7\u00e3o. Ele n\u00e3o era praticante de esporte e n\u00e3o frequentava a praia durante um tempo, at\u00e9 conhecer o Praia Para Todos, que transformou a sua vida.<\/p>\n<p class=\"m_-7493118075985351494xxmsonormal\">\u00a0<u><\/u><u><\/u><\/p>\n<p class=\"m_-7493118075985351494xxmsonormal\">Ao todo, ser\u00e3o 50 pessoas envolvidas por dia para a realiza\u00e7\u00e3o das atividades. O Praia Para Todos, at\u00e9 o momento, j\u00e1 contemplou em torno de 6.000 pessoas diretamente e 18.000 indiretamente.<u><\/u><u><\/u><\/p>\n<p class=\"m_-7493118075985351494xxmsonormal\">\u00a0<u><\/u><u><\/u><\/p>\n<p class=\"m_-7493118075985351494xxmsonormal\"><b><u>Servi\u00e7o:<\/u><\/b> <u><\/u><u><\/u><\/p>\n<p class=\"m_-7493118075985351494xxmsonormal\">Per\u00edodo: <b>16 de dezembro de 2017 at\u00e9 o final de abril de 2018<\/b><u><\/u><u><\/u><\/p>\n<p class=\"m_-7493118075985351494xxmsonormal\">S\u00e1bados e domingos: <b>das 9h \u00e0s 14h<\/b><u><\/u><u><\/u><\/p>\n<p class=\"m_-7493118075985351494xxmsonormal\">Barra da Tijuca \u2013 <b>Posto 3<\/b><u><\/u><u><\/u><\/p>\n<p class=\"m_-7493118075985351494xxmsonormal\">Atividades: banho de mar, v\u00f4lei sentado, frescobol e piscina infantil<u><\/u><u><\/u><\/p>\n<p class=\"m_-7493118075985351494xxmsonormal\">Copacabana \u2013 <b>Posto 5 <\/b><u><\/u><u><\/u><\/p>\n<p class=\"m_-7493118075985351494xxmsonormal\">Atividades: banho de mar, handbike, frescobol e piscina infantil<u><\/u><u><\/u><\/p>\n<p class=\"m_-7493118075985351494xxmsonormal\">Pr\u00f3ximo ao metr\u00f4 da esta\u00e7\u00e3o General Os\u00f3rio<u><\/u><u><\/u><\/p>\n<p class=\"m_-7493118075985351494xxmsonormal\">O programa conta com o patroc\u00ednio da empresa MICHELIN.<\/p>\n","protected":false},"excerpt":{"rendered":"<p>Pioneiro no Brasil, projeto mudou o paradigma sobre acessibilidade nas praias.<\/p>\n","protected":false},"author":1,"featured_media":0,"comment_status":"open","ping_status":"open","sticky":false,"template":"","format":"standard","meta":{"site-container-style":"default","site-container-layout":"default","site-sidebar-layout":"default","disable-article-header":"default","disable-site-header":"default","disable-site-footer":"default","disable-content-area-spacing":"default","footnotes":""},"categories":[38,48],"tags":[422],"class_list":["post-30829","post","type-post","status-publish","format-standard","hentry","category-deficiencia","category-inclusao","tag-lazer"],"yoast_head":"<!-- This site is optimized with the Yoast SEO plugin v27.4 - https:\/\/yoast.com\/product\/yoast-seo-wordpress\/ -->\n<title>Praia Para Todos comemora 10 anos -<\/title>\n<meta name=\"robots\" content=\"index, follow, max-snippet:-1, max-image-preview:large, max-video-preview:-1\" \/>\n<link rel=\"canonical\" href=\"https:\/\/inclusivenews.com.br\/?p=30829\" \/>\n<meta property=\"og:locale\" content=\"pt_PT\" \/>\n<meta property=\"og:type\" content=\"article\" \/>\n<meta property=\"og:title\" content=\"Praia Para Todos comemora 10 anos -\" \/>\n<meta property=\"og:description\" content=\"Pioneiro no Brasil, projeto mudou o paradigma sobre acessibilidade nas praias.\" \/>\n<meta property=\"og:url\" content=\"https:\/\/inclusivenews.com.br\/?p=30829\" \/>\n<meta property=\"article:publisher\" content=\"https:\/\/www.facebook.com\/agenciainclusive\/\" \/>\n<meta property=\"article:published_time\" content=\"2018-01-16T14:28:59+00:00\" \/>\n<meta property=\"og:image\" content=\"http:\/\/www.praiaparatodos.com.br\/img\/marca_praia_paratodos.png\" \/>\n<meta name=\"author\" content=\"inclusivenews2024\" \/>\n<meta name=\"twitter:card\" content=\"summary_large_image\" \/>\n<meta name=\"twitter:label1\" content=\"Escrito por\" \/>\n\t<meta name=\"twitter:data1\" content=\"inclusivenews2024\" \/>\n\t<meta name=\"twitter:label2\" content=\"Tempo estimado de leitura\" \/>\n\t<meta name=\"twitter:data2\" content=\"2 minutos\" \/>\n<script type=\"application\/ld+json\" class=\"yoast-schema-graph\">{\"@context\":\"https:\\\/\\\/schema.org\",\"@graph\":[{\"@type\":\"Article\",\"@id\":\"https:\\\/\\\/inclusivenews.com.br\\\/?p=30829#article\",\"isPartOf\":{\"@id\":\"https:\\\/\\\/inclusivenews.com.br\\\/?p=30829\"},\"author\":{\"name\":\"inclusivenews2024\",\"@id\":\"https:\\\/\\\/inclusivenews.com.br\\\/#\\\/schema\\\/person\\\/ae4ec7087559b8692fb33b6fffd2273b\"},\"headline\":\"Praia Para Todos comemora 10 anos\",\"datePublished\":\"2018-01-16T14:28:59+00:00\",\"mainEntityOfPage\":{\"@id\":\"https:\\\/\\\/inclusivenews.com.br\\\/?p=30829\"},\"wordCount\":391,\"commentCount\":0,\"publisher\":{\"@id\":\"https:\\\/\\\/inclusivenews.com.br\\\/#organization\"},\"image\":{\"@id\":\"https:\\\/\\\/inclusivenews.com.br\\\/?p=30829#primaryimage\"},\"thumbnailUrl\":\"http:\\\/\\\/www.praiaparatodos.com.br\\\/img\\\/marca_praia_paratodos.png\",\"keywords\":[\"Lazer\"],\"articleSection\":[\"Defici\u00eancia\",\"INCLUS\u00c3O SOCIAL\"],\"inLanguage\":\"pt-PT\",\"potentialAction\":[{\"@type\":\"CommentAction\",\"name\":\"Comment\",\"target\":[\"https:\\\/\\\/inclusivenews.com.br\\\/?p=30829#respond\"]}]},{\"@type\":\"WebPage\",\"@id\":\"https:\\\/\\\/inclusivenews.com.br\\\/?p=30829\",\"url\":\"https:\\\/\\\/inclusivenews.com.br\\\/?p=30829\",\"name\":\"Praia Para Todos comemora 10 anos -\",\"isPartOf\":{\"@id\":\"https:\\\/\\\/inclusivenews.com.br\\\/#website\"},\"primaryImageOfPage\":{\"@id\":\"https:\\\/\\\/inclusivenews.com.br\\\/?p=30829#primaryimage\"},\"image\":{\"@id\":\"https:\\\/\\\/inclusivenews.com.br\\\/?p=30829#primaryimage\"},\"thumbnailUrl\":\"http:\\\/\\\/www.praiaparatodos.com.br\\\/img\\\/marca_praia_paratodos.png\",\"datePublished\":\"2018-01-16T14:28:59+00:00\",\"breadcrumb\":{\"@id\":\"https:\\\/\\\/inclusivenews.com.br\\\/?p=30829#breadcrumb\"},\"inLanguage\":\"pt-PT\",\"potentialAction\":[{\"@type\":\"ReadAction\",\"target\":[\"https:\\\/\\\/inclusivenews.com.br\\\/?p=30829\"]}]},{\"@type\":\"ImageObject\",\"inLanguage\":\"pt-PT\",\"@id\":\"https:\\\/\\\/inclusivenews.com.br\\\/?p=30829#primaryimage\",\"url\":\"http:\\\/\\\/www.praiaparatodos.com.br\\\/img\\\/marca_praia_paratodos.png\",\"contentUrl\":\"http:\\\/\\\/www.praiaparatodos.com.br\\\/img\\\/marca_praia_paratodos.png\"},{\"@type\":\"BreadcrumbList\",\"@id\":\"https:\\\/\\\/inclusivenews.com.br\\\/?p=30829#breadcrumb\",\"itemListElement\":[{\"@type\":\"ListItem\",\"position\":1,\"name\":\"In\u00edcio\",\"item\":\"https:\\\/\\\/inclusivenews.com.br\\\/\"},{\"@type\":\"ListItem\",\"position\":2,\"name\":\"Praia Para Todos comemora 10 anos\"}]},{\"@type\":\"WebSite\",\"@id\":\"https:\\\/\\\/inclusivenews.com.br\\\/#website\",\"url\":\"https:\\\/\\\/inclusivenews.com.br\\\/\",\"name\":\"Inclusive News\",\"description\":\"Inclusive News\",\"publisher\":{\"@id\":\"https:\\\/\\\/inclusivenews.com.br\\\/#organization\"},\"potentialAction\":[{\"@type\":\"SearchAction\",\"target\":{\"@type\":\"EntryPoint\",\"urlTemplate\":\"https:\\\/\\\/inclusivenews.com.br\\\/?s={search_term_string}\"},\"query-input\":{\"@type\":\"PropertyValueSpecification\",\"valueRequired\":true,\"valueName\":\"search_term_string\"}}],\"inLanguage\":\"pt-PT\"},{\"@type\":\"Organization\",\"@id\":\"https:\\\/\\\/inclusivenews.com.br\\\/#organization\",\"name\":\"Inclusive - inclus\u00e3o e cidadania\",\"url\":\"https:\\\/\\\/inclusivenews.com.br\\\/\",\"logo\":{\"@type\":\"ImageObject\",\"inLanguage\":\"pt-PT\",\"@id\":\"https:\\\/\\\/inclusivenews.com.br\\\/#\\\/schema\\\/logo\\\/image\\\/\",\"url\":\"https:\\\/\\\/inclusivenews.com.br\\\/wp-content\\\/uploads\\\/2024\\\/03\\\/@grandesite.png\",\"contentUrl\":\"https:\\\/\\\/inclusivenews.com.br\\\/wp-content\\\/uploads\\\/2024\\\/03\\\/@grandesite.png\",\"width\":1080,\"height\":1080,\"caption\":\"Inclusive - inclus\u00e3o e cidadania\"},\"image\":{\"@id\":\"https:\\\/\\\/inclusivenews.com.br\\\/#\\\/schema\\\/logo\\\/image\\\/\"},\"sameAs\":[\"https:\\\/\\\/www.facebook.com\\\/agenciainclusive\\\/\",\"https:\\\/\\\/www.instagram.com\\\/newsinclusive\\\/\"]},{\"@type\":\"Person\",\"@id\":\"https:\\\/\\\/inclusivenews.com.br\\\/#\\\/schema\\\/person\\\/ae4ec7087559b8692fb33b6fffd2273b\",\"name\":\"inclusivenews2024\",\"image\":{\"@type\":\"ImageObject\",\"inLanguage\":\"pt-PT\",\"@id\":\"https:\\\/\\\/secure.gravatar.com\\\/avatar\\\/c5a7ef84c66fa914f55bc4f7ce26cfa275a3b9a1c5568b907bd184fb4dde7b40?s=96&d=mm&r=g\",\"url\":\"https:\\\/\\\/secure.gravatar.com\\\/avatar\\\/c5a7ef84c66fa914f55bc4f7ce26cfa275a3b9a1c5568b907bd184fb4dde7b40?s=96&d=mm&r=g\",\"contentUrl\":\"https:\\\/\\\/secure.gravatar.com\\\/avatar\\\/c5a7ef84c66fa914f55bc4f7ce26cfa275a3b9a1c5568b907bd184fb4dde7b40?s=96&d=mm&r=g\",\"caption\":\"inclusivenews2024\"},\"sameAs\":[\"https:\\\/\\\/inclusivenews.com.br\"],\"url\":\"https:\\\/\\\/inclusivenews.com.br\\\/?author=1\"}]}<\/script>\n<!-- \/ Yoast SEO plugin. -->","yoast_head_json":{"title":"Praia Para Todos comemora 10 anos -","robots":{"index":"index","follow":"follow","max-snippet":"max-snippet:-1","max-image-preview":"max-image-preview:large","max-video-preview":"max-video-preview:-1"},"canonical":"https:\/\/inclusivenews.com.br\/?p=30829","og_locale":"pt_PT","og_type":"article","og_title":"Praia Para Todos comemora 10 anos -","og_description":"Pioneiro no Brasil, projeto mudou o paradigma sobre acessibilidade nas praias.","og_url":"https:\/\/inclusivenews.com.br\/?p=30829","article_publisher":"https:\/\/www.facebook.com\/agenciainclusive\/","article_published_time":"2018-01-16T14:28:59+00:00","og_image":[{"url":"http:\/\/www.praiaparatodos.com.br\/img\/marca_praia_paratodos.png","type":"","width":"","height":""}],"author":"inclusivenews2024","twitter_card":"summary_large_image","twitter_misc":{"Escrito por":"inclusivenews2024","Tempo estimado de leitura":"2 minutos"},"schema":{"@context":"https:\/\/schema.org","@graph":[{"@type":"Article","@id":"https:\/\/inclusivenews.com.br\/?p=30829#article","isPartOf":{"@id":"https:\/\/inclusivenews.com.br\/?p=30829"},"author":{"name":"inclusivenews2024","@id":"https:\/\/inclusivenews.com.br\/#\/schema\/person\/ae4ec7087559b8692fb33b6fffd2273b"},"headline":"Praia Para Todos comemora 10 anos","datePublished":"2018-01-16T14:28:59+00:00","mainEntityOfPage":{"@id":"https:\/\/inclusivenews.com.br\/?p=30829"},"wordCount":391,"commentCount":0,"publisher":{"@id":"https:\/\/inclusivenews.com.br\/#organization"},"image":{"@id":"https:\/\/inclusivenews.com.br\/?p=30829#primaryimage"},"thumbnailUrl":"http:\/\/www.praiaparatodos.com.br\/img\/marca_praia_paratodos.png","keywords":["Lazer"],"articleSection":["Defici\u00eancia","INCLUS\u00c3O SOCIAL"],"inLanguage":"pt-PT","potentialAction":[{"@type":"CommentAction","name":"Comment","target":["https:\/\/inclusivenews.com.br\/?p=30829#respond"]}]},{"@type":"WebPage","@id":"https:\/\/inclusivenews.com.br\/?p=30829","url":"https:\/\/inclusivenews.com.br\/?p=30829","name":"Praia Para Todos comemora 10 anos -","isPartOf":{"@id":"https:\/\/inclusivenews.com.br\/#website"},"primaryImageOfPage":{"@id":"https:\/\/inclusivenews.com.br\/?p=30829#primaryimage"},"image":{"@id":"https:\/\/inclusivenews.com.br\/?p=30829#primaryimage"},"thumbnailUrl":"http:\/\/www.praiaparatodos.com.br\/img\/marca_praia_paratodos.png","datePublished":"2018-01-16T14:28:59+00:00","breadcrumb":{"@id":"https:\/\/inclusivenews.com.br\/?p=30829#breadcrumb"},"inLanguage":"pt-PT","potentialAction":[{"@type":"ReadAction","target":["https:\/\/inclusivenews.com.br\/?p=30829"]}]},{"@type":"ImageObject","inLanguage":"pt-PT","@id":"https:\/\/inclusivenews.com.br\/?p=30829#primaryimage","url":"http:\/\/www.praiaparatodos.com.br\/img\/marca_praia_paratodos.png","contentUrl":"http:\/\/www.praiaparatodos.com.br\/img\/marca_praia_paratodos.png"},{"@type":"BreadcrumbList","@id":"https:\/\/inclusivenews.com.br\/?p=30829#breadcrumb","itemListElement":[{"@type":"ListItem","position":1,"name":"In\u00edcio","item":"https:\/\/inclusivenews.com.br\/"},{"@type":"ListItem","position":2,"name":"Praia Para Todos comemora 10 anos"}]},{"@type":"WebSite","@id":"https:\/\/inclusivenews.com.br\/#website","url":"https:\/\/inclusivenews.com.br\/","name":"Inclusive News","description":"Inclusive News","publisher":{"@id":"https:\/\/inclusivenews.com.br\/#organization"},"potentialAction":[{"@type":"SearchAction","target":{"@type":"EntryPoint","urlTemplate":"https:\/\/inclusivenews.com.br\/?s={search_term_string}"},"query-input":{"@type":"PropertyValueSpecification","valueRequired":true,"valueName":"search_term_string"}}],"inLanguage":"pt-PT"},{"@type":"Organization","@id":"https:\/\/inclusivenews.com.br\/#organization","name":"Inclusive - inclus\u00e3o e cidadania","url":"https:\/\/inclusivenews.com.br\/","logo":{"@type":"ImageObject","inLanguage":"pt-PT","@id":"https:\/\/inclusivenews.com.br\/#\/schema\/logo\/image\/","url":"https:\/\/inclusivenews.com.br\/wp-content\/uploads\/2024\/03\/@grandesite.png","contentUrl":"https:\/\/inclusivenews.com.br\/wp-content\/uploads\/2024\/03\/@grandesite.png","width":1080,"height":1080,"caption":"Inclusive - inclus\u00e3o e cidadania"},"image":{"@id":"https:\/\/inclusivenews.com.br\/#\/schema\/logo\/image\/"},"sameAs":["https:\/\/www.facebook.com\/agenciainclusive\/","https:\/\/www.instagram.com\/newsinclusive\/"]},{"@type":"Person","@id":"https:\/\/inclusivenews.com.br\/#\/schema\/person\/ae4ec7087559b8692fb33b6fffd2273b","name":"inclusivenews2024","image":{"@type":"ImageObject","inLanguage":"pt-PT","@id":"https:\/\/secure.gravatar.com\/avatar\/c5a7ef84c66fa914f55bc4f7ce26cfa275a3b9a1c5568b907bd184fb4dde7b40?s=96&d=mm&r=g","url":"https:\/\/secure.gravatar.com\/avatar\/c5a7ef84c66fa914f55bc4f7ce26cfa275a3b9a1c5568b907bd184fb4dde7b40?s=96&d=mm&r=g","contentUrl":"https:\/\/secure.gravatar.com\/avatar\/c5a7ef84c66fa914f55bc4f7ce26cfa275a3b9a1c5568b907bd184fb4dde7b40?s=96&d=mm&r=g","caption":"inclusivenews2024"},"sameAs":["https:\/\/inclusivenews.com.br"],"url":"https:\/\/inclusivenews.com.br\/?author=1"}]}},"_links":{"self":[{"href":"https:\/\/inclusivenews.com.br\/index.php?rest_route=\/wp\/v2\/posts\/30829","targetHints":{"allow":["GET"]}}],"collection":[{"href":"https:\/\/inclusivenews.com.br\/index.php?rest_route=\/wp\/v2\/posts"}],"about":[{"href":"https:\/\/inclusivenews.com.br\/index.php?rest_route=\/wp\/v2\/types\/post"}],"author":[{"embeddable":true,"href":"https:\/\/inclusivenews.com.br\/index.php?rest_route=\/wp\/v2\/users\/1"}],"replies":[{"embeddable":true,"href":"https:\/\/inclusivenews.com.br\/index.php?rest_route=%2Fwp%2Fv2%2Fcomments&post=30829"}],"version-history":[{"count":0,"href":"https:\/\/inclusivenews.com.br\/index.php?rest_route=\/wp\/v2\/posts\/30829\/revisions"}],"wp:attachment":[{"href":"https:\/\/inclusivenews.com.br\/index.php?rest_route=%2Fwp%2Fv2%2Fmedia&parent=30829"}],"wp:term":[{"taxonomy":"category","embeddable":true,"href":"https:\/\/inclusivenews.com.br\/index.php?rest_route=%2Fwp%2Fv2%2Fcategories&post=30829"},{"taxonomy":"post_tag","embeddable":true,"href":"https:\/\/inclusivenews.com.br\/index.php?rest_route=%2Fwp%2Fv2%2Ftags&post=30829"}],"curies":[{"name":"wp","href":"https:\/\/api.w.org\/{rel}","templated":true}]}}