{"id":30831,"date":"2018-01-17T12:46:56","date_gmt":"2018-01-17T15:46:56","guid":{"rendered":"http:\/\/www.inclusive.org.br\/?p=30831"},"modified":"2018-01-17T12:46:56","modified_gmt":"2018-01-17T15:46:56","slug":"citacoes-de-king-relacionadas-a-deficiencia","status":"publish","type":"post","link":"https:\/\/inclusivenews.com.br\/?p=30831","title":{"rendered":"Cita\u00e7\u00f5es de King relacionadas \u00e0 defici\u00eancia"},"content":{"rendered":"<p><img loading=\"lazy\" decoding=\"async\" class=\"alignnone wp-image-30832\" src=\"http:\/\/inclusivenews.com.br\/wp-content\/uploads\/king.jpg\" alt=\"estatua de martin luther king.\" width=\"736\" height=\"245\" \/><\/p>\n<p>O Reverendo Dr. Martin Luther King Jr. Foi um dos maiores l\u00edderes de direitos humanos dos Estados Unidos e do mundo. O que fez dele um l\u00edder excepcional foi sua capacidade de fazer do movimento de direitos civis uma aceita\u00e7\u00e3o mundial de valores. Ele n\u00e3o falava somente dos direitos de afro-americanos. Ele tinha um conceito de justi\u00e7a e igualdade que inclu\u00eda todos os seres humanos.<\/p>\n<p>Na semana em que se comemora o seu dia, veja 12 cita\u00e7\u00f5es\u00a0suas relevantes para toler\u00e2ncia, amor, direitos humanos e conscientiza\u00e7\u00e3o sobre as pessoas com defici\u00eancia e muito atuais.<\/p>\n<p>1. \u201c A injusti\u00e7a, onde quer que aconte\u00e7a, \u00e9 uma amea\u00e7a \u00e0 justi\u00e7a em todos os lugares.\u201d<\/p>\n<p>2. \u201c Se voc\u00ea n\u00e3o puder voar, corra. Se voc\u00ea n\u00e3o puder correr, ande. Se voc\u00ea n\u00e3o puder andar, rasteje. Seja como for, voc\u00ea precisa seguir avan\u00e7ando.\u201d<\/p>\n<p>3. \u201cAs pessoas n\u00e3o conseguem se relacionar com as outras porque elas temem umas \u00e0s outras. Elas temem umas \u00e0s outras porque elas n\u00e3o se conhecem; elas n\u00e3o se conhecem porque n\u00e3o se comunicam.\u201d<\/p>\n<p>4. \u201cN\u00e3o \u00e9 poss\u00edvel ser a favor da justi\u00e7a para algumas pessoas e n\u00e3o ser a favor da justi\u00e7a para todos.\u201d<\/p>\n<p>5. \u201cA escurid\u00e3o n\u00e3o pode afastar a escurid\u00e3o; s\u00f3 a luz pode faz\u00ea-lo. O \u00f3dio n\u00e3o pode afastar o \u00f3dio; s\u00f3 o amor pode faz\u00ea-lo.\u201d<\/p>\n<p>6. \u201cF\u00e9 \u00e9\u00a0dar o primeiro passo mesmo quando voc\u00ea n\u00e3o consegue enxergar a escadaria inteira.\u201d<\/p>\n<p>7. \u201cN\u00f3s aprendemos a voar nos ares como p\u00e1ssaros. N\u00f3s aprendemos a nadar nos mares como peixes. Mesmo assim, n\u00f3s ainda n\u00e3o aprendemos a andar na terra como irm\u00e3os e irm\u00e3s.\u201d<\/p>\n<p>8. \u201cSe eu n\u00e3o posso fazer grandes feitos, eu farei pequenos feitos de forma grandiosa.\u201d<\/p>\n<p>9. \u201cA medida definitiva de um homem n\u00e3o \u00e9 onde ele se posiciona em momentos de conforto e conveni\u00eancia, mas onde ele se posiciona em momentos de desafio e controv\u00e9rsia.\u201d<\/p>\n<p>10. \u201cNossas vidas come\u00e7am a terminar no dia em que silenciamos sobre assuntos que importam.\u201d<\/p>\n<p>11. \u201cSem amor n\u00e3o h\u00e1 raz\u00e3o para conhecer quem quer que seja. Pois o amor terminar\u00e1 por conectar-nos aos nossos vizinhos, \u00e0s nossas crian\u00e7as e aos nossos cora\u00e7\u00f5es.\u201d<\/p>\n<p>12. \u201cO resumo da \u00f3pera \u00e9 esse: todas as vidas s\u00e3o inter-relacionadas. N\u00f3s s\u00f3 somos\u00a0presos a uma rede inescap\u00e1vel de mutualidade, ligados\u00a0a um \u00fanico\u00a0tecido do destino. O que afeta o destino de um, afeta indiretamente a todos.\u201d<\/p>\n<p>Fonte:\u00a0https:\/\/themighty.com\/2017\/01\/martin-luther-king-jr-quotes-disability-awareness\/<\/p>\n","protected":false},"excerpt":{"rendered":"<p>O Reverendo Dr. Martin Luther King Jr. Foi um dos maiores l\u00edderes de direitos humanos dos Estados Unidos e do mundo. O que fez dele um l\u00edder excepcional foi sua capacidade de fazer do movimento de direitos civis uma aceita\u00e7\u00e3o mundial de valores. Ele n\u00e3o falava somente dos direitos de afro-americanos. Ele tinha um conceito [&hellip;]<\/p>\n","protected":false},"author":1,"featured_media":30832,"comment_status":"open","ping_status":"open","sticky":false,"template":"","format":"standard","meta":{"site-container-style":"default","site-container-layout":"default","site-sidebar-layout":"default","disable-article-header":"default","disable-site-header":"default","disable-site-footer":"default","disable-content-area-spacing":"default","footnotes":""},"categories":[38],"tags":[],"class_list":["post-30831","post","type-post","status-publish","format-standard","has-post-thumbnail","hentry","category-deficiencia"],"yoast_head":"<!-- This site is optimized with the Yoast SEO plugin v27.4 - https:\/\/yoast.com\/product\/yoast-seo-wordpress\/ -->\n<title>Cita\u00e7\u00f5es de King relacionadas \u00e0 defici\u00eancia -<\/title>\n<meta name=\"robots\" content=\"index, follow, max-snippet:-1, max-image-preview:large, max-video-preview:-1\" \/>\n<link rel=\"canonical\" href=\"https:\/\/inclusivenews.com.br\/?p=30831\" \/>\n<meta property=\"og:locale\" content=\"pt_PT\" \/>\n<meta property=\"og:type\" content=\"article\" \/>\n<meta property=\"og:title\" content=\"Cita\u00e7\u00f5es de King relacionadas \u00e0 defici\u00eancia -\" \/>\n<meta property=\"og:description\" content=\"O Reverendo Dr. Martin Luther King Jr. Foi um dos maiores l\u00edderes de direitos humanos dos Estados Unidos e do mundo. O que fez dele um l\u00edder excepcional foi sua capacidade de fazer do movimento de direitos civis uma aceita\u00e7\u00e3o mundial de valores. Ele n\u00e3o falava somente dos direitos de afro-americanos. Ele tinha um conceito [&hellip;]\" \/>\n<meta property=\"og:url\" content=\"https:\/\/inclusivenews.com.br\/?p=30831\" \/>\n<meta property=\"article:publisher\" content=\"https:\/\/www.facebook.com\/agenciainclusive\/\" \/>\n<meta property=\"article:published_time\" content=\"2018-01-17T15:46:56+00:00\" \/>\n<meta name=\"author\" content=\"inclusivenews2024\" \/>\n<meta name=\"twitter:card\" content=\"summary_large_image\" \/>\n<meta name=\"twitter:label1\" content=\"Escrito por\" \/>\n\t<meta name=\"twitter:data1\" content=\"inclusivenews2024\" \/>\n\t<meta name=\"twitter:label2\" content=\"Tempo estimado de leitura\" \/>\n\t<meta name=\"twitter:data2\" content=\"2 minutos\" \/>\n<script type=\"application\/ld+json\" class=\"yoast-schema-graph\">{\"@context\":\"https:\\\/\\\/schema.org\",\"@graph\":[{\"@type\":\"Article\",\"@id\":\"https:\\\/\\\/inclusivenews.com.br\\\/?p=30831#article\",\"isPartOf\":{\"@id\":\"https:\\\/\\\/inclusivenews.com.br\\\/?p=30831\"},\"author\":{\"name\":\"inclusivenews2024\",\"@id\":\"https:\\\/\\\/inclusivenews.com.br\\\/#\\\/schema\\\/person\\\/ae4ec7087559b8692fb33b6fffd2273b\"},\"headline\":\"Cita\u00e7\u00f5es de King relacionadas \u00e0 defici\u00eancia\",\"datePublished\":\"2018-01-17T15:46:56+00:00\",\"mainEntityOfPage\":{\"@id\":\"https:\\\/\\\/inclusivenews.com.br\\\/?p=30831\"},\"wordCount\":437,\"commentCount\":0,\"publisher\":{\"@id\":\"https:\\\/\\\/inclusivenews.com.br\\\/#organization\"},\"image\":{\"@id\":\"https:\\\/\\\/inclusivenews.com.br\\\/?p=30831#primaryimage\"},\"thumbnailUrl\":\"\",\"articleSection\":[\"Defici\u00eancia\"],\"inLanguage\":\"pt-PT\",\"potentialAction\":[{\"@type\":\"CommentAction\",\"name\":\"Comment\",\"target\":[\"https:\\\/\\\/inclusivenews.com.br\\\/?p=30831#respond\"]}]},{\"@type\":\"WebPage\",\"@id\":\"https:\\\/\\\/inclusivenews.com.br\\\/?p=30831\",\"url\":\"https:\\\/\\\/inclusivenews.com.br\\\/?p=30831\",\"name\":\"Cita\u00e7\u00f5es de King relacionadas \u00e0 defici\u00eancia -\",\"isPartOf\":{\"@id\":\"https:\\\/\\\/inclusivenews.com.br\\\/#website\"},\"primaryImageOfPage\":{\"@id\":\"https:\\\/\\\/inclusivenews.com.br\\\/?p=30831#primaryimage\"},\"image\":{\"@id\":\"https:\\\/\\\/inclusivenews.com.br\\\/?p=30831#primaryimage\"},\"thumbnailUrl\":\"\",\"datePublished\":\"2018-01-17T15:46:56+00:00\",\"breadcrumb\":{\"@id\":\"https:\\\/\\\/inclusivenews.com.br\\\/?p=30831#breadcrumb\"},\"inLanguage\":\"pt-PT\",\"potentialAction\":[{\"@type\":\"ReadAction\",\"target\":[\"https:\\\/\\\/inclusivenews.com.br\\\/?p=30831\"]}]},{\"@type\":\"ImageObject\",\"inLanguage\":\"pt-PT\",\"@id\":\"https:\\\/\\\/inclusivenews.com.br\\\/?p=30831#primaryimage\",\"url\":\"\",\"contentUrl\":\"\"},{\"@type\":\"BreadcrumbList\",\"@id\":\"https:\\\/\\\/inclusivenews.com.br\\\/?p=30831#breadcrumb\",\"itemListElement\":[{\"@type\":\"ListItem\",\"position\":1,\"name\":\"In\u00edcio\",\"item\":\"https:\\\/\\\/inclusivenews.com.br\\\/\"},{\"@type\":\"ListItem\",\"position\":2,\"name\":\"Cita\u00e7\u00f5es de King relacionadas \u00e0 defici\u00eancia\"}]},{\"@type\":\"WebSite\",\"@id\":\"https:\\\/\\\/inclusivenews.com.br\\\/#website\",\"url\":\"https:\\\/\\\/inclusivenews.com.br\\\/\",\"name\":\"Inclusive News\",\"description\":\"Inclusive News\",\"publisher\":{\"@id\":\"https:\\\/\\\/inclusivenews.com.br\\\/#organization\"},\"potentialAction\":[{\"@type\":\"SearchAction\",\"target\":{\"@type\":\"EntryPoint\",\"urlTemplate\":\"https:\\\/\\\/inclusivenews.com.br\\\/?s={search_term_string}\"},\"query-input\":{\"@type\":\"PropertyValueSpecification\",\"valueRequired\":true,\"valueName\":\"search_term_string\"}}],\"inLanguage\":\"pt-PT\"},{\"@type\":\"Organization\",\"@id\":\"https:\\\/\\\/inclusivenews.com.br\\\/#organization\",\"name\":\"Inclusive - inclus\u00e3o e cidadania\",\"url\":\"https:\\\/\\\/inclusivenews.com.br\\\/\",\"logo\":{\"@type\":\"ImageObject\",\"inLanguage\":\"pt-PT\",\"@id\":\"https:\\\/\\\/inclusivenews.com.br\\\/#\\\/schema\\\/logo\\\/image\\\/\",\"url\":\"https:\\\/\\\/inclusivenews.com.br\\\/wp-content\\\/uploads\\\/2024\\\/03\\\/@grandesite.png\",\"contentUrl\":\"https:\\\/\\\/inclusivenews.com.br\\\/wp-content\\\/uploads\\\/2024\\\/03\\\/@grandesite.png\",\"width\":1080,\"height\":1080,\"caption\":\"Inclusive - inclus\u00e3o e cidadania\"},\"image\":{\"@id\":\"https:\\\/\\\/inclusivenews.com.br\\\/#\\\/schema\\\/logo\\\/image\\\/\"},\"sameAs\":[\"https:\\\/\\\/www.facebook.com\\\/agenciainclusive\\\/\",\"https:\\\/\\\/www.instagram.com\\\/newsinclusive\\\/\"]},{\"@type\":\"Person\",\"@id\":\"https:\\\/\\\/inclusivenews.com.br\\\/#\\\/schema\\\/person\\\/ae4ec7087559b8692fb33b6fffd2273b\",\"name\":\"inclusivenews2024\",\"image\":{\"@type\":\"ImageObject\",\"inLanguage\":\"pt-PT\",\"@id\":\"https:\\\/\\\/secure.gravatar.com\\\/avatar\\\/c5a7ef84c66fa914f55bc4f7ce26cfa275a3b9a1c5568b907bd184fb4dde7b40?s=96&d=mm&r=g\",\"url\":\"https:\\\/\\\/secure.gravatar.com\\\/avatar\\\/c5a7ef84c66fa914f55bc4f7ce26cfa275a3b9a1c5568b907bd184fb4dde7b40?s=96&d=mm&r=g\",\"contentUrl\":\"https:\\\/\\\/secure.gravatar.com\\\/avatar\\\/c5a7ef84c66fa914f55bc4f7ce26cfa275a3b9a1c5568b907bd184fb4dde7b40?s=96&d=mm&r=g\",\"caption\":\"inclusivenews2024\"},\"sameAs\":[\"https:\\\/\\\/inclusivenews.com.br\"],\"url\":\"https:\\\/\\\/inclusivenews.com.br\\\/?author=1\"}]}<\/script>\n<!-- \/ Yoast SEO plugin. -->","yoast_head_json":{"title":"Cita\u00e7\u00f5es de King relacionadas \u00e0 defici\u00eancia -","robots":{"index":"index","follow":"follow","max-snippet":"max-snippet:-1","max-image-preview":"max-image-preview:large","max-video-preview":"max-video-preview:-1"},"canonical":"https:\/\/inclusivenews.com.br\/?p=30831","og_locale":"pt_PT","og_type":"article","og_title":"Cita\u00e7\u00f5es de King relacionadas \u00e0 defici\u00eancia -","og_description":"O Reverendo Dr. Martin Luther King Jr. Foi um dos maiores l\u00edderes de direitos humanos dos Estados Unidos e do mundo. O que fez dele um l\u00edder excepcional foi sua capacidade de fazer do movimento de direitos civis uma aceita\u00e7\u00e3o mundial de valores. Ele n\u00e3o falava somente dos direitos de afro-americanos. Ele tinha um conceito [&hellip;]","og_url":"https:\/\/inclusivenews.com.br\/?p=30831","article_publisher":"https:\/\/www.facebook.com\/agenciainclusive\/","article_published_time":"2018-01-17T15:46:56+00:00","author":"inclusivenews2024","twitter_card":"summary_large_image","twitter_misc":{"Escrito por":"inclusivenews2024","Tempo estimado de leitura":"2 minutos"},"schema":{"@context":"https:\/\/schema.org","@graph":[{"@type":"Article","@id":"https:\/\/inclusivenews.com.br\/?p=30831#article","isPartOf":{"@id":"https:\/\/inclusivenews.com.br\/?p=30831"},"author":{"name":"inclusivenews2024","@id":"https:\/\/inclusivenews.com.br\/#\/schema\/person\/ae4ec7087559b8692fb33b6fffd2273b"},"headline":"Cita\u00e7\u00f5es de King relacionadas \u00e0 defici\u00eancia","datePublished":"2018-01-17T15:46:56+00:00","mainEntityOfPage":{"@id":"https:\/\/inclusivenews.com.br\/?p=30831"},"wordCount":437,"commentCount":0,"publisher":{"@id":"https:\/\/inclusivenews.com.br\/#organization"},"image":{"@id":"https:\/\/inclusivenews.com.br\/?p=30831#primaryimage"},"thumbnailUrl":"","articleSection":["Defici\u00eancia"],"inLanguage":"pt-PT","potentialAction":[{"@type":"CommentAction","name":"Comment","target":["https:\/\/inclusivenews.com.br\/?p=30831#respond"]}]},{"@type":"WebPage","@id":"https:\/\/inclusivenews.com.br\/?p=30831","url":"https:\/\/inclusivenews.com.br\/?p=30831","name":"Cita\u00e7\u00f5es de King relacionadas \u00e0 defici\u00eancia -","isPartOf":{"@id":"https:\/\/inclusivenews.com.br\/#website"},"primaryImageOfPage":{"@id":"https:\/\/inclusivenews.com.br\/?p=30831#primaryimage"},"image":{"@id":"https:\/\/inclusivenews.com.br\/?p=30831#primaryimage"},"thumbnailUrl":"","datePublished":"2018-01-17T15:46:56+00:00","breadcrumb":{"@id":"https:\/\/inclusivenews.com.br\/?p=30831#breadcrumb"},"inLanguage":"pt-PT","potentialAction":[{"@type":"ReadAction","target":["https:\/\/inclusivenews.com.br\/?p=30831"]}]},{"@type":"ImageObject","inLanguage":"pt-PT","@id":"https:\/\/inclusivenews.com.br\/?p=30831#primaryimage","url":"","contentUrl":""},{"@type":"BreadcrumbList","@id":"https:\/\/inclusivenews.com.br\/?p=30831#breadcrumb","itemListElement":[{"@type":"ListItem","position":1,"name":"In\u00edcio","item":"https:\/\/inclusivenews.com.br\/"},{"@type":"ListItem","position":2,"name":"Cita\u00e7\u00f5es de King relacionadas \u00e0 defici\u00eancia"}]},{"@type":"WebSite","@id":"https:\/\/inclusivenews.com.br\/#website","url":"https:\/\/inclusivenews.com.br\/","name":"Inclusive News","description":"Inclusive News","publisher":{"@id":"https:\/\/inclusivenews.com.br\/#organization"},"potentialAction":[{"@type":"SearchAction","target":{"@type":"EntryPoint","urlTemplate":"https:\/\/inclusivenews.com.br\/?s={search_term_string}"},"query-input":{"@type":"PropertyValueSpecification","valueRequired":true,"valueName":"search_term_string"}}],"inLanguage":"pt-PT"},{"@type":"Organization","@id":"https:\/\/inclusivenews.com.br\/#organization","name":"Inclusive - inclus\u00e3o e cidadania","url":"https:\/\/inclusivenews.com.br\/","logo":{"@type":"ImageObject","inLanguage":"pt-PT","@id":"https:\/\/inclusivenews.com.br\/#\/schema\/logo\/image\/","url":"https:\/\/inclusivenews.com.br\/wp-content\/uploads\/2024\/03\/@grandesite.png","contentUrl":"https:\/\/inclusivenews.com.br\/wp-content\/uploads\/2024\/03\/@grandesite.png","width":1080,"height":1080,"caption":"Inclusive - inclus\u00e3o e cidadania"},"image":{"@id":"https:\/\/inclusivenews.com.br\/#\/schema\/logo\/image\/"},"sameAs":["https:\/\/www.facebook.com\/agenciainclusive\/","https:\/\/www.instagram.com\/newsinclusive\/"]},{"@type":"Person","@id":"https:\/\/inclusivenews.com.br\/#\/schema\/person\/ae4ec7087559b8692fb33b6fffd2273b","name":"inclusivenews2024","image":{"@type":"ImageObject","inLanguage":"pt-PT","@id":"https:\/\/secure.gravatar.com\/avatar\/c5a7ef84c66fa914f55bc4f7ce26cfa275a3b9a1c5568b907bd184fb4dde7b40?s=96&d=mm&r=g","url":"https:\/\/secure.gravatar.com\/avatar\/c5a7ef84c66fa914f55bc4f7ce26cfa275a3b9a1c5568b907bd184fb4dde7b40?s=96&d=mm&r=g","contentUrl":"https:\/\/secure.gravatar.com\/avatar\/c5a7ef84c66fa914f55bc4f7ce26cfa275a3b9a1c5568b907bd184fb4dde7b40?s=96&d=mm&r=g","caption":"inclusivenews2024"},"sameAs":["https:\/\/inclusivenews.com.br"],"url":"https:\/\/inclusivenews.com.br\/?author=1"}]}},"_links":{"self":[{"href":"https:\/\/inclusivenews.com.br\/index.php?rest_route=\/wp\/v2\/posts\/30831","targetHints":{"allow":["GET"]}}],"collection":[{"href":"https:\/\/inclusivenews.com.br\/index.php?rest_route=\/wp\/v2\/posts"}],"about":[{"href":"https:\/\/inclusivenews.com.br\/index.php?rest_route=\/wp\/v2\/types\/post"}],"author":[{"embeddable":true,"href":"https:\/\/inclusivenews.com.br\/index.php?rest_route=\/wp\/v2\/users\/1"}],"replies":[{"embeddable":true,"href":"https:\/\/inclusivenews.com.br\/index.php?rest_route=%2Fwp%2Fv2%2Fcomments&post=30831"}],"version-history":[{"count":0,"href":"https:\/\/inclusivenews.com.br\/index.php?rest_route=\/wp\/v2\/posts\/30831\/revisions"}],"wp:featuredmedia":[{"embeddable":true,"href":"https:\/\/inclusivenews.com.br\/index.php?rest_route=\/"}],"wp:attachment":[{"href":"https:\/\/inclusivenews.com.br\/index.php?rest_route=%2Fwp%2Fv2%2Fmedia&parent=30831"}],"wp:term":[{"taxonomy":"category","embeddable":true,"href":"https:\/\/inclusivenews.com.br\/index.php?rest_route=%2Fwp%2Fv2%2Fcategories&post=30831"},{"taxonomy":"post_tag","embeddable":true,"href":"https:\/\/inclusivenews.com.br\/index.php?rest_route=%2Fwp%2Fv2%2Ftags&post=30831"}],"curies":[{"name":"wp","href":"https:\/\/api.w.org\/{rel}","templated":true}]}}