{"id":30848,"date":"2018-02-13T07:09:18","date_gmt":"2018-02-13T10:09:18","guid":{"rendered":"http:\/\/www.inclusive.org.br\/?p=30848"},"modified":"2018-02-13T07:09:18","modified_gmt":"2018-02-13T10:09:18","slug":"nstituto-de-ensino-e-pesquisa-apae-de-sao-paulo-esta-com-inscricoes-abertas-para-turma-2018-da-pos-graduacao-em-deficiencia-intelectual","status":"publish","type":"post","link":"https:\/\/inclusivenews.com.br\/?p=30848","title":{"rendered":"Instituto de Ensino e Pesquisa APAE DE S\u00c3O PAULO est\u00e1 com inscri\u00e7\u00f5es abertas  para turma 2018 da p\u00f3s-gradua\u00e7\u00e3o em Defici\u00eancia Intelectual"},"content":{"rendered":"<table border=\"0\" align=\"center\">\n<tbody>\n<tr>\n<td><img loading=\"lazy\" decoding=\"async\" class=\"alignnone size-full wp-image-20262 alignleft\" src=\"http:\/\/inclusivenews.com.br\/wp-content\/uploads\/apaesp.jpg\" alt=\"Logo da APAE de SP - Desenho em azul, mostrando duas m\u00e3os protegendo uma flor.\" width=\"82\" height=\"109\" \/><\/p>\n<p>O Instituto de Ensino e Pesquisa APAE DE S\u00c3O PAULO est\u00e1 com inscri\u00e7\u00f5es abertas at\u00e9 15 de mar\u00e7o para a turma 2018 da p\u00f3s-gradua\u00e7\u00e3o\u00a0<em>lato sensu<\/em>\u00a0&#8220;Defici\u00eancia Intelectual: aspectos neuropsiqui\u00e1tricos, pedag\u00f3gicos e inclusivos&#8221;. O objetivo \u00e9 capacitar profissionais das \u00e1reas da Sa\u00fade e da Educa\u00e7\u00e3o sobre novos paradigmas na Defici\u00eancia Intelectual com \u00eanfase na proposta de educa\u00e7\u00e3o inclusiva determinada pela UNESCO &#8211; Organiza\u00e7\u00e3o das Na\u00e7\u00f5es Unidas para a Educa\u00e7\u00e3o, a Ci\u00eancia e a Cultura. O curso ter\u00e1 in\u00edcio em 25 de mar\u00e7o, dura\u00e7\u00e3o de dois anos e conta com 60 vagas.<\/p>\n<p>As aulas acontecer\u00e3o em um fim de semana por m\u00eas, das 9h \u00e0s 18h, na sede da Organiza\u00e7\u00e3o (rua Loefgren, 2.109 &#8211; Vila Clementino), e ir\u00e3o proporcionar aos estudantes conhecimentos t\u00e9cnicos e metodol\u00f3gicos sobre Defici\u00eancia Intelectual. O curso \u00e9 chancelado pela UNIFENAS, validado pelo Governo do Estado de S\u00e3o Paulo e tem como p\u00fablico-alvo m\u00e9dicos, psic\u00f3logos, fonoaudi\u00f3logos, fisioterapeutas, terapeutas ocupacionais, pedagogos e assistentes sociais.<\/p>\n<p>&#8220;A import\u00e2ncia da inclus\u00e3o das pessoas com defici\u00eancia na sociedade mostra que \u00e9 urgente a necessidade de forma\u00e7\u00e3o de profissionais nesta \u00e1rea. A p\u00f3s-gradua\u00e7\u00e3o do Instituto de Ensino e Pesquisa APAE DE S\u00c3O PAULO oferece embasamento te\u00f3rico, pr\u00e1tico e um outro olhar sobre a Defici\u00eancia Intelectual, sendo um diferencial na carreira&#8221;, afirma Dra. Laura Guilhoto, coordenadora-t\u00e9cnica do curso e m\u00e9dica neurologista com p\u00f3s-doutorado na Universidade de Harvard.<\/p>\n<p>Para inscri\u00e7\u00e3o e mais informa\u00e7\u00f5es, acesse:\u00a0<a href=\"http:\/\/www.imcgrupo.com\/link.php?code=bDpodHRwJTNBJTJGJTJGd3d3LmFwYWVzcC5vcmcuYnIlMkZwdC1iciUyRmluc3RpdHV0by1kZS1lbnNpbm8tZS1wZXNxdWlzYSUyRmVuc2lubyUyRmN1cnNvcyUyRnBvcy1HcmFkdWFjYW8lMkZQYWdpbmFzJTJGbGF0by1zZW5zdS5hc3B4OjQwODU3OTE3MzM6bHlnaWEuY29uZGVAY2RpY29tLmNvbS5icjphODA5MjI3NjlkMGMyY2Y5MzcwOTE2ZjUzMWRlNDM0YjAx\" target=\"_blank\" data-saferedirecturl=\"https:\/\/www.google.com\/url?hl=pt-BR&amp;q=http:\/\/www.imcgrupo.com\/link.php?code%3DbDpodHRwJTNBJTJGJTJGd3d3LmFwYWVzcC5vcmcuYnIlMkZwdC1iciUyRmluc3RpdHV0by1kZS1lbnNpbm8tZS1wZXNxdWlzYSUyRmVuc2lubyUyRmN1cnNvcyUyRnBvcy1HcmFkdWFjYW8lMkZQYWdpbmFzJTJGbGF0by1zZW5zdS5hc3B4OjQwODU3OTE3MzM6bHlnaWEuY29uZGVAY2RpY29tLmNvbS5icjphODA5MjI3NjlkMGMyY2Y5MzcwOTE2ZjUzMWRlNDM0YjAx&amp;source=gmail&amp;ust=1518602183948000&amp;usg=AFQjCNFdE0FS0ihe9TzVa-SnWXAjUuZ5ug\" rel=\"noopener\">http:\/\/www.apaesp.org.br\/pt-br<wbr \/>\/instituto-de-ensino-e-pesquis<wbr \/>a\/ensino\/cursos\/pos-Graduacao\/<wbr \/>Paginas\/lato-sensu.aspx<\/a><\/td>\n<\/tr>\n<tr>\n<td><strong>Sobre a APAE DE S\u00c3O PAULO<\/strong><\/p>\n<p>A APAE DE S\u00c3O PAULO \u00e9 uma Organiza\u00e7\u00e3o da Sociedade Civil, sem fins lucrativos, que h\u00e1 56 anos, promove o diagn\u00f3stico, a preven\u00e7\u00e3o e a inclus\u00e3o da pessoa com Defici\u00eancia Intelectual, produzindo e difundindo conhecimento. Atua desde o nascimento ao processo de envelhecimento, propiciando o desenvolvimento de habilidades e potencialidades que favore\u00e7am a escolaridade e o emprego apoiado, al\u00e9m de oferecer assessoria jur\u00eddica \u00e0s fam\u00edlias acerca dos direitos das pessoas com Defici\u00eancia Intelectual. Pioneiro no Teste do Pezinho no Brasil e credenciado pelo Minist\u00e9rio da Sa\u00fade como Servi\u00e7o de Refer\u00eancia em Triagem Neonatal, o Laborat\u00f3rio APAE DE S\u00c3O PAULO \u00e9 o maior da Am\u00e9rica Latina em exames realizados. Por meio do Instituto APAE DE S\u00c3O PAULO, a Organiza\u00e7\u00e3o gera e dissemina conhecimento cient\u00edfico sobre Defici\u00eancia Intelectual com pesquisas e cursos de forma\u00e7\u00e3o. Para colaborar, os interessados podem ligar para: 11-5080-7000, acessar\u00a0<a href=\"http:\/\/www.imcgrupo.com\/link.php?code=bDpodHRwJTNBJTJGJTJGd3d3LmFwYWVzcC5vcmcuYnIlMkY6NDA4NTc5MTczMzpseWdpYS5jb25kZUBjZGljb20uY29tLmJyOmY4MmQxZWExODQ1MjMyNGJjZTNhN2I2YjlmOWI4MGQ4NmE=\" target=\"_blank\" data-saferedirecturl=\"https:\/\/www.google.com\/url?hl=pt-BR&amp;q=http:\/\/www.imcgrupo.com\/link.php?code%3DbDpodHRwJTNBJTJGJTJGd3d3LmFwYWVzcC5vcmcuYnIlMkY6NDA4NTc5MTczMzpseWdpYS5jb25kZUBjZGljb20uY29tLmJyOmY4MmQxZWExODQ1MjMyNGJjZTNhN2I2YjlmOWI4MGQ4NmE%3D&amp;source=gmail&amp;ust=1518602183948000&amp;usg=AFQjCNE_xwFyupOEMF_CKW26tT85UjS_2w\" rel=\"noopener\">www.apaesp.org.br<\/a>\u00a0ou enviar e-mail para<a href=\"http:\/\/www.imcgrupo.com\/link.php?code=bDptYWlsdG8lM0FhdGVuZGltZW50byU0MGFwYWVzcC5vcmcuYnI6NDA4NTc5MTczMzpseWdpYS5jb25kZUBjZGljb20uY29tLmJyOmZiNmE0ZGFjODgzYjIxN2RhOGE1YjY5Yjc3MGNlZTk1ZDE=\" target=\"_blank\" data-saferedirecturl=\"https:\/\/www.google.com\/url?hl=pt-BR&amp;q=http:\/\/www.imcgrupo.com\/link.php?code%3DbDptYWlsdG8lM0FhdGVuZGltZW50byU0MGFwYWVzcC5vcmcuYnI6NDA4NTc5MTczMzpseWdpYS5jb25kZUBjZGljb20uY29tLmJyOmZiNmE0ZGFjODgzYjIxN2RhOGE1YjY5Yjc3MGNlZTk1ZDE%3D&amp;source=gmail&amp;ust=1518602183948000&amp;usg=AFQjCNGeu58AWJ0bVw_FDwjW6Bo1dJJxIQ\" rel=\"noopener\">atendimento@apaesp.org.br<\/a>.<\/td>\n<\/tr>\n<\/tbody>\n<\/table>\n","protected":false},"excerpt":{"rendered":"<p>O Instituto de Ensino e Pesquisa APAE DE S\u00c3O PAULO est\u00e1 com inscri\u00e7\u00f5es abertas at\u00e9 15 de mar\u00e7o para a turma 2018 da p\u00f3s-gradua\u00e7\u00e3o lato sensu &#8220;Defici\u00eancia Intelectual: aspectos neuropsiqui\u00e1tricos, pedag\u00f3gicos e inclusivos&#8221;. O objetivo \u00e9 capacitar profissionais das \u00e1reas da Sa\u00fade e da Educa\u00e7\u00e3o sobre novos paradigmas na Defici\u00eancia Intelectual com \u00eanfase na proposta de educa\u00e7\u00e3o inclusiva determinada pela UNESCO &#8211; Organiza\u00e7\u00e3o das Na\u00e7\u00f5es Unidas para a Educa\u00e7\u00e3o, a Ci\u00eancia e a Cultura. O curso ter\u00e1 in\u00edcio em 25 de mar\u00e7o, dura\u00e7\u00e3o de dois anos e conta com 60 vagas.<\/p>\n","protected":false},"author":1,"featured_media":0,"comment_status":"open","ping_status":"open","sticky":false,"template":"","format":"standard","meta":{"site-container-style":"default","site-container-layout":"default","site-sidebar-layout":"default","disable-article-header":"default","disable-site-header":"default","disable-site-footer":"default","disable-content-area-spacing":"default","footnotes":""},"categories":[12],"tags":[],"class_list":["post-30848","post","type-post","status-publish","format-standard","hentry","category-cursos-e-eventos"],"yoast_head":"<!-- This site is optimized with the Yoast SEO plugin v27.4 - https:\/\/yoast.com\/product\/yoast-seo-wordpress\/ -->\n<title>Instituto de Ensino e Pesquisa APAE DE S\u00c3O PAULO est\u00e1 com inscri\u00e7\u00f5es abertas para turma 2018 da p\u00f3s-gradua\u00e7\u00e3o em Defici\u00eancia Intelectual -<\/title>\n<meta name=\"robots\" content=\"index, follow, max-snippet:-1, max-image-preview:large, max-video-preview:-1\" \/>\n<link rel=\"canonical\" href=\"https:\/\/inclusivenews.com.br\/?p=30848\" \/>\n<meta property=\"og:locale\" content=\"pt_PT\" \/>\n<meta property=\"og:type\" content=\"article\" \/>\n<meta property=\"og:title\" content=\"Instituto de Ensino e Pesquisa APAE DE S\u00c3O PAULO est\u00e1 com inscri\u00e7\u00f5es abertas para turma 2018 da p\u00f3s-gradua\u00e7\u00e3o em Defici\u00eancia Intelectual -\" \/>\n<meta property=\"og:description\" content=\"O Instituto de Ensino e Pesquisa APAE DE S\u00c3O PAULO est\u00e1 com inscri\u00e7\u00f5es abertas at\u00e9 15 de mar\u00e7o para a turma 2018 da p\u00f3s-gradua\u00e7\u00e3o lato sensu &quot;Defici\u00eancia Intelectual: aspectos neuropsiqui\u00e1tricos, pedag\u00f3gicos e inclusivos&quot;. O objetivo \u00e9 capacitar profissionais das \u00e1reas da Sa\u00fade e da Educa\u00e7\u00e3o sobre novos paradigmas na Defici\u00eancia Intelectual com \u00eanfase na proposta de educa\u00e7\u00e3o inclusiva determinada pela UNESCO - Organiza\u00e7\u00e3o das Na\u00e7\u00f5es Unidas para a Educa\u00e7\u00e3o, a Ci\u00eancia e a Cultura. O curso ter\u00e1 in\u00edcio em 25 de mar\u00e7o, dura\u00e7\u00e3o de dois anos e conta com 60 vagas.\" \/>\n<meta property=\"og:url\" content=\"https:\/\/inclusivenews.com.br\/?p=30848\" \/>\n<meta property=\"article:publisher\" content=\"https:\/\/www.facebook.com\/agenciainclusive\/\" \/>\n<meta property=\"article:published_time\" content=\"2018-02-13T10:09:18+00:00\" \/>\n<meta property=\"og:image\" content=\"http:\/\/inclusivenews.com.br\/wp-content\/uploads\/apaesp.jpg\" \/>\n<meta name=\"author\" content=\"inclusivenews2024\" \/>\n<meta name=\"twitter:card\" content=\"summary_large_image\" \/>\n<meta name=\"twitter:label1\" content=\"Escrito por\" \/>\n\t<meta name=\"twitter:data1\" content=\"inclusivenews2024\" \/>\n\t<meta name=\"twitter:label2\" content=\"Tempo estimado de leitura\" \/>\n\t<meta name=\"twitter:data2\" content=\"2 minutos\" \/>\n<script type=\"application\/ld+json\" class=\"yoast-schema-graph\">{\"@context\":\"https:\\\/\\\/schema.org\",\"@graph\":[{\"@type\":\"Article\",\"@id\":\"https:\\\/\\\/inclusivenews.com.br\\\/?p=30848#article\",\"isPartOf\":{\"@id\":\"https:\\\/\\\/inclusivenews.com.br\\\/?p=30848\"},\"author\":{\"name\":\"inclusivenews2024\",\"@id\":\"https:\\\/\\\/inclusivenews.com.br\\\/#\\\/schema\\\/person\\\/ae4ec7087559b8692fb33b6fffd2273b\"},\"headline\":\"Instituto de Ensino e Pesquisa APAE DE S\u00c3O PAULO est\u00e1 com inscri\u00e7\u00f5es abertas para turma 2018 da p\u00f3s-gradua\u00e7\u00e3o em Defici\u00eancia Intelectual\",\"datePublished\":\"2018-02-13T10:09:18+00:00\",\"mainEntityOfPage\":{\"@id\":\"https:\\\/\\\/inclusivenews.com.br\\\/?p=30848\"},\"wordCount\":484,\"commentCount\":0,\"publisher\":{\"@id\":\"https:\\\/\\\/inclusivenews.com.br\\\/#organization\"},\"image\":{\"@id\":\"https:\\\/\\\/inclusivenews.com.br\\\/?p=30848#primaryimage\"},\"thumbnailUrl\":\"http:\\\/\\\/inclusivenews.com.br\\\/wp-content\\\/uploads\\\/apaesp.jpg\",\"articleSection\":[\"Cursos e eventos\"],\"inLanguage\":\"pt-PT\",\"potentialAction\":[{\"@type\":\"CommentAction\",\"name\":\"Comment\",\"target\":[\"https:\\\/\\\/inclusivenews.com.br\\\/?p=30848#respond\"]}]},{\"@type\":\"WebPage\",\"@id\":\"https:\\\/\\\/inclusivenews.com.br\\\/?p=30848\",\"url\":\"https:\\\/\\\/inclusivenews.com.br\\\/?p=30848\",\"name\":\"Instituto de Ensino e Pesquisa APAE DE S\u00c3O PAULO est\u00e1 com inscri\u00e7\u00f5es abertas para turma 2018 da p\u00f3s-gradua\u00e7\u00e3o em Defici\u00eancia Intelectual -\",\"isPartOf\":{\"@id\":\"https:\\\/\\\/inclusivenews.com.br\\\/#website\"},\"primaryImageOfPage\":{\"@id\":\"https:\\\/\\\/inclusivenews.com.br\\\/?p=30848#primaryimage\"},\"image\":{\"@id\":\"https:\\\/\\\/inclusivenews.com.br\\\/?p=30848#primaryimage\"},\"thumbnailUrl\":\"http:\\\/\\\/inclusivenews.com.br\\\/wp-content\\\/uploads\\\/apaesp.jpg\",\"datePublished\":\"2018-02-13T10:09:18+00:00\",\"breadcrumb\":{\"@id\":\"https:\\\/\\\/inclusivenews.com.br\\\/?p=30848#breadcrumb\"},\"inLanguage\":\"pt-PT\",\"potentialAction\":[{\"@type\":\"ReadAction\",\"target\":[\"https:\\\/\\\/inclusivenews.com.br\\\/?p=30848\"]}]},{\"@type\":\"ImageObject\",\"inLanguage\":\"pt-PT\",\"@id\":\"https:\\\/\\\/inclusivenews.com.br\\\/?p=30848#primaryimage\",\"url\":\"\",\"contentUrl\":\"\"},{\"@type\":\"BreadcrumbList\",\"@id\":\"https:\\\/\\\/inclusivenews.com.br\\\/?p=30848#breadcrumb\",\"itemListElement\":[{\"@type\":\"ListItem\",\"position\":1,\"name\":\"In\u00edcio\",\"item\":\"https:\\\/\\\/inclusivenews.com.br\\\/\"},{\"@type\":\"ListItem\",\"position\":2,\"name\":\"Instituto de Ensino e Pesquisa APAE DE S\u00c3O PAULO est\u00e1 com inscri\u00e7\u00f5es abertas para turma 2018 da p\u00f3s-gradua\u00e7\u00e3o em Defici\u00eancia Intelectual\"}]},{\"@type\":\"WebSite\",\"@id\":\"https:\\\/\\\/inclusivenews.com.br\\\/#website\",\"url\":\"https:\\\/\\\/inclusivenews.com.br\\\/\",\"name\":\"Inclusive News\",\"description\":\"Inclusive News\",\"publisher\":{\"@id\":\"https:\\\/\\\/inclusivenews.com.br\\\/#organization\"},\"potentialAction\":[{\"@type\":\"SearchAction\",\"target\":{\"@type\":\"EntryPoint\",\"urlTemplate\":\"https:\\\/\\\/inclusivenews.com.br\\\/?s={search_term_string}\"},\"query-input\":{\"@type\":\"PropertyValueSpecification\",\"valueRequired\":true,\"valueName\":\"search_term_string\"}}],\"inLanguage\":\"pt-PT\"},{\"@type\":\"Organization\",\"@id\":\"https:\\\/\\\/inclusivenews.com.br\\\/#organization\",\"name\":\"Inclusive - inclus\u00e3o e cidadania\",\"url\":\"https:\\\/\\\/inclusivenews.com.br\\\/\",\"logo\":{\"@type\":\"ImageObject\",\"inLanguage\":\"pt-PT\",\"@id\":\"https:\\\/\\\/inclusivenews.com.br\\\/#\\\/schema\\\/logo\\\/image\\\/\",\"url\":\"https:\\\/\\\/inclusivenews.com.br\\\/wp-content\\\/uploads\\\/2024\\\/03\\\/@grandesite.png\",\"contentUrl\":\"https:\\\/\\\/inclusivenews.com.br\\\/wp-content\\\/uploads\\\/2024\\\/03\\\/@grandesite.png\",\"width\":1080,\"height\":1080,\"caption\":\"Inclusive - inclus\u00e3o e cidadania\"},\"image\":{\"@id\":\"https:\\\/\\\/inclusivenews.com.br\\\/#\\\/schema\\\/logo\\\/image\\\/\"},\"sameAs\":[\"https:\\\/\\\/www.facebook.com\\\/agenciainclusive\\\/\",\"https:\\\/\\\/www.instagram.com\\\/newsinclusive\\\/\"]},{\"@type\":\"Person\",\"@id\":\"https:\\\/\\\/inclusivenews.com.br\\\/#\\\/schema\\\/person\\\/ae4ec7087559b8692fb33b6fffd2273b\",\"name\":\"inclusivenews2024\",\"image\":{\"@type\":\"ImageObject\",\"inLanguage\":\"pt-PT\",\"@id\":\"https:\\\/\\\/secure.gravatar.com\\\/avatar\\\/c5a7ef84c66fa914f55bc4f7ce26cfa275a3b9a1c5568b907bd184fb4dde7b40?s=96&d=mm&r=g\",\"url\":\"https:\\\/\\\/secure.gravatar.com\\\/avatar\\\/c5a7ef84c66fa914f55bc4f7ce26cfa275a3b9a1c5568b907bd184fb4dde7b40?s=96&d=mm&r=g\",\"contentUrl\":\"https:\\\/\\\/secure.gravatar.com\\\/avatar\\\/c5a7ef84c66fa914f55bc4f7ce26cfa275a3b9a1c5568b907bd184fb4dde7b40?s=96&d=mm&r=g\",\"caption\":\"inclusivenews2024\"},\"sameAs\":[\"https:\\\/\\\/inclusivenews.com.br\"],\"url\":\"https:\\\/\\\/inclusivenews.com.br\\\/?author=1\"}]}<\/script>\n<!-- \/ Yoast SEO plugin. -->","yoast_head_json":{"title":"Instituto de Ensino e Pesquisa APAE DE S\u00c3O PAULO est\u00e1 com inscri\u00e7\u00f5es abertas para turma 2018 da p\u00f3s-gradua\u00e7\u00e3o em Defici\u00eancia Intelectual -","robots":{"index":"index","follow":"follow","max-snippet":"max-snippet:-1","max-image-preview":"max-image-preview:large","max-video-preview":"max-video-preview:-1"},"canonical":"https:\/\/inclusivenews.com.br\/?p=30848","og_locale":"pt_PT","og_type":"article","og_title":"Instituto de Ensino e Pesquisa APAE DE S\u00c3O PAULO est\u00e1 com inscri\u00e7\u00f5es abertas para turma 2018 da p\u00f3s-gradua\u00e7\u00e3o em Defici\u00eancia Intelectual -","og_description":"O Instituto de Ensino e Pesquisa APAE DE S\u00c3O PAULO est\u00e1 com inscri\u00e7\u00f5es abertas at\u00e9 15 de mar\u00e7o para a turma 2018 da p\u00f3s-gradua\u00e7\u00e3o lato sensu \"Defici\u00eancia Intelectual: aspectos neuropsiqui\u00e1tricos, pedag\u00f3gicos e inclusivos\". O objetivo \u00e9 capacitar profissionais das \u00e1reas da Sa\u00fade e da Educa\u00e7\u00e3o sobre novos paradigmas na Defici\u00eancia Intelectual com \u00eanfase na proposta de educa\u00e7\u00e3o inclusiva determinada pela UNESCO - Organiza\u00e7\u00e3o das Na\u00e7\u00f5es Unidas para a Educa\u00e7\u00e3o, a Ci\u00eancia e a Cultura. O curso ter\u00e1 in\u00edcio em 25 de mar\u00e7o, dura\u00e7\u00e3o de dois anos e conta com 60 vagas.","og_url":"https:\/\/inclusivenews.com.br\/?p=30848","article_publisher":"https:\/\/www.facebook.com\/agenciainclusive\/","article_published_time":"2018-02-13T10:09:18+00:00","og_image":[{"url":"http:\/\/inclusivenews.com.br\/wp-content\/uploads\/apaesp.jpg","type":"","width":"","height":""}],"author":"inclusivenews2024","twitter_card":"summary_large_image","twitter_misc":{"Escrito por":"inclusivenews2024","Tempo estimado de leitura":"2 minutos"},"schema":{"@context":"https:\/\/schema.org","@graph":[{"@type":"Article","@id":"https:\/\/inclusivenews.com.br\/?p=30848#article","isPartOf":{"@id":"https:\/\/inclusivenews.com.br\/?p=30848"},"author":{"name":"inclusivenews2024","@id":"https:\/\/inclusivenews.com.br\/#\/schema\/person\/ae4ec7087559b8692fb33b6fffd2273b"},"headline":"Instituto de Ensino e Pesquisa APAE DE S\u00c3O PAULO est\u00e1 com inscri\u00e7\u00f5es abertas para turma 2018 da p\u00f3s-gradua\u00e7\u00e3o em Defici\u00eancia Intelectual","datePublished":"2018-02-13T10:09:18+00:00","mainEntityOfPage":{"@id":"https:\/\/inclusivenews.com.br\/?p=30848"},"wordCount":484,"commentCount":0,"publisher":{"@id":"https:\/\/inclusivenews.com.br\/#organization"},"image":{"@id":"https:\/\/inclusivenews.com.br\/?p=30848#primaryimage"},"thumbnailUrl":"http:\/\/inclusivenews.com.br\/wp-content\/uploads\/apaesp.jpg","articleSection":["Cursos e eventos"],"inLanguage":"pt-PT","potentialAction":[{"@type":"CommentAction","name":"Comment","target":["https:\/\/inclusivenews.com.br\/?p=30848#respond"]}]},{"@type":"WebPage","@id":"https:\/\/inclusivenews.com.br\/?p=30848","url":"https:\/\/inclusivenews.com.br\/?p=30848","name":"Instituto de Ensino e Pesquisa APAE DE S\u00c3O PAULO est\u00e1 com inscri\u00e7\u00f5es abertas para turma 2018 da p\u00f3s-gradua\u00e7\u00e3o em Defici\u00eancia Intelectual -","isPartOf":{"@id":"https:\/\/inclusivenews.com.br\/#website"},"primaryImageOfPage":{"@id":"https:\/\/inclusivenews.com.br\/?p=30848#primaryimage"},"image":{"@id":"https:\/\/inclusivenews.com.br\/?p=30848#primaryimage"},"thumbnailUrl":"http:\/\/inclusivenews.com.br\/wp-content\/uploads\/apaesp.jpg","datePublished":"2018-02-13T10:09:18+00:00","breadcrumb":{"@id":"https:\/\/inclusivenews.com.br\/?p=30848#breadcrumb"},"inLanguage":"pt-PT","potentialAction":[{"@type":"ReadAction","target":["https:\/\/inclusivenews.com.br\/?p=30848"]}]},{"@type":"ImageObject","inLanguage":"pt-PT","@id":"https:\/\/inclusivenews.com.br\/?p=30848#primaryimage","url":"","contentUrl":""},{"@type":"BreadcrumbList","@id":"https:\/\/inclusivenews.com.br\/?p=30848#breadcrumb","itemListElement":[{"@type":"ListItem","position":1,"name":"In\u00edcio","item":"https:\/\/inclusivenews.com.br\/"},{"@type":"ListItem","position":2,"name":"Instituto de Ensino e Pesquisa APAE DE S\u00c3O PAULO est\u00e1 com inscri\u00e7\u00f5es abertas para turma 2018 da p\u00f3s-gradua\u00e7\u00e3o em Defici\u00eancia Intelectual"}]},{"@type":"WebSite","@id":"https:\/\/inclusivenews.com.br\/#website","url":"https:\/\/inclusivenews.com.br\/","name":"Inclusive News","description":"Inclusive News","publisher":{"@id":"https:\/\/inclusivenews.com.br\/#organization"},"potentialAction":[{"@type":"SearchAction","target":{"@type":"EntryPoint","urlTemplate":"https:\/\/inclusivenews.com.br\/?s={search_term_string}"},"query-input":{"@type":"PropertyValueSpecification","valueRequired":true,"valueName":"search_term_string"}}],"inLanguage":"pt-PT"},{"@type":"Organization","@id":"https:\/\/inclusivenews.com.br\/#organization","name":"Inclusive - inclus\u00e3o e cidadania","url":"https:\/\/inclusivenews.com.br\/","logo":{"@type":"ImageObject","inLanguage":"pt-PT","@id":"https:\/\/inclusivenews.com.br\/#\/schema\/logo\/image\/","url":"https:\/\/inclusivenews.com.br\/wp-content\/uploads\/2024\/03\/@grandesite.png","contentUrl":"https:\/\/inclusivenews.com.br\/wp-content\/uploads\/2024\/03\/@grandesite.png","width":1080,"height":1080,"caption":"Inclusive - inclus\u00e3o e cidadania"},"image":{"@id":"https:\/\/inclusivenews.com.br\/#\/schema\/logo\/image\/"},"sameAs":["https:\/\/www.facebook.com\/agenciainclusive\/","https:\/\/www.instagram.com\/newsinclusive\/"]},{"@type":"Person","@id":"https:\/\/inclusivenews.com.br\/#\/schema\/person\/ae4ec7087559b8692fb33b6fffd2273b","name":"inclusivenews2024","image":{"@type":"ImageObject","inLanguage":"pt-PT","@id":"https:\/\/secure.gravatar.com\/avatar\/c5a7ef84c66fa914f55bc4f7ce26cfa275a3b9a1c5568b907bd184fb4dde7b40?s=96&d=mm&r=g","url":"https:\/\/secure.gravatar.com\/avatar\/c5a7ef84c66fa914f55bc4f7ce26cfa275a3b9a1c5568b907bd184fb4dde7b40?s=96&d=mm&r=g","contentUrl":"https:\/\/secure.gravatar.com\/avatar\/c5a7ef84c66fa914f55bc4f7ce26cfa275a3b9a1c5568b907bd184fb4dde7b40?s=96&d=mm&r=g","caption":"inclusivenews2024"},"sameAs":["https:\/\/inclusivenews.com.br"],"url":"https:\/\/inclusivenews.com.br\/?author=1"}]}},"_links":{"self":[{"href":"https:\/\/inclusivenews.com.br\/index.php?rest_route=\/wp\/v2\/posts\/30848","targetHints":{"allow":["GET"]}}],"collection":[{"href":"https:\/\/inclusivenews.com.br\/index.php?rest_route=\/wp\/v2\/posts"}],"about":[{"href":"https:\/\/inclusivenews.com.br\/index.php?rest_route=\/wp\/v2\/types\/post"}],"author":[{"embeddable":true,"href":"https:\/\/inclusivenews.com.br\/index.php?rest_route=\/wp\/v2\/users\/1"}],"replies":[{"embeddable":true,"href":"https:\/\/inclusivenews.com.br\/index.php?rest_route=%2Fwp%2Fv2%2Fcomments&post=30848"}],"version-history":[{"count":0,"href":"https:\/\/inclusivenews.com.br\/index.php?rest_route=\/wp\/v2\/posts\/30848\/revisions"}],"wp:attachment":[{"href":"https:\/\/inclusivenews.com.br\/index.php?rest_route=%2Fwp%2Fv2%2Fmedia&parent=30848"}],"wp:term":[{"taxonomy":"category","embeddable":true,"href":"https:\/\/inclusivenews.com.br\/index.php?rest_route=%2Fwp%2Fv2%2Fcategories&post=30848"},{"taxonomy":"post_tag","embeddable":true,"href":"https:\/\/inclusivenews.com.br\/index.php?rest_route=%2Fwp%2Fv2%2Ftags&post=30848"}],"curies":[{"name":"wp","href":"https:\/\/api.w.org\/{rel}","templated":true}]}}