{"id":30871,"date":"2018-03-02T08:13:23","date_gmt":"2018-03-02T11:13:23","guid":{"rendered":"http:\/\/www.inclusive.org.br\/?p=30871"},"modified":"2018-03-02T08:13:23","modified_gmt":"2018-03-02T11:13:23","slug":"educacao-inclusiva-demanda-formacao-profissional-e-investimentos","status":"publish","type":"post","link":"https:\/\/inclusivenews.com.br\/?p=30871","title":{"rendered":"Educa\u00e7\u00e3o inclusiva demanda forma\u00e7\u00e3o profissional e investimentos"},"content":{"rendered":"<p>Por Ana Rute Ramires<br \/>\nem <a href=\"https:\/\/www.opovo.com.br\/jornal\/cidades\/2018\/02\/educacao-inclusiva-demanda-formacao-profissional-e-investimentos.html\"><em>O Povo<\/em><\/a><\/p>\n<p>Apesar de ser institu\u00edda como uma pol\u00edtica nacional, a educa\u00e7\u00e3o inclusiva precisa de incentivos financeiros, metodol\u00f3gicos e curriculares para ser inserida de forma efetiva nas escolas do Brasil. De acordo com os especialistas da \u00e1rea, \u00e9 preciso uma maior valoriza\u00e7\u00e3o da diferen\u00e7a como elemento central e deixar de lado a compartimenta\u00e7\u00e3o dos conhecimentos pedag\u00f3gicos para que os avan\u00e7os sejam conquistados. A aus\u00eancia de incentivos financeiros tamb\u00e9m se apresenta como um entrave para a institui\u00e7\u00e3o de uma educa\u00e7\u00e3o efetivamente inclusiva.<\/p>\n<p><img loading=\"lazy\" decoding=\"async\" class=\"alignleft\" src=\"https:\/\/www.opovo.com.br\/jornalimages\/app\/noticia_147507931171\/2018\/02\/02\/65371\/6.jpg\" alt=\" Jean-Robert Poulin\" width=\"500\" height=\"333\" \/><\/p>\n<p>O assunto foi tema do Col\u00f3quio Internacional Sesc-UFC sobre Inclus\u00e3o Social e Diversidade na Educa\u00e7\u00e3o, realizado ontem e hoje na Col\u00f4nia Ecol\u00f3gica Sesc Iparana, em Caucaia (Regi\u00e3o Metropolitana de Fortaleza). O encontro \u00e9 promovido pelo Servi\u00e7o Social do Com\u00e9rcio (Sesc-CE) em parceria com o Observat\u00f3rio de Pol\u00edticas P\u00fablicas (OPP) da Universidade Federal do Cear\u00e1 e Universidade Paris Descartes \u2013Sorbonne, e re\u00fane os principais pesquisadores da tem\u00e1tica na \u00e1rea da educa\u00e7\u00e3o de diversos pa\u00edses.<\/p>\n<p>Segundo Jean-Robert Poulin, pesquisador de defici\u00eancia intelectual e inclus\u00e3o\u00a0 escolar da Universidade de Montreal (Canad\u00e1), \u00e9 preciso parar de categorizar os alunos. \u201cDeixar de fazer uma forma\u00e7\u00e3o de professores que se apoie sobre a dimens\u00e3o normativa, na qual na sala de aula h\u00e1 o aluno ruim, o bom, o gentil, o n\u00e3o gentil. Trabalhamos categorias que s\u00e3o fonte de exclus\u00e3o social\u201d, explica. Ele ressalta ainda a import\u00e2ncia do trabalho cooperativo entre os professores e de est\u00e1gios na \u00e1rea.<\/p>\n<p>Fernando Pires, professor de economia da UFC e coordenador do OPP, aborda a quest\u00e3o econ\u00f4mica. E defende investimentos relevantes na forma\u00e7\u00e3o dos educadores.<\/p>\n<p>\u201cOs grandes especialistas da \u00e1rea da educa\u00e7\u00e3o mostram que a forma\u00e7\u00e3o do professor \u00e9 fundamental. E isso passa tamb\u00e9m por dar condi\u00e7\u00f5es de trabalho a esse professor, qualidade de vida. Outros pa\u00edses d\u00e3o muita import\u00e2ncia a isso. O apoio em termos log\u00edsticos e de estrutura. A escola integral \u00e9 algo muito interessante nesse sentido\u201d, afirma.<\/p>\n<p>\u201cA quest\u00e3o econ\u00f4mica \u00e9 norteadora. A inclus\u00e3o come\u00e7a pela condi\u00e7\u00e3o financeira\u201d, acrescenta, criticando o congelamento de gastos para a educa\u00e7\u00e3o do Governo Federal.<\/p>\n","protected":false},"excerpt":{"rendered":"<p>Segundo Jean-Robert Poulin, pesquisador de defici\u00eancia intelectual e inclus\u00e3o  escolar da Universidade de Montreal (Canad\u00e1), \u00e9 preciso parar de categorizar os alunos. \u201cDeixar de fazer uma forma\u00e7\u00e3o de professores que se apoie sobre a dimens\u00e3o normativa, na qual na sala de aula h\u00e1 o aluno ruim, o bom, o gentil, o n\u00e3o gentil. Trabalhamos categorias que s\u00e3o fonte de exclus\u00e3o social\u201d, explica.<\/p>\n","protected":false},"author":1,"featured_media":0,"comment_status":"open","ping_status":"open","sticky":false,"template":"","format":"standard","meta":{"site-container-style":"default","site-container-layout":"default","site-sidebar-layout":"default","disable-article-header":"default","disable-site-header":"default","disable-site-footer":"default","disable-content-area-spacing":"default","footnotes":""},"categories":[38,6,48],"tags":[126],"class_list":["post-30871","post","type-post","status-publish","format-standard","hentry","category-deficiencia","category-educacao","category-inclusao","tag-educacao-inclusiva"],"yoast_head":"<!-- This site is optimized with the Yoast SEO plugin v27.4 - https:\/\/yoast.com\/product\/yoast-seo-wordpress\/ -->\n<title>Educa\u00e7\u00e3o inclusiva demanda forma\u00e7\u00e3o profissional e investimentos -<\/title>\n<meta name=\"robots\" content=\"index, follow, max-snippet:-1, max-image-preview:large, max-video-preview:-1\" \/>\n<link rel=\"canonical\" href=\"https:\/\/inclusivenews.com.br\/?p=30871\" \/>\n<meta property=\"og:locale\" content=\"pt_PT\" \/>\n<meta property=\"og:type\" content=\"article\" \/>\n<meta property=\"og:title\" content=\"Educa\u00e7\u00e3o inclusiva demanda forma\u00e7\u00e3o profissional e investimentos -\" \/>\n<meta property=\"og:description\" content=\"Segundo Jean-Robert Poulin, pesquisador de defici\u00eancia intelectual e inclus\u00e3o escolar da Universidade de Montreal (Canad\u00e1), \u00e9 preciso parar de categorizar os alunos. \u201cDeixar de fazer uma forma\u00e7\u00e3o de professores que se apoie sobre a dimens\u00e3o normativa, na qual na sala de aula h\u00e1 o aluno ruim, o bom, o gentil, o n\u00e3o gentil. Trabalhamos categorias que s\u00e3o fonte de exclus\u00e3o social\u201d, explica.\" \/>\n<meta property=\"og:url\" content=\"https:\/\/inclusivenews.com.br\/?p=30871\" \/>\n<meta property=\"article:publisher\" content=\"https:\/\/www.facebook.com\/agenciainclusive\/\" \/>\n<meta property=\"article:published_time\" content=\"2018-03-02T11:13:23+00:00\" \/>\n<meta property=\"og:image\" content=\"https:\/\/www.opovo.com.br\/jornalimages\/app\/noticia_147507931171\/2018\/02\/02\/65371\/6.jpg\" \/>\n<meta name=\"author\" content=\"inclusivenews2024\" \/>\n<meta name=\"twitter:card\" content=\"summary_large_image\" \/>\n<meta name=\"twitter:label1\" content=\"Escrito por\" \/>\n\t<meta name=\"twitter:data1\" content=\"inclusivenews2024\" \/>\n\t<meta name=\"twitter:label2\" content=\"Tempo estimado de leitura\" \/>\n\t<meta name=\"twitter:data2\" content=\"2 minutos\" \/>\n<script type=\"application\/ld+json\" class=\"yoast-schema-graph\">{\"@context\":\"https:\\\/\\\/schema.org\",\"@graph\":[{\"@type\":\"Article\",\"@id\":\"https:\\\/\\\/inclusivenews.com.br\\\/?p=30871#article\",\"isPartOf\":{\"@id\":\"https:\\\/\\\/inclusivenews.com.br\\\/?p=30871\"},\"author\":{\"name\":\"inclusivenews2024\",\"@id\":\"https:\\\/\\\/inclusivenews.com.br\\\/#\\\/schema\\\/person\\\/ae4ec7087559b8692fb33b6fffd2273b\"},\"headline\":\"Educa\u00e7\u00e3o inclusiva demanda forma\u00e7\u00e3o profissional e investimentos\",\"datePublished\":\"2018-03-02T11:13:23+00:00\",\"mainEntityOfPage\":{\"@id\":\"https:\\\/\\\/inclusivenews.com.br\\\/?p=30871\"},\"wordCount\":395,\"commentCount\":0,\"publisher\":{\"@id\":\"https:\\\/\\\/inclusivenews.com.br\\\/#organization\"},\"image\":{\"@id\":\"https:\\\/\\\/inclusivenews.com.br\\\/?p=30871#primaryimage\"},\"thumbnailUrl\":\"https:\\\/\\\/www.opovo.com.br\\\/jornalimages\\\/app\\\/noticia_147507931171\\\/2018\\\/02\\\/02\\\/65371\\\/6.jpg\",\"keywords\":[\"Educa\u00e7\u00e3o inclusiva\"],\"articleSection\":[\"Defici\u00eancia\",\"EDUCA\u00c7\u00c3O\",\"INCLUS\u00c3O SOCIAL\"],\"inLanguage\":\"pt-PT\",\"potentialAction\":[{\"@type\":\"CommentAction\",\"name\":\"Comment\",\"target\":[\"https:\\\/\\\/inclusivenews.com.br\\\/?p=30871#respond\"]}]},{\"@type\":\"WebPage\",\"@id\":\"https:\\\/\\\/inclusivenews.com.br\\\/?p=30871\",\"url\":\"https:\\\/\\\/inclusivenews.com.br\\\/?p=30871\",\"name\":\"Educa\u00e7\u00e3o inclusiva demanda forma\u00e7\u00e3o profissional e investimentos -\",\"isPartOf\":{\"@id\":\"https:\\\/\\\/inclusivenews.com.br\\\/#website\"},\"primaryImageOfPage\":{\"@id\":\"https:\\\/\\\/inclusivenews.com.br\\\/?p=30871#primaryimage\"},\"image\":{\"@id\":\"https:\\\/\\\/inclusivenews.com.br\\\/?p=30871#primaryimage\"},\"thumbnailUrl\":\"https:\\\/\\\/www.opovo.com.br\\\/jornalimages\\\/app\\\/noticia_147507931171\\\/2018\\\/02\\\/02\\\/65371\\\/6.jpg\",\"datePublished\":\"2018-03-02T11:13:23+00:00\",\"breadcrumb\":{\"@id\":\"https:\\\/\\\/inclusivenews.com.br\\\/?p=30871#breadcrumb\"},\"inLanguage\":\"pt-PT\",\"potentialAction\":[{\"@type\":\"ReadAction\",\"target\":[\"https:\\\/\\\/inclusivenews.com.br\\\/?p=30871\"]}]},{\"@type\":\"ImageObject\",\"inLanguage\":\"pt-PT\",\"@id\":\"https:\\\/\\\/inclusivenews.com.br\\\/?p=30871#primaryimage\",\"url\":\"https:\\\/\\\/www.opovo.com.br\\\/jornalimages\\\/app\\\/noticia_147507931171\\\/2018\\\/02\\\/02\\\/65371\\\/6.jpg\",\"contentUrl\":\"https:\\\/\\\/www.opovo.com.br\\\/jornalimages\\\/app\\\/noticia_147507931171\\\/2018\\\/02\\\/02\\\/65371\\\/6.jpg\"},{\"@type\":\"BreadcrumbList\",\"@id\":\"https:\\\/\\\/inclusivenews.com.br\\\/?p=30871#breadcrumb\",\"itemListElement\":[{\"@type\":\"ListItem\",\"position\":1,\"name\":\"In\u00edcio\",\"item\":\"https:\\\/\\\/inclusivenews.com.br\\\/\"},{\"@type\":\"ListItem\",\"position\":2,\"name\":\"Educa\u00e7\u00e3o inclusiva demanda forma\u00e7\u00e3o profissional e investimentos\"}]},{\"@type\":\"WebSite\",\"@id\":\"https:\\\/\\\/inclusivenews.com.br\\\/#website\",\"url\":\"https:\\\/\\\/inclusivenews.com.br\\\/\",\"name\":\"Inclusive News\",\"description\":\"Inclusive News\",\"publisher\":{\"@id\":\"https:\\\/\\\/inclusivenews.com.br\\\/#organization\"},\"potentialAction\":[{\"@type\":\"SearchAction\",\"target\":{\"@type\":\"EntryPoint\",\"urlTemplate\":\"https:\\\/\\\/inclusivenews.com.br\\\/?s={search_term_string}\"},\"query-input\":{\"@type\":\"PropertyValueSpecification\",\"valueRequired\":true,\"valueName\":\"search_term_string\"}}],\"inLanguage\":\"pt-PT\"},{\"@type\":\"Organization\",\"@id\":\"https:\\\/\\\/inclusivenews.com.br\\\/#organization\",\"name\":\"Inclusive - inclus\u00e3o e cidadania\",\"url\":\"https:\\\/\\\/inclusivenews.com.br\\\/\",\"logo\":{\"@type\":\"ImageObject\",\"inLanguage\":\"pt-PT\",\"@id\":\"https:\\\/\\\/inclusivenews.com.br\\\/#\\\/schema\\\/logo\\\/image\\\/\",\"url\":\"https:\\\/\\\/inclusivenews.com.br\\\/wp-content\\\/uploads\\\/2024\\\/03\\\/@grandesite.png\",\"contentUrl\":\"https:\\\/\\\/inclusivenews.com.br\\\/wp-content\\\/uploads\\\/2024\\\/03\\\/@grandesite.png\",\"width\":1080,\"height\":1080,\"caption\":\"Inclusive - inclus\u00e3o e cidadania\"},\"image\":{\"@id\":\"https:\\\/\\\/inclusivenews.com.br\\\/#\\\/schema\\\/logo\\\/image\\\/\"},\"sameAs\":[\"https:\\\/\\\/www.facebook.com\\\/agenciainclusive\\\/\",\"https:\\\/\\\/www.instagram.com\\\/newsinclusive\\\/\"]},{\"@type\":\"Person\",\"@id\":\"https:\\\/\\\/inclusivenews.com.br\\\/#\\\/schema\\\/person\\\/ae4ec7087559b8692fb33b6fffd2273b\",\"name\":\"inclusivenews2024\",\"image\":{\"@type\":\"ImageObject\",\"inLanguage\":\"pt-PT\",\"@id\":\"https:\\\/\\\/secure.gravatar.com\\\/avatar\\\/c5a7ef84c66fa914f55bc4f7ce26cfa275a3b9a1c5568b907bd184fb4dde7b40?s=96&d=mm&r=g\",\"url\":\"https:\\\/\\\/secure.gravatar.com\\\/avatar\\\/c5a7ef84c66fa914f55bc4f7ce26cfa275a3b9a1c5568b907bd184fb4dde7b40?s=96&d=mm&r=g\",\"contentUrl\":\"https:\\\/\\\/secure.gravatar.com\\\/avatar\\\/c5a7ef84c66fa914f55bc4f7ce26cfa275a3b9a1c5568b907bd184fb4dde7b40?s=96&d=mm&r=g\",\"caption\":\"inclusivenews2024\"},\"sameAs\":[\"https:\\\/\\\/inclusivenews.com.br\"],\"url\":\"https:\\\/\\\/inclusivenews.com.br\\\/?author=1\"}]}<\/script>\n<!-- \/ Yoast SEO plugin. -->","yoast_head_json":{"title":"Educa\u00e7\u00e3o inclusiva demanda forma\u00e7\u00e3o profissional e investimentos -","robots":{"index":"index","follow":"follow","max-snippet":"max-snippet:-1","max-image-preview":"max-image-preview:large","max-video-preview":"max-video-preview:-1"},"canonical":"https:\/\/inclusivenews.com.br\/?p=30871","og_locale":"pt_PT","og_type":"article","og_title":"Educa\u00e7\u00e3o inclusiva demanda forma\u00e7\u00e3o profissional e investimentos -","og_description":"Segundo Jean-Robert Poulin, pesquisador de defici\u00eancia intelectual e inclus\u00e3o escolar da Universidade de Montreal (Canad\u00e1), \u00e9 preciso parar de categorizar os alunos. \u201cDeixar de fazer uma forma\u00e7\u00e3o de professores que se apoie sobre a dimens\u00e3o normativa, na qual na sala de aula h\u00e1 o aluno ruim, o bom, o gentil, o n\u00e3o gentil. Trabalhamos categorias que s\u00e3o fonte de exclus\u00e3o social\u201d, explica.","og_url":"https:\/\/inclusivenews.com.br\/?p=30871","article_publisher":"https:\/\/www.facebook.com\/agenciainclusive\/","article_published_time":"2018-03-02T11:13:23+00:00","og_image":[{"url":"https:\/\/www.opovo.com.br\/jornalimages\/app\/noticia_147507931171\/2018\/02\/02\/65371\/6.jpg","type":"","width":"","height":""}],"author":"inclusivenews2024","twitter_card":"summary_large_image","twitter_misc":{"Escrito por":"inclusivenews2024","Tempo estimado de leitura":"2 minutos"},"schema":{"@context":"https:\/\/schema.org","@graph":[{"@type":"Article","@id":"https:\/\/inclusivenews.com.br\/?p=30871#article","isPartOf":{"@id":"https:\/\/inclusivenews.com.br\/?p=30871"},"author":{"name":"inclusivenews2024","@id":"https:\/\/inclusivenews.com.br\/#\/schema\/person\/ae4ec7087559b8692fb33b6fffd2273b"},"headline":"Educa\u00e7\u00e3o inclusiva demanda forma\u00e7\u00e3o profissional e investimentos","datePublished":"2018-03-02T11:13:23+00:00","mainEntityOfPage":{"@id":"https:\/\/inclusivenews.com.br\/?p=30871"},"wordCount":395,"commentCount":0,"publisher":{"@id":"https:\/\/inclusivenews.com.br\/#organization"},"image":{"@id":"https:\/\/inclusivenews.com.br\/?p=30871#primaryimage"},"thumbnailUrl":"https:\/\/www.opovo.com.br\/jornalimages\/app\/noticia_147507931171\/2018\/02\/02\/65371\/6.jpg","keywords":["Educa\u00e7\u00e3o inclusiva"],"articleSection":["Defici\u00eancia","EDUCA\u00c7\u00c3O","INCLUS\u00c3O SOCIAL"],"inLanguage":"pt-PT","potentialAction":[{"@type":"CommentAction","name":"Comment","target":["https:\/\/inclusivenews.com.br\/?p=30871#respond"]}]},{"@type":"WebPage","@id":"https:\/\/inclusivenews.com.br\/?p=30871","url":"https:\/\/inclusivenews.com.br\/?p=30871","name":"Educa\u00e7\u00e3o inclusiva demanda forma\u00e7\u00e3o profissional e investimentos -","isPartOf":{"@id":"https:\/\/inclusivenews.com.br\/#website"},"primaryImageOfPage":{"@id":"https:\/\/inclusivenews.com.br\/?p=30871#primaryimage"},"image":{"@id":"https:\/\/inclusivenews.com.br\/?p=30871#primaryimage"},"thumbnailUrl":"https:\/\/www.opovo.com.br\/jornalimages\/app\/noticia_147507931171\/2018\/02\/02\/65371\/6.jpg","datePublished":"2018-03-02T11:13:23+00:00","breadcrumb":{"@id":"https:\/\/inclusivenews.com.br\/?p=30871#breadcrumb"},"inLanguage":"pt-PT","potentialAction":[{"@type":"ReadAction","target":["https:\/\/inclusivenews.com.br\/?p=30871"]}]},{"@type":"ImageObject","inLanguage":"pt-PT","@id":"https:\/\/inclusivenews.com.br\/?p=30871#primaryimage","url":"https:\/\/www.opovo.com.br\/jornalimages\/app\/noticia_147507931171\/2018\/02\/02\/65371\/6.jpg","contentUrl":"https:\/\/www.opovo.com.br\/jornalimages\/app\/noticia_147507931171\/2018\/02\/02\/65371\/6.jpg"},{"@type":"BreadcrumbList","@id":"https:\/\/inclusivenews.com.br\/?p=30871#breadcrumb","itemListElement":[{"@type":"ListItem","position":1,"name":"In\u00edcio","item":"https:\/\/inclusivenews.com.br\/"},{"@type":"ListItem","position":2,"name":"Educa\u00e7\u00e3o inclusiva demanda forma\u00e7\u00e3o profissional e investimentos"}]},{"@type":"WebSite","@id":"https:\/\/inclusivenews.com.br\/#website","url":"https:\/\/inclusivenews.com.br\/","name":"Inclusive News","description":"Inclusive News","publisher":{"@id":"https:\/\/inclusivenews.com.br\/#organization"},"potentialAction":[{"@type":"SearchAction","target":{"@type":"EntryPoint","urlTemplate":"https:\/\/inclusivenews.com.br\/?s={search_term_string}"},"query-input":{"@type":"PropertyValueSpecification","valueRequired":true,"valueName":"search_term_string"}}],"inLanguage":"pt-PT"},{"@type":"Organization","@id":"https:\/\/inclusivenews.com.br\/#organization","name":"Inclusive - inclus\u00e3o e cidadania","url":"https:\/\/inclusivenews.com.br\/","logo":{"@type":"ImageObject","inLanguage":"pt-PT","@id":"https:\/\/inclusivenews.com.br\/#\/schema\/logo\/image\/","url":"https:\/\/inclusivenews.com.br\/wp-content\/uploads\/2024\/03\/@grandesite.png","contentUrl":"https:\/\/inclusivenews.com.br\/wp-content\/uploads\/2024\/03\/@grandesite.png","width":1080,"height":1080,"caption":"Inclusive - inclus\u00e3o e cidadania"},"image":{"@id":"https:\/\/inclusivenews.com.br\/#\/schema\/logo\/image\/"},"sameAs":["https:\/\/www.facebook.com\/agenciainclusive\/","https:\/\/www.instagram.com\/newsinclusive\/"]},{"@type":"Person","@id":"https:\/\/inclusivenews.com.br\/#\/schema\/person\/ae4ec7087559b8692fb33b6fffd2273b","name":"inclusivenews2024","image":{"@type":"ImageObject","inLanguage":"pt-PT","@id":"https:\/\/secure.gravatar.com\/avatar\/c5a7ef84c66fa914f55bc4f7ce26cfa275a3b9a1c5568b907bd184fb4dde7b40?s=96&d=mm&r=g","url":"https:\/\/secure.gravatar.com\/avatar\/c5a7ef84c66fa914f55bc4f7ce26cfa275a3b9a1c5568b907bd184fb4dde7b40?s=96&d=mm&r=g","contentUrl":"https:\/\/secure.gravatar.com\/avatar\/c5a7ef84c66fa914f55bc4f7ce26cfa275a3b9a1c5568b907bd184fb4dde7b40?s=96&d=mm&r=g","caption":"inclusivenews2024"},"sameAs":["https:\/\/inclusivenews.com.br"],"url":"https:\/\/inclusivenews.com.br\/?author=1"}]}},"_links":{"self":[{"href":"https:\/\/inclusivenews.com.br\/index.php?rest_route=\/wp\/v2\/posts\/30871","targetHints":{"allow":["GET"]}}],"collection":[{"href":"https:\/\/inclusivenews.com.br\/index.php?rest_route=\/wp\/v2\/posts"}],"about":[{"href":"https:\/\/inclusivenews.com.br\/index.php?rest_route=\/wp\/v2\/types\/post"}],"author":[{"embeddable":true,"href":"https:\/\/inclusivenews.com.br\/index.php?rest_route=\/wp\/v2\/users\/1"}],"replies":[{"embeddable":true,"href":"https:\/\/inclusivenews.com.br\/index.php?rest_route=%2Fwp%2Fv2%2Fcomments&post=30871"}],"version-history":[{"count":0,"href":"https:\/\/inclusivenews.com.br\/index.php?rest_route=\/wp\/v2\/posts\/30871\/revisions"}],"wp:attachment":[{"href":"https:\/\/inclusivenews.com.br\/index.php?rest_route=%2Fwp%2Fv2%2Fmedia&parent=30871"}],"wp:term":[{"taxonomy":"category","embeddable":true,"href":"https:\/\/inclusivenews.com.br\/index.php?rest_route=%2Fwp%2Fv2%2Fcategories&post=30871"},{"taxonomy":"post_tag","embeddable":true,"href":"https:\/\/inclusivenews.com.br\/index.php?rest_route=%2Fwp%2Fv2%2Ftags&post=30871"}],"curies":[{"name":"wp","href":"https:\/\/api.w.org\/{rel}","templated":true}]}}