{"id":30873,"date":"2018-03-02T08:18:47","date_gmt":"2018-03-02T11:18:47","guid":{"rendered":"http:\/\/www.inclusive.org.br\/?p=30873"},"modified":"2018-03-02T08:18:47","modified_gmt":"2018-03-02T11:18:47","slug":"lancado-o-livro-o-direito-a-educacao-inclusiva-para-criancas-com-espectro-autista","status":"publish","type":"post","link":"https:\/\/inclusivenews.com.br\/?p=30873","title":{"rendered":"Lan\u00e7ado o livro \u201cO direito \u00e0 educa\u00e7\u00e3o inclusiva para crian\u00e7as com espectro autista\u201d"},"content":{"rendered":"<p>Foi lan\u00e7ado na ter\u00e7a-feira (20\/02), \u00e0s 19h, no Museu de Arte Popular da Para\u00edba (MAPP) da Universidade Estadual da Para\u00edba (UEPB), em Campina Grande, o \u201cO direito \u00e0 educa\u00e7\u00e3o inclusiva para crian\u00e7as com espectro autista\u201d, de Renata Teixeira Villarim Mendoza. A obra originou-se da disserta\u00e7\u00e3o de mestrado da autora e saiu pela Editora Prismas.<\/p>\n<p>No pref\u00e1cio, o doutor e mestre em Direito pela Pontif\u00edcia Universidade Cat\u00f3lica (PUC), Glauber Salom\u00e3o Leite, destaca que um trabalho como o de Renata \u00e9 essencial, na medida em que \u00e9 premente a necessidade de aprofundar o debate sobre a educa\u00e7\u00e3o inclusiva em nosso pa\u00eds, mas a partir de estudos cient\u00edficos e bem fundamentados, sem os quais ser\u00e1 bastante dif\u00edcil superar a cultura do improviso e a precariza\u00e7\u00e3o nessa seara.<\/p>\n<p>\u201cConsiderando a car\u00eancia de estudos jur\u00eddicos e o n\u00famero cada vez maior e precoce de diagn\u00f3sticos de crian\u00e7as com Transtorno do Espectro Autista em nosso pa\u00eds, um estudo como este \u00e9 um alento e vem suprir uma lacuna na literatura jur\u00eddica p\u00e1tria\u201d, ressaltou.<\/p>\n<p>Conforme informou Renata, para aqueles que se interessam pela Educa\u00e7\u00e3o Inclusiva, seja da \u00e1rea do Direito ou da Educa\u00e7\u00e3o, o livro se debru\u00e7a sobre diversos documentos e conceitos, levando a uma reflex\u00e3o acerca de temas recorrentes.<\/p>\n<p>\u201cConceituamos, por exemplo, quem \u00e9 a pessoa com defici\u00eancia, na perspectiva dos modelos m\u00e9dico, reabilitador e social. Tamb\u00e9m buscamos demonstrar a trajet\u00f3ria dela na busca do reconhecimento dos seus direitos, enfocando a prote\u00e7\u00e3o prevista em leis e tratados, nacionais e internacionais, incluindo a Constitui\u00e7\u00e3o Federal de 1988\u201d, relatou.<\/p>\n<figure id=\"attachment_251362\" aria-describedby=\"caption-attachment-251362\" style=\"width: 373px\" class=\"wp-caption aligncenter\"><img loading=\"lazy\" decoding=\"async\" class=\"initial lazyloaded wp-image-251362 \" src=\"https:\/\/paraibaonline.com.br\/wp-content\/uploads\/2018\/02\/Capa-do-livro-Autista-567x410.jpg\" alt=\"Capa do livro &quot;O direito \u00e0 educa\u00e7\u00e3o inclusiva para crian\u00e7as com o espectro autista&quot;\" width=\"373\" height=\"270\" data-lazy-src=\"https:\/\/paraibaonline.com.br\/wp-content\/uploads\/2018\/02\/Capa-do-livro-Autista-567x410.jpg\" data-was-processed=\"true\" \/><figcaption id=\"caption-attachment-251362\" class=\"wp-caption-text\">Foto: ascom<\/figcaption><\/figure>\n<p>A publica\u00e7\u00e3o tamb\u00e9m faz uma apurada contextualiza\u00e7\u00e3o hist\u00f3rica, onde a autora enfatiza que a defici\u00eancia, seja ela f\u00edsica, mental ou sensorial, por suas diversas origens sempre fez parte da humanidade.<\/p>\n<p>\u201cA diferen\u00e7a, ao longo da hist\u00f3ria, est\u00e1 na forma como a defici\u00eancia era entendida e nas formas de tratamento social que essas pessoas receberam, influenciado diretamente para a aceita\u00e7\u00e3o e a participa\u00e7\u00e3o delas na sociedade. Era vista ora como um castigo divino, ora apresentando origens cient\u00edficas. Atrelado a isso, havia um leque de pr\u00e1ticas como a elimina\u00e7\u00e3o, por meio da eugenia, e a marginaliza\u00e7\u00e3o e exclus\u00e3o social\u201d, explicou.<\/p>\n<p>Na Antiguidade Cl\u00e1ssica, por conta de fatores est\u00e9ticos e pol\u00edticos, a defici\u00eancia f\u00edsica frequentemente determinava a \u201cexposi\u00e7\u00e3o\u201d e o abandono da crian\u00e7a \u201cdefeituosa\u201d, de acordo com Renata.<\/p>\n<p>\u201cNa Idade M\u00e9dia, per\u00edodo que se estende da queda do Imp\u00e9rio Romano at\u00e9 a tomada de Constantinopla pelos Turcos, em 1453, as defici\u00eancias cong\u00eanitas eram compreendidas, a partir do ponto de vista religioso, como frutos da influ\u00eancia de Satan\u00e1s ou resultado de pecados cometidos pelos pais.<\/p>\n<p>Nesta \u00e9poca era poss\u00edvel \u00e0 sociedade, balizada pelo modelo da \u201cprescind\u00eancia\u201d, prescindir de tais pessoas, isolando-as, excluindo-as, ou simplesmente delas se livrando, atrav\u00e9s, por exemplo, do infantic\u00eddio. As prec\u00e1rias condi\u00e7\u00f5es de vida e as concep\u00e7\u00f5es sobre a exist\u00eancia dentro de uma perspectiva m\u00e9dico-religiosa determinavam a suposi\u00e7\u00e3o da defici\u00eancia como um \u201ccastigo de Deus\u201d\u201d, acrescentou.<\/p>\n<p>No que se refere ao Transtorno do Espectro Autista, a autora pontuou que a garantia do direito \u00e0 educa\u00e7\u00e3o especializada ultrapassa o ambiente escolar, abrangendo v\u00e1rios aspectos. \u201cN\u00e3o \u00e9 apenas uma quest\u00e3o de incluir em uma escola, mas de abarcar as condi\u00e7\u00f5es para que tal se d\u00ea. A inclus\u00e3o escolar \u00e9 essencial para o desenvolvimento com dignidade da pessoa com transtorno do espectro autista.<\/p>\n<p>N\u00e3o apenas se relaciona a assegurar o direito fundamental \u00e0 educa\u00e7\u00e3o, corresponde \u00e0 garantia de um m\u00ednimo existencial, de uma melhor qualidade de vida a essas pessoas. A prote\u00e7\u00e3o espec\u00edfica ao transtorno do espectro autista no Brasil \u00e9 extremamente recente e a desinforma\u00e7\u00e3o sobre as suas peculiaridades e suas necessidades especiais educacionais constituem \u00f3bice a uma plena inclus\u00e3o destes ao ensino regular\u201d, disse.<\/p>\n<p><strong>Mais sobre a autora<\/strong><\/p>\n<p>Renata Teixeira Villarim Mendoza possui gradua\u00e7\u00e3o em Direito pela Universidade Estadual da Para\u00edba (UEPB), al\u00e9m de gradua\u00e7\u00e3o em Administra\u00e7\u00e3o de Empresas pela Universidade Federal da Para\u00edba (UFPB). \u00c9 mestre em Direito e Desenvolvimento Sociopol\u00edtico Sustent\u00e1vel pelo Centro Universit\u00e1rio de Jo\u00e3o Pessoa (Unip\u00ea).<\/p>\n<p>Tem especializa\u00e7\u00e3o em Processo Civil pela Faculdade de Ci\u00eancias Sociais Aplicadas (Facisa) e Escola de Magistratura da Para\u00edba (Esma). \u00c9 professora da disciplina \u201cDireito da Crian\u00e7a e do Adolescente\u201d da Faculdade Reinaldo Ramos (CESREI), desde 2009, al\u00e9m de professora visitante da Esma, assessora jur\u00eddica do Gabinete do Prefeito de Campina Grande e advogada militante pelas crian\u00e7as com defici\u00eancia, em face de planos de sa\u00fade.<\/p>\n","protected":false},"excerpt":{"rendered":"<p>Foi lan\u00e7ado na ter\u00e7a-feira (20\/02), \u00e0s 19h, no Museu de Arte Popular da Para\u00edba (MAPP) da Universidade Estadual da Para\u00edba (UEPB), em Campina Grande, o \u201cO direito \u00e0 educa\u00e7\u00e3o inclusiva para crian\u00e7as com espectro autista\u201d, de Renata Teixeira Villarim Mendoza. A obra originou-se da disserta\u00e7\u00e3o de mestrado da autora e saiu pela Editora Prismas.<\/p>\n","protected":false},"author":1,"featured_media":0,"comment_status":"open","ping_status":"open","sticky":false,"template":"","format":"standard","meta":{"site-container-style":"default","site-container-layout":"default","site-sidebar-layout":"default","disable-article-header":"default","disable-site-header":"default","disable-site-footer":"default","disable-content-area-spacing":"default","footnotes":""},"categories":[50,51,10],"tags":[34,126],"class_list":["post-30873","post","type-post","status-publish","format-standard","hentry","category-lancamentos","category-livros","category-publicacoes","tag-autismo","tag-educacao-inclusiva"],"yoast_head":"<!-- This site is optimized with the Yoast SEO plugin v27.4 - https:\/\/yoast.com\/product\/yoast-seo-wordpress\/ -->\n<title>Lan\u00e7ado o livro \u201cO direito \u00e0 educa\u00e7\u00e3o inclusiva para crian\u00e7as com espectro autista\u201d -<\/title>\n<meta name=\"robots\" content=\"index, follow, max-snippet:-1, max-image-preview:large, max-video-preview:-1\" \/>\n<link rel=\"canonical\" href=\"https:\/\/inclusivenews.com.br\/?p=30873\" \/>\n<meta property=\"og:locale\" content=\"pt_PT\" \/>\n<meta property=\"og:type\" content=\"article\" \/>\n<meta property=\"og:title\" content=\"Lan\u00e7ado o livro \u201cO direito \u00e0 educa\u00e7\u00e3o inclusiva para crian\u00e7as com espectro autista\u201d -\" \/>\n<meta property=\"og:description\" content=\"Foi lan\u00e7ado na ter\u00e7a-feira (20\/02), \u00e0s 19h, no Museu de Arte Popular da Para\u00edba (MAPP) da Universidade Estadual da Para\u00edba (UEPB), em Campina Grande, o \u201cO direito \u00e0 educa\u00e7\u00e3o inclusiva para crian\u00e7as com espectro autista\u201d, de Renata Teixeira Villarim Mendoza. A obra originou-se da disserta\u00e7\u00e3o de mestrado da autora e saiu pela Editora Prismas.\" \/>\n<meta property=\"og:url\" content=\"https:\/\/inclusivenews.com.br\/?p=30873\" \/>\n<meta property=\"article:publisher\" content=\"https:\/\/www.facebook.com\/agenciainclusive\/\" \/>\n<meta property=\"article:published_time\" content=\"2018-03-02T11:18:47+00:00\" \/>\n<meta property=\"og:image\" content=\"https:\/\/paraibaonline.com.br\/wp-content\/uploads\/2018\/02\/Capa-do-livro-Autista-567x410.jpg\" \/>\n<meta name=\"author\" content=\"inclusivenews2024\" \/>\n<meta name=\"twitter:card\" content=\"summary_large_image\" \/>\n<meta name=\"twitter:label1\" content=\"Escrito por\" \/>\n\t<meta name=\"twitter:data1\" content=\"inclusivenews2024\" \/>\n\t<meta name=\"twitter:label2\" content=\"Tempo estimado de leitura\" \/>\n\t<meta name=\"twitter:data2\" content=\"4 minutos\" \/>\n<script type=\"application\/ld+json\" class=\"yoast-schema-graph\">{\"@context\":\"https:\\\/\\\/schema.org\",\"@graph\":[{\"@type\":\"Article\",\"@id\":\"https:\\\/\\\/inclusivenews.com.br\\\/?p=30873#article\",\"isPartOf\":{\"@id\":\"https:\\\/\\\/inclusivenews.com.br\\\/?p=30873\"},\"author\":{\"name\":\"inclusivenews2024\",\"@id\":\"https:\\\/\\\/inclusivenews.com.br\\\/#\\\/schema\\\/person\\\/ae4ec7087559b8692fb33b6fffd2273b\"},\"headline\":\"Lan\u00e7ado o livro \u201cO direito \u00e0 educa\u00e7\u00e3o inclusiva para crian\u00e7as com espectro autista\u201d\",\"datePublished\":\"2018-03-02T11:18:47+00:00\",\"mainEntityOfPage\":{\"@id\":\"https:\\\/\\\/inclusivenews.com.br\\\/?p=30873\"},\"wordCount\":826,\"commentCount\":0,\"publisher\":{\"@id\":\"https:\\\/\\\/inclusivenews.com.br\\\/#organization\"},\"image\":{\"@id\":\"https:\\\/\\\/inclusivenews.com.br\\\/?p=30873#primaryimage\"},\"thumbnailUrl\":\"https:\\\/\\\/paraibaonline.com.br\\\/wp-content\\\/uploads\\\/2018\\\/02\\\/Capa-do-livro-Autista-567x410.jpg\",\"keywords\":[\"Autismo\",\"Educa\u00e7\u00e3o inclusiva\"],\"articleSection\":[\"Lan\u00e7amentos\",\"Livros\",\"PUBLICA\u00c7\u00d5ES\"],\"inLanguage\":\"pt-PT\",\"potentialAction\":[{\"@type\":\"CommentAction\",\"name\":\"Comment\",\"target\":[\"https:\\\/\\\/inclusivenews.com.br\\\/?p=30873#respond\"]}]},{\"@type\":\"WebPage\",\"@id\":\"https:\\\/\\\/inclusivenews.com.br\\\/?p=30873\",\"url\":\"https:\\\/\\\/inclusivenews.com.br\\\/?p=30873\",\"name\":\"Lan\u00e7ado o livro \u201cO direito \u00e0 educa\u00e7\u00e3o inclusiva para crian\u00e7as com espectro autista\u201d -\",\"isPartOf\":{\"@id\":\"https:\\\/\\\/inclusivenews.com.br\\\/#website\"},\"primaryImageOfPage\":{\"@id\":\"https:\\\/\\\/inclusivenews.com.br\\\/?p=30873#primaryimage\"},\"image\":{\"@id\":\"https:\\\/\\\/inclusivenews.com.br\\\/?p=30873#primaryimage\"},\"thumbnailUrl\":\"https:\\\/\\\/paraibaonline.com.br\\\/wp-content\\\/uploads\\\/2018\\\/02\\\/Capa-do-livro-Autista-567x410.jpg\",\"datePublished\":\"2018-03-02T11:18:47+00:00\",\"breadcrumb\":{\"@id\":\"https:\\\/\\\/inclusivenews.com.br\\\/?p=30873#breadcrumb\"},\"inLanguage\":\"pt-PT\",\"potentialAction\":[{\"@type\":\"ReadAction\",\"target\":[\"https:\\\/\\\/inclusivenews.com.br\\\/?p=30873\"]}]},{\"@type\":\"ImageObject\",\"inLanguage\":\"pt-PT\",\"@id\":\"https:\\\/\\\/inclusivenews.com.br\\\/?p=30873#primaryimage\",\"url\":\"https:\\\/\\\/paraibaonline.com.br\\\/wp-content\\\/uploads\\\/2018\\\/02\\\/Capa-do-livro-Autista-567x410.jpg\",\"contentUrl\":\"https:\\\/\\\/paraibaonline.com.br\\\/wp-content\\\/uploads\\\/2018\\\/02\\\/Capa-do-livro-Autista-567x410.jpg\"},{\"@type\":\"BreadcrumbList\",\"@id\":\"https:\\\/\\\/inclusivenews.com.br\\\/?p=30873#breadcrumb\",\"itemListElement\":[{\"@type\":\"ListItem\",\"position\":1,\"name\":\"In\u00edcio\",\"item\":\"https:\\\/\\\/inclusivenews.com.br\\\/\"},{\"@type\":\"ListItem\",\"position\":2,\"name\":\"Lan\u00e7ado o livro \u201cO direito \u00e0 educa\u00e7\u00e3o inclusiva para crian\u00e7as com espectro autista\u201d\"}]},{\"@type\":\"WebSite\",\"@id\":\"https:\\\/\\\/inclusivenews.com.br\\\/#website\",\"url\":\"https:\\\/\\\/inclusivenews.com.br\\\/\",\"name\":\"Inclusive News\",\"description\":\"Inclusive News\",\"publisher\":{\"@id\":\"https:\\\/\\\/inclusivenews.com.br\\\/#organization\"},\"potentialAction\":[{\"@type\":\"SearchAction\",\"target\":{\"@type\":\"EntryPoint\",\"urlTemplate\":\"https:\\\/\\\/inclusivenews.com.br\\\/?s={search_term_string}\"},\"query-input\":{\"@type\":\"PropertyValueSpecification\",\"valueRequired\":true,\"valueName\":\"search_term_string\"}}],\"inLanguage\":\"pt-PT\"},{\"@type\":\"Organization\",\"@id\":\"https:\\\/\\\/inclusivenews.com.br\\\/#organization\",\"name\":\"Inclusive - inclus\u00e3o e cidadania\",\"url\":\"https:\\\/\\\/inclusivenews.com.br\\\/\",\"logo\":{\"@type\":\"ImageObject\",\"inLanguage\":\"pt-PT\",\"@id\":\"https:\\\/\\\/inclusivenews.com.br\\\/#\\\/schema\\\/logo\\\/image\\\/\",\"url\":\"https:\\\/\\\/inclusivenews.com.br\\\/wp-content\\\/uploads\\\/2024\\\/03\\\/@grandesite.png\",\"contentUrl\":\"https:\\\/\\\/inclusivenews.com.br\\\/wp-content\\\/uploads\\\/2024\\\/03\\\/@grandesite.png\",\"width\":1080,\"height\":1080,\"caption\":\"Inclusive - inclus\u00e3o e cidadania\"},\"image\":{\"@id\":\"https:\\\/\\\/inclusivenews.com.br\\\/#\\\/schema\\\/logo\\\/image\\\/\"},\"sameAs\":[\"https:\\\/\\\/www.facebook.com\\\/agenciainclusive\\\/\",\"https:\\\/\\\/www.instagram.com\\\/newsinclusive\\\/\"]},{\"@type\":\"Person\",\"@id\":\"https:\\\/\\\/inclusivenews.com.br\\\/#\\\/schema\\\/person\\\/ae4ec7087559b8692fb33b6fffd2273b\",\"name\":\"inclusivenews2024\",\"image\":{\"@type\":\"ImageObject\",\"inLanguage\":\"pt-PT\",\"@id\":\"https:\\\/\\\/secure.gravatar.com\\\/avatar\\\/c5a7ef84c66fa914f55bc4f7ce26cfa275a3b9a1c5568b907bd184fb4dde7b40?s=96&d=mm&r=g\",\"url\":\"https:\\\/\\\/secure.gravatar.com\\\/avatar\\\/c5a7ef84c66fa914f55bc4f7ce26cfa275a3b9a1c5568b907bd184fb4dde7b40?s=96&d=mm&r=g\",\"contentUrl\":\"https:\\\/\\\/secure.gravatar.com\\\/avatar\\\/c5a7ef84c66fa914f55bc4f7ce26cfa275a3b9a1c5568b907bd184fb4dde7b40?s=96&d=mm&r=g\",\"caption\":\"inclusivenews2024\"},\"sameAs\":[\"https:\\\/\\\/inclusivenews.com.br\"],\"url\":\"https:\\\/\\\/inclusivenews.com.br\\\/?author=1\"}]}<\/script>\n<!-- \/ Yoast SEO plugin. -->","yoast_head_json":{"title":"Lan\u00e7ado o livro \u201cO direito \u00e0 educa\u00e7\u00e3o inclusiva para crian\u00e7as com espectro autista\u201d -","robots":{"index":"index","follow":"follow","max-snippet":"max-snippet:-1","max-image-preview":"max-image-preview:large","max-video-preview":"max-video-preview:-1"},"canonical":"https:\/\/inclusivenews.com.br\/?p=30873","og_locale":"pt_PT","og_type":"article","og_title":"Lan\u00e7ado o livro \u201cO direito \u00e0 educa\u00e7\u00e3o inclusiva para crian\u00e7as com espectro autista\u201d -","og_description":"Foi lan\u00e7ado na ter\u00e7a-feira (20\/02), \u00e0s 19h, no Museu de Arte Popular da Para\u00edba (MAPP) da Universidade Estadual da Para\u00edba (UEPB), em Campina Grande, o \u201cO direito \u00e0 educa\u00e7\u00e3o inclusiva para crian\u00e7as com espectro autista\u201d, de Renata Teixeira Villarim Mendoza. A obra originou-se da disserta\u00e7\u00e3o de mestrado da autora e saiu pela Editora Prismas.","og_url":"https:\/\/inclusivenews.com.br\/?p=30873","article_publisher":"https:\/\/www.facebook.com\/agenciainclusive\/","article_published_time":"2018-03-02T11:18:47+00:00","og_image":[{"url":"https:\/\/paraibaonline.com.br\/wp-content\/uploads\/2018\/02\/Capa-do-livro-Autista-567x410.jpg","type":"","width":"","height":""}],"author":"inclusivenews2024","twitter_card":"summary_large_image","twitter_misc":{"Escrito por":"inclusivenews2024","Tempo estimado de leitura":"4 minutos"},"schema":{"@context":"https:\/\/schema.org","@graph":[{"@type":"Article","@id":"https:\/\/inclusivenews.com.br\/?p=30873#article","isPartOf":{"@id":"https:\/\/inclusivenews.com.br\/?p=30873"},"author":{"name":"inclusivenews2024","@id":"https:\/\/inclusivenews.com.br\/#\/schema\/person\/ae4ec7087559b8692fb33b6fffd2273b"},"headline":"Lan\u00e7ado o livro \u201cO direito \u00e0 educa\u00e7\u00e3o inclusiva para crian\u00e7as com espectro autista\u201d","datePublished":"2018-03-02T11:18:47+00:00","mainEntityOfPage":{"@id":"https:\/\/inclusivenews.com.br\/?p=30873"},"wordCount":826,"commentCount":0,"publisher":{"@id":"https:\/\/inclusivenews.com.br\/#organization"},"image":{"@id":"https:\/\/inclusivenews.com.br\/?p=30873#primaryimage"},"thumbnailUrl":"https:\/\/paraibaonline.com.br\/wp-content\/uploads\/2018\/02\/Capa-do-livro-Autista-567x410.jpg","keywords":["Autismo","Educa\u00e7\u00e3o inclusiva"],"articleSection":["Lan\u00e7amentos","Livros","PUBLICA\u00c7\u00d5ES"],"inLanguage":"pt-PT","potentialAction":[{"@type":"CommentAction","name":"Comment","target":["https:\/\/inclusivenews.com.br\/?p=30873#respond"]}]},{"@type":"WebPage","@id":"https:\/\/inclusivenews.com.br\/?p=30873","url":"https:\/\/inclusivenews.com.br\/?p=30873","name":"Lan\u00e7ado o livro \u201cO direito \u00e0 educa\u00e7\u00e3o inclusiva para crian\u00e7as com espectro autista\u201d -","isPartOf":{"@id":"https:\/\/inclusivenews.com.br\/#website"},"primaryImageOfPage":{"@id":"https:\/\/inclusivenews.com.br\/?p=30873#primaryimage"},"image":{"@id":"https:\/\/inclusivenews.com.br\/?p=30873#primaryimage"},"thumbnailUrl":"https:\/\/paraibaonline.com.br\/wp-content\/uploads\/2018\/02\/Capa-do-livro-Autista-567x410.jpg","datePublished":"2018-03-02T11:18:47+00:00","breadcrumb":{"@id":"https:\/\/inclusivenews.com.br\/?p=30873#breadcrumb"},"inLanguage":"pt-PT","potentialAction":[{"@type":"ReadAction","target":["https:\/\/inclusivenews.com.br\/?p=30873"]}]},{"@type":"ImageObject","inLanguage":"pt-PT","@id":"https:\/\/inclusivenews.com.br\/?p=30873#primaryimage","url":"https:\/\/paraibaonline.com.br\/wp-content\/uploads\/2018\/02\/Capa-do-livro-Autista-567x410.jpg","contentUrl":"https:\/\/paraibaonline.com.br\/wp-content\/uploads\/2018\/02\/Capa-do-livro-Autista-567x410.jpg"},{"@type":"BreadcrumbList","@id":"https:\/\/inclusivenews.com.br\/?p=30873#breadcrumb","itemListElement":[{"@type":"ListItem","position":1,"name":"In\u00edcio","item":"https:\/\/inclusivenews.com.br\/"},{"@type":"ListItem","position":2,"name":"Lan\u00e7ado o livro \u201cO direito \u00e0 educa\u00e7\u00e3o inclusiva para crian\u00e7as com espectro autista\u201d"}]},{"@type":"WebSite","@id":"https:\/\/inclusivenews.com.br\/#website","url":"https:\/\/inclusivenews.com.br\/","name":"Inclusive News","description":"Inclusive News","publisher":{"@id":"https:\/\/inclusivenews.com.br\/#organization"},"potentialAction":[{"@type":"SearchAction","target":{"@type":"EntryPoint","urlTemplate":"https:\/\/inclusivenews.com.br\/?s={search_term_string}"},"query-input":{"@type":"PropertyValueSpecification","valueRequired":true,"valueName":"search_term_string"}}],"inLanguage":"pt-PT"},{"@type":"Organization","@id":"https:\/\/inclusivenews.com.br\/#organization","name":"Inclusive - inclus\u00e3o e cidadania","url":"https:\/\/inclusivenews.com.br\/","logo":{"@type":"ImageObject","inLanguage":"pt-PT","@id":"https:\/\/inclusivenews.com.br\/#\/schema\/logo\/image\/","url":"https:\/\/inclusivenews.com.br\/wp-content\/uploads\/2024\/03\/@grandesite.png","contentUrl":"https:\/\/inclusivenews.com.br\/wp-content\/uploads\/2024\/03\/@grandesite.png","width":1080,"height":1080,"caption":"Inclusive - inclus\u00e3o e cidadania"},"image":{"@id":"https:\/\/inclusivenews.com.br\/#\/schema\/logo\/image\/"},"sameAs":["https:\/\/www.facebook.com\/agenciainclusive\/","https:\/\/www.instagram.com\/newsinclusive\/"]},{"@type":"Person","@id":"https:\/\/inclusivenews.com.br\/#\/schema\/person\/ae4ec7087559b8692fb33b6fffd2273b","name":"inclusivenews2024","image":{"@type":"ImageObject","inLanguage":"pt-PT","@id":"https:\/\/secure.gravatar.com\/avatar\/c5a7ef84c66fa914f55bc4f7ce26cfa275a3b9a1c5568b907bd184fb4dde7b40?s=96&d=mm&r=g","url":"https:\/\/secure.gravatar.com\/avatar\/c5a7ef84c66fa914f55bc4f7ce26cfa275a3b9a1c5568b907bd184fb4dde7b40?s=96&d=mm&r=g","contentUrl":"https:\/\/secure.gravatar.com\/avatar\/c5a7ef84c66fa914f55bc4f7ce26cfa275a3b9a1c5568b907bd184fb4dde7b40?s=96&d=mm&r=g","caption":"inclusivenews2024"},"sameAs":["https:\/\/inclusivenews.com.br"],"url":"https:\/\/inclusivenews.com.br\/?author=1"}]}},"_links":{"self":[{"href":"https:\/\/inclusivenews.com.br\/index.php?rest_route=\/wp\/v2\/posts\/30873","targetHints":{"allow":["GET"]}}],"collection":[{"href":"https:\/\/inclusivenews.com.br\/index.php?rest_route=\/wp\/v2\/posts"}],"about":[{"href":"https:\/\/inclusivenews.com.br\/index.php?rest_route=\/wp\/v2\/types\/post"}],"author":[{"embeddable":true,"href":"https:\/\/inclusivenews.com.br\/index.php?rest_route=\/wp\/v2\/users\/1"}],"replies":[{"embeddable":true,"href":"https:\/\/inclusivenews.com.br\/index.php?rest_route=%2Fwp%2Fv2%2Fcomments&post=30873"}],"version-history":[{"count":0,"href":"https:\/\/inclusivenews.com.br\/index.php?rest_route=\/wp\/v2\/posts\/30873\/revisions"}],"wp:attachment":[{"href":"https:\/\/inclusivenews.com.br\/index.php?rest_route=%2Fwp%2Fv2%2Fmedia&parent=30873"}],"wp:term":[{"taxonomy":"category","embeddable":true,"href":"https:\/\/inclusivenews.com.br\/index.php?rest_route=%2Fwp%2Fv2%2Fcategories&post=30873"},{"taxonomy":"post_tag","embeddable":true,"href":"https:\/\/inclusivenews.com.br\/index.php?rest_route=%2Fwp%2Fv2%2Ftags&post=30873"}],"curies":[{"name":"wp","href":"https:\/\/api.w.org\/{rel}","templated":true}]}}