{"id":30904,"date":"2018-03-22T13:25:40","date_gmt":"2018-03-22T16:25:40","guid":{"rendered":"http:\/\/www.inclusive.org.br\/?p=30904"},"modified":"2018-03-22T13:25:40","modified_gmt":"2018-03-22T16:25:40","slug":"a-professora-que-uniu-lutas","status":"publish","type":"post","link":"https:\/\/inclusivenews.com.br\/?p=30904","title":{"rendered":"A professora que re-uniu"},"content":{"rendered":"<p><img loading=\"lazy\" decoding=\"async\" class=\"alignnone size-medium wp-image-30905\" src=\"http:\/\/inclusivenews.com.br\/wp-content\/uploads\/merep-300x300.jpg\" alt=\"#DeboraMeRepresenta. #MariellePresente. - N\u00e3o quero bater boca - Tenha educa\u00e7\u00e3o - Tenha respeito - Aceite as difere\u00e7as - Ajude a quem precisa - Inclua todo mundo - Preconceito \u00e9 crime. \" width=\"300\" height=\"300\" \/><\/p>\n<p>Acompanhei de perto os insultos da desembargadora Mar\u00edlia Castro Neves e sua repercuss\u00e3o. Como muitos, n\u00e3o podia acreditar que aquilo fosse verdade. Tanto \u00f3dio, tanto raiva, tanto preconceito contra grupos vulner\u00e1veis.<\/p>\n<p>Quando li a postagem desinformada e preconceituosa sobre a professora &#8211; cujo nome ela nem citou &#8211; informei imediatamente a m\u00e3e da Debora Seabra e ela contou o ocorrido para a filha. D\u00f3i muito ser v\u00edtima de preconceito. Debora disse que ficou arrasada e triste. Mas, assim como Marielle, acostumada a derrubar diversas barreiras para conseguir chegar onde est\u00e1, a professora decidiu escrever para a desembargadora.<\/p>\n<p>E foi a resposta da Debora que tocou fundo, tanto nas pessoas que sofrem preconceito quanto nas que ficam indignadas com atos discriminat\u00f3rios. Especialmente vindo de uma pessoa cujo trabalho \u00e9 julgar os outros.<\/p>\n<p>O recado da professora para a desembargadora repercutiu tanto porque ele serve para combater todos os tipos de preconteito, al\u00e9m do ass\u00e9dio de haters:<\/p>\n<p>&#8211; N\u00e3o quero bater boca<br \/>\n&#8211; Tenha educa\u00e7\u00e3o<br \/>\n&#8211; Tenha respeito<br \/>\n&#8211; Aceite as difere\u00e7as<br \/>\n&#8211; Ajude a quem precisa<br \/>\n&#8211; Inclua todo mundo<br \/>\n&#8211; Preconceito \u00e9 crime<\/p>\n<p>O preconceito contra as pessoas com defici\u00eancia tem um nome ainda pouco difundido no Brasil, chama-se capacitismo (&#8220;ableism&#8221;, em ingl\u00eas). N\u00e3o \u00e9 muito diferente do racismo, do machismo, ou da homofobia. Somos fruto de uma sociedade capacitista, que pensa que uma pessoa com defici\u00eancia vale menos do que uma pessoa sem defici\u00eancia. E o melhor rem\u00e9dio contra isso \u00e9 a conviv\u00eancia com a diversidade humana.<\/p>\n<p>Esse epis\u00f3dio pode representar um divisor de \u00e1guas e servir para unificar as lutas contra a discrimina\u00e7\u00e3o de grupos marginalizados.<\/p>\n<p>Sei que Marielle era tamb\u00e9m defensora dos direitos das pessoas com defici\u00eancia. Ao assistir pela internet o \u00faltimo evento de que participou antes de ser executada, me emocionei ao ver que Marielle &#8220;batia palmas&#8221; como a comunidade surda, balan\u00e7ando as m\u00e3os para o alto.<\/p>\n<p>Que as mensagens de Marielle e Debora sirvam de li\u00e7\u00e3o para a promo\u00e7\u00e3o da paz e da inclus\u00e3o.<\/p>\n<p>#MariellePresente<br \/>\n#DeboraMeRepresenta<\/p>\n<p><em>Patricia Almeida &#8211; Cofundadora do Movimento Down; criadora da Inclusive &#8211; Inclus\u00e3o e Cidadania; da Gadim &#8211; Alian\u00e7a Global para Inclus\u00e3o das Pessoas com defici\u00eancia na M\u00eddia e integrante do Odim\u00eddia &#8211; Observat\u00f3rio de Diversidade na M\u00eddia.<\/em><\/p>\n<p>A \u00edntegra da carta de Debora Seabra:<\/p>\n<p><img decoding=\"async\" src=\"https:\/\/scontent-frx5-1.xx.fbcdn.net\/v\/t1.0-9\/29386480_1609979495764885_4049271381139914752_n.jpg?_nc_cat=0&amp;oh=94030311688cab4862cfd57a8b6852d1&amp;oe=5B3AD941\" alt=\"No automatic alt text available.\" \/><\/p>\n<p>&#8220;19\/3\/2018. Recado para a Ju\u00edza Mar\u00edlia. N\u00e3o quero bater boca com voc\u00ea!<br \/>\nS\u00f3 quero dizer que tenho s\u00edndrome de Down e sou professora auxiliar de crian\u00e7as de uma escola de Natal\/RN.<br \/>\nTrabalho \u00e0 tarde, todos os dias, com a minha equipe que tem uma professora titular e outra auxiliar. Eu ensino m<span class=\"text_exposed_show\">uitas coisas \u00e0s crian\u00e7as. A principal \u00e9 que elas sejam educadas, tenham respeito \u00e0s outras. Aceitem as diferen\u00e7as de cada uma. Ajudem a quem precisa mais.<br \/>\nEu estudo o planejamento, eu participo das reuni\u00f5es, eu dou opini\u00f5es, eu conto hist\u00f3ria para as crian\u00e7as, eu ajudo nas atividades, eu vou para o parque com elas.<br \/>\nAcompanho as crian\u00e7as nas aulas de ingl\u00eas, m\u00fasica, educa\u00e7\u00e3o f\u00edsica e mais um monte de coisas.<br \/>\nO que eu acho mais importante de tudo isso \u00e9 ensinar a incluir as crian\u00e7as e todo mundo pra acabar com o preconceito porque \u00e9 crime.<br \/>\nQuem discrimina \u00e9 criminoso!<br \/>\nD\u00e9bora Ara\u00fajo Seabra de Moura.&#8221;<br \/>\n#DeboraMeRepresenta<\/span><\/p>\n<p>&nbsp;<\/p>\n<p>==============<\/p>\n<p>English translation<\/p>\n<p>&nbsp;<\/p>\n<p>I followed closely the insults of the judge\u00a0Mar\u00edlia Castro Neves and its repercussion. Like many, I could not believe it was true. So much hate, so much anger, so much prejudice against vulnerable groups.<\/p>\n<p>When I read the uninformed and prejudiced post about the teacher &#8211; whose name she did not even mention &#8211; I immediately informed Deborah Seabra&#8217;s mother and she told what had happened to her daughter. It hurts too much to be a victim of prejudice. Debora said she was devastated and sad. But, just as Marielle, accustomed to knock down several barriers to get where she is, the teacher decided to write to the judge.<\/p>\n<p>And it was Debora&#8217;s answer that touched on both people who suffer prejudice and those who are outraged by discriminatory acts. Especially coming from a person whose job it is to judge others.<\/p>\n<p>The teacher&#8217;s message to the judge has major repercussion because it serves to combat all types of prejudice, in addition to the harassment of haters:<\/p>\n<p>I do not want to\u00a0argue.<br \/>\n&#8211;\u00a0Be courteous<br \/>\n&#8211; Be respectful<br \/>\n&#8211; Accept the differences<br \/>\n&#8211; Help anyone who needs it<br \/>\n&#8211; Include everyone<br \/>\n&#8211; Prejudice is a crime<\/p>\n<p>Prejudice against people with disabilities has a name that is not very well known in Brazil, it is called &#8220;ableism&#8221; (in English). It is not much different from racism, sexism, or homophobia. We are the fruit of a ableist\u00a0society, which thinks that a person with a disability is worth less than a person without a disability. And the best remedy against this is living together with human diversity.<\/p>\n<p>This episode can represent a watershed and serve to unify the fights\u00a0against discrimination of\u00a0marginalized groups.<\/p>\n<p>I know that Marielle was also a defender of the rights of people with disabilities. As I watched online the last event she attended before being executed, I was thrilled to see Marielle &#8220;clapping&#8221; like the deaf community, shaking their hands up.<\/p>\n<p>May the messages of Marielle and Debora serve as a lesson for the promotion of peace and inclusion.<\/p>\n<p>#MariellePresente<br \/>\n#DeboraMe Represents<\/p>\n<p>Patricia Almeida &#8211; Co-founder of the Down Movement; creator of Inclusive &#8211; Inclusion and Citizenship; of Gadim &#8211; Global Alliance for Inclusion of People with Disabilities in the Media and a member of Odim\u00eddia &#8211; Diversity Observatory in the Media.<\/p>\n<p>The entire letter from Deborah Seabra:<\/p>\n<p>\u201819\/3\/2018. Message for Judge Mar\u00edlia. I do not wish to argue with you.<\/p>\n<div class=\"text_exposed_show\">\n<p>All I would like to say is that I have Down syndrome and I am a teaching assistant in a pre-school.<\/p>\n<p>I work in the afternoons, every day of the week, with my team which includes a classroom teacher and another teaching assistant. I teach children many things. The main one being that they should be courteous and respect each other. That they accept each others differences. That they help those who most need help.<\/p>\n<p>I am involved in planning and in meetings, I offer my opinons, I read stories to the children, I help them engage in class activities and I supervise them in the playground.<\/p>\n<p>I assist them in English, music and physical education lessons in addition to many other things.<\/p>\n<p>I feel that the most important part of my work is to teach how to include all children and everyone so that we can end prejudice which is criminal. Discrimination is a criminal act!\u201d<\/p>\n<p>D\u00e9bora Ara\u00fajo Seabra de Moura.&#8221;<\/p>\n<\/div>\n","protected":false},"excerpt":{"rendered":"<p>Acompanhei de perto os insultos da desembargadora Mar\u00edlia Castro Neves e sua repercuss\u00e3o. Como muitos, n\u00e3o podia acreditar que aquilo fosse verdade. Tanto \u00f3dio, tanto raiva, tanto preconceito contra grupos vulner\u00e1veis. Quando li a postagem desinformada e preconceituosa sobre a professora &#8211; cujo nome ela nem citou &#8211; informei imediatamente a m\u00e3e da Debora Seabra [&hellip;]<\/p>\n","protected":false},"author":2,"featured_media":30905,"comment_status":"open","ping_status":"open","sticky":false,"template":"","format":"standard","meta":{"site-container-style":"default","site-container-layout":"default","site-sidebar-layout":"default","disable-article-header":"default","disable-site-header":"default","disable-site-footer":"default","disable-content-area-spacing":"default","footnotes":""},"categories":[48,8,414,376],"tags":[],"class_list":["post-30904","post","type-post","status-publish","format-standard","has-post-thumbnail","hentry","category-inclusao","category-textos-e-artigos","category-show","category-showz"],"yoast_head":"<!-- This site is optimized with the Yoast SEO plugin v27.4 - https:\/\/yoast.com\/product\/yoast-seo-wordpress\/ -->\n<title>A professora que re-uniu -<\/title>\n<meta name=\"robots\" content=\"index, follow, max-snippet:-1, max-image-preview:large, max-video-preview:-1\" \/>\n<link rel=\"canonical\" href=\"https:\/\/inclusivenews.com.br\/?p=30904\" \/>\n<meta property=\"og:locale\" content=\"pt_PT\" \/>\n<meta property=\"og:type\" content=\"article\" \/>\n<meta property=\"og:title\" content=\"A professora que re-uniu -\" \/>\n<meta property=\"og:description\" content=\"Acompanhei de perto os insultos da desembargadora Mar\u00edlia Castro Neves e sua repercuss\u00e3o. Como muitos, n\u00e3o podia acreditar que aquilo fosse verdade. Tanto \u00f3dio, tanto raiva, tanto preconceito contra grupos vulner\u00e1veis. Quando li a postagem desinformada e preconceituosa sobre a professora &#8211; cujo nome ela nem citou &#8211; informei imediatamente a m\u00e3e da Debora Seabra [&hellip;]\" \/>\n<meta property=\"og:url\" content=\"https:\/\/inclusivenews.com.br\/?p=30904\" \/>\n<meta property=\"article:publisher\" content=\"https:\/\/www.facebook.com\/agenciainclusive\/\" \/>\n<meta property=\"article:published_time\" content=\"2018-03-22T16:25:40+00:00\" \/>\n<meta name=\"author\" content=\"Inclusive\" \/>\n<meta name=\"twitter:card\" content=\"summary_large_image\" \/>\n<meta name=\"twitter:label1\" content=\"Escrito por\" \/>\n\t<meta name=\"twitter:data1\" content=\"Inclusive\" \/>\n\t<meta name=\"twitter:label2\" content=\"Tempo estimado de leitura\" \/>\n\t<meta name=\"twitter:data2\" content=\"6 minutos\" \/>\n<script type=\"application\/ld+json\" class=\"yoast-schema-graph\">{\"@context\":\"https:\\\/\\\/schema.org\",\"@graph\":[{\"@type\":\"Article\",\"@id\":\"https:\\\/\\\/inclusivenews.com.br\\\/?p=30904#article\",\"isPartOf\":{\"@id\":\"https:\\\/\\\/inclusivenews.com.br\\\/?p=30904\"},\"author\":{\"name\":\"Inclusive\",\"@id\":\"https:\\\/\\\/inclusivenews.com.br\\\/#\\\/schema\\\/person\\\/0dab492019871b94abb65fa8ee7c8c44\"},\"headline\":\"A professora que re-uniu\",\"datePublished\":\"2018-03-22T16:25:40+00:00\",\"mainEntityOfPage\":{\"@id\":\"https:\\\/\\\/inclusivenews.com.br\\\/?p=30904\"},\"wordCount\":1163,\"commentCount\":1,\"publisher\":{\"@id\":\"https:\\\/\\\/inclusivenews.com.br\\\/#organization\"},\"image\":{\"@id\":\"https:\\\/\\\/inclusivenews.com.br\\\/?p=30904#primaryimage\"},\"thumbnailUrl\":\"\",\"articleSection\":[\"INCLUS\u00c3O SOCIAL\",\"OPINI\u00c3O\",\"SHOW\",\"SHOWZ\"],\"inLanguage\":\"pt-PT\",\"potentialAction\":[{\"@type\":\"CommentAction\",\"name\":\"Comment\",\"target\":[\"https:\\\/\\\/inclusivenews.com.br\\\/?p=30904#respond\"]}]},{\"@type\":\"WebPage\",\"@id\":\"https:\\\/\\\/inclusivenews.com.br\\\/?p=30904\",\"url\":\"https:\\\/\\\/inclusivenews.com.br\\\/?p=30904\",\"name\":\"A professora que re-uniu -\",\"isPartOf\":{\"@id\":\"https:\\\/\\\/inclusivenews.com.br\\\/#website\"},\"primaryImageOfPage\":{\"@id\":\"https:\\\/\\\/inclusivenews.com.br\\\/?p=30904#primaryimage\"},\"image\":{\"@id\":\"https:\\\/\\\/inclusivenews.com.br\\\/?p=30904#primaryimage\"},\"thumbnailUrl\":\"\",\"datePublished\":\"2018-03-22T16:25:40+00:00\",\"breadcrumb\":{\"@id\":\"https:\\\/\\\/inclusivenews.com.br\\\/?p=30904#breadcrumb\"},\"inLanguage\":\"pt-PT\",\"potentialAction\":[{\"@type\":\"ReadAction\",\"target\":[\"https:\\\/\\\/inclusivenews.com.br\\\/?p=30904\"]}]},{\"@type\":\"ImageObject\",\"inLanguage\":\"pt-PT\",\"@id\":\"https:\\\/\\\/inclusivenews.com.br\\\/?p=30904#primaryimage\",\"url\":\"\",\"contentUrl\":\"\"},{\"@type\":\"BreadcrumbList\",\"@id\":\"https:\\\/\\\/inclusivenews.com.br\\\/?p=30904#breadcrumb\",\"itemListElement\":[{\"@type\":\"ListItem\",\"position\":1,\"name\":\"In\u00edcio\",\"item\":\"https:\\\/\\\/inclusivenews.com.br\\\/\"},{\"@type\":\"ListItem\",\"position\":2,\"name\":\"A professora que re-uniu\"}]},{\"@type\":\"WebSite\",\"@id\":\"https:\\\/\\\/inclusivenews.com.br\\\/#website\",\"url\":\"https:\\\/\\\/inclusivenews.com.br\\\/\",\"name\":\"Inclusive News\",\"description\":\"Inclusive News\",\"publisher\":{\"@id\":\"https:\\\/\\\/inclusivenews.com.br\\\/#organization\"},\"potentialAction\":[{\"@type\":\"SearchAction\",\"target\":{\"@type\":\"EntryPoint\",\"urlTemplate\":\"https:\\\/\\\/inclusivenews.com.br\\\/?s={search_term_string}\"},\"query-input\":{\"@type\":\"PropertyValueSpecification\",\"valueRequired\":true,\"valueName\":\"search_term_string\"}}],\"inLanguage\":\"pt-PT\"},{\"@type\":\"Organization\",\"@id\":\"https:\\\/\\\/inclusivenews.com.br\\\/#organization\",\"name\":\"Inclusive - inclus\u00e3o e cidadania\",\"url\":\"https:\\\/\\\/inclusivenews.com.br\\\/\",\"logo\":{\"@type\":\"ImageObject\",\"inLanguage\":\"pt-PT\",\"@id\":\"https:\\\/\\\/inclusivenews.com.br\\\/#\\\/schema\\\/logo\\\/image\\\/\",\"url\":\"https:\\\/\\\/inclusivenews.com.br\\\/wp-content\\\/uploads\\\/2024\\\/03\\\/@grandesite.png\",\"contentUrl\":\"https:\\\/\\\/inclusivenews.com.br\\\/wp-content\\\/uploads\\\/2024\\\/03\\\/@grandesite.png\",\"width\":1080,\"height\":1080,\"caption\":\"Inclusive - inclus\u00e3o e cidadania\"},\"image\":{\"@id\":\"https:\\\/\\\/inclusivenews.com.br\\\/#\\\/schema\\\/logo\\\/image\\\/\"},\"sameAs\":[\"https:\\\/\\\/www.facebook.com\\\/agenciainclusive\\\/\",\"https:\\\/\\\/www.instagram.com\\\/newsinclusive\\\/\"]},{\"@type\":\"Person\",\"@id\":\"https:\\\/\\\/inclusivenews.com.br\\\/#\\\/schema\\\/person\\\/0dab492019871b94abb65fa8ee7c8c44\",\"name\":\"Inclusive\",\"image\":{\"@type\":\"ImageObject\",\"inLanguage\":\"pt-PT\",\"@id\":\"https:\\\/\\\/secure.gravatar.com\\\/avatar\\\/?s=96&d=mm&r=g\",\"url\":\"https:\\\/\\\/secure.gravatar.com\\\/avatar\\\/?s=96&d=mm&r=g\",\"contentUrl\":\"https:\\\/\\\/secure.gravatar.com\\\/avatar\\\/?s=96&d=mm&r=g\",\"caption\":\"Inclusive\"},\"url\":\"https:\\\/\\\/inclusivenews.com.br\\\/?author=2\"}]}<\/script>\n<!-- \/ Yoast SEO plugin. -->","yoast_head_json":{"title":"A professora que re-uniu -","robots":{"index":"index","follow":"follow","max-snippet":"max-snippet:-1","max-image-preview":"max-image-preview:large","max-video-preview":"max-video-preview:-1"},"canonical":"https:\/\/inclusivenews.com.br\/?p=30904","og_locale":"pt_PT","og_type":"article","og_title":"A professora que re-uniu -","og_description":"Acompanhei de perto os insultos da desembargadora Mar\u00edlia Castro Neves e sua repercuss\u00e3o. Como muitos, n\u00e3o podia acreditar que aquilo fosse verdade. Tanto \u00f3dio, tanto raiva, tanto preconceito contra grupos vulner\u00e1veis. Quando li a postagem desinformada e preconceituosa sobre a professora &#8211; cujo nome ela nem citou &#8211; informei imediatamente a m\u00e3e da Debora Seabra [&hellip;]","og_url":"https:\/\/inclusivenews.com.br\/?p=30904","article_publisher":"https:\/\/www.facebook.com\/agenciainclusive\/","article_published_time":"2018-03-22T16:25:40+00:00","author":"Inclusive","twitter_card":"summary_large_image","twitter_misc":{"Escrito por":"Inclusive","Tempo estimado de leitura":"6 minutos"},"schema":{"@context":"https:\/\/schema.org","@graph":[{"@type":"Article","@id":"https:\/\/inclusivenews.com.br\/?p=30904#article","isPartOf":{"@id":"https:\/\/inclusivenews.com.br\/?p=30904"},"author":{"name":"Inclusive","@id":"https:\/\/inclusivenews.com.br\/#\/schema\/person\/0dab492019871b94abb65fa8ee7c8c44"},"headline":"A professora que re-uniu","datePublished":"2018-03-22T16:25:40+00:00","mainEntityOfPage":{"@id":"https:\/\/inclusivenews.com.br\/?p=30904"},"wordCount":1163,"commentCount":1,"publisher":{"@id":"https:\/\/inclusivenews.com.br\/#organization"},"image":{"@id":"https:\/\/inclusivenews.com.br\/?p=30904#primaryimage"},"thumbnailUrl":"","articleSection":["INCLUS\u00c3O SOCIAL","OPINI\u00c3O","SHOW","SHOWZ"],"inLanguage":"pt-PT","potentialAction":[{"@type":"CommentAction","name":"Comment","target":["https:\/\/inclusivenews.com.br\/?p=30904#respond"]}]},{"@type":"WebPage","@id":"https:\/\/inclusivenews.com.br\/?p=30904","url":"https:\/\/inclusivenews.com.br\/?p=30904","name":"A professora que re-uniu -","isPartOf":{"@id":"https:\/\/inclusivenews.com.br\/#website"},"primaryImageOfPage":{"@id":"https:\/\/inclusivenews.com.br\/?p=30904#primaryimage"},"image":{"@id":"https:\/\/inclusivenews.com.br\/?p=30904#primaryimage"},"thumbnailUrl":"","datePublished":"2018-03-22T16:25:40+00:00","breadcrumb":{"@id":"https:\/\/inclusivenews.com.br\/?p=30904#breadcrumb"},"inLanguage":"pt-PT","potentialAction":[{"@type":"ReadAction","target":["https:\/\/inclusivenews.com.br\/?p=30904"]}]},{"@type":"ImageObject","inLanguage":"pt-PT","@id":"https:\/\/inclusivenews.com.br\/?p=30904#primaryimage","url":"","contentUrl":""},{"@type":"BreadcrumbList","@id":"https:\/\/inclusivenews.com.br\/?p=30904#breadcrumb","itemListElement":[{"@type":"ListItem","position":1,"name":"In\u00edcio","item":"https:\/\/inclusivenews.com.br\/"},{"@type":"ListItem","position":2,"name":"A professora que re-uniu"}]},{"@type":"WebSite","@id":"https:\/\/inclusivenews.com.br\/#website","url":"https:\/\/inclusivenews.com.br\/","name":"Inclusive News","description":"Inclusive News","publisher":{"@id":"https:\/\/inclusivenews.com.br\/#organization"},"potentialAction":[{"@type":"SearchAction","target":{"@type":"EntryPoint","urlTemplate":"https:\/\/inclusivenews.com.br\/?s={search_term_string}"},"query-input":{"@type":"PropertyValueSpecification","valueRequired":true,"valueName":"search_term_string"}}],"inLanguage":"pt-PT"},{"@type":"Organization","@id":"https:\/\/inclusivenews.com.br\/#organization","name":"Inclusive - inclus\u00e3o e cidadania","url":"https:\/\/inclusivenews.com.br\/","logo":{"@type":"ImageObject","inLanguage":"pt-PT","@id":"https:\/\/inclusivenews.com.br\/#\/schema\/logo\/image\/","url":"https:\/\/inclusivenews.com.br\/wp-content\/uploads\/2024\/03\/@grandesite.png","contentUrl":"https:\/\/inclusivenews.com.br\/wp-content\/uploads\/2024\/03\/@grandesite.png","width":1080,"height":1080,"caption":"Inclusive - inclus\u00e3o e cidadania"},"image":{"@id":"https:\/\/inclusivenews.com.br\/#\/schema\/logo\/image\/"},"sameAs":["https:\/\/www.facebook.com\/agenciainclusive\/","https:\/\/www.instagram.com\/newsinclusive\/"]},{"@type":"Person","@id":"https:\/\/inclusivenews.com.br\/#\/schema\/person\/0dab492019871b94abb65fa8ee7c8c44","name":"Inclusive","image":{"@type":"ImageObject","inLanguage":"pt-PT","@id":"https:\/\/secure.gravatar.com\/avatar\/?s=96&d=mm&r=g","url":"https:\/\/secure.gravatar.com\/avatar\/?s=96&d=mm&r=g","contentUrl":"https:\/\/secure.gravatar.com\/avatar\/?s=96&d=mm&r=g","caption":"Inclusive"},"url":"https:\/\/inclusivenews.com.br\/?author=2"}]}},"_links":{"self":[{"href":"https:\/\/inclusivenews.com.br\/index.php?rest_route=\/wp\/v2\/posts\/30904","targetHints":{"allow":["GET"]}}],"collection":[{"href":"https:\/\/inclusivenews.com.br\/index.php?rest_route=\/wp\/v2\/posts"}],"about":[{"href":"https:\/\/inclusivenews.com.br\/index.php?rest_route=\/wp\/v2\/types\/post"}],"author":[{"embeddable":true,"href":"https:\/\/inclusivenews.com.br\/index.php?rest_route=\/wp\/v2\/users\/2"}],"replies":[{"embeddable":true,"href":"https:\/\/inclusivenews.com.br\/index.php?rest_route=%2Fwp%2Fv2%2Fcomments&post=30904"}],"version-history":[{"count":0,"href":"https:\/\/inclusivenews.com.br\/index.php?rest_route=\/wp\/v2\/posts\/30904\/revisions"}],"wp:featuredmedia":[{"embeddable":true,"href":"https:\/\/inclusivenews.com.br\/index.php?rest_route=\/"}],"wp:attachment":[{"href":"https:\/\/inclusivenews.com.br\/index.php?rest_route=%2Fwp%2Fv2%2Fmedia&parent=30904"}],"wp:term":[{"taxonomy":"category","embeddable":true,"href":"https:\/\/inclusivenews.com.br\/index.php?rest_route=%2Fwp%2Fv2%2Fcategories&post=30904"},{"taxonomy":"post_tag","embeddable":true,"href":"https:\/\/inclusivenews.com.br\/index.php?rest_route=%2Fwp%2Fv2%2Ftags&post=30904"}],"curies":[{"name":"wp","href":"https:\/\/api.w.org\/{rel}","templated":true}]}}