{"id":30911,"date":"2018-03-23T13:36:22","date_gmt":"2018-03-23T16:36:22","guid":{"rendered":"http:\/\/www.inclusive.org.br\/?p=30911"},"modified":"2018-03-23T13:36:22","modified_gmt":"2018-03-23T16:36:22","slug":"what-i-bring-to-my-community-un-geneva-2132018","status":"publish","type":"post","link":"https:\/\/inclusivenews.com.br\/?p=30911","title":{"rendered":"What I bring to my community &#8211; UN Geneva, 21\/3\/2018"},"content":{"rendered":"<div class=\"mceTemp\"><\/div>\n<figure id=\"attachment_30920\" aria-describedby=\"caption-attachment-30920\" style=\"width: 300px\" class=\"wp-caption alignnone\"><img loading=\"lazy\" decoding=\"async\" class=\"size-medium wp-image-30920\" src=\"http:\/\/inclusivenews.com.br\/wp-content\/uploads\/610A6216-300x194.jpg\" alt=\"Down syndrome self advocates pose for picture in front of the UN building during the World Down Syndrome Day events at the Palais the Nations, United Nations, Geneva. 21\/03\/2018 Photo: Paula Dias Leite\" width=\"300\" height=\"194\" \/><figcaption id=\"caption-attachment-30920\" class=\"wp-caption-text\">Down syndrome self advocates pose for picture in front of the UN building during the World Down Syndrome Day events at the Palais the Nations, United Nations, Geneva. 21\/03\/2018 Photo: Paula Dias Leite<\/figcaption><\/figure>\n<figure id=\"attachment_30912\" aria-describedby=\"caption-attachment-30912\" style=\"width: 300px\" class=\"wp-caption alignnone\"><img loading=\"lazy\" decoding=\"async\" class=\"size-medium wp-image-30912\" src=\"http:\/\/inclusivenews.com.br\/wp-content\/uploads\/emb-300x200.jpg\" alt=\"Brazilian Ambassador Maria Nazareth Farani Azev\u00eado opens the World Down Syndrome Day meeting at the Palais the Nations, United Nations, Geneva. 21\/03\/2018 Photo: Paula Dias Leite\/DSI\" width=\"300\" height=\"200\" \/><figcaption id=\"caption-attachment-30912\" class=\"wp-caption-text\">Brazilian Ambassador Maria Nazareth Farani Azev\u00eado opens the World Down Syndrome Day meeting at the Palais the Nations, United Nations, Geneva. 21\/03\/2018 Photo: Paula Dias Leite\/DSI<\/figcaption><\/figure>\n<figure id=\"attachment_30913\" aria-describedby=\"caption-attachment-30913\" style=\"width: 300px\" class=\"wp-caption alignnone\"><img loading=\"lazy\" decoding=\"async\" class=\"size-medium wp-image-30913\" src=\"http:\/\/inclusivenews.com.br\/wp-content\/uploads\/ger-mesa-300x200.jpg\" alt=\"Brazilian Ambassador Maria Nazareth Farani Azev\u00eado opens the World Down Syndrome Day meeting at the Palais the Nations, United Nations, Geneva. 21\/03\/2018 Photo: Paula Dias Leite\/DSI\" width=\"300\" height=\"200\" \/><figcaption id=\"caption-attachment-30913\" class=\"wp-caption-text\">Brazilian Ambassador Maria Nazareth Farani Azev\u00eado opens the World Down Syndrome Day meeting at the Palais the Nations, United Nations, Geneva. 21\/03\/2018 Photo: Paula Dias Leite\/DSI<\/figcaption><\/figure>\n<figure id=\"attachment_30914\" aria-describedby=\"caption-attachment-30914\" style=\"width: 300px\" class=\"wp-caption alignnone\"><img loading=\"lazy\" decoding=\"async\" class=\"size-medium wp-image-30914\" src=\"http:\/\/inclusivenews.com.br\/wp-content\/uploads\/dam-300x200.jpg\" alt=\"Down syndrome self advocates present their cases during the World Down Syndrome Day meeting at the Palais the Nations, United Nations, Geneva. 21\/03\/2018 Photo: Paula Dias Leite\/DSI\" width=\"300\" height=\"200\" \/><figcaption id=\"caption-attachment-30914\" class=\"wp-caption-text\">Down syndrome self advocates present their cases during the World Down Syndrome Day meeting at the Palais the Nations, United Nations, Geneva. 21\/03\/2018 Photo: Paula Dias Leite\/DSI<\/figcaption><\/figure>\n<figure id=\"attachment_30916\" aria-describedby=\"caption-attachment-30916\" style=\"width: 200px\" class=\"wp-caption alignnone\"><img loading=\"lazy\" decoding=\"async\" class=\"size-medium wp-image-30916\" src=\"http:\/\/inclusivenews.com.br\/wp-content\/uploads\/samle-200x300.jpg\" alt=\"Down syndrome self advocates present their cases during the World Down Syndrome Day meeting at the Palais the Nations, United Nations, Geneva. 21\/03\/2018 Photo: Paula Dias Leite\/DSI\" width=\"200\" height=\"300\" \/><figcaption id=\"caption-attachment-30916\" class=\"wp-caption-text\">Down syndrome self advocates present their cases during the World Down Syndrome Day meeting at the Palais the Nations, United Nations, Geneva. 21\/03\/2018 Photo: Paula Dias Leite\/DSI<\/figcaption><\/figure>\n<figure id=\"attachment_30917\" aria-describedby=\"caption-attachment-30917\" style=\"width: 300px\" class=\"wp-caption alignnone\"><img loading=\"lazy\" decoding=\"async\" class=\"size-medium wp-image-30917\" src=\"http:\/\/inclusivenews.com.br\/wp-content\/uploads\/sarah-300x200.jpg\" alt=\"Down syndrome self advocates present their cases during the World Down Syndrome Day meeting at the Palais the Nations, United Nations, Geneva. 21\/03\/2018 Photo: Paula Dias Leite\/DSI\" width=\"300\" height=\"200\" \/><figcaption id=\"caption-attachment-30917\" class=\"wp-caption-text\">Down syndrome self advocates present their cases during the World Down Syndrome Day meeting at the Palais the Nations, United Nations, Geneva. 21\/03\/2018 Photo: Paula Dias Leite\/DSI<\/figcaption><\/figure>\n<p>&nbsp;<\/p>\n<p>To mark the celebration of World Down Syndrome Day 2018, the\u00a0Permanent Mission of Brazil to the UN in Geneva and Down Syndrome International organized the side event &#8220;What I bring to my community &#8211;\u00a0Enabling all persons with Down syndrome to speak up on how they can contribute and live fulfilling lives, fully included in the community during the\u00a0<strong>\u00a0<\/strong>37<sup>th<\/sup> Session of the Human Rights Council at the Palais des Nations of the United Nations, in Geneva.<\/p>\n<p>The event was attended by 80 people, including people with Down Syndrome, their family members, country representatives, NGOs\u00a0and professionals.<\/p>\n<p>The event was opened by\u00a0Ambassador Maria Nazareth Farani Azev\u00eado, Permanent Representative of Brazil to the UN in Geneva (speech below), followed by<strong>\u00a0<\/strong>Prof. Mar\u00eda Soledad Cisternas Reyes, Special Envoy of the Secretary General on Disability and Accessibility.\u00a0 Pat Clarke, President of the European Down Syndrome Association and member of the board of Down Syndrome International, moderated the panel. Self-advocates\u00a0David Clarke,\u00a0from Ireland,\u00a0Samuel Sestaro de Carvalho, from Brazil,\u00a0Sarah Gordy,\u00a0from the United Kingdom and Damian Bright, from Switzerland.<\/p>\n<p>The Israeli Ambassador Aviva Raz Schechter and Ambassador Miriam Shearman, UK Deputy Representative, asked questions to the panelists, followed by statements by self-advocates Malgozarta Jablonska, from Poland, David O&#8217;Brien, from Ireland, Pearl Luthy, from New Zealand, Viviane Rath, from Switzerland and Cai Zonghao, from China.<\/p>\n<p>A video of the event will be available soon.<\/p>\n<p>&nbsp;<\/p>\n<p>&nbsp;<\/p>\n<p>&nbsp;<\/p>\n<p>&nbsp;<\/p>\n<p>&nbsp;<\/p>\n<p>&nbsp;<\/p>\n<p>&nbsp;<\/p>\n<p><strong><u>Concept note<\/u><\/strong><\/p>\n<p><strong>World Down Syndrome Day (WDSD)<\/strong><\/p>\n<p>WDSD is a global awareness day recognised since 2012 by the UN, which takes place on 21 March every year. 21 March, or 21:3, signifies the triplication of chromosome 21, unique to persons with Down syndrome. On 19 December 2011, the United Nations General Assembly declared 21 March as World Down Syndrome Day (<a href=\"http:\/\/www.un.org\/ga\/search\/viewm_doc.asp?symbol=A\/RES\/66\/149\">A\/RES\/66\/149<\/a>).<\/p>\n<p>&nbsp;<\/p>\n<p><strong>Summary of event<\/strong><\/p>\n<p>The overall aim of the event will be for persons with Down syndrome to reach out to government and UN officials to ensure they see how persons with Down syndrome can and do make meaningful contributions to the community throughout their lives. In doing so, we hope to encourage these key stakeholders to disseminate this message through their work to bring about change and ensure persons with Down syndrome have opportunities to contribute.<\/p>\n<p>&nbsp;<\/p>\n<p>Participants will comprise a mix of persons with Down syndrome, supporters and advocates, government and UN officials and NGO representatives with professional experience and expertise. Efforts will be made to invite participants from a diverse range of countries and world regions.<\/p>\n<p>&nbsp;<\/p>\n<p>The side event will feature presentations by self-advocates with Down syndrome and an \u201copen format\u201d discussion to encourage maximum learning and arrive at tangible follow up actions.<\/p>\n<p>&nbsp;<\/p>\n<p><strong>Moderator: \u00a0\u00a0\u00a0\u00a0\u00a0\u00a0\u00a0\u00a0\u00a0\u00a0\u00a0\u00a0\u00a0\u00a0\u00a0<\/strong>Pat Clarke, President of the European Down Syndrome Association<\/p>\n<p>&nbsp;<\/p>\n<p><strong>Opening Remarks: <\/strong>Ambassador Maria Nazareth Farani Azev\u00eado, Permanent Representative of Brazil to the UN in Geneva<\/p>\n<p><strong>\u00a0 \u00a0 \u00a0 \u00a0 \u00a0 \u00a0 \u00a0 \u00a0 \u00a0 \u00a0 \u00a0 \u00a0 \u00a0 \u00a0 \u00a0 \u00a0 \u00a0 \u00a0 \u00a0 \u00a0<\/strong>Prof. Mar\u00eda Soledad Cisternas Reyes, Special Envoy of the Secretary General on Disability and Accessibility<\/p>\n<p>&nbsp;<\/p>\n<p><strong>Panellists: <\/strong>David Clarke, Self-Advocate &#8211; Ireland<\/p>\n<p>Ma\u0142gorzata Jab\u0142o\u0144ska, Self-Advocate &#8211; Poland<\/p>\n<p>Samuel de Carvalho, Self-Advocate \u2013 Brazil<\/p>\n<p>Sarah Gordy, Self-Advocate \u2013 United Kingdom<\/p>\n<p>&nbsp;<\/p>\n<p><strong>Format:<\/strong>\u00a0 After opening statements from the Permanent Representative of Brazil and the Special Envoy of the Secretary General, self-advocates with Down syndrome will present on the subject \u2018What I bring to my community\u2019. These presentations may be as a group or be in question and answer format, to ensure that all self-advocates with Down syndrome are able to participate fully.<\/p>\n<p><strong>\u00a0<\/strong>Then there will be an \u2018open format\u2019 discussion with questions to be answered by human rights advocates, self-advocates with intellectual disabilities, and other participants.<\/p>\n<p>&nbsp;<\/p>\n<p><strong>Organisation:<\/strong>\u00a0This event is organised by the Permanent Mission of Brazil to the UN in Geneva\u00a0and Down Syndrome International, co-sponsored by the Permanent Mission of India, the Permanent Mission of Israel, the Permanent Mission of the United Kingdom and the Office of the High Commissioner for Human Rights, with the support from the Special Rapporteur on the rights of persons with disabilities and the International Disability Alliance.<\/p>\n<p>21 March 2018 \u2013 10:30<\/p>\n<p>Room VII, Palais des Nations<\/p>\n<p>&nbsp;<\/p>\n<p><strong>Opening remarks &#8211;\u00a0Ambassador Maria Nazareth Farani Azev\u00eado, Permanent Representative of Brazil to the UN in Geneva<\/strong><\/p>\n<p>It is a great honor for us to host, for the second time in Geneva, this side event to mark the World Down Syndrome Day, together with Down Syndrome International.<\/p>\n<p>This year, we are proud to have with us in this endeavor the Permanent Missions of India, Israel and the United Kingdom, as well as the Office of the High Commissioner for Human Rights and the International Disability Alliance. The Special Rapporteur on the rights of persons with disabilities is also supporting this celebration.<\/p>\n<p>I would like to specially thank the Permanent Mission of Israel, that is providing captioning to the event and the International Disability Alliance, that is supporting us with webcasting.<\/p>\n<p>I would also like to warmly welcome all participants: representatives of Permanent Missions, of civil society, of international organizations, webcasters, and most importantly, persons with Down syndrome, who will express their views on how than can contribute and live fulfilling lives and by fully included in the community.<\/p>\n<p>As you know, 21 March was declared by the UN General Assembly as World Down Syndrome Day by a resolution proposed by Brazil in 2011. This resolution was adopted by consensus and was co-sponsored by 78 UN Member States.<\/p>\n<p>Brazil has participated actively in the draft of the Convention on the Rights of Persons with Disabilities and is committed to adjust laws and public policies to promote the inclusion of persons with disabilities in society on a full and equal basis with others. Our best achievement so far has been in education, where the presence of students with disabilities in regular schools has increased in the last decade to over 90% in public basic education. Reflex of that, is that we see more and more people with disabilities in universities, including over 40 students with Down syndrome, who are undertaking their studies for their future careers.<\/p>\n<p>Before concluding, allow me to inform you that right after this side event, the Permanent Mission of India will host a second meeting, in this same room, also to mark the World Down Syndrome Day. We are all invited to stay and to continue to constructively debate on the rights of persons with Down syndrome in the afternoon.<\/p>\n<p>As we move towards the 2030 Agenda of Sustainable Development Goals, which specifically calls for the participation of people with disabilities in every aspect of society, we hope that soon we will have no need for international days. But until then, let&#8217;s give the floor to people with Down syndrome.<\/p>\n","protected":false},"excerpt":{"rendered":"<p>&nbsp; To mark the celebration of World Down Syndrome Day 2018, the\u00a0Permanent Mission of Brazil to the UN in Geneva and Down Syndrome International organized the side event &#8220;What I bring to my community &#8211;\u00a0Enabling all persons with Down syndrome to speak up on how they can contribute and live fulfilling lives, fully included in [&hellip;]<\/p>\n","protected":false},"author":2,"featured_media":30920,"comment_status":"open","ping_status":"open","sticky":false,"template":"","format":"standard","meta":{"site-container-style":"default","site-container-layout":"default","site-sidebar-layout":"default","disable-article-header":"default","disable-site-header":"default","disable-site-footer":"default","disable-content-area-spacing":"default","footnotes":""},"categories":[4,427],"tags":[],"class_list":["post-30911","post","type-post","status-publish","format-standard","has-post-thumbnail","hentry","category-noticias","category-wdsd-2018"],"yoast_head":"<!-- This site is optimized with the Yoast SEO plugin v27.4 - https:\/\/yoast.com\/product\/yoast-seo-wordpress\/ -->\n<title>What I bring to my community - UN Geneva, 21\/3\/2018 -<\/title>\n<meta name=\"robots\" content=\"index, follow, max-snippet:-1, max-image-preview:large, max-video-preview:-1\" \/>\n<link rel=\"canonical\" href=\"https:\/\/inclusivenews.com.br\/?p=30911\" \/>\n<meta property=\"og:locale\" content=\"pt_PT\" \/>\n<meta property=\"og:type\" content=\"article\" \/>\n<meta property=\"og:title\" content=\"What I bring to my community - UN Geneva, 21\/3\/2018 -\" \/>\n<meta property=\"og:description\" content=\"&nbsp; To mark the celebration of World Down Syndrome Day 2018, the\u00a0Permanent Mission of Brazil to the UN in Geneva and Down Syndrome International organized the side event &#8220;What I bring to my community &#8211;\u00a0Enabling all persons with Down syndrome to speak up on how they can contribute and live fulfilling lives, fully included in [&hellip;]\" \/>\n<meta property=\"og:url\" content=\"https:\/\/inclusivenews.com.br\/?p=30911\" \/>\n<meta property=\"article:publisher\" content=\"https:\/\/www.facebook.com\/agenciainclusive\/\" \/>\n<meta property=\"article:published_time\" content=\"2018-03-23T16:36:22+00:00\" \/>\n<meta name=\"author\" content=\"Inclusive\" \/>\n<meta name=\"twitter:card\" content=\"summary_large_image\" \/>\n<meta name=\"twitter:label1\" content=\"Escrito por\" \/>\n\t<meta name=\"twitter:data1\" content=\"Inclusive\" \/>\n\t<meta name=\"twitter:label2\" content=\"Tempo estimado de leitura\" \/>\n\t<meta name=\"twitter:data2\" content=\"7 minutos\" \/>\n<script type=\"application\/ld+json\" class=\"yoast-schema-graph\">{\"@context\":\"https:\\\/\\\/schema.org\",\"@graph\":[{\"@type\":\"Article\",\"@id\":\"https:\\\/\\\/inclusivenews.com.br\\\/?p=30911#article\",\"isPartOf\":{\"@id\":\"https:\\\/\\\/inclusivenews.com.br\\\/?p=30911\"},\"author\":{\"name\":\"Inclusive\",\"@id\":\"https:\\\/\\\/inclusivenews.com.br\\\/#\\\/schema\\\/person\\\/0dab492019871b94abb65fa8ee7c8c44\"},\"headline\":\"What I bring to my community &#8211; UN Geneva, 21\\\/3\\\/2018\",\"datePublished\":\"2018-03-23T16:36:22+00:00\",\"mainEntityOfPage\":{\"@id\":\"https:\\\/\\\/inclusivenews.com.br\\\/?p=30911\"},\"wordCount\":1320,\"commentCount\":0,\"publisher\":{\"@id\":\"https:\\\/\\\/inclusivenews.com.br\\\/#organization\"},\"image\":{\"@id\":\"https:\\\/\\\/inclusivenews.com.br\\\/?p=30911#primaryimage\"},\"thumbnailUrl\":\"\",\"articleSection\":[\"NOT\u00cdCIAS\",\"WDSD 2018\"],\"inLanguage\":\"pt-PT\",\"potentialAction\":[{\"@type\":\"CommentAction\",\"name\":\"Comment\",\"target\":[\"https:\\\/\\\/inclusivenews.com.br\\\/?p=30911#respond\"]}]},{\"@type\":\"WebPage\",\"@id\":\"https:\\\/\\\/inclusivenews.com.br\\\/?p=30911\",\"url\":\"https:\\\/\\\/inclusivenews.com.br\\\/?p=30911\",\"name\":\"What I bring to my community - UN Geneva, 21\\\/3\\\/2018 -\",\"isPartOf\":{\"@id\":\"https:\\\/\\\/inclusivenews.com.br\\\/#website\"},\"primaryImageOfPage\":{\"@id\":\"https:\\\/\\\/inclusivenews.com.br\\\/?p=30911#primaryimage\"},\"image\":{\"@id\":\"https:\\\/\\\/inclusivenews.com.br\\\/?p=30911#primaryimage\"},\"thumbnailUrl\":\"\",\"datePublished\":\"2018-03-23T16:36:22+00:00\",\"breadcrumb\":{\"@id\":\"https:\\\/\\\/inclusivenews.com.br\\\/?p=30911#breadcrumb\"},\"inLanguage\":\"pt-PT\",\"potentialAction\":[{\"@type\":\"ReadAction\",\"target\":[\"https:\\\/\\\/inclusivenews.com.br\\\/?p=30911\"]}]},{\"@type\":\"ImageObject\",\"inLanguage\":\"pt-PT\",\"@id\":\"https:\\\/\\\/inclusivenews.com.br\\\/?p=30911#primaryimage\",\"url\":\"\",\"contentUrl\":\"\"},{\"@type\":\"BreadcrumbList\",\"@id\":\"https:\\\/\\\/inclusivenews.com.br\\\/?p=30911#breadcrumb\",\"itemListElement\":[{\"@type\":\"ListItem\",\"position\":1,\"name\":\"In\u00edcio\",\"item\":\"https:\\\/\\\/inclusivenews.com.br\\\/\"},{\"@type\":\"ListItem\",\"position\":2,\"name\":\"What I bring to my community &#8211; UN Geneva, 21\\\/3\\\/2018\"}]},{\"@type\":\"WebSite\",\"@id\":\"https:\\\/\\\/inclusivenews.com.br\\\/#website\",\"url\":\"https:\\\/\\\/inclusivenews.com.br\\\/\",\"name\":\"Inclusive News\",\"description\":\"Inclusive News\",\"publisher\":{\"@id\":\"https:\\\/\\\/inclusivenews.com.br\\\/#organization\"},\"potentialAction\":[{\"@type\":\"SearchAction\",\"target\":{\"@type\":\"EntryPoint\",\"urlTemplate\":\"https:\\\/\\\/inclusivenews.com.br\\\/?s={search_term_string}\"},\"query-input\":{\"@type\":\"PropertyValueSpecification\",\"valueRequired\":true,\"valueName\":\"search_term_string\"}}],\"inLanguage\":\"pt-PT\"},{\"@type\":\"Organization\",\"@id\":\"https:\\\/\\\/inclusivenews.com.br\\\/#organization\",\"name\":\"Inclusive - inclus\u00e3o e cidadania\",\"url\":\"https:\\\/\\\/inclusivenews.com.br\\\/\",\"logo\":{\"@type\":\"ImageObject\",\"inLanguage\":\"pt-PT\",\"@id\":\"https:\\\/\\\/inclusivenews.com.br\\\/#\\\/schema\\\/logo\\\/image\\\/\",\"url\":\"https:\\\/\\\/inclusivenews.com.br\\\/wp-content\\\/uploads\\\/2024\\\/03\\\/@grandesite.png\",\"contentUrl\":\"https:\\\/\\\/inclusivenews.com.br\\\/wp-content\\\/uploads\\\/2024\\\/03\\\/@grandesite.png\",\"width\":1080,\"height\":1080,\"caption\":\"Inclusive - inclus\u00e3o e cidadania\"},\"image\":{\"@id\":\"https:\\\/\\\/inclusivenews.com.br\\\/#\\\/schema\\\/logo\\\/image\\\/\"},\"sameAs\":[\"https:\\\/\\\/www.facebook.com\\\/agenciainclusive\\\/\",\"https:\\\/\\\/www.instagram.com\\\/newsinclusive\\\/\"]},{\"@type\":\"Person\",\"@id\":\"https:\\\/\\\/inclusivenews.com.br\\\/#\\\/schema\\\/person\\\/0dab492019871b94abb65fa8ee7c8c44\",\"name\":\"Inclusive\",\"image\":{\"@type\":\"ImageObject\",\"inLanguage\":\"pt-PT\",\"@id\":\"https:\\\/\\\/secure.gravatar.com\\\/avatar\\\/?s=96&d=mm&r=g\",\"url\":\"https:\\\/\\\/secure.gravatar.com\\\/avatar\\\/?s=96&d=mm&r=g\",\"contentUrl\":\"https:\\\/\\\/secure.gravatar.com\\\/avatar\\\/?s=96&d=mm&r=g\",\"caption\":\"Inclusive\"},\"url\":\"https:\\\/\\\/inclusivenews.com.br\\\/?author=2\"}]}<\/script>\n<!-- \/ Yoast SEO plugin. -->","yoast_head_json":{"title":"What I bring to my community - UN Geneva, 21\/3\/2018 -","robots":{"index":"index","follow":"follow","max-snippet":"max-snippet:-1","max-image-preview":"max-image-preview:large","max-video-preview":"max-video-preview:-1"},"canonical":"https:\/\/inclusivenews.com.br\/?p=30911","og_locale":"pt_PT","og_type":"article","og_title":"What I bring to my community - UN Geneva, 21\/3\/2018 -","og_description":"&nbsp; To mark the celebration of World Down Syndrome Day 2018, the\u00a0Permanent Mission of Brazil to the UN in Geneva and Down Syndrome International organized the side event &#8220;What I bring to my community &#8211;\u00a0Enabling all persons with Down syndrome to speak up on how they can contribute and live fulfilling lives, fully included in [&hellip;]","og_url":"https:\/\/inclusivenews.com.br\/?p=30911","article_publisher":"https:\/\/www.facebook.com\/agenciainclusive\/","article_published_time":"2018-03-23T16:36:22+00:00","author":"Inclusive","twitter_card":"summary_large_image","twitter_misc":{"Escrito por":"Inclusive","Tempo estimado de leitura":"7 minutos"},"schema":{"@context":"https:\/\/schema.org","@graph":[{"@type":"Article","@id":"https:\/\/inclusivenews.com.br\/?p=30911#article","isPartOf":{"@id":"https:\/\/inclusivenews.com.br\/?p=30911"},"author":{"name":"Inclusive","@id":"https:\/\/inclusivenews.com.br\/#\/schema\/person\/0dab492019871b94abb65fa8ee7c8c44"},"headline":"What I bring to my community &#8211; UN Geneva, 21\/3\/2018","datePublished":"2018-03-23T16:36:22+00:00","mainEntityOfPage":{"@id":"https:\/\/inclusivenews.com.br\/?p=30911"},"wordCount":1320,"commentCount":0,"publisher":{"@id":"https:\/\/inclusivenews.com.br\/#organization"},"image":{"@id":"https:\/\/inclusivenews.com.br\/?p=30911#primaryimage"},"thumbnailUrl":"","articleSection":["NOT\u00cdCIAS","WDSD 2018"],"inLanguage":"pt-PT","potentialAction":[{"@type":"CommentAction","name":"Comment","target":["https:\/\/inclusivenews.com.br\/?p=30911#respond"]}]},{"@type":"WebPage","@id":"https:\/\/inclusivenews.com.br\/?p=30911","url":"https:\/\/inclusivenews.com.br\/?p=30911","name":"What I bring to my community - UN Geneva, 21\/3\/2018 -","isPartOf":{"@id":"https:\/\/inclusivenews.com.br\/#website"},"primaryImageOfPage":{"@id":"https:\/\/inclusivenews.com.br\/?p=30911#primaryimage"},"image":{"@id":"https:\/\/inclusivenews.com.br\/?p=30911#primaryimage"},"thumbnailUrl":"","datePublished":"2018-03-23T16:36:22+00:00","breadcrumb":{"@id":"https:\/\/inclusivenews.com.br\/?p=30911#breadcrumb"},"inLanguage":"pt-PT","potentialAction":[{"@type":"ReadAction","target":["https:\/\/inclusivenews.com.br\/?p=30911"]}]},{"@type":"ImageObject","inLanguage":"pt-PT","@id":"https:\/\/inclusivenews.com.br\/?p=30911#primaryimage","url":"","contentUrl":""},{"@type":"BreadcrumbList","@id":"https:\/\/inclusivenews.com.br\/?p=30911#breadcrumb","itemListElement":[{"@type":"ListItem","position":1,"name":"In\u00edcio","item":"https:\/\/inclusivenews.com.br\/"},{"@type":"ListItem","position":2,"name":"What I bring to my community &#8211; UN Geneva, 21\/3\/2018"}]},{"@type":"WebSite","@id":"https:\/\/inclusivenews.com.br\/#website","url":"https:\/\/inclusivenews.com.br\/","name":"Inclusive News","description":"Inclusive News","publisher":{"@id":"https:\/\/inclusivenews.com.br\/#organization"},"potentialAction":[{"@type":"SearchAction","target":{"@type":"EntryPoint","urlTemplate":"https:\/\/inclusivenews.com.br\/?s={search_term_string}"},"query-input":{"@type":"PropertyValueSpecification","valueRequired":true,"valueName":"search_term_string"}}],"inLanguage":"pt-PT"},{"@type":"Organization","@id":"https:\/\/inclusivenews.com.br\/#organization","name":"Inclusive - inclus\u00e3o e cidadania","url":"https:\/\/inclusivenews.com.br\/","logo":{"@type":"ImageObject","inLanguage":"pt-PT","@id":"https:\/\/inclusivenews.com.br\/#\/schema\/logo\/image\/","url":"https:\/\/inclusivenews.com.br\/wp-content\/uploads\/2024\/03\/@grandesite.png","contentUrl":"https:\/\/inclusivenews.com.br\/wp-content\/uploads\/2024\/03\/@grandesite.png","width":1080,"height":1080,"caption":"Inclusive - inclus\u00e3o e cidadania"},"image":{"@id":"https:\/\/inclusivenews.com.br\/#\/schema\/logo\/image\/"},"sameAs":["https:\/\/www.facebook.com\/agenciainclusive\/","https:\/\/www.instagram.com\/newsinclusive\/"]},{"@type":"Person","@id":"https:\/\/inclusivenews.com.br\/#\/schema\/person\/0dab492019871b94abb65fa8ee7c8c44","name":"Inclusive","image":{"@type":"ImageObject","inLanguage":"pt-PT","@id":"https:\/\/secure.gravatar.com\/avatar\/?s=96&d=mm&r=g","url":"https:\/\/secure.gravatar.com\/avatar\/?s=96&d=mm&r=g","contentUrl":"https:\/\/secure.gravatar.com\/avatar\/?s=96&d=mm&r=g","caption":"Inclusive"},"url":"https:\/\/inclusivenews.com.br\/?author=2"}]}},"_links":{"self":[{"href":"https:\/\/inclusivenews.com.br\/index.php?rest_route=\/wp\/v2\/posts\/30911","targetHints":{"allow":["GET"]}}],"collection":[{"href":"https:\/\/inclusivenews.com.br\/index.php?rest_route=\/wp\/v2\/posts"}],"about":[{"href":"https:\/\/inclusivenews.com.br\/index.php?rest_route=\/wp\/v2\/types\/post"}],"author":[{"embeddable":true,"href":"https:\/\/inclusivenews.com.br\/index.php?rest_route=\/wp\/v2\/users\/2"}],"replies":[{"embeddable":true,"href":"https:\/\/inclusivenews.com.br\/index.php?rest_route=%2Fwp%2Fv2%2Fcomments&post=30911"}],"version-history":[{"count":0,"href":"https:\/\/inclusivenews.com.br\/index.php?rest_route=\/wp\/v2\/posts\/30911\/revisions"}],"wp:featuredmedia":[{"embeddable":true,"href":"https:\/\/inclusivenews.com.br\/index.php?rest_route=\/"}],"wp:attachment":[{"href":"https:\/\/inclusivenews.com.br\/index.php?rest_route=%2Fwp%2Fv2%2Fmedia&parent=30911"}],"wp:term":[{"taxonomy":"category","embeddable":true,"href":"https:\/\/inclusivenews.com.br\/index.php?rest_route=%2Fwp%2Fv2%2Fcategories&post=30911"},{"taxonomy":"post_tag","embeddable":true,"href":"https:\/\/inclusivenews.com.br\/index.php?rest_route=%2Fwp%2Fv2%2Ftags&post=30911"}],"curies":[{"name":"wp","href":"https:\/\/api.w.org\/{rel}","templated":true}]}}