{"id":30933,"date":"2018-04-26T06:32:25","date_gmt":"2018-04-26T09:32:25","guid":{"rendered":"http:\/\/www.inclusive.org.br\/?p=30933"},"modified":"2018-04-26T06:32:25","modified_gmt":"2018-04-26T09:32:25","slug":"andrei-bastos-vive-em-nos","status":"publish","type":"post","link":"https:\/\/inclusivenews.com.br\/?p=30933","title":{"rendered":"Andrei Bastos vive em n\u00f3s"},"content":{"rendered":"<p><img loading=\"lazy\" decoding=\"async\" class=\"alignnone size-medium wp-image-30934\" src=\"http:\/\/inclusivenews.com.br\/wp-content\/uploads\/andre-300x225.jpg\" alt=\"Patricia Almeida e Andrei bastos com seu livro Assim\u00e9tricos.\" width=\"300\" height=\"225\" \/><\/p>\n<p><em>Andrei Bastos e seu livro Assim\u00e9tricos, com Patricia Almeida.<\/em><\/p>\n<p>Andr\u00e9 foi um amigo querido. Nos aproximamos durante a campanha pela ratifica\u00e7\u00e3o da Conven\u00e7\u00e3o da ONU sobre os Direitos das Pessoas com Defici\u00eancia no Brasil. Como na \u00e9poca eu morava em Bras\u00edlia s\u00f3 nos conhec\u00edamos por email. Encontrei-o pela primeira vez em uma das a\u00e7\u00f5es da campanha, recolhendo assinaturas no domingo, 3\/5\/2008, no Posto 9, em Ipanema.<\/p>\n<p>Mas suas lutas pelos direitos humanos j\u00e1 vinha de longa data, resistindo, ainda garoto, \u00e0 ditadura, e sempre se colocando ao lados dos oprimidos.<\/p>\n<p><img loading=\"lazy\" decoding=\"async\" class=\"alignnone size-medium wp-image-30935\" src=\"http:\/\/inclusivenews.com.br\/wp-content\/uploads\/gruporio-300x225.jpg\" alt=\"grupo na praia de ipanema recolhendo assinaturas pela ratificacao da convencao.\" width=\"300\" height=\"225\" \/><\/p>\n<p>Al\u00e9m da luta pelos direitos das pessoas com defici\u00eancia, t\u00ednhamos outras coisas em comum &#8211; o jornalismo e tr\u00eas c\u00e2nceres.<\/p>\n<p>Reuniu suas for\u00e7as para tornar a dor de perder o filho Alex, butalmente assassinado \u00e0 noite em um ponto de \u00f4nibus escuro, pela luta por justi\u00e7a e a transforma\u00e7\u00e3o do lugar onde Alex foi morto em\u00a0lugar iluminado, ponto de leitura, brincadeira e paz.<\/p>\n<p><img loading=\"lazy\" decoding=\"async\" class=\"alignnone size-medium wp-image-30936\" src=\"http:\/\/inclusivenews.com.br\/wp-content\/uploads\/livro-1-169x300.jpg\" alt=\"um homem e uma mulher, estante de livros em ponto de onibus. \" width=\"169\" height=\"300\" \/><\/p>\n<p><img loading=\"lazy\" decoding=\"async\" class=\"alignnone size-medium wp-image-30937\" src=\"http:\/\/inclusivenews.com.br\/wp-content\/uploads\/praca-300x225.jpg\" alt=\"varias pessoas com baloes em pra\u00e7a.\" width=\"300\" height=\"225\" \/><\/p>\n<p>Vai fazer muita falta. Mas Andr\u00e9 vai seguir vivendo em nossa luta por justi\u00e7a, contra a desigualdade, pela acessibilidade e inclus\u00e3o.<\/p>\n<p>Temos que fazer da saudade o nosso combust\u00edvel.<\/p>\n<p>#AndreiVive<\/p>\n<p>&nbsp;<\/p>\n<p><em>Patricia Almeida, criadora da Inclusive &#8211; Inclus\u00e3o e Cidadania<\/em><\/p>\n<p>Andrei Bastos foi colaborador da Inclusive durante\u00a0muitos anos e nos brindou com suas cr\u00f4nicas. Escolhi uma delas para homenage\u00e1-lo, que publico abaixo. Para ter acesso a outros textos de Andrei, fa\u00e7a uma busca com seu nome no site.<\/p>\n<p>http:\/\/www.inclusive.org.br\/arquivos\/14819<\/p>\n","protected":false},"excerpt":{"rendered":"<p>Andrei Bastos e seu livro Assim\u00e9tricos, com Patricia Almeida. Andr\u00e9 foi um amigo querido. Nos aproximamos durante a campanha pela ratifica\u00e7\u00e3o da Conven\u00e7\u00e3o da ONU sobre os Direitos das Pessoas com Defici\u00eancia no Brasil. Como na \u00e9poca eu morava em Bras\u00edlia s\u00f3 nos conhec\u00edamos por email. Encontrei-o pela primeira vez em uma das a\u00e7\u00f5es da [&hellip;]<\/p>\n","protected":false},"author":2,"featured_media":0,"comment_status":"open","ping_status":"open","sticky":false,"template":"","format":"standard","meta":{"site-container-style":"default","site-container-layout":"default","site-sidebar-layout":"default","disable-article-header":"default","disable-site-header":"default","disable-site-footer":"default","disable-content-area-spacing":"default","footnotes":""},"categories":[35],"tags":[],"class_list":["post-30933","post","type-post","status-publish","format-standard","hentry","category-de-nossa-parte"],"yoast_head":"<!-- This site is optimized with the Yoast SEO plugin v27.4 - https:\/\/yoast.com\/product\/yoast-seo-wordpress\/ -->\n<title>Andrei Bastos vive em n\u00f3s -<\/title>\n<meta name=\"robots\" content=\"index, follow, max-snippet:-1, max-image-preview:large, max-video-preview:-1\" \/>\n<link rel=\"canonical\" href=\"https:\/\/inclusivenews.com.br\/?p=30933\" \/>\n<meta property=\"og:locale\" content=\"pt_PT\" \/>\n<meta property=\"og:type\" content=\"article\" \/>\n<meta property=\"og:title\" content=\"Andrei Bastos vive em n\u00f3s -\" \/>\n<meta property=\"og:description\" content=\"Andrei Bastos e seu livro Assim\u00e9tricos, com Patricia Almeida. Andr\u00e9 foi um amigo querido. Nos aproximamos durante a campanha pela ratifica\u00e7\u00e3o da Conven\u00e7\u00e3o da ONU sobre os Direitos das Pessoas com Defici\u00eancia no Brasil. Como na \u00e9poca eu morava em Bras\u00edlia s\u00f3 nos conhec\u00edamos por email. Encontrei-o pela primeira vez em uma das a\u00e7\u00f5es da [&hellip;]\" \/>\n<meta property=\"og:url\" content=\"https:\/\/inclusivenews.com.br\/?p=30933\" \/>\n<meta property=\"article:publisher\" content=\"https:\/\/www.facebook.com\/agenciainclusive\/\" \/>\n<meta property=\"article:published_time\" content=\"2018-04-26T09:32:25+00:00\" \/>\n<meta property=\"og:image\" content=\"http:\/\/inclusivenews.com.br\/wp-content\/uploads\/andre-300x225.jpg\" \/>\n<meta name=\"author\" content=\"Inclusive\" \/>\n<meta name=\"twitter:card\" content=\"summary_large_image\" \/>\n<meta name=\"twitter:label1\" content=\"Escrito por\" \/>\n\t<meta name=\"twitter:data1\" content=\"Inclusive\" \/>\n\t<meta name=\"twitter:label2\" content=\"Tempo estimado de leitura\" \/>\n\t<meta name=\"twitter:data2\" content=\"1 minuto\" \/>\n<script type=\"application\/ld+json\" class=\"yoast-schema-graph\">{\"@context\":\"https:\\\/\\\/schema.org\",\"@graph\":[{\"@type\":\"Article\",\"@id\":\"https:\\\/\\\/inclusivenews.com.br\\\/?p=30933#article\",\"isPartOf\":{\"@id\":\"https:\\\/\\\/inclusivenews.com.br\\\/?p=30933\"},\"author\":{\"name\":\"Inclusive\",\"@id\":\"https:\\\/\\\/inclusivenews.com.br\\\/#\\\/schema\\\/person\\\/0dab492019871b94abb65fa8ee7c8c44\"},\"headline\":\"Andrei Bastos vive em n\u00f3s\",\"datePublished\":\"2018-04-26T09:32:25+00:00\",\"mainEntityOfPage\":{\"@id\":\"https:\\\/\\\/inclusivenews.com.br\\\/?p=30933\"},\"wordCount\":263,\"commentCount\":2,\"publisher\":{\"@id\":\"https:\\\/\\\/inclusivenews.com.br\\\/#organization\"},\"image\":{\"@id\":\"https:\\\/\\\/inclusivenews.com.br\\\/?p=30933#primaryimage\"},\"thumbnailUrl\":\"http:\\\/\\\/inclusivenews.com.br\\\/wp-content\\\/uploads\\\/andre-300x225.jpg\",\"articleSection\":[\"+ De nossa parte\"],\"inLanguage\":\"pt-PT\",\"potentialAction\":[{\"@type\":\"CommentAction\",\"name\":\"Comment\",\"target\":[\"https:\\\/\\\/inclusivenews.com.br\\\/?p=30933#respond\"]}]},{\"@type\":\"WebPage\",\"@id\":\"https:\\\/\\\/inclusivenews.com.br\\\/?p=30933\",\"url\":\"https:\\\/\\\/inclusivenews.com.br\\\/?p=30933\",\"name\":\"Andrei Bastos vive em n\u00f3s -\",\"isPartOf\":{\"@id\":\"https:\\\/\\\/inclusivenews.com.br\\\/#website\"},\"primaryImageOfPage\":{\"@id\":\"https:\\\/\\\/inclusivenews.com.br\\\/?p=30933#primaryimage\"},\"image\":{\"@id\":\"https:\\\/\\\/inclusivenews.com.br\\\/?p=30933#primaryimage\"},\"thumbnailUrl\":\"http:\\\/\\\/inclusivenews.com.br\\\/wp-content\\\/uploads\\\/andre-300x225.jpg\",\"datePublished\":\"2018-04-26T09:32:25+00:00\",\"breadcrumb\":{\"@id\":\"https:\\\/\\\/inclusivenews.com.br\\\/?p=30933#breadcrumb\"},\"inLanguage\":\"pt-PT\",\"potentialAction\":[{\"@type\":\"ReadAction\",\"target\":[\"https:\\\/\\\/inclusivenews.com.br\\\/?p=30933\"]}]},{\"@type\":\"ImageObject\",\"inLanguage\":\"pt-PT\",\"@id\":\"https:\\\/\\\/inclusivenews.com.br\\\/?p=30933#primaryimage\",\"url\":\"\",\"contentUrl\":\"\"},{\"@type\":\"BreadcrumbList\",\"@id\":\"https:\\\/\\\/inclusivenews.com.br\\\/?p=30933#breadcrumb\",\"itemListElement\":[{\"@type\":\"ListItem\",\"position\":1,\"name\":\"In\u00edcio\",\"item\":\"https:\\\/\\\/inclusivenews.com.br\\\/\"},{\"@type\":\"ListItem\",\"position\":2,\"name\":\"Andrei Bastos vive em n\u00f3s\"}]},{\"@type\":\"WebSite\",\"@id\":\"https:\\\/\\\/inclusivenews.com.br\\\/#website\",\"url\":\"https:\\\/\\\/inclusivenews.com.br\\\/\",\"name\":\"Inclusive News\",\"description\":\"Inclusive News\",\"publisher\":{\"@id\":\"https:\\\/\\\/inclusivenews.com.br\\\/#organization\"},\"potentialAction\":[{\"@type\":\"SearchAction\",\"target\":{\"@type\":\"EntryPoint\",\"urlTemplate\":\"https:\\\/\\\/inclusivenews.com.br\\\/?s={search_term_string}\"},\"query-input\":{\"@type\":\"PropertyValueSpecification\",\"valueRequired\":true,\"valueName\":\"search_term_string\"}}],\"inLanguage\":\"pt-PT\"},{\"@type\":\"Organization\",\"@id\":\"https:\\\/\\\/inclusivenews.com.br\\\/#organization\",\"name\":\"Inclusive - inclus\u00e3o e cidadania\",\"url\":\"https:\\\/\\\/inclusivenews.com.br\\\/\",\"logo\":{\"@type\":\"ImageObject\",\"inLanguage\":\"pt-PT\",\"@id\":\"https:\\\/\\\/inclusivenews.com.br\\\/#\\\/schema\\\/logo\\\/image\\\/\",\"url\":\"https:\\\/\\\/inclusivenews.com.br\\\/wp-content\\\/uploads\\\/2024\\\/03\\\/@grandesite.png\",\"contentUrl\":\"https:\\\/\\\/inclusivenews.com.br\\\/wp-content\\\/uploads\\\/2024\\\/03\\\/@grandesite.png\",\"width\":1080,\"height\":1080,\"caption\":\"Inclusive - inclus\u00e3o e cidadania\"},\"image\":{\"@id\":\"https:\\\/\\\/inclusivenews.com.br\\\/#\\\/schema\\\/logo\\\/image\\\/\"},\"sameAs\":[\"https:\\\/\\\/www.facebook.com\\\/agenciainclusive\\\/\",\"https:\\\/\\\/www.instagram.com\\\/newsinclusive\\\/\"]},{\"@type\":\"Person\",\"@id\":\"https:\\\/\\\/inclusivenews.com.br\\\/#\\\/schema\\\/person\\\/0dab492019871b94abb65fa8ee7c8c44\",\"name\":\"Inclusive\",\"image\":{\"@type\":\"ImageObject\",\"inLanguage\":\"pt-PT\",\"@id\":\"https:\\\/\\\/secure.gravatar.com\\\/avatar\\\/?s=96&d=mm&r=g\",\"url\":\"https:\\\/\\\/secure.gravatar.com\\\/avatar\\\/?s=96&d=mm&r=g\",\"contentUrl\":\"https:\\\/\\\/secure.gravatar.com\\\/avatar\\\/?s=96&d=mm&r=g\",\"caption\":\"Inclusive\"},\"url\":\"https:\\\/\\\/inclusivenews.com.br\\\/?author=2\"}]}<\/script>\n<!-- \/ Yoast SEO plugin. -->","yoast_head_json":{"title":"Andrei Bastos vive em n\u00f3s -","robots":{"index":"index","follow":"follow","max-snippet":"max-snippet:-1","max-image-preview":"max-image-preview:large","max-video-preview":"max-video-preview:-1"},"canonical":"https:\/\/inclusivenews.com.br\/?p=30933","og_locale":"pt_PT","og_type":"article","og_title":"Andrei Bastos vive em n\u00f3s -","og_description":"Andrei Bastos e seu livro Assim\u00e9tricos, com Patricia Almeida. Andr\u00e9 foi um amigo querido. Nos aproximamos durante a campanha pela ratifica\u00e7\u00e3o da Conven\u00e7\u00e3o da ONU sobre os Direitos das Pessoas com Defici\u00eancia no Brasil. Como na \u00e9poca eu morava em Bras\u00edlia s\u00f3 nos conhec\u00edamos por email. Encontrei-o pela primeira vez em uma das a\u00e7\u00f5es da [&hellip;]","og_url":"https:\/\/inclusivenews.com.br\/?p=30933","article_publisher":"https:\/\/www.facebook.com\/agenciainclusive\/","article_published_time":"2018-04-26T09:32:25+00:00","og_image":[{"url":"http:\/\/inclusivenews.com.br\/wp-content\/uploads\/andre-300x225.jpg","type":"","width":"","height":""}],"author":"Inclusive","twitter_card":"summary_large_image","twitter_misc":{"Escrito por":"Inclusive","Tempo estimado de leitura":"1 minuto"},"schema":{"@context":"https:\/\/schema.org","@graph":[{"@type":"Article","@id":"https:\/\/inclusivenews.com.br\/?p=30933#article","isPartOf":{"@id":"https:\/\/inclusivenews.com.br\/?p=30933"},"author":{"name":"Inclusive","@id":"https:\/\/inclusivenews.com.br\/#\/schema\/person\/0dab492019871b94abb65fa8ee7c8c44"},"headline":"Andrei Bastos vive em n\u00f3s","datePublished":"2018-04-26T09:32:25+00:00","mainEntityOfPage":{"@id":"https:\/\/inclusivenews.com.br\/?p=30933"},"wordCount":263,"commentCount":2,"publisher":{"@id":"https:\/\/inclusivenews.com.br\/#organization"},"image":{"@id":"https:\/\/inclusivenews.com.br\/?p=30933#primaryimage"},"thumbnailUrl":"http:\/\/inclusivenews.com.br\/wp-content\/uploads\/andre-300x225.jpg","articleSection":["+ De nossa parte"],"inLanguage":"pt-PT","potentialAction":[{"@type":"CommentAction","name":"Comment","target":["https:\/\/inclusivenews.com.br\/?p=30933#respond"]}]},{"@type":"WebPage","@id":"https:\/\/inclusivenews.com.br\/?p=30933","url":"https:\/\/inclusivenews.com.br\/?p=30933","name":"Andrei Bastos vive em n\u00f3s -","isPartOf":{"@id":"https:\/\/inclusivenews.com.br\/#website"},"primaryImageOfPage":{"@id":"https:\/\/inclusivenews.com.br\/?p=30933#primaryimage"},"image":{"@id":"https:\/\/inclusivenews.com.br\/?p=30933#primaryimage"},"thumbnailUrl":"http:\/\/inclusivenews.com.br\/wp-content\/uploads\/andre-300x225.jpg","datePublished":"2018-04-26T09:32:25+00:00","breadcrumb":{"@id":"https:\/\/inclusivenews.com.br\/?p=30933#breadcrumb"},"inLanguage":"pt-PT","potentialAction":[{"@type":"ReadAction","target":["https:\/\/inclusivenews.com.br\/?p=30933"]}]},{"@type":"ImageObject","inLanguage":"pt-PT","@id":"https:\/\/inclusivenews.com.br\/?p=30933#primaryimage","url":"","contentUrl":""},{"@type":"BreadcrumbList","@id":"https:\/\/inclusivenews.com.br\/?p=30933#breadcrumb","itemListElement":[{"@type":"ListItem","position":1,"name":"In\u00edcio","item":"https:\/\/inclusivenews.com.br\/"},{"@type":"ListItem","position":2,"name":"Andrei Bastos vive em n\u00f3s"}]},{"@type":"WebSite","@id":"https:\/\/inclusivenews.com.br\/#website","url":"https:\/\/inclusivenews.com.br\/","name":"Inclusive News","description":"Inclusive News","publisher":{"@id":"https:\/\/inclusivenews.com.br\/#organization"},"potentialAction":[{"@type":"SearchAction","target":{"@type":"EntryPoint","urlTemplate":"https:\/\/inclusivenews.com.br\/?s={search_term_string}"},"query-input":{"@type":"PropertyValueSpecification","valueRequired":true,"valueName":"search_term_string"}}],"inLanguage":"pt-PT"},{"@type":"Organization","@id":"https:\/\/inclusivenews.com.br\/#organization","name":"Inclusive - inclus\u00e3o e cidadania","url":"https:\/\/inclusivenews.com.br\/","logo":{"@type":"ImageObject","inLanguage":"pt-PT","@id":"https:\/\/inclusivenews.com.br\/#\/schema\/logo\/image\/","url":"https:\/\/inclusivenews.com.br\/wp-content\/uploads\/2024\/03\/@grandesite.png","contentUrl":"https:\/\/inclusivenews.com.br\/wp-content\/uploads\/2024\/03\/@grandesite.png","width":1080,"height":1080,"caption":"Inclusive - inclus\u00e3o e cidadania"},"image":{"@id":"https:\/\/inclusivenews.com.br\/#\/schema\/logo\/image\/"},"sameAs":["https:\/\/www.facebook.com\/agenciainclusive\/","https:\/\/www.instagram.com\/newsinclusive\/"]},{"@type":"Person","@id":"https:\/\/inclusivenews.com.br\/#\/schema\/person\/0dab492019871b94abb65fa8ee7c8c44","name":"Inclusive","image":{"@type":"ImageObject","inLanguage":"pt-PT","@id":"https:\/\/secure.gravatar.com\/avatar\/?s=96&d=mm&r=g","url":"https:\/\/secure.gravatar.com\/avatar\/?s=96&d=mm&r=g","contentUrl":"https:\/\/secure.gravatar.com\/avatar\/?s=96&d=mm&r=g","caption":"Inclusive"},"url":"https:\/\/inclusivenews.com.br\/?author=2"}]}},"_links":{"self":[{"href":"https:\/\/inclusivenews.com.br\/index.php?rest_route=\/wp\/v2\/posts\/30933","targetHints":{"allow":["GET"]}}],"collection":[{"href":"https:\/\/inclusivenews.com.br\/index.php?rest_route=\/wp\/v2\/posts"}],"about":[{"href":"https:\/\/inclusivenews.com.br\/index.php?rest_route=\/wp\/v2\/types\/post"}],"author":[{"embeddable":true,"href":"https:\/\/inclusivenews.com.br\/index.php?rest_route=\/wp\/v2\/users\/2"}],"replies":[{"embeddable":true,"href":"https:\/\/inclusivenews.com.br\/index.php?rest_route=%2Fwp%2Fv2%2Fcomments&post=30933"}],"version-history":[{"count":0,"href":"https:\/\/inclusivenews.com.br\/index.php?rest_route=\/wp\/v2\/posts\/30933\/revisions"}],"wp:attachment":[{"href":"https:\/\/inclusivenews.com.br\/index.php?rest_route=%2Fwp%2Fv2%2Fmedia&parent=30933"}],"wp:term":[{"taxonomy":"category","embeddable":true,"href":"https:\/\/inclusivenews.com.br\/index.php?rest_route=%2Fwp%2Fv2%2Fcategories&post=30933"},{"taxonomy":"post_tag","embeddable":true,"href":"https:\/\/inclusivenews.com.br\/index.php?rest_route=%2Fwp%2Fv2%2Ftags&post=30933"}],"curies":[{"name":"wp","href":"https:\/\/api.w.org\/{rel}","templated":true}]}}