{"id":30957,"date":"2018-05-10T18:47:33","date_gmt":"2018-05-10T21:47:33","guid":{"rendered":"http:\/\/www.inclusive.org.br\/?p=30957"},"modified":"2018-05-10T18:47:33","modified_gmt":"2018-05-10T21:47:33","slug":"expulsao-de-aluno-autista-chega-ao-stj","status":"publish","type":"post","link":"https:\/\/inclusivenews.com.br\/?p=30957","title":{"rendered":"Expuls\u00e3o de aluno autista chega ao STJ"},"content":{"rendered":"<p>DISCRIMINA\u00c7\u00c3O. PRECONCEITO. IL\u00cdCITO.<\/p>\n<p>EXCLUS\u00c3O. ATITUDE ARBITR\u00c1RIA E DISCRIMINAT\u00d3RIA.\u00a0 PRECONCEITO. DISCRIMINA\u00c7\u00c3O.<\/p>\n<p>As palavras acima, retiradas\u00a0 das ementas de decis\u00f5es do Superior Tribunal de Justi\u00e7a (STJ) e do Tribunal de Justi\u00e7a do Distrito Federal (TJDFT), mostram como o Judici\u00e1rio vem avaliando atos praticados pelo Col\u00e9gio Logos\u00f3fico Gonzales Pecotche em 2014.\u00a0Naquele ano, o Col\u00e9gio expulsou um aluno autista, no caso, meu filho. A escola cancelou sua matr\u00edcula no meio do primeiro semestre, poucos meses ap\u00f3s o ingresso da crian\u00e7a na escola e algumas semanas ap\u00f3s o recebimento pela fam\u00edlia e pela institui\u00e7\u00e3o da not\u00edcia que o aluno estava no espectro autista. O fato foi amplamente noticiado pela imprensa nacional.<\/p>\n<p>O processo iniciado em 2014 com tr\u00e2nsito da senten\u00e7a em julgado em maio de 2018, condenou a escola logos\u00f3fica ao pagamento de indeniza\u00e7\u00e3o por danos morais causados \u00e0 crian\u00e7a. Essa senten\u00e7a foi confirmada pelo Tribunal de Justi\u00e7a. A ementa do ac\u00f3rd\u00e3o mostra, em termos did\u00e1ticos, as diversas atitudes contr\u00e1rias ao Direito que foram tomadas pela institui\u00e7\u00e3o de ensino, servindo de guia para casos semelhantes.<\/p>\n<p>A decis\u00e3o judicial considera que a atitude correta de uma escola com um aluno de comportamento at\u00edpico \u00e9 encaminhar a tratamento especializado e viabilizar sua inclus\u00e3o. Repita-se, diante de comportamento que foge ao padr\u00e3o, a escola deve promover a inclus\u00e3o da crian\u00e7a ou adolescente adequado o ambiente \u00e0s necessidades educacionais diferenciadas do aluno. A resposta de uma institui\u00e7\u00e3o de ensino a uma situa\u00e7\u00e3o especial \u00e9 um acompanhamento especial. Nas palavras da pr\u00f3pria decis\u00e3o do TJDFT, a escola falhou ao n\u00e3o proporcionar ao aluno o tratamento especializado,\u00a0 sem discrimina\u00e7\u00e3o na sala de aula.<\/p>\n<p>A exclus\u00e3o do aluno do ambiente escolar \u00e9 ato il\u00edcito, sendo atitude discriminat\u00f3ria nas palavras do TJDFT. A decis\u00e3o nota tamb\u00e9m que o argumento usado para a exclus\u00e3o \u00e9 justamente o comportamento que tem origem na condi\u00e7\u00e3o diferenciada do aluno: a chamada s\u00edndrome de asperger, uma forma leve de autismo.<\/p>\n<p>Uma das alega\u00e7\u00f5es da escola no processo seria de que n\u00e3o havia sido notificada de que o aluno estava no espectro autista. A jurisprud\u00eancia deixa claro que isso \u00e9 irrelevante diante do fato de que h\u00e1 um comportamento considerado inadequado ao ambiente escolar pela pr\u00f3pria institui\u00e7\u00e3o. Neste caso, caberia \u00e0 escola investigar as raz\u00f5es de tais comportamentos junto \u00e0 fam\u00edlia e participar da evolu\u00e7\u00e3o do aluno e eventuais tratamentos. Como diz o Tribunal, \u201cpara isso existe na escola os orientadores educacionais, al\u00e9m de professores\u201d.<\/p>\n<p>Outra quest\u00e3o comum a muitas fam\u00edlias com crian\u00e7as at\u00edpicas, sejam autistas, com s\u00edndrome de down ou TDAH entre outras condi\u00e7\u00f5es diferenciadas, \u00e9 a culpabiliza\u00e7\u00e3o dos pais. A decis\u00e3o \u00e9 clara ao falar que a escola jamais poderia alegar falha ou omiss\u00e3o dos pais para justificar o que considera uma defici\u00eancia: os servi\u00e7os educacionais prestados pela escola que praticou o ato il\u00edcito.<\/p>\n<p>A Justi\u00e7a considerou que a atitude adequada perante a Lei de uma escola \u00e9 a inclus\u00e3o e n\u00e3o a exclus\u00e3o. No caso, o cancelamento da matr\u00edcula e o fechamento das portas da escola a uma crian\u00e7a autista.<\/p>\n<p>A atitude da escola, al\u00e9m de n\u00e3o atender a miss\u00e3o pedag\u00f3gica inerente a uma institui\u00e7\u00e3o de ensino, foi considerado ilegal por contrariar conven\u00e7\u00f5es internacionais, a Constitui\u00e7\u00e3o e a Lei de Diretrizes B\u00e1sicas da Educa\u00e7\u00e3o. Al\u00e9m de ser considerada uma ofensa ao bem-estar, repita-se, de uma crian\u00e7a.<\/p>\n<p>O caso chegou ao STJ ap\u00f3s a escola haver sido derrotada na primeira e segundas inst\u00e2ncias judiciais. Ap\u00f3s a confirma\u00e7\u00e3o da condena\u00e7\u00e3o pelo Tribunal de Justi\u00e7a, o col\u00e9gio teve seu recurso especial negado, sem julgamento de m\u00e9rito. Contrariada com esta decis\u00e3o que contrariava suas pretens\u00f5es, a escola recorreu ao STJ\u00a0 para sofrer mais uma derrota judicial, ao ver confirmada a decis\u00e3o negando prosseguimento ao recurso.<\/p>\n<p>Assim, mais um passo foi dado nesta luta por justi\u00e7a que vem se arrastando desde 2014. Ap\u00f3s perder na primeira inst\u00e2ncia, a escola j\u00e1 apresentou 3 recursos, sendo derrotada em todos eles.<\/p>\n<p>Esta \u00faltima decis\u00e3o acontece no mesmo m\u00eas em que uma pessoa cadeirante se viu obrigada a defender seus direitos at\u00e9 o STJ para poder ser ajudada pelos funcion\u00e1rios do condom\u00ednio onde mora. As mais altas esferas da Justi\u00e7a tem sido chamadas para garantir os mais elementares direitos das pessoas com defici\u00eancia, seja o de mover-se livremente, seja o direito \u00e0 educa\u00e7\u00e3o.<\/p>\n<p>Por mais que nos pare\u00e7a anacr\u00f4nico, em pleno s\u00e9culo XXI, ainda h\u00e1 quem lute ferrenhamente pelo direito de excluir.<\/p>\n<p>&nbsp;<\/p>\n<p>Por Marcos Weiss Bliacheris<\/p>\n","protected":false},"excerpt":{"rendered":"<p>DISCRIMINA\u00c7\u00c3O. PRECONCEITO. IL\u00cdCITO. EXCLUS\u00c3O. ATITUDE ARBITR\u00c1RIA E DISCRIMINAT\u00d3RIA.\u00a0 PRECONCEITO. DISCRIMINA\u00c7\u00c3O. As palavras acima, retiradas\u00a0 das ementas de decis\u00f5es do Superior Tribunal de Justi\u00e7a (STJ) e do Tribunal de Justi\u00e7a do Distrito Federal (TJDFT), mostram como o Judici\u00e1rio vem avaliando atos praticados pelo Col\u00e9gio Logos\u00f3fico Gonzales Pecotche em 2014.\u00a0Naquele ano, o Col\u00e9gio expulsou um aluno autista, [&hellip;]<\/p>\n","protected":false},"author":1,"featured_media":30958,"comment_status":"open","ping_status":"open","sticky":false,"template":"","format":"standard","meta":{"site-container-style":"default","site-container-layout":"default","site-sidebar-layout":"default","disable-article-header":"default","disable-site-header":"default","disable-site-footer":"default","disable-content-area-spacing":"default","footnotes":""},"categories":[4],"tags":[34,163,151,428,429],"class_list":["post-30957","post","type-post","status-publish","format-standard","has-post-thumbnail","hentry","category-noticias","tag-autismo","tag-escola","tag-inclusao-2","tag-justica","tag-logosofico"],"yoast_head":"<!-- This site is optimized with the Yoast SEO plugin v27.4 - https:\/\/yoast.com\/product\/yoast-seo-wordpress\/ -->\n<title>Expuls\u00e3o de aluno autista chega ao STJ -<\/title>\n<meta name=\"robots\" content=\"index, follow, max-snippet:-1, max-image-preview:large, max-video-preview:-1\" \/>\n<link rel=\"canonical\" href=\"https:\/\/inclusivenews.com.br\/?p=30957\" \/>\n<meta property=\"og:locale\" content=\"pt_PT\" \/>\n<meta property=\"og:type\" content=\"article\" \/>\n<meta property=\"og:title\" content=\"Expuls\u00e3o de aluno autista chega ao STJ -\" \/>\n<meta property=\"og:description\" content=\"DISCRIMINA\u00c7\u00c3O. PRECONCEITO. IL\u00cdCITO. EXCLUS\u00c3O. ATITUDE ARBITR\u00c1RIA E DISCRIMINAT\u00d3RIA.\u00a0 PRECONCEITO. DISCRIMINA\u00c7\u00c3O. As palavras acima, retiradas\u00a0 das ementas de decis\u00f5es do Superior Tribunal de Justi\u00e7a (STJ) e do Tribunal de Justi\u00e7a do Distrito Federal (TJDFT), mostram como o Judici\u00e1rio vem avaliando atos praticados pelo Col\u00e9gio Logos\u00f3fico Gonzales Pecotche em 2014.\u00a0Naquele ano, o Col\u00e9gio expulsou um aluno autista, [&hellip;]\" \/>\n<meta property=\"og:url\" content=\"https:\/\/inclusivenews.com.br\/?p=30957\" \/>\n<meta property=\"article:publisher\" content=\"https:\/\/www.facebook.com\/agenciainclusive\/\" \/>\n<meta property=\"article:published_time\" content=\"2018-05-10T21:47:33+00:00\" \/>\n<meta name=\"author\" content=\"inclusivenews2024\" \/>\n<meta name=\"twitter:card\" content=\"summary_large_image\" \/>\n<meta name=\"twitter:label1\" content=\"Escrito por\" \/>\n\t<meta name=\"twitter:data1\" content=\"inclusivenews2024\" \/>\n\t<meta name=\"twitter:label2\" content=\"Tempo estimado de leitura\" \/>\n\t<meta name=\"twitter:data2\" content=\"4 minutos\" \/>\n<script type=\"application\/ld+json\" class=\"yoast-schema-graph\">{\"@context\":\"https:\\\/\\\/schema.org\",\"@graph\":[{\"@type\":\"Article\",\"@id\":\"https:\\\/\\\/inclusivenews.com.br\\\/?p=30957#article\",\"isPartOf\":{\"@id\":\"https:\\\/\\\/inclusivenews.com.br\\\/?p=30957\"},\"author\":{\"name\":\"inclusivenews2024\",\"@id\":\"https:\\\/\\\/inclusivenews.com.br\\\/#\\\/schema\\\/person\\\/ae4ec7087559b8692fb33b6fffd2273b\"},\"headline\":\"Expuls\u00e3o de aluno autista chega ao STJ\",\"datePublished\":\"2018-05-10T21:47:33+00:00\",\"mainEntityOfPage\":{\"@id\":\"https:\\\/\\\/inclusivenews.com.br\\\/?p=30957\"},\"wordCount\":828,\"commentCount\":1,\"publisher\":{\"@id\":\"https:\\\/\\\/inclusivenews.com.br\\\/#organization\"},\"image\":{\"@id\":\"https:\\\/\\\/inclusivenews.com.br\\\/?p=30957#primaryimage\"},\"thumbnailUrl\":\"\",\"keywords\":[\"Autismo\",\"Escola\",\"Inclus\u00e3o\",\"justi\u00e7a\",\"logos\u00f3fico\"],\"articleSection\":[\"NOT\u00cdCIAS\"],\"inLanguage\":\"pt-PT\",\"potentialAction\":[{\"@type\":\"CommentAction\",\"name\":\"Comment\",\"target\":[\"https:\\\/\\\/inclusivenews.com.br\\\/?p=30957#respond\"]}]},{\"@type\":\"WebPage\",\"@id\":\"https:\\\/\\\/inclusivenews.com.br\\\/?p=30957\",\"url\":\"https:\\\/\\\/inclusivenews.com.br\\\/?p=30957\",\"name\":\"Expuls\u00e3o de aluno autista chega ao STJ -\",\"isPartOf\":{\"@id\":\"https:\\\/\\\/inclusivenews.com.br\\\/#website\"},\"primaryImageOfPage\":{\"@id\":\"https:\\\/\\\/inclusivenews.com.br\\\/?p=30957#primaryimage\"},\"image\":{\"@id\":\"https:\\\/\\\/inclusivenews.com.br\\\/?p=30957#primaryimage\"},\"thumbnailUrl\":\"\",\"datePublished\":\"2018-05-10T21:47:33+00:00\",\"breadcrumb\":{\"@id\":\"https:\\\/\\\/inclusivenews.com.br\\\/?p=30957#breadcrumb\"},\"inLanguage\":\"pt-PT\",\"potentialAction\":[{\"@type\":\"ReadAction\",\"target\":[\"https:\\\/\\\/inclusivenews.com.br\\\/?p=30957\"]}]},{\"@type\":\"ImageObject\",\"inLanguage\":\"pt-PT\",\"@id\":\"https:\\\/\\\/inclusivenews.com.br\\\/?p=30957#primaryimage\",\"url\":\"\",\"contentUrl\":\"\"},{\"@type\":\"BreadcrumbList\",\"@id\":\"https:\\\/\\\/inclusivenews.com.br\\\/?p=30957#breadcrumb\",\"itemListElement\":[{\"@type\":\"ListItem\",\"position\":1,\"name\":\"In\u00edcio\",\"item\":\"https:\\\/\\\/inclusivenews.com.br\\\/\"},{\"@type\":\"ListItem\",\"position\":2,\"name\":\"Expuls\u00e3o de aluno autista chega ao STJ\"}]},{\"@type\":\"WebSite\",\"@id\":\"https:\\\/\\\/inclusivenews.com.br\\\/#website\",\"url\":\"https:\\\/\\\/inclusivenews.com.br\\\/\",\"name\":\"Inclusive News\",\"description\":\"Inclusive News\",\"publisher\":{\"@id\":\"https:\\\/\\\/inclusivenews.com.br\\\/#organization\"},\"potentialAction\":[{\"@type\":\"SearchAction\",\"target\":{\"@type\":\"EntryPoint\",\"urlTemplate\":\"https:\\\/\\\/inclusivenews.com.br\\\/?s={search_term_string}\"},\"query-input\":{\"@type\":\"PropertyValueSpecification\",\"valueRequired\":true,\"valueName\":\"search_term_string\"}}],\"inLanguage\":\"pt-PT\"},{\"@type\":\"Organization\",\"@id\":\"https:\\\/\\\/inclusivenews.com.br\\\/#organization\",\"name\":\"Inclusive - inclus\u00e3o e cidadania\",\"url\":\"https:\\\/\\\/inclusivenews.com.br\\\/\",\"logo\":{\"@type\":\"ImageObject\",\"inLanguage\":\"pt-PT\",\"@id\":\"https:\\\/\\\/inclusivenews.com.br\\\/#\\\/schema\\\/logo\\\/image\\\/\",\"url\":\"https:\\\/\\\/inclusivenews.com.br\\\/wp-content\\\/uploads\\\/2024\\\/03\\\/@grandesite.png\",\"contentUrl\":\"https:\\\/\\\/inclusivenews.com.br\\\/wp-content\\\/uploads\\\/2024\\\/03\\\/@grandesite.png\",\"width\":1080,\"height\":1080,\"caption\":\"Inclusive - inclus\u00e3o e cidadania\"},\"image\":{\"@id\":\"https:\\\/\\\/inclusivenews.com.br\\\/#\\\/schema\\\/logo\\\/image\\\/\"},\"sameAs\":[\"https:\\\/\\\/www.facebook.com\\\/agenciainclusive\\\/\",\"https:\\\/\\\/www.instagram.com\\\/newsinclusive\\\/\"]},{\"@type\":\"Person\",\"@id\":\"https:\\\/\\\/inclusivenews.com.br\\\/#\\\/schema\\\/person\\\/ae4ec7087559b8692fb33b6fffd2273b\",\"name\":\"inclusivenews2024\",\"image\":{\"@type\":\"ImageObject\",\"inLanguage\":\"pt-PT\",\"@id\":\"https:\\\/\\\/secure.gravatar.com\\\/avatar\\\/c5a7ef84c66fa914f55bc4f7ce26cfa275a3b9a1c5568b907bd184fb4dde7b40?s=96&d=mm&r=g\",\"url\":\"https:\\\/\\\/secure.gravatar.com\\\/avatar\\\/c5a7ef84c66fa914f55bc4f7ce26cfa275a3b9a1c5568b907bd184fb4dde7b40?s=96&d=mm&r=g\",\"contentUrl\":\"https:\\\/\\\/secure.gravatar.com\\\/avatar\\\/c5a7ef84c66fa914f55bc4f7ce26cfa275a3b9a1c5568b907bd184fb4dde7b40?s=96&d=mm&r=g\",\"caption\":\"inclusivenews2024\"},\"sameAs\":[\"https:\\\/\\\/inclusivenews.com.br\"],\"url\":\"https:\\\/\\\/inclusivenews.com.br\\\/?author=1\"}]}<\/script>\n<!-- \/ Yoast SEO plugin. -->","yoast_head_json":{"title":"Expuls\u00e3o de aluno autista chega ao STJ -","robots":{"index":"index","follow":"follow","max-snippet":"max-snippet:-1","max-image-preview":"max-image-preview:large","max-video-preview":"max-video-preview:-1"},"canonical":"https:\/\/inclusivenews.com.br\/?p=30957","og_locale":"pt_PT","og_type":"article","og_title":"Expuls\u00e3o de aluno autista chega ao STJ -","og_description":"DISCRIMINA\u00c7\u00c3O. PRECONCEITO. IL\u00cdCITO. EXCLUS\u00c3O. ATITUDE ARBITR\u00c1RIA E DISCRIMINAT\u00d3RIA.\u00a0 PRECONCEITO. DISCRIMINA\u00c7\u00c3O. As palavras acima, retiradas\u00a0 das ementas de decis\u00f5es do Superior Tribunal de Justi\u00e7a (STJ) e do Tribunal de Justi\u00e7a do Distrito Federal (TJDFT), mostram como o Judici\u00e1rio vem avaliando atos praticados pelo Col\u00e9gio Logos\u00f3fico Gonzales Pecotche em 2014.\u00a0Naquele ano, o Col\u00e9gio expulsou um aluno autista, [&hellip;]","og_url":"https:\/\/inclusivenews.com.br\/?p=30957","article_publisher":"https:\/\/www.facebook.com\/agenciainclusive\/","article_published_time":"2018-05-10T21:47:33+00:00","author":"inclusivenews2024","twitter_card":"summary_large_image","twitter_misc":{"Escrito por":"inclusivenews2024","Tempo estimado de leitura":"4 minutos"},"schema":{"@context":"https:\/\/schema.org","@graph":[{"@type":"Article","@id":"https:\/\/inclusivenews.com.br\/?p=30957#article","isPartOf":{"@id":"https:\/\/inclusivenews.com.br\/?p=30957"},"author":{"name":"inclusivenews2024","@id":"https:\/\/inclusivenews.com.br\/#\/schema\/person\/ae4ec7087559b8692fb33b6fffd2273b"},"headline":"Expuls\u00e3o de aluno autista chega ao STJ","datePublished":"2018-05-10T21:47:33+00:00","mainEntityOfPage":{"@id":"https:\/\/inclusivenews.com.br\/?p=30957"},"wordCount":828,"commentCount":1,"publisher":{"@id":"https:\/\/inclusivenews.com.br\/#organization"},"image":{"@id":"https:\/\/inclusivenews.com.br\/?p=30957#primaryimage"},"thumbnailUrl":"","keywords":["Autismo","Escola","Inclus\u00e3o","justi\u00e7a","logos\u00f3fico"],"articleSection":["NOT\u00cdCIAS"],"inLanguage":"pt-PT","potentialAction":[{"@type":"CommentAction","name":"Comment","target":["https:\/\/inclusivenews.com.br\/?p=30957#respond"]}]},{"@type":"WebPage","@id":"https:\/\/inclusivenews.com.br\/?p=30957","url":"https:\/\/inclusivenews.com.br\/?p=30957","name":"Expuls\u00e3o de aluno autista chega ao STJ -","isPartOf":{"@id":"https:\/\/inclusivenews.com.br\/#website"},"primaryImageOfPage":{"@id":"https:\/\/inclusivenews.com.br\/?p=30957#primaryimage"},"image":{"@id":"https:\/\/inclusivenews.com.br\/?p=30957#primaryimage"},"thumbnailUrl":"","datePublished":"2018-05-10T21:47:33+00:00","breadcrumb":{"@id":"https:\/\/inclusivenews.com.br\/?p=30957#breadcrumb"},"inLanguage":"pt-PT","potentialAction":[{"@type":"ReadAction","target":["https:\/\/inclusivenews.com.br\/?p=30957"]}]},{"@type":"ImageObject","inLanguage":"pt-PT","@id":"https:\/\/inclusivenews.com.br\/?p=30957#primaryimage","url":"","contentUrl":""},{"@type":"BreadcrumbList","@id":"https:\/\/inclusivenews.com.br\/?p=30957#breadcrumb","itemListElement":[{"@type":"ListItem","position":1,"name":"In\u00edcio","item":"https:\/\/inclusivenews.com.br\/"},{"@type":"ListItem","position":2,"name":"Expuls\u00e3o de aluno autista chega ao STJ"}]},{"@type":"WebSite","@id":"https:\/\/inclusivenews.com.br\/#website","url":"https:\/\/inclusivenews.com.br\/","name":"Inclusive News","description":"Inclusive News","publisher":{"@id":"https:\/\/inclusivenews.com.br\/#organization"},"potentialAction":[{"@type":"SearchAction","target":{"@type":"EntryPoint","urlTemplate":"https:\/\/inclusivenews.com.br\/?s={search_term_string}"},"query-input":{"@type":"PropertyValueSpecification","valueRequired":true,"valueName":"search_term_string"}}],"inLanguage":"pt-PT"},{"@type":"Organization","@id":"https:\/\/inclusivenews.com.br\/#organization","name":"Inclusive - inclus\u00e3o e cidadania","url":"https:\/\/inclusivenews.com.br\/","logo":{"@type":"ImageObject","inLanguage":"pt-PT","@id":"https:\/\/inclusivenews.com.br\/#\/schema\/logo\/image\/","url":"https:\/\/inclusivenews.com.br\/wp-content\/uploads\/2024\/03\/@grandesite.png","contentUrl":"https:\/\/inclusivenews.com.br\/wp-content\/uploads\/2024\/03\/@grandesite.png","width":1080,"height":1080,"caption":"Inclusive - inclus\u00e3o e cidadania"},"image":{"@id":"https:\/\/inclusivenews.com.br\/#\/schema\/logo\/image\/"},"sameAs":["https:\/\/www.facebook.com\/agenciainclusive\/","https:\/\/www.instagram.com\/newsinclusive\/"]},{"@type":"Person","@id":"https:\/\/inclusivenews.com.br\/#\/schema\/person\/ae4ec7087559b8692fb33b6fffd2273b","name":"inclusivenews2024","image":{"@type":"ImageObject","inLanguage":"pt-PT","@id":"https:\/\/secure.gravatar.com\/avatar\/c5a7ef84c66fa914f55bc4f7ce26cfa275a3b9a1c5568b907bd184fb4dde7b40?s=96&d=mm&r=g","url":"https:\/\/secure.gravatar.com\/avatar\/c5a7ef84c66fa914f55bc4f7ce26cfa275a3b9a1c5568b907bd184fb4dde7b40?s=96&d=mm&r=g","contentUrl":"https:\/\/secure.gravatar.com\/avatar\/c5a7ef84c66fa914f55bc4f7ce26cfa275a3b9a1c5568b907bd184fb4dde7b40?s=96&d=mm&r=g","caption":"inclusivenews2024"},"sameAs":["https:\/\/inclusivenews.com.br"],"url":"https:\/\/inclusivenews.com.br\/?author=1"}]}},"_links":{"self":[{"href":"https:\/\/inclusivenews.com.br\/index.php?rest_route=\/wp\/v2\/posts\/30957","targetHints":{"allow":["GET"]}}],"collection":[{"href":"https:\/\/inclusivenews.com.br\/index.php?rest_route=\/wp\/v2\/posts"}],"about":[{"href":"https:\/\/inclusivenews.com.br\/index.php?rest_route=\/wp\/v2\/types\/post"}],"author":[{"embeddable":true,"href":"https:\/\/inclusivenews.com.br\/index.php?rest_route=\/wp\/v2\/users\/1"}],"replies":[{"embeddable":true,"href":"https:\/\/inclusivenews.com.br\/index.php?rest_route=%2Fwp%2Fv2%2Fcomments&post=30957"}],"version-history":[{"count":0,"href":"https:\/\/inclusivenews.com.br\/index.php?rest_route=\/wp\/v2\/posts\/30957\/revisions"}],"wp:featuredmedia":[{"embeddable":true,"href":"https:\/\/inclusivenews.com.br\/index.php?rest_route=\/"}],"wp:attachment":[{"href":"https:\/\/inclusivenews.com.br\/index.php?rest_route=%2Fwp%2Fv2%2Fmedia&parent=30957"}],"wp:term":[{"taxonomy":"category","embeddable":true,"href":"https:\/\/inclusivenews.com.br\/index.php?rest_route=%2Fwp%2Fv2%2Fcategories&post=30957"},{"taxonomy":"post_tag","embeddable":true,"href":"https:\/\/inclusivenews.com.br\/index.php?rest_route=%2Fwp%2Fv2%2Ftags&post=30957"}],"curies":[{"name":"wp","href":"https:\/\/api.w.org\/{rel}","templated":true}]}}